{"id":235773,"date":"2021-12-13T18:30:25","date_gmt":"2021-12-13T21:30:25","guid":{"rendered":"https:\/\/franciscanos.org.br\/noticias\/?p=235773"},"modified":"2021-12-13T18:30:25","modified_gmt":"2021-12-13T21:30:25","slug":"francisco-sacerdote-ha-52-anos-com-um-sonho-e-um-sorriso-no-coracao","status":"publish","type":"post","link":"https:\/\/franciscanos.org.br\/noticias\/francisco-sacerdote-ha-52-anos-com-um-sonho-e-um-sorriso-no-coracao.html","title":{"rendered":"Francisco, sacerdote h\u00e1 52 anos, com um sonho e um sorriso no cora\u00e7\u00e3o"},"content":{"rendered":"<div id=\"attachment_235774\" style=\"width: 1010px\" class=\"wp-caption alignnone\"><img aria-describedby=\"caption-attachment-235774\" loading=\"lazy\" class=\"wp-image-235774 size-full\" src=\"https:\/\/franciscanos.org.br\/noticias\/wp-content\/uploads\/2021\/12\/bergoglio.jpeg\" alt=\"\" width=\"1000\" height=\"563\" srcset=\"https:\/\/franciscanos.org.br\/noticias\/wp-content\/uploads\/2021\/12\/bergoglio.jpeg 1000w, https:\/\/franciscanos.org.br\/noticias\/wp-content\/uploads\/2021\/12\/bergoglio-450x253.jpeg 450w, https:\/\/franciscanos.org.br\/noticias\/wp-content\/uploads\/2021\/12\/bergoglio-768x432.jpeg 768w, https:\/\/franciscanos.org.br\/noticias\/wp-content\/uploads\/2021\/12\/bergoglio-150x84.jpeg 150w\" sizes=\"(max-width: 1000px) 100vw, 1000px\" \/><p id=\"caption-attachment-235774\" class=\"wp-caption-text\">\u00a0 \u00a0 \u00a0 \u00a0 \u00a0 \u00a0 \u00a0 \u00a0 \u00a0 \u00a0 \u00a0 \u00a0 \u00a0 \u00a0 \u00a0 \u00a0 \u00a0 \u00a0 \u00a0 \u00a0 \u00a0 \u00a0 \u00a0 \u00a0 \u00a0 \u00a0 \u00a0 \u00a0 \u00a0 \u00a0 \u00a0 \u00a0 \u00a0 \u00a0 \u00a0 \u00a0 \u00a0 \u00a0 \u00a0 \u00a0 \u00a0 \u00a0 \u00a0 \u00a0 \u00a0 \u00a0 \u00a0 \u00a0 \u00a0 \u00a0 \u00a0 \u00a0 \u00a0 \u00a0 \u00a0 \u00a0 \u00a0 \u00a0 \u00a0 \u00a0 \u00a0 <em>\u00a0 \u00a0 \u00a0 \u00a0 \u00a0 \u00a0 \u00a0Imagem: Vatican Media<\/em><\/p><\/div>\n<p>Miseric\u00f3rdia, sonho, sorriso e gratid\u00e3o: os 52 anos de ordena\u00e7\u00e3o sacerdotal que o Papa Francisco completa neste 13 de dezembro t\u00eam esses fundamentos que o pr\u00f3prio Pont\u00edfice v\u00e1rias vezes indicou aos presb\u00edteros como instrumentos para viver melhor o seu minist\u00e9rio. A sua voca\u00e7\u00e3o nasceu muito jovem, aos 17 anos, durante uma confiss\u00e3o com um sacerdote que o futuro Pont\u00edfice nem conhecia. Era 21 de setembro de 1953, mem\u00f3ria lit\u00fargica de S\u00e3o Mateus, o publicano convertido por Jesus, e nesse ato penitencial o jovem Jorge experimenta a miseric\u00f3rdia de Deus. &#8220;Depois da confiss\u00e3o&#8221;, disse Francisco em 18 de maio de 2013 na Vig\u00edlia de Pentecostes na Pra\u00e7a S\u00e3o Pedro com movimentos, novas comunidades, associa\u00e7\u00f5es e agrega\u00e7\u00f5es de leigos, &#8220;senti que algo mudou. Eu n\u00e3o era o mesmo. Tinha ouvido como uma voz, um chamado: estava convencido de que devia ser sacerdote&#8221;. N\u00e3o \u00e9 de surpreender que seu lema episcopal e depois pontif\u00edcio seja precisamente <em>&#8220;Miserando atque eligendo&#8221;<\/em> (&#8220;Olhou para ele com miseric\u00f3rdia e o escolheu&#8221;), ou seja, um trecho de uma homilia de S\u00e3o Beda, o Vener\u00e1vel, que comenta o epis\u00f3dio evang\u00e9lico da voca\u00e7\u00e3o de S\u00e3o Mateus. Em 13 de dezembro de 1969, Jorge Mario Bergoglio foi ordenado sacerdote pelo arcebispo Ram\u00f3n Jos\u00e9 Castellano.<\/p>\n<p><strong>O apostolado do \u201couvido\u201d e a cura das feridas<\/strong><br \/>\nO apelo \u00e0 miseric\u00f3rdia, tema tamb\u00e9m de um Jubileu especial vivido entre 2015 e 2016, ressoa frequentemente nos discursos de Francisco e nas suas exorta\u00e7\u00f5es aos sacerdotes: &#8220;O sacerdote \u00e9 um homem de miseric\u00f3rdia e compaix\u00e3o, pr\u00f3ximo do seu povo e servidor de todos&#8221;, disse aos p\u00e1rocos de Roma em 6 de mar\u00e7o de 2014. &#8220;Quem est\u00e1 ferido na pr\u00f3pria vida, de qualquer forma, pode encontrar nele aten\u00e7\u00e3o e escuta (&#8230;) S\u00e3o tantos os feridos, por problemas materiais, por esc\u00e2ndalos, at\u00e9 na Igreja. Pessoas feridas pelas ilus\u00f5es do mundo&#8230; N\u00f3s, padres, devemos estar ali, perto dessas pessoas. Miseric\u00f3rdia significa curar feridas&#8221;, disse o Papa. \u00c9 sobretudo no confession\u00e1rio que os sacerdotes podem dispensar a miseric\u00f3rdia de Deus. Por isso, o Papa exortou os confessores a exercerem &#8220;o apostolado do ouvido&#8221;, n\u00e3o a estarem &#8220;com o chicote na m\u00e3o&#8221;, mas a &#8220;receber, ouvir e dizer que Deus \u00e9 bom e que Deus sempre perdoa, que Deus nunca se cansa de perdoar&#8221; (Angelus, 14 de fevereiro de 2021).<\/p>\n<p><strong>Ora\u00e7\u00e3o, Palavra e P\u00e3o<\/strong><br \/>\nArraigado na ora\u00e7\u00e3o e na caridade, nunca desligado dos fi\u00e9is, nunca um mero funcion\u00e1rio, mas uma pessoa despojada de si mesmo e desprovida de &#8220;ideias pr\u00e9-constitu\u00eddas&#8221;, o sacerdote \u00e9 &#8220;um homem de Deus 24 horas por dia, n\u00e3o um homem do sagrado quando usa os paramentos&#8221;. Em 15 de setembro de 2018, em Palermo, durante o encontro com o clero, religiosos e seminaristas, o Papa enfatizou que para o presb\u00edtero &#8220;a liturgia deve ser vida, n\u00e3o permanecer rito&#8221;. Por isso, \u00e9 fundamental rezar a Ele de quem falamos, alimentar-nos da Palavra que pregamos, adorar o P\u00e3o que consagramos, e faz\u00ea-lo todos os dias. Ora\u00e7\u00e3o, Palavra e P\u00e3o, essenciais para cada sacerdote todos os dias, essenciais para todos os consagrados e consagradas todos os dias.<\/p>\n<p><strong>Olhar al\u00e9m para reconhecer Deus<\/strong><br \/>\nNas palavras de Francisco, todo sacerdote deve ser tamb\u00e9m um sonhador, como S\u00e3o Jos\u00e9: &#8220;N\u00e3o &#8216;sonhador&#8217; no sentido de quem tem a cabe\u00e7a nas nuvens, desligado da realidade&#8221;, explicou \u00e0 Comunidade do Pontif\u00edcio Col\u00e9gio Belga, recebida em audi\u00eancia a 18 de mar\u00e7o de 202, &#8220;mas um homem que sabe olhar para al\u00e9m do que v\u00ea: com um olhar prof\u00e9tico, capaz de reconhecer o des\u00edgnio de Deus onde os outros nada veem e, portanto, com um objetivo claro pelo qual se empenhar&#8221;. Na pr\u00e1tica, os sacerdotes devem \u201csaber sonhar a comunidade que ama, n\u00e3o se limitar a querer preservar o que existe, conservar e proteger n\u00e3o s\u00e3o sin\u00f4nimos! Estarem antes dispostos a partir da hist\u00f3ria concreta das pessoas para promover a convers\u00e3o e a renova\u00e7\u00e3o no sentido mission\u00e1rio e para fazer crescer uma comunidade em caminho, composta por disc\u00edpulos guiados pelo Esp\u00edrito e movidos pelo amor de Deus\u201d. Os sacerdotes, reiterou o Pont\u00edfice, n\u00e3o devem ser &#8220;super-homens com sonhos de grandeza&#8221;, mas &#8220;pastores com cheiro das ovelhas&#8221;, isto \u00e9, capazes de sonhar &#8220;uma Igreja inteira a servi\u00e7o&#8221; e &#8220;um mundo mais fraterno e solid\u00e1rio&#8221;, abandonando a \u201cautoafirma\u00e7\u00e3o\u201d para colocar \u201cDeus e as pessoas\u201d no centro da vida.<\/p>\n<p><strong>Transmitir esperan\u00e7a aos cora\u00e7\u00f5es inquietos<\/strong><br \/>\n\u201cO sacerdote \u00e9 um homem que, \u00e0 luz do Evangelho, difunde o gosto de Deus ao seu redor e transmite esperan\u00e7a aos cora\u00e7\u00f5es inquietos\u201d, acrescentou Francisco. Uma esperan\u00e7a que vem acompanhada de um sorriso, aquele que vem da alegria do Evangelho: s\u00f3 junto com o Senhor, de fato, os sacerdotes podem ser \u201cap\u00f3stolos da alegria, cultivando a gratid\u00e3o de estar a servi\u00e7o dos irm\u00e3os e da Igreja&#8221;. A alegria indicada pelo Pont\u00edfice se difunde tamb\u00e9m pelo senso de humor: &#8220;Um sacerdote que n\u00e3o tem senso de humor, ningu\u00e9m gosta, algo est\u00e1 errado&#8221;, disse ele em 7 de junho de 2021, encontrando-se com a comunidade do Col\u00e9gio de S\u00e3o Lu\u00eds dos Franceses em Roma. &#8220;Esses grandes sacerdotes que riem dos outros, de si mesmos e at\u00e9 da pr\u00f3pria sombra: o senso de humor \u00e9 uma das caracter\u00edsticas da santidade.&#8221; Ele, \u201cte levanta, te faz ver o provis\u00f3rio da vida e tomar as coisas com o esp\u00edrito de uma alma redimida. \u00c9 uma atitude humana, mas \u00e9 a que mais se aproxima da gra\u00e7a de Deus&#8221; (Entrevista com a TV2000 e RadioInBlu, novembro de 2016).<\/p>\n<p><strong>A poderosa arma da gratid\u00e3o<\/strong><br \/>\nPor fim, Francisco convidou frequentemente os sacerdotes ao exerc\u00edcio da gratid\u00e3o e do agradecimento: &#8220;A gratid\u00e3o \u00e9 sempre &#8216;uma arma poderosa'&#8221;, escreve ele em sua Carta aos Sacerdotes por ocasi\u00e3o dos 160 anos da morte do Santo Cura d&#8217;Ars. &#8220;Somente se formos capazes de contemplar e agradecer concretamente por todos os gestos de amor, generosidade, solidariedade e confian\u00e7a, assim como perd\u00e3o, paci\u00eancia, suporta\u00e7\u00e3o e compaix\u00e3o com os quais fomos tratados, permitiremos que o Esp\u00edrito nos d\u00ea aquele ar fresco capaz de renovar, e n\u00e3o remendar, a nossa vida e miss\u00e3o&#8221;, mantendo acesa &#8220;a chama da esperan\u00e7a&#8221;.<\/p>\n<hr \/>\n<p><em>Fonte: Vatican News (texto de Isabella Piro\/Mariangela Jaguraba)<\/em><\/p>\n","protected":false},"excerpt":{"rendered":"<p>Anivers\u00e1rio de Ordena\u00e7\u00e3o Presbiteral<\/p>\n","protected":false},"author":3,"featured_media":235774,"comment_status":"open","ping_status":"open","sticky":false,"template":"","format":"standard","meta":[],"categories":[1428],"tags":[55],"acf":[],"yoast_head":"<!-- This site is optimized with the Yoast SEO plugin v19.2 - https:\/\/yoast.com\/wordpress\/plugins\/seo\/ -->\n<title>Francisco, sacerdote h\u00e1 52 anos, com um sonho e um sorriso no cora\u00e7\u00e3o - Not\u00edcias - Franciscanos<\/title>\n<meta name=\"robots\" content=\"index, follow, max-snippet:-1, max-image-preview:large, max-video-preview:-1\" \/>\n<link rel=\"canonical\" href=\"https:\/\/franciscanos.org.br\/noticias\/francisco-sacerdote-ha-52-anos-com-um-sonho-e-um-sorriso-no-coracao.html\" \/>\n<meta property=\"og:locale\" content=\"pt_BR\" \/>\n<meta property=\"og:type\" content=\"article\" \/>\n<meta property=\"og:title\" content=\"Francisco, sacerdote h\u00e1 52 anos, com um sonho e um sorriso no cora\u00e7\u00e3o - Not\u00edcias - Franciscanos\" \/>\n<meta property=\"og:description\" content=\"Anivers\u00e1rio de Ordena\u00e7\u00e3o Presbiteral\" \/>\n<meta property=\"og:url\" content=\"https:\/\/franciscanos.org.br\/noticias\/francisco-sacerdote-ha-52-anos-com-um-sonho-e-um-sorriso-no-coracao.html\" \/>\n<meta property=\"og:site_name\" content=\"Not\u00edcias - Franciscanos\" \/>\n<meta property=\"article:published_time\" content=\"2021-12-13T21:30:25+00:00\" \/>\n<meta property=\"og:image\" content=\"https:\/\/franciscanos.org.br\/noticias\/wp-content\/uploads\/2021\/12\/bergoglio.jpeg\" \/>\n\t<meta property=\"og:image:width\" content=\"1000\" \/>\n\t<meta property=\"og:image:height\" content=\"563\" \/>\n\t<meta property=\"og:image:type\" content=\"image\/jpeg\" \/>\n<meta name=\"author\" content=\"moacir\" \/>\n<meta name=\"twitter:card\" content=\"summary_large_image\" \/>\n<meta name=\"twitter:label1\" content=\"Escrito por\" \/>\n\t<meta name=\"twitter:data1\" content=\"moacir\" \/>\n\t<meta name=\"twitter:label2\" content=\"Est. tempo de leitura\" \/>\n\t<meta name=\"twitter:data2\" content=\"6 minutos\" \/>\n<script type=\"application\/ld+json\" class=\"yoast-schema-graph\">{\"@context\":\"https:\/\/schema.org\",\"@graph\":[{\"@type\":\"WebSite\",\"@id\":\"https:\/\/franciscanos.org.br\/noticias\/#website\",\"url\":\"https:\/\/franciscanos.org.br\/noticias\/\",\"name\":\"Not\u00edcias - Franciscanos\",\"description\":\"Prov\u00edncia Franciscana da Imaculada Concei\u00e7\u00e3o do Brasil - Ordem dos Frades Menores - OFM\",\"potentialAction\":[{\"@type\":\"SearchAction\",\"target\":{\"@type\":\"EntryPoint\",\"urlTemplate\":\"https:\/\/franciscanos.org.br\/noticias\/?s={search_term_string}\"},\"query-input\":\"required name=search_term_string\"}],\"inLanguage\":\"pt-BR\"},{\"@type\":\"ImageObject\",\"inLanguage\":\"pt-BR\",\"@id\":\"https:\/\/franciscanos.org.br\/noticias\/francisco-sacerdote-ha-52-anos-com-um-sonho-e-um-sorriso-no-coracao.html#primaryimage\",\"url\":\"https:\/\/franciscanos.org.br\/noticias\/wp-content\/uploads\/2021\/12\/bergoglio.jpeg\",\"contentUrl\":\"https:\/\/franciscanos.org.br\/noticias\/wp-content\/uploads\/2021\/12\/bergoglio.jpeg\",\"width\":1000,\"height\":563},{\"@type\":\"WebPage\",\"@id\":\"https:\/\/franciscanos.org.br\/noticias\/francisco-sacerdote-ha-52-anos-com-um-sonho-e-um-sorriso-no-coracao.html#webpage\",\"url\":\"https:\/\/franciscanos.org.br\/noticias\/francisco-sacerdote-ha-52-anos-com-um-sonho-e-um-sorriso-no-coracao.html\",\"name\":\"Francisco, sacerdote h\u00e1 52 anos, com um sonho e um sorriso no cora\u00e7\u00e3o - Not\u00edcias - Franciscanos\",\"isPartOf\":{\"@id\":\"https:\/\/franciscanos.org.br\/noticias\/#website\"},\"primaryImageOfPage\":{\"@id\":\"https:\/\/franciscanos.org.br\/noticias\/francisco-sacerdote-ha-52-anos-com-um-sonho-e-um-sorriso-no-coracao.html#primaryimage\"},\"datePublished\":\"2021-12-13T21:30:25+00:00\",\"dateModified\":\"2021-12-13T21:30:25+00:00\",\"author\":{\"@id\":\"https:\/\/franciscanos.org.br\/noticias\/#\/schema\/person\/b5c8cba458c330ccff548b056e95a5d4\"},\"breadcrumb\":{\"@id\":\"https:\/\/franciscanos.org.br\/noticias\/francisco-sacerdote-ha-52-anos-com-um-sonho-e-um-sorriso-no-coracao.html#breadcrumb\"},\"inLanguage\":\"pt-BR\",\"potentialAction\":[{\"@type\":\"ReadAction\",\"target\":[\"https:\/\/franciscanos.org.br\/noticias\/francisco-sacerdote-ha-52-anos-com-um-sonho-e-um-sorriso-no-coracao.html\"]}]},{\"@type\":\"BreadcrumbList\",\"@id\":\"https:\/\/franciscanos.org.br\/noticias\/francisco-sacerdote-ha-52-anos-com-um-sonho-e-um-sorriso-no-coracao.html#breadcrumb\",\"itemListElement\":[{\"@type\":\"ListItem\",\"position\":1,\"name\":\"Home\",\"item\":\"https:\/\/franciscanos.org.br\/noticias\"},{\"@type\":\"ListItem\",\"position\":2,\"name\":\"Francisco, sacerdote h\u00e1 52 anos, com um sonho e um sorriso no cora\u00e7\u00e3o\"}]},{\"@type\":\"Person\",\"@id\":\"https:\/\/franciscanos.org.br\/noticias\/#\/schema\/person\/b5c8cba458c330ccff548b056e95a5d4\",\"name\":\"moacir\",\"image\":{\"@type\":\"ImageObject\",\"inLanguage\":\"pt-BR\",\"@id\":\"https:\/\/franciscanos.org.br\/noticias\/#\/schema\/person\/image\/\",\"url\":\"https:\/\/secure.gravatar.com\/avatar\/d08aa2ce4c8dd416d4479aa8536fcf64?s=96&d=mm&r=g\",\"contentUrl\":\"https:\/\/secure.gravatar.com\/avatar\/d08aa2ce4c8dd416d4479aa8536fcf64?s=96&d=mm&r=g\",\"caption\":\"moacir\"},\"url\":\"https:\/\/franciscanos.org.br\/noticias\/author\/moacir\"}]}<\/script>\n<!-- \/ Yoast SEO plugin. -->","yoast_head_json":{"title":"Francisco, sacerdote h\u00e1 52 anos, com um sonho e um sorriso no cora\u00e7\u00e3o - Not\u00edcias - Franciscanos","robots":{"index":"index","follow":"follow","max-snippet":"max-snippet:-1","max-image-preview":"max-image-preview:large","max-video-preview":"max-video-preview:-1"},"canonical":"https:\/\/franciscanos.org.br\/noticias\/francisco-sacerdote-ha-52-anos-com-um-sonho-e-um-sorriso-no-coracao.html","og_locale":"pt_BR","og_type":"article","og_title":"Francisco, sacerdote h\u00e1 52 anos, com um sonho e um sorriso no cora\u00e7\u00e3o - Not\u00edcias - Franciscanos","og_description":"Anivers\u00e1rio de Ordena\u00e7\u00e3o Presbiteral","og_url":"https:\/\/franciscanos.org.br\/noticias\/francisco-sacerdote-ha-52-anos-com-um-sonho-e-um-sorriso-no-coracao.html","og_site_name":"Not\u00edcias - Franciscanos","article_published_time":"2021-12-13T21:30:25+00:00","og_image":[{"width":1000,"height":563,"url":"https:\/\/franciscanos.org.br\/noticias\/wp-content\/uploads\/2021\/12\/bergoglio.jpeg","type":"image\/jpeg"}],"author":"moacir","twitter_card":"summary_large_image","twitter_misc":{"Escrito por":"moacir","Est. tempo de leitura":"6 minutos"},"schema":{"@context":"https:\/\/schema.org","@graph":[{"@type":"WebSite","@id":"https:\/\/franciscanos.org.br\/noticias\/#website","url":"https:\/\/franciscanos.org.br\/noticias\/","name":"Not\u00edcias - Franciscanos","description":"Prov\u00edncia Franciscana da Imaculada Concei\u00e7\u00e3o do Brasil - Ordem dos Frades Menores - OFM","potentialAction":[{"@type":"SearchAction","target":{"@type":"EntryPoint","urlTemplate":"https:\/\/franciscanos.org.br\/noticias\/?s={search_term_string}"},"query-input":"required name=search_term_string"}],"inLanguage":"pt-BR"},{"@type":"ImageObject","inLanguage":"pt-BR","@id":"https:\/\/franciscanos.org.br\/noticias\/francisco-sacerdote-ha-52-anos-com-um-sonho-e-um-sorriso-no-coracao.html#primaryimage","url":"https:\/\/franciscanos.org.br\/noticias\/wp-content\/uploads\/2021\/12\/bergoglio.jpeg","contentUrl":"https:\/\/franciscanos.org.br\/noticias\/wp-content\/uploads\/2021\/12\/bergoglio.jpeg","width":1000,"height":563},{"@type":"WebPage","@id":"https:\/\/franciscanos.org.br\/noticias\/francisco-sacerdote-ha-52-anos-com-um-sonho-e-um-sorriso-no-coracao.html#webpage","url":"https:\/\/franciscanos.org.br\/noticias\/francisco-sacerdote-ha-52-anos-com-um-sonho-e-um-sorriso-no-coracao.html","name":"Francisco, sacerdote h\u00e1 52 anos, com um sonho e um sorriso no cora\u00e7\u00e3o - Not\u00edcias - Franciscanos","isPartOf":{"@id":"https:\/\/franciscanos.org.br\/noticias\/#website"},"primaryImageOfPage":{"@id":"https:\/\/franciscanos.org.br\/noticias\/francisco-sacerdote-ha-52-anos-com-um-sonho-e-um-sorriso-no-coracao.html#primaryimage"},"datePublished":"2021-12-13T21:30:25+00:00","dateModified":"2021-12-13T21:30:25+00:00","author":{"@id":"https:\/\/franciscanos.org.br\/noticias\/#\/schema\/person\/b5c8cba458c330ccff548b056e95a5d4"},"breadcrumb":{"@id":"https:\/\/franciscanos.org.br\/noticias\/francisco-sacerdote-ha-52-anos-com-um-sonho-e-um-sorriso-no-coracao.html#breadcrumb"},"inLanguage":"pt-BR","potentialAction":[{"@type":"ReadAction","target":["https:\/\/franciscanos.org.br\/noticias\/francisco-sacerdote-ha-52-anos-com-um-sonho-e-um-sorriso-no-coracao.html"]}]},{"@type":"BreadcrumbList","@id":"https:\/\/franciscanos.org.br\/noticias\/francisco-sacerdote-ha-52-anos-com-um-sonho-e-um-sorriso-no-coracao.html#breadcrumb","itemListElement":[{"@type":"ListItem","position":1,"name":"Home","item":"https:\/\/franciscanos.org.br\/noticias"},{"@type":"ListItem","position":2,"name":"Francisco, sacerdote h\u00e1 52 anos, com um sonho e um sorriso no cora\u00e7\u00e3o"}]},{"@type":"Person","@id":"https:\/\/franciscanos.org.br\/noticias\/#\/schema\/person\/b5c8cba458c330ccff548b056e95a5d4","name":"moacir","image":{"@type":"ImageObject","inLanguage":"pt-BR","@id":"https:\/\/franciscanos.org.br\/noticias\/#\/schema\/person\/image\/","url":"https:\/\/secure.gravatar.com\/avatar\/d08aa2ce4c8dd416d4479aa8536fcf64?s=96&d=mm&r=g","contentUrl":"https:\/\/secure.gravatar.com\/avatar\/d08aa2ce4c8dd416d4479aa8536fcf64?s=96&d=mm&r=g","caption":"moacir"},"url":"https:\/\/franciscanos.org.br\/noticias\/author\/moacir"}]}},"_links":{"self":[{"href":"https:\/\/franciscanos.org.br\/noticias\/wp-json\/wp\/v2\/posts\/235773"}],"collection":[{"href":"https:\/\/franciscanos.org.br\/noticias\/wp-json\/wp\/v2\/posts"}],"about":[{"href":"https:\/\/franciscanos.org.br\/noticias\/wp-json\/wp\/v2\/types\/post"}],"author":[{"embeddable":true,"href":"https:\/\/franciscanos.org.br\/noticias\/wp-json\/wp\/v2\/users\/3"}],"replies":[{"embeddable":true,"href":"https:\/\/franciscanos.org.br\/noticias\/wp-json\/wp\/v2\/comments?post=235773"}],"version-history":[{"count":1,"href":"https:\/\/franciscanos.org.br\/noticias\/wp-json\/wp\/v2\/posts\/235773\/revisions"}],"predecessor-version":[{"id":235775,"href":"https:\/\/franciscanos.org.br\/noticias\/wp-json\/wp\/v2\/posts\/235773\/revisions\/235775"}],"wp:featuredmedia":[{"embeddable":true,"href":"https:\/\/franciscanos.org.br\/noticias\/wp-json\/wp\/v2\/media\/235774"}],"wp:attachment":[{"href":"https:\/\/franciscanos.org.br\/noticias\/wp-json\/wp\/v2\/media?parent=235773"}],"wp:term":[{"taxonomy":"category","embeddable":true,"href":"https:\/\/franciscanos.org.br\/noticias\/wp-json\/wp\/v2\/categories?post=235773"},{"taxonomy":"post_tag","embeddable":true,"href":"https:\/\/franciscanos.org.br\/noticias\/wp-json\/wp\/v2\/tags?post=235773"}],"curies":[{"name":"wp","href":"https:\/\/api.w.org\/{rel}","templated":true}]}}