{"id":235768,"date":"2021-12-12T16:24:43","date_gmt":"2021-12-12T19:24:43","guid":{"rendered":"https:\/\/franciscanos.org.br\/noticias\/?p=235768"},"modified":"2021-12-12T16:26:07","modified_gmt":"2021-12-12T19:26:07","slug":"angelus-2","status":"publish","type":"post","link":"https:\/\/franciscanos.org.br\/noticias\/angelus-2.html","title":{"rendered":"Advento, tempo de concretizar a f\u00e9 no servi\u00e7o aos outros, diz Papa no Angelus"},"content":{"rendered":"<div id=\"attachment_235769\" style=\"width: 1510px\" class=\"wp-caption alignright\"><img aria-describedby=\"caption-attachment-235769\" loading=\"lazy\" class=\"wp-image-235769 size-full\" src=\"https:\/\/franciscanos.org.br\/noticias\/wp-content\/uploads\/2021\/12\/angelus_1212.jpeg\" alt=\"\" width=\"1500\" height=\"844\" srcset=\"https:\/\/franciscanos.org.br\/noticias\/wp-content\/uploads\/2021\/12\/angelus_1212.jpeg 1500w, https:\/\/franciscanos.org.br\/noticias\/wp-content\/uploads\/2021\/12\/angelus_1212-450x253.jpeg 450w, https:\/\/franciscanos.org.br\/noticias\/wp-content\/uploads\/2021\/12\/angelus_1212-1024x576.jpeg 1024w, https:\/\/franciscanos.org.br\/noticias\/wp-content\/uploads\/2021\/12\/angelus_1212-768x432.jpeg 768w, https:\/\/franciscanos.org.br\/noticias\/wp-content\/uploads\/2021\/12\/angelus_1212-150x84.jpeg 150w\" sizes=\"(max-width: 1500px) 100vw, 1500px\" \/><p id=\"caption-attachment-235769\" class=\"wp-caption-text\"><em>\u00a0 \u00a0 \u00a0 \u00a0 \u00a0 \u00a0 \u00a0 \u00a0 \u00a0 \u00a0 \u00a0 \u00a0 \u00a0 \u00a0 \u00a0 \u00a0 \u00a0 \u00a0 \u00a0 \u00a0 \u00a0 \u00a0 \u00a0 \u00a0 \u00a0 \u00a0 \u00a0 \u00a0 \u00a0 \u00a0 \u00a0 \u00a0 \u00a0 \u00a0 \u00a0 \u00a0 \u00a0 \u00a0 \u00a0 \u00a0 \u00a0 \u00a0 \u00a0 \u00a0 \u00a0 \u00a0 \u00a0 \u00a0 \u00a0 \u00a0 \u00a0 \u00a0 \u00a0 Imagem: Vatican Media<\/em><\/p><\/div>\n<p>\u201cO que \u00e9 bom fazer por mim e pelos irm\u00e3os? Como posso contribuir para o bem da Igreja, da sociedade? O Tempo do Advento \u00e9 para isso: parar e perguntar-se como nos preparar para o Natal.\u201d<\/p>\n<p>Ao ouvir a prega\u00e7\u00e3o de Jo\u00e3o, \u201cmultid\u00f5es, publicanos e soldados\u201d fazem a pergunta: \u201cQue devemos fazer?\u201d<\/p>\n<p>E \u00e9 justamente a partir deste questionamento que o Papa Francisco desenvolve a sua reflex\u00e3o, com indica\u00e7\u00f5es precisas sobre como nos prepararmos para o Natal, tamb\u00e9m cumprindo a miss\u00e3o que a vida \u2013 que \u00e9 um dom de Deus \u2013 tem para n\u00f3s.<\/p>\n<p>Dirigindo-se aos milhares de fi\u00e9is e turistas reunidos na Pra\u00e7a S\u00e3o Pedro em um belo domingo de sol e c\u00e9u azul, com a temperatura por volta dos 10 graus, Francisco come\u00e7a explicando que a pergunta \u201cque devemos fazer?\u201d brota de \u201cum cora\u00e7\u00e3o tocado pelo Senhor\u201d, \u201centusiasmado pela sua vinda\u201d.<\/p>\n<p>E para melhor inserir quem o escuta na compreens\u00e3o deste contexto de espera pela vinda do Senhor, Francisco prop\u00f5e um exemplo bastante pr\u00e1tico: a forma como nos preparamos para receber uma pessoa muito querida: Para receb\u00ea-la como se deve, vamos limpar a casa, preparar o melhor almo\u00e7o poss\u00edvel, quem sabe um presente. Enfim, vamos nos preparar. Assim \u00e9 com o Senhor, a alegria pela sua vinda nos faz dizer: que devemos fazer?<\/p>\n<p><strong>A cada um \u00e9 dada uma miss\u00e3o<\/strong><\/p>\n<p>Mas Deus \u2013 acrescenta o Papa \u2013 \u201celeva este questionamento ao n\u00edvel mais alto: o que fazer da minha vida? Para que sou chamado? O que me realiza?\u201d.<\/p>\n<p>E ao nos propor a pergunta inicial, o Evangelho nos recorda que \u201ca vida tem uma miss\u00e3o para n\u00f3s\u201d: A vida n\u00e3o \u00e9 sem sentido, n\u00e3o \u00e9 deixada ao acaso. N\u00e3o! \u00c9 um dom que o Senhor nos d\u00e1, dizendo-nos: descubra quem \u00e9s, e trabalhe para realizar o sonho que \u00e9 a tua vida!<\/p>\n<p>\u201cCada um de n\u00f3s &#8211; n\u00e3o o esque\u00e7amos &#8211; \u00e9 uma miss\u00e3o a ser realizada.\u201d<\/p>\n<p><strong>O que posso fazer por Jesus e pelos outros<\/strong><\/p>\n<p>Assim, n\u00e3o devemos ter medo de perguntar ao Senhor, e tamb\u00e9m aos irm\u00e3os &#8211; como sugerido nos Atos dos Ap\u00f3stolos &#8211; e repetir com frequ\u00eancia: \u201cque devo fazer?\u201d: O que \u00e9 bom fazer por mim e pelos irm\u00e3os? Como posso contribuir com isto? Como posso contribuir para o bem da Igreja, o bem da sociedade? O Tempo do Advento \u00e9 para isso: parar e perguntar-se como nos preparar para o Natal. Estamos ocupados com tantos preparativos, com os presentes e coisas que passam, mas perguntemo-nos o que fazer por Jesus e pelos outros!<\/p>\n<p><strong>Uma f\u00e9 concreta, que toque a carne a transforme a vida<\/strong><\/p>\n<p>Da pergunta inicial, o Papa parte ent\u00e3o para as respostas de Jo\u00e3o Batista, que variam segundo o grupo a que responde. Da mesma forma, a cada um de n\u00f3s, \u201c\u00e9 dirigida uma palavra espec\u00edfica, que diz respeito \u00e0 situa\u00e7\u00e3o real de sua vida\u201d: \u201cIsso nos oferece um ensinamento precioso: a f\u00e9 se encarna na vida concreta. A f\u00e9 n\u00e3o \u00e9 uma teoria abstrata, uma teoria generalizada, n\u00e3o! A f\u00e9 toca a carne e transforma a vida de cada um. Pensemos na concretude de nossa f\u00e9. Eu, a minha f\u00e9: \u00e9 algo abstrato ou concreto? Levo-a em frente no servi\u00e7o aos outros?\u201d<\/p>\n<p><strong>Assumir um compromisso dentro da minha realidade<\/strong><\/p>\n<p>Ao concluir, o Santo Padre prop\u00f5e algumas perguntas que poder\u00edamos nos fazer sobre \u201co que posso fazer concretamente nestes dias que estamos pr\u00f3ximos ao Natal? Como posso fazer minha parte?\u201d \u2013 pedindo que \u201cassumamos um compromisso concreto, ainda que pequeno, que se adapte \u00e0 nossa realidade de vida, e procuremos concretiz\u00e1-lo para nos prepararmos para este Natal\u201d:<\/p>\n<p>\u201cPor exemplo: eu posso ligar para aquela pessoa sozinha, visitar aquele idoso ou aquele doente, fazer alguma coisa para servir um pobre, algu\u00e9m necessitado. Ou ainda: talvez eu tenha que pedir um perd\u00e3o, ou dar em perd\u00e3o, uma situa\u00e7\u00e3o a esclarecer, uma d\u00edvida a pagar. Talvez eu tenha negligenciado a ora\u00e7\u00e3o e depois de muito tempo \u00e9 hora de me aproximar ao perd\u00e3o do Senhor. Encontremos alguma coisa concreta e vamos realiz\u00e1-la!\u201d<\/p>\n<p>&#8220;Que nos ajude Nossa Senhora \u2013 disse o Papa no final &#8211; em cujo ventre Deus se fez carne.&#8221;<\/p>\n<hr \/>\n<p><em>Fonte: Vatican News (texto de Jackson Erpen)<\/em><\/p>\n<p>&nbsp;<\/p>\n","protected":false},"excerpt":{"rendered":"<p>Angelus<\/p>\n","protected":false},"author":3,"featured_media":235769,"comment_status":"open","ping_status":"open","sticky":false,"template":"","format":"standard","meta":[],"categories":[1428],"tags":[403],"acf":[],"yoast_head":"<!-- This site is optimized with the Yoast SEO plugin v19.2 - https:\/\/yoast.com\/wordpress\/plugins\/seo\/ -->\n<title>Advento, tempo de concretizar a f\u00e9 no servi\u00e7o aos outros, diz Papa no Angelus - Not\u00edcias - Franciscanos<\/title>\n<meta name=\"robots\" content=\"index, follow, max-snippet:-1, max-image-preview:large, max-video-preview:-1\" \/>\n<link rel=\"canonical\" href=\"https:\/\/franciscanos.org.br\/noticias\/angelus-2.html\" \/>\n<meta property=\"og:locale\" content=\"pt_BR\" \/>\n<meta property=\"og:type\" content=\"article\" \/>\n<meta property=\"og:title\" content=\"Advento, tempo de concretizar a f\u00e9 no servi\u00e7o aos outros, diz Papa no Angelus - Not\u00edcias - Franciscanos\" \/>\n<meta property=\"og:description\" content=\"Angelus\" \/>\n<meta property=\"og:url\" content=\"https:\/\/franciscanos.org.br\/noticias\/angelus-2.html\" \/>\n<meta property=\"og:site_name\" content=\"Not\u00edcias - Franciscanos\" \/>\n<meta property=\"article:published_time\" content=\"2021-12-12T19:24:43+00:00\" \/>\n<meta property=\"article:modified_time\" content=\"2021-12-12T19:26:07+00:00\" \/>\n<meta property=\"og:image\" content=\"https:\/\/franciscanos.org.br\/noticias\/wp-content\/uploads\/2021\/12\/angelus_1212.jpeg\" \/>\n\t<meta property=\"og:image:width\" content=\"1500\" \/>\n\t<meta property=\"og:image:height\" content=\"844\" \/>\n\t<meta property=\"og:image:type\" content=\"image\/jpeg\" \/>\n<meta name=\"author\" content=\"moacir\" \/>\n<meta name=\"twitter:card\" content=\"summary_large_image\" \/>\n<meta name=\"twitter:label1\" content=\"Escrito por\" \/>\n\t<meta name=\"twitter:data1\" content=\"moacir\" \/>\n\t<meta name=\"twitter:label2\" content=\"Est. tempo de leitura\" \/>\n\t<meta name=\"twitter:data2\" content=\"4 minutos\" \/>\n<script type=\"application\/ld+json\" class=\"yoast-schema-graph\">{\"@context\":\"https:\/\/schema.org\",\"@graph\":[{\"@type\":\"WebSite\",\"@id\":\"https:\/\/franciscanos.org.br\/noticias\/#website\",\"url\":\"https:\/\/franciscanos.org.br\/noticias\/\",\"name\":\"Not\u00edcias - Franciscanos\",\"description\":\"Prov\u00edncia Franciscana da Imaculada Concei\u00e7\u00e3o do Brasil - Ordem dos Frades Menores - OFM\",\"potentialAction\":[{\"@type\":\"SearchAction\",\"target\":{\"@type\":\"EntryPoint\",\"urlTemplate\":\"https:\/\/franciscanos.org.br\/noticias\/?s={search_term_string}\"},\"query-input\":\"required name=search_term_string\"}],\"inLanguage\":\"pt-BR\"},{\"@type\":\"ImageObject\",\"inLanguage\":\"pt-BR\",\"@id\":\"https:\/\/franciscanos.org.br\/noticias\/angelus-2.html#primaryimage\",\"url\":\"https:\/\/franciscanos.org.br\/noticias\/wp-content\/uploads\/2021\/12\/angelus_1212.jpeg\",\"contentUrl\":\"https:\/\/franciscanos.org.br\/noticias\/wp-content\/uploads\/2021\/12\/angelus_1212.jpeg\",\"width\":1500,\"height\":844},{\"@type\":\"WebPage\",\"@id\":\"https:\/\/franciscanos.org.br\/noticias\/angelus-2.html#webpage\",\"url\":\"https:\/\/franciscanos.org.br\/noticias\/angelus-2.html\",\"name\":\"Advento, tempo de concretizar a f\u00e9 no servi\u00e7o aos outros, diz Papa no Angelus - Not\u00edcias - Franciscanos\",\"isPartOf\":{\"@id\":\"https:\/\/franciscanos.org.br\/noticias\/#website\"},\"primaryImageOfPage\":{\"@id\":\"https:\/\/franciscanos.org.br\/noticias\/angelus-2.html#primaryimage\"},\"datePublished\":\"2021-12-12T19:24:43+00:00\",\"dateModified\":\"2021-12-12T19:26:07+00:00\",\"author\":{\"@id\":\"https:\/\/franciscanos.org.br\/noticias\/#\/schema\/person\/b5c8cba458c330ccff548b056e95a5d4\"},\"breadcrumb\":{\"@id\":\"https:\/\/franciscanos.org.br\/noticias\/angelus-2.html#breadcrumb\"},\"inLanguage\":\"pt-BR\",\"potentialAction\":[{\"@type\":\"ReadAction\",\"target\":[\"https:\/\/franciscanos.org.br\/noticias\/angelus-2.html\"]}]},{\"@type\":\"BreadcrumbList\",\"@id\":\"https:\/\/franciscanos.org.br\/noticias\/angelus-2.html#breadcrumb\",\"itemListElement\":[{\"@type\":\"ListItem\",\"position\":1,\"name\":\"Home\",\"item\":\"https:\/\/franciscanos.org.br\/noticias\"},{\"@type\":\"ListItem\",\"position\":2,\"name\":\"Advento, tempo de concretizar a f\u00e9 no servi\u00e7o aos outros, diz Papa no Angelus\"}]},{\"@type\":\"Person\",\"@id\":\"https:\/\/franciscanos.org.br\/noticias\/#\/schema\/person\/b5c8cba458c330ccff548b056e95a5d4\",\"name\":\"moacir\",\"image\":{\"@type\":\"ImageObject\",\"inLanguage\":\"pt-BR\",\"@id\":\"https:\/\/franciscanos.org.br\/noticias\/#\/schema\/person\/image\/\",\"url\":\"https:\/\/secure.gravatar.com\/avatar\/d08aa2ce4c8dd416d4479aa8536fcf64?s=96&d=mm&r=g\",\"contentUrl\":\"https:\/\/secure.gravatar.com\/avatar\/d08aa2ce4c8dd416d4479aa8536fcf64?s=96&d=mm&r=g\",\"caption\":\"moacir\"},\"url\":\"https:\/\/franciscanos.org.br\/noticias\/author\/moacir\"}]}<\/script>\n<!-- \/ Yoast SEO plugin. -->","yoast_head_json":{"title":"Advento, tempo de concretizar a f\u00e9 no servi\u00e7o aos outros, diz Papa no Angelus - Not\u00edcias - Franciscanos","robots":{"index":"index","follow":"follow","max-snippet":"max-snippet:-1","max-image-preview":"max-image-preview:large","max-video-preview":"max-video-preview:-1"},"canonical":"https:\/\/franciscanos.org.br\/noticias\/angelus-2.html","og_locale":"pt_BR","og_type":"article","og_title":"Advento, tempo de concretizar a f\u00e9 no servi\u00e7o aos outros, diz Papa no Angelus - Not\u00edcias - Franciscanos","og_description":"Angelus","og_url":"https:\/\/franciscanos.org.br\/noticias\/angelus-2.html","og_site_name":"Not\u00edcias - Franciscanos","article_published_time":"2021-12-12T19:24:43+00:00","article_modified_time":"2021-12-12T19:26:07+00:00","og_image":[{"width":1500,"height":844,"url":"https:\/\/franciscanos.org.br\/noticias\/wp-content\/uploads\/2021\/12\/angelus_1212.jpeg","type":"image\/jpeg"}],"author":"moacir","twitter_card":"summary_large_image","twitter_misc":{"Escrito por":"moacir","Est. tempo de leitura":"4 minutos"},"schema":{"@context":"https:\/\/schema.org","@graph":[{"@type":"WebSite","@id":"https:\/\/franciscanos.org.br\/noticias\/#website","url":"https:\/\/franciscanos.org.br\/noticias\/","name":"Not\u00edcias - Franciscanos","description":"Prov\u00edncia Franciscana da Imaculada Concei\u00e7\u00e3o do Brasil - Ordem dos Frades Menores - OFM","potentialAction":[{"@type":"SearchAction","target":{"@type":"EntryPoint","urlTemplate":"https:\/\/franciscanos.org.br\/noticias\/?s={search_term_string}"},"query-input":"required name=search_term_string"}],"inLanguage":"pt-BR"},{"@type":"ImageObject","inLanguage":"pt-BR","@id":"https:\/\/franciscanos.org.br\/noticias\/angelus-2.html#primaryimage","url":"https:\/\/franciscanos.org.br\/noticias\/wp-content\/uploads\/2021\/12\/angelus_1212.jpeg","contentUrl":"https:\/\/franciscanos.org.br\/noticias\/wp-content\/uploads\/2021\/12\/angelus_1212.jpeg","width":1500,"height":844},{"@type":"WebPage","@id":"https:\/\/franciscanos.org.br\/noticias\/angelus-2.html#webpage","url":"https:\/\/franciscanos.org.br\/noticias\/angelus-2.html","name":"Advento, tempo de concretizar a f\u00e9 no servi\u00e7o aos outros, diz Papa no Angelus - Not\u00edcias - Franciscanos","isPartOf":{"@id":"https:\/\/franciscanos.org.br\/noticias\/#website"},"primaryImageOfPage":{"@id":"https:\/\/franciscanos.org.br\/noticias\/angelus-2.html#primaryimage"},"datePublished":"2021-12-12T19:24:43+00:00","dateModified":"2021-12-12T19:26:07+00:00","author":{"@id":"https:\/\/franciscanos.org.br\/noticias\/#\/schema\/person\/b5c8cba458c330ccff548b056e95a5d4"},"breadcrumb":{"@id":"https:\/\/franciscanos.org.br\/noticias\/angelus-2.html#breadcrumb"},"inLanguage":"pt-BR","potentialAction":[{"@type":"ReadAction","target":["https:\/\/franciscanos.org.br\/noticias\/angelus-2.html"]}]},{"@type":"BreadcrumbList","@id":"https:\/\/franciscanos.org.br\/noticias\/angelus-2.html#breadcrumb","itemListElement":[{"@type":"ListItem","position":1,"name":"Home","item":"https:\/\/franciscanos.org.br\/noticias"},{"@type":"ListItem","position":2,"name":"Advento, tempo de concretizar a f\u00e9 no servi\u00e7o aos outros, diz Papa no Angelus"}]},{"@type":"Person","@id":"https:\/\/franciscanos.org.br\/noticias\/#\/schema\/person\/b5c8cba458c330ccff548b056e95a5d4","name":"moacir","image":{"@type":"ImageObject","inLanguage":"pt-BR","@id":"https:\/\/franciscanos.org.br\/noticias\/#\/schema\/person\/image\/","url":"https:\/\/secure.gravatar.com\/avatar\/d08aa2ce4c8dd416d4479aa8536fcf64?s=96&d=mm&r=g","contentUrl":"https:\/\/secure.gravatar.com\/avatar\/d08aa2ce4c8dd416d4479aa8536fcf64?s=96&d=mm&r=g","caption":"moacir"},"url":"https:\/\/franciscanos.org.br\/noticias\/author\/moacir"}]}},"_links":{"self":[{"href":"https:\/\/franciscanos.org.br\/noticias\/wp-json\/wp\/v2\/posts\/235768"}],"collection":[{"href":"https:\/\/franciscanos.org.br\/noticias\/wp-json\/wp\/v2\/posts"}],"about":[{"href":"https:\/\/franciscanos.org.br\/noticias\/wp-json\/wp\/v2\/types\/post"}],"author":[{"embeddable":true,"href":"https:\/\/franciscanos.org.br\/noticias\/wp-json\/wp\/v2\/users\/3"}],"replies":[{"embeddable":true,"href":"https:\/\/franciscanos.org.br\/noticias\/wp-json\/wp\/v2\/comments?post=235768"}],"version-history":[{"count":3,"href":"https:\/\/franciscanos.org.br\/noticias\/wp-json\/wp\/v2\/posts\/235768\/revisions"}],"predecessor-version":[{"id":235772,"href":"https:\/\/franciscanos.org.br\/noticias\/wp-json\/wp\/v2\/posts\/235768\/revisions\/235772"}],"wp:featuredmedia":[{"embeddable":true,"href":"https:\/\/franciscanos.org.br\/noticias\/wp-json\/wp\/v2\/media\/235769"}],"wp:attachment":[{"href":"https:\/\/franciscanos.org.br\/noticias\/wp-json\/wp\/v2\/media?parent=235768"}],"wp:term":[{"taxonomy":"category","embeddable":true,"href":"https:\/\/franciscanos.org.br\/noticias\/wp-json\/wp\/v2\/categories?post=235768"},{"taxonomy":"post_tag","embeddable":true,"href":"https:\/\/franciscanos.org.br\/noticias\/wp-json\/wp\/v2\/tags?post=235768"}],"curies":[{"name":"wp","href":"https:\/\/api.w.org\/{rel}","templated":true}]}}