{"id":235761,"date":"2021-12-10T06:51:48","date_gmt":"2021-12-10T09:51:48","guid":{"rendered":"https:\/\/franciscanos.org.br\/noticias\/?p=235761"},"modified":"2021-12-10T06:51:48","modified_gmt":"2021-12-10T09:51:48","slug":"ato-inter-religioso-pelo-centenario-de-nascimento-de-dom-paulo-evaristo-arns-e-pelos-73-anos-da-declaracao-universal-dos-direitos-humanos","status":"publish","type":"post","link":"https:\/\/franciscanos.org.br\/noticias\/ato-inter-religioso-pelo-centenario-de-nascimento-de-dom-paulo-evaristo-arns-e-pelos-73-anos-da-declaracao-universal-dos-direitos-humanos.html","title":{"rendered":"Ato Inter-religioso pelo Centen\u00e1rio de nascimento de Dom Paulo Evaristo Arns  e pelos 73 anos da Declara\u00e7\u00e3o Universal dos Direitos Humanos"},"content":{"rendered":"<p><img loading=\"lazy\" class=\"alignright size-full wp-image-235762\" src=\"https:\/\/franciscanos.org.br\/noticias\/wp-content\/uploads\/2021\/12\/pauloarns_1012.jpg\" alt=\"\" width=\"1280\" height=\"1280\" srcset=\"https:\/\/franciscanos.org.br\/noticias\/wp-content\/uploads\/2021\/12\/pauloarns_1012.jpg 1080w, https:\/\/franciscanos.org.br\/noticias\/wp-content\/uploads\/2021\/12\/pauloarns_1012-450x450.jpg 450w, https:\/\/franciscanos.org.br\/noticias\/wp-content\/uploads\/2021\/12\/pauloarns_1012-1024x1024.jpg 1024w, https:\/\/franciscanos.org.br\/noticias\/wp-content\/uploads\/2021\/12\/pauloarns_1012-300x300.jpg 300w, https:\/\/franciscanos.org.br\/noticias\/wp-content\/uploads\/2021\/12\/pauloarns_1012-768x768.jpg 768w, https:\/\/franciscanos.org.br\/noticias\/wp-content\/uploads\/2021\/12\/pauloarns_1012-150x150.jpg 150w, https:\/\/franciscanos.org.br\/noticias\/wp-content\/uploads\/2021\/12\/pauloarns_1012-100x100.jpg 100w\" sizes=\"(max-width: 1280px) 100vw, 1280px\" \/>Neste dia 10 de Dezembro, data em que se celebra pela 73\u00aa vez a Declara\u00e7\u00e3o Universal dos Direitos Humanos, a Frente Inter-Religiosa Dom Paulo Evaristo Arns, em parceria com a Comiss\u00e3o Justi\u00e7a e Paz de S\u00e3o Paulo e demais entidades, realiza ato, \u00e0s 10 hs, no Parque da Juventude Dom Paulo Evaristo Arns, para refor\u00e7ar a import\u00e2ncia e urg\u00eancia do respeito aos direitos e ao humano, no Parque da Juventude Dom Paulo Evaristo Arns.<\/p>\n<p>O ato, aberto a todas as pessoas, religiosas ou n\u00e3o, de todos os g\u00eaneros, cores, idades, etnias, nacionalidades,\u00a0 condi\u00e7\u00f5es s\u00f3cio-econ\u00f4micas, profiss\u00f5es, op\u00e7\u00f5es\u00a0 pol\u00edticas, tamb\u00e9m ser\u00e1 uma homenagem aos 100 anos de nascimento de Dom Paulo Evaristo Arns.<\/p>\n<p>Os Direitos Humanos, atribu\u00eddos a todas as pessoas do mundo simplesmente por pertencerem \u00e0 esp\u00e9cie humana, no Brasil foram incorporados \u00e0 Constitui\u00e7\u00e3o de 1988 gra\u00e7as a uma campanha que teve como principal l\u00edder Dom Paulo Evaristo Arns. Dom Paulo faz falta, mas seus ensinamentos permanecem presentes e nos inspirando.<\/p>\n<p><strong>HOMENAGENS<\/strong><\/p>\n<p>No ato, que traz a marca da uni\u00e3o e solidariedade atrav\u00e9s do fundamento inter-religioso, prestaremos nossa homenagem \u00e0s v\u00edtimas do covid-19, especialmente \u00e0s crian\u00e7as e jovens \u00f3rf\u00e3os pelo v\u00edrus, assim como a importantes defensores dos direitos humanos que nos deixaram durante a pandemia. Esta homenagem estar\u00e1 simbolizada no plantio de uma \u00e1rvore dedicada a Sergio Storch, integrante da Frente Inter-Religiosa falecido devido ao covid, e nos panfletos bordados por integrantes das Linhas de Sampa.<\/p>\n<p>Na programa\u00e7\u00e3o, passado, presente e futuro (simbolizado pelas crian\u00e7as da Pastoral) se unem na celebra\u00e7\u00e3o inter-religiosa e na leitura dos artigos da Declara\u00e7\u00e3o Universal dos Direitos Humanos. A abertura do ato ser\u00e1 realizada pelas crian\u00e7as da Pastoral da Crian\u00e7a, fundada pela Dra. Zilda Arns, irm\u00e3 do Cardeal, e que tem como miss\u00e3o a defesa da vida e dos direitos das crian\u00e7as e dos humanos no seu todo.<\/p>\n<p>Na data tamb\u00e9m acontecer\u00e1 o lan\u00e7amento da campanha para cria\u00e7\u00e3o do Memorial em Homenagem \u00e0s V\u00edtimas do covid-19 no Parque da Juventude Dom Paulo Evaristo Arns. O texto de ades\u00e3o poder\u00e1 ser assinado no local.<\/p>\n<p><strong>DOM PAULO EVARISTO ARNS<\/strong><\/p>\n<p>Nascido em 1921 e falecido em 2016, Dom Paulo, religioso franciscano, arcebispo e cardeal de S\u00e3o Paulo, se dedicou principalmente aos habitantes da periferia, aos trabalhadores, \u00e0 forma\u00e7\u00e3o de comunidades eclesiais de base e \u00e0 defesa e promo\u00e7\u00e3o dos direitos humanos. Sempre esteve ao lado dos perseguidos e dos marginalizados. Era defensor da vida e da dignidade humana. Dom Paulo escreveu 56 livros e recebeu mais de uma centena de t\u00edtulos nacionais e internacionais. Com posi\u00e7\u00f5es firmes, trazia sempre a esperan\u00e7a em seus discursos. Como Dom Paulo costumava repetir: &#8220;Coragem! Esperan\u00e7a sempre!&#8221;<\/p>\n<p><strong>FRENTE INTER-RELIGIOSA DOM PAULO EVARISTO ARNS<\/strong><\/p>\n<p>Inspirados pelo exemplo dado no culto ecum\u00eanico por Vladimir Herzog, v\u00edtima dos torturadores do DOI-CODI, foi criada a Frente Inter-religiosa por Justi\u00e7a e Paz, que tem Dom Paulo\u00a0 Evaristo Arns como patrono.<\/p>\n<p>O movimento, que conta com religiosos, juristas, designers, artistas, cineastas, jornalistas e profissionais de diversas \u00e1reas, tem por objetivo inspirar as lutas por direitos para todos, e contra todas as formas de viol\u00eancia.<\/p>\n<p><strong>MEMORIAL EM HOMENAGEM \u00c0S V\u00cdTIMAS DO COVID-19<\/strong><\/p>\n<p>A Comiss\u00e3o Justi\u00e7a e Paz de S\u00e3o Paulo lan\u00e7a campanha de ades\u00e3o \u00e0 instala\u00e7\u00e3o de Memorial \u00e0s v\u00edtimas da Covid no Parque da Juventude Dom Paulo Evaristo Arns.<\/p>\n<p>O Memorial tamb\u00e9m prestar\u00e1 homenagem \u00e0s institui\u00e7\u00f5es de sa\u00fade e cient\u00edficas que evitaram um n\u00famero ainda maior de v\u00edtimas, bem como os profissionais que heroicamente arriscaram suas vidas para garantir o Direito Humano \u00e0 Sa\u00fade para a maioria da popula\u00e7\u00e3o.<\/p>\n<p>Em consulta preliminar, a ideia j\u00e1 recebeu a ades\u00e3o de entidades como Comiss\u00e3o Arns, Comiss\u00e3o Brasileira Justi\u00e7a e Paz, Frente Inter-religiosa Dom Paulo Evaristo Arns, e de personalidades como Margarida Genevois, Jos\u00e9 Gregori, Jos\u00e9 Carlos Dias, Paulo S\u00e9rgio Pinheiro, Belis\u00e1rio Santos J\u00fanior, F\u00e1bio Konder Comparato, Silvia Steiner, Maria Victoria Benevides e Dom Odilo Scherer.<\/p>\n<hr \/>\n<p>** Em respeito aos protocolos de seguran\u00e7a contra a COVID-19, use m\u00e1scaras, \u00e1lcool em gel e evite aglomera\u00e7\u00f5es.<\/p>\n<hr \/>\n<p><em>Endere\u00e7o: Av. Cruzeiro do Sul, 2630.\u00a0Metr\u00f4 Carandiru.<\/em><\/p>\n<p><em> O evento tamb\u00e9m ser\u00e1 transmitido pelos canais da Internet.<\/em><\/p>\n","protected":false},"excerpt":{"rendered":"<p>Ato Inter-religioso<\/p>\n","protected":false},"author":3,"featured_media":235762,"comment_status":"open","ping_status":"open","sticky":false,"template":"","format":"standard","meta":[],"categories":[1],"tags":[693],"acf":[],"yoast_head":"<!-- This site is optimized with the Yoast SEO plugin v19.2 - https:\/\/yoast.com\/wordpress\/plugins\/seo\/ -->\n<title>Ato Inter-religioso pelo Centen\u00e1rio de nascimento de Dom Paulo Evaristo Arns e pelos 73 anos da Declara\u00e7\u00e3o Universal dos Direitos Humanos - Not\u00edcias - Franciscanos<\/title>\n<meta name=\"robots\" content=\"index, follow, max-snippet:-1, max-image-preview:large, max-video-preview:-1\" \/>\n<link rel=\"canonical\" href=\"https:\/\/franciscanos.org.br\/noticias\/ato-inter-religioso-pelo-centenario-de-nascimento-de-dom-paulo-evaristo-arns-e-pelos-73-anos-da-declaracao-universal-dos-direitos-humanos.html\" \/>\n<meta property=\"og:locale\" content=\"pt_BR\" \/>\n<meta property=\"og:type\" content=\"article\" \/>\n<meta property=\"og:title\" content=\"Ato Inter-religioso pelo Centen\u00e1rio de nascimento de Dom Paulo Evaristo Arns e pelos 73 anos da Declara\u00e7\u00e3o Universal dos Direitos Humanos - Not\u00edcias - Franciscanos\" \/>\n<meta property=\"og:description\" content=\"Ato Inter-religioso\" \/>\n<meta property=\"og:url\" content=\"https:\/\/franciscanos.org.br\/noticias\/ato-inter-religioso-pelo-centenario-de-nascimento-de-dom-paulo-evaristo-arns-e-pelos-73-anos-da-declaracao-universal-dos-direitos-humanos.html\" \/>\n<meta property=\"og:site_name\" content=\"Not\u00edcias - Franciscanos\" \/>\n<meta property=\"article:published_time\" content=\"2021-12-10T09:51:48+00:00\" \/>\n<meta property=\"og:image\" content=\"https:\/\/franciscanos.org.br\/noticias\/wp-content\/uploads\/2021\/12\/pauloarns_1012.jpg\" \/>\n\t<meta property=\"og:image:width\" content=\"1080\" \/>\n\t<meta property=\"og:image:height\" content=\"1080\" \/>\n\t<meta property=\"og:image:type\" content=\"image\/jpeg\" \/>\n<meta name=\"author\" content=\"moacir\" \/>\n<meta name=\"twitter:card\" content=\"summary_large_image\" \/>\n<meta name=\"twitter:label1\" content=\"Escrito por\" \/>\n\t<meta name=\"twitter:data1\" content=\"moacir\" \/>\n\t<meta name=\"twitter:label2\" content=\"Est. tempo de leitura\" \/>\n\t<meta name=\"twitter:data2\" content=\"4 minutos\" \/>\n<script type=\"application\/ld+json\" class=\"yoast-schema-graph\">{\"@context\":\"https:\/\/schema.org\",\"@graph\":[{\"@type\":\"WebSite\",\"@id\":\"https:\/\/franciscanos.org.br\/noticias\/#website\",\"url\":\"https:\/\/franciscanos.org.br\/noticias\/\",\"name\":\"Not\u00edcias - Franciscanos\",\"description\":\"Prov\u00edncia Franciscana da Imaculada Concei\u00e7\u00e3o do Brasil - Ordem dos Frades Menores - OFM\",\"potentialAction\":[{\"@type\":\"SearchAction\",\"target\":{\"@type\":\"EntryPoint\",\"urlTemplate\":\"https:\/\/franciscanos.org.br\/noticias\/?s={search_term_string}\"},\"query-input\":\"required name=search_term_string\"}],\"inLanguage\":\"pt-BR\"},{\"@type\":\"ImageObject\",\"inLanguage\":\"pt-BR\",\"@id\":\"https:\/\/franciscanos.org.br\/noticias\/ato-inter-religioso-pelo-centenario-de-nascimento-de-dom-paulo-evaristo-arns-e-pelos-73-anos-da-declaracao-universal-dos-direitos-humanos.html#primaryimage\",\"url\":\"https:\/\/franciscanos.org.br\/noticias\/wp-content\/uploads\/2021\/12\/pauloarns_1012.jpg\",\"contentUrl\":\"https:\/\/franciscanos.org.br\/noticias\/wp-content\/uploads\/2021\/12\/pauloarns_1012.jpg\",\"width\":1080,\"height\":1080},{\"@type\":\"WebPage\",\"@id\":\"https:\/\/franciscanos.org.br\/noticias\/ato-inter-religioso-pelo-centenario-de-nascimento-de-dom-paulo-evaristo-arns-e-pelos-73-anos-da-declaracao-universal-dos-direitos-humanos.html#webpage\",\"url\":\"https:\/\/franciscanos.org.br\/noticias\/ato-inter-religioso-pelo-centenario-de-nascimento-de-dom-paulo-evaristo-arns-e-pelos-73-anos-da-declaracao-universal-dos-direitos-humanos.html\",\"name\":\"Ato Inter-religioso pelo Centen\u00e1rio de nascimento de Dom Paulo Evaristo Arns e pelos 73 anos da Declara\u00e7\u00e3o Universal dos Direitos Humanos - Not\u00edcias - Franciscanos\",\"isPartOf\":{\"@id\":\"https:\/\/franciscanos.org.br\/noticias\/#website\"},\"primaryImageOfPage\":{\"@id\":\"https:\/\/franciscanos.org.br\/noticias\/ato-inter-religioso-pelo-centenario-de-nascimento-de-dom-paulo-evaristo-arns-e-pelos-73-anos-da-declaracao-universal-dos-direitos-humanos.html#primaryimage\"},\"datePublished\":\"2021-12-10T09:51:48+00:00\",\"dateModified\":\"2021-12-10T09:51:48+00:00\",\"author\":{\"@id\":\"https:\/\/franciscanos.org.br\/noticias\/#\/schema\/person\/b5c8cba458c330ccff548b056e95a5d4\"},\"breadcrumb\":{\"@id\":\"https:\/\/franciscanos.org.br\/noticias\/ato-inter-religioso-pelo-centenario-de-nascimento-de-dom-paulo-evaristo-arns-e-pelos-73-anos-da-declaracao-universal-dos-direitos-humanos.html#breadcrumb\"},\"inLanguage\":\"pt-BR\",\"potentialAction\":[{\"@type\":\"ReadAction\",\"target\":[\"https:\/\/franciscanos.org.br\/noticias\/ato-inter-religioso-pelo-centenario-de-nascimento-de-dom-paulo-evaristo-arns-e-pelos-73-anos-da-declaracao-universal-dos-direitos-humanos.html\"]}]},{\"@type\":\"BreadcrumbList\",\"@id\":\"https:\/\/franciscanos.org.br\/noticias\/ato-inter-religioso-pelo-centenario-de-nascimento-de-dom-paulo-evaristo-arns-e-pelos-73-anos-da-declaracao-universal-dos-direitos-humanos.html#breadcrumb\",\"itemListElement\":[{\"@type\":\"ListItem\",\"position\":1,\"name\":\"Home\",\"item\":\"https:\/\/franciscanos.org.br\/noticias\"},{\"@type\":\"ListItem\",\"position\":2,\"name\":\"Ato Inter-religioso pelo Centen\u00e1rio de nascimento de Dom Paulo Evaristo Arns e pelos 73 anos da Declara\u00e7\u00e3o Universal dos Direitos Humanos\"}]},{\"@type\":\"Person\",\"@id\":\"https:\/\/franciscanos.org.br\/noticias\/#\/schema\/person\/b5c8cba458c330ccff548b056e95a5d4\",\"name\":\"moacir\",\"image\":{\"@type\":\"ImageObject\",\"inLanguage\":\"pt-BR\",\"@id\":\"https:\/\/franciscanos.org.br\/noticias\/#\/schema\/person\/image\/\",\"url\":\"https:\/\/secure.gravatar.com\/avatar\/d08aa2ce4c8dd416d4479aa8536fcf64?s=96&d=mm&r=g\",\"contentUrl\":\"https:\/\/secure.gravatar.com\/avatar\/d08aa2ce4c8dd416d4479aa8536fcf64?s=96&d=mm&r=g\",\"caption\":\"moacir\"},\"url\":\"https:\/\/franciscanos.org.br\/noticias\/author\/moacir\"}]}<\/script>\n<!-- \/ Yoast SEO plugin. -->","yoast_head_json":{"title":"Ato Inter-religioso pelo Centen\u00e1rio de nascimento de Dom Paulo Evaristo Arns e pelos 73 anos da Declara\u00e7\u00e3o Universal dos Direitos Humanos - Not\u00edcias - Franciscanos","robots":{"index":"index","follow":"follow","max-snippet":"max-snippet:-1","max-image-preview":"max-image-preview:large","max-video-preview":"max-video-preview:-1"},"canonical":"https:\/\/franciscanos.org.br\/noticias\/ato-inter-religioso-pelo-centenario-de-nascimento-de-dom-paulo-evaristo-arns-e-pelos-73-anos-da-declaracao-universal-dos-direitos-humanos.html","og_locale":"pt_BR","og_type":"article","og_title":"Ato Inter-religioso pelo Centen\u00e1rio de nascimento de Dom Paulo Evaristo Arns e pelos 73 anos da Declara\u00e7\u00e3o Universal dos Direitos Humanos - Not\u00edcias - Franciscanos","og_description":"Ato Inter-religioso","og_url":"https:\/\/franciscanos.org.br\/noticias\/ato-inter-religioso-pelo-centenario-de-nascimento-de-dom-paulo-evaristo-arns-e-pelos-73-anos-da-declaracao-universal-dos-direitos-humanos.html","og_site_name":"Not\u00edcias - Franciscanos","article_published_time":"2021-12-10T09:51:48+00:00","og_image":[{"width":1080,"height":1080,"url":"https:\/\/franciscanos.org.br\/noticias\/wp-content\/uploads\/2021\/12\/pauloarns_1012.jpg","type":"image\/jpeg"}],"author":"moacir","twitter_card":"summary_large_image","twitter_misc":{"Escrito por":"moacir","Est. tempo de leitura":"4 minutos"},"schema":{"@context":"https:\/\/schema.org","@graph":[{"@type":"WebSite","@id":"https:\/\/franciscanos.org.br\/noticias\/#website","url":"https:\/\/franciscanos.org.br\/noticias\/","name":"Not\u00edcias - Franciscanos","description":"Prov\u00edncia Franciscana da Imaculada Concei\u00e7\u00e3o do Brasil - Ordem dos Frades Menores - OFM","potentialAction":[{"@type":"SearchAction","target":{"@type":"EntryPoint","urlTemplate":"https:\/\/franciscanos.org.br\/noticias\/?s={search_term_string}"},"query-input":"required name=search_term_string"}],"inLanguage":"pt-BR"},{"@type":"ImageObject","inLanguage":"pt-BR","@id":"https:\/\/franciscanos.org.br\/noticias\/ato-inter-religioso-pelo-centenario-de-nascimento-de-dom-paulo-evaristo-arns-e-pelos-73-anos-da-declaracao-universal-dos-direitos-humanos.html#primaryimage","url":"https:\/\/franciscanos.org.br\/noticias\/wp-content\/uploads\/2021\/12\/pauloarns_1012.jpg","contentUrl":"https:\/\/franciscanos.org.br\/noticias\/wp-content\/uploads\/2021\/12\/pauloarns_1012.jpg","width":1080,"height":1080},{"@type":"WebPage","@id":"https:\/\/franciscanos.org.br\/noticias\/ato-inter-religioso-pelo-centenario-de-nascimento-de-dom-paulo-evaristo-arns-e-pelos-73-anos-da-declaracao-universal-dos-direitos-humanos.html#webpage","url":"https:\/\/franciscanos.org.br\/noticias\/ato-inter-religioso-pelo-centenario-de-nascimento-de-dom-paulo-evaristo-arns-e-pelos-73-anos-da-declaracao-universal-dos-direitos-humanos.html","name":"Ato Inter-religioso pelo Centen\u00e1rio de nascimento de Dom Paulo Evaristo Arns e pelos 73 anos da Declara\u00e7\u00e3o Universal dos Direitos Humanos - Not\u00edcias - Franciscanos","isPartOf":{"@id":"https:\/\/franciscanos.org.br\/noticias\/#website"},"primaryImageOfPage":{"@id":"https:\/\/franciscanos.org.br\/noticias\/ato-inter-religioso-pelo-centenario-de-nascimento-de-dom-paulo-evaristo-arns-e-pelos-73-anos-da-declaracao-universal-dos-direitos-humanos.html#primaryimage"},"datePublished":"2021-12-10T09:51:48+00:00","dateModified":"2021-12-10T09:51:48+00:00","author":{"@id":"https:\/\/franciscanos.org.br\/noticias\/#\/schema\/person\/b5c8cba458c330ccff548b056e95a5d4"},"breadcrumb":{"@id":"https:\/\/franciscanos.org.br\/noticias\/ato-inter-religioso-pelo-centenario-de-nascimento-de-dom-paulo-evaristo-arns-e-pelos-73-anos-da-declaracao-universal-dos-direitos-humanos.html#breadcrumb"},"inLanguage":"pt-BR","potentialAction":[{"@type":"ReadAction","target":["https:\/\/franciscanos.org.br\/noticias\/ato-inter-religioso-pelo-centenario-de-nascimento-de-dom-paulo-evaristo-arns-e-pelos-73-anos-da-declaracao-universal-dos-direitos-humanos.html"]}]},{"@type":"BreadcrumbList","@id":"https:\/\/franciscanos.org.br\/noticias\/ato-inter-religioso-pelo-centenario-de-nascimento-de-dom-paulo-evaristo-arns-e-pelos-73-anos-da-declaracao-universal-dos-direitos-humanos.html#breadcrumb","itemListElement":[{"@type":"ListItem","position":1,"name":"Home","item":"https:\/\/franciscanos.org.br\/noticias"},{"@type":"ListItem","position":2,"name":"Ato Inter-religioso pelo Centen\u00e1rio de nascimento de Dom Paulo Evaristo Arns e pelos 73 anos da Declara\u00e7\u00e3o Universal dos Direitos Humanos"}]},{"@type":"Person","@id":"https:\/\/franciscanos.org.br\/noticias\/#\/schema\/person\/b5c8cba458c330ccff548b056e95a5d4","name":"moacir","image":{"@type":"ImageObject","inLanguage":"pt-BR","@id":"https:\/\/franciscanos.org.br\/noticias\/#\/schema\/person\/image\/","url":"https:\/\/secure.gravatar.com\/avatar\/d08aa2ce4c8dd416d4479aa8536fcf64?s=96&d=mm&r=g","contentUrl":"https:\/\/secure.gravatar.com\/avatar\/d08aa2ce4c8dd416d4479aa8536fcf64?s=96&d=mm&r=g","caption":"moacir"},"url":"https:\/\/franciscanos.org.br\/noticias\/author\/moacir"}]}},"_links":{"self":[{"href":"https:\/\/franciscanos.org.br\/noticias\/wp-json\/wp\/v2\/posts\/235761"}],"collection":[{"href":"https:\/\/franciscanos.org.br\/noticias\/wp-json\/wp\/v2\/posts"}],"about":[{"href":"https:\/\/franciscanos.org.br\/noticias\/wp-json\/wp\/v2\/types\/post"}],"author":[{"embeddable":true,"href":"https:\/\/franciscanos.org.br\/noticias\/wp-json\/wp\/v2\/users\/3"}],"replies":[{"embeddable":true,"href":"https:\/\/franciscanos.org.br\/noticias\/wp-json\/wp\/v2\/comments?post=235761"}],"version-history":[{"count":1,"href":"https:\/\/franciscanos.org.br\/noticias\/wp-json\/wp\/v2\/posts\/235761\/revisions"}],"predecessor-version":[{"id":235763,"href":"https:\/\/franciscanos.org.br\/noticias\/wp-json\/wp\/v2\/posts\/235761\/revisions\/235763"}],"wp:featuredmedia":[{"embeddable":true,"href":"https:\/\/franciscanos.org.br\/noticias\/wp-json\/wp\/v2\/media\/235762"}],"wp:attachment":[{"href":"https:\/\/franciscanos.org.br\/noticias\/wp-json\/wp\/v2\/media?parent=235761"}],"wp:term":[{"taxonomy":"category","embeddable":true,"href":"https:\/\/franciscanos.org.br\/noticias\/wp-json\/wp\/v2\/categories?post=235761"},{"taxonomy":"post_tag","embeddable":true,"href":"https:\/\/franciscanos.org.br\/noticias\/wp-json\/wp\/v2\/tags?post=235761"}],"curies":[{"name":"wp","href":"https:\/\/api.w.org\/{rel}","templated":true}]}}