{"id":235744,"date":"2021-12-08T21:28:15","date_gmt":"2021-12-09T00:28:15","guid":{"rendered":"https:\/\/franciscanos.org.br\/noticias\/?p=235744"},"modified":"2021-12-08T21:29:16","modified_gmt":"2021-12-09T00:29:16","slug":"angola-23-frades-professos-temporarios-renovam-os-votos","status":"publish","type":"post","link":"https:\/\/franciscanos.org.br\/noticias\/angola-23-frades-professos-temporarios-renovam-os-votos.html","title":{"rendered":"Angola: 23 frades professos tempor\u00e1rios renovam os votos"},"content":{"rendered":"<p><img loading=\"lazy\" class=\"alignright size-full wp-image-235745\" src=\"https:\/\/franciscanos.org.br\/noticias\/wp-content\/uploads\/2021\/12\/angola_0812.jpg\" alt=\"\" width=\"1106\" height=\"737\" srcset=\"https:\/\/franciscanos.org.br\/noticias\/wp-content\/uploads\/2021\/12\/angola_0812.jpg 1106w, https:\/\/franciscanos.org.br\/noticias\/wp-content\/uploads\/2021\/12\/angola_0812-450x300.jpg 450w, https:\/\/franciscanos.org.br\/noticias\/wp-content\/uploads\/2021\/12\/angola_0812-1024x682.jpg 1024w, https:\/\/franciscanos.org.br\/noticias\/wp-content\/uploads\/2021\/12\/angola_0812-768x512.jpg 768w, https:\/\/franciscanos.org.br\/noticias\/wp-content\/uploads\/2021\/12\/angola_0812-150x100.jpg 150w\" sizes=\"(max-width: 1106px) 100vw, 1106px\" \/><\/p>\n<p>A Missa de Renova\u00e7\u00e3o dos Votos ocorreu no mosteiro das Irm\u00e3s Clarissas, Sagrado Cora\u00e7\u00e3o de Jesus, onde 23 frades de profiss\u00e3o tempor\u00e1ria renovaram o seu \u2018sim\u2019 a Deus e aos irm\u00e3os por mais um ano.<\/p>\n<p>A Missa da Imaculada Concei\u00e7\u00e3o de Maria foi presidida por Frei Jo\u00e3o Baptista Chilunda Canjenjenga, delegado do Ministro Provincial, Frei Paulo Roberto Pereira, e concelebrada por Frei Laurindo J\u00fanior, Frei Jo\u00e3o Bunga, Padre Sebasti\u00e3o Martins, Padre Fernando Yandava e Padre Alcides Chivangu.<\/p>\n<p>A Missa foi animada pelas Irm\u00e3s Clarissas e da participaram as Irm\u00e3s Franciscanas de Ingolstadt, mission\u00e1rias de Santa Teresinha, Irm\u00e3s da Luz, e membros da Par\u00f3quia S\u00e3o Lucas.<\/p>\n<p><img loading=\"lazy\" class=\"alignright size-full wp-image-235746\" src=\"https:\/\/franciscanos.org.br\/noticias\/wp-content\/uploads\/2021\/12\/angola_0812_2.jpg\" alt=\"\" width=\"1106\" height=\"737\" srcset=\"https:\/\/franciscanos.org.br\/noticias\/wp-content\/uploads\/2021\/12\/angola_0812_2.jpg 1106w, https:\/\/franciscanos.org.br\/noticias\/wp-content\/uploads\/2021\/12\/angola_0812_2-450x300.jpg 450w, https:\/\/franciscanos.org.br\/noticias\/wp-content\/uploads\/2021\/12\/angola_0812_2-1024x682.jpg 1024w, https:\/\/franciscanos.org.br\/noticias\/wp-content\/uploads\/2021\/12\/angola_0812_2-768x512.jpg 768w, https:\/\/franciscanos.org.br\/noticias\/wp-content\/uploads\/2021\/12\/angola_0812_2-150x100.jpg 150w\" sizes=\"(max-width: 1106px) 100vw, 1106px\" \/><\/p>\n<p>Na homilia, o presidente da celebra\u00e7\u00e3o come\u00e7ou por felicitar os frades que entre tantas op\u00e7\u00f5es e modalidades de vida, escolheram a de ser menor e n\u00e3o seguindo a l\u00f3gica da sociedade que chama a ser maior, a superioridade.<\/p>\n<p>\u201c\u00c9 a pobreza que Francisco escolhe como meio de liberta\u00e7\u00e3o, a pobreza enquanto despojamento de tudo, despojar-se, desfazer-se para recome\u00e7ar. A nossa vida deve ser feita de novo entre refazer- se, dia ap\u00f3s dia, que nos leva \u00e0 convers\u00e3o permanente. Francisco \u00e9 aquele que, na sua convers\u00e3o, \u00a0n\u00e3o s\u00f3 muda de atitude, de comportamento, de modo de forma de pensar, ele tamb\u00e9m muda de lugar, sai da casa do pai e vai ao encontro dos leprosos, sem medo de ser contaminado porque ele sabe que est\u00e1 com os m\u00e9dicos dos m\u00e9dicos, o Cristo Senhor.\u00a0 Os nossos confrades tamb\u00e9m, acolhendo o chamado de Deus na forma de vida franciscana, mudam de lugar, deixam a casa paterna para entrar num convento franciscano, deixam o viver o mundano para viver espiritualmente.\u00a0 A espiritualidade franciscana \u00e9 esta identidade que faz a diferen\u00e7a entre ao viver no s\u00e9culo e viver olhando para o alto\u201d, disse.<\/p>\n<p><img loading=\"lazy\" class=\"alignright size-full wp-image-235747\" src=\"https:\/\/franciscanos.org.br\/noticias\/wp-content\/uploads\/2021\/12\/angola_0812_7.jpg\" alt=\"\" width=\"1106\" height=\"737\" srcset=\"https:\/\/franciscanos.org.br\/noticias\/wp-content\/uploads\/2021\/12\/angola_0812_7.jpg 1106w, https:\/\/franciscanos.org.br\/noticias\/wp-content\/uploads\/2021\/12\/angola_0812_7-450x300.jpg 450w, https:\/\/franciscanos.org.br\/noticias\/wp-content\/uploads\/2021\/12\/angola_0812_7-1024x682.jpg 1024w, https:\/\/franciscanos.org.br\/noticias\/wp-content\/uploads\/2021\/12\/angola_0812_7-768x512.jpg 768w, https:\/\/franciscanos.org.br\/noticias\/wp-content\/uploads\/2021\/12\/angola_0812_7-150x100.jpg 150w\" sizes=\"(max-width: 1106px) 100vw, 1106px\" \/><\/p>\n<p>Ap\u00f3s a homilia, seguiu-se o rito de renova\u00e7\u00e3o, onde os frades, diante do delegado do Ministro Provincial, prometeram viver durante um ano a viv\u00eancia dos conselhos evang\u00e9licos ao modo de S\u00e3o Francisco de Assis. E, depois, houve o momento de assinaturas e abra\u00e7os de felicita\u00e7\u00e3o.<\/p>\n<p>Antes da b\u00ean\u00e7\u00e3o final, Frei Jo\u00e3o Bunga agradeceu a presen\u00e7a de todos os presentes, de modo especial as quatro novi\u00e7as das Irm\u00e3s Franciscanas de Ingolstadt que na manh\u00e3 de hoje haviam feito a sua vesti\u00e7\u00e3o.<\/p>\n\n\t\t<style type=\"text\/css\">\n\t\t\t#gallery-1 {\n\t\t\t\tmargin: auto;\n\t\t\t}\n\t\t\t#gallery-1 .gallery-item {\n\t\t\t\tfloat: left;\n\t\t\t\tmargin-top: 10px;\n\t\t\t\ttext-align: center;\n\t\t\t\twidth: 16%;\n\t\t\t}\n\t\t\t#gallery-1 img {\n\t\t\t\tborder: 2px solid #cfcfcf;\n\t\t\t}\n\t\t\t#gallery-1 .gallery-caption {\n\t\t\t\tmargin-left: 0;\n\t\t\t}\n\t\t\t\/* see gallery_shortcode() in wp-includes\/media.php *\/\n\t\t<\/style>\n\t\t<div id='gallery-1' class='gallery galleryid-235744 gallery-columns-6 gallery-size-thumbnail'><dl class='gallery-item'>\n\t\t\t<dt class='gallery-icon landscape'>\n\t\t\t\t<a href='https:\/\/franciscanos.org.br\/noticias\/wp-content\/uploads\/2021\/12\/angola_0812_1.jpg'><img width=\"300\" height=\"300\" src=\"https:\/\/franciscanos.org.br\/noticias\/wp-content\/uploads\/2021\/12\/angola_0812_1-300x300.jpg\" class=\"attachment-thumbnail size-thumbnail\" alt=\"\" loading=\"lazy\" srcset=\"https:\/\/franciscanos.org.br\/noticias\/wp-content\/uploads\/2021\/12\/angola_0812_1-300x300.jpg 300w, https:\/\/franciscanos.org.br\/noticias\/wp-content\/uploads\/2021\/12\/angola_0812_1-100x100.jpg 100w\" sizes=\"(max-width: 300px) 100vw, 300px\" \/><\/a>\n\t\t\t<\/dt><\/dl><dl class='gallery-item'>\n\t\t\t<dt class='gallery-icon landscape'>\n\t\t\t\t<a href='https:\/\/franciscanos.org.br\/noticias\/wp-content\/uploads\/2021\/12\/angola_0812_3.jpg'><img width=\"300\" height=\"300\" src=\"https:\/\/franciscanos.org.br\/noticias\/wp-content\/uploads\/2021\/12\/angola_0812_3-300x300.jpg\" class=\"attachment-thumbnail size-thumbnail\" alt=\"\" loading=\"lazy\" srcset=\"https:\/\/franciscanos.org.br\/noticias\/wp-content\/uploads\/2021\/12\/angola_0812_3-300x300.jpg 300w, https:\/\/franciscanos.org.br\/noticias\/wp-content\/uploads\/2021\/12\/angola_0812_3-100x100.jpg 100w\" sizes=\"(max-width: 300px) 100vw, 300px\" \/><\/a>\n\t\t\t<\/dt><\/dl><dl class='gallery-item'>\n\t\t\t<dt class='gallery-icon landscape'>\n\t\t\t\t<a href='https:\/\/franciscanos.org.br\/noticias\/wp-content\/uploads\/2021\/12\/angola_0812_4.jpg'><img width=\"300\" height=\"300\" src=\"https:\/\/franciscanos.org.br\/noticias\/wp-content\/uploads\/2021\/12\/angola_0812_4-300x300.jpg\" class=\"attachment-thumbnail size-thumbnail\" alt=\"\" loading=\"lazy\" srcset=\"https:\/\/franciscanos.org.br\/noticias\/wp-content\/uploads\/2021\/12\/angola_0812_4-300x300.jpg 300w, https:\/\/franciscanos.org.br\/noticias\/wp-content\/uploads\/2021\/12\/angola_0812_4-100x100.jpg 100w\" sizes=\"(max-width: 300px) 100vw, 300px\" \/><\/a>\n\t\t\t<\/dt><\/dl><dl class='gallery-item'>\n\t\t\t<dt class='gallery-icon landscape'>\n\t\t\t\t<a href='https:\/\/franciscanos.org.br\/noticias\/wp-content\/uploads\/2021\/12\/angola_0812_5.jpg'><img width=\"300\" height=\"300\" src=\"https:\/\/franciscanos.org.br\/noticias\/wp-content\/uploads\/2021\/12\/angola_0812_5-300x300.jpg\" class=\"attachment-thumbnail size-thumbnail\" alt=\"\" loading=\"lazy\" srcset=\"https:\/\/franciscanos.org.br\/noticias\/wp-content\/uploads\/2021\/12\/angola_0812_5-300x300.jpg 300w, https:\/\/franciscanos.org.br\/noticias\/wp-content\/uploads\/2021\/12\/angola_0812_5-100x100.jpg 100w\" sizes=\"(max-width: 300px) 100vw, 300px\" \/><\/a>\n\t\t\t<\/dt><\/dl><dl class='gallery-item'>\n\t\t\t<dt class='gallery-icon landscape'>\n\t\t\t\t<a href='https:\/\/franciscanos.org.br\/noticias\/wp-content\/uploads\/2021\/12\/angola_0812_6.jpg'><img width=\"300\" height=\"300\" src=\"https:\/\/franciscanos.org.br\/noticias\/wp-content\/uploads\/2021\/12\/angola_0812_6-300x300.jpg\" class=\"attachment-thumbnail size-thumbnail\" alt=\"\" loading=\"lazy\" srcset=\"https:\/\/franciscanos.org.br\/noticias\/wp-content\/uploads\/2021\/12\/angola_0812_6-300x300.jpg 300w, https:\/\/franciscanos.org.br\/noticias\/wp-content\/uploads\/2021\/12\/angola_0812_6-100x100.jpg 100w\" sizes=\"(max-width: 300px) 100vw, 300px\" \/><\/a>\n\t\t\t<\/dt><\/dl><dl class='gallery-item'>\n\t\t\t<dt class='gallery-icon landscape'>\n\t\t\t\t<a href='https:\/\/franciscanos.org.br\/noticias\/wp-content\/uploads\/2021\/12\/angola_0812_9.jpg'><img width=\"300\" height=\"300\" src=\"https:\/\/franciscanos.org.br\/noticias\/wp-content\/uploads\/2021\/12\/angola_0812_9-300x300.jpg\" class=\"attachment-thumbnail size-thumbnail\" alt=\"\" loading=\"lazy\" srcset=\"https:\/\/franciscanos.org.br\/noticias\/wp-content\/uploads\/2021\/12\/angola_0812_9-300x300.jpg 300w, https:\/\/franciscanos.org.br\/noticias\/wp-content\/uploads\/2021\/12\/angola_0812_9-100x100.jpg 100w\" sizes=\"(max-width: 300px) 100vw, 300px\" \/><\/a>\n\t\t\t<\/dt><\/dl><br style=\"clear: both\" \/>\n\t\t<\/div>\n\n<p>Depois da Missa, realizou-se uma janta-recreio com todos os convidados. A Missa teve o seu in\u00edcio \u00e0s 17h30.<\/p>\n<hr \/>\n<p><em>Frei Abel Ndala Sahuma Nganji e Frei Tom\u00e1s Gaspar<\/em><\/p>\n","protected":false},"excerpt":{"rendered":"<p>Miss\u00e3o de Angola<\/p>\n","protected":false},"author":3,"featured_media":235745,"comment_status":"open","ping_status":"open","sticky":false,"template":"","format":"standard","meta":[],"categories":[1],"tags":[1152],"acf":[],"yoast_head":"<!-- This site is optimized with the Yoast SEO plugin v19.2 - https:\/\/yoast.com\/wordpress\/plugins\/seo\/ -->\n<title>Angola: 23 frades professos tempor\u00e1rios renovam os votos - Not\u00edcias - Franciscanos<\/title>\n<meta name=\"robots\" content=\"index, follow, max-snippet:-1, max-image-preview:large, max-video-preview:-1\" \/>\n<link rel=\"canonical\" href=\"https:\/\/franciscanos.org.br\/noticias\/angola-23-frades-professos-temporarios-renovam-os-votos.html\" \/>\n<meta property=\"og:locale\" content=\"pt_BR\" \/>\n<meta property=\"og:type\" content=\"article\" \/>\n<meta property=\"og:title\" content=\"Angola: 23 frades professos tempor\u00e1rios renovam os votos - Not\u00edcias - Franciscanos\" \/>\n<meta property=\"og:description\" content=\"Miss\u00e3o de Angola\" \/>\n<meta property=\"og:url\" content=\"https:\/\/franciscanos.org.br\/noticias\/angola-23-frades-professos-temporarios-renovam-os-votos.html\" \/>\n<meta property=\"og:site_name\" content=\"Not\u00edcias - Franciscanos\" \/>\n<meta property=\"article:published_time\" content=\"2021-12-09T00:28:15+00:00\" \/>\n<meta property=\"article:modified_time\" content=\"2021-12-09T00:29:16+00:00\" \/>\n<meta property=\"og:image\" content=\"https:\/\/franciscanos.org.br\/noticias\/wp-content\/uploads\/2021\/12\/angola_0812.jpg\" \/>\n\t<meta property=\"og:image:width\" content=\"1106\" \/>\n\t<meta property=\"og:image:height\" content=\"737\" \/>\n\t<meta property=\"og:image:type\" content=\"image\/jpeg\" \/>\n<meta name=\"author\" content=\"moacir\" \/>\n<meta name=\"twitter:card\" content=\"summary_large_image\" \/>\n<meta name=\"twitter:label1\" content=\"Escrito por\" \/>\n\t<meta name=\"twitter:data1\" content=\"moacir\" \/>\n\t<meta name=\"twitter:label2\" content=\"Est. tempo de leitura\" \/>\n\t<meta name=\"twitter:data2\" content=\"2 minutos\" \/>\n<script type=\"application\/ld+json\" class=\"yoast-schema-graph\">{\"@context\":\"https:\/\/schema.org\",\"@graph\":[{\"@type\":\"WebSite\",\"@id\":\"https:\/\/franciscanos.org.br\/noticias\/#website\",\"url\":\"https:\/\/franciscanos.org.br\/noticias\/\",\"name\":\"Not\u00edcias - Franciscanos\",\"description\":\"Prov\u00edncia Franciscana da Imaculada Concei\u00e7\u00e3o do Brasil - Ordem dos Frades Menores - OFM\",\"potentialAction\":[{\"@type\":\"SearchAction\",\"target\":{\"@type\":\"EntryPoint\",\"urlTemplate\":\"https:\/\/franciscanos.org.br\/noticias\/?s={search_term_string}\"},\"query-input\":\"required name=search_term_string\"}],\"inLanguage\":\"pt-BR\"},{\"@type\":\"ImageObject\",\"inLanguage\":\"pt-BR\",\"@id\":\"https:\/\/franciscanos.org.br\/noticias\/angola-23-frades-professos-temporarios-renovam-os-votos.html#primaryimage\",\"url\":\"https:\/\/franciscanos.org.br\/noticias\/wp-content\/uploads\/2021\/12\/angola_0812.jpg\",\"contentUrl\":\"https:\/\/franciscanos.org.br\/noticias\/wp-content\/uploads\/2021\/12\/angola_0812.jpg\",\"width\":1106,\"height\":737},{\"@type\":\"WebPage\",\"@id\":\"https:\/\/franciscanos.org.br\/noticias\/angola-23-frades-professos-temporarios-renovam-os-votos.html#webpage\",\"url\":\"https:\/\/franciscanos.org.br\/noticias\/angola-23-frades-professos-temporarios-renovam-os-votos.html\",\"name\":\"Angola: 23 frades professos tempor\u00e1rios renovam os votos - Not\u00edcias - Franciscanos\",\"isPartOf\":{\"@id\":\"https:\/\/franciscanos.org.br\/noticias\/#website\"},\"primaryImageOfPage\":{\"@id\":\"https:\/\/franciscanos.org.br\/noticias\/angola-23-frades-professos-temporarios-renovam-os-votos.html#primaryimage\"},\"datePublished\":\"2021-12-09T00:28:15+00:00\",\"dateModified\":\"2021-12-09T00:29:16+00:00\",\"author\":{\"@id\":\"https:\/\/franciscanos.org.br\/noticias\/#\/schema\/person\/b5c8cba458c330ccff548b056e95a5d4\"},\"breadcrumb\":{\"@id\":\"https:\/\/franciscanos.org.br\/noticias\/angola-23-frades-professos-temporarios-renovam-os-votos.html#breadcrumb\"},\"inLanguage\":\"pt-BR\",\"potentialAction\":[{\"@type\":\"ReadAction\",\"target\":[\"https:\/\/franciscanos.org.br\/noticias\/angola-23-frades-professos-temporarios-renovam-os-votos.html\"]}]},{\"@type\":\"BreadcrumbList\",\"@id\":\"https:\/\/franciscanos.org.br\/noticias\/angola-23-frades-professos-temporarios-renovam-os-votos.html#breadcrumb\",\"itemListElement\":[{\"@type\":\"ListItem\",\"position\":1,\"name\":\"Home\",\"item\":\"https:\/\/franciscanos.org.br\/noticias\"},{\"@type\":\"ListItem\",\"position\":2,\"name\":\"Angola: 23 frades professos tempor\u00e1rios renovam os votos\"}]},{\"@type\":\"Person\",\"@id\":\"https:\/\/franciscanos.org.br\/noticias\/#\/schema\/person\/b5c8cba458c330ccff548b056e95a5d4\",\"name\":\"moacir\",\"image\":{\"@type\":\"ImageObject\",\"inLanguage\":\"pt-BR\",\"@id\":\"https:\/\/franciscanos.org.br\/noticias\/#\/schema\/person\/image\/\",\"url\":\"https:\/\/secure.gravatar.com\/avatar\/d08aa2ce4c8dd416d4479aa8536fcf64?s=96&d=mm&r=g\",\"contentUrl\":\"https:\/\/secure.gravatar.com\/avatar\/d08aa2ce4c8dd416d4479aa8536fcf64?s=96&d=mm&r=g\",\"caption\":\"moacir\"},\"url\":\"https:\/\/franciscanos.org.br\/noticias\/author\/moacir\"}]}<\/script>\n<!-- \/ Yoast SEO plugin. -->","yoast_head_json":{"title":"Angola: 23 frades professos tempor\u00e1rios renovam os votos - Not\u00edcias - Franciscanos","robots":{"index":"index","follow":"follow","max-snippet":"max-snippet:-1","max-image-preview":"max-image-preview:large","max-video-preview":"max-video-preview:-1"},"canonical":"https:\/\/franciscanos.org.br\/noticias\/angola-23-frades-professos-temporarios-renovam-os-votos.html","og_locale":"pt_BR","og_type":"article","og_title":"Angola: 23 frades professos tempor\u00e1rios renovam os votos - Not\u00edcias - Franciscanos","og_description":"Miss\u00e3o de Angola","og_url":"https:\/\/franciscanos.org.br\/noticias\/angola-23-frades-professos-temporarios-renovam-os-votos.html","og_site_name":"Not\u00edcias - Franciscanos","article_published_time":"2021-12-09T00:28:15+00:00","article_modified_time":"2021-12-09T00:29:16+00:00","og_image":[{"width":1106,"height":737,"url":"https:\/\/franciscanos.org.br\/noticias\/wp-content\/uploads\/2021\/12\/angola_0812.jpg","type":"image\/jpeg"}],"author":"moacir","twitter_card":"summary_large_image","twitter_misc":{"Escrito por":"moacir","Est. tempo de leitura":"2 minutos"},"schema":{"@context":"https:\/\/schema.org","@graph":[{"@type":"WebSite","@id":"https:\/\/franciscanos.org.br\/noticias\/#website","url":"https:\/\/franciscanos.org.br\/noticias\/","name":"Not\u00edcias - Franciscanos","description":"Prov\u00edncia Franciscana da Imaculada Concei\u00e7\u00e3o do Brasil - Ordem dos Frades Menores - OFM","potentialAction":[{"@type":"SearchAction","target":{"@type":"EntryPoint","urlTemplate":"https:\/\/franciscanos.org.br\/noticias\/?s={search_term_string}"},"query-input":"required name=search_term_string"}],"inLanguage":"pt-BR"},{"@type":"ImageObject","inLanguage":"pt-BR","@id":"https:\/\/franciscanos.org.br\/noticias\/angola-23-frades-professos-temporarios-renovam-os-votos.html#primaryimage","url":"https:\/\/franciscanos.org.br\/noticias\/wp-content\/uploads\/2021\/12\/angola_0812.jpg","contentUrl":"https:\/\/franciscanos.org.br\/noticias\/wp-content\/uploads\/2021\/12\/angola_0812.jpg","width":1106,"height":737},{"@type":"WebPage","@id":"https:\/\/franciscanos.org.br\/noticias\/angola-23-frades-professos-temporarios-renovam-os-votos.html#webpage","url":"https:\/\/franciscanos.org.br\/noticias\/angola-23-frades-professos-temporarios-renovam-os-votos.html","name":"Angola: 23 frades professos tempor\u00e1rios renovam os votos - Not\u00edcias - Franciscanos","isPartOf":{"@id":"https:\/\/franciscanos.org.br\/noticias\/#website"},"primaryImageOfPage":{"@id":"https:\/\/franciscanos.org.br\/noticias\/angola-23-frades-professos-temporarios-renovam-os-votos.html#primaryimage"},"datePublished":"2021-12-09T00:28:15+00:00","dateModified":"2021-12-09T00:29:16+00:00","author":{"@id":"https:\/\/franciscanos.org.br\/noticias\/#\/schema\/person\/b5c8cba458c330ccff548b056e95a5d4"},"breadcrumb":{"@id":"https:\/\/franciscanos.org.br\/noticias\/angola-23-frades-professos-temporarios-renovam-os-votos.html#breadcrumb"},"inLanguage":"pt-BR","potentialAction":[{"@type":"ReadAction","target":["https:\/\/franciscanos.org.br\/noticias\/angola-23-frades-professos-temporarios-renovam-os-votos.html"]}]},{"@type":"BreadcrumbList","@id":"https:\/\/franciscanos.org.br\/noticias\/angola-23-frades-professos-temporarios-renovam-os-votos.html#breadcrumb","itemListElement":[{"@type":"ListItem","position":1,"name":"Home","item":"https:\/\/franciscanos.org.br\/noticias"},{"@type":"ListItem","position":2,"name":"Angola: 23 frades professos tempor\u00e1rios renovam os votos"}]},{"@type":"Person","@id":"https:\/\/franciscanos.org.br\/noticias\/#\/schema\/person\/b5c8cba458c330ccff548b056e95a5d4","name":"moacir","image":{"@type":"ImageObject","inLanguage":"pt-BR","@id":"https:\/\/franciscanos.org.br\/noticias\/#\/schema\/person\/image\/","url":"https:\/\/secure.gravatar.com\/avatar\/d08aa2ce4c8dd416d4479aa8536fcf64?s=96&d=mm&r=g","contentUrl":"https:\/\/secure.gravatar.com\/avatar\/d08aa2ce4c8dd416d4479aa8536fcf64?s=96&d=mm&r=g","caption":"moacir"},"url":"https:\/\/franciscanos.org.br\/noticias\/author\/moacir"}]}},"_links":{"self":[{"href":"https:\/\/franciscanos.org.br\/noticias\/wp-json\/wp\/v2\/posts\/235744"}],"collection":[{"href":"https:\/\/franciscanos.org.br\/noticias\/wp-json\/wp\/v2\/posts"}],"about":[{"href":"https:\/\/franciscanos.org.br\/noticias\/wp-json\/wp\/v2\/types\/post"}],"author":[{"embeddable":true,"href":"https:\/\/franciscanos.org.br\/noticias\/wp-json\/wp\/v2\/users\/3"}],"replies":[{"embeddable":true,"href":"https:\/\/franciscanos.org.br\/noticias\/wp-json\/wp\/v2\/comments?post=235744"}],"version-history":[{"count":2,"href":"https:\/\/franciscanos.org.br\/noticias\/wp-json\/wp\/v2\/posts\/235744\/revisions"}],"predecessor-version":[{"id":235755,"href":"https:\/\/franciscanos.org.br\/noticias\/wp-json\/wp\/v2\/posts\/235744\/revisions\/235755"}],"wp:featuredmedia":[{"embeddable":true,"href":"https:\/\/franciscanos.org.br\/noticias\/wp-json\/wp\/v2\/media\/235745"}],"wp:attachment":[{"href":"https:\/\/franciscanos.org.br\/noticias\/wp-json\/wp\/v2\/media?parent=235744"}],"wp:term":[{"taxonomy":"category","embeddable":true,"href":"https:\/\/franciscanos.org.br\/noticias\/wp-json\/wp\/v2\/categories?post=235744"},{"taxonomy":"post_tag","embeddable":true,"href":"https:\/\/franciscanos.org.br\/noticias\/wp-json\/wp\/v2\/tags?post=235744"}],"curies":[{"name":"wp","href":"https:\/\/api.w.org\/{rel}","templated":true}]}}