{"id":235738,"date":"2021-12-08T19:07:48","date_gmt":"2021-12-08T22:07:48","guid":{"rendered":"https:\/\/franciscanos.org.br\/noticias\/?p=235738"},"modified":"2023-01-09T10:57:36","modified_gmt":"2023-01-09T13:57:36","slug":"postulantes-concluem-o-ano-e-frei-ruan-renova-os-votos","status":"publish","type":"post","link":"https:\/\/franciscanos.org.br\/noticias\/postulantes-concluem-o-ano-e-frei-ruan-renova-os-votos.html","title":{"rendered":"Postulantes concluem o ano e Frei Ruan renova os votos"},"content":{"rendered":"<p><img loading=\"lazy\" class=\"alignright size-full wp-image-235739\" src=\"https:\/\/franciscanos.org.br\/noticias\/wp-content\/uploads\/2021\/12\/postulantado_0812.jpg\" alt=\"\" width=\"1200\" height=\"832\" srcset=\"https:\/\/franciscanos.org.br\/noticias\/wp-content\/uploads\/2021\/12\/postulantado_0812.jpg 1200w, https:\/\/franciscanos.org.br\/noticias\/wp-content\/uploads\/2021\/12\/postulantado_0812-450x312.jpg 450w, https:\/\/franciscanos.org.br\/noticias\/wp-content\/uploads\/2021\/12\/postulantado_0812-1024x710.jpg 1024w, https:\/\/franciscanos.org.br\/noticias\/wp-content\/uploads\/2021\/12\/postulantado_0812-768x532.jpg 768w, https:\/\/franciscanos.org.br\/noticias\/wp-content\/uploads\/2021\/12\/postulantado_0812-150x104.jpg 150w\" sizes=\"(max-width: 1200px) 100vw, 1200px\" \/><\/p>\n<p>Na Celebra\u00e7\u00e3o Eucar\u00edstica da Solenidade da Imaculada Concei\u00e7\u00e3o, neste dia 8 de dezembro, \u00e0s 11h00, o grupo de 12 postulantes concluiu a primeira etapa de Forma\u00e7\u00e3o na Ordem e Frei Ruan Felipe Sguissardi renovou seus votos por mais um ano, ap\u00f3s viver nesta fraternidade o Ano Mission\u00e1rio. Frei Claudino presidiu a Missa e foi o delegado do Ministro Provincial Frei Paulo Roberto Pereira para acolher os votos de Frei Ruan.<\/p>\n<p><img loading=\"lazy\" class=\"size-full wp-image-235741 alignleft\" src=\"https:\/\/franciscanos.org.br\/noticias\/wp-content\/uploads\/2021\/12\/ruan_0812.jpg\" alt=\"\" width=\"1000\" height=\"1073\" srcset=\"https:\/\/franciscanos.org.br\/noticias\/wp-content\/uploads\/2021\/12\/ruan_0812.jpg 1000w, https:\/\/franciscanos.org.br\/noticias\/wp-content\/uploads\/2021\/12\/ruan_0812-419x450.jpg 419w, https:\/\/franciscanos.org.br\/noticias\/wp-content\/uploads\/2021\/12\/ruan_0812-954x1024.jpg 954w, https:\/\/franciscanos.org.br\/noticias\/wp-content\/uploads\/2021\/12\/ruan_0812-768x824.jpg 768w, https:\/\/franciscanos.org.br\/noticias\/wp-content\/uploads\/2021\/12\/ruan_0812-150x161.jpg 150w\" sizes=\"(max-width: 1000px) 100vw, 1000px\" \/>Confrades da casa concelebraram juntamente com Frei Sadi e Frei Rodrigo, ambos da Prov\u00edncia S\u00e3o Francisco, do Rio Grande do Sul. Um dos doze postulantes, o Evandro Siqueira, \u00e9 de l\u00e1. Frei Rodrigo \u00e9 quem fez a homilia. Iniciou-a cantando o refr\u00e3o: &#8220;Maria do sim ensina-me a viver meu sim&#8221;, e com isso fez um link entre a Solenidade da Imaculada e a renova\u00e7\u00e3o dos votos, destacando Maria como modelo para a decis\u00e3o e o cont\u00ednuo sim que o religioso \u00e9 chamado a cultivar, tamb\u00e9m nos momentos n\u00e3o t\u00e3o favor\u00e1veis e de dificuldades. Tamb\u00e9m o refr\u00e3o com que Frei Rodrigo terminou a homilia era bem sugestivo para o dia: &#8220;O Senhor fez em mim maravilhas, santo \u00e9 o seu nome&#8221;.<\/p>\n<p>&nbsp;<\/p>\n<p>Antes de receber os votos de Ruan, Frei Claudino exp\u00f4s o sentido profundo da profiss\u00e3o religiosa como sendo uma entrega da vida a Deus e aos irm\u00e3os e irm\u00e3s. Frei Walter de Carvalho J\u00fanior, antes da b\u00ean\u00e7\u00e3o final, dirigiu-se aos postulantes, confrades e colaboradores que participaram da Missa. Yure Telles, agradeceu, em nome dos Postulantes. Ap\u00f3s a Celebra\u00e7\u00e3o, frades, postulantes, colaboradores deliciaram-se no almo\u00e7o festivo de despedida do grupo que segue em 2022 para o Noviciado em Rodeio.<\/p>\n<p>No dia 06, os Postulantes j\u00e1 se haviam despedido de Frei Jo\u00e3o Francisco, guardi\u00e3o, que, no dia 8, participado do Congresso Capitular em S\u00e3o Paulo.<\/p>\n<h3>Fala de Frei Walter de Carvalho J\u00fanior:<\/h3>\n<p>Queridos irm\u00e3os e irm\u00e3s, confrades, colaboradores, postulantes.<\/p>\n<p>Milton Nascimento e Fernando Brant compuseram uma m\u00fasica que ficou bem conhecida na voz da Maria Rita, e que, em dado momento, diz o seguinte: &#8220;Chegar e partir s\u00e3o s\u00f3 dois lados da mesma viagem. O trem que chega \u00e9 o mesmo trem da partida. A hora do encontro \u00e9 tamb\u00e9m despedida. A plataforma dessa esta\u00e7\u00e3o \u00e9 a vida desse meu lugar&#8221;.<\/p>\n<p>De fato, queridos postulantes, chegar e partir s\u00e3o dois lados da mesma jornada. E \u00e9 sempre assim. Em cada passo que damos, em cada instante que vivemos, n\u00f3s chegamos e partimos. Um passo \u00e9 sempre uma partida e uma chegada. Cada segundo vivido \u00e9 um ir e um chegar, mostrando-nos a grandeza do agora, do momento presente. De manh\u00e3, quando acordamos e pomos o p\u00e9 no ch\u00e3o, o dia chega e a noite parte: acolhemos a vinda e a inaugura\u00e7\u00e3o de um novo amanhecer e nos despedimos do escuro e do sono. Essa \u00e9 a din\u00e2mica da viagem de cada dia e de cada instante, \u00e9 a din\u00e2mica pr\u00f3pria da vida. O que vale mesmo \u00e9 a viagem, o caminho, a estrada. Se partimos ou chegamos, pouco importa. O que importa \u00e9 vivermos a viagem com toda a intensidade e gratid\u00e3o que pudermos ter. Partimos sempre porque sempre desejamos chegar ao melhor e ao mais belo, e quando julgamos t\u00ea-los alcan\u00e7ado, partimos de novo porque percebemos que sempre h\u00e1 mais o que fazer para ser melhor. E assim, dia a dia, instante a instante, vamos seguindo o trem de nossa vida.<\/p>\n<p><img loading=\"lazy\" class=\"alignright size-full wp-image-235740\" src=\"https:\/\/franciscanos.org.br\/noticias\/wp-content\/uploads\/2021\/12\/postulantantado_0812_1.jpg\" alt=\"\" width=\"1200\" height=\"900\" srcset=\"https:\/\/franciscanos.org.br\/noticias\/wp-content\/uploads\/2021\/12\/postulantantado_0812_1.jpg 1200w, https:\/\/franciscanos.org.br\/noticias\/wp-content\/uploads\/2021\/12\/postulantantado_0812_1-450x338.jpg 450w, https:\/\/franciscanos.org.br\/noticias\/wp-content\/uploads\/2021\/12\/postulantantado_0812_1-1024x768.jpg 1024w, https:\/\/franciscanos.org.br\/noticias\/wp-content\/uploads\/2021\/12\/postulantantado_0812_1-768x576.jpg 768w, https:\/\/franciscanos.org.br\/noticias\/wp-content\/uploads\/2021\/12\/postulantantado_0812_1-150x113.jpg 150w, https:\/\/franciscanos.org.br\/noticias\/wp-content\/uploads\/2021\/12\/postulantantado_0812_1-600x450.jpg 600w\" sizes=\"(max-width: 1200px) 100vw, 1200px\" \/><\/p>\n<p>De um modo mais amplo, podemos dizer que tamb\u00e9m na vida franciscana experimentamos constantemente chegadas e partidas. Nossa permanente forma\u00e7\u00e3o no seguimento de Jesus \u00e9 esse trem que nos leva de esta\u00e7\u00e3o em esta\u00e7\u00e3o. S\u00e3o Francisco com certeza percebeu bem isso. E talvez por essa raz\u00e3o ele tenha insistido tanto no car\u00e1ter itinerante da vida dos irm\u00e3os. Parar, acomodar-se jamais. Isso seria romper a din\u00e2mica do caminho, do desejo e do sonho.<\/p>\n<p>O Postulantado foi para voc\u00eas uma esta\u00e7\u00e3o, e a plataforma dessa esta\u00e7\u00e3o foi tudo o que voc\u00eas puderam viver e experimentar com a generosidade e a entrega de cada um. Os freis &#8211; e por que n\u00e3o os colaboradores desta casa? &#8211; tamb\u00e9m fizeram com voc\u00eas essa estrada. \u00c9 a estrada de voc\u00eas que traz sentido a esta fraternidade, porque n\u00f3s, afinal, ainda que com nossos trope\u00e7os, entramos nessa estrada de voc\u00eas tamb\u00e9m, como apoio, como ajuda.<\/p>\n<p>Mas, o grande diferencial \u00e9 que na vida franciscana n\u00e3o deixamos para tr\u00e1s as esta\u00e7\u00f5es que cruzamos. Deus queira que voc\u00eas sejam novi\u00e7os postulantes, e depois professos novi\u00e7os postulantes. Pois quando poderemos deixar de pedir, quando poderemos deixar de come\u00e7ar e de recome\u00e7ar? Como frades, seremos sempre postulantes e novi\u00e7os, ou em outras palavras, estaremos sempre na estrada de chegadas e de partidas. Estaremos sempre na condi\u00e7\u00e3o de \u201cpedidores\u201d, de suplicadores do dom e da gra\u00e7a de Deus, e buscaremos sempre a jovialidade do novi\u00e7o, sempre iniciando, sempre come\u00e7ando, ou se preferirem, sempre recome\u00e7ando. Infeliz do frade que \u201cconclue\u201d a Forma\u00e7\u00e3o Inicial e faz a profiss\u00e3o solene e se acha pronto, se acha acabado. Infeliz o frade que n\u00e3o se considera mais aprendiz. Isso facilmente acabar\u00e1 por sufocar a sua voca\u00e7\u00e3o. Disso nos alerta t\u00e3o bela e emblematicamente o pr\u00f3prio S\u00e3o Francisco, quando, segundo o relato de Tom\u00e1s de Celano (1Cel 103), j\u00e1 no final de sua vida, em meio a muitos sofrimentos, S\u00e3o Francisco diz: \u201cIrm\u00e3os, vamos come\u00e7ar a servir a Deus, porque at\u00e9 agora fizemos pouco ou nada\u201d. E Frei Celano completa: \u201cFrancisco n\u00e3o pensava que j\u00e1 estivesse conseguindo dominar-se, mas firme e incans\u00e1vel na busca da renova\u00e7\u00e3o espiritual estava sempre pensando em come\u00e7ar\u201d.<br \/>\nObrigado, caros postulantes, por terem vivido neste ano a sua estrada conosco. Obrigado, confrades, obrigado colaboradores. Deus nos conceda sempre de novo chegar e partir, ir de esta\u00e7\u00e3o em esta\u00e7\u00e3o, nas vias e nas sendas do seu amor e da sua bondade, peregrinos que queremos ser da esperan\u00e7a, da alegria e da paz.<\/p>\n<hr \/>\n<p><em>Equipe de Comunica\u00e7\u00e3o dos Postulantes<\/em><\/p>\n","protected":false},"excerpt":{"rendered":"<p>Encerramento  do Postulantado <\/p>\n","protected":false},"author":3,"featured_media":235739,"comment_status":"open","ping_status":"open","sticky":false,"template":"","format":"standard","meta":[],"categories":[1],"tags":[421],"acf":[],"yoast_head":"<!-- This site is optimized with the Yoast SEO plugin v19.2 - https:\/\/yoast.com\/wordpress\/plugins\/seo\/ -->\n<title>Postulantes concluem o ano e Frei Ruan renova os votos - Not\u00edcias - Franciscanos<\/title>\n<meta name=\"robots\" content=\"index, follow, max-snippet:-1, max-image-preview:large, max-video-preview:-1\" \/>\n<link rel=\"canonical\" href=\"https:\/\/franciscanos.org.br\/noticias\/postulantes-concluem-o-ano-e-frei-ruan-renova-os-votos.html\" \/>\n<meta property=\"og:locale\" content=\"pt_BR\" \/>\n<meta property=\"og:type\" content=\"article\" \/>\n<meta property=\"og:title\" content=\"Postulantes concluem o ano e Frei Ruan renova os votos - Not\u00edcias - Franciscanos\" \/>\n<meta property=\"og:description\" content=\"Encerramento do Postulantado\" \/>\n<meta property=\"og:url\" content=\"https:\/\/franciscanos.org.br\/noticias\/postulantes-concluem-o-ano-e-frei-ruan-renova-os-votos.html\" \/>\n<meta property=\"og:site_name\" content=\"Not\u00edcias - Franciscanos\" \/>\n<meta property=\"article:published_time\" content=\"2021-12-08T22:07:48+00:00\" \/>\n<meta property=\"article:modified_time\" content=\"2023-01-09T13:57:36+00:00\" \/>\n<meta property=\"og:image\" content=\"https:\/\/franciscanos.org.br\/noticias\/wp-content\/uploads\/2021\/12\/postulantado_0812.jpg\" \/>\n\t<meta property=\"og:image:width\" content=\"1200\" \/>\n\t<meta property=\"og:image:height\" content=\"832\" \/>\n\t<meta property=\"og:image:type\" content=\"image\/jpeg\" \/>\n<meta name=\"author\" content=\"moacir\" \/>\n<meta name=\"twitter:card\" content=\"summary_large_image\" \/>\n<meta name=\"twitter:label1\" content=\"Escrito por\" \/>\n\t<meta name=\"twitter:data1\" content=\"moacir\" \/>\n\t<meta name=\"twitter:label2\" content=\"Est. tempo de leitura\" \/>\n\t<meta name=\"twitter:data2\" content=\"5 minutos\" \/>\n<script type=\"application\/ld+json\" class=\"yoast-schema-graph\">{\"@context\":\"https:\/\/schema.org\",\"@graph\":[{\"@type\":\"WebSite\",\"@id\":\"https:\/\/franciscanos.org.br\/noticias\/#website\",\"url\":\"https:\/\/franciscanos.org.br\/noticias\/\",\"name\":\"Not\u00edcias - Franciscanos\",\"description\":\"Prov\u00edncia Franciscana da Imaculada Concei\u00e7\u00e3o do Brasil - Ordem dos Frades Menores - OFM\",\"potentialAction\":[{\"@type\":\"SearchAction\",\"target\":{\"@type\":\"EntryPoint\",\"urlTemplate\":\"https:\/\/franciscanos.org.br\/noticias\/?s={search_term_string}\"},\"query-input\":\"required name=search_term_string\"}],\"inLanguage\":\"pt-BR\"},{\"@type\":\"ImageObject\",\"inLanguage\":\"pt-BR\",\"@id\":\"https:\/\/franciscanos.org.br\/noticias\/postulantes-concluem-o-ano-e-frei-ruan-renova-os-votos.html#primaryimage\",\"url\":\"https:\/\/franciscanos.org.br\/noticias\/wp-content\/uploads\/2021\/12\/postulantado_0812.jpg\",\"contentUrl\":\"https:\/\/franciscanos.org.br\/noticias\/wp-content\/uploads\/2021\/12\/postulantado_0812.jpg\",\"width\":1200,\"height\":832},{\"@type\":\"WebPage\",\"@id\":\"https:\/\/franciscanos.org.br\/noticias\/postulantes-concluem-o-ano-e-frei-ruan-renova-os-votos.html#webpage\",\"url\":\"https:\/\/franciscanos.org.br\/noticias\/postulantes-concluem-o-ano-e-frei-ruan-renova-os-votos.html\",\"name\":\"Postulantes concluem o ano e Frei Ruan renova os votos - Not\u00edcias - Franciscanos\",\"isPartOf\":{\"@id\":\"https:\/\/franciscanos.org.br\/noticias\/#website\"},\"primaryImageOfPage\":{\"@id\":\"https:\/\/franciscanos.org.br\/noticias\/postulantes-concluem-o-ano-e-frei-ruan-renova-os-votos.html#primaryimage\"},\"datePublished\":\"2021-12-08T22:07:48+00:00\",\"dateModified\":\"2023-01-09T13:57:36+00:00\",\"author\":{\"@id\":\"https:\/\/franciscanos.org.br\/noticias\/#\/schema\/person\/b5c8cba458c330ccff548b056e95a5d4\"},\"breadcrumb\":{\"@id\":\"https:\/\/franciscanos.org.br\/noticias\/postulantes-concluem-o-ano-e-frei-ruan-renova-os-votos.html#breadcrumb\"},\"inLanguage\":\"pt-BR\",\"potentialAction\":[{\"@type\":\"ReadAction\",\"target\":[\"https:\/\/franciscanos.org.br\/noticias\/postulantes-concluem-o-ano-e-frei-ruan-renova-os-votos.html\"]}]},{\"@type\":\"BreadcrumbList\",\"@id\":\"https:\/\/franciscanos.org.br\/noticias\/postulantes-concluem-o-ano-e-frei-ruan-renova-os-votos.html#breadcrumb\",\"itemListElement\":[{\"@type\":\"ListItem\",\"position\":1,\"name\":\"Home\",\"item\":\"https:\/\/franciscanos.org.br\/noticias\"},{\"@type\":\"ListItem\",\"position\":2,\"name\":\"Postulantes concluem o ano e Frei Ruan renova os votos\"}]},{\"@type\":\"Person\",\"@id\":\"https:\/\/franciscanos.org.br\/noticias\/#\/schema\/person\/b5c8cba458c330ccff548b056e95a5d4\",\"name\":\"moacir\",\"image\":{\"@type\":\"ImageObject\",\"inLanguage\":\"pt-BR\",\"@id\":\"https:\/\/franciscanos.org.br\/noticias\/#\/schema\/person\/image\/\",\"url\":\"https:\/\/secure.gravatar.com\/avatar\/d08aa2ce4c8dd416d4479aa8536fcf64?s=96&d=mm&r=g\",\"contentUrl\":\"https:\/\/secure.gravatar.com\/avatar\/d08aa2ce4c8dd416d4479aa8536fcf64?s=96&d=mm&r=g\",\"caption\":\"moacir\"},\"url\":\"https:\/\/franciscanos.org.br\/noticias\/author\/moacir\"}]}<\/script>\n<!-- \/ Yoast SEO plugin. -->","yoast_head_json":{"title":"Postulantes concluem o ano e Frei Ruan renova os votos - Not\u00edcias - Franciscanos","robots":{"index":"index","follow":"follow","max-snippet":"max-snippet:-1","max-image-preview":"max-image-preview:large","max-video-preview":"max-video-preview:-1"},"canonical":"https:\/\/franciscanos.org.br\/noticias\/postulantes-concluem-o-ano-e-frei-ruan-renova-os-votos.html","og_locale":"pt_BR","og_type":"article","og_title":"Postulantes concluem o ano e Frei Ruan renova os votos - Not\u00edcias - Franciscanos","og_description":"Encerramento do Postulantado","og_url":"https:\/\/franciscanos.org.br\/noticias\/postulantes-concluem-o-ano-e-frei-ruan-renova-os-votos.html","og_site_name":"Not\u00edcias - Franciscanos","article_published_time":"2021-12-08T22:07:48+00:00","article_modified_time":"2023-01-09T13:57:36+00:00","og_image":[{"width":1200,"height":832,"url":"https:\/\/franciscanos.org.br\/noticias\/wp-content\/uploads\/2021\/12\/postulantado_0812.jpg","type":"image\/jpeg"}],"author":"moacir","twitter_card":"summary_large_image","twitter_misc":{"Escrito por":"moacir","Est. tempo de leitura":"5 minutos"},"schema":{"@context":"https:\/\/schema.org","@graph":[{"@type":"WebSite","@id":"https:\/\/franciscanos.org.br\/noticias\/#website","url":"https:\/\/franciscanos.org.br\/noticias\/","name":"Not\u00edcias - Franciscanos","description":"Prov\u00edncia Franciscana da Imaculada Concei\u00e7\u00e3o do Brasil - Ordem dos Frades Menores - OFM","potentialAction":[{"@type":"SearchAction","target":{"@type":"EntryPoint","urlTemplate":"https:\/\/franciscanos.org.br\/noticias\/?s={search_term_string}"},"query-input":"required name=search_term_string"}],"inLanguage":"pt-BR"},{"@type":"ImageObject","inLanguage":"pt-BR","@id":"https:\/\/franciscanos.org.br\/noticias\/postulantes-concluem-o-ano-e-frei-ruan-renova-os-votos.html#primaryimage","url":"https:\/\/franciscanos.org.br\/noticias\/wp-content\/uploads\/2021\/12\/postulantado_0812.jpg","contentUrl":"https:\/\/franciscanos.org.br\/noticias\/wp-content\/uploads\/2021\/12\/postulantado_0812.jpg","width":1200,"height":832},{"@type":"WebPage","@id":"https:\/\/franciscanos.org.br\/noticias\/postulantes-concluem-o-ano-e-frei-ruan-renova-os-votos.html#webpage","url":"https:\/\/franciscanos.org.br\/noticias\/postulantes-concluem-o-ano-e-frei-ruan-renova-os-votos.html","name":"Postulantes concluem o ano e Frei Ruan renova os votos - Not\u00edcias - Franciscanos","isPartOf":{"@id":"https:\/\/franciscanos.org.br\/noticias\/#website"},"primaryImageOfPage":{"@id":"https:\/\/franciscanos.org.br\/noticias\/postulantes-concluem-o-ano-e-frei-ruan-renova-os-votos.html#primaryimage"},"datePublished":"2021-12-08T22:07:48+00:00","dateModified":"2023-01-09T13:57:36+00:00","author":{"@id":"https:\/\/franciscanos.org.br\/noticias\/#\/schema\/person\/b5c8cba458c330ccff548b056e95a5d4"},"breadcrumb":{"@id":"https:\/\/franciscanos.org.br\/noticias\/postulantes-concluem-o-ano-e-frei-ruan-renova-os-votos.html#breadcrumb"},"inLanguage":"pt-BR","potentialAction":[{"@type":"ReadAction","target":["https:\/\/franciscanos.org.br\/noticias\/postulantes-concluem-o-ano-e-frei-ruan-renova-os-votos.html"]}]},{"@type":"BreadcrumbList","@id":"https:\/\/franciscanos.org.br\/noticias\/postulantes-concluem-o-ano-e-frei-ruan-renova-os-votos.html#breadcrumb","itemListElement":[{"@type":"ListItem","position":1,"name":"Home","item":"https:\/\/franciscanos.org.br\/noticias"},{"@type":"ListItem","position":2,"name":"Postulantes concluem o ano e Frei Ruan renova os votos"}]},{"@type":"Person","@id":"https:\/\/franciscanos.org.br\/noticias\/#\/schema\/person\/b5c8cba458c330ccff548b056e95a5d4","name":"moacir","image":{"@type":"ImageObject","inLanguage":"pt-BR","@id":"https:\/\/franciscanos.org.br\/noticias\/#\/schema\/person\/image\/","url":"https:\/\/secure.gravatar.com\/avatar\/d08aa2ce4c8dd416d4479aa8536fcf64?s=96&d=mm&r=g","contentUrl":"https:\/\/secure.gravatar.com\/avatar\/d08aa2ce4c8dd416d4479aa8536fcf64?s=96&d=mm&r=g","caption":"moacir"},"url":"https:\/\/franciscanos.org.br\/noticias\/author\/moacir"}]}},"_links":{"self":[{"href":"https:\/\/franciscanos.org.br\/noticias\/wp-json\/wp\/v2\/posts\/235738"}],"collection":[{"href":"https:\/\/franciscanos.org.br\/noticias\/wp-json\/wp\/v2\/posts"}],"about":[{"href":"https:\/\/franciscanos.org.br\/noticias\/wp-json\/wp\/v2\/types\/post"}],"author":[{"embeddable":true,"href":"https:\/\/franciscanos.org.br\/noticias\/wp-json\/wp\/v2\/users\/3"}],"replies":[{"embeddable":true,"href":"https:\/\/franciscanos.org.br\/noticias\/wp-json\/wp\/v2\/comments?post=235738"}],"version-history":[{"count":1,"href":"https:\/\/franciscanos.org.br\/noticias\/wp-json\/wp\/v2\/posts\/235738\/revisions"}],"predecessor-version":[{"id":235742,"href":"https:\/\/franciscanos.org.br\/noticias\/wp-json\/wp\/v2\/posts\/235738\/revisions\/235742"}],"wp:featuredmedia":[{"embeddable":true,"href":"https:\/\/franciscanos.org.br\/noticias\/wp-json\/wp\/v2\/media\/235739"}],"wp:attachment":[{"href":"https:\/\/franciscanos.org.br\/noticias\/wp-json\/wp\/v2\/media?parent=235738"}],"wp:term":[{"taxonomy":"category","embeddable":true,"href":"https:\/\/franciscanos.org.br\/noticias\/wp-json\/wp\/v2\/categories?post=235738"},{"taxonomy":"post_tag","embeddable":true,"href":"https:\/\/franciscanos.org.br\/noticias\/wp-json\/wp\/v2\/tags?post=235738"}],"curies":[{"name":"wp","href":"https:\/\/api.w.org\/{rel}","templated":true}]}}