{"id":235727,"date":"2021-12-08T18:51:19","date_gmt":"2021-12-08T21:51:19","guid":{"rendered":"https:\/\/franciscanos.org.br\/noticias\/?p=235727"},"modified":"2021-12-08T18:51:43","modified_gmt":"2021-12-08T21:51:43","slug":"rondinha-frades-renovam-os-votos-e-o-vigor-franciscano","status":"publish","type":"post","link":"https:\/\/franciscanos.org.br\/noticias\/rondinha-frades-renovam-os-votos-e-o-vigor-franciscano.html","title":{"rendered":"Rondinha: Frades renovam os votos e o vigor franciscano"},"content":{"rendered":"<p><img loading=\"lazy\" class=\"alignright size-full wp-image-235728\" src=\"https:\/\/franciscanos.org.br\/noticias\/wp-content\/uploads\/2021\/12\/rondinha_0812.jpg\" alt=\"\" width=\"1079\" height=\"685\" srcset=\"https:\/\/franciscanos.org.br\/noticias\/wp-content\/uploads\/2021\/12\/rondinha_0812.jpg 1079w, https:\/\/franciscanos.org.br\/noticias\/wp-content\/uploads\/2021\/12\/rondinha_0812-450x286.jpg 450w, https:\/\/franciscanos.org.br\/noticias\/wp-content\/uploads\/2021\/12\/rondinha_0812-1024x650.jpg 1024w, https:\/\/franciscanos.org.br\/noticias\/wp-content\/uploads\/2021\/12\/rondinha_0812-768x488.jpg 768w, https:\/\/franciscanos.org.br\/noticias\/wp-content\/uploads\/2021\/12\/rondinha_0812-150x95.jpg 150w\" sizes=\"(max-width: 1079px) 100vw, 1079px\" \/><\/p>\n<p><strong>Campo Largo (PR)<\/strong> &#8211; Nesta quarta-feira, dia 8, durante a Celebra\u00e7\u00e3o Eucar\u00edstica na Solenidade da Imaculada Concei\u00e7\u00e3o da Virgem Maria, os 24 frades de Profiss\u00e3o Tempor\u00e1ria da Fraternidade S\u00e3o Boaventura em Campo Largo (PR) renovaram a Consagra\u00e7\u00e3o a Deus e revigoraram a promessa de viverem fielmente os Conselhos Evang\u00e9licos nas m\u00e3os do Guardi\u00e3o Frei Je\u00e2 Paulo Andrade, representante direto do Ministro Provincial.<\/p>\n<p>Na tarde do dia anterior, 7, os frades no Tempo da Filosofia prepararam-se para a renova\u00e7\u00e3o dos votos meditando a carta enviada \u00e0 Provincia da Imaculada Concei\u00e7\u00e3o do Brasil pelo Ministro Geral Frei Massimo Fusarelli, OFM, no dia 15 de novembro deste ano. Tal carta expressa as diretrizes e reflex\u00f5es levantadas pelo Cap\u00edtulo Geral da Ordem dos Frades Menores realizado no m\u00eas de julho. Deste modo, percebendo as necessidades do mundo atual e acolhendo a inspira\u00e7\u00e3o do Esp\u00edrito do Senhor, os frades se prepararam para dizerem \u201csim\u201d ao dom da Vida Religiosa Consagrada Franciscana.<\/p>\n<p><img loading=\"lazy\" class=\"alignright size-full wp-image-235729\" src=\"https:\/\/franciscanos.org.br\/noticias\/wp-content\/uploads\/2021\/12\/rondinha_03.jpg\" alt=\"\" width=\"1167\" height=\"778\" srcset=\"https:\/\/franciscanos.org.br\/noticias\/wp-content\/uploads\/2021\/12\/rondinha_03.jpg 1167w, https:\/\/franciscanos.org.br\/noticias\/wp-content\/uploads\/2021\/12\/rondinha_03-450x300.jpg 450w, https:\/\/franciscanos.org.br\/noticias\/wp-content\/uploads\/2021\/12\/rondinha_03-1024x683.jpg 1024w, https:\/\/franciscanos.org.br\/noticias\/wp-content\/uploads\/2021\/12\/rondinha_03-768x512.jpg 768w, https:\/\/franciscanos.org.br\/noticias\/wp-content\/uploads\/2021\/12\/rondinha_03-150x100.jpg 150w\" sizes=\"(max-width: 1167px) 100vw, 1167px\" \/><\/p>\n<p>A respeito desta prepara\u00e7\u00e3o interior e fraterna, Frei Fernando Camaxilo Victor, frade no primeiro ano de Filosofia, compartilhou: \u201cO caminho se faz caminhando, j\u00e1 dizia um poeta. Assim, n\u00e3o raro dizemos ou ouvimos que para se chegar aonde se deseja \u00e9 necess\u00e1rio percorrer um longo caminho. Percorrer o caminho significa viver a vida, degustar cada experi\u00eancia \u2013 seja boa ou ruim \u2013, colher os lucros e os fracassos de cada tempo existencial. Construir-se, por vezes demolir-se. Estar atento \u00e0s encruzilhadas da estrada e tomar cuidado para n\u00e3o errar a dire\u00e7\u00e3o.\u201d<\/p>\n<p>\u201cEntre v\u00e1rios ou in\u00fameros caminhos que a vida nos oferece, n\u00f3s escolhemos a caminhada religiosa que, apesar dos desafios, estamos firmes e un\u00e2nimes, com a gra\u00e7a de Deus, neste caminhar rumos ao Pai Celeste. Uma das maiores alegrias que experimentamos durante esta vida, para mim com certeza, foi a Primeira Profiss\u00e3o, talvez para os outros n\u00e3o. Mas, o que mais \u00e9 importante \u00e9 a alegria do Evangelho. Entretanto, a Renova\u00e7\u00e3o dos Conselhos Evang\u00e9licos vem fortalecer e confortar a confian\u00e7a em Deus e aos irm\u00e3os dentro da m\u00e3e Fraternidade\u201d, continuou o frade.<\/p>\n\n\t\t<style type=\"text\/css\">\n\t\t\t#gallery-1 {\n\t\t\t\tmargin: auto;\n\t\t\t}\n\t\t\t#gallery-1 .gallery-item {\n\t\t\t\tfloat: left;\n\t\t\t\tmargin-top: 10px;\n\t\t\t\ttext-align: center;\n\t\t\t\twidth: 20%;\n\t\t\t}\n\t\t\t#gallery-1 img {\n\t\t\t\tborder: 2px solid #cfcfcf;\n\t\t\t}\n\t\t\t#gallery-1 .gallery-caption {\n\t\t\t\tmargin-left: 0;\n\t\t\t}\n\t\t\t\/* see gallery_shortcode() in wp-includes\/media.php *\/\n\t\t<\/style>\n\t\t<div id='gallery-1' class='gallery galleryid-235727 gallery-columns-5 gallery-size-thumbnail'><dl class='gallery-item'>\n\t\t\t<dt class='gallery-icon landscape'>\n\t\t\t\t<a href='https:\/\/franciscanos.org.br\/noticias\/wp-content\/uploads\/2021\/12\/rondinha_04.jpg'><img width=\"300\" height=\"300\" src=\"https:\/\/franciscanos.org.br\/noticias\/wp-content\/uploads\/2021\/12\/rondinha_04-300x300.jpg\" class=\"attachment-thumbnail size-thumbnail\" alt=\"\" loading=\"lazy\" srcset=\"https:\/\/franciscanos.org.br\/noticias\/wp-content\/uploads\/2021\/12\/rondinha_04-300x300.jpg 300w, https:\/\/franciscanos.org.br\/noticias\/wp-content\/uploads\/2021\/12\/rondinha_04-100x100.jpg 100w\" sizes=\"(max-width: 300px) 100vw, 300px\" \/><\/a>\n\t\t\t<\/dt><\/dl><dl class='gallery-item'>\n\t\t\t<dt class='gallery-icon landscape'>\n\t\t\t\t<a href='https:\/\/franciscanos.org.br\/noticias\/wp-content\/uploads\/2021\/12\/rondinha_05.jpg'><img width=\"300\" height=\"300\" src=\"https:\/\/franciscanos.org.br\/noticias\/wp-content\/uploads\/2021\/12\/rondinha_05-300x300.jpg\" class=\"attachment-thumbnail size-thumbnail\" alt=\"\" loading=\"lazy\" srcset=\"https:\/\/franciscanos.org.br\/noticias\/wp-content\/uploads\/2021\/12\/rondinha_05-300x300.jpg 300w, https:\/\/franciscanos.org.br\/noticias\/wp-content\/uploads\/2021\/12\/rondinha_05-100x100.jpg 100w\" sizes=\"(max-width: 300px) 100vw, 300px\" \/><\/a>\n\t\t\t<\/dt><\/dl><dl class='gallery-item'>\n\t\t\t<dt class='gallery-icon landscape'>\n\t\t\t\t<a href='https:\/\/franciscanos.org.br\/noticias\/wp-content\/uploads\/2021\/12\/rondinha_06.jpg'><img width=\"300\" height=\"300\" src=\"https:\/\/franciscanos.org.br\/noticias\/wp-content\/uploads\/2021\/12\/rondinha_06-300x300.jpg\" class=\"attachment-thumbnail size-thumbnail\" alt=\"\" loading=\"lazy\" srcset=\"https:\/\/franciscanos.org.br\/noticias\/wp-content\/uploads\/2021\/12\/rondinha_06-300x300.jpg 300w, https:\/\/franciscanos.org.br\/noticias\/wp-content\/uploads\/2021\/12\/rondinha_06-100x100.jpg 100w\" sizes=\"(max-width: 300px) 100vw, 300px\" \/><\/a>\n\t\t\t<\/dt><\/dl><dl class='gallery-item'>\n\t\t\t<dt class='gallery-icon landscape'>\n\t\t\t\t<a href='https:\/\/franciscanos.org.br\/noticias\/wp-content\/uploads\/2021\/12\/rondinha_07.jpg'><img width=\"300\" height=\"300\" src=\"https:\/\/franciscanos.org.br\/noticias\/wp-content\/uploads\/2021\/12\/rondinha_07-300x300.jpg\" class=\"attachment-thumbnail size-thumbnail\" alt=\"\" loading=\"lazy\" srcset=\"https:\/\/franciscanos.org.br\/noticias\/wp-content\/uploads\/2021\/12\/rondinha_07-300x300.jpg 300w, https:\/\/franciscanos.org.br\/noticias\/wp-content\/uploads\/2021\/12\/rondinha_07-100x100.jpg 100w\" sizes=\"(max-width: 300px) 100vw, 300px\" \/><\/a>\n\t\t\t<\/dt><\/dl><dl class='gallery-item'>\n\t\t\t<dt class='gallery-icon landscape'>\n\t\t\t\t<a href='https:\/\/franciscanos.org.br\/noticias\/wp-content\/uploads\/2021\/12\/rondinha_08.jpg'><img width=\"300\" height=\"300\" src=\"https:\/\/franciscanos.org.br\/noticias\/wp-content\/uploads\/2021\/12\/rondinha_08-300x300.jpg\" class=\"attachment-thumbnail size-thumbnail\" alt=\"\" loading=\"lazy\" srcset=\"https:\/\/franciscanos.org.br\/noticias\/wp-content\/uploads\/2021\/12\/rondinha_08-300x300.jpg 300w, https:\/\/franciscanos.org.br\/noticias\/wp-content\/uploads\/2021\/12\/rondinha_08-100x100.jpg 100w\" sizes=\"(max-width: 300px) 100vw, 300px\" \/><\/a>\n\t\t\t<\/dt><\/dl><br style=\"clear: both\" \/>\n\t\t<\/div>\n\n<p style=\"text-align: center;\"><em>(clique nas imagens para ampli\u00e1-las)<\/em><\/p>\n<p>Ao decorrer do ano, a Fraternidade S\u00e3o Boaventura encontrou fortes obst\u00e1culos como o luto e o confronto direto com a Covid-19, mas, com um olhar esperan\u00e7oso, o Mestre Frei Samuel Ferreira de Lima motivou os confrades dizendo: \u201cA Renova\u00e7\u00e3o dos Votos \u00e9 sempre um revigorar-se voltando \u00e0s origens. Ao Celebrarmos hoje a Festa da Imaculada, aquela que \u00e9 toda cheia de gra\u00e7a e deixou-se inundar pela gra\u00e7a do Esp\u00edrito, n\u00f3s, como frades, s\u00f3 conseguimos viver a fidelidade ao seguimento na gra\u00e7a do Esp\u00edrito porque \u00e9 ele que renova, que restaura. Ent\u00e3o quando dizemos o \u2018sim\u2019 novamente para a nossa Profiss\u00e3o, estamos dizendo que com a nossa limita\u00e7\u00e3o, nossa fragilidade queremos revigorar o caminho. De forma a buscar com mais autenticidade esta experi\u00eancia de f\u00e9, de consagra\u00e7\u00e3o e de seguimento apaixonado por Cristo Jesus\u201d.<\/p>\n<p>Durante a Celebra\u00e7\u00e3o Eucar\u00edstica na solenidade da Padroeira da Prov\u00edncia iniciada \u00e0s 10h da manh\u00e3, Frei Je\u00e2 Paulo Andrade, guardi\u00e3o da Fraternidade e delegado pelo Ministro Provincial Frei Paulo Roberto Pereira a acolher os votos dos confrades de Profiss\u00e3o Tempor\u00e1ria, motivou em sua hom\u00edlia a perseverarem, como Maria, no \u201csagrado sim\u201d. Al\u00e9m disto, Frei Je\u00e2 ressaltou que \u201cn\u00f3s somos chamados e escolhidos para sermos santos e irrepreens\u00edveis, como S\u00e3o Paulo. Precisamos levar a bom termo o que o Senhor pede a n\u00f3s. Ent\u00e3o realizamos, lutamos nesta caminhada, n\u00e3o por n\u00f3s mesmos, mas pela causa do Reino. Passamos por dificuldades e alegrias na fraternidade por Jesus\u201d. Por fim, o Guardi\u00e3o da Fraternidade inspirou n\u00e3o s\u00f3 os Professos Simples, mas toda a Fraternidade a renovar ou a revigorar os seus votos: \u201cQueremos renovar com voc\u00eas (confrades de Profiss\u00e3o Tempor\u00e1ria) a nossa vontade de nos consagrarmos ao Senhor\u201d.<\/p>\n<p><img loading=\"lazy\" class=\"alignright size-full wp-image-235735\" src=\"https:\/\/franciscanos.org.br\/noticias\/wp-content\/uploads\/2021\/12\/rondinha_0812_3.jpg\" alt=\"\" width=\"1159\" height=\"773\" srcset=\"https:\/\/franciscanos.org.br\/noticias\/wp-content\/uploads\/2021\/12\/rondinha_0812_3.jpg 1159w, https:\/\/franciscanos.org.br\/noticias\/wp-content\/uploads\/2021\/12\/rondinha_0812_3-450x300.jpg 450w, https:\/\/franciscanos.org.br\/noticias\/wp-content\/uploads\/2021\/12\/rondinha_0812_3-1024x683.jpg 1024w, https:\/\/franciscanos.org.br\/noticias\/wp-content\/uploads\/2021\/12\/rondinha_0812_3-768x512.jpg 768w, https:\/\/franciscanos.org.br\/noticias\/wp-content\/uploads\/2021\/12\/rondinha_0812_3-150x100.jpg 150w\" sizes=\"(max-width: 1159px) 100vw, 1159px\" \/><\/p>\n<p>Ap\u00f3s a celebra\u00e7\u00e3o e renova\u00e7\u00e3o dos conselhos evang\u00e9licos, o representante dos frades no Tempo da Filosofia, Frei Marcelo Tadeu da Silva Cardoso, partilhou: \u201cOs votos n\u00e3o s\u00e3o meras palavras que s\u00e3o ditas apenas para cumprir um rito, eles s\u00e3o a certeza de que nada me pertence ou nos pertence. Deus deu a vida \u00e0 cada frade, para bem servirmos a todas as criaturas e entreg\u00e1-la a Ele e nada melhor do que cumprir esse mandato em fraternidade, sendo obediente, casto e n\u00e3o tendo nada de pr\u00f3prio. Por isso, a caminhada que cada um enfrentou ao longo desse ano de 2021 foi a sua hist\u00f3ria e a maneira de se purificar, a exemplo de nosso Ser\u00e1fico Pai, S\u00e3o Francisco, a fim de poder renovar com mais certeza e firmeza o seu compromisso com o Senhor, junto a Igreja e a todo o seu povo. Dito isso \u00e9 hora de come\u00e7ar (uma nova hist\u00f3ria) porque pouco ou nada foi feito\u201d.<\/p>\n<p>Os frades que encerraram o curso de Filosofia v\u00e3o, ap\u00f3s um per\u00edodo de f\u00e9rias, para o Ano Mission\u00e1rio, ou seja, para outras realidades da Prov\u00edncia, fazendo parte de uma fraternidade e exercendo com ela as tarefas que a identidade franciscana as faz realizar. Frei S\u00e9rgio Hide Honna, frade que iniciar\u00e1 est\u00e1 nova etapa formativa, refletiu: \u201cA Prov\u00edncia espera que n\u00f3s, neste Ano Mission\u00e1rio, possamos utilizar o que aprendemos em benef\u00edcio das pessoas que iremos encontrar na miss\u00e3o. (&#8230;) N\u00f3s n\u00e3o podemos ficar alheios as diversas necessidades da pr\u00f3pria prov\u00edncia\u201d.<\/p>\n<p><img loading=\"lazy\" class=\"alignright size-full wp-image-235736\" src=\"https:\/\/franciscanos.org.br\/noticias\/wp-content\/uploads\/2021\/12\/rondinha_0812_5.jpg\" alt=\"\" width=\"1184\" height=\"532\" srcset=\"https:\/\/franciscanos.org.br\/noticias\/wp-content\/uploads\/2021\/12\/rondinha_0812_5.jpg 1184w, https:\/\/franciscanos.org.br\/noticias\/wp-content\/uploads\/2021\/12\/rondinha_0812_5-450x202.jpg 450w, https:\/\/franciscanos.org.br\/noticias\/wp-content\/uploads\/2021\/12\/rondinha_0812_5-1024x460.jpg 1024w, https:\/\/franciscanos.org.br\/noticias\/wp-content\/uploads\/2021\/12\/rondinha_0812_5-768x345.jpg 768w, https:\/\/franciscanos.org.br\/noticias\/wp-content\/uploads\/2021\/12\/rondinha_0812_5-150x67.jpg 150w\" sizes=\"(max-width: 1184px) 100vw, 1184px\" \/><\/p>\n<p>Ap\u00f3s o almo\u00e7o festivo, os frades que renovaram os votos, como de costume, v\u00e3o para as f\u00e9rias e para os diversos campos de evangeliza\u00e7\u00e3o e miss\u00e3o desempenhadas pelas Fraternidades que comp\u00f5em a Prov\u00edncia da Imaculada Concei\u00e7\u00e3o do Brasil.<\/p>\n<hr \/>\n<p><em>Frei Bruno Dias de Deus e Frei Roger Strapazzon<\/em><\/p>\n","protected":false},"excerpt":{"rendered":"<p>Renova\u00e7\u00e3o dos Votos<\/p>\n","protected":false},"author":3,"featured_media":235728,"comment_status":"open","ping_status":"open","sticky":false,"template":"","format":"standard","meta":[],"categories":[1],"tags":[1152],"acf":[],"yoast_head":"<!-- This site is optimized with the Yoast SEO plugin v19.2 - https:\/\/yoast.com\/wordpress\/plugins\/seo\/ -->\n<title>Rondinha: Frades renovam os votos e o vigor franciscano - Not\u00edcias - Franciscanos<\/title>\n<meta name=\"robots\" content=\"index, follow, max-snippet:-1, max-image-preview:large, max-video-preview:-1\" \/>\n<link rel=\"canonical\" href=\"https:\/\/franciscanos.org.br\/noticias\/rondinha-frades-renovam-os-votos-e-o-vigor-franciscano.html\" \/>\n<meta property=\"og:locale\" content=\"pt_BR\" \/>\n<meta property=\"og:type\" content=\"article\" \/>\n<meta property=\"og:title\" content=\"Rondinha: Frades renovam os votos e o vigor franciscano - Not\u00edcias - Franciscanos\" \/>\n<meta property=\"og:description\" content=\"Renova\u00e7\u00e3o dos Votos\" \/>\n<meta property=\"og:url\" content=\"https:\/\/franciscanos.org.br\/noticias\/rondinha-frades-renovam-os-votos-e-o-vigor-franciscano.html\" \/>\n<meta property=\"og:site_name\" content=\"Not\u00edcias - Franciscanos\" \/>\n<meta property=\"article:published_time\" content=\"2021-12-08T21:51:19+00:00\" \/>\n<meta property=\"article:modified_time\" content=\"2021-12-08T21:51:43+00:00\" \/>\n<meta property=\"og:image\" content=\"https:\/\/franciscanos.org.br\/noticias\/wp-content\/uploads\/2021\/12\/rondinha_0812.jpg\" \/>\n\t<meta property=\"og:image:width\" content=\"1079\" \/>\n\t<meta property=\"og:image:height\" content=\"685\" \/>\n\t<meta property=\"og:image:type\" content=\"image\/jpeg\" \/>\n<meta name=\"author\" content=\"moacir\" \/>\n<meta name=\"twitter:card\" content=\"summary_large_image\" \/>\n<meta name=\"twitter:label1\" content=\"Escrito por\" \/>\n\t<meta name=\"twitter:data1\" content=\"moacir\" \/>\n\t<meta name=\"twitter:label2\" content=\"Est. tempo de leitura\" \/>\n\t<meta name=\"twitter:data2\" content=\"5 minutos\" \/>\n<script type=\"application\/ld+json\" class=\"yoast-schema-graph\">{\"@context\":\"https:\/\/schema.org\",\"@graph\":[{\"@type\":\"WebSite\",\"@id\":\"https:\/\/franciscanos.org.br\/noticias\/#website\",\"url\":\"https:\/\/franciscanos.org.br\/noticias\/\",\"name\":\"Not\u00edcias - Franciscanos\",\"description\":\"Prov\u00edncia Franciscana da Imaculada Concei\u00e7\u00e3o do Brasil - Ordem dos Frades Menores - OFM\",\"potentialAction\":[{\"@type\":\"SearchAction\",\"target\":{\"@type\":\"EntryPoint\",\"urlTemplate\":\"https:\/\/franciscanos.org.br\/noticias\/?s={search_term_string}\"},\"query-input\":\"required name=search_term_string\"}],\"inLanguage\":\"pt-BR\"},{\"@type\":\"ImageObject\",\"inLanguage\":\"pt-BR\",\"@id\":\"https:\/\/franciscanos.org.br\/noticias\/rondinha-frades-renovam-os-votos-e-o-vigor-franciscano.html#primaryimage\",\"url\":\"https:\/\/franciscanos.org.br\/noticias\/wp-content\/uploads\/2021\/12\/rondinha_0812.jpg\",\"contentUrl\":\"https:\/\/franciscanos.org.br\/noticias\/wp-content\/uploads\/2021\/12\/rondinha_0812.jpg\",\"width\":1079,\"height\":685},{\"@type\":\"WebPage\",\"@id\":\"https:\/\/franciscanos.org.br\/noticias\/rondinha-frades-renovam-os-votos-e-o-vigor-franciscano.html#webpage\",\"url\":\"https:\/\/franciscanos.org.br\/noticias\/rondinha-frades-renovam-os-votos-e-o-vigor-franciscano.html\",\"name\":\"Rondinha: Frades renovam os votos e o vigor franciscano - Not\u00edcias - Franciscanos\",\"isPartOf\":{\"@id\":\"https:\/\/franciscanos.org.br\/noticias\/#website\"},\"primaryImageOfPage\":{\"@id\":\"https:\/\/franciscanos.org.br\/noticias\/rondinha-frades-renovam-os-votos-e-o-vigor-franciscano.html#primaryimage\"},\"datePublished\":\"2021-12-08T21:51:19+00:00\",\"dateModified\":\"2021-12-08T21:51:43+00:00\",\"author\":{\"@id\":\"https:\/\/franciscanos.org.br\/noticias\/#\/schema\/person\/b5c8cba458c330ccff548b056e95a5d4\"},\"breadcrumb\":{\"@id\":\"https:\/\/franciscanos.org.br\/noticias\/rondinha-frades-renovam-os-votos-e-o-vigor-franciscano.html#breadcrumb\"},\"inLanguage\":\"pt-BR\",\"potentialAction\":[{\"@type\":\"ReadAction\",\"target\":[\"https:\/\/franciscanos.org.br\/noticias\/rondinha-frades-renovam-os-votos-e-o-vigor-franciscano.html\"]}]},{\"@type\":\"BreadcrumbList\",\"@id\":\"https:\/\/franciscanos.org.br\/noticias\/rondinha-frades-renovam-os-votos-e-o-vigor-franciscano.html#breadcrumb\",\"itemListElement\":[{\"@type\":\"ListItem\",\"position\":1,\"name\":\"Home\",\"item\":\"https:\/\/franciscanos.org.br\/noticias\"},{\"@type\":\"ListItem\",\"position\":2,\"name\":\"Rondinha: Frades renovam os votos e o vigor franciscano\"}]},{\"@type\":\"Person\",\"@id\":\"https:\/\/franciscanos.org.br\/noticias\/#\/schema\/person\/b5c8cba458c330ccff548b056e95a5d4\",\"name\":\"moacir\",\"image\":{\"@type\":\"ImageObject\",\"inLanguage\":\"pt-BR\",\"@id\":\"https:\/\/franciscanos.org.br\/noticias\/#\/schema\/person\/image\/\",\"url\":\"https:\/\/secure.gravatar.com\/avatar\/d08aa2ce4c8dd416d4479aa8536fcf64?s=96&d=mm&r=g\",\"contentUrl\":\"https:\/\/secure.gravatar.com\/avatar\/d08aa2ce4c8dd416d4479aa8536fcf64?s=96&d=mm&r=g\",\"caption\":\"moacir\"},\"url\":\"https:\/\/franciscanos.org.br\/noticias\/author\/moacir\"}]}<\/script>\n<!-- \/ Yoast SEO plugin. -->","yoast_head_json":{"title":"Rondinha: Frades renovam os votos e o vigor franciscano - Not\u00edcias - Franciscanos","robots":{"index":"index","follow":"follow","max-snippet":"max-snippet:-1","max-image-preview":"max-image-preview:large","max-video-preview":"max-video-preview:-1"},"canonical":"https:\/\/franciscanos.org.br\/noticias\/rondinha-frades-renovam-os-votos-e-o-vigor-franciscano.html","og_locale":"pt_BR","og_type":"article","og_title":"Rondinha: Frades renovam os votos e o vigor franciscano - Not\u00edcias - Franciscanos","og_description":"Renova\u00e7\u00e3o dos Votos","og_url":"https:\/\/franciscanos.org.br\/noticias\/rondinha-frades-renovam-os-votos-e-o-vigor-franciscano.html","og_site_name":"Not\u00edcias - Franciscanos","article_published_time":"2021-12-08T21:51:19+00:00","article_modified_time":"2021-12-08T21:51:43+00:00","og_image":[{"width":1079,"height":685,"url":"https:\/\/franciscanos.org.br\/noticias\/wp-content\/uploads\/2021\/12\/rondinha_0812.jpg","type":"image\/jpeg"}],"author":"moacir","twitter_card":"summary_large_image","twitter_misc":{"Escrito por":"moacir","Est. tempo de leitura":"5 minutos"},"schema":{"@context":"https:\/\/schema.org","@graph":[{"@type":"WebSite","@id":"https:\/\/franciscanos.org.br\/noticias\/#website","url":"https:\/\/franciscanos.org.br\/noticias\/","name":"Not\u00edcias - Franciscanos","description":"Prov\u00edncia Franciscana da Imaculada Concei\u00e7\u00e3o do Brasil - Ordem dos Frades Menores - OFM","potentialAction":[{"@type":"SearchAction","target":{"@type":"EntryPoint","urlTemplate":"https:\/\/franciscanos.org.br\/noticias\/?s={search_term_string}"},"query-input":"required name=search_term_string"}],"inLanguage":"pt-BR"},{"@type":"ImageObject","inLanguage":"pt-BR","@id":"https:\/\/franciscanos.org.br\/noticias\/rondinha-frades-renovam-os-votos-e-o-vigor-franciscano.html#primaryimage","url":"https:\/\/franciscanos.org.br\/noticias\/wp-content\/uploads\/2021\/12\/rondinha_0812.jpg","contentUrl":"https:\/\/franciscanos.org.br\/noticias\/wp-content\/uploads\/2021\/12\/rondinha_0812.jpg","width":1079,"height":685},{"@type":"WebPage","@id":"https:\/\/franciscanos.org.br\/noticias\/rondinha-frades-renovam-os-votos-e-o-vigor-franciscano.html#webpage","url":"https:\/\/franciscanos.org.br\/noticias\/rondinha-frades-renovam-os-votos-e-o-vigor-franciscano.html","name":"Rondinha: Frades renovam os votos e o vigor franciscano - Not\u00edcias - Franciscanos","isPartOf":{"@id":"https:\/\/franciscanos.org.br\/noticias\/#website"},"primaryImageOfPage":{"@id":"https:\/\/franciscanos.org.br\/noticias\/rondinha-frades-renovam-os-votos-e-o-vigor-franciscano.html#primaryimage"},"datePublished":"2021-12-08T21:51:19+00:00","dateModified":"2021-12-08T21:51:43+00:00","author":{"@id":"https:\/\/franciscanos.org.br\/noticias\/#\/schema\/person\/b5c8cba458c330ccff548b056e95a5d4"},"breadcrumb":{"@id":"https:\/\/franciscanos.org.br\/noticias\/rondinha-frades-renovam-os-votos-e-o-vigor-franciscano.html#breadcrumb"},"inLanguage":"pt-BR","potentialAction":[{"@type":"ReadAction","target":["https:\/\/franciscanos.org.br\/noticias\/rondinha-frades-renovam-os-votos-e-o-vigor-franciscano.html"]}]},{"@type":"BreadcrumbList","@id":"https:\/\/franciscanos.org.br\/noticias\/rondinha-frades-renovam-os-votos-e-o-vigor-franciscano.html#breadcrumb","itemListElement":[{"@type":"ListItem","position":1,"name":"Home","item":"https:\/\/franciscanos.org.br\/noticias"},{"@type":"ListItem","position":2,"name":"Rondinha: Frades renovam os votos e o vigor franciscano"}]},{"@type":"Person","@id":"https:\/\/franciscanos.org.br\/noticias\/#\/schema\/person\/b5c8cba458c330ccff548b056e95a5d4","name":"moacir","image":{"@type":"ImageObject","inLanguage":"pt-BR","@id":"https:\/\/franciscanos.org.br\/noticias\/#\/schema\/person\/image\/","url":"https:\/\/secure.gravatar.com\/avatar\/d08aa2ce4c8dd416d4479aa8536fcf64?s=96&d=mm&r=g","contentUrl":"https:\/\/secure.gravatar.com\/avatar\/d08aa2ce4c8dd416d4479aa8536fcf64?s=96&d=mm&r=g","caption":"moacir"},"url":"https:\/\/franciscanos.org.br\/noticias\/author\/moacir"}]}},"_links":{"self":[{"href":"https:\/\/franciscanos.org.br\/noticias\/wp-json\/wp\/v2\/posts\/235727"}],"collection":[{"href":"https:\/\/franciscanos.org.br\/noticias\/wp-json\/wp\/v2\/posts"}],"about":[{"href":"https:\/\/franciscanos.org.br\/noticias\/wp-json\/wp\/v2\/types\/post"}],"author":[{"embeddable":true,"href":"https:\/\/franciscanos.org.br\/noticias\/wp-json\/wp\/v2\/users\/3"}],"replies":[{"embeddable":true,"href":"https:\/\/franciscanos.org.br\/noticias\/wp-json\/wp\/v2\/comments?post=235727"}],"version-history":[{"count":1,"href":"https:\/\/franciscanos.org.br\/noticias\/wp-json\/wp\/v2\/posts\/235727\/revisions"}],"predecessor-version":[{"id":235737,"href":"https:\/\/franciscanos.org.br\/noticias\/wp-json\/wp\/v2\/posts\/235727\/revisions\/235737"}],"wp:featuredmedia":[{"embeddable":true,"href":"https:\/\/franciscanos.org.br\/noticias\/wp-json\/wp\/v2\/media\/235728"}],"wp:attachment":[{"href":"https:\/\/franciscanos.org.br\/noticias\/wp-json\/wp\/v2\/media?parent=235727"}],"wp:term":[{"taxonomy":"category","embeddable":true,"href":"https:\/\/franciscanos.org.br\/noticias\/wp-json\/wp\/v2\/categories?post=235727"},{"taxonomy":"post_tag","embeddable":true,"href":"https:\/\/franciscanos.org.br\/noticias\/wp-json\/wp\/v2\/tags?post=235727"}],"curies":[{"name":"wp","href":"https:\/\/api.w.org\/{rel}","templated":true}]}}