{"id":235705,"date":"2021-12-08T18:10:51","date_gmt":"2021-12-08T21:10:51","guid":{"rendered":"https:\/\/franciscanos.org.br\/noticias\/?p=235705"},"modified":"2023-01-03T14:50:21","modified_gmt":"2023-01-03T17:50:21","slug":"ano-jubilar-no-convento-sao-francisco-comeca-com-mostra-de-presepios-e-renovacao-dos-votos","status":"publish","type":"post","link":"https:\/\/franciscanos.org.br\/noticias\/ano-jubilar-no-convento-sao-francisco-comeca-com-mostra-de-presepios-e-renovacao-dos-votos.html","title":{"rendered":"Ano Jubilar no Convento S\u00e3o Francisco come\u00e7a com Mostra de Pres\u00e9pios e Renova\u00e7\u00e3o dos Votos"},"content":{"rendered":"<p><img loading=\"lazy\" class=\"alignnone wp-image-235706 size-full\" src=\"https:\/\/franciscanos.org.br\/noticias\/wp-content\/uploads\/2021\/12\/sf_0812.jpg\" alt=\"\" width=\"1280\" height=\"720\" srcset=\"https:\/\/franciscanos.org.br\/noticias\/wp-content\/uploads\/2021\/12\/sf_0812.jpg 1280w, https:\/\/franciscanos.org.br\/noticias\/wp-content\/uploads\/2021\/12\/sf_0812-450x253.jpg 450w, https:\/\/franciscanos.org.br\/noticias\/wp-content\/uploads\/2021\/12\/sf_0812-1024x576.jpg 1024w, https:\/\/franciscanos.org.br\/noticias\/wp-content\/uploads\/2021\/12\/sf_0812-768x432.jpg 768w, https:\/\/franciscanos.org.br\/noticias\/wp-content\/uploads\/2021\/12\/sf_0812-150x84.jpg 150w\" sizes=\"(max-width: 1280px) 100vw, 1280px\" \/><\/p>\n<p><strong>S\u00e3o Paulo (SP)<\/strong> &#8211; A solenidade da Imaculada Concei\u00e7\u00e3o de Nossa Senhora foi vivida neste dia 8 de dezembro com intensidade no tradicional Convento S\u00e3o Francisco, no centro de S\u00e3o Paulo. Na Missa das 10 horas, o Reitor do Santu\u00e1rio S\u00e3o Francisco, Frei M\u00e1rio Tagliari, abriu o Ano Jubilar de 375 anos de funda\u00e7\u00e3o desta Igreja e Convento da Prov\u00edncia Franciscana da Imaculada Concei\u00e7\u00e3o. As festividades ir\u00e3o at\u00e9 17 de setembro de 2022. Por conta disso,\u00a0a C\u00faria Metropolitana de S\u00e3o Paulo, em decreto assinado pelo Cardeal Odilo Pedro Scherer, concede indulg\u00eancias plen\u00e1rias no Santu\u00e1rio S\u00e3o Francisco durante todo este Ano Jubilar.<\/p>\n<p>A Celebra\u00e7\u00e3o tamb\u00e9m marcou a Renova\u00e7\u00e3o dos Votos do frade professo tempor\u00e1rio Frei Gabriel Nogueira Alves, que concluiu o Curso de Filosofia neste ano, e de toda a Fraternidade do Convento. Outros momentos festivos foram a abertura da 32\u00aa Exposi\u00e7\u00e3o Franciscana de Pres\u00e9pios, que agora passa a ser permanente no Santu\u00e1rio, e a inaugura\u00e7\u00e3o, no interior do Convento, do &#8220;Bistr\u00f4 Franciscano&#8221;.<\/p>\n<p><img loading=\"lazy\" class=\"alignnone wp-image-235708 size-full\" src=\"https:\/\/franciscanos.org.br\/noticias\/wp-content\/uploads\/2021\/12\/sf_0812_12.jpg\" alt=\"\" width=\"1200\" height=\"900\" srcset=\"https:\/\/franciscanos.org.br\/noticias\/wp-content\/uploads\/2021\/12\/sf_0812_12.jpg 1200w, https:\/\/franciscanos.org.br\/noticias\/wp-content\/uploads\/2021\/12\/sf_0812_12-450x338.jpg 450w, https:\/\/franciscanos.org.br\/noticias\/wp-content\/uploads\/2021\/12\/sf_0812_12-1024x768.jpg 1024w, https:\/\/franciscanos.org.br\/noticias\/wp-content\/uploads\/2021\/12\/sf_0812_12-768x576.jpg 768w, https:\/\/franciscanos.org.br\/noticias\/wp-content\/uploads\/2021\/12\/sf_0812_12-150x113.jpg 150w, https:\/\/franciscanos.org.br\/noticias\/wp-content\/uploads\/2021\/12\/sf_0812_12-600x450.jpg 600w\" sizes=\"(max-width: 1200px) 100vw, 1200px\" \/><\/p>\n<p>Segundo Frei M\u00e1rio, que \u00e9 guardi\u00e3o da Fraternidade do Convento, Maria foi preparada por Deus desde o primeiro instante de sua exist\u00eancia para acolher Aquele que realizaria a salva\u00e7\u00e3o do mundo. &#8220;Na festa de hoje, celebramos a sua Imaculada Concep\u00e7\u00e3o. Quer dizer: desde sua concep\u00e7\u00e3o no ventre de sua m\u00e3e, ela \u00e9 cheia de gra\u00e7a, sem a mancha do pecado original&#8221;, disse o celebrante, lembrando que os frades franciscanos desde sempre defenderam este mist\u00e9rio em vista da salva\u00e7\u00e3o realizada por Jesus Cristo.<\/p>\n<p>&#8220;S\u00e3o Francisco consagrou a Ordem dos Frades Menores a Nossa Senhora. S\u00e3o Francisco, na Porci\u00fancula teve a vis\u00e3o em que lhe apareceu sobre o altar a Virgem Maria e seu filho Jesus Cristo rodeados de anjos. Ali Francisco manifestou o desejo enviar a todos para o c\u00e9u. Recebeu do Papa a indulg\u00eancia plen\u00e1ria das penas dos pecados a todos que por l\u00e1 passassem no dia 2 de agosto, dia de Nossa Senhora dos Anjos da Porci\u00fancula. Depois foi estendida a todas as igrejas franciscanas a t\u00e3o querida festa do Perd\u00e3o de Assis&#8221;, recordou o frade.<\/p>\n<p><img loading=\"lazy\" class=\"alignnone wp-image-235709 size-full\" src=\"https:\/\/franciscanos.org.br\/noticias\/wp-content\/uploads\/2021\/12\/sf_0812_8.jpg\" alt=\"\" width=\"1200\" height=\"1600\" srcset=\"https:\/\/franciscanos.org.br\/noticias\/wp-content\/uploads\/2021\/12\/sf_0812_8.jpg 810w, https:\/\/franciscanos.org.br\/noticias\/wp-content\/uploads\/2021\/12\/sf_0812_8-338x450.jpg 338w, https:\/\/franciscanos.org.br\/noticias\/wp-content\/uploads\/2021\/12\/sf_0812_8-768x1024.jpg 768w, https:\/\/franciscanos.org.br\/noticias\/wp-content\/uploads\/2021\/12\/sf_0812_8-1152x1536.jpg 1152w, https:\/\/franciscanos.org.br\/noticias\/wp-content\/uploads\/2021\/12\/sf_0812_8-150x200.jpg 150w\" sizes=\"(max-width: 1200px) 100vw, 1200px\" \/><\/p>\n<p>Frei M\u00e1rio lembrou que Frei Galv\u00e3o viveu 60 anos nesta igreja e fez sua consagra\u00e7\u00e3o a Nossa Senhora Imaculada diante da antiga imagem da Imaculada no altar lateral, assinando-a com seu pr\u00f3prio sangue. &#8220;E foi com um peda\u00e7o de papel que Frei Galv\u00e3o socorreu uma m\u00e3e em dificuldade de parto escrevendo a jaculat\u00f3ria: &#8216;Permaneceste Virgem ap\u00f3s o parto, \u00f3 Maria Imaculada Concei\u00e7\u00e3o'&#8221;, observou. O inc\u00eandio de 1880 destruiu a antiga capela-mor. Foram salvas as paredes, a imagem de S\u00e3o Francisco, considerada a mais bela das que se encontram nos conventos antigos, e a imagem da Imaculada Concei\u00e7\u00e3o, al\u00e9m de mobili\u00e1rios como as estalas do coro dos frades. O Santu\u00e1rio \u00e9 tombado como Patrim\u00f4nio Hist\u00f3rico desde 1982.<\/p>\n<p><img loading=\"lazy\" class=\"alignright size-full wp-image-235725\" src=\"https:\/\/franciscanos.org.br\/noticias\/wp-content\/uploads\/2021\/12\/decreto.jpg\" alt=\"\" width=\"1200\" height=\"1395\" srcset=\"https:\/\/franciscanos.org.br\/noticias\/wp-content\/uploads\/2021\/12\/decreto.jpg 929w, https:\/\/franciscanos.org.br\/noticias\/wp-content\/uploads\/2021\/12\/decreto-387x450.jpg 387w, https:\/\/franciscanos.org.br\/noticias\/wp-content\/uploads\/2021\/12\/decreto-881x1024.jpg 881w, https:\/\/franciscanos.org.br\/noticias\/wp-content\/uploads\/2021\/12\/decreto-768x893.jpg 768w, https:\/\/franciscanos.org.br\/noticias\/wp-content\/uploads\/2021\/12\/decreto-150x174.jpg 150w\" sizes=\"(max-width: 1200px) 100vw, 1200px\" \/><\/p>\n<p>Frei M\u00e1rio lembrou que o Convento foi declarado Santu\u00e1rio (6 de junho de 1997) pelo saudoso e centen\u00e1rio Cardeal Dom Paulo Evaristo Arns, frade menor, que chamava a igreja e convento de &#8216;Confession\u00e1rio de S\u00e3o Paulo&#8217;. &#8220;N\u00f3s, frades deste santu\u00e1rio S\u00e3o Francisco, em nosso projeto fraterno de vida miss\u00e3o, colocamos como miss\u00e3o nossa: evangelizar como fraternidade de irm\u00e3os e menores, orante, prof\u00e9tica, solid\u00e1ria com o sofrimento dos empobrecidos e exclu\u00eddos, acolhedora, aberta ao di\u00e1logo com todos e empenhada no cuidado da &#8216;casa comum'&#8221;, explicou o Reitor.<\/p>\n\n\t\t<style type=\"text\/css\">\n\t\t\t#gallery-1 {\n\t\t\t\tmargin: auto;\n\t\t\t}\n\t\t\t#gallery-1 .gallery-item {\n\t\t\t\tfloat: left;\n\t\t\t\tmargin-top: 10px;\n\t\t\t\ttext-align: center;\n\t\t\t\twidth: 16%;\n\t\t\t}\n\t\t\t#gallery-1 img {\n\t\t\t\tborder: 2px solid #cfcfcf;\n\t\t\t}\n\t\t\t#gallery-1 .gallery-caption {\n\t\t\t\tmargin-left: 0;\n\t\t\t}\n\t\t\t\/* see gallery_shortcode() in wp-includes\/media.php *\/\n\t\t<\/style>\n\t\t<div id='gallery-1' class='gallery galleryid-235705 gallery-columns-6 gallery-size-thumbnail'><dl class='gallery-item'>\n\t\t\t<dt class='gallery-icon landscape'>\n\t\t\t\t<a href='https:\/\/franciscanos.org.br\/noticias\/wp-content\/uploads\/2021\/12\/sf_0812_1.jpg'><img width=\"300\" height=\"300\" src=\"https:\/\/franciscanos.org.br\/noticias\/wp-content\/uploads\/2021\/12\/sf_0812_1-300x300.jpg\" class=\"attachment-thumbnail size-thumbnail\" alt=\"\" loading=\"lazy\" srcset=\"https:\/\/franciscanos.org.br\/noticias\/wp-content\/uploads\/2021\/12\/sf_0812_1-300x300.jpg 300w, https:\/\/franciscanos.org.br\/noticias\/wp-content\/uploads\/2021\/12\/sf_0812_1-100x100.jpg 100w\" sizes=\"(max-width: 300px) 100vw, 300px\" \/><\/a>\n\t\t\t<\/dt><\/dl><dl class='gallery-item'>\n\t\t\t<dt class='gallery-icon landscape'>\n\t\t\t\t<a href='https:\/\/franciscanos.org.br\/noticias\/wp-content\/uploads\/2021\/12\/sf_01.jpg'><img width=\"300\" height=\"300\" src=\"https:\/\/franciscanos.org.br\/noticias\/wp-content\/uploads\/2021\/12\/sf_01-300x300.jpg\" class=\"attachment-thumbnail size-thumbnail\" alt=\"\" loading=\"lazy\" srcset=\"https:\/\/franciscanos.org.br\/noticias\/wp-content\/uploads\/2021\/12\/sf_01-300x300.jpg 300w, https:\/\/franciscanos.org.br\/noticias\/wp-content\/uploads\/2021\/12\/sf_01-100x100.jpg 100w\" sizes=\"(max-width: 300px) 100vw, 300px\" \/><\/a>\n\t\t\t<\/dt><\/dl><dl class='gallery-item'>\n\t\t\t<dt class='gallery-icon landscape'>\n\t\t\t\t<a href='https:\/\/franciscanos.org.br\/noticias\/wp-content\/uploads\/2021\/12\/sf_02.jpg'><img width=\"300\" height=\"300\" src=\"https:\/\/franciscanos.org.br\/noticias\/wp-content\/uploads\/2021\/12\/sf_02-300x300.jpg\" class=\"attachment-thumbnail size-thumbnail\" alt=\"\" loading=\"lazy\" srcset=\"https:\/\/franciscanos.org.br\/noticias\/wp-content\/uploads\/2021\/12\/sf_02-300x300.jpg 300w, https:\/\/franciscanos.org.br\/noticias\/wp-content\/uploads\/2021\/12\/sf_02-100x100.jpg 100w\" sizes=\"(max-width: 300px) 100vw, 300px\" \/><\/a>\n\t\t\t<\/dt><\/dl><dl class='gallery-item'>\n\t\t\t<dt class='gallery-icon landscape'>\n\t\t\t\t<a href='https:\/\/franciscanos.org.br\/noticias\/wp-content\/uploads\/2021\/12\/sf_04.jpg'><img width=\"300\" height=\"300\" src=\"https:\/\/franciscanos.org.br\/noticias\/wp-content\/uploads\/2021\/12\/sf_04-300x300.jpg\" class=\"attachment-thumbnail size-thumbnail\" alt=\"\" loading=\"lazy\" srcset=\"https:\/\/franciscanos.org.br\/noticias\/wp-content\/uploads\/2021\/12\/sf_04-300x300.jpg 300w, https:\/\/franciscanos.org.br\/noticias\/wp-content\/uploads\/2021\/12\/sf_04-100x100.jpg 100w\" sizes=\"(max-width: 300px) 100vw, 300px\" \/><\/a>\n\t\t\t<\/dt><\/dl><dl class='gallery-item'>\n\t\t\t<dt class='gallery-icon landscape'>\n\t\t\t\t<a href='https:\/\/franciscanos.org.br\/noticias\/wp-content\/uploads\/2021\/12\/sf_05.jpg'><img width=\"300\" height=\"300\" src=\"https:\/\/franciscanos.org.br\/noticias\/wp-content\/uploads\/2021\/12\/sf_05-300x300.jpg\" class=\"attachment-thumbnail size-thumbnail\" alt=\"\" loading=\"lazy\" srcset=\"https:\/\/franciscanos.org.br\/noticias\/wp-content\/uploads\/2021\/12\/sf_05-300x300.jpg 300w, https:\/\/franciscanos.org.br\/noticias\/wp-content\/uploads\/2021\/12\/sf_05-100x100.jpg 100w\" sizes=\"(max-width: 300px) 100vw, 300px\" \/><\/a>\n\t\t\t<\/dt><\/dl><dl class='gallery-item'>\n\t\t\t<dt class='gallery-icon landscape'>\n\t\t\t\t<a href='https:\/\/franciscanos.org.br\/noticias\/wp-content\/uploads\/2021\/12\/sf_0812_4.jpg'><img width=\"300\" height=\"300\" src=\"https:\/\/franciscanos.org.br\/noticias\/wp-content\/uploads\/2021\/12\/sf_0812_4-300x300.jpg\" class=\"attachment-thumbnail size-thumbnail\" alt=\"\" loading=\"lazy\" srcset=\"https:\/\/franciscanos.org.br\/noticias\/wp-content\/uploads\/2021\/12\/sf_0812_4-300x300.jpg 300w, https:\/\/franciscanos.org.br\/noticias\/wp-content\/uploads\/2021\/12\/sf_0812_4-100x100.jpg 100w\" sizes=\"(max-width: 300px) 100vw, 300px\" \/><\/a>\n\t\t\t<\/dt><\/dl><br style=\"clear: both\" \/>\n\t\t<\/div>\n\n<p style=\"text-align: center;\"><em>(clique nas imagens para ampli\u00e1-las)<\/em><\/p>\n<p>A estrutura atual do Convento S\u00e3o Francisco, na parte dos fundos da secular igreja, foi constru\u00edda em 1941 pelo ent\u00e3o guardi\u00e3o Frei Damaso Venker. At\u00e9 2004 foi a sede da Prov\u00edncia Franciscana da Imaculada Concei\u00e7\u00e3o do Brasil, que abrange os estados de Esp\u00edrito Santo, Rio de Janeiro, S\u00e3o Paulo, Paran\u00e1 e Santa Catarina. Ela foi fundada em 15 de julho de 1675. Conclu\u00edda a recente reforma, o Convento \u00e9 hoje um lugar para encontros e retiros para Ordem Franciscana, por outros institutos e tamb\u00e9m pela Arquidiocese. Com essa restaura\u00e7\u00e3o, o novo espa\u00e7o tem condi\u00e7\u00f5es de abrigar uma m\u00e9dia de 50 pessoas.<\/p>\n<p><img loading=\"lazy\" class=\"alignright wp-image-235720 size-full\" src=\"https:\/\/franciscanos.org.br\/noticias\/wp-content\/uploads\/2021\/12\/sf_0812_9.jpg\" alt=\"\" width=\"1200\" height=\"900\" srcset=\"https:\/\/franciscanos.org.br\/noticias\/wp-content\/uploads\/2021\/12\/sf_0812_9.jpg 1200w, https:\/\/franciscanos.org.br\/noticias\/wp-content\/uploads\/2021\/12\/sf_0812_9-450x338.jpg 450w, https:\/\/franciscanos.org.br\/noticias\/wp-content\/uploads\/2021\/12\/sf_0812_9-1024x768.jpg 1024w, https:\/\/franciscanos.org.br\/noticias\/wp-content\/uploads\/2021\/12\/sf_0812_9-768x576.jpg 768w, https:\/\/franciscanos.org.br\/noticias\/wp-content\/uploads\/2021\/12\/sf_0812_9-150x113.jpg 150w, https:\/\/franciscanos.org.br\/noticias\/wp-content\/uploads\/2021\/12\/sf_0812_9-600x450.jpg 600w\" sizes=\"(max-width: 1200px) 100vw, 1200px\" \/><\/p>\n<p>Frei M\u00e1rio adiantou que neste Ano Jubilar, v\u00e1rios eventos e celebra\u00e7\u00f5es est\u00e3o sendo preparados at\u00e9 a pr\u00f3xima festa das Chagas de S\u00e3o Francisco de Assis, quando o Convento celebra 375 anos. \u201cVamos reviver a grande hist\u00f3ria da presen\u00e7a franciscana no cora\u00e7\u00e3o de S\u00e3o Paulo\u201d, explicou Frei M\u00e1rio.<\/p>\n<p>Em 1647, quando foi fundado, ap\u00f3s quatro anos de obras, era o maior pr\u00e9dio constru\u00eddo de S\u00e3o Paulo e, por isso, foi escolhido para sediar um dos cursos jur\u00eddicos institu\u00eddos por Dom Pedro I, em 1827.<\/p>\n<p><img loading=\"lazy\" class=\"alignnone wp-image-235710 size-full\" src=\"https:\/\/franciscanos.org.br\/noticias\/wp-content\/uploads\/2021\/12\/sf_0812_3.jpg\" alt=\"\" width=\"1280\" height=\"833\" srcset=\"https:\/\/franciscanos.org.br\/noticias\/wp-content\/uploads\/2021\/12\/sf_0812_3.jpg 1280w, https:\/\/franciscanos.org.br\/noticias\/wp-content\/uploads\/2021\/12\/sf_0812_3-450x293.jpg 450w, https:\/\/franciscanos.org.br\/noticias\/wp-content\/uploads\/2021\/12\/sf_0812_3-1024x666.jpg 1024w, https:\/\/franciscanos.org.br\/noticias\/wp-content\/uploads\/2021\/12\/sf_0812_3-768x500.jpg 768w, https:\/\/franciscanos.org.br\/noticias\/wp-content\/uploads\/2021\/12\/sf_0812_3-150x98.jpg 150w\" sizes=\"(max-width: 1280px) 100vw, 1280px\" \/><\/p>\n<p><strong>RENOVA\u00c7\u00c3O DOS VOTOS<\/strong><\/p>\n<p>O jovem frade professo tempor\u00e1rio Frei Gabriel Nogueira Alves, que concluiu o Curso de Filosofia este ano, renovou os votos diante do guardi\u00e3o da Fraternidade Frei M\u00e1rio Tagliari, delegado pelo Ministro Provincial Frei Paulo Pereira. Frei Gabriel passou a residir no Convento S\u00e3o Francisco para ficar perto de sua m\u00e3e e irm\u00e3o menor depois do falecimento de seu pai. No seu pedido, comprometeu-se dizendo: \u201cFa\u00e7o voto a Deus Pai santo e todo-poderoso de viver por mais um ano, em obedi\u00eancia, sem nada de pr\u00f3prio e em castidade, ao mesmo tempo prometo observar a Regra dos Frades Menores\u201d.<\/p>\n<p>Frei M\u00e1rio agradeceu a Frei Gabriel pela sua profiss\u00e3o e por recordar, com sua juventude, aos frades mais antigos o encantamento da voca\u00e7\u00e3o. Por fim, o Guardi\u00e3o da Fraternidade convidou toda a Fraternidade a renovar tamb\u00e9m seus votos.<\/p>\n<p><img loading=\"lazy\" class=\"alignnone wp-image-235711 size-full\" src=\"https:\/\/franciscanos.org.br\/noticias\/wp-content\/uploads\/2021\/12\/sf_0812_10.jpg\" alt=\"\" width=\"1200\" height=\"900\" srcset=\"https:\/\/franciscanos.org.br\/noticias\/wp-content\/uploads\/2021\/12\/sf_0812_10.jpg 1200w, https:\/\/franciscanos.org.br\/noticias\/wp-content\/uploads\/2021\/12\/sf_0812_10-450x338.jpg 450w, https:\/\/franciscanos.org.br\/noticias\/wp-content\/uploads\/2021\/12\/sf_0812_10-1024x768.jpg 1024w, https:\/\/franciscanos.org.br\/noticias\/wp-content\/uploads\/2021\/12\/sf_0812_10-768x576.jpg 768w, https:\/\/franciscanos.org.br\/noticias\/wp-content\/uploads\/2021\/12\/sf_0812_10-150x113.jpg 150w, https:\/\/franciscanos.org.br\/noticias\/wp-content\/uploads\/2021\/12\/sf_0812_10-600x450.jpg 600w\" sizes=\"(max-width: 1200px) 100vw, 1200px\" \/><\/p>\n<p><strong>MOSTRA FRANCISCANA DE PRES\u00c9PIOS<\/strong><\/p>\n<p>A 32\u00aa Exposi\u00e7\u00e3o Franciscana de Pres\u00e9pios do Santu\u00e1rio S\u00e3o Francisco de Assis j\u00e1 faz parte do calend\u00e1rio das festividades natalinas da cidade de S\u00e3o Paulo. Neste ano, Frei M\u00e1rio aben\u00e7oou o novo espa\u00e7o onde a Mostra ficar\u00e1 at\u00e9 o final de 2022. A exposi\u00e7\u00e3o, que antigamente encerrava-se pr\u00f3ximo \u00e0 Festa da Epifania, a partir deste ano ficar\u00e1 dispon\u00edvel para visita\u00e7\u00e3o de forma permanente, sendo renovada a cada final de ano.<\/p>\n<p>Sempre repleta de novidades, a 32\u00aa edi\u00e7\u00e3o tem como tema \u201cO povo que andava nas trevas viu uma luz\u201d, inspirado na primeira leitura da Solenidade de Natal, do Profeta Isa\u00edas.<\/p>\n<div id=\"attachment_235712\" style=\"width: 1290px\" class=\"wp-caption alignnone\"><img aria-describedby=\"caption-attachment-235712\" loading=\"lazy\" class=\"wp-image-235712 size-full\" src=\"https:\/\/franciscanos.org.br\/noticias\/wp-content\/uploads\/2021\/12\/sf_0812_6.jpg\" alt=\"\" width=\"1280\" height=\"960\" srcset=\"https:\/\/franciscanos.org.br\/noticias\/wp-content\/uploads\/2021\/12\/sf_0812_6.jpg 1280w, https:\/\/franciscanos.org.br\/noticias\/wp-content\/uploads\/2021\/12\/sf_0812_6-450x338.jpg 450w, https:\/\/franciscanos.org.br\/noticias\/wp-content\/uploads\/2021\/12\/sf_0812_6-1024x768.jpg 1024w, https:\/\/franciscanos.org.br\/noticias\/wp-content\/uploads\/2021\/12\/sf_0812_6-768x576.jpg 768w, https:\/\/franciscanos.org.br\/noticias\/wp-content\/uploads\/2021\/12\/sf_0812_6-150x113.jpg 150w, https:\/\/franciscanos.org.br\/noticias\/wp-content\/uploads\/2021\/12\/sf_0812_6-600x450.jpg 600w\" sizes=\"(max-width: 1280px) 100vw, 1280px\" \/><p id=\"caption-attachment-235712\" class=\"wp-caption-text\"><em>Antonieta Tordino, ceramista, escultora e pintora, \u00e9 autora do pres\u00e9pio formado por anjos.<\/em><\/p><\/div>\n<p>Frei M\u00e1rio acompanha a Mostra desde o in\u00edcio em 1990, quando foi idealizada por Frei Pedro Pinheiro, com a ajuda de Frei Est\u00eav\u00e3o Ottenbreit. Para ele, o encanto pelo pres\u00e9pio n\u00e3o muda. &#8220;Se d\u00e1, sem d\u00favida, por uma raz\u00e3o familiar, pois muitas fam\u00edlias montam pres\u00e9pios. Mas mais do que tudo, acho que nos remete \u00e0 nossa inf\u00e2ncia, a esse sonho de pureza, de simplicidade, de Deus que se faz crian\u00e7a. Uma fam\u00edlia, Maria e Jos\u00e9, na simplicidade, naquele despojamento, o Menino entre palhas, o boi e o burro, no fundo, no fundo, foi o que S\u00e3o Francisco de Assis, em 1223, quis fazer. Ver com os olhos e com todos os sentidos como Deus fica entre palhas, humanamente, como diz S\u00e3o Francisco. Ent\u00e3o, essa \u00e9 a grandeza do Natal. A singeleza do pres\u00e9pio nos remete \u00e0 nossa inf\u00e2ncia. Nascemos todos crian\u00e7as. Remete ao aconchego da m\u00e3e. Ent\u00e3o, acho que esse \u00e9 o encanto do pres\u00e9pio que permanece e permanecer\u00e1 para sempre&#8221;, acredita Frei M\u00e1rio.<\/p>\n<p><img loading=\"lazy\" class=\"alignright wp-image-235713\" src=\"https:\/\/franciscanos.org.br\/noticias\/wp-content\/uploads\/2021\/12\/sf_0812_5.jpg\" alt=\"\" width=\"322\" height=\"283\" srcset=\"https:\/\/franciscanos.org.br\/noticias\/wp-content\/uploads\/2021\/12\/sf_0812_5.jpg 450w, https:\/\/franciscanos.org.br\/noticias\/wp-content\/uploads\/2021\/12\/sf_0812_5-150x132.jpg 150w\" sizes=\"(max-width: 322px) 100vw, 322px\" \/>Gabriela Menezes Pereira contou que chamou sua aten\u00e7\u00e3o a diversidade de modelos de pres\u00e9pios de v\u00e1rias regi\u00f5es do pa\u00eds. Gostou do pres\u00e9pio feito de material recicl\u00e1vel. \u201cMas todos s\u00e3o bonitos\u201d, disse.<\/p>\n<p>A cria\u00e7\u00e3o e organiza\u00e7\u00e3o da Mostra \u00e9 de Frei Alberto Eckel, Frei Jhones Lucas Martins, Frei Gabriel Nogueira e Rafael Herrera.<\/p>\n<p>O espa\u00e7o est\u00e1 aberto para visita\u00e7\u00e3o de ter\u00e7a a s\u00e1bado, das 10 \u00e0s 16 horas, sendo das 9 \u00e0s 13 hs aos domingos. O ingresso custa R$ 2,00.\u00a0\u00a0 Contatos: (11) 3291-2400 ou (11) 99546 2500 (whatsapp).<\/p>\n<p>&nbsp;<\/p>\n<p><strong>BISTR\u00d4 S\u00c3O FRANCISCO<\/strong><\/p>\n<p>Depois de apreciar os pres\u00e9pios, o visitante agora tem um espa\u00e7o aconchegante no primeiro andar, ao lado da Mostra: \u00e9 o Bistr\u00f4 S\u00e3o Francisco, criado para oferecer caf\u00e9, doces, quitutes, p\u00e3es e broas feitos no Convento.<\/p>\n<p><img loading=\"lazy\" class=\"alignright wp-image-235714 size-full\" src=\"https:\/\/franciscanos.org.br\/noticias\/wp-content\/uploads\/2021\/12\/sf_0812_7.jpg\" alt=\"\" width=\"1280\" height=\"960\" srcset=\"https:\/\/franciscanos.org.br\/noticias\/wp-content\/uploads\/2021\/12\/sf_0812_7.jpg 1280w, https:\/\/franciscanos.org.br\/noticias\/wp-content\/uploads\/2021\/12\/sf_0812_7-450x338.jpg 450w, https:\/\/franciscanos.org.br\/noticias\/wp-content\/uploads\/2021\/12\/sf_0812_7-1024x768.jpg 1024w, https:\/\/franciscanos.org.br\/noticias\/wp-content\/uploads\/2021\/12\/sf_0812_7-768x576.jpg 768w, https:\/\/franciscanos.org.br\/noticias\/wp-content\/uploads\/2021\/12\/sf_0812_7-150x113.jpg 150w, https:\/\/franciscanos.org.br\/noticias\/wp-content\/uploads\/2021\/12\/sf_0812_7-600x450.jpg 600w\" sizes=\"(max-width: 1280px) 100vw, 1280px\" \/><\/p>\n<p>O local fez jus aos bistr\u00f4s, que nasceram no seio das fam\u00edlias francesas, e neste caso reflete com simplicidade o ambiente conventual e franciscano. Tem o comando do jovem Frei Gabriel.<\/p>\n<hr \/>\n<p><em>Comunica\u00e7\u00e3o da Prov\u00edncia da Imaculada Concei\u00e7\u00e3o<\/em><\/p>\n<p>&nbsp;<\/p>\n","protected":false},"excerpt":{"rendered":"<p>Imaculada Concei\u00e7\u00e3o no Convento S\u00e3o Francisco<\/p>\n","protected":false},"author":3,"featured_media":235706,"comment_status":"open","ping_status":"open","sticky":false,"template":"","format":"standard","meta":[],"categories":[1],"tags":[312],"acf":[],"yoast_head":"<!-- This site is optimized with the Yoast SEO plugin v19.2 - https:\/\/yoast.com\/wordpress\/plugins\/seo\/ -->\n<title>Ano Jubilar no Convento S\u00e3o Francisco come\u00e7a com Mostra de Pres\u00e9pios e Renova\u00e7\u00e3o dos Votos - Not\u00edcias - Franciscanos<\/title>\n<meta name=\"robots\" content=\"index, follow, max-snippet:-1, max-image-preview:large, max-video-preview:-1\" \/>\n<link rel=\"canonical\" href=\"https:\/\/franciscanos.org.br\/noticias\/ano-jubilar-no-convento-sao-francisco-comeca-com-mostra-de-presepios-e-renovacao-dos-votos.html\" \/>\n<meta property=\"og:locale\" content=\"pt_BR\" \/>\n<meta property=\"og:type\" content=\"article\" \/>\n<meta property=\"og:title\" content=\"Ano Jubilar no Convento S\u00e3o Francisco come\u00e7a com Mostra de Pres\u00e9pios e Renova\u00e7\u00e3o dos Votos - Not\u00edcias - Franciscanos\" \/>\n<meta property=\"og:description\" content=\"Imaculada Concei\u00e7\u00e3o no Convento S\u00e3o Francisco\" \/>\n<meta property=\"og:url\" content=\"https:\/\/franciscanos.org.br\/noticias\/ano-jubilar-no-convento-sao-francisco-comeca-com-mostra-de-presepios-e-renovacao-dos-votos.html\" \/>\n<meta property=\"og:site_name\" content=\"Not\u00edcias - Franciscanos\" \/>\n<meta property=\"article:published_time\" content=\"2021-12-08T21:10:51+00:00\" \/>\n<meta property=\"article:modified_time\" content=\"2023-01-03T17:50:21+00:00\" \/>\n<meta property=\"og:image\" content=\"https:\/\/franciscanos.org.br\/noticias\/wp-content\/uploads\/2021\/12\/sf_0812.jpg\" \/>\n\t<meta property=\"og:image:width\" content=\"1280\" \/>\n\t<meta property=\"og:image:height\" content=\"720\" \/>\n\t<meta property=\"og:image:type\" content=\"image\/jpeg\" \/>\n<meta name=\"author\" content=\"moacir\" \/>\n<meta name=\"twitter:card\" content=\"summary_large_image\" \/>\n<meta name=\"twitter:label1\" content=\"Escrito por\" \/>\n\t<meta name=\"twitter:data1\" content=\"moacir\" \/>\n\t<meta name=\"twitter:label2\" content=\"Est. tempo de leitura\" \/>\n\t<meta name=\"twitter:data2\" content=\"7 minutos\" \/>\n<script type=\"application\/ld+json\" class=\"yoast-schema-graph\">{\"@context\":\"https:\/\/schema.org\",\"@graph\":[{\"@type\":\"WebSite\",\"@id\":\"https:\/\/franciscanos.org.br\/noticias\/#website\",\"url\":\"https:\/\/franciscanos.org.br\/noticias\/\",\"name\":\"Not\u00edcias - Franciscanos\",\"description\":\"Prov\u00edncia Franciscana da Imaculada Concei\u00e7\u00e3o do Brasil - Ordem dos Frades Menores - OFM\",\"potentialAction\":[{\"@type\":\"SearchAction\",\"target\":{\"@type\":\"EntryPoint\",\"urlTemplate\":\"https:\/\/franciscanos.org.br\/noticias\/?s={search_term_string}\"},\"query-input\":\"required name=search_term_string\"}],\"inLanguage\":\"pt-BR\"},{\"@type\":\"ImageObject\",\"inLanguage\":\"pt-BR\",\"@id\":\"https:\/\/franciscanos.org.br\/noticias\/ano-jubilar-no-convento-sao-francisco-comeca-com-mostra-de-presepios-e-renovacao-dos-votos.html#primaryimage\",\"url\":\"https:\/\/franciscanos.org.br\/noticias\/wp-content\/uploads\/2021\/12\/sf_0812.jpg\",\"contentUrl\":\"https:\/\/franciscanos.org.br\/noticias\/wp-content\/uploads\/2021\/12\/sf_0812.jpg\",\"width\":1280,\"height\":720},{\"@type\":\"WebPage\",\"@id\":\"https:\/\/franciscanos.org.br\/noticias\/ano-jubilar-no-convento-sao-francisco-comeca-com-mostra-de-presepios-e-renovacao-dos-votos.html#webpage\",\"url\":\"https:\/\/franciscanos.org.br\/noticias\/ano-jubilar-no-convento-sao-francisco-comeca-com-mostra-de-presepios-e-renovacao-dos-votos.html\",\"name\":\"Ano Jubilar no Convento S\u00e3o Francisco come\u00e7a com Mostra de Pres\u00e9pios e Renova\u00e7\u00e3o dos Votos - Not\u00edcias - Franciscanos\",\"isPartOf\":{\"@id\":\"https:\/\/franciscanos.org.br\/noticias\/#website\"},\"primaryImageOfPage\":{\"@id\":\"https:\/\/franciscanos.org.br\/noticias\/ano-jubilar-no-convento-sao-francisco-comeca-com-mostra-de-presepios-e-renovacao-dos-votos.html#primaryimage\"},\"datePublished\":\"2021-12-08T21:10:51+00:00\",\"dateModified\":\"2023-01-03T17:50:21+00:00\",\"author\":{\"@id\":\"https:\/\/franciscanos.org.br\/noticias\/#\/schema\/person\/b5c8cba458c330ccff548b056e95a5d4\"},\"breadcrumb\":{\"@id\":\"https:\/\/franciscanos.org.br\/noticias\/ano-jubilar-no-convento-sao-francisco-comeca-com-mostra-de-presepios-e-renovacao-dos-votos.html#breadcrumb\"},\"inLanguage\":\"pt-BR\",\"potentialAction\":[{\"@type\":\"ReadAction\",\"target\":[\"https:\/\/franciscanos.org.br\/noticias\/ano-jubilar-no-convento-sao-francisco-comeca-com-mostra-de-presepios-e-renovacao-dos-votos.html\"]}]},{\"@type\":\"BreadcrumbList\",\"@id\":\"https:\/\/franciscanos.org.br\/noticias\/ano-jubilar-no-convento-sao-francisco-comeca-com-mostra-de-presepios-e-renovacao-dos-votos.html#breadcrumb\",\"itemListElement\":[{\"@type\":\"ListItem\",\"position\":1,\"name\":\"Home\",\"item\":\"https:\/\/franciscanos.org.br\/noticias\"},{\"@type\":\"ListItem\",\"position\":2,\"name\":\"Ano Jubilar no Convento S\u00e3o Francisco come\u00e7a com Mostra de Pres\u00e9pios e Renova\u00e7\u00e3o dos Votos\"}]},{\"@type\":\"Person\",\"@id\":\"https:\/\/franciscanos.org.br\/noticias\/#\/schema\/person\/b5c8cba458c330ccff548b056e95a5d4\",\"name\":\"moacir\",\"image\":{\"@type\":\"ImageObject\",\"inLanguage\":\"pt-BR\",\"@id\":\"https:\/\/franciscanos.org.br\/noticias\/#\/schema\/person\/image\/\",\"url\":\"https:\/\/secure.gravatar.com\/avatar\/d08aa2ce4c8dd416d4479aa8536fcf64?s=96&d=mm&r=g\",\"contentUrl\":\"https:\/\/secure.gravatar.com\/avatar\/d08aa2ce4c8dd416d4479aa8536fcf64?s=96&d=mm&r=g\",\"caption\":\"moacir\"},\"url\":\"https:\/\/franciscanos.org.br\/noticias\/author\/moacir\"}]}<\/script>\n<!-- \/ Yoast SEO plugin. -->","yoast_head_json":{"title":"Ano Jubilar no Convento S\u00e3o Francisco come\u00e7a com Mostra de Pres\u00e9pios e Renova\u00e7\u00e3o dos Votos - Not\u00edcias - Franciscanos","robots":{"index":"index","follow":"follow","max-snippet":"max-snippet:-1","max-image-preview":"max-image-preview:large","max-video-preview":"max-video-preview:-1"},"canonical":"https:\/\/franciscanos.org.br\/noticias\/ano-jubilar-no-convento-sao-francisco-comeca-com-mostra-de-presepios-e-renovacao-dos-votos.html","og_locale":"pt_BR","og_type":"article","og_title":"Ano Jubilar no Convento S\u00e3o Francisco come\u00e7a com Mostra de Pres\u00e9pios e Renova\u00e7\u00e3o dos Votos - Not\u00edcias - Franciscanos","og_description":"Imaculada Concei\u00e7\u00e3o no Convento S\u00e3o Francisco","og_url":"https:\/\/franciscanos.org.br\/noticias\/ano-jubilar-no-convento-sao-francisco-comeca-com-mostra-de-presepios-e-renovacao-dos-votos.html","og_site_name":"Not\u00edcias - Franciscanos","article_published_time":"2021-12-08T21:10:51+00:00","article_modified_time":"2023-01-03T17:50:21+00:00","og_image":[{"width":1280,"height":720,"url":"https:\/\/franciscanos.org.br\/noticias\/wp-content\/uploads\/2021\/12\/sf_0812.jpg","type":"image\/jpeg"}],"author":"moacir","twitter_card":"summary_large_image","twitter_misc":{"Escrito por":"moacir","Est. tempo de leitura":"7 minutos"},"schema":{"@context":"https:\/\/schema.org","@graph":[{"@type":"WebSite","@id":"https:\/\/franciscanos.org.br\/noticias\/#website","url":"https:\/\/franciscanos.org.br\/noticias\/","name":"Not\u00edcias - Franciscanos","description":"Prov\u00edncia Franciscana da Imaculada Concei\u00e7\u00e3o do Brasil - Ordem dos Frades Menores - OFM","potentialAction":[{"@type":"SearchAction","target":{"@type":"EntryPoint","urlTemplate":"https:\/\/franciscanos.org.br\/noticias\/?s={search_term_string}"},"query-input":"required name=search_term_string"}],"inLanguage":"pt-BR"},{"@type":"ImageObject","inLanguage":"pt-BR","@id":"https:\/\/franciscanos.org.br\/noticias\/ano-jubilar-no-convento-sao-francisco-comeca-com-mostra-de-presepios-e-renovacao-dos-votos.html#primaryimage","url":"https:\/\/franciscanos.org.br\/noticias\/wp-content\/uploads\/2021\/12\/sf_0812.jpg","contentUrl":"https:\/\/franciscanos.org.br\/noticias\/wp-content\/uploads\/2021\/12\/sf_0812.jpg","width":1280,"height":720},{"@type":"WebPage","@id":"https:\/\/franciscanos.org.br\/noticias\/ano-jubilar-no-convento-sao-francisco-comeca-com-mostra-de-presepios-e-renovacao-dos-votos.html#webpage","url":"https:\/\/franciscanos.org.br\/noticias\/ano-jubilar-no-convento-sao-francisco-comeca-com-mostra-de-presepios-e-renovacao-dos-votos.html","name":"Ano Jubilar no Convento S\u00e3o Francisco come\u00e7a com Mostra de Pres\u00e9pios e Renova\u00e7\u00e3o dos Votos - Not\u00edcias - Franciscanos","isPartOf":{"@id":"https:\/\/franciscanos.org.br\/noticias\/#website"},"primaryImageOfPage":{"@id":"https:\/\/franciscanos.org.br\/noticias\/ano-jubilar-no-convento-sao-francisco-comeca-com-mostra-de-presepios-e-renovacao-dos-votos.html#primaryimage"},"datePublished":"2021-12-08T21:10:51+00:00","dateModified":"2023-01-03T17:50:21+00:00","author":{"@id":"https:\/\/franciscanos.org.br\/noticias\/#\/schema\/person\/b5c8cba458c330ccff548b056e95a5d4"},"breadcrumb":{"@id":"https:\/\/franciscanos.org.br\/noticias\/ano-jubilar-no-convento-sao-francisco-comeca-com-mostra-de-presepios-e-renovacao-dos-votos.html#breadcrumb"},"inLanguage":"pt-BR","potentialAction":[{"@type":"ReadAction","target":["https:\/\/franciscanos.org.br\/noticias\/ano-jubilar-no-convento-sao-francisco-comeca-com-mostra-de-presepios-e-renovacao-dos-votos.html"]}]},{"@type":"BreadcrumbList","@id":"https:\/\/franciscanos.org.br\/noticias\/ano-jubilar-no-convento-sao-francisco-comeca-com-mostra-de-presepios-e-renovacao-dos-votos.html#breadcrumb","itemListElement":[{"@type":"ListItem","position":1,"name":"Home","item":"https:\/\/franciscanos.org.br\/noticias"},{"@type":"ListItem","position":2,"name":"Ano Jubilar no Convento S\u00e3o Francisco come\u00e7a com Mostra de Pres\u00e9pios e Renova\u00e7\u00e3o dos Votos"}]},{"@type":"Person","@id":"https:\/\/franciscanos.org.br\/noticias\/#\/schema\/person\/b5c8cba458c330ccff548b056e95a5d4","name":"moacir","image":{"@type":"ImageObject","inLanguage":"pt-BR","@id":"https:\/\/franciscanos.org.br\/noticias\/#\/schema\/person\/image\/","url":"https:\/\/secure.gravatar.com\/avatar\/d08aa2ce4c8dd416d4479aa8536fcf64?s=96&d=mm&r=g","contentUrl":"https:\/\/secure.gravatar.com\/avatar\/d08aa2ce4c8dd416d4479aa8536fcf64?s=96&d=mm&r=g","caption":"moacir"},"url":"https:\/\/franciscanos.org.br\/noticias\/author\/moacir"}]}},"_links":{"self":[{"href":"https:\/\/franciscanos.org.br\/noticias\/wp-json\/wp\/v2\/posts\/235705"}],"collection":[{"href":"https:\/\/franciscanos.org.br\/noticias\/wp-json\/wp\/v2\/posts"}],"about":[{"href":"https:\/\/franciscanos.org.br\/noticias\/wp-json\/wp\/v2\/types\/post"}],"author":[{"embeddable":true,"href":"https:\/\/franciscanos.org.br\/noticias\/wp-json\/wp\/v2\/users\/3"}],"replies":[{"embeddable":true,"href":"https:\/\/franciscanos.org.br\/noticias\/wp-json\/wp\/v2\/comments?post=235705"}],"version-history":[{"count":7,"href":"https:\/\/franciscanos.org.br\/noticias\/wp-json\/wp\/v2\/posts\/235705\/revisions"}],"predecessor-version":[{"id":241556,"href":"https:\/\/franciscanos.org.br\/noticias\/wp-json\/wp\/v2\/posts\/235705\/revisions\/241556"}],"wp:featuredmedia":[{"embeddable":true,"href":"https:\/\/franciscanos.org.br\/noticias\/wp-json\/wp\/v2\/media\/235706"}],"wp:attachment":[{"href":"https:\/\/franciscanos.org.br\/noticias\/wp-json\/wp\/v2\/media?parent=235705"}],"wp:term":[{"taxonomy":"category","embeddable":true,"href":"https:\/\/franciscanos.org.br\/noticias\/wp-json\/wp\/v2\/categories?post=235705"},{"taxonomy":"post_tag","embeddable":true,"href":"https:\/\/franciscanos.org.br\/noticias\/wp-json\/wp\/v2\/tags?post=235705"}],"curies":[{"name":"wp","href":"https:\/\/api.w.org\/{rel}","templated":true}]}}