{"id":235701,"date":"2021-12-08T15:18:52","date_gmt":"2021-12-08T18:18:52","guid":{"rendered":"https:\/\/franciscanos.org.br\/noticias\/?p=235701"},"modified":"2021-12-08T15:18:52","modified_gmt":"2021-12-08T18:18:52","slug":"papa-na-praca-de-espanha-aos-pes-da-imaculada-em-oracao-por-quem-sofre","status":"publish","type":"post","link":"https:\/\/franciscanos.org.br\/noticias\/papa-na-praca-de-espanha-aos-pes-da-imaculada-em-oracao-por-quem-sofre.html","title":{"rendered":"Papa na Pra\u00e7a de Espanha: aos p\u00e9s da Imaculada em ora\u00e7\u00e3o por quem sofre"},"content":{"rendered":"<div id=\"attachment_235702\" style=\"width: 1010px\" class=\"wp-caption alignnone\"><img aria-describedby=\"caption-attachment-235702\" loading=\"lazy\" class=\"wp-image-235702 size-full\" src=\"https:\/\/franciscanos.org.br\/noticias\/wp-content\/uploads\/2021\/12\/imaculada.jpeg\" alt=\"\" width=\"1000\" height=\"563\" srcset=\"https:\/\/franciscanos.org.br\/noticias\/wp-content\/uploads\/2021\/12\/imaculada.jpeg 1000w, https:\/\/franciscanos.org.br\/noticias\/wp-content\/uploads\/2021\/12\/imaculada-450x253.jpeg 450w, https:\/\/franciscanos.org.br\/noticias\/wp-content\/uploads\/2021\/12\/imaculada-768x432.jpeg 768w, https:\/\/franciscanos.org.br\/noticias\/wp-content\/uploads\/2021\/12\/imaculada-150x84.jpeg 150w\" sizes=\"(max-width: 1000px) 100vw, 1000px\" \/><p id=\"caption-attachment-235702\" class=\"wp-caption-text\">\u00a0 \u00a0 \u00a0 \u00a0 \u00a0 \u00a0 \u00a0 \u00a0 \u00a0 \u00a0 \u00a0 \u00a0 \u00a0 \u00a0 \u00a0 \u00a0 \u00a0 \u00a0 \u00a0 \u00a0 \u00a0 \u00a0 \u00a0 \u00a0 \u00a0 \u00a0 \u00a0 \u00a0 \u00a0 \u00a0 \u00a0 \u00a0 \u00a0 \u00a0 \u00a0 \u00a0 \u00a0 \u00a0 \u00a0 \u00a0 \u00a0 \u00a0 \u00a0 \u00a0 \u00a0 \u00a0 \u00a0 \u00a0 \u00a0 \u00a0 \u00a0 \u00a0 \u00a0 \u00a0 \u00a0 \u00a0 \u00a0 \u00a0 \u00a0 \u00a0 \u00a0 \u00a0 \u00a0 \u00a0 <em>\u00a0 \u00a0 \u00a0 \u00a0 \u00a0 \u00a0 \u00a0 Imagem: Vatican Media<\/em><\/p><\/div>\n<p>Em uma Roma adormecida, com uma temperatura de 4\u00b0C e um c\u00e9u ainda tingido de um azul nebuloso, o ve\u00edculo com o Papa Francisco \u00e0 bordo chegou \u00e0 Pra\u00e7a Mignanelli. Eram aproximadamente 6h15 da manh\u00e3 e na pra\u00e7a onde se ergue o monumento dedicado \u00e0 Imaculada Concei\u00e7\u00e3o havia apenas a presen\u00e7a de bombeiros, alguns comerciantes que levantavam suas persianas e um pequeno grupo de fot\u00f3grafos e fi\u00e9is, um dos quais quebrou o sil\u00eancio gritando: &#8220;Papa Francisco, nos vemos ao meio-dia na Pra\u00e7a de S\u00e3o Pedro&#8221;. Com passo lento e cabe\u00e7a inclinada, segurando uma cesta de rosas brancas, o Pont\u00edfice, assim que saiu do carro, caminhou em dire\u00e7\u00e3o \u00e0 est\u00e1tua da Virgem Maria, para prestar-lhe homenagem no dia da Solenidade da Imaculada Concei\u00e7\u00e3o. Ali o Papa se deteve por alguns momentos em ora\u00e7\u00e3o, sozinho, de m\u00e3os postas, para pedir \u00e0 Virgem Maria &#8220;o milagre da cura para os povos que sofrem duramente com as guerras e a crise clim\u00e1tica&#8221;, segundo informa a Sala de Imprensa vaticana. O Papa tamb\u00e9m invocou de Nossa Senhora o milagre &#8220;da convers\u00e3o, para que Ela possa desfazer o cora\u00e7\u00e3o de pedra daqueles que constroem muros para distanciar de si mesmos a dor dos outros&#8221;. Imediatamente depois, Francisco deslocou-se para a Bas\u00edlica de Santa Maria Maggiore, onde &#8220;continuou sua ora\u00e7\u00e3o diante do \u00edcone de Maria Salus Populi Romani&#8221;.<\/p>\n<p><strong>Uma longa tradi\u00e7\u00e3o<\/strong><br \/>\nTrata-se de uma tradi\u00e7\u00e3o dos Papas que j\u00e1 dura 60 anos, de ir aos p\u00e9s da ef\u00edgie mariana t\u00e3o querida pelo povo de Roma e deter-se ora\u00e7\u00e3o. Mas a pandemia da Covid e as consequentes restri\u00e7\u00f5es alteraram a evocativa celebra\u00e7\u00e3o que sempre reuniu grandes multid\u00f5es ao redor do Bispo de Roma. No ano passado, a fim de evitar multid\u00f5es, o Papa anunciou que prestaria homenagem \u00e0 Imaculada Concei\u00e7\u00e3o com uma celebra\u00e7\u00e3o de forma privada, e depois acabou indo \u00e0 pra\u00e7a ao alvorecer, deixando todos surpresos. Tamb\u00e9m este ano, em meio ao n\u00famero crescente de cont\u00e1gios, foi anunciado em 27 de novembro que o Papa n\u00e3o presidiria a cerim\u00f4nia tradicional na Pra\u00e7a de Espanha, mas que realizaria &#8220;um ato privado de devo\u00e7\u00e3o, rezando a Nossa Senhora para proteger os romanos, a cidade em que eles vivem e os doentes que precisam de sua prote\u00e7\u00e3o materna no mundo inteiro&#8221;.<\/p>\n<p><strong>Flores e ora\u00e7\u00f5es<\/strong><br \/>\nNem mesmo desta vez, Francisco quis abrir m\u00e3o de sua visita ao monumento dedicado a Nossa Senhora, cuja est\u00e1tua mariana fica no alto da antiga coluna romana, \u00e0 qual, por tradi\u00e7\u00e3o, todos os anos um policial sobe com uma escada mec\u00e2nica por cerca de dez metros para colocar uma grinalda de flores no bra\u00e7o da Virgem. O Papa colocou outras flores, rosas brancas, aos p\u00e9s da est\u00e1tua, permanecendo &#8211; como dissemos &#8211; em ora\u00e7\u00e3o silenciosa com seu olhar voltado para o alto. Menos de dez minutos no total, depois, se dirigiu para a Bas\u00edlica de Santa Maria Maggiore com a mesma discri\u00e7\u00e3o. As poucas pessoas presentes na pra\u00e7a &#8211; algumas das quais chegaram por volta das 5h30 da manh\u00e3, lembrando da &#8220;surpresa&#8221; do ano passado &#8211; atr\u00e1s das barreiras de prote\u00e7\u00e3o aplaudiram e tiraram fotos de seus celulares. &#8220;Papa Francisco, Santo Padre!&#8221; gritou uma mulher. Francisco permaneceu \u00e0 dist\u00e2ncia, mas, antes de entrar no carro, quis saudar a embaixadora espanhola junto \u00e0 Santa S\u00e9, Mar\u00eda del Carmen de la Pe\u00f1a Corcuera, em frente \u00e0 porta do Pal\u00e1cio Monaldeschi (sede da embaixada), e outros funcion\u00e1rios aos quais ele explicou que havia querido vir tamb\u00e9m este ano neste hor\u00e1rio n\u00e3o habitual para evitar multid\u00f5es e poss\u00edvel cont\u00e1gio.<\/p>\n<p><strong>Uma antiga devo\u00e7\u00e3o<\/strong><br \/>\nDesde o in\u00edcio de seu pontificado, seguindo os passos de seus predecessores, Jorge Mario Bergoglio tem demonstrado grande devo\u00e7\u00e3o ao monumento mariano criado pelo arquiteto Luigi Poletti e pelo escultor Giuseppe Obici, em homenagem ao dogma da Imaculada Concei\u00e7\u00e3o proclamado por Pio IX em 1854 com a constitui\u00e7\u00e3o Ineffabilis Deus. Foi o pr\u00f3prio Papa Mastai que quis erguer uma est\u00e1tua em Roma a fim de recordar o evento para as gera\u00e7\u00f5es futuras. Ele escolheu o lugar que parecia mais adequado, mas tamb\u00e9m o mais simb\u00f3lico: a pra\u00e7a em frente \u00e0 Embaixada da Espanha junto \u00e0 Santa S\u00e9, j\u00e1 que foi no pa\u00eds ib\u00e9rico que floresceu a mais profunda devo\u00e7\u00e3o \u00e0 Imaculada Concei\u00e7\u00e3o. Uma pequena varanda foi ent\u00e3o constru\u00edda no &#8220;Pal\u00e1cio de Espanha&#8221; para permitir que o Papa assistisse \u00e0 inaugura\u00e7\u00e3o.<\/p>\n<p>Uma coluna romana foi utilizada para a escultura: um peda\u00e7o de m\u00e1rmore de cerca de 12 metros de altura e 1,45 metro de di\u00e2metro, encontrado em 1777 durante os trabalhos em um edif\u00edcio pertencente \u00e0s monjas beneditinas de Santa Maria em Campomarzio. O trabalho foi financiado por Fernando II, Rei das Duas Sic\u00edlias, como um gesto de reconcilia\u00e7\u00e3o com a Igreja. A coloca\u00e7\u00e3o da pedra fundamental ocorreu em 6 de maio de 1855, com a b\u00ean\u00e7\u00e3o do cardeal Giacomo Filippo Franzoni, prefeito de Propaganda Fide, cuja sede fica bem em frente ao monumento. Foram necess\u00e1rios duzentos bombeiros para levantar a coluna na noite de 18 de dezembro de 1856, e oito meses depois a est\u00e1tua de bronze da Virgem foi colocada em cima. O primeiro a prestar homenagem \u00e0 est\u00e1tua foi o Papa Pio XII, que enviou flores brancas na festa da Imaculada Concei\u00e7\u00e3o, e depois, em 8 de dezembro de 1953, para a abertura do Ano Mariano, ele foi pessoalmente \u00e0 Pra\u00e7a de Espanha.<\/p>\n<p><strong>Ato de venera\u00e7\u00e3o<\/strong><br \/>\nO ato de venera\u00e7\u00e3o, como \u00e9 conhecido pelos fi\u00e9is, foi, contudo, uma ideia de Jo\u00e3o XXIII que todos os Papas posteriores seguiram. O primeiro foi seu sucessor direto Paulo VI, que rezou aos p\u00e9s da Virgem Maria no encerramento do Conc\u00edlio Vaticano II (8 de dezembro de 1965) e que, durante a crise do petr\u00f3leo, foi at\u00e9 Ela numa carruagem. Jo\u00e3o Paulo II e Bento XVI tamb\u00e9m nunca faltaram a esta visita, estruturando-a num breve rito preciso: uma ora\u00e7\u00e3o feita diante das autoridades da cidade, a coloca\u00e7\u00e3o de flores e a leitura de uma passagem da Sagrada Escritura. Esta tradi\u00e7\u00e3o tamb\u00e9m foi mantida por Francisco que, a esta etapa, acrescentou a visita a Santa Maria Maggiore, onde se mant\u00e9m o \u00edcone mariano da &#8220;Salus Populi Romani&#8221;, a Nossa Senhora que a tradi\u00e7\u00e3o afirma ter sido pintada por S\u00e3o Lucas, considerada a patrona e protetora de toda Roma.<\/p>\n<p><em>Fonte: Vatican News (texto de Salvatore Cernuzio)<\/em><\/p>\n<hr \/>\n<div id=\"attachment_235703\" style=\"width: 854px\" class=\"wp-caption alignnone\"><img aria-describedby=\"caption-attachment-235703\" loading=\"lazy\" class=\"wp-image-235703\" src=\"https:\/\/franciscanos.org.br\/noticias\/wp-content\/uploads\/2021\/12\/angelus_0812.jpeg\" alt=\"\" width=\"844\" height=\"562\" srcset=\"https:\/\/franciscanos.org.br\/noticias\/wp-content\/uploads\/2021\/12\/angelus_0812.jpeg 800w, https:\/\/franciscanos.org.br\/noticias\/wp-content\/uploads\/2021\/12\/angelus_0812-450x300.jpeg 450w, https:\/\/franciscanos.org.br\/noticias\/wp-content\/uploads\/2021\/12\/angelus_0812-768x512.jpeg 768w, https:\/\/franciscanos.org.br\/noticias\/wp-content\/uploads\/2021\/12\/angelus_0812-150x100.jpeg 150w\" sizes=\"(max-width: 844px) 100vw, 844px\" \/><p id=\"caption-attachment-235703\" class=\"wp-caption-text\">\u00a0 \u00a0 \u00a0 \u00a0 \u00a0 \u00a0 \u00a0 \u00a0 \u00a0 \u00a0 \u00a0 \u00a0 \u00a0 \u00a0 \u00a0 \u00a0 \u00a0 \u00a0 \u00a0 \u00a0 \u00a0 \u00a0 \u00a0 \u00a0 \u00a0 \u00a0 \u00a0 \u00a0 \u00a0 \u00a0 \u00a0 \u00a0 \u00a0 \u00a0 \u00a0 \u00a0 \u00a0 \u00a0 \u00a0 \u00a0 \u00a0 \u00a0 \u00a0 \u00a0 \u00a0 \u00a0 \u00a0 \u00a0 \u00a0 \u00a0 \u00a0 \u00a0 \u00a0 \u00a0 \u00a0 \u00a0 \u00a0 \u00a0 \u00a0 <em>\u00a0 \u00a0 \u00a0 \u00a0 \u00a0 \u00a0 Imagem: Vatican Media<\/em><\/p><\/div>\n<h3>Papa: &#8220;A verdadeira humildade \u00e9 olhar s\u00f3 para Deus e para o pr\u00f3ximo&#8221;<\/h3>\n<p>No Angelus desta quarta-feira (08\/12), Solenidade da Imaculada Concei\u00e7\u00e3o da Bem-Aventurada Virgem Maria, o Papa falou sobre a verdadeira humildade e a santidade na vida di\u00e1ria. Falando sobre o an\u00fancio a Maria, Francisco recordou que o an\u00fancio \u201caconteceu dentro da casa em Nazar\u00e9, onde uma pessoa se revela melhor do que em qualquer outro lugar\u201d. Acrescentado tamb\u00e9m que \u00e9 \u201cjustamente nessa intimidade dom\u00e9stica que o Evangelho de Lucas (1, 26-38) nos d\u00e1 um detalhe que revela a beleza do cora\u00e7\u00e3o de Maria\u201d.<\/p>\n<p><strong>Maria Imaculada<\/strong><br \/>\nFrancisco explicou que o anjo a chamou de \u201ccheia de gra\u00e7a\u201d e isso significa \u201cque Nossa Senhora n\u00e3o porta consigo o mal, ela est\u00e1 sem pecado, Imaculada\u201d. \u201cEla n\u00e3o s\u00f3 est\u00e1 surpresa, mas perturbada. Receber grandes sauda\u00e7\u00f5es, honras e elogios \u00e0s vezes corre o risco de provocar vangl\u00f3ria e presun\u00e7\u00e3o\u201d. E Francisco adverte que \u201cJesus n\u00e3o \u00e9 gentil com aqueles que procuram sauda\u00e7\u00f5es nas pra\u00e7as, adula\u00e7\u00e3o, visibilidade\u201d.<\/p>\n<p>\u201cMaria, por outro lado, n\u00e3o se exalta, mas fica perturbada; em vez de sentir prazer, ela se sente maravilhada. A sauda\u00e7\u00e3o do anjo parece maior do que ela. Por qu\u00ea? Porque ela se sente pequena por dentro, e esta pequenez, esta humildade atrai o olhar de Deus\u201d<\/p>\n<p><strong>A verdadeira humildade<\/strong><br \/>\nRefletindo sobre a atitude de Maria o Papa disse:\u00a0\u201cMaria, de fato, n\u00e3o atribui prerrogativas a si mesma, n\u00e3o reivindica nada, n\u00e3o atribui nada a si mesma. Ela n\u00e3o se lisonjeia, ela n\u00e3o se exalta. Porque, em sua humildade, sabe que recebe tudo de Deus. Portanto Ela est\u00e1 livre de si mesma, totalmente voltada para Deus e aos outros. Maria Imaculada n\u00e3o tem olhos para si mesma. Esta \u00e9 a verdadeira humildade: n\u00e3o ter olhos para si mesmo, mas para Deus e para os outros\u201d.<\/p>\n<p>O Senhor precisa da nossa abertura a Ele<br \/>\n\u201cRecordemos\u201d, continuou o Papa, que \u201cnaquela casinha em Nazar\u00e9 batia o maior cora\u00e7\u00e3o que qualquer criatura j\u00e1 teve\u201d. Recordando que \u201c\u00e9 uma not\u00edcia extraordin\u00e1ria para n\u00f3s!\u201d explicando que \u201co Senhor, para realizar maravilhas, n\u00e3o precisa de grandes meios ou de nossas elevadas capacidades, mas de nossa humildade, de nossa abertura a Ele e aos outros\u201d.<\/p>\n<p>Neste ponto Francisco esclareceu: &#8220;Hoje tamb\u00e9m, ele quer fazer grandes coisas conosco em nossa vida di\u00e1ria: na fam\u00edlia, no trabalho, em nossos ambientes cotidianos. Ali, mais do que nos grandes eventos da hist\u00f3ria, a gra\u00e7a de Deus ama agir. Mas, ser\u00e1 que acreditamos nisso? Ou pensamos que a santidade \u00e9 uma utopia, algo para pessoas especiais, uma ilus\u00e3o piedosa incompat\u00edvel com a vida comum?\u201d<\/p>\n<p>Por fim, o Papa concluiu com uma prece a Maria: \u201cPe\u00e7amos a Nossa Senhora uma gra\u00e7a: que ela nos liberte da ideia enganosa de que o Evangelho \u00e9 uma coisa e a vida \u00e9 outra; que ela nos ilumine com entusiasmo ao ideal de santidade, que n\u00e3o \u00e9 uma quest\u00e3o de santinhos e est\u00e1tuas, mas de viver cada dia o que nos acontece com humildade e alegria, livres de n\u00f3s mesmos, com nossos olhos voltados para Deus e para o pr\u00f3ximo\u201d<\/p>\n<p>\u201cN\u00e3o percamos a coragem, o Senhor nos deu boa estrutura para construir a santidade em nossa vida di\u00e1ria! E quando somos assaltados pela d\u00favida de n\u00e3o sermos bem-sucedidos, pela tristeza de sermos inadequados, deixemo-nos olhar pelos \u2018olhos misericordiosos\u2019 de Nossa Senhora, porque ningu\u00e9m que tenha pedido sua ajuda jamais foi abandonado!&#8221;.<\/p>\n<hr \/>\n<p><em>Fonte: Vatican News (texto de Jane Nogara)<\/em><\/p>\n","protected":false},"excerpt":{"rendered":"<p>Solenidade da Imaculada Concei\u00e7\u00e3o <\/p>\n","protected":false},"author":3,"featured_media":235702,"comment_status":"open","ping_status":"open","sticky":false,"template":"","format":"standard","meta":[],"categories":[1428],"tags":[817,55],"acf":[],"yoast_head":"<!-- This site is optimized with the Yoast SEO plugin v19.2 - https:\/\/yoast.com\/wordpress\/plugins\/seo\/ -->\n<title>Papa na Pra\u00e7a de Espanha: aos p\u00e9s da Imaculada em ora\u00e7\u00e3o por quem sofre - Not\u00edcias - Franciscanos<\/title>\n<meta name=\"robots\" content=\"index, follow, max-snippet:-1, max-image-preview:large, max-video-preview:-1\" \/>\n<link rel=\"canonical\" href=\"https:\/\/franciscanos.org.br\/noticias\/papa-na-praca-de-espanha-aos-pes-da-imaculada-em-oracao-por-quem-sofre.html\" \/>\n<meta property=\"og:locale\" content=\"pt_BR\" \/>\n<meta property=\"og:type\" content=\"article\" \/>\n<meta property=\"og:title\" content=\"Papa na Pra\u00e7a de Espanha: aos p\u00e9s da Imaculada em ora\u00e7\u00e3o por quem sofre - Not\u00edcias - Franciscanos\" \/>\n<meta property=\"og:description\" content=\"Solenidade da Imaculada Concei\u00e7\u00e3o\" \/>\n<meta property=\"og:url\" content=\"https:\/\/franciscanos.org.br\/noticias\/papa-na-praca-de-espanha-aos-pes-da-imaculada-em-oracao-por-quem-sofre.html\" \/>\n<meta property=\"og:site_name\" content=\"Not\u00edcias - Franciscanos\" \/>\n<meta property=\"article:published_time\" content=\"2021-12-08T18:18:52+00:00\" \/>\n<meta property=\"og:image\" content=\"https:\/\/franciscanos.org.br\/noticias\/wp-content\/uploads\/2021\/12\/imaculada.jpeg\" \/>\n\t<meta property=\"og:image:width\" content=\"1000\" \/>\n\t<meta property=\"og:image:height\" content=\"563\" \/>\n\t<meta property=\"og:image:type\" content=\"image\/jpeg\" \/>\n<meta name=\"author\" content=\"moacir\" \/>\n<meta name=\"twitter:card\" content=\"summary_large_image\" \/>\n<meta name=\"twitter:label1\" content=\"Escrito por\" \/>\n\t<meta name=\"twitter:data1\" content=\"moacir\" \/>\n\t<meta name=\"twitter:label2\" content=\"Est. tempo de leitura\" \/>\n\t<meta name=\"twitter:data2\" content=\"9 minutos\" \/>\n<script type=\"application\/ld+json\" class=\"yoast-schema-graph\">{\"@context\":\"https:\/\/schema.org\",\"@graph\":[{\"@type\":\"WebSite\",\"@id\":\"https:\/\/franciscanos.org.br\/noticias\/#website\",\"url\":\"https:\/\/franciscanos.org.br\/noticias\/\",\"name\":\"Not\u00edcias - Franciscanos\",\"description\":\"Prov\u00edncia Franciscana da Imaculada Concei\u00e7\u00e3o do Brasil - Ordem dos Frades Menores - OFM\",\"potentialAction\":[{\"@type\":\"SearchAction\",\"target\":{\"@type\":\"EntryPoint\",\"urlTemplate\":\"https:\/\/franciscanos.org.br\/noticias\/?s={search_term_string}\"},\"query-input\":\"required name=search_term_string\"}],\"inLanguage\":\"pt-BR\"},{\"@type\":\"ImageObject\",\"inLanguage\":\"pt-BR\",\"@id\":\"https:\/\/franciscanos.org.br\/noticias\/papa-na-praca-de-espanha-aos-pes-da-imaculada-em-oracao-por-quem-sofre.html#primaryimage\",\"url\":\"https:\/\/franciscanos.org.br\/noticias\/wp-content\/uploads\/2021\/12\/imaculada.jpeg\",\"contentUrl\":\"https:\/\/franciscanos.org.br\/noticias\/wp-content\/uploads\/2021\/12\/imaculada.jpeg\",\"width\":1000,\"height\":563},{\"@type\":\"WebPage\",\"@id\":\"https:\/\/franciscanos.org.br\/noticias\/papa-na-praca-de-espanha-aos-pes-da-imaculada-em-oracao-por-quem-sofre.html#webpage\",\"url\":\"https:\/\/franciscanos.org.br\/noticias\/papa-na-praca-de-espanha-aos-pes-da-imaculada-em-oracao-por-quem-sofre.html\",\"name\":\"Papa na Pra\u00e7a de Espanha: aos p\u00e9s da Imaculada em ora\u00e7\u00e3o por quem sofre - Not\u00edcias - Franciscanos\",\"isPartOf\":{\"@id\":\"https:\/\/franciscanos.org.br\/noticias\/#website\"},\"primaryImageOfPage\":{\"@id\":\"https:\/\/franciscanos.org.br\/noticias\/papa-na-praca-de-espanha-aos-pes-da-imaculada-em-oracao-por-quem-sofre.html#primaryimage\"},\"datePublished\":\"2021-12-08T18:18:52+00:00\",\"dateModified\":\"2021-12-08T18:18:52+00:00\",\"author\":{\"@id\":\"https:\/\/franciscanos.org.br\/noticias\/#\/schema\/person\/b5c8cba458c330ccff548b056e95a5d4\"},\"breadcrumb\":{\"@id\":\"https:\/\/franciscanos.org.br\/noticias\/papa-na-praca-de-espanha-aos-pes-da-imaculada-em-oracao-por-quem-sofre.html#breadcrumb\"},\"inLanguage\":\"pt-BR\",\"potentialAction\":[{\"@type\":\"ReadAction\",\"target\":[\"https:\/\/franciscanos.org.br\/noticias\/papa-na-praca-de-espanha-aos-pes-da-imaculada-em-oracao-por-quem-sofre.html\"]}]},{\"@type\":\"BreadcrumbList\",\"@id\":\"https:\/\/franciscanos.org.br\/noticias\/papa-na-praca-de-espanha-aos-pes-da-imaculada-em-oracao-por-quem-sofre.html#breadcrumb\",\"itemListElement\":[{\"@type\":\"ListItem\",\"position\":1,\"name\":\"Home\",\"item\":\"https:\/\/franciscanos.org.br\/noticias\"},{\"@type\":\"ListItem\",\"position\":2,\"name\":\"Papa na Pra\u00e7a de Espanha: aos p\u00e9s da Imaculada em ora\u00e7\u00e3o por quem sofre\"}]},{\"@type\":\"Person\",\"@id\":\"https:\/\/franciscanos.org.br\/noticias\/#\/schema\/person\/b5c8cba458c330ccff548b056e95a5d4\",\"name\":\"moacir\",\"image\":{\"@type\":\"ImageObject\",\"inLanguage\":\"pt-BR\",\"@id\":\"https:\/\/franciscanos.org.br\/noticias\/#\/schema\/person\/image\/\",\"url\":\"https:\/\/secure.gravatar.com\/avatar\/d08aa2ce4c8dd416d4479aa8536fcf64?s=96&d=mm&r=g\",\"contentUrl\":\"https:\/\/secure.gravatar.com\/avatar\/d08aa2ce4c8dd416d4479aa8536fcf64?s=96&d=mm&r=g\",\"caption\":\"moacir\"},\"url\":\"https:\/\/franciscanos.org.br\/noticias\/author\/moacir\"}]}<\/script>\n<!-- \/ Yoast SEO plugin. -->","yoast_head_json":{"title":"Papa na Pra\u00e7a de Espanha: aos p\u00e9s da Imaculada em ora\u00e7\u00e3o por quem sofre - Not\u00edcias - Franciscanos","robots":{"index":"index","follow":"follow","max-snippet":"max-snippet:-1","max-image-preview":"max-image-preview:large","max-video-preview":"max-video-preview:-1"},"canonical":"https:\/\/franciscanos.org.br\/noticias\/papa-na-praca-de-espanha-aos-pes-da-imaculada-em-oracao-por-quem-sofre.html","og_locale":"pt_BR","og_type":"article","og_title":"Papa na Pra\u00e7a de Espanha: aos p\u00e9s da Imaculada em ora\u00e7\u00e3o por quem sofre - Not\u00edcias - Franciscanos","og_description":"Solenidade da Imaculada Concei\u00e7\u00e3o","og_url":"https:\/\/franciscanos.org.br\/noticias\/papa-na-praca-de-espanha-aos-pes-da-imaculada-em-oracao-por-quem-sofre.html","og_site_name":"Not\u00edcias - Franciscanos","article_published_time":"2021-12-08T18:18:52+00:00","og_image":[{"width":1000,"height":563,"url":"https:\/\/franciscanos.org.br\/noticias\/wp-content\/uploads\/2021\/12\/imaculada.jpeg","type":"image\/jpeg"}],"author":"moacir","twitter_card":"summary_large_image","twitter_misc":{"Escrito por":"moacir","Est. tempo de leitura":"9 minutos"},"schema":{"@context":"https:\/\/schema.org","@graph":[{"@type":"WebSite","@id":"https:\/\/franciscanos.org.br\/noticias\/#website","url":"https:\/\/franciscanos.org.br\/noticias\/","name":"Not\u00edcias - Franciscanos","description":"Prov\u00edncia Franciscana da Imaculada Concei\u00e7\u00e3o do Brasil - Ordem dos Frades Menores - OFM","potentialAction":[{"@type":"SearchAction","target":{"@type":"EntryPoint","urlTemplate":"https:\/\/franciscanos.org.br\/noticias\/?s={search_term_string}"},"query-input":"required name=search_term_string"}],"inLanguage":"pt-BR"},{"@type":"ImageObject","inLanguage":"pt-BR","@id":"https:\/\/franciscanos.org.br\/noticias\/papa-na-praca-de-espanha-aos-pes-da-imaculada-em-oracao-por-quem-sofre.html#primaryimage","url":"https:\/\/franciscanos.org.br\/noticias\/wp-content\/uploads\/2021\/12\/imaculada.jpeg","contentUrl":"https:\/\/franciscanos.org.br\/noticias\/wp-content\/uploads\/2021\/12\/imaculada.jpeg","width":1000,"height":563},{"@type":"WebPage","@id":"https:\/\/franciscanos.org.br\/noticias\/papa-na-praca-de-espanha-aos-pes-da-imaculada-em-oracao-por-quem-sofre.html#webpage","url":"https:\/\/franciscanos.org.br\/noticias\/papa-na-praca-de-espanha-aos-pes-da-imaculada-em-oracao-por-quem-sofre.html","name":"Papa na Pra\u00e7a de Espanha: aos p\u00e9s da Imaculada em ora\u00e7\u00e3o por quem sofre - Not\u00edcias - Franciscanos","isPartOf":{"@id":"https:\/\/franciscanos.org.br\/noticias\/#website"},"primaryImageOfPage":{"@id":"https:\/\/franciscanos.org.br\/noticias\/papa-na-praca-de-espanha-aos-pes-da-imaculada-em-oracao-por-quem-sofre.html#primaryimage"},"datePublished":"2021-12-08T18:18:52+00:00","dateModified":"2021-12-08T18:18:52+00:00","author":{"@id":"https:\/\/franciscanos.org.br\/noticias\/#\/schema\/person\/b5c8cba458c330ccff548b056e95a5d4"},"breadcrumb":{"@id":"https:\/\/franciscanos.org.br\/noticias\/papa-na-praca-de-espanha-aos-pes-da-imaculada-em-oracao-por-quem-sofre.html#breadcrumb"},"inLanguage":"pt-BR","potentialAction":[{"@type":"ReadAction","target":["https:\/\/franciscanos.org.br\/noticias\/papa-na-praca-de-espanha-aos-pes-da-imaculada-em-oracao-por-quem-sofre.html"]}]},{"@type":"BreadcrumbList","@id":"https:\/\/franciscanos.org.br\/noticias\/papa-na-praca-de-espanha-aos-pes-da-imaculada-em-oracao-por-quem-sofre.html#breadcrumb","itemListElement":[{"@type":"ListItem","position":1,"name":"Home","item":"https:\/\/franciscanos.org.br\/noticias"},{"@type":"ListItem","position":2,"name":"Papa na Pra\u00e7a de Espanha: aos p\u00e9s da Imaculada em ora\u00e7\u00e3o por quem sofre"}]},{"@type":"Person","@id":"https:\/\/franciscanos.org.br\/noticias\/#\/schema\/person\/b5c8cba458c330ccff548b056e95a5d4","name":"moacir","image":{"@type":"ImageObject","inLanguage":"pt-BR","@id":"https:\/\/franciscanos.org.br\/noticias\/#\/schema\/person\/image\/","url":"https:\/\/secure.gravatar.com\/avatar\/d08aa2ce4c8dd416d4479aa8536fcf64?s=96&d=mm&r=g","contentUrl":"https:\/\/secure.gravatar.com\/avatar\/d08aa2ce4c8dd416d4479aa8536fcf64?s=96&d=mm&r=g","caption":"moacir"},"url":"https:\/\/franciscanos.org.br\/noticias\/author\/moacir"}]}},"_links":{"self":[{"href":"https:\/\/franciscanos.org.br\/noticias\/wp-json\/wp\/v2\/posts\/235701"}],"collection":[{"href":"https:\/\/franciscanos.org.br\/noticias\/wp-json\/wp\/v2\/posts"}],"about":[{"href":"https:\/\/franciscanos.org.br\/noticias\/wp-json\/wp\/v2\/types\/post"}],"author":[{"embeddable":true,"href":"https:\/\/franciscanos.org.br\/noticias\/wp-json\/wp\/v2\/users\/3"}],"replies":[{"embeddable":true,"href":"https:\/\/franciscanos.org.br\/noticias\/wp-json\/wp\/v2\/comments?post=235701"}],"version-history":[{"count":1,"href":"https:\/\/franciscanos.org.br\/noticias\/wp-json\/wp\/v2\/posts\/235701\/revisions"}],"predecessor-version":[{"id":235704,"href":"https:\/\/franciscanos.org.br\/noticias\/wp-json\/wp\/v2\/posts\/235701\/revisions\/235704"}],"wp:featuredmedia":[{"embeddable":true,"href":"https:\/\/franciscanos.org.br\/noticias\/wp-json\/wp\/v2\/media\/235702"}],"wp:attachment":[{"href":"https:\/\/franciscanos.org.br\/noticias\/wp-json\/wp\/v2\/media?parent=235701"}],"wp:term":[{"taxonomy":"category","embeddable":true,"href":"https:\/\/franciscanos.org.br\/noticias\/wp-json\/wp\/v2\/categories?post=235701"},{"taxonomy":"post_tag","embeddable":true,"href":"https:\/\/franciscanos.org.br\/noticias\/wp-json\/wp\/v2\/tags?post=235701"}],"curies":[{"name":"wp","href":"https:\/\/api.w.org\/{rel}","templated":true}]}}