{"id":235689,"date":"2021-12-08T15:06:17","date_gmt":"2021-12-08T18:06:17","guid":{"rendered":"https:\/\/franciscanos.org.br\/noticias\/?p=235689"},"modified":"2023-01-03T14:51:01","modified_gmt":"2023-01-03T17:51:01","slug":"provincia-celebra-sua-padroeira-na-vila-clementino","status":"publish","type":"post","link":"https:\/\/franciscanos.org.br\/noticias\/provincia-celebra-sua-padroeira-na-vila-clementino.html","title":{"rendered":"Prov\u00edncia celebra sua Padroeira na Vila Clementino"},"content":{"rendered":"<p><img loading=\"lazy\" class=\"alignnone wp-image-235690 size-full\" src=\"https:\/\/franciscanos.org.br\/noticias\/wp-content\/uploads\/2021\/12\/imaculada_0812_1.jpg\" alt=\"\" width=\"1280\" height=\"720\" srcset=\"https:\/\/franciscanos.org.br\/noticias\/wp-content\/uploads\/2021\/12\/imaculada_0812_1.jpg 1280w, https:\/\/franciscanos.org.br\/noticias\/wp-content\/uploads\/2021\/12\/imaculada_0812_1-450x253.jpg 450w, https:\/\/franciscanos.org.br\/noticias\/wp-content\/uploads\/2021\/12\/imaculada_0812_1-1024x576.jpg 1024w, https:\/\/franciscanos.org.br\/noticias\/wp-content\/uploads\/2021\/12\/imaculada_0812_1-768x432.jpg 768w, https:\/\/franciscanos.org.br\/noticias\/wp-content\/uploads\/2021\/12\/imaculada_0812_1-150x84.jpg 150w\" sizes=\"(max-width: 1280px) 100vw, 1280px\" \/><\/p>\n<p><strong>S\u00e3o Paulo (SP)<\/strong> &#8211; A Prov\u00edncia Franciscana da Imaculada Concei\u00e7\u00e3o do Brasil celebrou a sua Padroeira neste dia 8 de dezembro durante a Celebra\u00e7\u00e3o Eucar\u00edstica, \u00e0s 7 horas, na Igreja S\u00e3o Francisco de Assis, na Vila Clementino.<\/p>\n<p>O novo Ministro Provincial, Frei Paulo Roberto Pereira, presidiu a Celebra\u00e7\u00e3o e teve como concelebrantes os Definidores que est\u00e3o reunidos no Congresso Capitular na Sede Provincial e o Definidor e Visitador Geral, Frei C\u00e9sar K\u00fclkamp. No dia 8 de dezembro de 1854, o bem-aventurado Papa Pio IX declarou verdade de f\u00e9 a Concei\u00e7\u00e3o Imaculada de Maria.<\/p>\n<p>&#8220;A Solenidade da Imaculada Concei\u00e7\u00e3o \u00e9 festa que a nossa Fraternidade Provincial tem o privil\u00e9gio de celebrar&#8221;, disse Frei Paulo, lembrando que, certamente, essa devo\u00e7\u00e3o a Nossa Senhora se espalhou pelo Brasil gra\u00e7as aos portugueses. &#8220;N\u00f3s herdamos essa devo\u00e7\u00e3o que j\u00e1 faz parte da tradi\u00e7\u00e3o franciscana, muito antes de virar dogma no s\u00e9culo 19. J\u00e1 no s\u00e9culo 4 do cristianismo, Nossa Senhora era olhada com o privil\u00e9gio de ter sido concebida sem pecado&#8221;, citou o celebrante. Desde 1263, a Ordem Franciscana celebrou com muita solenidade a Imaculada Concei\u00e7\u00e3o, no dia 8 de dezembro de cada ano, e costumava cantar a Missa em sua honra aos s\u00e1bados.<\/p>\n<p>&#8220;N\u00f3s estamos vivendo o tempo do Advento e \u00e9 oportuno que esta celebra\u00e7\u00e3o se encha de solenidade porque, afinal de contas, o movimento do Esp\u00edrito nos prepara para viver originalidade do ser humano, a pureza do ser humano. Deus que revela crian\u00e7a, Deus que revela inocente, Deus que revela puro, na noite escura de Bel\u00e9m. A humanidade foi resgatada no Natal&#8221;, enfatizou o Ministro Provincial. Segundo ele, \u00e9 isso que celebramos: a possibilidade de o ser humano resgatar a sua originalidade, &#8220;concebido pelo grande desejo do Criador de viver, como ouvimos na primeira leitura, na sua intimidade&#8221;.<\/p>\n<p><img loading=\"lazy\" class=\"alignnone wp-image-235691 size-full\" src=\"https:\/\/franciscanos.org.br\/noticias\/wp-content\/uploads\/2021\/12\/imaculada_0812.jpg\" alt=\"\" width=\"1200\" height=\"1600\" srcset=\"https:\/\/franciscanos.org.br\/noticias\/wp-content\/uploads\/2021\/12\/imaculada_0812.jpg 810w, https:\/\/franciscanos.org.br\/noticias\/wp-content\/uploads\/2021\/12\/imaculada_0812-338x450.jpg 338w, https:\/\/franciscanos.org.br\/noticias\/wp-content\/uploads\/2021\/12\/imaculada_0812-768x1024.jpg 768w, https:\/\/franciscanos.org.br\/noticias\/wp-content\/uploads\/2021\/12\/imaculada_0812-1152x1536.jpg 1152w, https:\/\/franciscanos.org.br\/noticias\/wp-content\/uploads\/2021\/12\/imaculada_0812-150x200.jpg 150w\" sizes=\"(max-width: 1200px) 100vw, 1200px\" \/><\/p>\n<p>Para Frei Paulo, esse texto do livro do G\u00eanesis permite uma divaga\u00e7\u00e3o. &#8220;Assim como aqueles amigos \u00edntimos que se visitam no final da tarde, Deus chegava toda tarde no Para\u00edso e &#8216;batia um papo&#8217; com Ad\u00e3o e Eva. E essa intimidade de amigos, essa intimidade de entes que conservam a mesma natureza, era experimentada entre Deus e a humanidade. Mas o pecado entra no meio dessa hist\u00f3ria, ent\u00e3o Ad\u00e3o se afasta ao ouvir os passos do Senhor. O pecado o afasta, portanto, da intimidade com Deus. E esta intimidade \u00e9 a \u00fanica possibilidade que temos de viver plenamente. Por isso que hoje celebramos. Maria foi privada da mancha do pecado, porque era cheia de gra\u00e7a. Ouvimos, no texto do Evangelho, o c\u00e9u dizer: Maria, cheia de gra\u00e7a, plena, realizada&#8221;, explicou Frei Paulo.<\/p>\n<p>&#8220;Esta \u00e9 a nossa voca\u00e7\u00e3o, esta \u00e9 a nossa vis\u00e3o, esta \u00e9 a nossa meta: como frades franciscanos desta Prov\u00edncia, como frades franciscanos espalhados pelo mundo todo, como crist\u00e3os batizados, resgatar a intimidade com o Senhor. Resgatar a possibilidade de viver plenamente e n\u00f3s, diferentemente de Maria, que antes de ser concebida j\u00e1 vivia essa experi\u00eancia que cultivou durante sua vida, n\u00e3o temos esse privil\u00e9gio, mas temos a f\u00e9. Por isso nos esforcemos e ajudemos uns aos outros a abrir o espa\u00e7o nas nossas vidas, no nosso cora\u00e7\u00e3o, nas nossas decis\u00f5es, para que a gra\u00e7a seja plena em n\u00f3s. E o caminho Nossa Senhora j\u00e1 apontou e o Evangelho resume a nossa proposi\u00e7\u00e3o: &#8216;Eis aqui a serva do Senhor'&#8221;, concluiu.<\/p>\n\n\t\t<style type=\"text\/css\">\n\t\t\t#gallery-1 {\n\t\t\t\tmargin: auto;\n\t\t\t}\n\t\t\t#gallery-1 .gallery-item {\n\t\t\t\tfloat: left;\n\t\t\t\tmargin-top: 10px;\n\t\t\t\ttext-align: center;\n\t\t\t\twidth: 14%;\n\t\t\t}\n\t\t\t#gallery-1 img {\n\t\t\t\tborder: 2px solid #cfcfcf;\n\t\t\t}\n\t\t\t#gallery-1 .gallery-caption {\n\t\t\t\tmargin-left: 0;\n\t\t\t}\n\t\t\t\/* see gallery_shortcode() in wp-includes\/media.php *\/\n\t\t<\/style>\n\t\t<div id='gallery-1' class='gallery galleryid-235689 gallery-columns-7 gallery-size-thumbnail'><dl class='gallery-item'>\n\t\t\t<dt class='gallery-icon landscape'>\n\t\t\t\t<a href='https:\/\/franciscanos.org.br\/noticias\/wp-content\/uploads\/2021\/12\/imaculada_01.jpg'><img width=\"300\" height=\"300\" src=\"https:\/\/franciscanos.org.br\/noticias\/wp-content\/uploads\/2021\/12\/imaculada_01-300x300.jpg\" class=\"attachment-thumbnail size-thumbnail\" alt=\"\" loading=\"lazy\" srcset=\"https:\/\/franciscanos.org.br\/noticias\/wp-content\/uploads\/2021\/12\/imaculada_01-300x300.jpg 300w, https:\/\/franciscanos.org.br\/noticias\/wp-content\/uploads\/2021\/12\/imaculada_01-100x100.jpg 100w\" sizes=\"(max-width: 300px) 100vw, 300px\" \/><\/a>\n\t\t\t<\/dt><\/dl><dl class='gallery-item'>\n\t\t\t<dt class='gallery-icon landscape'>\n\t\t\t\t<a href='https:\/\/franciscanos.org.br\/noticias\/wp-content\/uploads\/2021\/12\/imaculada_02.jpg'><img width=\"300\" height=\"300\" src=\"https:\/\/franciscanos.org.br\/noticias\/wp-content\/uploads\/2021\/12\/imaculada_02-300x300.jpg\" class=\"attachment-thumbnail size-thumbnail\" alt=\"\" loading=\"lazy\" srcset=\"https:\/\/franciscanos.org.br\/noticias\/wp-content\/uploads\/2021\/12\/imaculada_02-300x300.jpg 300w, https:\/\/franciscanos.org.br\/noticias\/wp-content\/uploads\/2021\/12\/imaculada_02-100x100.jpg 100w\" sizes=\"(max-width: 300px) 100vw, 300px\" \/><\/a>\n\t\t\t<\/dt><\/dl><dl class='gallery-item'>\n\t\t\t<dt class='gallery-icon landscape'>\n\t\t\t\t<a href='https:\/\/franciscanos.org.br\/noticias\/wp-content\/uploads\/2021\/12\/imaculada_03.jpg'><img width=\"300\" height=\"300\" src=\"https:\/\/franciscanos.org.br\/noticias\/wp-content\/uploads\/2021\/12\/imaculada_03-300x300.jpg\" class=\"attachment-thumbnail size-thumbnail\" alt=\"\" loading=\"lazy\" srcset=\"https:\/\/franciscanos.org.br\/noticias\/wp-content\/uploads\/2021\/12\/imaculada_03-300x300.jpg 300w, https:\/\/franciscanos.org.br\/noticias\/wp-content\/uploads\/2021\/12\/imaculada_03-100x100.jpg 100w\" sizes=\"(max-width: 300px) 100vw, 300px\" \/><\/a>\n\t\t\t<\/dt><\/dl><dl class='gallery-item'>\n\t\t\t<dt class='gallery-icon landscape'>\n\t\t\t\t<a href='https:\/\/franciscanos.org.br\/noticias\/wp-content\/uploads\/2021\/12\/imaculada_04.jpg'><img width=\"300\" height=\"300\" src=\"https:\/\/franciscanos.org.br\/noticias\/wp-content\/uploads\/2021\/12\/imaculada_04-300x300.jpg\" class=\"attachment-thumbnail size-thumbnail\" alt=\"\" loading=\"lazy\" srcset=\"https:\/\/franciscanos.org.br\/noticias\/wp-content\/uploads\/2021\/12\/imaculada_04-300x300.jpg 300w, https:\/\/franciscanos.org.br\/noticias\/wp-content\/uploads\/2021\/12\/imaculada_04-100x100.jpg 100w\" sizes=\"(max-width: 300px) 100vw, 300px\" \/><\/a>\n\t\t\t<\/dt><\/dl><dl class='gallery-item'>\n\t\t\t<dt class='gallery-icon landscape'>\n\t\t\t\t<a href='https:\/\/franciscanos.org.br\/noticias\/wp-content\/uploads\/2021\/12\/imaculada_05.jpg'><img width=\"300\" height=\"300\" src=\"https:\/\/franciscanos.org.br\/noticias\/wp-content\/uploads\/2021\/12\/imaculada_05-300x300.jpg\" class=\"attachment-thumbnail size-thumbnail\" alt=\"\" loading=\"lazy\" srcset=\"https:\/\/franciscanos.org.br\/noticias\/wp-content\/uploads\/2021\/12\/imaculada_05-300x300.jpg 300w, https:\/\/franciscanos.org.br\/noticias\/wp-content\/uploads\/2021\/12\/imaculada_05-100x100.jpg 100w\" sizes=\"(max-width: 300px) 100vw, 300px\" \/><\/a>\n\t\t\t<\/dt><\/dl><dl class='gallery-item'>\n\t\t\t<dt class='gallery-icon landscape'>\n\t\t\t\t<a href='https:\/\/franciscanos.org.br\/noticias\/wp-content\/uploads\/2021\/12\/imaculada_06.jpg'><img width=\"300\" height=\"300\" src=\"https:\/\/franciscanos.org.br\/noticias\/wp-content\/uploads\/2021\/12\/imaculada_06-300x300.jpg\" class=\"attachment-thumbnail size-thumbnail\" alt=\"\" loading=\"lazy\" srcset=\"https:\/\/franciscanos.org.br\/noticias\/wp-content\/uploads\/2021\/12\/imaculada_06-300x300.jpg 300w, https:\/\/franciscanos.org.br\/noticias\/wp-content\/uploads\/2021\/12\/imaculada_06-100x100.jpg 100w\" sizes=\"(max-width: 300px) 100vw, 300px\" \/><\/a>\n\t\t\t<\/dt><\/dl><dl class='gallery-item'>\n\t\t\t<dt class='gallery-icon landscape'>\n\t\t\t\t<a href='https:\/\/franciscanos.org.br\/noticias\/wp-content\/uploads\/2021\/12\/imaculada_07.jpg'><img width=\"300\" height=\"300\" src=\"https:\/\/franciscanos.org.br\/noticias\/wp-content\/uploads\/2021\/12\/imaculada_07-300x300.jpg\" class=\"attachment-thumbnail size-thumbnail\" alt=\"\" loading=\"lazy\" srcset=\"https:\/\/franciscanos.org.br\/noticias\/wp-content\/uploads\/2021\/12\/imaculada_07-300x300.jpg 300w, https:\/\/franciscanos.org.br\/noticias\/wp-content\/uploads\/2021\/12\/imaculada_07-100x100.jpg 100w\" sizes=\"(max-width: 300px) 100vw, 300px\" \/><\/a>\n\t\t\t<\/dt><\/dl><br style=\"clear: both\" \/>\n\t\t<\/div>\n\n<p style=\"text-align: center;\"><em>(clique nas imagens para ampli\u00e1-las)<\/em><\/p>\n<p>Com o t\u00e9rmino do Cap\u00edtulo, na Sede Provincial, em S\u00e3o Paulo, come\u00e7ou o Congresso Capitular, que reuniu o novo Governo Provincial eleito com o presidente do Cap\u00edtulo, Frei C\u00e9sar K\u00fclkamp, em dois momentos: de 6 a 9 dezembro, e de 15 a 18.<\/p>\n<p>Na Prov\u00edncia da Imaculada \u00e9 costume o Congresso Capitular acontecer em duas etapas. A primeira etapa est\u00e1 em andamento e a outra come\u00e7a a partir de 15 de dezembro. Este \u00e9 um momento em que o novo governo vai se reunir para pensar um pouco as pr\u00f3prias pol\u00edticas, que passos quer dar e tomar consci\u00eancia das prioridades e das indica\u00e7\u00f5es dadas pela assembleia capitular, que \u00e9 sempre soberana. Tem esse significado, mais do que tudo, de programar a vida provincial no pr\u00f3ximo tri\u00eanio. Nisso inclui a organiza\u00e7\u00e3o do quadro das fraternidades.<\/p>\n<hr \/>\n<p><em>Comunica\u00e7\u00e3o da Prov\u00edncia da Imaculada Concei\u00e7\u00e3o<\/em><\/p>\n<p>&nbsp;<\/p>\n<p>&nbsp;<\/p>\n","protected":false},"excerpt":{"rendered":"<p>Solenidade da Imaculada Concei\u00e7\u00e3o de Nossa Senhora<\/p>\n","protected":false},"author":3,"featured_media":235690,"comment_status":"open","ping_status":"open","sticky":false,"template":"","format":"standard","meta":[],"categories":[1],"tags":[817],"acf":[],"yoast_head":"<!-- This site is optimized with the Yoast SEO plugin v19.2 - https:\/\/yoast.com\/wordpress\/plugins\/seo\/ -->\n<title>Prov\u00edncia celebra sua Padroeira na Vila Clementino - Not\u00edcias - Franciscanos<\/title>\n<meta name=\"robots\" content=\"index, follow, max-snippet:-1, max-image-preview:large, max-video-preview:-1\" \/>\n<link rel=\"canonical\" href=\"https:\/\/franciscanos.org.br\/noticias\/provincia-celebra-sua-padroeira-na-vila-clementino.html\" \/>\n<meta property=\"og:locale\" content=\"pt_BR\" \/>\n<meta property=\"og:type\" content=\"article\" \/>\n<meta property=\"og:title\" content=\"Prov\u00edncia celebra sua Padroeira na Vila Clementino - Not\u00edcias - Franciscanos\" \/>\n<meta property=\"og:description\" content=\"Solenidade da Imaculada Concei\u00e7\u00e3o de Nossa Senhora\" \/>\n<meta property=\"og:url\" content=\"https:\/\/franciscanos.org.br\/noticias\/provincia-celebra-sua-padroeira-na-vila-clementino.html\" \/>\n<meta property=\"og:site_name\" content=\"Not\u00edcias - Franciscanos\" \/>\n<meta property=\"article:published_time\" content=\"2021-12-08T18:06:17+00:00\" \/>\n<meta property=\"article:modified_time\" content=\"2023-01-03T17:51:01+00:00\" \/>\n<meta property=\"og:image\" content=\"https:\/\/franciscanos.org.br\/noticias\/wp-content\/uploads\/2021\/12\/imaculada_0812_1.jpg\" \/>\n\t<meta property=\"og:image:width\" content=\"1280\" \/>\n\t<meta property=\"og:image:height\" content=\"720\" \/>\n\t<meta property=\"og:image:type\" content=\"image\/jpeg\" \/>\n<meta name=\"author\" content=\"moacir\" \/>\n<meta name=\"twitter:card\" content=\"summary_large_image\" \/>\n<meta name=\"twitter:label1\" content=\"Escrito por\" \/>\n\t<meta name=\"twitter:data1\" content=\"moacir\" \/>\n\t<meta name=\"twitter:label2\" content=\"Est. tempo de leitura\" \/>\n\t<meta name=\"twitter:data2\" content=\"4 minutos\" \/>\n<script type=\"application\/ld+json\" class=\"yoast-schema-graph\">{\"@context\":\"https:\/\/schema.org\",\"@graph\":[{\"@type\":\"WebSite\",\"@id\":\"https:\/\/franciscanos.org.br\/noticias\/#website\",\"url\":\"https:\/\/franciscanos.org.br\/noticias\/\",\"name\":\"Not\u00edcias - Franciscanos\",\"description\":\"Prov\u00edncia Franciscana da Imaculada Concei\u00e7\u00e3o do Brasil - Ordem dos Frades Menores - OFM\",\"potentialAction\":[{\"@type\":\"SearchAction\",\"target\":{\"@type\":\"EntryPoint\",\"urlTemplate\":\"https:\/\/franciscanos.org.br\/noticias\/?s={search_term_string}\"},\"query-input\":\"required name=search_term_string\"}],\"inLanguage\":\"pt-BR\"},{\"@type\":\"ImageObject\",\"inLanguage\":\"pt-BR\",\"@id\":\"https:\/\/franciscanos.org.br\/noticias\/provincia-celebra-sua-padroeira-na-vila-clementino.html#primaryimage\",\"url\":\"https:\/\/franciscanos.org.br\/noticias\/wp-content\/uploads\/2021\/12\/imaculada_0812_1.jpg\",\"contentUrl\":\"https:\/\/franciscanos.org.br\/noticias\/wp-content\/uploads\/2021\/12\/imaculada_0812_1.jpg\",\"width\":1280,\"height\":720},{\"@type\":\"WebPage\",\"@id\":\"https:\/\/franciscanos.org.br\/noticias\/provincia-celebra-sua-padroeira-na-vila-clementino.html#webpage\",\"url\":\"https:\/\/franciscanos.org.br\/noticias\/provincia-celebra-sua-padroeira-na-vila-clementino.html\",\"name\":\"Prov\u00edncia celebra sua Padroeira na Vila Clementino - Not\u00edcias - Franciscanos\",\"isPartOf\":{\"@id\":\"https:\/\/franciscanos.org.br\/noticias\/#website\"},\"primaryImageOfPage\":{\"@id\":\"https:\/\/franciscanos.org.br\/noticias\/provincia-celebra-sua-padroeira-na-vila-clementino.html#primaryimage\"},\"datePublished\":\"2021-12-08T18:06:17+00:00\",\"dateModified\":\"2023-01-03T17:51:01+00:00\",\"author\":{\"@id\":\"https:\/\/franciscanos.org.br\/noticias\/#\/schema\/person\/b5c8cba458c330ccff548b056e95a5d4\"},\"breadcrumb\":{\"@id\":\"https:\/\/franciscanos.org.br\/noticias\/provincia-celebra-sua-padroeira-na-vila-clementino.html#breadcrumb\"},\"inLanguage\":\"pt-BR\",\"potentialAction\":[{\"@type\":\"ReadAction\",\"target\":[\"https:\/\/franciscanos.org.br\/noticias\/provincia-celebra-sua-padroeira-na-vila-clementino.html\"]}]},{\"@type\":\"BreadcrumbList\",\"@id\":\"https:\/\/franciscanos.org.br\/noticias\/provincia-celebra-sua-padroeira-na-vila-clementino.html#breadcrumb\",\"itemListElement\":[{\"@type\":\"ListItem\",\"position\":1,\"name\":\"Home\",\"item\":\"https:\/\/franciscanos.org.br\/noticias\"},{\"@type\":\"ListItem\",\"position\":2,\"name\":\"Prov\u00edncia celebra sua Padroeira na Vila Clementino\"}]},{\"@type\":\"Person\",\"@id\":\"https:\/\/franciscanos.org.br\/noticias\/#\/schema\/person\/b5c8cba458c330ccff548b056e95a5d4\",\"name\":\"moacir\",\"image\":{\"@type\":\"ImageObject\",\"inLanguage\":\"pt-BR\",\"@id\":\"https:\/\/franciscanos.org.br\/noticias\/#\/schema\/person\/image\/\",\"url\":\"https:\/\/secure.gravatar.com\/avatar\/d08aa2ce4c8dd416d4479aa8536fcf64?s=96&d=mm&r=g\",\"contentUrl\":\"https:\/\/secure.gravatar.com\/avatar\/d08aa2ce4c8dd416d4479aa8536fcf64?s=96&d=mm&r=g\",\"caption\":\"moacir\"},\"url\":\"https:\/\/franciscanos.org.br\/noticias\/author\/moacir\"}]}<\/script>\n<!-- \/ Yoast SEO plugin. -->","yoast_head_json":{"title":"Prov\u00edncia celebra sua Padroeira na Vila Clementino - Not\u00edcias - Franciscanos","robots":{"index":"index","follow":"follow","max-snippet":"max-snippet:-1","max-image-preview":"max-image-preview:large","max-video-preview":"max-video-preview:-1"},"canonical":"https:\/\/franciscanos.org.br\/noticias\/provincia-celebra-sua-padroeira-na-vila-clementino.html","og_locale":"pt_BR","og_type":"article","og_title":"Prov\u00edncia celebra sua Padroeira na Vila Clementino - Not\u00edcias - Franciscanos","og_description":"Solenidade da Imaculada Concei\u00e7\u00e3o de Nossa Senhora","og_url":"https:\/\/franciscanos.org.br\/noticias\/provincia-celebra-sua-padroeira-na-vila-clementino.html","og_site_name":"Not\u00edcias - Franciscanos","article_published_time":"2021-12-08T18:06:17+00:00","article_modified_time":"2023-01-03T17:51:01+00:00","og_image":[{"width":1280,"height":720,"url":"https:\/\/franciscanos.org.br\/noticias\/wp-content\/uploads\/2021\/12\/imaculada_0812_1.jpg","type":"image\/jpeg"}],"author":"moacir","twitter_card":"summary_large_image","twitter_misc":{"Escrito por":"moacir","Est. tempo de leitura":"4 minutos"},"schema":{"@context":"https:\/\/schema.org","@graph":[{"@type":"WebSite","@id":"https:\/\/franciscanos.org.br\/noticias\/#website","url":"https:\/\/franciscanos.org.br\/noticias\/","name":"Not\u00edcias - Franciscanos","description":"Prov\u00edncia Franciscana da Imaculada Concei\u00e7\u00e3o do Brasil - Ordem dos Frades Menores - OFM","potentialAction":[{"@type":"SearchAction","target":{"@type":"EntryPoint","urlTemplate":"https:\/\/franciscanos.org.br\/noticias\/?s={search_term_string}"},"query-input":"required name=search_term_string"}],"inLanguage":"pt-BR"},{"@type":"ImageObject","inLanguage":"pt-BR","@id":"https:\/\/franciscanos.org.br\/noticias\/provincia-celebra-sua-padroeira-na-vila-clementino.html#primaryimage","url":"https:\/\/franciscanos.org.br\/noticias\/wp-content\/uploads\/2021\/12\/imaculada_0812_1.jpg","contentUrl":"https:\/\/franciscanos.org.br\/noticias\/wp-content\/uploads\/2021\/12\/imaculada_0812_1.jpg","width":1280,"height":720},{"@type":"WebPage","@id":"https:\/\/franciscanos.org.br\/noticias\/provincia-celebra-sua-padroeira-na-vila-clementino.html#webpage","url":"https:\/\/franciscanos.org.br\/noticias\/provincia-celebra-sua-padroeira-na-vila-clementino.html","name":"Prov\u00edncia celebra sua Padroeira na Vila Clementino - Not\u00edcias - Franciscanos","isPartOf":{"@id":"https:\/\/franciscanos.org.br\/noticias\/#website"},"primaryImageOfPage":{"@id":"https:\/\/franciscanos.org.br\/noticias\/provincia-celebra-sua-padroeira-na-vila-clementino.html#primaryimage"},"datePublished":"2021-12-08T18:06:17+00:00","dateModified":"2023-01-03T17:51:01+00:00","author":{"@id":"https:\/\/franciscanos.org.br\/noticias\/#\/schema\/person\/b5c8cba458c330ccff548b056e95a5d4"},"breadcrumb":{"@id":"https:\/\/franciscanos.org.br\/noticias\/provincia-celebra-sua-padroeira-na-vila-clementino.html#breadcrumb"},"inLanguage":"pt-BR","potentialAction":[{"@type":"ReadAction","target":["https:\/\/franciscanos.org.br\/noticias\/provincia-celebra-sua-padroeira-na-vila-clementino.html"]}]},{"@type":"BreadcrumbList","@id":"https:\/\/franciscanos.org.br\/noticias\/provincia-celebra-sua-padroeira-na-vila-clementino.html#breadcrumb","itemListElement":[{"@type":"ListItem","position":1,"name":"Home","item":"https:\/\/franciscanos.org.br\/noticias"},{"@type":"ListItem","position":2,"name":"Prov\u00edncia celebra sua Padroeira na Vila Clementino"}]},{"@type":"Person","@id":"https:\/\/franciscanos.org.br\/noticias\/#\/schema\/person\/b5c8cba458c330ccff548b056e95a5d4","name":"moacir","image":{"@type":"ImageObject","inLanguage":"pt-BR","@id":"https:\/\/franciscanos.org.br\/noticias\/#\/schema\/person\/image\/","url":"https:\/\/secure.gravatar.com\/avatar\/d08aa2ce4c8dd416d4479aa8536fcf64?s=96&d=mm&r=g","contentUrl":"https:\/\/secure.gravatar.com\/avatar\/d08aa2ce4c8dd416d4479aa8536fcf64?s=96&d=mm&r=g","caption":"moacir"},"url":"https:\/\/franciscanos.org.br\/noticias\/author\/moacir"}]}},"_links":{"self":[{"href":"https:\/\/franciscanos.org.br\/noticias\/wp-json\/wp\/v2\/posts\/235689"}],"collection":[{"href":"https:\/\/franciscanos.org.br\/noticias\/wp-json\/wp\/v2\/posts"}],"about":[{"href":"https:\/\/franciscanos.org.br\/noticias\/wp-json\/wp\/v2\/types\/post"}],"author":[{"embeddable":true,"href":"https:\/\/franciscanos.org.br\/noticias\/wp-json\/wp\/v2\/users\/3"}],"replies":[{"embeddable":true,"href":"https:\/\/franciscanos.org.br\/noticias\/wp-json\/wp\/v2\/comments?post=235689"}],"version-history":[{"count":3,"href":"https:\/\/franciscanos.org.br\/noticias\/wp-json\/wp\/v2\/posts\/235689\/revisions"}],"predecessor-version":[{"id":241557,"href":"https:\/\/franciscanos.org.br\/noticias\/wp-json\/wp\/v2\/posts\/235689\/revisions\/241557"}],"wp:featuredmedia":[{"embeddable":true,"href":"https:\/\/franciscanos.org.br\/noticias\/wp-json\/wp\/v2\/media\/235690"}],"wp:attachment":[{"href":"https:\/\/franciscanos.org.br\/noticias\/wp-json\/wp\/v2\/media?parent=235689"}],"wp:term":[{"taxonomy":"category","embeddable":true,"href":"https:\/\/franciscanos.org.br\/noticias\/wp-json\/wp\/v2\/categories?post=235689"},{"taxonomy":"post_tag","embeddable":true,"href":"https:\/\/franciscanos.org.br\/noticias\/wp-json\/wp\/v2\/tags?post=235689"}],"curies":[{"name":"wp","href":"https:\/\/api.w.org\/{rel}","templated":true}]}}