{"id":235676,"date":"2021-12-07T14:39:23","date_gmt":"2021-12-07T17:39:23","guid":{"rendered":"https:\/\/franciscanos.org.br\/noticias\/?p=235676"},"modified":"2021-12-07T14:39:23","modified_gmt":"2021-12-07T17:39:23","slug":"exposicao-franciscana-de-presepios-e-abertura-do-ano-jubilar-do-convento-sao-francisco","status":"publish","type":"post","link":"https:\/\/franciscanos.org.br\/noticias\/exposicao-franciscana-de-presepios-e-abertura-do-ano-jubilar-do-convento-sao-francisco.html","title":{"rendered":"Exposi\u00e7\u00e3o Franciscana de Pres\u00e9pios e abertura do Ano Jubilar do Convento S\u00e3o Francisco"},"content":{"rendered":"<p><img loading=\"lazy\" class=\"alignnone wp-image-235677 size-full\" src=\"https:\/\/franciscanos.org.br\/noticias\/wp-content\/uploads\/2021\/12\/mostra_0712.jpg\" alt=\"\" width=\"1280\" height=\"853\" srcset=\"https:\/\/franciscanos.org.br\/noticias\/wp-content\/uploads\/2021\/12\/mostra_0712.jpg 1280w, https:\/\/franciscanos.org.br\/noticias\/wp-content\/uploads\/2021\/12\/mostra_0712-450x300.jpg 450w, https:\/\/franciscanos.org.br\/noticias\/wp-content\/uploads\/2021\/12\/mostra_0712-1024x682.jpg 1024w, https:\/\/franciscanos.org.br\/noticias\/wp-content\/uploads\/2021\/12\/mostra_0712-768x512.jpg 768w, https:\/\/franciscanos.org.br\/noticias\/wp-content\/uploads\/2021\/12\/mostra_0712-150x100.jpg 150w\" sizes=\"(max-width: 1280px) 100vw, 1280px\" \/><\/p>\n<p><strong><em>Com abertura no dia 8 de dezembro, a 32\u00aa Exposi\u00e7\u00e3o Franciscana de Pres\u00e9pios acontece no Santu\u00e1rio S\u00e3o Francisco de Assis, patrim\u00f4nio hist\u00f3rico de S\u00e3o Paulo<\/em><\/strong><\/p>\n<p>Iniciada h\u00e1 mais de tr\u00eas d\u00e9cadas, a\u00a0<strong>Exposi\u00e7\u00e3o Franciscana de Pres\u00e9pios do Santu\u00e1rio S\u00e3o Francisco de Assis\u00a0<\/strong>j\u00e1 faz parte do calend\u00e1rio das festividades natalinas da cidade de S\u00e3o Paulo. Neste ano, a mostra ser\u00e1 aberta ao p\u00fablico no dia\u00a0<strong>8 de dezembro<\/strong>, ap\u00f3s a missa das 10 horas, dia em que se comemora a Festa da Imaculada Concei\u00e7\u00e3o de Maria e que tamb\u00e9m daremos in\u00edcio ao nosso Ano Jubilar, comemorando\u00a0<strong>375 anos<\/strong>\u00a0da funda\u00e7\u00e3o do\u00a0<strong>Convento e Igreja de S\u00e3o Francisco.<\/strong>\u00a0A exposi\u00e7\u00e3o, que antigamente encerrava-se pr\u00f3ximo \u00e0 Festa da Epifania, a partir deste ano ficar\u00e1 dispon\u00edvel para visita\u00e7\u00e3o de forma permanente, sendo renovada a cada final de ano.<\/p>\n<p>Sempre repleta de novidades, a 32\u00aa edi\u00e7\u00e3o tem como tema\u00a0<em>\u201cO povo que andava nas trevas viu uma luz\u201d,<\/em>\u00a0inspirado na primeira leitura da Solenidade de Natal, do Profeta Isa\u00edas. Novamente queremos propor a alegria do encontro depois de vivermos tantas dificuldades nos \u00faltimos dois anos. Um encontro com o Deus menino que nos prop\u00f5e a reconstru\u00e7\u00e3o da humanidade, depois da pandemia, a partir do mist\u00e9rio da encarna\u00e7\u00e3o, que iluminou o mundo todo. A famosa cena do Menino Jesus na manjedoura, ao lado de Maria e Jos\u00e9, \u00e9 retratada de diferentes maneiras e materiais nas m\u00e3os de artes\u00e3os do mundo inteiro que poder\u00e3o ser apreciados no novo espa\u00e7o cultural no claustro do Convento, recentemente restaurado e de onde \u00e9 poss\u00edvel ter uma vista \u00fanica da igreja e do altar-mor de S\u00e3o Francisco.<\/p>\n<p>Aguardada com entusiasmo, a exposi\u00e7\u00e3o ganha um destaque especial por acontecer justamente numa igreja franciscana. Isso porque foi S\u00e3o Francisco de Assis o primeiro a montar um pres\u00e9pio tal qual conhecemos hoje. A ideia surgiu enquanto o santo lia, numa de suas longas noites dedicadas \u00e0 ora\u00e7\u00e3o, um trecho b\u00edblico que narrava o Nascimento de Cristo.<\/p>\n<p><img loading=\"lazy\" class=\"alignnone wp-image-235678 size-full\" src=\"https:\/\/franciscanos.org.br\/noticias\/wp-content\/uploads\/2021\/12\/mostra_0712_2.jpg\" alt=\"\" width=\"922\" height=\"691\" srcset=\"https:\/\/franciscanos.org.br\/noticias\/wp-content\/uploads\/2021\/12\/mostra_0712_2.jpg 922w, https:\/\/franciscanos.org.br\/noticias\/wp-content\/uploads\/2021\/12\/mostra_0712_2-450x337.jpg 450w, https:\/\/franciscanos.org.br\/noticias\/wp-content\/uploads\/2021\/12\/mostra_0712_2-768x576.jpg 768w, https:\/\/franciscanos.org.br\/noticias\/wp-content\/uploads\/2021\/12\/mostra_0712_2-150x112.jpg 150w, https:\/\/franciscanos.org.br\/noticias\/wp-content\/uploads\/2021\/12\/mostra_0712_2-600x450.jpg 600w\" sizes=\"(max-width: 922px) 100vw, 922px\" \/><\/p>\n<p>No ano de 1223, na cidade italiana de Greccio, Francisco de Assis celebrou o Natal e encenou a vinda de Jesus ao mundo. Os bi\u00f3grafos citam a cena da noite preparada com tochas, numa gruta, inclusive com um boi e um jumento. A criativa encena\u00e7\u00e3o agradou e se tornou conhecida pelo mundo inteiro. A partir da\u00ed, a divulga\u00e7\u00e3o e propaga\u00e7\u00e3o do pres\u00e9pio, s\u00edmbolo do Natal, se deve, em grande parte, aos franciscanos.<\/p>\n<p><strong>Sobre a Exposi\u00e7\u00e3o Franciscana de Pres\u00e9pios<\/strong><\/p>\n<p>Realizada pela primeira vez em 1989, a Exposi\u00e7\u00e3o Franciscana de Pres\u00e9pios do Santu\u00e1rio e Convento S\u00e3o Francisco de Assis traz, a cada edi\u00e7\u00e3o, pres\u00e9pios que revelam o mist\u00e9rio do nascimento de Jesus nas mais variadas formas, materiais e t\u00e9cnicas de representa\u00e7\u00e3o art\u00edstica. Ao todo, mais de 900 pres\u00e9pios provindos de v\u00e1rias partes do Brasil e tamb\u00e9m de outros pa\u00edses j\u00e1 fizeram parte da mostra.<\/p>\n<p><img loading=\"lazy\" class=\"alignnone wp-image-235679 size-full\" src=\"https:\/\/franciscanos.org.br\/noticias\/wp-content\/uploads\/2021\/12\/mostra_0712_3jpg.jpg\" alt=\"\" width=\"1280\" height=\"853\" srcset=\"https:\/\/franciscanos.org.br\/noticias\/wp-content\/uploads\/2021\/12\/mostra_0712_3jpg.jpg 1280w, https:\/\/franciscanos.org.br\/noticias\/wp-content\/uploads\/2021\/12\/mostra_0712_3jpg-450x300.jpg 450w, https:\/\/franciscanos.org.br\/noticias\/wp-content\/uploads\/2021\/12\/mostra_0712_3jpg-1024x682.jpg 1024w, https:\/\/franciscanos.org.br\/noticias\/wp-content\/uploads\/2021\/12\/mostra_0712_3jpg-768x512.jpg 768w, https:\/\/franciscanos.org.br\/noticias\/wp-content\/uploads\/2021\/12\/mostra_0712_3jpg-150x100.jpg 150w\" sizes=\"(max-width: 1280px) 100vw, 1280px\" \/><\/p>\n<p><strong>SERVI\u00c7O &#8211;\u00a0<\/strong><strong>3<\/strong><strong>2\u00aa EXPOSI\u00c7\u00c3O FRANCISCANA DE PRES\u00c9PIOS<\/strong><\/p>\n<p><strong>Abertura<\/strong>: 8 de dezembro de 2021<\/p>\n<p><strong>Hor\u00e1rio de visita\u00e7\u00e3o:<\/strong><\/p>\n<p>&#8211; de ter\u00e7a a s\u00e1bado: das 10h \u00e0s 16h<\/p>\n<p>&#8211; aos domingos: das 9h \u00e0s 13h<\/p>\n<p><strong>Ingresso<\/strong>: R$2,00<\/p>\n<p><strong>Local<\/strong>: Santu\u00e1rio S\u00e3o Francisco de Assis (pr\u00f3ximo \u00e0 esta\u00e7\u00e3o S\u00e9 do Metr\u00f4)<\/p>\n<p><strong>Endere\u00e7o<\/strong>: Largo S\u00e3o Francisco, 133 \u2013 Centro \u2013 S\u00e3o Paulo\/SP<\/p>\n<p><strong>Contato<\/strong>: (11) 3291-2400 ou (11) 99546 2500 (whatsapp)<\/p>\n<p><strong>Nossas redes sociais<\/strong>:<\/p>\n<p>Facebook.com\/santuariosaofranciscosp<\/p>\n<p>Instagram.com\/santuariosaofrancisco<\/p>\n<p>&nbsp;<\/p>\n","protected":false},"excerpt":{"rendered":"<p>Exposi\u00e7\u00e3o Franciscana de Pres\u00e9pios no Convento S\u00e3o Francisco<\/p>\n","protected":false},"author":3,"featured_media":235677,"comment_status":"open","ping_status":"open","sticky":false,"template":"","format":"standard","meta":[],"categories":[1],"tags":[333],"acf":[],"yoast_head":"<!-- This site is optimized with the Yoast SEO plugin v19.2 - https:\/\/yoast.com\/wordpress\/plugins\/seo\/ -->\n<title>Exposi\u00e7\u00e3o Franciscana de Pres\u00e9pios e abertura do Ano Jubilar do Convento S\u00e3o Francisco - Not\u00edcias - Franciscanos<\/title>\n<meta name=\"robots\" content=\"index, follow, max-snippet:-1, max-image-preview:large, max-video-preview:-1\" \/>\n<link rel=\"canonical\" href=\"https:\/\/franciscanos.org.br\/noticias\/exposicao-franciscana-de-presepios-e-abertura-do-ano-jubilar-do-convento-sao-francisco.html\" \/>\n<meta property=\"og:locale\" content=\"pt_BR\" \/>\n<meta property=\"og:type\" content=\"article\" \/>\n<meta property=\"og:title\" content=\"Exposi\u00e7\u00e3o Franciscana de Pres\u00e9pios e abertura do Ano Jubilar do Convento S\u00e3o Francisco - Not\u00edcias - Franciscanos\" \/>\n<meta property=\"og:description\" content=\"Exposi\u00e7\u00e3o Franciscana de Pres\u00e9pios no Convento S\u00e3o Francisco\" \/>\n<meta property=\"og:url\" content=\"https:\/\/franciscanos.org.br\/noticias\/exposicao-franciscana-de-presepios-e-abertura-do-ano-jubilar-do-convento-sao-francisco.html\" \/>\n<meta property=\"og:site_name\" content=\"Not\u00edcias - Franciscanos\" \/>\n<meta property=\"article:published_time\" content=\"2021-12-07T17:39:23+00:00\" \/>\n<meta property=\"og:image\" content=\"https:\/\/franciscanos.org.br\/noticias\/wp-content\/uploads\/2021\/12\/mostra_0712.jpg\" \/>\n\t<meta property=\"og:image:width\" content=\"1280\" \/>\n\t<meta property=\"og:image:height\" content=\"853\" \/>\n\t<meta property=\"og:image:type\" content=\"image\/jpeg\" \/>\n<meta name=\"author\" content=\"moacir\" \/>\n<meta name=\"twitter:card\" content=\"summary_large_image\" \/>\n<meta name=\"twitter:label1\" content=\"Escrito por\" \/>\n\t<meta name=\"twitter:data1\" content=\"moacir\" \/>\n\t<meta name=\"twitter:label2\" content=\"Est. tempo de leitura\" \/>\n\t<meta name=\"twitter:data2\" content=\"3 minutos\" \/>\n<script type=\"application\/ld+json\" class=\"yoast-schema-graph\">{\"@context\":\"https:\/\/schema.org\",\"@graph\":[{\"@type\":\"WebSite\",\"@id\":\"https:\/\/franciscanos.org.br\/noticias\/#website\",\"url\":\"https:\/\/franciscanos.org.br\/noticias\/\",\"name\":\"Not\u00edcias - Franciscanos\",\"description\":\"Prov\u00edncia Franciscana da Imaculada Concei\u00e7\u00e3o do Brasil - Ordem dos Frades Menores - OFM\",\"potentialAction\":[{\"@type\":\"SearchAction\",\"target\":{\"@type\":\"EntryPoint\",\"urlTemplate\":\"https:\/\/franciscanos.org.br\/noticias\/?s={search_term_string}\"},\"query-input\":\"required name=search_term_string\"}],\"inLanguage\":\"pt-BR\"},{\"@type\":\"ImageObject\",\"inLanguage\":\"pt-BR\",\"@id\":\"https:\/\/franciscanos.org.br\/noticias\/exposicao-franciscana-de-presepios-e-abertura-do-ano-jubilar-do-convento-sao-francisco.html#primaryimage\",\"url\":\"https:\/\/franciscanos.org.br\/noticias\/wp-content\/uploads\/2021\/12\/mostra_0712.jpg\",\"contentUrl\":\"https:\/\/franciscanos.org.br\/noticias\/wp-content\/uploads\/2021\/12\/mostra_0712.jpg\",\"width\":1280,\"height\":853},{\"@type\":\"WebPage\",\"@id\":\"https:\/\/franciscanos.org.br\/noticias\/exposicao-franciscana-de-presepios-e-abertura-do-ano-jubilar-do-convento-sao-francisco.html#webpage\",\"url\":\"https:\/\/franciscanos.org.br\/noticias\/exposicao-franciscana-de-presepios-e-abertura-do-ano-jubilar-do-convento-sao-francisco.html\",\"name\":\"Exposi\u00e7\u00e3o Franciscana de Pres\u00e9pios e abertura do Ano Jubilar do Convento S\u00e3o Francisco - Not\u00edcias - Franciscanos\",\"isPartOf\":{\"@id\":\"https:\/\/franciscanos.org.br\/noticias\/#website\"},\"primaryImageOfPage\":{\"@id\":\"https:\/\/franciscanos.org.br\/noticias\/exposicao-franciscana-de-presepios-e-abertura-do-ano-jubilar-do-convento-sao-francisco.html#primaryimage\"},\"datePublished\":\"2021-12-07T17:39:23+00:00\",\"dateModified\":\"2021-12-07T17:39:23+00:00\",\"author\":{\"@id\":\"https:\/\/franciscanos.org.br\/noticias\/#\/schema\/person\/b5c8cba458c330ccff548b056e95a5d4\"},\"breadcrumb\":{\"@id\":\"https:\/\/franciscanos.org.br\/noticias\/exposicao-franciscana-de-presepios-e-abertura-do-ano-jubilar-do-convento-sao-francisco.html#breadcrumb\"},\"inLanguage\":\"pt-BR\",\"potentialAction\":[{\"@type\":\"ReadAction\",\"target\":[\"https:\/\/franciscanos.org.br\/noticias\/exposicao-franciscana-de-presepios-e-abertura-do-ano-jubilar-do-convento-sao-francisco.html\"]}]},{\"@type\":\"BreadcrumbList\",\"@id\":\"https:\/\/franciscanos.org.br\/noticias\/exposicao-franciscana-de-presepios-e-abertura-do-ano-jubilar-do-convento-sao-francisco.html#breadcrumb\",\"itemListElement\":[{\"@type\":\"ListItem\",\"position\":1,\"name\":\"Home\",\"item\":\"https:\/\/franciscanos.org.br\/noticias\"},{\"@type\":\"ListItem\",\"position\":2,\"name\":\"Exposi\u00e7\u00e3o Franciscana de Pres\u00e9pios e abertura do Ano Jubilar do Convento S\u00e3o Francisco\"}]},{\"@type\":\"Person\",\"@id\":\"https:\/\/franciscanos.org.br\/noticias\/#\/schema\/person\/b5c8cba458c330ccff548b056e95a5d4\",\"name\":\"moacir\",\"image\":{\"@type\":\"ImageObject\",\"inLanguage\":\"pt-BR\",\"@id\":\"https:\/\/franciscanos.org.br\/noticias\/#\/schema\/person\/image\/\",\"url\":\"https:\/\/secure.gravatar.com\/avatar\/d08aa2ce4c8dd416d4479aa8536fcf64?s=96&d=mm&r=g\",\"contentUrl\":\"https:\/\/secure.gravatar.com\/avatar\/d08aa2ce4c8dd416d4479aa8536fcf64?s=96&d=mm&r=g\",\"caption\":\"moacir\"},\"url\":\"https:\/\/franciscanos.org.br\/noticias\/author\/moacir\"}]}<\/script>\n<!-- \/ Yoast SEO plugin. -->","yoast_head_json":{"title":"Exposi\u00e7\u00e3o Franciscana de Pres\u00e9pios e abertura do Ano Jubilar do Convento S\u00e3o Francisco - Not\u00edcias - Franciscanos","robots":{"index":"index","follow":"follow","max-snippet":"max-snippet:-1","max-image-preview":"max-image-preview:large","max-video-preview":"max-video-preview:-1"},"canonical":"https:\/\/franciscanos.org.br\/noticias\/exposicao-franciscana-de-presepios-e-abertura-do-ano-jubilar-do-convento-sao-francisco.html","og_locale":"pt_BR","og_type":"article","og_title":"Exposi\u00e7\u00e3o Franciscana de Pres\u00e9pios e abertura do Ano Jubilar do Convento S\u00e3o Francisco - Not\u00edcias - Franciscanos","og_description":"Exposi\u00e7\u00e3o Franciscana de Pres\u00e9pios no Convento S\u00e3o Francisco","og_url":"https:\/\/franciscanos.org.br\/noticias\/exposicao-franciscana-de-presepios-e-abertura-do-ano-jubilar-do-convento-sao-francisco.html","og_site_name":"Not\u00edcias - Franciscanos","article_published_time":"2021-12-07T17:39:23+00:00","og_image":[{"width":1280,"height":853,"url":"https:\/\/franciscanos.org.br\/noticias\/wp-content\/uploads\/2021\/12\/mostra_0712.jpg","type":"image\/jpeg"}],"author":"moacir","twitter_card":"summary_large_image","twitter_misc":{"Escrito por":"moacir","Est. tempo de leitura":"3 minutos"},"schema":{"@context":"https:\/\/schema.org","@graph":[{"@type":"WebSite","@id":"https:\/\/franciscanos.org.br\/noticias\/#website","url":"https:\/\/franciscanos.org.br\/noticias\/","name":"Not\u00edcias - Franciscanos","description":"Prov\u00edncia Franciscana da Imaculada Concei\u00e7\u00e3o do Brasil - Ordem dos Frades Menores - OFM","potentialAction":[{"@type":"SearchAction","target":{"@type":"EntryPoint","urlTemplate":"https:\/\/franciscanos.org.br\/noticias\/?s={search_term_string}"},"query-input":"required name=search_term_string"}],"inLanguage":"pt-BR"},{"@type":"ImageObject","inLanguage":"pt-BR","@id":"https:\/\/franciscanos.org.br\/noticias\/exposicao-franciscana-de-presepios-e-abertura-do-ano-jubilar-do-convento-sao-francisco.html#primaryimage","url":"https:\/\/franciscanos.org.br\/noticias\/wp-content\/uploads\/2021\/12\/mostra_0712.jpg","contentUrl":"https:\/\/franciscanos.org.br\/noticias\/wp-content\/uploads\/2021\/12\/mostra_0712.jpg","width":1280,"height":853},{"@type":"WebPage","@id":"https:\/\/franciscanos.org.br\/noticias\/exposicao-franciscana-de-presepios-e-abertura-do-ano-jubilar-do-convento-sao-francisco.html#webpage","url":"https:\/\/franciscanos.org.br\/noticias\/exposicao-franciscana-de-presepios-e-abertura-do-ano-jubilar-do-convento-sao-francisco.html","name":"Exposi\u00e7\u00e3o Franciscana de Pres\u00e9pios e abertura do Ano Jubilar do Convento S\u00e3o Francisco - Not\u00edcias - Franciscanos","isPartOf":{"@id":"https:\/\/franciscanos.org.br\/noticias\/#website"},"primaryImageOfPage":{"@id":"https:\/\/franciscanos.org.br\/noticias\/exposicao-franciscana-de-presepios-e-abertura-do-ano-jubilar-do-convento-sao-francisco.html#primaryimage"},"datePublished":"2021-12-07T17:39:23+00:00","dateModified":"2021-12-07T17:39:23+00:00","author":{"@id":"https:\/\/franciscanos.org.br\/noticias\/#\/schema\/person\/b5c8cba458c330ccff548b056e95a5d4"},"breadcrumb":{"@id":"https:\/\/franciscanos.org.br\/noticias\/exposicao-franciscana-de-presepios-e-abertura-do-ano-jubilar-do-convento-sao-francisco.html#breadcrumb"},"inLanguage":"pt-BR","potentialAction":[{"@type":"ReadAction","target":["https:\/\/franciscanos.org.br\/noticias\/exposicao-franciscana-de-presepios-e-abertura-do-ano-jubilar-do-convento-sao-francisco.html"]}]},{"@type":"BreadcrumbList","@id":"https:\/\/franciscanos.org.br\/noticias\/exposicao-franciscana-de-presepios-e-abertura-do-ano-jubilar-do-convento-sao-francisco.html#breadcrumb","itemListElement":[{"@type":"ListItem","position":1,"name":"Home","item":"https:\/\/franciscanos.org.br\/noticias"},{"@type":"ListItem","position":2,"name":"Exposi\u00e7\u00e3o Franciscana de Pres\u00e9pios e abertura do Ano Jubilar do Convento S\u00e3o Francisco"}]},{"@type":"Person","@id":"https:\/\/franciscanos.org.br\/noticias\/#\/schema\/person\/b5c8cba458c330ccff548b056e95a5d4","name":"moacir","image":{"@type":"ImageObject","inLanguage":"pt-BR","@id":"https:\/\/franciscanos.org.br\/noticias\/#\/schema\/person\/image\/","url":"https:\/\/secure.gravatar.com\/avatar\/d08aa2ce4c8dd416d4479aa8536fcf64?s=96&d=mm&r=g","contentUrl":"https:\/\/secure.gravatar.com\/avatar\/d08aa2ce4c8dd416d4479aa8536fcf64?s=96&d=mm&r=g","caption":"moacir"},"url":"https:\/\/franciscanos.org.br\/noticias\/author\/moacir"}]}},"_links":{"self":[{"href":"https:\/\/franciscanos.org.br\/noticias\/wp-json\/wp\/v2\/posts\/235676"}],"collection":[{"href":"https:\/\/franciscanos.org.br\/noticias\/wp-json\/wp\/v2\/posts"}],"about":[{"href":"https:\/\/franciscanos.org.br\/noticias\/wp-json\/wp\/v2\/types\/post"}],"author":[{"embeddable":true,"href":"https:\/\/franciscanos.org.br\/noticias\/wp-json\/wp\/v2\/users\/3"}],"replies":[{"embeddable":true,"href":"https:\/\/franciscanos.org.br\/noticias\/wp-json\/wp\/v2\/comments?post=235676"}],"version-history":[{"count":1,"href":"https:\/\/franciscanos.org.br\/noticias\/wp-json\/wp\/v2\/posts\/235676\/revisions"}],"predecessor-version":[{"id":235680,"href":"https:\/\/franciscanos.org.br\/noticias\/wp-json\/wp\/v2\/posts\/235676\/revisions\/235680"}],"wp:featuredmedia":[{"embeddable":true,"href":"https:\/\/franciscanos.org.br\/noticias\/wp-json\/wp\/v2\/media\/235677"}],"wp:attachment":[{"href":"https:\/\/franciscanos.org.br\/noticias\/wp-json\/wp\/v2\/media?parent=235676"}],"wp:term":[{"taxonomy":"category","embeddable":true,"href":"https:\/\/franciscanos.org.br\/noticias\/wp-json\/wp\/v2\/categories?post=235676"},{"taxonomy":"post_tag","embeddable":true,"href":"https:\/\/franciscanos.org.br\/noticias\/wp-json\/wp\/v2\/tags?post=235676"}],"curies":[{"name":"wp","href":"https:\/\/api.w.org\/{rel}","templated":true}]}}