{"id":235669,"date":"2021-12-07T13:53:26","date_gmt":"2021-12-07T16:53:26","guid":{"rendered":"https:\/\/franciscanos.org.br\/noticias\/?p=235669"},"modified":"2021-12-07T13:53:26","modified_gmt":"2021-12-07T16:53:26","slug":"papa-cuidar-dos-marginalizados-e-um-sinal-de-mudanca-real","status":"publish","type":"post","link":"https:\/\/franciscanos.org.br\/noticias\/papa-cuidar-dos-marginalizados-e-um-sinal-de-mudanca-real.html","title":{"rendered":"Papa: cuidar dos marginalizados \u00e9 um sinal de mudan\u00e7a real"},"content":{"rendered":"<div id=\"attachment_235670\" style=\"width: 910px\" class=\"wp-caption alignnone\"><img aria-describedby=\"caption-attachment-235670\" loading=\"lazy\" class=\"wp-image-235670 size-full\" src=\"https:\/\/franciscanos.org.br\/noticias\/wp-content\/uploads\/2021\/12\/papa_0712.jpg\" alt=\"\" width=\"900\" height=\"506\" srcset=\"https:\/\/franciscanos.org.br\/noticias\/wp-content\/uploads\/2021\/12\/papa_0712.jpg 900w, https:\/\/franciscanos.org.br\/noticias\/wp-content\/uploads\/2021\/12\/papa_0712-450x253.jpg 450w, https:\/\/franciscanos.org.br\/noticias\/wp-content\/uploads\/2021\/12\/papa_0712-768x432.jpg 768w, https:\/\/franciscanos.org.br\/noticias\/wp-content\/uploads\/2021\/12\/papa_0712-150x84.jpg 150w\" sizes=\"(max-width: 900px) 100vw, 900px\" \/><p id=\"caption-attachment-235670\" class=\"wp-caption-text\">\u00a0 \u00a0 \u00a0 \u00a0 \u00a0 \u00a0 \u00a0 \u00a0 \u00a0 \u00a0 \u00a0 \u00a0 \u00a0 \u00a0 \u00a0 \u00a0 \u00a0 \u00a0 \u00a0 \u00a0 \u00a0 \u00a0 \u00a0 \u00a0 \u00a0 \u00a0 \u00a0 \u00a0 \u00a0 \u00a0 \u00a0 \u00a0 \u00a0 \u00a0 \u00a0 \u00a0 \u00a0 \u00a0 \u00a0 \u00a0 \u00a0 \u00a0 \u00a0 \u00a0 \u00a0 \u00a0 \u00a0 \u00a0 \u00a0 \u00a0 \u00a0 \u00a0 \u00a0 \u00a0 \u00a0 \u00a0 \u00a0 \u00a0 \u00a0 \u00a0 \u00a0 \u00a0 \u00a0 \u00a0 \u00a0<em> \u00a0 \u00a0 Imagem: Vatican Media<\/em><\/p><\/div>\n<p>A reflex\u00e3o do Papa sobre algumas palavras-chave ligadas \u00e0 sa\u00fade, velhice e doen\u00e7a: \u00e1reas nas quais a Cooperativa OSA, Profissionais da Sa\u00fade Associados, trabalha h\u00e1 pelo menos 35 anos, dedicando-se ao cuidado e tratamento de pacientes cujas vidas s\u00e3o frequentemente contadas na revista &#8220;50mila volti&#8221;. O Papa Francisco concedeu uma entrevista \u00e0 reda\u00e7\u00e3o da revista na qual aponta a &#8220;ternura&#8221; como um dos termos para dar ainda mais valor ao cuidado. &#8220;O modo pelo qual Deus se fez presente na vida de cada homem, sobretudo atrav\u00e9s de Jesus&#8221;.<\/p>\n<p>A ternura indica proximidade n\u00e3o apenas atrav\u00e9s da compet\u00eancia, mas acima de tudo atrav\u00e9s da participa\u00e7\u00e3o na vida concreta das pessoas. \u00c9 uma proximidade entendida como partilha, cuidado e amor. Espero que a grande prova\u00e7\u00e3o que vivemos na pandemia nos tenha feito sonhar com uma nova proximidade entre todos. Uma nova ternura.<\/p>\n<p><strong>Encontro entre fragilidades<\/strong><br \/>\nDepois o Papa falou sobre as crian\u00e7as e os idosos, &#8220;principais cidad\u00e3os das periferias existenciais&#8221; de uma sociedade que se concentra na produtividade. &#8220;Suas vidas&#8221;, afirmou, &#8220;s\u00e3o percebidas como in\u00fateis. Creio, ao inv\u00e9s disso, que o encontro geracional entre crian\u00e7as e idosos deva ser preenchido por uma cultura que saiba unir e integrar este tipo de fragilidade&#8221;. Trata-se, explica Francisco, de &#8220;uma quest\u00e3o humana&#8221;.<\/p>\n<p>Somente quando voltarmos a nos preocupar acima de tudo com os que est\u00e3o em situa\u00e7\u00e3o de marginalidade, daremos sinais de mudan\u00e7a real. Quando trabalharmos para que n\u00e3o haja mais conflito geracional, e encontrarmos a coragem de reunir os jovens e os adultos, as crian\u00e7as e os idosos, s\u00f3 ent\u00e3o experimentaremos uma nova qualidade de vida na sociedade.<\/p>\n<p>A Cooperativa Osa auxilia as pessoas a domic\u00edlio, na intimidade de sua pr\u00f3pria casa, uma dimens\u00e3o de afetuoso cuidado. Para o Papa, o lar &#8220;n\u00e3o \u00e9 simplesmente um lugar, \u00e9 acima de tudo um relacionamento&#8221; que traz novas for\u00e7as para enfrentar as prova\u00e7\u00f5es. \u201cIsto n\u00e3o significa&#8221;, explica Francisco, &#8220;que as estruturas de sa\u00fade sejam in\u00fateis, mas devem se tornar o \u00faltimo recurso na experi\u00eancia de doen\u00e7a e sofrimento&#8221;. O Papa elogiou o trabalho realizado &#8220;porque torna poss\u00edvel a experi\u00eancia da dor e da doen\u00e7a em um ambiente certamente mais acolhedor, mais humano com maior capacidade de humanizar at\u00e9 mesmo uma parte da vida que, precisamente por ser dif\u00edcil, nos faz sentir mais sozinhos, mais incompreendidos e mais vulner\u00e1veis&#8221;.<\/p>\n<p>Recordando sua recente experi\u00eancia hospitalar, Francisco sugere algumas regras simples para os profissionais da sa\u00fade mas que, em ess\u00eancia, dizem respeito os que vivem seu servi\u00e7o e seu trabalho de uma forma humana. &#8220;Olhem nos olhos das pessoas, considere-as em seu sofrimento sem jamais banaliz\u00e1-las&#8221;, e tamb\u00e9m a escuta para que &#8220;essas pessoas possam confiar a algu\u00e9m o sofrimento que est\u00e3o passando, as dificuldades que elas t\u00eam&#8221;. Por fim, o cuidado ao oferecer ajuda, apoio e servi\u00e7os profissionais &#8220;deve ser traduzido de uma forma que nunca seja violenta, previs\u00edvel ou mec\u00e2nica&#8221;.<\/p>\n<p><strong>Todos n\u00f3s precisamos de um Cireneu<\/strong><br \/>\nA \u00faltima pergunta feita ao Papa diz respeito \u00e0 dor e \u00e0 morte. Francisco salienta que mesmo sem falar de Cristo, n\u00e3o podemos passar sem Ele e sua experi\u00eancia. Lembra que muitas vezes &#8220;os discursos, em vez de serem de ajuda ou consolo, causam ainda mais sofrimento&#8221;, \u00e9 necess\u00e1rio &#8220;n\u00e3o fugir, ficar perto&#8221; nos momentos de prova\u00e7\u00e3o, &#8220;diante do esc\u00e2ndalo da dor inocente, do esc\u00e2ndalo da dor de uma crian\u00e7a&#8221;. Devemos ent\u00e3o evitar a tenta\u00e7\u00e3o de nos isolarmos porque &#8220;quanto mais sofremos, mais sentimos que tamb\u00e9m precisamos de um Cireneu que nos ajude a carregar a nossa Cruz&#8221;.<\/p>\n<p>Deus sempre encontra uma forma de estar presente em nossas vidas, mesmo quando sentimos que Ele est\u00e1 longe ou nos sentimos abandonados. Esta \u00e9 a nossa for\u00e7a. E mesmo que n\u00e3o o saibamos, a P\u00e1scoa j\u00e1 est\u00e1 em a\u00e7\u00e3o nessa escurid\u00e3o. Somente com o tempo \u00e9 que percebemos que h\u00e1 uma luz escondida mesmo na escurid\u00e3o mais profunda. Enquanto esperamos para perceber isso, s\u00f3 podemos continuar a nos ajudar uns aos outros.<\/p>\n<p>&#8220;Obrigado pelo que voc\u00eas fazem, voc\u00eas ajudam muitas pessoas a superar suas escurid\u00f5es, a n\u00e3o se sentirem sozinhas, a n\u00e3o desanimarem e a serem capazes de viver e passar por aquilo que nunca puderam viver ou enfrentar sozinhas&#8221;, concluiu o Papa.<\/p>\n<hr \/>\n<p><em>Fonte: Vatican News (texto de Benedetta Capelli)<\/em><\/p>\n","protected":false},"excerpt":{"rendered":"<p>Papa Francisco<\/p>\n","protected":false},"author":3,"featured_media":235671,"comment_status":"open","ping_status":"open","sticky":false,"template":"","format":"standard","meta":[],"categories":[1428],"tags":[55],"acf":[],"yoast_head":"<!-- This site is optimized with the Yoast SEO plugin v19.2 - https:\/\/yoast.com\/wordpress\/plugins\/seo\/ -->\n<title>Papa: cuidar dos marginalizados \u00e9 um sinal de mudan\u00e7a real - Not\u00edcias - Franciscanos<\/title>\n<meta name=\"robots\" content=\"index, follow, max-snippet:-1, max-image-preview:large, max-video-preview:-1\" \/>\n<link rel=\"canonical\" href=\"https:\/\/franciscanos.org.br\/noticias\/papa-cuidar-dos-marginalizados-e-um-sinal-de-mudanca-real.html\" \/>\n<meta property=\"og:locale\" content=\"pt_BR\" \/>\n<meta property=\"og:type\" content=\"article\" \/>\n<meta property=\"og:title\" content=\"Papa: cuidar dos marginalizados \u00e9 um sinal de mudan\u00e7a real - Not\u00edcias - Franciscanos\" \/>\n<meta property=\"og:description\" content=\"Papa Francisco\" \/>\n<meta property=\"og:url\" content=\"https:\/\/franciscanos.org.br\/noticias\/papa-cuidar-dos-marginalizados-e-um-sinal-de-mudanca-real.html\" \/>\n<meta property=\"og:site_name\" content=\"Not\u00edcias - Franciscanos\" \/>\n<meta property=\"article:published_time\" content=\"2021-12-07T16:53:26+00:00\" \/>\n<meta property=\"og:image\" content=\"https:\/\/franciscanos.org.br\/noticias\/wp-content\/uploads\/2021\/12\/papa_0712-1.jpg\" \/>\n\t<meta property=\"og:image:width\" content=\"900\" \/>\n\t<meta property=\"og:image:height\" content=\"506\" \/>\n\t<meta property=\"og:image:type\" content=\"image\/jpeg\" \/>\n<meta name=\"author\" content=\"moacir\" \/>\n<meta name=\"twitter:card\" content=\"summary_large_image\" \/>\n<meta name=\"twitter:label1\" content=\"Escrito por\" \/>\n\t<meta name=\"twitter:data1\" content=\"moacir\" \/>\n\t<meta name=\"twitter:label2\" content=\"Est. tempo de leitura\" \/>\n\t<meta name=\"twitter:data2\" content=\"4 minutos\" \/>\n<script type=\"application\/ld+json\" class=\"yoast-schema-graph\">{\"@context\":\"https:\/\/schema.org\",\"@graph\":[{\"@type\":\"WebSite\",\"@id\":\"https:\/\/franciscanos.org.br\/noticias\/#website\",\"url\":\"https:\/\/franciscanos.org.br\/noticias\/\",\"name\":\"Not\u00edcias - Franciscanos\",\"description\":\"Prov\u00edncia Franciscana da Imaculada Concei\u00e7\u00e3o do Brasil - Ordem dos Frades Menores - OFM\",\"potentialAction\":[{\"@type\":\"SearchAction\",\"target\":{\"@type\":\"EntryPoint\",\"urlTemplate\":\"https:\/\/franciscanos.org.br\/noticias\/?s={search_term_string}\"},\"query-input\":\"required name=search_term_string\"}],\"inLanguage\":\"pt-BR\"},{\"@type\":\"ImageObject\",\"inLanguage\":\"pt-BR\",\"@id\":\"https:\/\/franciscanos.org.br\/noticias\/papa-cuidar-dos-marginalizados-e-um-sinal-de-mudanca-real.html#primaryimage\",\"url\":\"https:\/\/franciscanos.org.br\/noticias\/wp-content\/uploads\/2021\/12\/papa_0712-1.jpg\",\"contentUrl\":\"https:\/\/franciscanos.org.br\/noticias\/wp-content\/uploads\/2021\/12\/papa_0712-1.jpg\",\"width\":900,\"height\":506},{\"@type\":\"WebPage\",\"@id\":\"https:\/\/franciscanos.org.br\/noticias\/papa-cuidar-dos-marginalizados-e-um-sinal-de-mudanca-real.html#webpage\",\"url\":\"https:\/\/franciscanos.org.br\/noticias\/papa-cuidar-dos-marginalizados-e-um-sinal-de-mudanca-real.html\",\"name\":\"Papa: cuidar dos marginalizados \u00e9 um sinal de mudan\u00e7a real - Not\u00edcias - Franciscanos\",\"isPartOf\":{\"@id\":\"https:\/\/franciscanos.org.br\/noticias\/#website\"},\"primaryImageOfPage\":{\"@id\":\"https:\/\/franciscanos.org.br\/noticias\/papa-cuidar-dos-marginalizados-e-um-sinal-de-mudanca-real.html#primaryimage\"},\"datePublished\":\"2021-12-07T16:53:26+00:00\",\"dateModified\":\"2021-12-07T16:53:26+00:00\",\"author\":{\"@id\":\"https:\/\/franciscanos.org.br\/noticias\/#\/schema\/person\/b5c8cba458c330ccff548b056e95a5d4\"},\"breadcrumb\":{\"@id\":\"https:\/\/franciscanos.org.br\/noticias\/papa-cuidar-dos-marginalizados-e-um-sinal-de-mudanca-real.html#breadcrumb\"},\"inLanguage\":\"pt-BR\",\"potentialAction\":[{\"@type\":\"ReadAction\",\"target\":[\"https:\/\/franciscanos.org.br\/noticias\/papa-cuidar-dos-marginalizados-e-um-sinal-de-mudanca-real.html\"]}]},{\"@type\":\"BreadcrumbList\",\"@id\":\"https:\/\/franciscanos.org.br\/noticias\/papa-cuidar-dos-marginalizados-e-um-sinal-de-mudanca-real.html#breadcrumb\",\"itemListElement\":[{\"@type\":\"ListItem\",\"position\":1,\"name\":\"Home\",\"item\":\"https:\/\/franciscanos.org.br\/noticias\"},{\"@type\":\"ListItem\",\"position\":2,\"name\":\"Papa: cuidar dos marginalizados \u00e9 um sinal de mudan\u00e7a real\"}]},{\"@type\":\"Person\",\"@id\":\"https:\/\/franciscanos.org.br\/noticias\/#\/schema\/person\/b5c8cba458c330ccff548b056e95a5d4\",\"name\":\"moacir\",\"image\":{\"@type\":\"ImageObject\",\"inLanguage\":\"pt-BR\",\"@id\":\"https:\/\/franciscanos.org.br\/noticias\/#\/schema\/person\/image\/\",\"url\":\"https:\/\/secure.gravatar.com\/avatar\/d08aa2ce4c8dd416d4479aa8536fcf64?s=96&d=mm&r=g\",\"contentUrl\":\"https:\/\/secure.gravatar.com\/avatar\/d08aa2ce4c8dd416d4479aa8536fcf64?s=96&d=mm&r=g\",\"caption\":\"moacir\"},\"url\":\"https:\/\/franciscanos.org.br\/noticias\/author\/moacir\"}]}<\/script>\n<!-- \/ Yoast SEO plugin. -->","yoast_head_json":{"title":"Papa: cuidar dos marginalizados \u00e9 um sinal de mudan\u00e7a real - Not\u00edcias - Franciscanos","robots":{"index":"index","follow":"follow","max-snippet":"max-snippet:-1","max-image-preview":"max-image-preview:large","max-video-preview":"max-video-preview:-1"},"canonical":"https:\/\/franciscanos.org.br\/noticias\/papa-cuidar-dos-marginalizados-e-um-sinal-de-mudanca-real.html","og_locale":"pt_BR","og_type":"article","og_title":"Papa: cuidar dos marginalizados \u00e9 um sinal de mudan\u00e7a real - Not\u00edcias - Franciscanos","og_description":"Papa Francisco","og_url":"https:\/\/franciscanos.org.br\/noticias\/papa-cuidar-dos-marginalizados-e-um-sinal-de-mudanca-real.html","og_site_name":"Not\u00edcias - Franciscanos","article_published_time":"2021-12-07T16:53:26+00:00","og_image":[{"width":900,"height":506,"url":"https:\/\/franciscanos.org.br\/noticias\/wp-content\/uploads\/2021\/12\/papa_0712-1.jpg","type":"image\/jpeg"}],"author":"moacir","twitter_card":"summary_large_image","twitter_misc":{"Escrito por":"moacir","Est. tempo de leitura":"4 minutos"},"schema":{"@context":"https:\/\/schema.org","@graph":[{"@type":"WebSite","@id":"https:\/\/franciscanos.org.br\/noticias\/#website","url":"https:\/\/franciscanos.org.br\/noticias\/","name":"Not\u00edcias - Franciscanos","description":"Prov\u00edncia Franciscana da Imaculada Concei\u00e7\u00e3o do Brasil - Ordem dos Frades Menores - OFM","potentialAction":[{"@type":"SearchAction","target":{"@type":"EntryPoint","urlTemplate":"https:\/\/franciscanos.org.br\/noticias\/?s={search_term_string}"},"query-input":"required name=search_term_string"}],"inLanguage":"pt-BR"},{"@type":"ImageObject","inLanguage":"pt-BR","@id":"https:\/\/franciscanos.org.br\/noticias\/papa-cuidar-dos-marginalizados-e-um-sinal-de-mudanca-real.html#primaryimage","url":"https:\/\/franciscanos.org.br\/noticias\/wp-content\/uploads\/2021\/12\/papa_0712-1.jpg","contentUrl":"https:\/\/franciscanos.org.br\/noticias\/wp-content\/uploads\/2021\/12\/papa_0712-1.jpg","width":900,"height":506},{"@type":"WebPage","@id":"https:\/\/franciscanos.org.br\/noticias\/papa-cuidar-dos-marginalizados-e-um-sinal-de-mudanca-real.html#webpage","url":"https:\/\/franciscanos.org.br\/noticias\/papa-cuidar-dos-marginalizados-e-um-sinal-de-mudanca-real.html","name":"Papa: cuidar dos marginalizados \u00e9 um sinal de mudan\u00e7a real - Not\u00edcias - Franciscanos","isPartOf":{"@id":"https:\/\/franciscanos.org.br\/noticias\/#website"},"primaryImageOfPage":{"@id":"https:\/\/franciscanos.org.br\/noticias\/papa-cuidar-dos-marginalizados-e-um-sinal-de-mudanca-real.html#primaryimage"},"datePublished":"2021-12-07T16:53:26+00:00","dateModified":"2021-12-07T16:53:26+00:00","author":{"@id":"https:\/\/franciscanos.org.br\/noticias\/#\/schema\/person\/b5c8cba458c330ccff548b056e95a5d4"},"breadcrumb":{"@id":"https:\/\/franciscanos.org.br\/noticias\/papa-cuidar-dos-marginalizados-e-um-sinal-de-mudanca-real.html#breadcrumb"},"inLanguage":"pt-BR","potentialAction":[{"@type":"ReadAction","target":["https:\/\/franciscanos.org.br\/noticias\/papa-cuidar-dos-marginalizados-e-um-sinal-de-mudanca-real.html"]}]},{"@type":"BreadcrumbList","@id":"https:\/\/franciscanos.org.br\/noticias\/papa-cuidar-dos-marginalizados-e-um-sinal-de-mudanca-real.html#breadcrumb","itemListElement":[{"@type":"ListItem","position":1,"name":"Home","item":"https:\/\/franciscanos.org.br\/noticias"},{"@type":"ListItem","position":2,"name":"Papa: cuidar dos marginalizados \u00e9 um sinal de mudan\u00e7a real"}]},{"@type":"Person","@id":"https:\/\/franciscanos.org.br\/noticias\/#\/schema\/person\/b5c8cba458c330ccff548b056e95a5d4","name":"moacir","image":{"@type":"ImageObject","inLanguage":"pt-BR","@id":"https:\/\/franciscanos.org.br\/noticias\/#\/schema\/person\/image\/","url":"https:\/\/secure.gravatar.com\/avatar\/d08aa2ce4c8dd416d4479aa8536fcf64?s=96&d=mm&r=g","contentUrl":"https:\/\/secure.gravatar.com\/avatar\/d08aa2ce4c8dd416d4479aa8536fcf64?s=96&d=mm&r=g","caption":"moacir"},"url":"https:\/\/franciscanos.org.br\/noticias\/author\/moacir"}]}},"_links":{"self":[{"href":"https:\/\/franciscanos.org.br\/noticias\/wp-json\/wp\/v2\/posts\/235669"}],"collection":[{"href":"https:\/\/franciscanos.org.br\/noticias\/wp-json\/wp\/v2\/posts"}],"about":[{"href":"https:\/\/franciscanos.org.br\/noticias\/wp-json\/wp\/v2\/types\/post"}],"author":[{"embeddable":true,"href":"https:\/\/franciscanos.org.br\/noticias\/wp-json\/wp\/v2\/users\/3"}],"replies":[{"embeddable":true,"href":"https:\/\/franciscanos.org.br\/noticias\/wp-json\/wp\/v2\/comments?post=235669"}],"version-history":[{"count":1,"href":"https:\/\/franciscanos.org.br\/noticias\/wp-json\/wp\/v2\/posts\/235669\/revisions"}],"predecessor-version":[{"id":235672,"href":"https:\/\/franciscanos.org.br\/noticias\/wp-json\/wp\/v2\/posts\/235669\/revisions\/235672"}],"wp:featuredmedia":[{"embeddable":true,"href":"https:\/\/franciscanos.org.br\/noticias\/wp-json\/wp\/v2\/media\/235671"}],"wp:attachment":[{"href":"https:\/\/franciscanos.org.br\/noticias\/wp-json\/wp\/v2\/media?parent=235669"}],"wp:term":[{"taxonomy":"category","embeddable":true,"href":"https:\/\/franciscanos.org.br\/noticias\/wp-json\/wp\/v2\/categories?post=235669"},{"taxonomy":"post_tag","embeddable":true,"href":"https:\/\/franciscanos.org.br\/noticias\/wp-json\/wp\/v2\/tags?post=235669"}],"curies":[{"name":"wp","href":"https:\/\/api.w.org\/{rel}","templated":true}]}}