{"id":235663,"date":"2021-12-06T17:13:49","date_gmt":"2021-12-06T20:13:49","guid":{"rendered":"https:\/\/franciscanos.org.br\/noticias\/?p=235663"},"modified":"2021-12-06T17:47:37","modified_gmt":"2021-12-06T20:47:37","slug":"frades-professos-temporarios-fazem-retiro-antes-da-renovacao-dos-votos","status":"publish","type":"post","link":"https:\/\/franciscanos.org.br\/noticias\/frades-professos-temporarios-fazem-retiro-antes-da-renovacao-dos-votos.html","title":{"rendered":"Frades professos tempor\u00e1rios fazem retiro antes da renova\u00e7\u00e3o dos votos"},"content":{"rendered":"<p><img loading=\"lazy\" class=\"alignnone wp-image-235664 size-full\" src=\"https:\/\/franciscanos.org.br\/noticias\/wp-content\/uploads\/2021\/12\/angola_0612.jpg\" alt=\"\" width=\"1106\" height=\"622\" srcset=\"https:\/\/franciscanos.org.br\/noticias\/wp-content\/uploads\/2021\/12\/angola_0612.jpg 1106w, https:\/\/franciscanos.org.br\/noticias\/wp-content\/uploads\/2021\/12\/angola_0612-450x253.jpg 450w, https:\/\/franciscanos.org.br\/noticias\/wp-content\/uploads\/2021\/12\/angola_0612-1024x576.jpg 1024w, https:\/\/franciscanos.org.br\/noticias\/wp-content\/uploads\/2021\/12\/angola_0612-768x432.jpg 768w, https:\/\/franciscanos.org.br\/noticias\/wp-content\/uploads\/2021\/12\/angola_0612-150x84.jpg 150w\" sizes=\"(max-width: 1106px) 100vw, 1106px\" \/><\/p>\n<p>Os frades de profiss\u00e3o tempor\u00e1ria do tempo da Filosofia da Fraternindade S\u00e3o Francisco de Assis, Palanca, estiveram em retiro, no Cento Franciscano, desde a tarde do dia 3 at\u00e9 o dia 5 de dezembro, terminando, \u00e0s 17h30, com Adora\u00e7\u00e3o ao Sant\u00edssimo no Mosteiro das Irm\u00e3s Clarissas, presidida por Frei Jo\u00e3o Alberto Bunga. O retiro teve como pregador Frei Joaquim Mateus Barata, OFMCap.<\/p>\n<p>Frei Joaquim levou os retirantes a refletirem sobre a dimens\u00e3o dos votos, da admoesta\u00e7\u00e3o e da corre\u00e7\u00e3o dos irm\u00e3os e como exercer a autoridade e a obedi\u00eancia na fraternidade, rela\u00e7\u00f5es entre ministros e s\u00faditos (Regra Bulada X).<\/p>\n<p>Frei Joaquim lembrou que \u201cos votos devem levar o frade a ter o esp\u00edrito de perten\u00e7a e uma identidade de frade menor. Os mesmos expressam um caminho para a viv\u00eancia radical da doa\u00e7\u00e3o a Deus, tendo como finalidade proporcionar a ruptura de todos os condicionamentos humanos, sejam personalistas, culturais ou ideol\u00f3gicos. Os votos expressam um gesto de total liberdade e disponibilidade&#8221;, disse.<\/p>\n<p><img loading=\"lazy\" class=\"alignnone wp-image-235665 size-full\" src=\"https:\/\/franciscanos.org.br\/noticias\/wp-content\/uploads\/2021\/12\/angola_0612_1.jpg\" alt=\"\" width=\"1106\" height=\"737\" srcset=\"https:\/\/franciscanos.org.br\/noticias\/wp-content\/uploads\/2021\/12\/angola_0612_1.jpg 1106w, https:\/\/franciscanos.org.br\/noticias\/wp-content\/uploads\/2021\/12\/angola_0612_1-450x300.jpg 450w, https:\/\/franciscanos.org.br\/noticias\/wp-content\/uploads\/2021\/12\/angola_0612_1-1024x682.jpg 1024w, https:\/\/franciscanos.org.br\/noticias\/wp-content\/uploads\/2021\/12\/angola_0612_1-768x512.jpg 768w, https:\/\/franciscanos.org.br\/noticias\/wp-content\/uploads\/2021\/12\/angola_0612_1-150x100.jpg 150w\" sizes=\"(max-width: 1106px) 100vw, 1106px\" \/><\/p>\n<p>Fazendo e dando explica\u00e7\u00f5es detalhadas sobre cada voto, acrescentou: \u201cA pobreza evang\u00e9lica significa a maturidade em adequar os bens materiais em prol da miss\u00e3o evangelizadora. Sendo um ato de f\u00e9 em Deus, de humildade e express\u00e3o de amor. A castidade significa oferecer a Deus &#8216;o holocausto&#8217; de nossos desejos corp\u00f3reos, tendo fidelidade de proporcionar a liberdade dos afetos. Frei Barata acrescentou que \u201cos votos nos possibilitam fazer estabelecimento de rela\u00e7\u00f5es maduras e centradas para al\u00e9m do desejo puramente sexual\u201d.<\/p>\n<p><img loading=\"lazy\" class=\"alignnone wp-image-235666 size-full\" src=\"https:\/\/franciscanos.org.br\/noticias\/wp-content\/uploads\/2021\/12\/angola_0612_2.jpg\" alt=\"\" width=\"1106\" height=\"737\" srcset=\"https:\/\/franciscanos.org.br\/noticias\/wp-content\/uploads\/2021\/12\/angola_0612_2.jpg 1106w, https:\/\/franciscanos.org.br\/noticias\/wp-content\/uploads\/2021\/12\/angola_0612_2-450x300.jpg 450w, https:\/\/franciscanos.org.br\/noticias\/wp-content\/uploads\/2021\/12\/angola_0612_2-1024x682.jpg 1024w, https:\/\/franciscanos.org.br\/noticias\/wp-content\/uploads\/2021\/12\/angola_0612_2-768x512.jpg 768w, https:\/\/franciscanos.org.br\/noticias\/wp-content\/uploads\/2021\/12\/angola_0612_2-150x100.jpg 150w\" sizes=\"(max-width: 1106px) 100vw, 1106px\" \/><\/p>\n<p>J\u00e1 a obedi\u00eancia, segundo o pregador, visa a maturidade plena, tornando-o d\u00f3cil a inspira\u00e7\u00e3o do Esp\u00edrito e capaz de renunciar \u00e0s suas vontades personal\u00edssimas. Declarou que \u201ca pobreza \u00e9 a primeira virtude a ser descoberta pelos santos fundadores&#8221;, mas tamb\u00e9m a primeira a ser esquecida pelos sucessores.<\/p>\n<p>Frei Barata aconselhou aos frades a buscarem o Esp\u00edrito do Senhor e a terem atitudes e comportamentos fundamentais de frade menor. A renova\u00e7\u00e3o dos votos dos frades professos tempor\u00e1rios ser\u00e1 neste dia 8 de dezembro, solenidade da Imaculada Concei\u00e7\u00e3o, \u00e0s 17h30, no Mosteiro Sagrado Cora\u00e7\u00e3o de Jesus.<\/p>\n<hr \/>\n<p><em>Frei Lu\u00eds Jos\u00e9 Fernandes e Frei Tom\u00e1s Gaspar<\/em><\/p>\n","protected":false},"excerpt":{"rendered":"<p>Miss\u00e3o de Angola<\/p>\n","protected":false},"author":3,"featured_media":235664,"comment_status":"open","ping_status":"open","sticky":false,"template":"","format":"standard","meta":[],"categories":[1],"tags":[360],"acf":[],"yoast_head":"<!-- This site is optimized with the Yoast SEO plugin v19.2 - https:\/\/yoast.com\/wordpress\/plugins\/seo\/ -->\n<title>Frades professos tempor\u00e1rios fazem retiro antes da renova\u00e7\u00e3o dos votos - Not\u00edcias - Franciscanos<\/title>\n<meta name=\"robots\" content=\"index, follow, max-snippet:-1, max-image-preview:large, max-video-preview:-1\" \/>\n<link rel=\"canonical\" href=\"https:\/\/franciscanos.org.br\/noticias\/frades-professos-temporarios-fazem-retiro-antes-da-renovacao-dos-votos.html\" \/>\n<meta property=\"og:locale\" content=\"pt_BR\" \/>\n<meta property=\"og:type\" content=\"article\" \/>\n<meta property=\"og:title\" content=\"Frades professos tempor\u00e1rios fazem retiro antes da renova\u00e7\u00e3o dos votos - Not\u00edcias - Franciscanos\" \/>\n<meta property=\"og:description\" content=\"Miss\u00e3o de Angola\" \/>\n<meta property=\"og:url\" content=\"https:\/\/franciscanos.org.br\/noticias\/frades-professos-temporarios-fazem-retiro-antes-da-renovacao-dos-votos.html\" \/>\n<meta property=\"og:site_name\" content=\"Not\u00edcias - Franciscanos\" \/>\n<meta property=\"article:published_time\" content=\"2021-12-06T20:13:49+00:00\" \/>\n<meta property=\"article:modified_time\" content=\"2021-12-06T20:47:37+00:00\" \/>\n<meta property=\"og:image\" content=\"https:\/\/franciscanos.org.br\/noticias\/wp-content\/uploads\/2021\/12\/angola_0612.jpg\" \/>\n\t<meta property=\"og:image:width\" content=\"1106\" \/>\n\t<meta property=\"og:image:height\" content=\"622\" \/>\n\t<meta property=\"og:image:type\" content=\"image\/jpeg\" \/>\n<meta name=\"author\" content=\"moacir\" \/>\n<meta name=\"twitter:card\" content=\"summary_large_image\" \/>\n<meta name=\"twitter:label1\" content=\"Escrito por\" \/>\n\t<meta name=\"twitter:data1\" content=\"moacir\" \/>\n\t<meta name=\"twitter:label2\" content=\"Est. tempo de leitura\" \/>\n\t<meta name=\"twitter:data2\" content=\"2 minutos\" \/>\n<script type=\"application\/ld+json\" class=\"yoast-schema-graph\">{\"@context\":\"https:\/\/schema.org\",\"@graph\":[{\"@type\":\"WebSite\",\"@id\":\"https:\/\/franciscanos.org.br\/noticias\/#website\",\"url\":\"https:\/\/franciscanos.org.br\/noticias\/\",\"name\":\"Not\u00edcias - Franciscanos\",\"description\":\"Prov\u00edncia Franciscana da Imaculada Concei\u00e7\u00e3o do Brasil - Ordem dos Frades Menores - OFM\",\"potentialAction\":[{\"@type\":\"SearchAction\",\"target\":{\"@type\":\"EntryPoint\",\"urlTemplate\":\"https:\/\/franciscanos.org.br\/noticias\/?s={search_term_string}\"},\"query-input\":\"required name=search_term_string\"}],\"inLanguage\":\"pt-BR\"},{\"@type\":\"ImageObject\",\"inLanguage\":\"pt-BR\",\"@id\":\"https:\/\/franciscanos.org.br\/noticias\/frades-professos-temporarios-fazem-retiro-antes-da-renovacao-dos-votos.html#primaryimage\",\"url\":\"https:\/\/franciscanos.org.br\/noticias\/wp-content\/uploads\/2021\/12\/angola_0612.jpg\",\"contentUrl\":\"https:\/\/franciscanos.org.br\/noticias\/wp-content\/uploads\/2021\/12\/angola_0612.jpg\",\"width\":1106,\"height\":622},{\"@type\":\"WebPage\",\"@id\":\"https:\/\/franciscanos.org.br\/noticias\/frades-professos-temporarios-fazem-retiro-antes-da-renovacao-dos-votos.html#webpage\",\"url\":\"https:\/\/franciscanos.org.br\/noticias\/frades-professos-temporarios-fazem-retiro-antes-da-renovacao-dos-votos.html\",\"name\":\"Frades professos tempor\u00e1rios fazem retiro antes da renova\u00e7\u00e3o dos votos - Not\u00edcias - Franciscanos\",\"isPartOf\":{\"@id\":\"https:\/\/franciscanos.org.br\/noticias\/#website\"},\"primaryImageOfPage\":{\"@id\":\"https:\/\/franciscanos.org.br\/noticias\/frades-professos-temporarios-fazem-retiro-antes-da-renovacao-dos-votos.html#primaryimage\"},\"datePublished\":\"2021-12-06T20:13:49+00:00\",\"dateModified\":\"2021-12-06T20:47:37+00:00\",\"author\":{\"@id\":\"https:\/\/franciscanos.org.br\/noticias\/#\/schema\/person\/b5c8cba458c330ccff548b056e95a5d4\"},\"breadcrumb\":{\"@id\":\"https:\/\/franciscanos.org.br\/noticias\/frades-professos-temporarios-fazem-retiro-antes-da-renovacao-dos-votos.html#breadcrumb\"},\"inLanguage\":\"pt-BR\",\"potentialAction\":[{\"@type\":\"ReadAction\",\"target\":[\"https:\/\/franciscanos.org.br\/noticias\/frades-professos-temporarios-fazem-retiro-antes-da-renovacao-dos-votos.html\"]}]},{\"@type\":\"BreadcrumbList\",\"@id\":\"https:\/\/franciscanos.org.br\/noticias\/frades-professos-temporarios-fazem-retiro-antes-da-renovacao-dos-votos.html#breadcrumb\",\"itemListElement\":[{\"@type\":\"ListItem\",\"position\":1,\"name\":\"Home\",\"item\":\"https:\/\/franciscanos.org.br\/noticias\"},{\"@type\":\"ListItem\",\"position\":2,\"name\":\"Frades professos tempor\u00e1rios fazem retiro antes da renova\u00e7\u00e3o dos votos\"}]},{\"@type\":\"Person\",\"@id\":\"https:\/\/franciscanos.org.br\/noticias\/#\/schema\/person\/b5c8cba458c330ccff548b056e95a5d4\",\"name\":\"moacir\",\"image\":{\"@type\":\"ImageObject\",\"inLanguage\":\"pt-BR\",\"@id\":\"https:\/\/franciscanos.org.br\/noticias\/#\/schema\/person\/image\/\",\"url\":\"https:\/\/secure.gravatar.com\/avatar\/d08aa2ce4c8dd416d4479aa8536fcf64?s=96&d=mm&r=g\",\"contentUrl\":\"https:\/\/secure.gravatar.com\/avatar\/d08aa2ce4c8dd416d4479aa8536fcf64?s=96&d=mm&r=g\",\"caption\":\"moacir\"},\"url\":\"https:\/\/franciscanos.org.br\/noticias\/author\/moacir\"}]}<\/script>\n<!-- \/ Yoast SEO plugin. -->","yoast_head_json":{"title":"Frades professos tempor\u00e1rios fazem retiro antes da renova\u00e7\u00e3o dos votos - Not\u00edcias - Franciscanos","robots":{"index":"index","follow":"follow","max-snippet":"max-snippet:-1","max-image-preview":"max-image-preview:large","max-video-preview":"max-video-preview:-1"},"canonical":"https:\/\/franciscanos.org.br\/noticias\/frades-professos-temporarios-fazem-retiro-antes-da-renovacao-dos-votos.html","og_locale":"pt_BR","og_type":"article","og_title":"Frades professos tempor\u00e1rios fazem retiro antes da renova\u00e7\u00e3o dos votos - Not\u00edcias - Franciscanos","og_description":"Miss\u00e3o de Angola","og_url":"https:\/\/franciscanos.org.br\/noticias\/frades-professos-temporarios-fazem-retiro-antes-da-renovacao-dos-votos.html","og_site_name":"Not\u00edcias - Franciscanos","article_published_time":"2021-12-06T20:13:49+00:00","article_modified_time":"2021-12-06T20:47:37+00:00","og_image":[{"width":1106,"height":622,"url":"https:\/\/franciscanos.org.br\/noticias\/wp-content\/uploads\/2021\/12\/angola_0612.jpg","type":"image\/jpeg"}],"author":"moacir","twitter_card":"summary_large_image","twitter_misc":{"Escrito por":"moacir","Est. tempo de leitura":"2 minutos"},"schema":{"@context":"https:\/\/schema.org","@graph":[{"@type":"WebSite","@id":"https:\/\/franciscanos.org.br\/noticias\/#website","url":"https:\/\/franciscanos.org.br\/noticias\/","name":"Not\u00edcias - Franciscanos","description":"Prov\u00edncia Franciscana da Imaculada Concei\u00e7\u00e3o do Brasil - Ordem dos Frades Menores - OFM","potentialAction":[{"@type":"SearchAction","target":{"@type":"EntryPoint","urlTemplate":"https:\/\/franciscanos.org.br\/noticias\/?s={search_term_string}"},"query-input":"required name=search_term_string"}],"inLanguage":"pt-BR"},{"@type":"ImageObject","inLanguage":"pt-BR","@id":"https:\/\/franciscanos.org.br\/noticias\/frades-professos-temporarios-fazem-retiro-antes-da-renovacao-dos-votos.html#primaryimage","url":"https:\/\/franciscanos.org.br\/noticias\/wp-content\/uploads\/2021\/12\/angola_0612.jpg","contentUrl":"https:\/\/franciscanos.org.br\/noticias\/wp-content\/uploads\/2021\/12\/angola_0612.jpg","width":1106,"height":622},{"@type":"WebPage","@id":"https:\/\/franciscanos.org.br\/noticias\/frades-professos-temporarios-fazem-retiro-antes-da-renovacao-dos-votos.html#webpage","url":"https:\/\/franciscanos.org.br\/noticias\/frades-professos-temporarios-fazem-retiro-antes-da-renovacao-dos-votos.html","name":"Frades professos tempor\u00e1rios fazem retiro antes da renova\u00e7\u00e3o dos votos - Not\u00edcias - Franciscanos","isPartOf":{"@id":"https:\/\/franciscanos.org.br\/noticias\/#website"},"primaryImageOfPage":{"@id":"https:\/\/franciscanos.org.br\/noticias\/frades-professos-temporarios-fazem-retiro-antes-da-renovacao-dos-votos.html#primaryimage"},"datePublished":"2021-12-06T20:13:49+00:00","dateModified":"2021-12-06T20:47:37+00:00","author":{"@id":"https:\/\/franciscanos.org.br\/noticias\/#\/schema\/person\/b5c8cba458c330ccff548b056e95a5d4"},"breadcrumb":{"@id":"https:\/\/franciscanos.org.br\/noticias\/frades-professos-temporarios-fazem-retiro-antes-da-renovacao-dos-votos.html#breadcrumb"},"inLanguage":"pt-BR","potentialAction":[{"@type":"ReadAction","target":["https:\/\/franciscanos.org.br\/noticias\/frades-professos-temporarios-fazem-retiro-antes-da-renovacao-dos-votos.html"]}]},{"@type":"BreadcrumbList","@id":"https:\/\/franciscanos.org.br\/noticias\/frades-professos-temporarios-fazem-retiro-antes-da-renovacao-dos-votos.html#breadcrumb","itemListElement":[{"@type":"ListItem","position":1,"name":"Home","item":"https:\/\/franciscanos.org.br\/noticias"},{"@type":"ListItem","position":2,"name":"Frades professos tempor\u00e1rios fazem retiro antes da renova\u00e7\u00e3o dos votos"}]},{"@type":"Person","@id":"https:\/\/franciscanos.org.br\/noticias\/#\/schema\/person\/b5c8cba458c330ccff548b056e95a5d4","name":"moacir","image":{"@type":"ImageObject","inLanguage":"pt-BR","@id":"https:\/\/franciscanos.org.br\/noticias\/#\/schema\/person\/image\/","url":"https:\/\/secure.gravatar.com\/avatar\/d08aa2ce4c8dd416d4479aa8536fcf64?s=96&d=mm&r=g","contentUrl":"https:\/\/secure.gravatar.com\/avatar\/d08aa2ce4c8dd416d4479aa8536fcf64?s=96&d=mm&r=g","caption":"moacir"},"url":"https:\/\/franciscanos.org.br\/noticias\/author\/moacir"}]}},"_links":{"self":[{"href":"https:\/\/franciscanos.org.br\/noticias\/wp-json\/wp\/v2\/posts\/235663"}],"collection":[{"href":"https:\/\/franciscanos.org.br\/noticias\/wp-json\/wp\/v2\/posts"}],"about":[{"href":"https:\/\/franciscanos.org.br\/noticias\/wp-json\/wp\/v2\/types\/post"}],"author":[{"embeddable":true,"href":"https:\/\/franciscanos.org.br\/noticias\/wp-json\/wp\/v2\/users\/3"}],"replies":[{"embeddable":true,"href":"https:\/\/franciscanos.org.br\/noticias\/wp-json\/wp\/v2\/comments?post=235663"}],"version-history":[{"count":2,"href":"https:\/\/franciscanos.org.br\/noticias\/wp-json\/wp\/v2\/posts\/235663\/revisions"}],"predecessor-version":[{"id":235668,"href":"https:\/\/franciscanos.org.br\/noticias\/wp-json\/wp\/v2\/posts\/235663\/revisions\/235668"}],"wp:featuredmedia":[{"embeddable":true,"href":"https:\/\/franciscanos.org.br\/noticias\/wp-json\/wp\/v2\/media\/235664"}],"wp:attachment":[{"href":"https:\/\/franciscanos.org.br\/noticias\/wp-json\/wp\/v2\/media?parent=235663"}],"wp:term":[{"taxonomy":"category","embeddable":true,"href":"https:\/\/franciscanos.org.br\/noticias\/wp-json\/wp\/v2\/categories?post=235663"},{"taxonomy":"post_tag","embeddable":true,"href":"https:\/\/franciscanos.org.br\/noticias\/wp-json\/wp\/v2\/tags?post=235663"}],"curies":[{"name":"wp","href":"https:\/\/api.w.org\/{rel}","templated":true}]}}