{"id":235660,"date":"2021-12-05T14:38:48","date_gmt":"2021-12-05T17:38:48","guid":{"rendered":"https:\/\/franciscanos.org.br\/noticias\/?p=235660"},"modified":"2021-12-05T14:38:48","modified_gmt":"2021-12-05T17:38:48","slug":"papa-pedir-a-graca-da-esperanca-para-superar-os-desertos-do-mundo","status":"publish","type":"post","link":"https:\/\/franciscanos.org.br\/noticias\/papa-pedir-a-graca-da-esperanca-para-superar-os-desertos-do-mundo.html","title":{"rendered":"Papa: pedir a gra\u00e7a da esperan\u00e7a para superar os desertos do mundo"},"content":{"rendered":"<div id=\"attachment_235661\" style=\"width: 1510px\" class=\"wp-caption alignnone\"><img aria-describedby=\"caption-attachment-235661\" loading=\"lazy\" class=\"wp-image-235661 size-full\" src=\"https:\/\/franciscanos.org.br\/noticias\/wp-content\/uploads\/2021\/12\/grecia_missa.jpeg\" alt=\"\" width=\"1500\" height=\"844\" srcset=\"https:\/\/franciscanos.org.br\/noticias\/wp-content\/uploads\/2021\/12\/grecia_missa.jpeg 1500w, https:\/\/franciscanos.org.br\/noticias\/wp-content\/uploads\/2021\/12\/grecia_missa-450x253.jpeg 450w, https:\/\/franciscanos.org.br\/noticias\/wp-content\/uploads\/2021\/12\/grecia_missa-1024x576.jpeg 1024w, https:\/\/franciscanos.org.br\/noticias\/wp-content\/uploads\/2021\/12\/grecia_missa-768x432.jpeg 768w, https:\/\/franciscanos.org.br\/noticias\/wp-content\/uploads\/2021\/12\/grecia_missa-150x84.jpeg 150w\" sizes=\"(max-width: 1500px) 100vw, 1500px\" \/><p id=\"caption-attachment-235661\" class=\"wp-caption-text\">\u00a0 \u00a0 \u00a0 \u00a0 \u00a0 \u00a0 \u00a0 \u00a0 \u00a0 \u00a0 \u00a0 \u00a0 \u00a0 \u00a0 \u00a0 \u00a0 \u00a0 \u00a0 \u00a0 \u00a0 \u00a0 \u00a0 \u00a0 \u00a0 \u00a0 \u00a0 \u00a0 \u00a0 \u00a0 \u00a0 \u00a0 \u00a0 \u00a0 \u00a0 \u00a0 \u00a0 \u00a0 \u00a0 \u00a0 \u00a0 \u00a0 \u00a0 \u00a0 \u00a0 \u00a0 \u00a0 \u00a0 \u00a0 \u00a0 \u00a0 \u00a0 \u00a0 \u00a0 \u00a0 \u00a0 \u00a0 \u00a0 \u00a0 \u00a0 \u00a0<em> \u00a0 \u00a0Imagem: Vatican Media<\/em><\/p><\/div>\n<p>Os fi\u00e9is de Atenas se uniram a seu pastor na celebra\u00e7\u00e3o eucar\u00edstica esta tarde no \u201cMegaron Concert Hall\u201d \u2013 a \u00fanica missa p\u00fablica presidida pelo Papa na Gr\u00e9cia. Na homilia, Francisco comentou o Evangelho deste II Domingo do Advento, que apresenta a figura de S\u00e3o Jo\u00e3o Batista.<\/p>\n<p><strong>Desertos existenciais<\/strong><br \/>\nO Pont\u00edfice ressaltou dois aspectos desta mensagem: deserto e convers\u00e3o. O evangelista Lucas fala de circunst\u00e2ncias solenes e de grandes personagens da \u00e9poca e se esperava que a Palavra de Deus se dirigisse a um deles, mas n\u00e3o. Passa-se inesperadamente para o deserto, para um homem desconhecido e solit\u00e1rio. De fato, acrescentou o Papa, ter autoridade, ser cultos e famosos n\u00e3o constituem garantias para agradar a Deus. Ao inv\u00e9s, Jo\u00e3o prega no deserto, o que constitui para n\u00f3s uma mensagem encorajadora: \u201cAgora como ent\u00e3o, Deus volta o seu olhar para onde dominam tristeza e solid\u00e3o. Podemos experiment\u00e1-lo na vida: com frequ\u00eancia Ele n\u00e3o consegue tocar-nos enquanto estamos no meio dos aplausos e s\u00f3 pensamos em n\u00f3s mesmos; alcan\u00e7a-nos sobretudo nas horas da prova\u00e7\u00e3o.\u201d<\/p>\n<p>\u00c9 nos nossos desertos existenciais que Ele nos visita, quando as situa\u00e7\u00f5es parecem irresgat\u00e1veis, sem sa\u00edda. \u201cAssim, n\u00e3o h\u00e1 lugar que Deus n\u00e3o queira visitar.\u201d<\/p>\n<p>\u201cPortanto, car\u00edssimos, n\u00e3o temais a pequenez, porque a quest\u00e3o n\u00e3o \u00e9 ser pequenos e poucos, mas abrir-se a Deus e aos outros.\u201d<\/p>\n<p><strong>Ir al\u00e9m, porque Deus \u00e9 maior<\/strong><br \/>\nO segundo aspecto \u00e9 a convers\u00e3o. Falar de convers\u00e3o, disse Francisco, pode parecer dif\u00edcil e gerar tristeza, como se fosse fruto somente do nosso empenho. Pode-se sentir frustrado em querer mudar, mas n\u00e3o conseguir. Mas em grego, o verbo converter tem outro significado, que \u00e9 precisamente \u201cpensar al\u00e9m\u201d.<br \/>\nIsto \u00e9, ir al\u00e9m do nosso eu e da nossa pretens\u00e3o de autossufici\u00eancia. \u201cDeus \u00e9 maior\u201d, recordou o Papa: \u201cEnt\u00e3o converter-se significa n\u00e3o dar ouvidos ao que enterra a esperan\u00e7a, a quem repete que nada mudar\u00e1 jamais na vida; \u00e9 recusar-se a acreditar que estamos destinados a afundar nas areias movedi\u00e7as da mediocridade.\u201d<\/p>\n<p>Pelo contr\u00e1rio, \u00e9 preciso confiar Nele, porque \u00e9 Deus o nosso al\u00e9m, a nossa for\u00e7a. Tudo muda se deixarmos a Ele o primeiro lugar. \u201cEis a convers\u00e3o: ao Senhor, basta a nossa porta aberta para entrar e fazer maravilhas, assim como Lhe bastaram um deserto e as palavras de Jo\u00e3o para vir ao mundo.\u201d<\/p>\n<p>O Pont\u00edfice conclui convidando os fi\u00e9is a pedirem a gra\u00e7a da esperan\u00e7a, a gra\u00e7a de acreditar que, com Deus, as coisas mudam.\u00a0\u201cPe\u00e7amos a gra\u00e7a da esperan\u00e7a, porque \u00e9 a esperan\u00e7a que reanima a f\u00e9 e reacende a caridade; porque \u00e9 de esperan\u00e7a que hoje est\u00e3o sequiosos os desertos do mundo.\u201d<\/p>\n<p><strong>Deixo a Gr\u00e9cia, mas n\u00e3o os gregos!<\/strong><br \/>\nNo final da celebra\u00e7\u00e3o, o Papa quis manifestar sua gratid\u00e3o a todos os que prepararam a visita, pois na segunda-feira, o Pont\u00edfice volta ao Vaticano.\u00a0&#8220;Amanh\u00e3 deixarei a Gr\u00e9cia&#8221;, disse o Papa, mas n\u00e3o os gregos. &#8220;Levar-vos-ei comigo na mem\u00f3ria e na ora\u00e7\u00e3o.&#8221;<\/p>\n<hr \/>\n<p><em>Fonte: Vatican News (texto de Bianca Fraccalvieri)<\/em><\/p>\n","protected":false},"excerpt":{"rendered":"<p>Viagem Apost\u00f3lica do Papa \u00e0 Gr\u00e9cia e Chipre<\/p>\n","protected":false},"author":3,"featured_media":235661,"comment_status":"open","ping_status":"open","sticky":false,"template":"","format":"standard","meta":[],"categories":[1428],"tags":[1901],"acf":[],"yoast_head":"<!-- This site is optimized with the Yoast SEO plugin v19.2 - https:\/\/yoast.com\/wordpress\/plugins\/seo\/ -->\n<title>Papa: pedir a gra\u00e7a da esperan\u00e7a para superar os desertos do mundo - Not\u00edcias - Franciscanos<\/title>\n<meta name=\"robots\" content=\"index, follow, max-snippet:-1, max-image-preview:large, max-video-preview:-1\" \/>\n<link rel=\"canonical\" href=\"https:\/\/franciscanos.org.br\/noticias\/papa-pedir-a-graca-da-esperanca-para-superar-os-desertos-do-mundo.html\" \/>\n<meta property=\"og:locale\" content=\"pt_BR\" \/>\n<meta property=\"og:type\" content=\"article\" \/>\n<meta property=\"og:title\" content=\"Papa: pedir a gra\u00e7a da esperan\u00e7a para superar os desertos do mundo - Not\u00edcias - Franciscanos\" \/>\n<meta property=\"og:description\" content=\"Viagem Apost\u00f3lica do Papa \u00e0 Gr\u00e9cia e Chipre\" \/>\n<meta property=\"og:url\" content=\"https:\/\/franciscanos.org.br\/noticias\/papa-pedir-a-graca-da-esperanca-para-superar-os-desertos-do-mundo.html\" \/>\n<meta property=\"og:site_name\" content=\"Not\u00edcias - Franciscanos\" \/>\n<meta property=\"article:published_time\" content=\"2021-12-05T17:38:48+00:00\" \/>\n<meta property=\"og:image\" content=\"https:\/\/franciscanos.org.br\/noticias\/wp-content\/uploads\/2021\/12\/grecia_missa.jpeg\" \/>\n\t<meta property=\"og:image:width\" content=\"1500\" \/>\n\t<meta property=\"og:image:height\" content=\"844\" \/>\n\t<meta property=\"og:image:type\" content=\"image\/jpeg\" \/>\n<meta name=\"author\" content=\"moacir\" \/>\n<meta name=\"twitter:card\" content=\"summary_large_image\" \/>\n<meta name=\"twitter:label1\" content=\"Escrito por\" \/>\n\t<meta name=\"twitter:data1\" content=\"moacir\" \/>\n\t<meta name=\"twitter:label2\" content=\"Est. tempo de leitura\" \/>\n\t<meta name=\"twitter:data2\" content=\"3 minutos\" \/>\n<script type=\"application\/ld+json\" class=\"yoast-schema-graph\">{\"@context\":\"https:\/\/schema.org\",\"@graph\":[{\"@type\":\"WebSite\",\"@id\":\"https:\/\/franciscanos.org.br\/noticias\/#website\",\"url\":\"https:\/\/franciscanos.org.br\/noticias\/\",\"name\":\"Not\u00edcias - Franciscanos\",\"description\":\"Prov\u00edncia Franciscana da Imaculada Concei\u00e7\u00e3o do Brasil - Ordem dos Frades Menores - OFM\",\"potentialAction\":[{\"@type\":\"SearchAction\",\"target\":{\"@type\":\"EntryPoint\",\"urlTemplate\":\"https:\/\/franciscanos.org.br\/noticias\/?s={search_term_string}\"},\"query-input\":\"required name=search_term_string\"}],\"inLanguage\":\"pt-BR\"},{\"@type\":\"ImageObject\",\"inLanguage\":\"pt-BR\",\"@id\":\"https:\/\/franciscanos.org.br\/noticias\/papa-pedir-a-graca-da-esperanca-para-superar-os-desertos-do-mundo.html#primaryimage\",\"url\":\"https:\/\/franciscanos.org.br\/noticias\/wp-content\/uploads\/2021\/12\/grecia_missa.jpeg\",\"contentUrl\":\"https:\/\/franciscanos.org.br\/noticias\/wp-content\/uploads\/2021\/12\/grecia_missa.jpeg\",\"width\":1500,\"height\":844},{\"@type\":\"WebPage\",\"@id\":\"https:\/\/franciscanos.org.br\/noticias\/papa-pedir-a-graca-da-esperanca-para-superar-os-desertos-do-mundo.html#webpage\",\"url\":\"https:\/\/franciscanos.org.br\/noticias\/papa-pedir-a-graca-da-esperanca-para-superar-os-desertos-do-mundo.html\",\"name\":\"Papa: pedir a gra\u00e7a da esperan\u00e7a para superar os desertos do mundo - Not\u00edcias - Franciscanos\",\"isPartOf\":{\"@id\":\"https:\/\/franciscanos.org.br\/noticias\/#website\"},\"primaryImageOfPage\":{\"@id\":\"https:\/\/franciscanos.org.br\/noticias\/papa-pedir-a-graca-da-esperanca-para-superar-os-desertos-do-mundo.html#primaryimage\"},\"datePublished\":\"2021-12-05T17:38:48+00:00\",\"dateModified\":\"2021-12-05T17:38:48+00:00\",\"author\":{\"@id\":\"https:\/\/franciscanos.org.br\/noticias\/#\/schema\/person\/b5c8cba458c330ccff548b056e95a5d4\"},\"breadcrumb\":{\"@id\":\"https:\/\/franciscanos.org.br\/noticias\/papa-pedir-a-graca-da-esperanca-para-superar-os-desertos-do-mundo.html#breadcrumb\"},\"inLanguage\":\"pt-BR\",\"potentialAction\":[{\"@type\":\"ReadAction\",\"target\":[\"https:\/\/franciscanos.org.br\/noticias\/papa-pedir-a-graca-da-esperanca-para-superar-os-desertos-do-mundo.html\"]}]},{\"@type\":\"BreadcrumbList\",\"@id\":\"https:\/\/franciscanos.org.br\/noticias\/papa-pedir-a-graca-da-esperanca-para-superar-os-desertos-do-mundo.html#breadcrumb\",\"itemListElement\":[{\"@type\":\"ListItem\",\"position\":1,\"name\":\"Home\",\"item\":\"https:\/\/franciscanos.org.br\/noticias\"},{\"@type\":\"ListItem\",\"position\":2,\"name\":\"Papa: pedir a gra\u00e7a da esperan\u00e7a para superar os desertos do mundo\"}]},{\"@type\":\"Person\",\"@id\":\"https:\/\/franciscanos.org.br\/noticias\/#\/schema\/person\/b5c8cba458c330ccff548b056e95a5d4\",\"name\":\"moacir\",\"image\":{\"@type\":\"ImageObject\",\"inLanguage\":\"pt-BR\",\"@id\":\"https:\/\/franciscanos.org.br\/noticias\/#\/schema\/person\/image\/\",\"url\":\"https:\/\/secure.gravatar.com\/avatar\/d08aa2ce4c8dd416d4479aa8536fcf64?s=96&d=mm&r=g\",\"contentUrl\":\"https:\/\/secure.gravatar.com\/avatar\/d08aa2ce4c8dd416d4479aa8536fcf64?s=96&d=mm&r=g\",\"caption\":\"moacir\"},\"url\":\"https:\/\/franciscanos.org.br\/noticias\/author\/moacir\"}]}<\/script>\n<!-- \/ Yoast SEO plugin. -->","yoast_head_json":{"title":"Papa: pedir a gra\u00e7a da esperan\u00e7a para superar os desertos do mundo - Not\u00edcias - Franciscanos","robots":{"index":"index","follow":"follow","max-snippet":"max-snippet:-1","max-image-preview":"max-image-preview:large","max-video-preview":"max-video-preview:-1"},"canonical":"https:\/\/franciscanos.org.br\/noticias\/papa-pedir-a-graca-da-esperanca-para-superar-os-desertos-do-mundo.html","og_locale":"pt_BR","og_type":"article","og_title":"Papa: pedir a gra\u00e7a da esperan\u00e7a para superar os desertos do mundo - Not\u00edcias - Franciscanos","og_description":"Viagem Apost\u00f3lica do Papa \u00e0 Gr\u00e9cia e Chipre","og_url":"https:\/\/franciscanos.org.br\/noticias\/papa-pedir-a-graca-da-esperanca-para-superar-os-desertos-do-mundo.html","og_site_name":"Not\u00edcias - Franciscanos","article_published_time":"2021-12-05T17:38:48+00:00","og_image":[{"width":1500,"height":844,"url":"https:\/\/franciscanos.org.br\/noticias\/wp-content\/uploads\/2021\/12\/grecia_missa.jpeg","type":"image\/jpeg"}],"author":"moacir","twitter_card":"summary_large_image","twitter_misc":{"Escrito por":"moacir","Est. tempo de leitura":"3 minutos"},"schema":{"@context":"https:\/\/schema.org","@graph":[{"@type":"WebSite","@id":"https:\/\/franciscanos.org.br\/noticias\/#website","url":"https:\/\/franciscanos.org.br\/noticias\/","name":"Not\u00edcias - Franciscanos","description":"Prov\u00edncia Franciscana da Imaculada Concei\u00e7\u00e3o do Brasil - Ordem dos Frades Menores - OFM","potentialAction":[{"@type":"SearchAction","target":{"@type":"EntryPoint","urlTemplate":"https:\/\/franciscanos.org.br\/noticias\/?s={search_term_string}"},"query-input":"required name=search_term_string"}],"inLanguage":"pt-BR"},{"@type":"ImageObject","inLanguage":"pt-BR","@id":"https:\/\/franciscanos.org.br\/noticias\/papa-pedir-a-graca-da-esperanca-para-superar-os-desertos-do-mundo.html#primaryimage","url":"https:\/\/franciscanos.org.br\/noticias\/wp-content\/uploads\/2021\/12\/grecia_missa.jpeg","contentUrl":"https:\/\/franciscanos.org.br\/noticias\/wp-content\/uploads\/2021\/12\/grecia_missa.jpeg","width":1500,"height":844},{"@type":"WebPage","@id":"https:\/\/franciscanos.org.br\/noticias\/papa-pedir-a-graca-da-esperanca-para-superar-os-desertos-do-mundo.html#webpage","url":"https:\/\/franciscanos.org.br\/noticias\/papa-pedir-a-graca-da-esperanca-para-superar-os-desertos-do-mundo.html","name":"Papa: pedir a gra\u00e7a da esperan\u00e7a para superar os desertos do mundo - Not\u00edcias - Franciscanos","isPartOf":{"@id":"https:\/\/franciscanos.org.br\/noticias\/#website"},"primaryImageOfPage":{"@id":"https:\/\/franciscanos.org.br\/noticias\/papa-pedir-a-graca-da-esperanca-para-superar-os-desertos-do-mundo.html#primaryimage"},"datePublished":"2021-12-05T17:38:48+00:00","dateModified":"2021-12-05T17:38:48+00:00","author":{"@id":"https:\/\/franciscanos.org.br\/noticias\/#\/schema\/person\/b5c8cba458c330ccff548b056e95a5d4"},"breadcrumb":{"@id":"https:\/\/franciscanos.org.br\/noticias\/papa-pedir-a-graca-da-esperanca-para-superar-os-desertos-do-mundo.html#breadcrumb"},"inLanguage":"pt-BR","potentialAction":[{"@type":"ReadAction","target":["https:\/\/franciscanos.org.br\/noticias\/papa-pedir-a-graca-da-esperanca-para-superar-os-desertos-do-mundo.html"]}]},{"@type":"BreadcrumbList","@id":"https:\/\/franciscanos.org.br\/noticias\/papa-pedir-a-graca-da-esperanca-para-superar-os-desertos-do-mundo.html#breadcrumb","itemListElement":[{"@type":"ListItem","position":1,"name":"Home","item":"https:\/\/franciscanos.org.br\/noticias"},{"@type":"ListItem","position":2,"name":"Papa: pedir a gra\u00e7a da esperan\u00e7a para superar os desertos do mundo"}]},{"@type":"Person","@id":"https:\/\/franciscanos.org.br\/noticias\/#\/schema\/person\/b5c8cba458c330ccff548b056e95a5d4","name":"moacir","image":{"@type":"ImageObject","inLanguage":"pt-BR","@id":"https:\/\/franciscanos.org.br\/noticias\/#\/schema\/person\/image\/","url":"https:\/\/secure.gravatar.com\/avatar\/d08aa2ce4c8dd416d4479aa8536fcf64?s=96&d=mm&r=g","contentUrl":"https:\/\/secure.gravatar.com\/avatar\/d08aa2ce4c8dd416d4479aa8536fcf64?s=96&d=mm&r=g","caption":"moacir"},"url":"https:\/\/franciscanos.org.br\/noticias\/author\/moacir"}]}},"_links":{"self":[{"href":"https:\/\/franciscanos.org.br\/noticias\/wp-json\/wp\/v2\/posts\/235660"}],"collection":[{"href":"https:\/\/franciscanos.org.br\/noticias\/wp-json\/wp\/v2\/posts"}],"about":[{"href":"https:\/\/franciscanos.org.br\/noticias\/wp-json\/wp\/v2\/types\/post"}],"author":[{"embeddable":true,"href":"https:\/\/franciscanos.org.br\/noticias\/wp-json\/wp\/v2\/users\/3"}],"replies":[{"embeddable":true,"href":"https:\/\/franciscanos.org.br\/noticias\/wp-json\/wp\/v2\/comments?post=235660"}],"version-history":[{"count":1,"href":"https:\/\/franciscanos.org.br\/noticias\/wp-json\/wp\/v2\/posts\/235660\/revisions"}],"predecessor-version":[{"id":235662,"href":"https:\/\/franciscanos.org.br\/noticias\/wp-json\/wp\/v2\/posts\/235660\/revisions\/235662"}],"wp:featuredmedia":[{"embeddable":true,"href":"https:\/\/franciscanos.org.br\/noticias\/wp-json\/wp\/v2\/media\/235661"}],"wp:attachment":[{"href":"https:\/\/franciscanos.org.br\/noticias\/wp-json\/wp\/v2\/media?parent=235660"}],"wp:term":[{"taxonomy":"category","embeddable":true,"href":"https:\/\/franciscanos.org.br\/noticias\/wp-json\/wp\/v2\/categories?post=235660"},{"taxonomy":"post_tag","embeddable":true,"href":"https:\/\/franciscanos.org.br\/noticias\/wp-json\/wp\/v2\/tags?post=235660"}],"curies":[{"name":"wp","href":"https:\/\/api.w.org\/{rel}","templated":true}]}}