{"id":235657,"date":"2021-12-05T07:52:26","date_gmt":"2021-12-05T10:52:26","guid":{"rendered":"https:\/\/franciscanos.org.br\/noticias\/?p=235657"},"modified":"2021-12-05T07:52:26","modified_gmt":"2021-12-05T10:52:26","slug":"francisco-em-lesbos-migracao-paremos-este-naufragio-de-civilizacao","status":"publish","type":"post","link":"https:\/\/franciscanos.org.br\/noticias\/francisco-em-lesbos-migracao-paremos-este-naufragio-de-civilizacao.html","title":{"rendered":"Francisco em Lesbos: migra\u00e7\u00e3o, paremos este naufr\u00e1gio de civiliza\u00e7\u00e3o"},"content":{"rendered":"<div id=\"attachment_235658\" style=\"width: 1510px\" class=\"wp-caption alignnone\"><img aria-describedby=\"caption-attachment-235658\" loading=\"lazy\" class=\"wp-image-235658 size-full\" src=\"https:\/\/franciscanos.org.br\/noticias\/wp-content\/uploads\/2021\/12\/lesbos.jpeg\" alt=\"\" width=\"1500\" height=\"844\" srcset=\"https:\/\/franciscanos.org.br\/noticias\/wp-content\/uploads\/2021\/12\/lesbos.jpeg 1500w, https:\/\/franciscanos.org.br\/noticias\/wp-content\/uploads\/2021\/12\/lesbos-450x253.jpeg 450w, https:\/\/franciscanos.org.br\/noticias\/wp-content\/uploads\/2021\/12\/lesbos-1024x576.jpeg 1024w, https:\/\/franciscanos.org.br\/noticias\/wp-content\/uploads\/2021\/12\/lesbos-768x432.jpeg 768w, https:\/\/franciscanos.org.br\/noticias\/wp-content\/uploads\/2021\/12\/lesbos-150x84.jpeg 150w\" sizes=\"(max-width: 1500px) 100vw, 1500px\" \/><p id=\"caption-attachment-235658\" class=\"wp-caption-text\">\u00a0 \u00a0 \u00a0 \u00a0 \u00a0 \u00a0 \u00a0 \u00a0 \u00a0 \u00a0 \u00a0 \u00a0 \u00a0 \u00a0 \u00a0 \u00a0 \u00a0 \u00a0 \u00a0 \u00a0 \u00a0 \u00a0 \u00a0 \u00a0 \u00a0 \u00a0 \u00a0 \u00a0 \u00a0 \u00a0 \u00a0 \u00a0 \u00a0 \u00a0 \u00a0 \u00a0 \u00a0 \u00a0 \u00a0 \u00a0 \u00a0 \u00a0 \u00a0 \u00a0 \u00a0 \u00a0 \u00a0 \u00a0 \u00a0 \u00a0 \u00a0 \u00a0 \u00a0 \u00a0 \u00a0 \u00a0 \u00a0 \u00a0 \u00a0 \u00a0 \u00a0 \u00a0 <em>\u00a0 \u00a0 Imagem: Vatican Media<\/em><\/p><\/div>\n<p>Na manh\u00e3 deste domingo (05\/11), o Papa Francisco visitou os refugiados no \u201cCentro de Recep\u00e7\u00e3o e Identifica\u00e7\u00e3o\u201d de Mitilene, capital da ilha grega de Lesbos.<\/p>\n<p>O Santo Padre retorna pela segunda vez a Lesbos. A primeira, foi em 16 de abril de 2016, quando o Pont\u00edfice falou sobre o horror das mortes no mar, sobre as &#8220;v\u00edtimas de viagens desumanas e sujeitas \u00e0 opress\u00e3o de torturadores&#8221;. Recordou tamb\u00e9m a generosidade do povo grego, com sua capacidade de responder ao sofrimento dos outros &#8220;apesar das graves dificuldades a serem enfrentadas&#8221;.<\/p>\n<p>Agora, Francisco se encontra novamente em Lesbos para encontrar novamente os refugiados, para contemplar os seus rostos, para guard\u00e1-los &#8220;olhos nos olhos&#8221;. &#8220;Olhos cheios de medo e ansiedade, olhos que viram viol\u00eancia e pobreza, olhos sulcados por demasiadas l\u00e1grimas&#8221;, disse o Papa, recordando a visita de cinco anos atr\u00e1s \u00e0 ilha de Lesbos junto com o Patriarca Ecum\u00eanico de Constantinopla, Bartolomeu I, e o Arcebispo Ortodoxo de Atenas e toda a Gr\u00e9cia, Ieronymos. Naquela ocasi\u00e3o, Bartolomeu I recordou &#8220;que a migra\u00e7\u00e3o n\u00e3o \u00e9 um problema do Oriente M\u00e9dio e do norte da \u00c1frica, da Europa e da Gr\u00e9cia. \u00c9 um problema do mundo inteiro&#8221;.<\/p>\n<p>Sim, \u00e9 um problema mundial, uma crise humanit\u00e1ria que diz respeito a todos. A pandemia atingiu-nos globalmente, fez com que todos nos sent\u00edssemos no mesmo barco, fez-nos experimentar o que significa ter os mesmos temores. Compreendemos que as grandes quest\u00f5es devem ser enfrentadas em conjunto, porque, no mundo atual, s\u00e3o inadequadas as solu\u00e7\u00f5es fragmentadas.<\/p>\n<p>A seguir, o Papa falou sobre as vacina\u00e7\u00f5es que no \u00e2mbito planet\u00e1rio est\u00e3o se efetuando lentamente e que algo parece se mover, &#8220;embora por entre in\u00fameros atrasos e incertezas, na luta contra as mudan\u00e7as clim\u00e1ticas&#8221;, mas &#8220;tudo parece estar terrivelmente faltando no que diz respeito \u00e0s migra\u00e7\u00f5es. E, no entanto, h\u00e1 pessoas, vidas humanas em jogo&#8221;.<\/p>\n<p>Est\u00e1 em jogo o futuro de todos, que, s\u00f3 poder\u00e1 ser sereno, se for integrador. Somente se reconciliado com os mais fr\u00e1geis \u00e9 que o futuro ser\u00e1 pr\u00f3spero. Pois quando os pobres s\u00e3o repelidos, repele-se a paz. A hist\u00f3ria nos ensina que fechamentos e nacionalismos levam a consequ\u00eancias desastrosas. A hist\u00f3ria, repito, nos ensina, mas ainda n\u00e3o aprendemos.<\/p>\n<p>Francisco pede a Deus &#8220;que nos acorde da indiferen\u00e7a por quem sofre&#8221;, e pede ao ser humano para superar &#8220;a paralisia do medo, a indiferen\u00e7a que mata, o desinteresse c\u00ednico que, com luvas de pelica, condena \u00e0 morte quem est\u00e1 colocado \u00e0 margem&#8221;.<\/p>\n<p>&#8220;Passaram-se cinco anos desde a visita que aqui fiz com os queridos Irm\u00e3os Bartolomeu e Ieronymos. Depois de todo este tempo, constatamos que pouca coisa mudou na quest\u00e3o migrat\u00f3ria&#8221;, ressaltou Francisco. &#8220;Muitos, sem d\u00favida, se empenharam no acolhimento e na integra\u00e7\u00e3o, e quero agradecer aos numerosos volunt\u00e1rios e a quantos nos v\u00e1rios n\u00edveis, institucional, social, caritativo, arcaram com grandes fadigas ocupando-se das pessoas e da quest\u00e3o migrat\u00f3ria. Reconhe\u00e7o o esfor\u00e7o realizado para financiar e construir estruturas de acolhimento dignas e de cora\u00e7\u00e3o agrade\u00e7o \u00e0 popula\u00e7\u00e3o local pelo grande bem que fizeram e os in\u00fameros sacrif\u00edcios que suportaram&#8221;.<\/p>\n<p>Com amargura, por\u00e9m, temos de admitir que este pa\u00eds, \u00e0 semelhan\u00e7a de outros, continua sob press\u00e3o e que, na Europa, h\u00e1 quem persista em tratar o problema como um assunto que n\u00e3o lhe diz respeito. E quantas condi\u00e7\u00f5es indignas do homem! Quantos pontos de triagem onde migrantes e refugiados vivem em condi\u00e7\u00f5es que est\u00e3o no limite da suporta\u00e7\u00e3o, sem se vislumbrar no horizonte qualquer solu\u00e7\u00e3o! Todavia, o respeito pelas pessoas e pelos direitos humanos, especialmente no continente que n\u00e3o deixa de os promover no mundo, deveria ser sempre salvaguardado e a dignidade de cada um deveria ter prioridade sobre tudo.<\/p>\n<p>Segundo o Papa, &#8220;\u00e9 triste ouvir propor, como solu\u00e7\u00e3o, o uso de fundos comuns para construir muros. Claro, compreendem-se os medos e inseguran\u00e7as, as dificuldades e perigos. Fazem-se sentir o cansa\u00e7o e a frustra\u00e7\u00e3o, agravados pelas crises econ\u00f4mica e pand\u00eamica, mas n\u00e3o \u00e9 erguendo barreiras que se resolvem os problemas e melhora a conviv\u00eancia. Antes pelo contr\u00e1rio, \u00e9 unindo as for\u00e7as para cuidar dos outros segundo as possibilidades reais de cada um e no respeito da legalidade, colocando sempre em primeiro lugar o valor incancel\u00e1vel da vida de cada homem&#8221;. A seguir, o Francisco acrescentou:<\/p>\n<p>\u00c9 f\u00e1cil arrastar a opini\u00e3o p\u00fablica incutindo o medo do outro; mas por que motivo n\u00e3o se fala, com o mesmo brio, da explora\u00e7\u00e3o dos pobres, das guerras esquecidas e muitas vezes lautamente financiadas, dos acordos econ\u00f4micos feitos na pele do povo, das manobras ocultas para contrabandar armas e fazer proliferar o seu com\u00e9rcio? H\u00e1 que enfrentar as causas remotas, n\u00e3o as pessoas pobres que pagam as suas consequ\u00eancias, acabando at\u00e9 por ser usadas para propaganda pol\u00edtica.<\/p>\n<p>Francisco destaca que &#8220;para remover as causas profundas, n\u00e3o basta apenas resolver as emerg\u00eancias. S\u00e3o necess\u00e1rias a\u00e7\u00f5es concordadas. \u00c9 preciso abordar as mudan\u00e7as de \u00e9poca com grandeza de vis\u00e3o, porque n\u00e3o h\u00e1 respostas f\u00e1ceis para problemas complexos&#8221;. Segundo o Papa, \u00e9 preciso &#8220;acompanhar os processos a partir do seu interior para superar os guetos e favorecer uma integra\u00e7\u00e3o lenta e indispens\u00e1vel, para acolher de modo fraterno e respons\u00e1vel as culturas e as tradi\u00e7\u00f5es alheias&#8221;.<\/p>\n<p>&#8220;Se queremos recome\u00e7ar, olhemos sobretudo os rostos das crian\u00e7as. Tenhamos a coragem de nos envergonhar \u00e0 vista delas, que s\u00e3o inocentes e constituem o futuro&#8221;, frisou o Pont\u00edfice. &#8220;O Mediterr\u00e2neo, que uniu durante mil\u00eanios povos diferentes e terras distantes, est\u00e1 se tornando um cemit\u00e9rio frio sem l\u00e1pides. Esta grande bacia hidrogr\u00e1fica, ber\u00e7o de tantas civiliza\u00e7\u00f5es, agora parece um espelho de morte. N\u00e3o deixemos que o mare nostrum se transforme num desolador mare mortuum, que este lugar de encontros se transforme no palco de confrontos. N\u00e3o permitamos que este \u00abmar das mem\u00f3rias\u00bb se transforme no \u00abmar do esquecimento\u00bb. Por favor, paremos este naufr\u00e1gio de civiliza\u00e7\u00e3o!&#8221;, pediu o Papa.<\/p>\n<p>Francisco recordou que &#8220;nas margens deste mar, Deus se fez homem. Ele nos ama como filhos e nos quer irm\u00e3os&#8221;. Disse ainda que &#8220;ofende-se Deus, desprezando o homem criado \u00e0 sua imagem, deixando-o \u00e0 merc\u00ea das ondas, num vaiv\u00e9m de indiferen\u00e7a, \u00e0s vezes justificada at\u00e9 em nome de pretensos valores crist\u00e3os&#8221;. &#8220;A f\u00e9 pede compaix\u00e3o e miseric\u00f3rdia&#8221;, disse o Papa, &#8220;exorta \u00e0 hospitalidade&#8221; que encontrou &#8220;em Jesus a sua manifesta\u00e7\u00e3o definitiva&#8221;. &#8220;N\u00e3o \u00e9 ideologia religiosa, s\u00e3o ra\u00edzes crist\u00e3s concretas. Jesus afirma solenemente que est\u00e1 ali no estrangeiro, no refugiado, no nu e no faminto&#8221;, sublinhou Francisco, recordando que &#8220;o programa crist\u00e3o \u00e9 encontrar-se onde Jesus est\u00e1. Sim, porque \u00abo programa do crist\u00e3o, escreveu o Papa Bento XVI, \u00e9 \u201cum cora\u00e7\u00e3o que v\u00ea\u201d\u00bb.&#8221;<\/p>\n<hr \/>\n<p><em>Fonte: Vatican News (texto de Mariangela Jaguraba)<\/em><\/p>\n","protected":false},"excerpt":{"rendered":"<p>Viagem Apost\u00f3lica do Papa \u00e0 Gr\u00e9cia e Chipre<\/p>\n","protected":false},"author":3,"featured_media":235658,"comment_status":"open","ping_status":"open","sticky":false,"template":"","format":"standard","meta":[],"categories":[1428],"tags":[1901],"acf":[],"yoast_head":"<!-- This site is optimized with the Yoast SEO plugin v19.2 - https:\/\/yoast.com\/wordpress\/plugins\/seo\/ -->\n<title>Francisco em Lesbos: migra\u00e7\u00e3o, paremos este naufr\u00e1gio de civiliza\u00e7\u00e3o - Not\u00edcias - Franciscanos<\/title>\n<meta name=\"robots\" content=\"index, follow, max-snippet:-1, max-image-preview:large, max-video-preview:-1\" \/>\n<link rel=\"canonical\" href=\"https:\/\/franciscanos.org.br\/noticias\/francisco-em-lesbos-migracao-paremos-este-naufragio-de-civilizacao.html\" \/>\n<meta property=\"og:locale\" content=\"pt_BR\" \/>\n<meta property=\"og:type\" content=\"article\" \/>\n<meta property=\"og:title\" content=\"Francisco em Lesbos: migra\u00e7\u00e3o, paremos este naufr\u00e1gio de civiliza\u00e7\u00e3o - Not\u00edcias - Franciscanos\" \/>\n<meta property=\"og:description\" content=\"Viagem Apost\u00f3lica do Papa \u00e0 Gr\u00e9cia e Chipre\" \/>\n<meta property=\"og:url\" content=\"https:\/\/franciscanos.org.br\/noticias\/francisco-em-lesbos-migracao-paremos-este-naufragio-de-civilizacao.html\" \/>\n<meta property=\"og:site_name\" content=\"Not\u00edcias - Franciscanos\" \/>\n<meta property=\"article:published_time\" content=\"2021-12-05T10:52:26+00:00\" \/>\n<meta property=\"og:image\" content=\"https:\/\/franciscanos.org.br\/noticias\/wp-content\/uploads\/2021\/12\/lesbos.jpeg\" \/>\n\t<meta property=\"og:image:width\" content=\"1500\" \/>\n\t<meta property=\"og:image:height\" content=\"844\" \/>\n\t<meta property=\"og:image:type\" content=\"image\/jpeg\" \/>\n<meta name=\"author\" content=\"moacir\" \/>\n<meta name=\"twitter:card\" content=\"summary_large_image\" \/>\n<meta name=\"twitter:label1\" content=\"Escrito por\" \/>\n\t<meta name=\"twitter:data1\" content=\"moacir\" \/>\n\t<meta name=\"twitter:label2\" content=\"Est. tempo de leitura\" \/>\n\t<meta name=\"twitter:data2\" content=\"6 minutos\" \/>\n<script type=\"application\/ld+json\" class=\"yoast-schema-graph\">{\"@context\":\"https:\/\/schema.org\",\"@graph\":[{\"@type\":\"WebSite\",\"@id\":\"https:\/\/franciscanos.org.br\/noticias\/#website\",\"url\":\"https:\/\/franciscanos.org.br\/noticias\/\",\"name\":\"Not\u00edcias - Franciscanos\",\"description\":\"Prov\u00edncia Franciscana da Imaculada Concei\u00e7\u00e3o do Brasil - Ordem dos Frades Menores - OFM\",\"potentialAction\":[{\"@type\":\"SearchAction\",\"target\":{\"@type\":\"EntryPoint\",\"urlTemplate\":\"https:\/\/franciscanos.org.br\/noticias\/?s={search_term_string}\"},\"query-input\":\"required name=search_term_string\"}],\"inLanguage\":\"pt-BR\"},{\"@type\":\"ImageObject\",\"inLanguage\":\"pt-BR\",\"@id\":\"https:\/\/franciscanos.org.br\/noticias\/francisco-em-lesbos-migracao-paremos-este-naufragio-de-civilizacao.html#primaryimage\",\"url\":\"https:\/\/franciscanos.org.br\/noticias\/wp-content\/uploads\/2021\/12\/lesbos.jpeg\",\"contentUrl\":\"https:\/\/franciscanos.org.br\/noticias\/wp-content\/uploads\/2021\/12\/lesbos.jpeg\",\"width\":1500,\"height\":844},{\"@type\":\"WebPage\",\"@id\":\"https:\/\/franciscanos.org.br\/noticias\/francisco-em-lesbos-migracao-paremos-este-naufragio-de-civilizacao.html#webpage\",\"url\":\"https:\/\/franciscanos.org.br\/noticias\/francisco-em-lesbos-migracao-paremos-este-naufragio-de-civilizacao.html\",\"name\":\"Francisco em Lesbos: migra\u00e7\u00e3o, paremos este naufr\u00e1gio de civiliza\u00e7\u00e3o - Not\u00edcias - Franciscanos\",\"isPartOf\":{\"@id\":\"https:\/\/franciscanos.org.br\/noticias\/#website\"},\"primaryImageOfPage\":{\"@id\":\"https:\/\/franciscanos.org.br\/noticias\/francisco-em-lesbos-migracao-paremos-este-naufragio-de-civilizacao.html#primaryimage\"},\"datePublished\":\"2021-12-05T10:52:26+00:00\",\"dateModified\":\"2021-12-05T10:52:26+00:00\",\"author\":{\"@id\":\"https:\/\/franciscanos.org.br\/noticias\/#\/schema\/person\/b5c8cba458c330ccff548b056e95a5d4\"},\"breadcrumb\":{\"@id\":\"https:\/\/franciscanos.org.br\/noticias\/francisco-em-lesbos-migracao-paremos-este-naufragio-de-civilizacao.html#breadcrumb\"},\"inLanguage\":\"pt-BR\",\"potentialAction\":[{\"@type\":\"ReadAction\",\"target\":[\"https:\/\/franciscanos.org.br\/noticias\/francisco-em-lesbos-migracao-paremos-este-naufragio-de-civilizacao.html\"]}]},{\"@type\":\"BreadcrumbList\",\"@id\":\"https:\/\/franciscanos.org.br\/noticias\/francisco-em-lesbos-migracao-paremos-este-naufragio-de-civilizacao.html#breadcrumb\",\"itemListElement\":[{\"@type\":\"ListItem\",\"position\":1,\"name\":\"Home\",\"item\":\"https:\/\/franciscanos.org.br\/noticias\"},{\"@type\":\"ListItem\",\"position\":2,\"name\":\"Francisco em Lesbos: migra\u00e7\u00e3o, paremos este naufr\u00e1gio de civiliza\u00e7\u00e3o\"}]},{\"@type\":\"Person\",\"@id\":\"https:\/\/franciscanos.org.br\/noticias\/#\/schema\/person\/b5c8cba458c330ccff548b056e95a5d4\",\"name\":\"moacir\",\"image\":{\"@type\":\"ImageObject\",\"inLanguage\":\"pt-BR\",\"@id\":\"https:\/\/franciscanos.org.br\/noticias\/#\/schema\/person\/image\/\",\"url\":\"https:\/\/secure.gravatar.com\/avatar\/d08aa2ce4c8dd416d4479aa8536fcf64?s=96&d=mm&r=g\",\"contentUrl\":\"https:\/\/secure.gravatar.com\/avatar\/d08aa2ce4c8dd416d4479aa8536fcf64?s=96&d=mm&r=g\",\"caption\":\"moacir\"},\"url\":\"https:\/\/franciscanos.org.br\/noticias\/author\/moacir\"}]}<\/script>\n<!-- \/ Yoast SEO plugin. -->","yoast_head_json":{"title":"Francisco em Lesbos: migra\u00e7\u00e3o, paremos este naufr\u00e1gio de civiliza\u00e7\u00e3o - Not\u00edcias - Franciscanos","robots":{"index":"index","follow":"follow","max-snippet":"max-snippet:-1","max-image-preview":"max-image-preview:large","max-video-preview":"max-video-preview:-1"},"canonical":"https:\/\/franciscanos.org.br\/noticias\/francisco-em-lesbos-migracao-paremos-este-naufragio-de-civilizacao.html","og_locale":"pt_BR","og_type":"article","og_title":"Francisco em Lesbos: migra\u00e7\u00e3o, paremos este naufr\u00e1gio de civiliza\u00e7\u00e3o - Not\u00edcias - Franciscanos","og_description":"Viagem Apost\u00f3lica do Papa \u00e0 Gr\u00e9cia e Chipre","og_url":"https:\/\/franciscanos.org.br\/noticias\/francisco-em-lesbos-migracao-paremos-este-naufragio-de-civilizacao.html","og_site_name":"Not\u00edcias - Franciscanos","article_published_time":"2021-12-05T10:52:26+00:00","og_image":[{"width":1500,"height":844,"url":"https:\/\/franciscanos.org.br\/noticias\/wp-content\/uploads\/2021\/12\/lesbos.jpeg","type":"image\/jpeg"}],"author":"moacir","twitter_card":"summary_large_image","twitter_misc":{"Escrito por":"moacir","Est. tempo de leitura":"6 minutos"},"schema":{"@context":"https:\/\/schema.org","@graph":[{"@type":"WebSite","@id":"https:\/\/franciscanos.org.br\/noticias\/#website","url":"https:\/\/franciscanos.org.br\/noticias\/","name":"Not\u00edcias - Franciscanos","description":"Prov\u00edncia Franciscana da Imaculada Concei\u00e7\u00e3o do Brasil - Ordem dos Frades Menores - OFM","potentialAction":[{"@type":"SearchAction","target":{"@type":"EntryPoint","urlTemplate":"https:\/\/franciscanos.org.br\/noticias\/?s={search_term_string}"},"query-input":"required name=search_term_string"}],"inLanguage":"pt-BR"},{"@type":"ImageObject","inLanguage":"pt-BR","@id":"https:\/\/franciscanos.org.br\/noticias\/francisco-em-lesbos-migracao-paremos-este-naufragio-de-civilizacao.html#primaryimage","url":"https:\/\/franciscanos.org.br\/noticias\/wp-content\/uploads\/2021\/12\/lesbos.jpeg","contentUrl":"https:\/\/franciscanos.org.br\/noticias\/wp-content\/uploads\/2021\/12\/lesbos.jpeg","width":1500,"height":844},{"@type":"WebPage","@id":"https:\/\/franciscanos.org.br\/noticias\/francisco-em-lesbos-migracao-paremos-este-naufragio-de-civilizacao.html#webpage","url":"https:\/\/franciscanos.org.br\/noticias\/francisco-em-lesbos-migracao-paremos-este-naufragio-de-civilizacao.html","name":"Francisco em Lesbos: migra\u00e7\u00e3o, paremos este naufr\u00e1gio de civiliza\u00e7\u00e3o - Not\u00edcias - Franciscanos","isPartOf":{"@id":"https:\/\/franciscanos.org.br\/noticias\/#website"},"primaryImageOfPage":{"@id":"https:\/\/franciscanos.org.br\/noticias\/francisco-em-lesbos-migracao-paremos-este-naufragio-de-civilizacao.html#primaryimage"},"datePublished":"2021-12-05T10:52:26+00:00","dateModified":"2021-12-05T10:52:26+00:00","author":{"@id":"https:\/\/franciscanos.org.br\/noticias\/#\/schema\/person\/b5c8cba458c330ccff548b056e95a5d4"},"breadcrumb":{"@id":"https:\/\/franciscanos.org.br\/noticias\/francisco-em-lesbos-migracao-paremos-este-naufragio-de-civilizacao.html#breadcrumb"},"inLanguage":"pt-BR","potentialAction":[{"@type":"ReadAction","target":["https:\/\/franciscanos.org.br\/noticias\/francisco-em-lesbos-migracao-paremos-este-naufragio-de-civilizacao.html"]}]},{"@type":"BreadcrumbList","@id":"https:\/\/franciscanos.org.br\/noticias\/francisco-em-lesbos-migracao-paremos-este-naufragio-de-civilizacao.html#breadcrumb","itemListElement":[{"@type":"ListItem","position":1,"name":"Home","item":"https:\/\/franciscanos.org.br\/noticias"},{"@type":"ListItem","position":2,"name":"Francisco em Lesbos: migra\u00e7\u00e3o, paremos este naufr\u00e1gio de civiliza\u00e7\u00e3o"}]},{"@type":"Person","@id":"https:\/\/franciscanos.org.br\/noticias\/#\/schema\/person\/b5c8cba458c330ccff548b056e95a5d4","name":"moacir","image":{"@type":"ImageObject","inLanguage":"pt-BR","@id":"https:\/\/franciscanos.org.br\/noticias\/#\/schema\/person\/image\/","url":"https:\/\/secure.gravatar.com\/avatar\/d08aa2ce4c8dd416d4479aa8536fcf64?s=96&d=mm&r=g","contentUrl":"https:\/\/secure.gravatar.com\/avatar\/d08aa2ce4c8dd416d4479aa8536fcf64?s=96&d=mm&r=g","caption":"moacir"},"url":"https:\/\/franciscanos.org.br\/noticias\/author\/moacir"}]}},"_links":{"self":[{"href":"https:\/\/franciscanos.org.br\/noticias\/wp-json\/wp\/v2\/posts\/235657"}],"collection":[{"href":"https:\/\/franciscanos.org.br\/noticias\/wp-json\/wp\/v2\/posts"}],"about":[{"href":"https:\/\/franciscanos.org.br\/noticias\/wp-json\/wp\/v2\/types\/post"}],"author":[{"embeddable":true,"href":"https:\/\/franciscanos.org.br\/noticias\/wp-json\/wp\/v2\/users\/3"}],"replies":[{"embeddable":true,"href":"https:\/\/franciscanos.org.br\/noticias\/wp-json\/wp\/v2\/comments?post=235657"}],"version-history":[{"count":1,"href":"https:\/\/franciscanos.org.br\/noticias\/wp-json\/wp\/v2\/posts\/235657\/revisions"}],"predecessor-version":[{"id":235659,"href":"https:\/\/franciscanos.org.br\/noticias\/wp-json\/wp\/v2\/posts\/235657\/revisions\/235659"}],"wp:featuredmedia":[{"embeddable":true,"href":"https:\/\/franciscanos.org.br\/noticias\/wp-json\/wp\/v2\/media\/235658"}],"wp:attachment":[{"href":"https:\/\/franciscanos.org.br\/noticias\/wp-json\/wp\/v2\/media?parent=235657"}],"wp:term":[{"taxonomy":"category","embeddable":true,"href":"https:\/\/franciscanos.org.br\/noticias\/wp-json\/wp\/v2\/categories?post=235657"},{"taxonomy":"post_tag","embeddable":true,"href":"https:\/\/franciscanos.org.br\/noticias\/wp-json\/wp\/v2\/tags?post=235657"}],"curies":[{"name":"wp","href":"https:\/\/api.w.org\/{rel}","templated":true}]}}