{"id":235654,"date":"2021-12-05T07:04:27","date_gmt":"2021-12-05T10:04:27","guid":{"rendered":"https:\/\/franciscanos.org.br\/noticias\/?p=235654"},"modified":"2021-12-05T07:04:27","modified_gmt":"2021-12-05T10:04:27","slug":"papa-igreja-vive-de-confianca-e-humildade-nao-de-triunfos-e-a-logica-do-grao-de-mostarda","status":"publish","type":"post","link":"https:\/\/franciscanos.org.br\/noticias\/papa-igreja-vive-de-confianca-e-humildade-nao-de-triunfos-e-a-logica-do-grao-de-mostarda.html","title":{"rendered":"Papa: Igreja vive de confian\u00e7a e humildade, n\u00e3o de triunfos. \u00c9 a l\u00f3gica do gr\u00e3o de mostarda."},"content":{"rendered":"<div id=\"attachment_235655\" style=\"width: 1510px\" class=\"wp-caption alignnone\"><img aria-describedby=\"caption-attachment-235655\" loading=\"lazy\" class=\"wp-image-235655 size-full\" src=\"https:\/\/franciscanos.org.br\/noticias\/wp-content\/uploads\/2021\/12\/grecia_0512.jpeg\" alt=\"\" width=\"1500\" height=\"844\" srcset=\"https:\/\/franciscanos.org.br\/noticias\/wp-content\/uploads\/2021\/12\/grecia_0512.jpeg 1500w, https:\/\/franciscanos.org.br\/noticias\/wp-content\/uploads\/2021\/12\/grecia_0512-450x253.jpeg 450w, https:\/\/franciscanos.org.br\/noticias\/wp-content\/uploads\/2021\/12\/grecia_0512-1024x576.jpeg 1024w, https:\/\/franciscanos.org.br\/noticias\/wp-content\/uploads\/2021\/12\/grecia_0512-768x432.jpeg 768w, https:\/\/franciscanos.org.br\/noticias\/wp-content\/uploads\/2021\/12\/grecia_0512-150x84.jpeg 150w\" sizes=\"(max-width: 1500px) 100vw, 1500px\" \/><p id=\"caption-attachment-235655\" class=\"wp-caption-text\">\u00a0 \u00a0 \u00a0 \u00a0 \u00a0 \u00a0 \u00a0 \u00a0 \u00a0 \u00a0 \u00a0 \u00a0 \u00a0 \u00a0 \u00a0 \u00a0 \u00a0 \u00a0 \u00a0 \u00a0 \u00a0 \u00a0 \u00a0 \u00a0 \u00a0 \u00a0 \u00a0 \u00a0 \u00a0 \u00a0 \u00a0 \u00a0 \u00a0 \u00a0 \u00a0 \u00a0 \u00a0 \u00a0 \u00a0 \u00a0 \u00a0 \u00a0 \u00a0 \u00a0 \u00a0 \u00a0 \u00a0 \u00a0 \u00a0 \u00a0 \u00a0 \u00a0 \u00a0 \u00a0 \u00a0 \u00a0 \u00a0 \u00a0 \u00a0 \u00a0 <em>\u00a0 \u00a0Imagem: Vatican Media<\/em><\/p><\/div>\n<p>O Papa Francisco encerrou seus compromissos p\u00fablicos em Atenas reunindo-se com a comunidade cat\u00f3lica na Catedral de S\u00e3o Dion\u00edsio.<\/p>\n<p>Antes de se dirigir a Bispos, Sacerdotes, Religiosos e Religiosas, Seminaristas e Catequistas, o Pont\u00edfice ouviu a sauda\u00e7\u00e3o do presidente da Confer\u00eancia Episcopal Grega, Dom Sevastianos Rossolatos, e os testemunhos de uma freira e de um leigo.<\/p>\n<p><strong>Paulo e o &#8220;laborat\u00f3rio de f\u00e9&#8221;<\/strong><br \/>\nEnquanto em Chipre o ap\u00f3stolo Barnab\u00e9 guiou as reflex\u00f5es do Papa, na Gr\u00e9cia o Pont\u00edfice se inspirou em Paulo, que inaugurou um \u201claborat\u00f3rio de f\u00e9\u201d para a incultura\u00e7\u00e3o do Verbo.<\/p>\n<p>Francisco ressaltou de modo especial duas caracter\u00edsticas de sua miss\u00e3o: a confian\u00e7a e o acolhimento. Em Atenas, Paulo estava s\u00f3, em minoria e com escassa probabilidade de sucesso. Mas n\u00e3o se deixou vencer pelo des\u00e2nimo: \u201cEis a atitude do verdadeiro ap\u00f3stolo: prosseguir com confian\u00e7a, preferindo mais o inc\u00f4modo das situa\u00e7\u00f5es inesperadas que a rotina e a repeti\u00e7\u00e3o.\u201d<\/p>\n<p>Esta coragem de Paulo, acrescentou o Papa, vem de Deus, que gosta de atuar na nossa pequenez.<\/p>\n<p>\u201cA n\u00f3s, como Igreja, n\u00e3o \u00e9 pedido o esp\u00edrito da conquista e da vit\u00f3ria, a magnific\u00eancia dos grandes n\u00fameros, o esplendor mundano. Tudo isto \u00e9 perigoso. \u00c9 a tenta\u00e7\u00e3o do triunfalismo. A n\u00f3s, \u00e9-nos pedido para aprender com o gr\u00e3o de mostarda, que, apesar de \u00ednfimo, humilde e lentamente cresce.\u201d<\/p>\n<p>O segredo do Reino de Deus est\u00e1 contido nas pequenas coisas, naquilo que frequentemente n\u00e3o se v\u00ea nem faz rumor. Ser minoria \u2013 e, no mundo inteiro, a Igreja \u00e9 minoria \u2013 n\u00e3o quer dizer ser insignificante, disse ainda Francisco. Portanto, \u201ccoragem\u201d!<\/p>\n<p><strong>N\u00e3o impor, mas propor<\/strong><br \/>\nJ\u00e1 o segundo aspecto \u2013 o acolhimento \u2013 est\u00e1 ligado \u00e0 evangeliza\u00e7\u00e3o. Paulo respeita seus interlocutores, reconhece neles uma sensibilidade religiosa, est\u00e3o em busca do \u201cDeus desconhecido\u201d. De fato, disse o Papa, evangelizar n\u00e3o \u00e9 encher um recipiente vazio, mas reconhecer as sementes que Deus j\u00e1 plantou antes da nossa chegada.<\/p>\n<p>\u201cPaulo acolhe o desejo de Deus escondido no cora\u00e7\u00e3o daquelas pessoas e, com gentileza, quer comunicar-lhes o assombro da f\u00e9. O seu estilo n\u00e3o \u00e9 impositivo, mas propositivo. N\u00e3o se baseia no proselitismo, mas na mansid\u00e3o de Jesus.\u201d<\/p>\n<p>Assim tamb\u00e9m devem atuar os cat\u00f3licos hoje, com este esp\u00edrito de acolhimento: \u201cDe cora\u00e7\u00e3o, desejo que possam continuar o trabalho no seu hist\u00f3rico laborat\u00f3rio da f\u00e9 e que o fa\u00e7am com estes dois ingredientes, a confian\u00e7a e o acolhimento, para saborear o Evangelho como experi\u00eancia de alegria e fraternidade.\u201d<\/p>\n<hr \/>\n<p><em>Fonte: Vatican News (texto de Bianca Fraccalvieri)<\/em><\/p>\n","protected":false},"excerpt":{"rendered":"<p>Viagem Apost\u00f3lica do Papa \u00e0 Gr\u00e9cia e Chipre<\/p>\n","protected":false},"author":3,"featured_media":235655,"comment_status":"open","ping_status":"open","sticky":false,"template":"","format":"standard","meta":[],"categories":[1428],"tags":[1901],"acf":[],"yoast_head":"<!-- This site is optimized with the Yoast SEO plugin v19.2 - https:\/\/yoast.com\/wordpress\/plugins\/seo\/ -->\n<title>Papa: Igreja vive de confian\u00e7a e humildade, n\u00e3o de triunfos. \u00c9 a l\u00f3gica do gr\u00e3o de mostarda. - Not\u00edcias - Franciscanos<\/title>\n<meta name=\"robots\" content=\"index, follow, max-snippet:-1, max-image-preview:large, max-video-preview:-1\" \/>\n<link rel=\"canonical\" href=\"https:\/\/franciscanos.org.br\/noticias\/papa-igreja-vive-de-confianca-e-humildade-nao-de-triunfos-e-a-logica-do-grao-de-mostarda.html\" \/>\n<meta property=\"og:locale\" content=\"pt_BR\" \/>\n<meta property=\"og:type\" content=\"article\" \/>\n<meta property=\"og:title\" content=\"Papa: Igreja vive de confian\u00e7a e humildade, n\u00e3o de triunfos. \u00c9 a l\u00f3gica do gr\u00e3o de mostarda. - Not\u00edcias - Franciscanos\" \/>\n<meta property=\"og:description\" content=\"Viagem Apost\u00f3lica do Papa \u00e0 Gr\u00e9cia e Chipre\" \/>\n<meta property=\"og:url\" content=\"https:\/\/franciscanos.org.br\/noticias\/papa-igreja-vive-de-confianca-e-humildade-nao-de-triunfos-e-a-logica-do-grao-de-mostarda.html\" \/>\n<meta property=\"og:site_name\" content=\"Not\u00edcias - Franciscanos\" \/>\n<meta property=\"article:published_time\" content=\"2021-12-05T10:04:27+00:00\" \/>\n<meta property=\"og:image\" content=\"https:\/\/franciscanos.org.br\/noticias\/wp-content\/uploads\/2021\/12\/grecia_0512.jpeg\" \/>\n\t<meta property=\"og:image:width\" content=\"1500\" \/>\n\t<meta property=\"og:image:height\" content=\"844\" \/>\n\t<meta property=\"og:image:type\" content=\"image\/jpeg\" \/>\n<meta name=\"author\" content=\"moacir\" \/>\n<meta name=\"twitter:card\" content=\"summary_large_image\" \/>\n<meta name=\"twitter:label1\" content=\"Escrito por\" \/>\n\t<meta name=\"twitter:data1\" content=\"moacir\" \/>\n\t<meta name=\"twitter:label2\" content=\"Est. tempo de leitura\" \/>\n\t<meta name=\"twitter:data2\" content=\"2 minutos\" \/>\n<script type=\"application\/ld+json\" class=\"yoast-schema-graph\">{\"@context\":\"https:\/\/schema.org\",\"@graph\":[{\"@type\":\"WebSite\",\"@id\":\"https:\/\/franciscanos.org.br\/noticias\/#website\",\"url\":\"https:\/\/franciscanos.org.br\/noticias\/\",\"name\":\"Not\u00edcias - Franciscanos\",\"description\":\"Prov\u00edncia Franciscana da Imaculada Concei\u00e7\u00e3o do Brasil - Ordem dos Frades Menores - OFM\",\"potentialAction\":[{\"@type\":\"SearchAction\",\"target\":{\"@type\":\"EntryPoint\",\"urlTemplate\":\"https:\/\/franciscanos.org.br\/noticias\/?s={search_term_string}\"},\"query-input\":\"required name=search_term_string\"}],\"inLanguage\":\"pt-BR\"},{\"@type\":\"ImageObject\",\"inLanguage\":\"pt-BR\",\"@id\":\"https:\/\/franciscanos.org.br\/noticias\/papa-igreja-vive-de-confianca-e-humildade-nao-de-triunfos-e-a-logica-do-grao-de-mostarda.html#primaryimage\",\"url\":\"https:\/\/franciscanos.org.br\/noticias\/wp-content\/uploads\/2021\/12\/grecia_0512.jpeg\",\"contentUrl\":\"https:\/\/franciscanos.org.br\/noticias\/wp-content\/uploads\/2021\/12\/grecia_0512.jpeg\",\"width\":1500,\"height\":844},{\"@type\":\"WebPage\",\"@id\":\"https:\/\/franciscanos.org.br\/noticias\/papa-igreja-vive-de-confianca-e-humildade-nao-de-triunfos-e-a-logica-do-grao-de-mostarda.html#webpage\",\"url\":\"https:\/\/franciscanos.org.br\/noticias\/papa-igreja-vive-de-confianca-e-humildade-nao-de-triunfos-e-a-logica-do-grao-de-mostarda.html\",\"name\":\"Papa: Igreja vive de confian\u00e7a e humildade, n\u00e3o de triunfos. \u00c9 a l\u00f3gica do gr\u00e3o de mostarda. - Not\u00edcias - Franciscanos\",\"isPartOf\":{\"@id\":\"https:\/\/franciscanos.org.br\/noticias\/#website\"},\"primaryImageOfPage\":{\"@id\":\"https:\/\/franciscanos.org.br\/noticias\/papa-igreja-vive-de-confianca-e-humildade-nao-de-triunfos-e-a-logica-do-grao-de-mostarda.html#primaryimage\"},\"datePublished\":\"2021-12-05T10:04:27+00:00\",\"dateModified\":\"2021-12-05T10:04:27+00:00\",\"author\":{\"@id\":\"https:\/\/franciscanos.org.br\/noticias\/#\/schema\/person\/b5c8cba458c330ccff548b056e95a5d4\"},\"breadcrumb\":{\"@id\":\"https:\/\/franciscanos.org.br\/noticias\/papa-igreja-vive-de-confianca-e-humildade-nao-de-triunfos-e-a-logica-do-grao-de-mostarda.html#breadcrumb\"},\"inLanguage\":\"pt-BR\",\"potentialAction\":[{\"@type\":\"ReadAction\",\"target\":[\"https:\/\/franciscanos.org.br\/noticias\/papa-igreja-vive-de-confianca-e-humildade-nao-de-triunfos-e-a-logica-do-grao-de-mostarda.html\"]}]},{\"@type\":\"BreadcrumbList\",\"@id\":\"https:\/\/franciscanos.org.br\/noticias\/papa-igreja-vive-de-confianca-e-humildade-nao-de-triunfos-e-a-logica-do-grao-de-mostarda.html#breadcrumb\",\"itemListElement\":[{\"@type\":\"ListItem\",\"position\":1,\"name\":\"Home\",\"item\":\"https:\/\/franciscanos.org.br\/noticias\"},{\"@type\":\"ListItem\",\"position\":2,\"name\":\"Papa: Igreja vive de confian\u00e7a e humildade, n\u00e3o de triunfos. \u00c9 a l\u00f3gica do gr\u00e3o de mostarda.\"}]},{\"@type\":\"Person\",\"@id\":\"https:\/\/franciscanos.org.br\/noticias\/#\/schema\/person\/b5c8cba458c330ccff548b056e95a5d4\",\"name\":\"moacir\",\"image\":{\"@type\":\"ImageObject\",\"inLanguage\":\"pt-BR\",\"@id\":\"https:\/\/franciscanos.org.br\/noticias\/#\/schema\/person\/image\/\",\"url\":\"https:\/\/secure.gravatar.com\/avatar\/d08aa2ce4c8dd416d4479aa8536fcf64?s=96&d=mm&r=g\",\"contentUrl\":\"https:\/\/secure.gravatar.com\/avatar\/d08aa2ce4c8dd416d4479aa8536fcf64?s=96&d=mm&r=g\",\"caption\":\"moacir\"},\"url\":\"https:\/\/franciscanos.org.br\/noticias\/author\/moacir\"}]}<\/script>\n<!-- \/ Yoast SEO plugin. -->","yoast_head_json":{"title":"Papa: Igreja vive de confian\u00e7a e humildade, n\u00e3o de triunfos. \u00c9 a l\u00f3gica do gr\u00e3o de mostarda. - Not\u00edcias - Franciscanos","robots":{"index":"index","follow":"follow","max-snippet":"max-snippet:-1","max-image-preview":"max-image-preview:large","max-video-preview":"max-video-preview:-1"},"canonical":"https:\/\/franciscanos.org.br\/noticias\/papa-igreja-vive-de-confianca-e-humildade-nao-de-triunfos-e-a-logica-do-grao-de-mostarda.html","og_locale":"pt_BR","og_type":"article","og_title":"Papa: Igreja vive de confian\u00e7a e humildade, n\u00e3o de triunfos. \u00c9 a l\u00f3gica do gr\u00e3o de mostarda. - Not\u00edcias - Franciscanos","og_description":"Viagem Apost\u00f3lica do Papa \u00e0 Gr\u00e9cia e Chipre","og_url":"https:\/\/franciscanos.org.br\/noticias\/papa-igreja-vive-de-confianca-e-humildade-nao-de-triunfos-e-a-logica-do-grao-de-mostarda.html","og_site_name":"Not\u00edcias - Franciscanos","article_published_time":"2021-12-05T10:04:27+00:00","og_image":[{"width":1500,"height":844,"url":"https:\/\/franciscanos.org.br\/noticias\/wp-content\/uploads\/2021\/12\/grecia_0512.jpeg","type":"image\/jpeg"}],"author":"moacir","twitter_card":"summary_large_image","twitter_misc":{"Escrito por":"moacir","Est. tempo de leitura":"2 minutos"},"schema":{"@context":"https:\/\/schema.org","@graph":[{"@type":"WebSite","@id":"https:\/\/franciscanos.org.br\/noticias\/#website","url":"https:\/\/franciscanos.org.br\/noticias\/","name":"Not\u00edcias - Franciscanos","description":"Prov\u00edncia Franciscana da Imaculada Concei\u00e7\u00e3o do Brasil - Ordem dos Frades Menores - OFM","potentialAction":[{"@type":"SearchAction","target":{"@type":"EntryPoint","urlTemplate":"https:\/\/franciscanos.org.br\/noticias\/?s={search_term_string}"},"query-input":"required name=search_term_string"}],"inLanguage":"pt-BR"},{"@type":"ImageObject","inLanguage":"pt-BR","@id":"https:\/\/franciscanos.org.br\/noticias\/papa-igreja-vive-de-confianca-e-humildade-nao-de-triunfos-e-a-logica-do-grao-de-mostarda.html#primaryimage","url":"https:\/\/franciscanos.org.br\/noticias\/wp-content\/uploads\/2021\/12\/grecia_0512.jpeg","contentUrl":"https:\/\/franciscanos.org.br\/noticias\/wp-content\/uploads\/2021\/12\/grecia_0512.jpeg","width":1500,"height":844},{"@type":"WebPage","@id":"https:\/\/franciscanos.org.br\/noticias\/papa-igreja-vive-de-confianca-e-humildade-nao-de-triunfos-e-a-logica-do-grao-de-mostarda.html#webpage","url":"https:\/\/franciscanos.org.br\/noticias\/papa-igreja-vive-de-confianca-e-humildade-nao-de-triunfos-e-a-logica-do-grao-de-mostarda.html","name":"Papa: Igreja vive de confian\u00e7a e humildade, n\u00e3o de triunfos. \u00c9 a l\u00f3gica do gr\u00e3o de mostarda. - Not\u00edcias - Franciscanos","isPartOf":{"@id":"https:\/\/franciscanos.org.br\/noticias\/#website"},"primaryImageOfPage":{"@id":"https:\/\/franciscanos.org.br\/noticias\/papa-igreja-vive-de-confianca-e-humildade-nao-de-triunfos-e-a-logica-do-grao-de-mostarda.html#primaryimage"},"datePublished":"2021-12-05T10:04:27+00:00","dateModified":"2021-12-05T10:04:27+00:00","author":{"@id":"https:\/\/franciscanos.org.br\/noticias\/#\/schema\/person\/b5c8cba458c330ccff548b056e95a5d4"},"breadcrumb":{"@id":"https:\/\/franciscanos.org.br\/noticias\/papa-igreja-vive-de-confianca-e-humildade-nao-de-triunfos-e-a-logica-do-grao-de-mostarda.html#breadcrumb"},"inLanguage":"pt-BR","potentialAction":[{"@type":"ReadAction","target":["https:\/\/franciscanos.org.br\/noticias\/papa-igreja-vive-de-confianca-e-humildade-nao-de-triunfos-e-a-logica-do-grao-de-mostarda.html"]}]},{"@type":"BreadcrumbList","@id":"https:\/\/franciscanos.org.br\/noticias\/papa-igreja-vive-de-confianca-e-humildade-nao-de-triunfos-e-a-logica-do-grao-de-mostarda.html#breadcrumb","itemListElement":[{"@type":"ListItem","position":1,"name":"Home","item":"https:\/\/franciscanos.org.br\/noticias"},{"@type":"ListItem","position":2,"name":"Papa: Igreja vive de confian\u00e7a e humildade, n\u00e3o de triunfos. \u00c9 a l\u00f3gica do gr\u00e3o de mostarda."}]},{"@type":"Person","@id":"https:\/\/franciscanos.org.br\/noticias\/#\/schema\/person\/b5c8cba458c330ccff548b056e95a5d4","name":"moacir","image":{"@type":"ImageObject","inLanguage":"pt-BR","@id":"https:\/\/franciscanos.org.br\/noticias\/#\/schema\/person\/image\/","url":"https:\/\/secure.gravatar.com\/avatar\/d08aa2ce4c8dd416d4479aa8536fcf64?s=96&d=mm&r=g","contentUrl":"https:\/\/secure.gravatar.com\/avatar\/d08aa2ce4c8dd416d4479aa8536fcf64?s=96&d=mm&r=g","caption":"moacir"},"url":"https:\/\/franciscanos.org.br\/noticias\/author\/moacir"}]}},"_links":{"self":[{"href":"https:\/\/franciscanos.org.br\/noticias\/wp-json\/wp\/v2\/posts\/235654"}],"collection":[{"href":"https:\/\/franciscanos.org.br\/noticias\/wp-json\/wp\/v2\/posts"}],"about":[{"href":"https:\/\/franciscanos.org.br\/noticias\/wp-json\/wp\/v2\/types\/post"}],"author":[{"embeddable":true,"href":"https:\/\/franciscanos.org.br\/noticias\/wp-json\/wp\/v2\/users\/3"}],"replies":[{"embeddable":true,"href":"https:\/\/franciscanos.org.br\/noticias\/wp-json\/wp\/v2\/comments?post=235654"}],"version-history":[{"count":1,"href":"https:\/\/franciscanos.org.br\/noticias\/wp-json\/wp\/v2\/posts\/235654\/revisions"}],"predecessor-version":[{"id":235656,"href":"https:\/\/franciscanos.org.br\/noticias\/wp-json\/wp\/v2\/posts\/235654\/revisions\/235656"}],"wp:featuredmedia":[{"embeddable":true,"href":"https:\/\/franciscanos.org.br\/noticias\/wp-json\/wp\/v2\/media\/235655"}],"wp:attachment":[{"href":"https:\/\/franciscanos.org.br\/noticias\/wp-json\/wp\/v2\/media?parent=235654"}],"wp:term":[{"taxonomy":"category","embeddable":true,"href":"https:\/\/franciscanos.org.br\/noticias\/wp-json\/wp\/v2\/categories?post=235654"},{"taxonomy":"post_tag","embeddable":true,"href":"https:\/\/franciscanos.org.br\/noticias\/wp-json\/wp\/v2\/tags?post=235654"}],"curies":[{"name":"wp","href":"https:\/\/api.w.org\/{rel}","templated":true}]}}