{"id":235649,"date":"2021-12-04T10:27:13","date_gmt":"2021-12-04T13:27:13","guid":{"rendered":"https:\/\/franciscanos.org.br\/noticias\/?p=235649"},"modified":"2021-12-04T10:27:54","modified_gmt":"2021-12-04T13:27:54","slug":"sem-atenas-e-sem-a-grecia-a-europa-e-o-mundo-nao-seriam-o-que-sao-afirma-o-papa","status":"publish","type":"post","link":"https:\/\/franciscanos.org.br\/noticias\/sem-atenas-e-sem-a-grecia-a-europa-e-o-mundo-nao-seriam-o-que-sao-afirma-o-papa.html","title":{"rendered":"&#8220;Sem Atenas e sem a Gr\u00e9cia, a Europa e o mundo n\u00e3o seriam o que s\u00e3o&#8221;, afirma o Papa"},"content":{"rendered":"<div class=\"article__subTitle\">\n<div id=\"attachment_235650\" style=\"width: 1290px\" class=\"wp-caption alignnone\"><img aria-describedby=\"caption-attachment-235650\" loading=\"lazy\" class=\"wp-image-235650 size-full\" src=\"https:\/\/franciscanos.org.br\/noticias\/wp-content\/uploads\/2021\/12\/grecia_0412.jpg\" alt=\"\" width=\"1280\" height=\"720\" srcset=\"https:\/\/franciscanos.org.br\/noticias\/wp-content\/uploads\/2021\/12\/grecia_0412.jpg 1280w, https:\/\/franciscanos.org.br\/noticias\/wp-content\/uploads\/2021\/12\/grecia_0412-450x253.jpg 450w, https:\/\/franciscanos.org.br\/noticias\/wp-content\/uploads\/2021\/12\/grecia_0412-1024x576.jpg 1024w, https:\/\/franciscanos.org.br\/noticias\/wp-content\/uploads\/2021\/12\/grecia_0412-768x432.jpg 768w, https:\/\/franciscanos.org.br\/noticias\/wp-content\/uploads\/2021\/12\/grecia_0412-150x84.jpg 150w\" sizes=\"(max-width: 1280px) 100vw, 1280px\" \/><p id=\"caption-attachment-235650\" class=\"wp-caption-text\">\u00a0 \u00a0 \u00a0 \u00a0 \u00a0 \u00a0 \u00a0 \u00a0 \u00a0 \u00a0 \u00a0 \u00a0 \u00a0 \u00a0 \u00a0 \u00a0 \u00a0 \u00a0 \u00a0 \u00a0 \u00a0 \u00a0 \u00a0 \u00a0 \u00a0 \u00a0 \u00a0 \u00a0 \u00a0 \u00a0 \u00a0 \u00a0 \u00a0 \u00a0 \u00a0 \u00a0 \u00a0 \u00a0 \u00a0 \u00a0 \u00a0 \u00a0 \u00a0 \u00a0 \u00a0 \u00a0 \u00a0 \u00a0 \u00a0 \u00a0 \u00a0 \u00a0 \u00a0 \u00a0 \u00a0 \u00a0<em> \u00a0 \u00a0 \u00a0 Imagem: Vatican Media<\/em><\/p><\/div>\n<\/div>\n<div class=\"article__text \">\n<p>Hist\u00f3ria, religi\u00e3o, pol\u00edtica, ci\u00eancia e filosofia: um denso discurso marcou a chegada do Papa Francisco \u00e0 Gr\u00e9cia, na presen\u00e7a da presidente do pa\u00eds, Katerina Sakellaropoulou.<\/p>\n<p>Depois da cerim\u00f4nia de boas-vindas no Pal\u00e1cio Presidencial de Atenas, o Pont\u00edfice se dirigiu \u00e0s Autoridades para manifestar sua alegria de visitar \u201cestes lugares que superabundam de espiritualidade, cultura e civiliza\u00e7\u00e3o\u201d.<\/p>\n<p>\u201cSem Atenas e sem a Gr\u00e9cia, a Europa e o mundo n\u00e3o seriam o que s\u00e3o\u201d, disse Francisco, citando autores cl\u00e1ssicos, como Arist\u00f3teles, S\u00f3crates e Homero.<\/p>\n<h2>Rumo ao Alto<\/h2>\n<p>Da Gr\u00e9cia, afirmou o Papa, dilataram-se os horizontes da humanidade rumo ao Alto: do Monte Olimpo \u00e0 Acr\u00f3pole e ao Monte Athos, partiu o convite ao ser humano de cada tempo a orientar a viagem da vida para Deus. Por ali passaram as vias do Evangelho, que foi escrito em grego, l\u00edngua imortal usada pela Palavra \u2013 pelo Logos \u2013 para se expressar.<\/p>\n<p>Do Alto, o homem foi impelido a olhar para o outro, nascendo ali o conceito de democracia, que hoje vive um retrocesso. Enquanto os populismos ganham terreno, Francisco exorta a passar do tomar partido ao participar; do empenho em apoiar apenas a pr\u00f3pria parte ao envolvimento ativo em prol da promo\u00e7\u00e3o de todos. \u201cPenso no clima, na pandemia, no mercado comum e, sobretudo, nas pobrezas generalizadas.\u201d<\/p>\n<h2>Mudan\u00e7as clim\u00e1ticas: que os compromissos n\u00e3o sejam de fechada<\/h2>\n<p>O Papa citou um dos s\u00edmbolos do pa\u00eds, a oliveira, para falar dos inc\u00eandios que devastaram a ilha, consequ\u00eancia das mudan\u00e7as clim\u00e1ticas. A mesma oliveira representa, todavia, a vontade de resgate, como simbolizava a pomba depois do dil\u00favio universal, que voltou para No\u00e9 trazendo no bico uma folha verde de oliveira. \u201cNeste sentido, espero que os compromissos assumidos na luta contra as altera\u00e7\u00f5es clim\u00e1ticas apare\u00e7am cada vez mais compartilhados e n\u00e3o sejam de fachada.\u201d<\/p>\n<p>Na Escritura, a oliveira constitui tamb\u00e9m um convite \u00e0 solidariedade, especialmente para com aqueles que n\u00e3o pertencem ao pr\u00f3prio povo. A este ponto, o Pont\u00edfice renovou seu apelo em favor dos migrantes, \u201cprotagonistas duma terr\u00edvel odisseia moderna\u201d.<\/p>\n<p>\u201cTransformemos em ousada oportunidade o que parece ser apenas uma infeliz adversidade\u201d, acrescentou o Papa, pedindo o fim da morosidade na comunidade europeia, \u201cdilacerada por ego\u00edsmos nacionalistas\u201d.<\/p>\n<h2>Gr\u00e9cia, mem\u00f3ria da Europa<\/h2>\n<p>Para Francisco, a grande adversidade \u00e9 constitu\u00edda pela pandemia e ressaltou a atualidade do juramento de Hip\u00f3crates e o direito \u00e0 sa\u00fade e o compromisso a salvaguardar a vida em todos os momentos, particularmente no ventre materno.<\/p>\n<p>\u201cQueridos amigos, alguns exemplares de oliveira mediterr\u00e2nica testemunham uma vida t\u00e3o longa que antecede o aparecimento de Cristo. (\u2026) Este pa\u00eds pode ser definido a mem\u00f3ria da Europa.\u201d<\/p>\n<p>O Papa concluiu reiterando sua felicidade por visitar a Gr\u00e9cia 20 anos depois de S\u00e3o Jo\u00e3o Paulo II e no bicenten\u00e1rio da sua independ\u00eancia. E gratid\u00e3o pelo reconhecimento p\u00fablico da comunidade cat\u00f3lica.<\/p>\n<p>\u201cDesta cidade, deste ber\u00e7o da civiliza\u00e7\u00e3o, elevou-se e oxal\u00e1 nunca cesse de se elevar uma mensagem que encaminha para o Alto e para o outro; que \u00e0s sedu\u00e7\u00f5es do autoritarismo responda com a democracia; que \u00e0 indiferen\u00e7a individualista oponha a solicitude pelo outro, pelo pobre e pela cria\u00e7\u00e3o.\u201d<\/p>\n<hr \/>\n<p><em>Fonte: Vatican News (texto de Bianca Fraccalvieri)<\/em><\/p>\n<\/div>\n","protected":false},"excerpt":{"rendered":"<p>Viagem Apost\u00f3lica \u00e0 Gr\u00e9cia e Chipre<\/p>\n","protected":false},"author":3,"featured_media":235650,"comment_status":"open","ping_status":"open","sticky":false,"template":"","format":"standard","meta":[],"categories":[1428],"tags":[1901],"acf":[],"yoast_head":"<!-- This site is optimized with the Yoast SEO plugin v19.2 - https:\/\/yoast.com\/wordpress\/plugins\/seo\/ -->\n<title>&quot;Sem Atenas e sem a Gr\u00e9cia, a Europa e o mundo n\u00e3o seriam o que s\u00e3o&quot;, afirma o Papa - Not\u00edcias - Franciscanos<\/title>\n<meta name=\"robots\" content=\"index, follow, max-snippet:-1, max-image-preview:large, max-video-preview:-1\" \/>\n<link rel=\"canonical\" href=\"https:\/\/franciscanos.org.br\/noticias\/sem-atenas-e-sem-a-grecia-a-europa-e-o-mundo-nao-seriam-o-que-sao-afirma-o-papa.html\" \/>\n<meta property=\"og:locale\" content=\"pt_BR\" \/>\n<meta property=\"og:type\" content=\"article\" \/>\n<meta property=\"og:title\" content=\"&quot;Sem Atenas e sem a Gr\u00e9cia, a Europa e o mundo n\u00e3o seriam o que s\u00e3o&quot;, afirma o Papa - Not\u00edcias - Franciscanos\" \/>\n<meta property=\"og:description\" content=\"Viagem Apost\u00f3lica \u00e0 Gr\u00e9cia e Chipre\" \/>\n<meta property=\"og:url\" content=\"https:\/\/franciscanos.org.br\/noticias\/sem-atenas-e-sem-a-grecia-a-europa-e-o-mundo-nao-seriam-o-que-sao-afirma-o-papa.html\" \/>\n<meta property=\"og:site_name\" content=\"Not\u00edcias - Franciscanos\" \/>\n<meta property=\"article:published_time\" content=\"2021-12-04T13:27:13+00:00\" \/>\n<meta property=\"article:modified_time\" content=\"2021-12-04T13:27:54+00:00\" \/>\n<meta property=\"og:image\" content=\"https:\/\/franciscanos.org.br\/noticias\/wp-content\/uploads\/2021\/12\/grecia_0412.jpg\" \/>\n\t<meta property=\"og:image:width\" content=\"1280\" \/>\n\t<meta property=\"og:image:height\" content=\"720\" \/>\n\t<meta property=\"og:image:type\" content=\"image\/jpeg\" \/>\n<meta name=\"author\" content=\"moacir\" \/>\n<meta name=\"twitter:card\" content=\"summary_large_image\" \/>\n<meta name=\"twitter:label1\" content=\"Escrito por\" \/>\n\t<meta name=\"twitter:data1\" content=\"moacir\" \/>\n\t<meta name=\"twitter:label2\" content=\"Est. tempo de leitura\" \/>\n\t<meta name=\"twitter:data2\" content=\"3 minutos\" \/>\n<script type=\"application\/ld+json\" class=\"yoast-schema-graph\">{\"@context\":\"https:\/\/schema.org\",\"@graph\":[{\"@type\":\"WebSite\",\"@id\":\"https:\/\/franciscanos.org.br\/noticias\/#website\",\"url\":\"https:\/\/franciscanos.org.br\/noticias\/\",\"name\":\"Not\u00edcias - Franciscanos\",\"description\":\"Prov\u00edncia Franciscana da Imaculada Concei\u00e7\u00e3o do Brasil - Ordem dos Frades Menores - OFM\",\"potentialAction\":[{\"@type\":\"SearchAction\",\"target\":{\"@type\":\"EntryPoint\",\"urlTemplate\":\"https:\/\/franciscanos.org.br\/noticias\/?s={search_term_string}\"},\"query-input\":\"required name=search_term_string\"}],\"inLanguage\":\"pt-BR\"},{\"@type\":\"ImageObject\",\"inLanguage\":\"pt-BR\",\"@id\":\"https:\/\/franciscanos.org.br\/noticias\/sem-atenas-e-sem-a-grecia-a-europa-e-o-mundo-nao-seriam-o-que-sao-afirma-o-papa.html#primaryimage\",\"url\":\"https:\/\/franciscanos.org.br\/noticias\/wp-content\/uploads\/2021\/12\/grecia_0412.jpg\",\"contentUrl\":\"https:\/\/franciscanos.org.br\/noticias\/wp-content\/uploads\/2021\/12\/grecia_0412.jpg\",\"width\":1280,\"height\":720},{\"@type\":\"WebPage\",\"@id\":\"https:\/\/franciscanos.org.br\/noticias\/sem-atenas-e-sem-a-grecia-a-europa-e-o-mundo-nao-seriam-o-que-sao-afirma-o-papa.html#webpage\",\"url\":\"https:\/\/franciscanos.org.br\/noticias\/sem-atenas-e-sem-a-grecia-a-europa-e-o-mundo-nao-seriam-o-que-sao-afirma-o-papa.html\",\"name\":\"\\\"Sem Atenas e sem a Gr\u00e9cia, a Europa e o mundo n\u00e3o seriam o que s\u00e3o\\\", afirma o Papa - Not\u00edcias - Franciscanos\",\"isPartOf\":{\"@id\":\"https:\/\/franciscanos.org.br\/noticias\/#website\"},\"primaryImageOfPage\":{\"@id\":\"https:\/\/franciscanos.org.br\/noticias\/sem-atenas-e-sem-a-grecia-a-europa-e-o-mundo-nao-seriam-o-que-sao-afirma-o-papa.html#primaryimage\"},\"datePublished\":\"2021-12-04T13:27:13+00:00\",\"dateModified\":\"2021-12-04T13:27:54+00:00\",\"author\":{\"@id\":\"https:\/\/franciscanos.org.br\/noticias\/#\/schema\/person\/b5c8cba458c330ccff548b056e95a5d4\"},\"breadcrumb\":{\"@id\":\"https:\/\/franciscanos.org.br\/noticias\/sem-atenas-e-sem-a-grecia-a-europa-e-o-mundo-nao-seriam-o-que-sao-afirma-o-papa.html#breadcrumb\"},\"inLanguage\":\"pt-BR\",\"potentialAction\":[{\"@type\":\"ReadAction\",\"target\":[\"https:\/\/franciscanos.org.br\/noticias\/sem-atenas-e-sem-a-grecia-a-europa-e-o-mundo-nao-seriam-o-que-sao-afirma-o-papa.html\"]}]},{\"@type\":\"BreadcrumbList\",\"@id\":\"https:\/\/franciscanos.org.br\/noticias\/sem-atenas-e-sem-a-grecia-a-europa-e-o-mundo-nao-seriam-o-que-sao-afirma-o-papa.html#breadcrumb\",\"itemListElement\":[{\"@type\":\"ListItem\",\"position\":1,\"name\":\"Home\",\"item\":\"https:\/\/franciscanos.org.br\/noticias\"},{\"@type\":\"ListItem\",\"position\":2,\"name\":\"&#8220;Sem Atenas e sem a Gr\u00e9cia, a Europa e o mundo n\u00e3o seriam o que s\u00e3o&#8221;, afirma o Papa\"}]},{\"@type\":\"Person\",\"@id\":\"https:\/\/franciscanos.org.br\/noticias\/#\/schema\/person\/b5c8cba458c330ccff548b056e95a5d4\",\"name\":\"moacir\",\"image\":{\"@type\":\"ImageObject\",\"inLanguage\":\"pt-BR\",\"@id\":\"https:\/\/franciscanos.org.br\/noticias\/#\/schema\/person\/image\/\",\"url\":\"https:\/\/secure.gravatar.com\/avatar\/d08aa2ce4c8dd416d4479aa8536fcf64?s=96&d=mm&r=g\",\"contentUrl\":\"https:\/\/secure.gravatar.com\/avatar\/d08aa2ce4c8dd416d4479aa8536fcf64?s=96&d=mm&r=g\",\"caption\":\"moacir\"},\"url\":\"https:\/\/franciscanos.org.br\/noticias\/author\/moacir\"}]}<\/script>\n<!-- \/ Yoast SEO plugin. -->","yoast_head_json":{"title":"\"Sem Atenas e sem a Gr\u00e9cia, a Europa e o mundo n\u00e3o seriam o que s\u00e3o\", afirma o Papa - Not\u00edcias - Franciscanos","robots":{"index":"index","follow":"follow","max-snippet":"max-snippet:-1","max-image-preview":"max-image-preview:large","max-video-preview":"max-video-preview:-1"},"canonical":"https:\/\/franciscanos.org.br\/noticias\/sem-atenas-e-sem-a-grecia-a-europa-e-o-mundo-nao-seriam-o-que-sao-afirma-o-papa.html","og_locale":"pt_BR","og_type":"article","og_title":"\"Sem Atenas e sem a Gr\u00e9cia, a Europa e o mundo n\u00e3o seriam o que s\u00e3o\", afirma o Papa - Not\u00edcias - Franciscanos","og_description":"Viagem Apost\u00f3lica \u00e0 Gr\u00e9cia e Chipre","og_url":"https:\/\/franciscanos.org.br\/noticias\/sem-atenas-e-sem-a-grecia-a-europa-e-o-mundo-nao-seriam-o-que-sao-afirma-o-papa.html","og_site_name":"Not\u00edcias - Franciscanos","article_published_time":"2021-12-04T13:27:13+00:00","article_modified_time":"2021-12-04T13:27:54+00:00","og_image":[{"width":1280,"height":720,"url":"https:\/\/franciscanos.org.br\/noticias\/wp-content\/uploads\/2021\/12\/grecia_0412.jpg","type":"image\/jpeg"}],"author":"moacir","twitter_card":"summary_large_image","twitter_misc":{"Escrito por":"moacir","Est. tempo de leitura":"3 minutos"},"schema":{"@context":"https:\/\/schema.org","@graph":[{"@type":"WebSite","@id":"https:\/\/franciscanos.org.br\/noticias\/#website","url":"https:\/\/franciscanos.org.br\/noticias\/","name":"Not\u00edcias - Franciscanos","description":"Prov\u00edncia Franciscana da Imaculada Concei\u00e7\u00e3o do Brasil - Ordem dos Frades Menores - OFM","potentialAction":[{"@type":"SearchAction","target":{"@type":"EntryPoint","urlTemplate":"https:\/\/franciscanos.org.br\/noticias\/?s={search_term_string}"},"query-input":"required name=search_term_string"}],"inLanguage":"pt-BR"},{"@type":"ImageObject","inLanguage":"pt-BR","@id":"https:\/\/franciscanos.org.br\/noticias\/sem-atenas-e-sem-a-grecia-a-europa-e-o-mundo-nao-seriam-o-que-sao-afirma-o-papa.html#primaryimage","url":"https:\/\/franciscanos.org.br\/noticias\/wp-content\/uploads\/2021\/12\/grecia_0412.jpg","contentUrl":"https:\/\/franciscanos.org.br\/noticias\/wp-content\/uploads\/2021\/12\/grecia_0412.jpg","width":1280,"height":720},{"@type":"WebPage","@id":"https:\/\/franciscanos.org.br\/noticias\/sem-atenas-e-sem-a-grecia-a-europa-e-o-mundo-nao-seriam-o-que-sao-afirma-o-papa.html#webpage","url":"https:\/\/franciscanos.org.br\/noticias\/sem-atenas-e-sem-a-grecia-a-europa-e-o-mundo-nao-seriam-o-que-sao-afirma-o-papa.html","name":"\"Sem Atenas e sem a Gr\u00e9cia, a Europa e o mundo n\u00e3o seriam o que s\u00e3o\", afirma o Papa - Not\u00edcias - Franciscanos","isPartOf":{"@id":"https:\/\/franciscanos.org.br\/noticias\/#website"},"primaryImageOfPage":{"@id":"https:\/\/franciscanos.org.br\/noticias\/sem-atenas-e-sem-a-grecia-a-europa-e-o-mundo-nao-seriam-o-que-sao-afirma-o-papa.html#primaryimage"},"datePublished":"2021-12-04T13:27:13+00:00","dateModified":"2021-12-04T13:27:54+00:00","author":{"@id":"https:\/\/franciscanos.org.br\/noticias\/#\/schema\/person\/b5c8cba458c330ccff548b056e95a5d4"},"breadcrumb":{"@id":"https:\/\/franciscanos.org.br\/noticias\/sem-atenas-e-sem-a-grecia-a-europa-e-o-mundo-nao-seriam-o-que-sao-afirma-o-papa.html#breadcrumb"},"inLanguage":"pt-BR","potentialAction":[{"@type":"ReadAction","target":["https:\/\/franciscanos.org.br\/noticias\/sem-atenas-e-sem-a-grecia-a-europa-e-o-mundo-nao-seriam-o-que-sao-afirma-o-papa.html"]}]},{"@type":"BreadcrumbList","@id":"https:\/\/franciscanos.org.br\/noticias\/sem-atenas-e-sem-a-grecia-a-europa-e-o-mundo-nao-seriam-o-que-sao-afirma-o-papa.html#breadcrumb","itemListElement":[{"@type":"ListItem","position":1,"name":"Home","item":"https:\/\/franciscanos.org.br\/noticias"},{"@type":"ListItem","position":2,"name":"&#8220;Sem Atenas e sem a Gr\u00e9cia, a Europa e o mundo n\u00e3o seriam o que s\u00e3o&#8221;, afirma o Papa"}]},{"@type":"Person","@id":"https:\/\/franciscanos.org.br\/noticias\/#\/schema\/person\/b5c8cba458c330ccff548b056e95a5d4","name":"moacir","image":{"@type":"ImageObject","inLanguage":"pt-BR","@id":"https:\/\/franciscanos.org.br\/noticias\/#\/schema\/person\/image\/","url":"https:\/\/secure.gravatar.com\/avatar\/d08aa2ce4c8dd416d4479aa8536fcf64?s=96&d=mm&r=g","contentUrl":"https:\/\/secure.gravatar.com\/avatar\/d08aa2ce4c8dd416d4479aa8536fcf64?s=96&d=mm&r=g","caption":"moacir"},"url":"https:\/\/franciscanos.org.br\/noticias\/author\/moacir"}]}},"_links":{"self":[{"href":"https:\/\/franciscanos.org.br\/noticias\/wp-json\/wp\/v2\/posts\/235649"}],"collection":[{"href":"https:\/\/franciscanos.org.br\/noticias\/wp-json\/wp\/v2\/posts"}],"about":[{"href":"https:\/\/franciscanos.org.br\/noticias\/wp-json\/wp\/v2\/types\/post"}],"author":[{"embeddable":true,"href":"https:\/\/franciscanos.org.br\/noticias\/wp-json\/wp\/v2\/users\/3"}],"replies":[{"embeddable":true,"href":"https:\/\/franciscanos.org.br\/noticias\/wp-json\/wp\/v2\/comments?post=235649"}],"version-history":[{"count":2,"href":"https:\/\/franciscanos.org.br\/noticias\/wp-json\/wp\/v2\/posts\/235649\/revisions"}],"predecessor-version":[{"id":235652,"href":"https:\/\/franciscanos.org.br\/noticias\/wp-json\/wp\/v2\/posts\/235649\/revisions\/235652"}],"wp:featuredmedia":[{"embeddable":true,"href":"https:\/\/franciscanos.org.br\/noticias\/wp-json\/wp\/v2\/media\/235650"}],"wp:attachment":[{"href":"https:\/\/franciscanos.org.br\/noticias\/wp-json\/wp\/v2\/media?parent=235649"}],"wp:term":[{"taxonomy":"category","embeddable":true,"href":"https:\/\/franciscanos.org.br\/noticias\/wp-json\/wp\/v2\/categories?post=235649"},{"taxonomy":"post_tag","embeddable":true,"href":"https:\/\/franciscanos.org.br\/noticias\/wp-json\/wp\/v2\/tags?post=235649"}],"curies":[{"name":"wp","href":"https:\/\/api.w.org\/{rel}","templated":true}]}}