{"id":235633,"date":"2021-12-04T10:05:30","date_gmt":"2021-12-04T13:05:30","guid":{"rendered":"https:\/\/franciscanos.org.br\/noticias\/?p=235633"},"modified":"2023-01-03T14:52:11","modified_gmt":"2023-01-03T17:52:11","slug":"renovacao-dos-votos-na-teologia-poe-teus-cuidados-no-senhor-e-ele-cuidara-de-ti","status":"publish","type":"post","link":"https:\/\/franciscanos.org.br\/noticias\/renovacao-dos-votos-na-teologia-poe-teus-cuidados-no-senhor-e-ele-cuidara-de-ti.html","title":{"rendered":"Renova\u00e7\u00e3o dos Votos na Teologia: \u201cP\u00f5e teus cuidados no Senhor e ele cuidar\u00e1 de ti\u201d"},"content":{"rendered":"<p><img loading=\"lazy\" class=\"alignnone wp-image-235634 size-full\" src=\"https:\/\/franciscanos.org.br\/noticias\/wp-content\/uploads\/2021\/12\/renova_0412.jpg\" alt=\"\" width=\"1280\" height=\"720\" srcset=\"https:\/\/franciscanos.org.br\/noticias\/wp-content\/uploads\/2021\/12\/renova_0412.jpg 1280w, https:\/\/franciscanos.org.br\/noticias\/wp-content\/uploads\/2021\/12\/renova_0412-450x253.jpg 450w, https:\/\/franciscanos.org.br\/noticias\/wp-content\/uploads\/2021\/12\/renova_0412-1024x576.jpg 1024w, https:\/\/franciscanos.org.br\/noticias\/wp-content\/uploads\/2021\/12\/renova_0412-768x432.jpg 768w, https:\/\/franciscanos.org.br\/noticias\/wp-content\/uploads\/2021\/12\/renova_0412-150x84.jpg 150w\" sizes=\"(max-width: 1280px) 100vw, 1280px\" \/><\/p>\n<p><strong>Petr\u00f3polis (RJ)<\/strong> \u2013 &#8220;Que Deus vos aben\u00e7oe e fortale\u00e7a a vossa voca\u00e7\u00e3o. E que sempre possam ouvir esse conselho que vale para todos n\u00f3s: &#8216;P\u00f5e os teus cuidados no Senhor e ele cuidar\u00e1 de ti'&#8221;. Nove jovens professos tempor\u00e1rios do tempo de Teologia ouviram esta orienta\u00e7\u00e3o do guardi\u00e3o da Fraternidade do Sagrado Cora\u00e7\u00e3o de Jesus, Frei Jorge Paulo Schiavini, quando fizeram a sua Renova\u00e7\u00e3o dos Votos durante a <em>Ora\u00e7\u00e3o das Laudes<\/em>, na Igreja do Sagrado Cora\u00e7\u00e3o de Jesus de Petr\u00f3polis (RJ), \u00e0s 8 horas deste s\u00e1bado (4\/12).<\/p>\n<p>Fizeram a Renova\u00e7\u00e3o dos Votos os jovens: Frei Ant\u00f3nio da Silva Manuel, Frei Bernardo Jo\u00e3o Cassinda, Frei Daniel K. T. Tchikeva, Frei Danilo Santos Oliveira, Frei Domingos Cacanda Soma, Frei Elias Hebo Lu\u00eds, Frei Evaristo Seque Joaquim, Frei Jo\u00e3o Manoel Zechinatto e Frei Pedro D. Caiungue Mugiba. Segundo o guardi\u00e3o, a Fraternidade Provincial e o novo Ministro Provincial Frei Paulo Roberto Pereira estavam unidos a este momento celebrativo na Prov\u00edncia.<\/p>\n<p><img loading=\"lazy\" class=\"alignnone wp-image-235636 size-full\" src=\"https:\/\/franciscanos.org.br\/noticias\/wp-content\/uploads\/2021\/12\/renova_0412_1.jpg\" alt=\"\" width=\"1280\" height=\"794\" srcset=\"https:\/\/franciscanos.org.br\/noticias\/wp-content\/uploads\/2021\/12\/renova_0412_1.jpg 1280w, https:\/\/franciscanos.org.br\/noticias\/wp-content\/uploads\/2021\/12\/renova_0412_1-450x279.jpg 450w, https:\/\/franciscanos.org.br\/noticias\/wp-content\/uploads\/2021\/12\/renova_0412_1-1024x635.jpg 1024w, https:\/\/franciscanos.org.br\/noticias\/wp-content\/uploads\/2021\/12\/renova_0412_1-768x476.jpg 768w, https:\/\/franciscanos.org.br\/noticias\/wp-content\/uploads\/2021\/12\/renova_0412_1-150x93.jpg 150w\" sizes=\"(max-width: 1280px) 100vw, 1280px\" \/><\/p>\n<p>At\u00e9 a Profiss\u00e3o Solene, os professos tempor\u00e1rios renovam os votos todos os anos. Esse grupo, formado por jovens de Angola e do Brasil, est\u00e1 na etapa de Teologia. Os professos do tempo da Filosofia, que residem em Rondinha, far\u00e3o a renova\u00e7\u00e3o no pr\u00f3ximo dia 8, solenidade da Imaculada Concei\u00e7\u00e3o de Maria.<\/p>\n<p>Na sua reflex\u00e3o, Frei Jorge partiu do Evangelho em que Jesus diz que a messe \u00e9 grande, mas os oper\u00e1rios s\u00e3o poucos. Pede que n\u00f3s rezemos para que o Senhor da messe mande oper\u00e1rios para realizar a colheita.<\/p>\n<p><img loading=\"lazy\" class=\"alignnone wp-image-235637 size-full\" src=\"https:\/\/franciscanos.org.br\/noticias\/wp-content\/uploads\/2021\/12\/renova_0412_3.jpg\" alt=\"\" width=\"1280\" height=\"853\" srcset=\"https:\/\/franciscanos.org.br\/noticias\/wp-content\/uploads\/2021\/12\/renova_0412_3.jpg 1280w, https:\/\/franciscanos.org.br\/noticias\/wp-content\/uploads\/2021\/12\/renova_0412_3-450x300.jpg 450w, https:\/\/franciscanos.org.br\/noticias\/wp-content\/uploads\/2021\/12\/renova_0412_3-1024x682.jpg 1024w, https:\/\/franciscanos.org.br\/noticias\/wp-content\/uploads\/2021\/12\/renova_0412_3-768x512.jpg 768w, https:\/\/franciscanos.org.br\/noticias\/wp-content\/uploads\/2021\/12\/renova_0412_3-150x100.jpg 150w\" sizes=\"(max-width: 1280px) 100vw, 1280px\" \/><\/p>\n<p>Segundo Frei Jorge, \u00e9 nessa for\u00e7a do seguimento de Jesus que depois os disc\u00edpulos v\u00e3o ser enviados para realizar uma grande obra de an\u00fancio da boa nova da salva\u00e7\u00e3o. &#8220;Ent\u00e3o, todos n\u00f3s, batizados, somos esses disc\u00edpulos, que somos chamados a permanecer juntos como Senhor. Permanecendo na Igreja de Jesus Cristo, na participa\u00e7\u00e3o dos sacramentos, buscando por uma vida espiritual, uma vida de ora\u00e7\u00e3o&#8221;, disse.<\/p>\n<p>Para o guardi\u00e3o, especialmente os &#8220;confrades que v\u00e3o renovar os votos&#8221;, fazem essa experi\u00eancia: permanecer com o Senhor, para depois tamb\u00e9m serem enviados. Ele tamb\u00e9m lembrou que mesmo os frades de profiss\u00e3o solene s\u00e3o chamados a entrar nesse movimento de renova\u00e7\u00e3o e de ora\u00e7\u00e3o -&#8216;Pedi ao dono da messe que envie trabalhadores para a sua colheita&#8217; &#8211; para &#8220;n\u00e3o esfriar e para que o Senhor continue enviando oper\u00e1rios para a sua messe&#8221;.<\/p>\n\n\t\t<style type=\"text\/css\">\n\t\t\t#gallery-1 {\n\t\t\t\tmargin: auto;\n\t\t\t}\n\t\t\t#gallery-1 .gallery-item {\n\t\t\t\tfloat: left;\n\t\t\t\tmargin-top: 10px;\n\t\t\t\ttext-align: center;\n\t\t\t\twidth: 16%;\n\t\t\t}\n\t\t\t#gallery-1 img {\n\t\t\t\tborder: 2px solid #cfcfcf;\n\t\t\t}\n\t\t\t#gallery-1 .gallery-caption {\n\t\t\t\tmargin-left: 0;\n\t\t\t}\n\t\t\t\/* see gallery_shortcode() in wp-includes\/media.php *\/\n\t\t<\/style>\n\t\t<div id='gallery-1' class='gallery galleryid-235633 gallery-columns-6 gallery-size-thumbnail'><dl class='gallery-item'>\n\t\t\t<dt class='gallery-icon landscape'>\n\t\t\t\t<a href='https:\/\/franciscanos.org.br\/noticias\/wp-content\/uploads\/2021\/12\/renova_01.jpg'><img width=\"300\" height=\"300\" src=\"https:\/\/franciscanos.org.br\/noticias\/wp-content\/uploads\/2021\/12\/renova_01-300x300.jpg\" class=\"attachment-thumbnail size-thumbnail\" alt=\"\" loading=\"lazy\" srcset=\"https:\/\/franciscanos.org.br\/noticias\/wp-content\/uploads\/2021\/12\/renova_01-300x300.jpg 300w, https:\/\/franciscanos.org.br\/noticias\/wp-content\/uploads\/2021\/12\/renova_01-100x100.jpg 100w\" sizes=\"(max-width: 300px) 100vw, 300px\" \/><\/a>\n\t\t\t<\/dt><\/dl><dl class='gallery-item'>\n\t\t\t<dt class='gallery-icon landscape'>\n\t\t\t\t<a href='https:\/\/franciscanos.org.br\/noticias\/wp-content\/uploads\/2021\/12\/renova_02.jpg'><img width=\"300\" height=\"300\" src=\"https:\/\/franciscanos.org.br\/noticias\/wp-content\/uploads\/2021\/12\/renova_02-300x300.jpg\" class=\"attachment-thumbnail size-thumbnail\" alt=\"\" loading=\"lazy\" srcset=\"https:\/\/franciscanos.org.br\/noticias\/wp-content\/uploads\/2021\/12\/renova_02-300x300.jpg 300w, https:\/\/franciscanos.org.br\/noticias\/wp-content\/uploads\/2021\/12\/renova_02-100x100.jpg 100w\" sizes=\"(max-width: 300px) 100vw, 300px\" \/><\/a>\n\t\t\t<\/dt><\/dl><dl class='gallery-item'>\n\t\t\t<dt class='gallery-icon landscape'>\n\t\t\t\t<a href='https:\/\/franciscanos.org.br\/noticias\/wp-content\/uploads\/2021\/12\/renova_03.jpg'><img width=\"300\" height=\"300\" src=\"https:\/\/franciscanos.org.br\/noticias\/wp-content\/uploads\/2021\/12\/renova_03-300x300.jpg\" class=\"attachment-thumbnail size-thumbnail\" alt=\"\" loading=\"lazy\" srcset=\"https:\/\/franciscanos.org.br\/noticias\/wp-content\/uploads\/2021\/12\/renova_03-300x300.jpg 300w, https:\/\/franciscanos.org.br\/noticias\/wp-content\/uploads\/2021\/12\/renova_03-100x100.jpg 100w\" sizes=\"(max-width: 300px) 100vw, 300px\" \/><\/a>\n\t\t\t<\/dt><\/dl><dl class='gallery-item'>\n\t\t\t<dt class='gallery-icon landscape'>\n\t\t\t\t<a href='https:\/\/franciscanos.org.br\/noticias\/wp-content\/uploads\/2021\/12\/renova_04.jpg'><img width=\"300\" height=\"300\" src=\"https:\/\/franciscanos.org.br\/noticias\/wp-content\/uploads\/2021\/12\/renova_04-300x300.jpg\" class=\"attachment-thumbnail size-thumbnail\" alt=\"\" loading=\"lazy\" srcset=\"https:\/\/franciscanos.org.br\/noticias\/wp-content\/uploads\/2021\/12\/renova_04-300x300.jpg 300w, https:\/\/franciscanos.org.br\/noticias\/wp-content\/uploads\/2021\/12\/renova_04-100x100.jpg 100w\" sizes=\"(max-width: 300px) 100vw, 300px\" \/><\/a>\n\t\t\t<\/dt><\/dl><dl class='gallery-item'>\n\t\t\t<dt class='gallery-icon landscape'>\n\t\t\t\t<a href='https:\/\/franciscanos.org.br\/noticias\/wp-content\/uploads\/2021\/12\/renova_05.jpg'><img width=\"300\" height=\"300\" src=\"https:\/\/franciscanos.org.br\/noticias\/wp-content\/uploads\/2021\/12\/renova_05-300x300.jpg\" class=\"attachment-thumbnail size-thumbnail\" alt=\"\" loading=\"lazy\" srcset=\"https:\/\/franciscanos.org.br\/noticias\/wp-content\/uploads\/2021\/12\/renova_05-300x300.jpg 300w, https:\/\/franciscanos.org.br\/noticias\/wp-content\/uploads\/2021\/12\/renova_05-100x100.jpg 100w\" sizes=\"(max-width: 300px) 100vw, 300px\" \/><\/a>\n\t\t\t<\/dt><\/dl><dl class='gallery-item'>\n\t\t\t<dt class='gallery-icon landscape'>\n\t\t\t\t<a href='https:\/\/franciscanos.org.br\/noticias\/wp-content\/uploads\/2021\/12\/renova_06.jpg'><img width=\"300\" height=\"300\" src=\"https:\/\/franciscanos.org.br\/noticias\/wp-content\/uploads\/2021\/12\/renova_06-300x300.jpg\" class=\"attachment-thumbnail size-thumbnail\" alt=\"\" loading=\"lazy\" srcset=\"https:\/\/franciscanos.org.br\/noticias\/wp-content\/uploads\/2021\/12\/renova_06-300x300.jpg 300w, https:\/\/franciscanos.org.br\/noticias\/wp-content\/uploads\/2021\/12\/renova_06-100x100.jpg 100w\" sizes=\"(max-width: 300px) 100vw, 300px\" \/><\/a>\n\t\t\t<\/dt><\/dl><br style=\"clear: both\" \/>\n\t\t<\/div>\n\n<p style=\"text-align: center;\"><em>(clique nas imagens para ampli\u00e1-las)<\/em><\/p>\n<p>Frei Jorge leu um texto da Primeira Vida de S\u00e3o Francisco, segundo Tom\u00e1s de Celano, cap\u00edtulo 29, que tem rela\u00e7\u00e3o com o Evangelho e esse momento celebrativo: &#8220;Por esse tempo, ingressou na Ordem um outro homem de bem, chegando a oito o n\u00famero de irm\u00e3os. Ent\u00e3o S\u00e3o Francisco chamou-os todos a si e, tendo-lhes falado muitas coisas sobre o reino de Deus, o desprezo do mundo, a abnega\u00e7\u00e3o da pr\u00f3pria vontade e a mortifica\u00e7\u00e3o do corpo, dividiu-os dois a dois pelas quatro partes do mundo e lhes disse: &#8216;Ide, car\u00edssimos, dois a dois, por todas as partes do mundo, anunciando aos homens a paz e a penit\u00eancia para a remiss\u00e3o dos pecados; sede pacientes na tribula\u00e7\u00e3o, confiando que o Senhor vai cumprir o que prop\u00f4s e prometeu. Aos que vos fizerem perguntas respondei com humildade, aos que vos perseguirem e caluniarem agradecei, porque atrav\u00e9s disso tudo nos est\u00e1 sendo preparado um reino eterno&#8217;. Recebendo o mandato da santa obedi\u00eancia com g\u00e1udio e muita alegria, eles se prostraram suplicantes diante de S\u00e3o Francisco. Ele os abra\u00e7ava e dizia com ternura e devo\u00e7\u00e3o a cada um: &#8216;P\u00f5e teus cuidados no Senhor e ele cuidar\u00e1 de ti&#8217; (Sl 54,23). Sempre repetia essas palavras quando transmitia alguma obedi\u00eancia aos irm\u00e3os&#8221;.<\/p>\n<p><img loading=\"lazy\" class=\"alignnone wp-image-235644 size-full\" src=\"https:\/\/franciscanos.org.br\/noticias\/wp-content\/uploads\/2021\/12\/renova_0412_2.jpg\" alt=\"\" width=\"1280\" height=\"853\" srcset=\"https:\/\/franciscanos.org.br\/noticias\/wp-content\/uploads\/2021\/12\/renova_0412_2.jpg 1280w, https:\/\/franciscanos.org.br\/noticias\/wp-content\/uploads\/2021\/12\/renova_0412_2-450x300.jpg 450w, https:\/\/franciscanos.org.br\/noticias\/wp-content\/uploads\/2021\/12\/renova_0412_2-1024x682.jpg 1024w, https:\/\/franciscanos.org.br\/noticias\/wp-content\/uploads\/2021\/12\/renova_0412_2-768x512.jpg 768w, https:\/\/franciscanos.org.br\/noticias\/wp-content\/uploads\/2021\/12\/renova_0412_2-150x100.jpg 150w\" sizes=\"(max-width: 1280px) 100vw, 1280px\" \/><\/p>\n<p>&#8220;Voc\u00eas s\u00e3o chamados a serem disc\u00edpulos de Nosso Senhor Jesus Cristo para viverem a penit\u00eancia, como ouvimos neste texto, a humildade e anunciar a paz, por palavras e pelo testemunho. E que a vossa consagra\u00e7\u00e3o possa tamb\u00e9m inspirar a todos n\u00f3s, para correspondermos sempre a gra\u00e7a do Senhor, derramada constantemente em nossos cora\u00e7\u00f5es. Que Maria interceda por todos n\u00f3s e, de modo especial, por aqueles que mais sofrem, para que todos sejamos sustentados pela gra\u00e7a do Senhor&#8221;, concluiu.<\/p>\n<p>Terminada a reflex\u00e3o, o mestre do tempo de Teologia, Frei Marcos Ant\u00f4nio de Andrade, chamou a cada um dos frades, que se postou diante do guardi\u00e3o Frei Jorge. Ent\u00e3o, todos fizeram o pedido de renova\u00e7\u00e3o dos votos e depois se comprometeram dizendo: \u201cFa\u00e7o voto a Deus Pai santo e todo-poderoso de viver por mais um ano, em obedi\u00eancia, sem nada de pr\u00f3prio e em castidade, ao mesmo tempo prometo observar a Regra dos Frades Menores\u201d.<\/p>\n<p>Agora, os frades estudantes fazem est\u00e1gio pastoral nas Par\u00f3quias e Conventos da Prov\u00edncia e depois t\u00eam um tempo de f\u00e9rias para passar com os familiares. Retornam para iniciarem novo ano letivo em fevereiro.<\/p>\n<hr \/>\n<p><em>Frei Augusto Luiz Gabriel\u00a0<\/em><\/p>\n","protected":false},"excerpt":{"rendered":"<p>Renova\u00e7\u00e3o dos Votos dos Frades do tempo de Teologia<\/p>\n","protected":false},"author":3,"featured_media":235635,"comment_status":"open","ping_status":"open","sticky":false,"template":"","format":"standard","meta":[],"categories":[1],"tags":[1152],"acf":[],"yoast_head":"<!-- This site is optimized with the Yoast SEO plugin v19.2 - https:\/\/yoast.com\/wordpress\/plugins\/seo\/ -->\n<title>Renova\u00e7\u00e3o dos Votos na Teologia: \u201cP\u00f5e teus cuidados no Senhor e ele cuidar\u00e1 de ti\u201d - Not\u00edcias - Franciscanos<\/title>\n<meta name=\"robots\" content=\"index, follow, max-snippet:-1, max-image-preview:large, max-video-preview:-1\" \/>\n<link rel=\"canonical\" href=\"https:\/\/franciscanos.org.br\/noticias\/renovacao-dos-votos-na-teologia-poe-teus-cuidados-no-senhor-e-ele-cuidara-de-ti.html\" \/>\n<meta property=\"og:locale\" content=\"pt_BR\" \/>\n<meta property=\"og:type\" content=\"article\" \/>\n<meta property=\"og:title\" content=\"Renova\u00e7\u00e3o dos Votos na Teologia: \u201cP\u00f5e teus cuidados no Senhor e ele cuidar\u00e1 de ti\u201d - Not\u00edcias - Franciscanos\" \/>\n<meta property=\"og:description\" content=\"Renova\u00e7\u00e3o dos Votos dos Frades do tempo de Teologia\" \/>\n<meta property=\"og:url\" content=\"https:\/\/franciscanos.org.br\/noticias\/renovacao-dos-votos-na-teologia-poe-teus-cuidados-no-senhor-e-ele-cuidara-de-ti.html\" \/>\n<meta property=\"og:site_name\" content=\"Not\u00edcias - Franciscanos\" \/>\n<meta property=\"article:published_time\" content=\"2021-12-04T13:05:30+00:00\" \/>\n<meta property=\"article:modified_time\" content=\"2023-01-03T17:52:11+00:00\" \/>\n<meta property=\"og:image\" content=\"https:\/\/franciscanos.org.br\/noticias\/wp-content\/uploads\/2021\/12\/renova_0412d.jpg\" \/>\n\t<meta property=\"og:image:width\" content=\"800\" \/>\n\t<meta property=\"og:image:height\" content=\"550\" \/>\n\t<meta property=\"og:image:type\" content=\"image\/jpeg\" \/>\n<meta name=\"author\" content=\"moacir\" \/>\n<meta name=\"twitter:card\" content=\"summary_large_image\" \/>\n<meta name=\"twitter:label1\" content=\"Escrito por\" \/>\n\t<meta name=\"twitter:data1\" content=\"moacir\" \/>\n\t<meta name=\"twitter:label2\" content=\"Est. tempo de leitura\" \/>\n\t<meta name=\"twitter:data2\" content=\"4 minutos\" \/>\n<script type=\"application\/ld+json\" class=\"yoast-schema-graph\">{\"@context\":\"https:\/\/schema.org\",\"@graph\":[{\"@type\":\"WebSite\",\"@id\":\"https:\/\/franciscanos.org.br\/noticias\/#website\",\"url\":\"https:\/\/franciscanos.org.br\/noticias\/\",\"name\":\"Not\u00edcias - Franciscanos\",\"description\":\"Prov\u00edncia Franciscana da Imaculada Concei\u00e7\u00e3o do Brasil - Ordem dos Frades Menores - OFM\",\"potentialAction\":[{\"@type\":\"SearchAction\",\"target\":{\"@type\":\"EntryPoint\",\"urlTemplate\":\"https:\/\/franciscanos.org.br\/noticias\/?s={search_term_string}\"},\"query-input\":\"required name=search_term_string\"}],\"inLanguage\":\"pt-BR\"},{\"@type\":\"ImageObject\",\"inLanguage\":\"pt-BR\",\"@id\":\"https:\/\/franciscanos.org.br\/noticias\/renovacao-dos-votos-na-teologia-poe-teus-cuidados-no-senhor-e-ele-cuidara-de-ti.html#primaryimage\",\"url\":\"https:\/\/franciscanos.org.br\/noticias\/wp-content\/uploads\/2021\/12\/renova_0412d.jpg\",\"contentUrl\":\"https:\/\/franciscanos.org.br\/noticias\/wp-content\/uploads\/2021\/12\/renova_0412d.jpg\",\"width\":800,\"height\":550},{\"@type\":\"WebPage\",\"@id\":\"https:\/\/franciscanos.org.br\/noticias\/renovacao-dos-votos-na-teologia-poe-teus-cuidados-no-senhor-e-ele-cuidara-de-ti.html#webpage\",\"url\":\"https:\/\/franciscanos.org.br\/noticias\/renovacao-dos-votos-na-teologia-poe-teus-cuidados-no-senhor-e-ele-cuidara-de-ti.html\",\"name\":\"Renova\u00e7\u00e3o dos Votos na Teologia: \u201cP\u00f5e teus cuidados no Senhor e ele cuidar\u00e1 de ti\u201d - Not\u00edcias - Franciscanos\",\"isPartOf\":{\"@id\":\"https:\/\/franciscanos.org.br\/noticias\/#website\"},\"primaryImageOfPage\":{\"@id\":\"https:\/\/franciscanos.org.br\/noticias\/renovacao-dos-votos-na-teologia-poe-teus-cuidados-no-senhor-e-ele-cuidara-de-ti.html#primaryimage\"},\"datePublished\":\"2021-12-04T13:05:30+00:00\",\"dateModified\":\"2023-01-03T17:52:11+00:00\",\"author\":{\"@id\":\"https:\/\/franciscanos.org.br\/noticias\/#\/schema\/person\/b5c8cba458c330ccff548b056e95a5d4\"},\"breadcrumb\":{\"@id\":\"https:\/\/franciscanos.org.br\/noticias\/renovacao-dos-votos-na-teologia-poe-teus-cuidados-no-senhor-e-ele-cuidara-de-ti.html#breadcrumb\"},\"inLanguage\":\"pt-BR\",\"potentialAction\":[{\"@type\":\"ReadAction\",\"target\":[\"https:\/\/franciscanos.org.br\/noticias\/renovacao-dos-votos-na-teologia-poe-teus-cuidados-no-senhor-e-ele-cuidara-de-ti.html\"]}]},{\"@type\":\"BreadcrumbList\",\"@id\":\"https:\/\/franciscanos.org.br\/noticias\/renovacao-dos-votos-na-teologia-poe-teus-cuidados-no-senhor-e-ele-cuidara-de-ti.html#breadcrumb\",\"itemListElement\":[{\"@type\":\"ListItem\",\"position\":1,\"name\":\"Home\",\"item\":\"https:\/\/franciscanos.org.br\/noticias\"},{\"@type\":\"ListItem\",\"position\":2,\"name\":\"Renova\u00e7\u00e3o dos Votos na Teologia: \u201cP\u00f5e teus cuidados no Senhor e ele cuidar\u00e1 de ti\u201d\"}]},{\"@type\":\"Person\",\"@id\":\"https:\/\/franciscanos.org.br\/noticias\/#\/schema\/person\/b5c8cba458c330ccff548b056e95a5d4\",\"name\":\"moacir\",\"image\":{\"@type\":\"ImageObject\",\"inLanguage\":\"pt-BR\",\"@id\":\"https:\/\/franciscanos.org.br\/noticias\/#\/schema\/person\/image\/\",\"url\":\"https:\/\/secure.gravatar.com\/avatar\/d08aa2ce4c8dd416d4479aa8536fcf64?s=96&d=mm&r=g\",\"contentUrl\":\"https:\/\/secure.gravatar.com\/avatar\/d08aa2ce4c8dd416d4479aa8536fcf64?s=96&d=mm&r=g\",\"caption\":\"moacir\"},\"url\":\"https:\/\/franciscanos.org.br\/noticias\/author\/moacir\"}]}<\/script>\n<!-- \/ Yoast SEO plugin. -->","yoast_head_json":{"title":"Renova\u00e7\u00e3o dos Votos na Teologia: \u201cP\u00f5e teus cuidados no Senhor e ele cuidar\u00e1 de ti\u201d - Not\u00edcias - Franciscanos","robots":{"index":"index","follow":"follow","max-snippet":"max-snippet:-1","max-image-preview":"max-image-preview:large","max-video-preview":"max-video-preview:-1"},"canonical":"https:\/\/franciscanos.org.br\/noticias\/renovacao-dos-votos-na-teologia-poe-teus-cuidados-no-senhor-e-ele-cuidara-de-ti.html","og_locale":"pt_BR","og_type":"article","og_title":"Renova\u00e7\u00e3o dos Votos na Teologia: \u201cP\u00f5e teus cuidados no Senhor e ele cuidar\u00e1 de ti\u201d - Not\u00edcias - Franciscanos","og_description":"Renova\u00e7\u00e3o dos Votos dos Frades do tempo de Teologia","og_url":"https:\/\/franciscanos.org.br\/noticias\/renovacao-dos-votos-na-teologia-poe-teus-cuidados-no-senhor-e-ele-cuidara-de-ti.html","og_site_name":"Not\u00edcias - Franciscanos","article_published_time":"2021-12-04T13:05:30+00:00","article_modified_time":"2023-01-03T17:52:11+00:00","og_image":[{"width":800,"height":550,"url":"https:\/\/franciscanos.org.br\/noticias\/wp-content\/uploads\/2021\/12\/renova_0412d.jpg","type":"image\/jpeg"}],"author":"moacir","twitter_card":"summary_large_image","twitter_misc":{"Escrito por":"moacir","Est. tempo de leitura":"4 minutos"},"schema":{"@context":"https:\/\/schema.org","@graph":[{"@type":"WebSite","@id":"https:\/\/franciscanos.org.br\/noticias\/#website","url":"https:\/\/franciscanos.org.br\/noticias\/","name":"Not\u00edcias - Franciscanos","description":"Prov\u00edncia Franciscana da Imaculada Concei\u00e7\u00e3o do Brasil - Ordem dos Frades Menores - OFM","potentialAction":[{"@type":"SearchAction","target":{"@type":"EntryPoint","urlTemplate":"https:\/\/franciscanos.org.br\/noticias\/?s={search_term_string}"},"query-input":"required name=search_term_string"}],"inLanguage":"pt-BR"},{"@type":"ImageObject","inLanguage":"pt-BR","@id":"https:\/\/franciscanos.org.br\/noticias\/renovacao-dos-votos-na-teologia-poe-teus-cuidados-no-senhor-e-ele-cuidara-de-ti.html#primaryimage","url":"https:\/\/franciscanos.org.br\/noticias\/wp-content\/uploads\/2021\/12\/renova_0412d.jpg","contentUrl":"https:\/\/franciscanos.org.br\/noticias\/wp-content\/uploads\/2021\/12\/renova_0412d.jpg","width":800,"height":550},{"@type":"WebPage","@id":"https:\/\/franciscanos.org.br\/noticias\/renovacao-dos-votos-na-teologia-poe-teus-cuidados-no-senhor-e-ele-cuidara-de-ti.html#webpage","url":"https:\/\/franciscanos.org.br\/noticias\/renovacao-dos-votos-na-teologia-poe-teus-cuidados-no-senhor-e-ele-cuidara-de-ti.html","name":"Renova\u00e7\u00e3o dos Votos na Teologia: \u201cP\u00f5e teus cuidados no Senhor e ele cuidar\u00e1 de ti\u201d - Not\u00edcias - Franciscanos","isPartOf":{"@id":"https:\/\/franciscanos.org.br\/noticias\/#website"},"primaryImageOfPage":{"@id":"https:\/\/franciscanos.org.br\/noticias\/renovacao-dos-votos-na-teologia-poe-teus-cuidados-no-senhor-e-ele-cuidara-de-ti.html#primaryimage"},"datePublished":"2021-12-04T13:05:30+00:00","dateModified":"2023-01-03T17:52:11+00:00","author":{"@id":"https:\/\/franciscanos.org.br\/noticias\/#\/schema\/person\/b5c8cba458c330ccff548b056e95a5d4"},"breadcrumb":{"@id":"https:\/\/franciscanos.org.br\/noticias\/renovacao-dos-votos-na-teologia-poe-teus-cuidados-no-senhor-e-ele-cuidara-de-ti.html#breadcrumb"},"inLanguage":"pt-BR","potentialAction":[{"@type":"ReadAction","target":["https:\/\/franciscanos.org.br\/noticias\/renovacao-dos-votos-na-teologia-poe-teus-cuidados-no-senhor-e-ele-cuidara-de-ti.html"]}]},{"@type":"BreadcrumbList","@id":"https:\/\/franciscanos.org.br\/noticias\/renovacao-dos-votos-na-teologia-poe-teus-cuidados-no-senhor-e-ele-cuidara-de-ti.html#breadcrumb","itemListElement":[{"@type":"ListItem","position":1,"name":"Home","item":"https:\/\/franciscanos.org.br\/noticias"},{"@type":"ListItem","position":2,"name":"Renova\u00e7\u00e3o dos Votos na Teologia: \u201cP\u00f5e teus cuidados no Senhor e ele cuidar\u00e1 de ti\u201d"}]},{"@type":"Person","@id":"https:\/\/franciscanos.org.br\/noticias\/#\/schema\/person\/b5c8cba458c330ccff548b056e95a5d4","name":"moacir","image":{"@type":"ImageObject","inLanguage":"pt-BR","@id":"https:\/\/franciscanos.org.br\/noticias\/#\/schema\/person\/image\/","url":"https:\/\/secure.gravatar.com\/avatar\/d08aa2ce4c8dd416d4479aa8536fcf64?s=96&d=mm&r=g","contentUrl":"https:\/\/secure.gravatar.com\/avatar\/d08aa2ce4c8dd416d4479aa8536fcf64?s=96&d=mm&r=g","caption":"moacir"},"url":"https:\/\/franciscanos.org.br\/noticias\/author\/moacir"}]}},"_links":{"self":[{"href":"https:\/\/franciscanos.org.br\/noticias\/wp-json\/wp\/v2\/posts\/235633"}],"collection":[{"href":"https:\/\/franciscanos.org.br\/noticias\/wp-json\/wp\/v2\/posts"}],"about":[{"href":"https:\/\/franciscanos.org.br\/noticias\/wp-json\/wp\/v2\/types\/post"}],"author":[{"embeddable":true,"href":"https:\/\/franciscanos.org.br\/noticias\/wp-json\/wp\/v2\/users\/3"}],"replies":[{"embeddable":true,"href":"https:\/\/franciscanos.org.br\/noticias\/wp-json\/wp\/v2\/comments?post=235633"}],"version-history":[{"count":5,"href":"https:\/\/franciscanos.org.br\/noticias\/wp-json\/wp\/v2\/posts\/235633\/revisions"}],"predecessor-version":[{"id":241558,"href":"https:\/\/franciscanos.org.br\/noticias\/wp-json\/wp\/v2\/posts\/235633\/revisions\/241558"}],"wp:featuredmedia":[{"embeddable":true,"href":"https:\/\/franciscanos.org.br\/noticias\/wp-json\/wp\/v2\/media\/235635"}],"wp:attachment":[{"href":"https:\/\/franciscanos.org.br\/noticias\/wp-json\/wp\/v2\/media?parent=235633"}],"wp:term":[{"taxonomy":"category","embeddable":true,"href":"https:\/\/franciscanos.org.br\/noticias\/wp-json\/wp\/v2\/categories?post=235633"},{"taxonomy":"post_tag","embeddable":true,"href":"https:\/\/franciscanos.org.br\/noticias\/wp-json\/wp\/v2\/tags?post=235633"}],"curies":[{"name":"wp","href":"https:\/\/api.w.org\/{rel}","templated":true}]}}