{"id":235625,"date":"2021-12-03T20:09:10","date_gmt":"2021-12-03T23:09:10","guid":{"rendered":"https:\/\/franciscanos.org.br\/noticias\/?p=235625"},"modified":"2021-12-03T20:09:10","modified_gmt":"2021-12-03T23:09:10","slug":"ano-jubilar-destaca-a-importancia-do-centro-filatelico-franciscano-em-petropolis","status":"publish","type":"post","link":"https:\/\/franciscanos.org.br\/noticias\/ano-jubilar-destaca-a-importancia-do-centro-filatelico-franciscano-em-petropolis.html","title":{"rendered":"Ano Jubilar destaca a import\u00e2ncia do Centro Filat\u00e9lico Franciscano em Petr\u00f3polis"},"content":{"rendered":"<p><img loading=\"lazy\" class=\"alignnone wp-image-235626 size-full\" src=\"https:\/\/franciscanos.org.br\/noticias\/wp-content\/uploads\/2021\/12\/jubileu_0312.jpg\" alt=\"\" width=\"1280\" height=\"720\" srcset=\"https:\/\/franciscanos.org.br\/noticias\/wp-content\/uploads\/2021\/12\/jubileu_0312.jpg 1280w, https:\/\/franciscanos.org.br\/noticias\/wp-content\/uploads\/2021\/12\/jubileu_0312-450x253.jpg 450w, https:\/\/franciscanos.org.br\/noticias\/wp-content\/uploads\/2021\/12\/jubileu_0312-1024x576.jpg 1024w, https:\/\/franciscanos.org.br\/noticias\/wp-content\/uploads\/2021\/12\/jubileu_0312-768x432.jpg 768w, https:\/\/franciscanos.org.br\/noticias\/wp-content\/uploads\/2021\/12\/jubileu_0312-150x84.jpg 150w\" sizes=\"(max-width: 1280px) 100vw, 1280px\" \/><\/p>\n<p><strong>Petr\u00f3polis (RJ) \u2013<\/strong> Na primeira-sexta-feira do m\u00eas (3\/12), dia em que a igreja celebra a devo\u00e7\u00e3o ao Sagrado Cora\u00e7\u00e3o de Jesus, os frades do Convento e da Par\u00f3quia do Sagrado Cora\u00e7\u00e3o de Jesus de Petr\u00f3polis deram continuidade \u00e0s celebra\u00e7\u00f5es do Ano Jubilar que desde fevereiro deste ano faz mem\u00f3ria dos 125 anos da chegada dos frades franciscanos vindos da Alemanha para Cidade Imperial e dos 75 anos de instala\u00e7\u00e3o da Par\u00f3quia do Sagrado.<\/p>\n<p>O guardi\u00e3o e p\u00e1roco Frei Jorge Paulo Schiavini presidiu a Celebra\u00e7\u00e3o Eucar\u00edstica das 18 horas no dia que a Igreja faz mem\u00f3ria de S\u00e3o Francisco Xavier e explicou que a tem\u00e1tica escolhida para o dia seria em torno do Centro Filat\u00e9lico Franciscano, criado h\u00e1 mais de 70 anos no Convento do Sagrado Cora\u00e7\u00e3o de Jesus. \u201cHoje, queremos trazer presente a longa hist\u00f3ria do Centro Filat\u00e9lico Franciscano, que faz parte da fraternidade Sagrado Cora\u00e7\u00e3o de Jesus\u201d, disse.<\/p>\n<p><img loading=\"lazy\" class=\"alignnone wp-image-235627 size-full\" src=\"https:\/\/franciscanos.org.br\/noticias\/wp-content\/uploads\/2021\/12\/jubileu_0312_4.jpg\" alt=\"\" width=\"1200\" height=\"800\" srcset=\"https:\/\/franciscanos.org.br\/noticias\/wp-content\/uploads\/2021\/12\/jubileu_0312_4.jpg 1200w, https:\/\/franciscanos.org.br\/noticias\/wp-content\/uploads\/2021\/12\/jubileu_0312_4-450x300.jpg 450w, https:\/\/franciscanos.org.br\/noticias\/wp-content\/uploads\/2021\/12\/jubileu_0312_4-1024x683.jpg 1024w, https:\/\/franciscanos.org.br\/noticias\/wp-content\/uploads\/2021\/12\/jubileu_0312_4-768x512.jpg 768w, https:\/\/franciscanos.org.br\/noticias\/wp-content\/uploads\/2021\/12\/jubileu_0312_4-150x100.jpg 150w\" sizes=\"(max-width: 1200px) 100vw, 1200px\" \/><\/p>\n<p>O p\u00e1roco explicou que a premissa que, com certeza, fez nascer o Centro Filat\u00e9lico Franciscano e que o orienta at\u00e9 hoje como meio de ajudar as miss\u00f5es franciscanas \u00e9 o de \u201cdar valor ao que n\u00e3o tem mais valor\u201d. Para ele, as diferentes formas de colaborar com a evangeliza\u00e7\u00e3o, tanto material quanto financeiramente, s\u00e3o, notoriamente, jeitos que o nosso cora\u00e7\u00e3o mostra e que entende como doa\u00e7\u00e3o. \u201c\u00c9, sim, tamb\u00e9m modos de ser \u2018Igreja em sa\u00edda\u2019\u201d, ressaltou.<\/p>\n<p>Desde a sua cria\u00e7\u00e3o, na d\u00e9cada de 1940, oficialmente em 1948, o objetivo do Centro Filat\u00e9lico Franciscano continua sendo o de auxiliar a Prov\u00edncia Franciscana da Imaculada Concei\u00e7\u00e3o do Brasil na manuten\u00e7\u00e3o das obras mission\u00e1rias pelo mundo, recebendo selos novos e usados e tamb\u00e9m cole\u00e7\u00f5es vindas de todo o Brasil e de outros pa\u00edses. Segundo Frei Jorge, os selos s\u00e3o vendidos a colecionadores e o valor \u00e9 aplicado nas diversas frentes de trabalho em que os frades franciscanos atuam na miss\u00e3o, como nas par\u00f3quias, projetos sociais, escolas, semin\u00e1rios, trabalhos de horticultura, entre outros.<\/p>\n<p><img loading=\"lazy\" class=\"alignnone wp-image-235629 size-full\" src=\"https:\/\/franciscanos.org.br\/noticias\/wp-content\/uploads\/2021\/12\/jubileu_0312_2.jpg\" alt=\"\" width=\"1200\" height=\"1294\" srcset=\"https:\/\/franciscanos.org.br\/noticias\/wp-content\/uploads\/2021\/12\/jubileu_0312_2.jpg 1002w, https:\/\/franciscanos.org.br\/noticias\/wp-content\/uploads\/2021\/12\/jubileu_0312_2-417x450.jpg 417w, https:\/\/franciscanos.org.br\/noticias\/wp-content\/uploads\/2021\/12\/jubileu_0312_2-950x1024.jpg 950w, https:\/\/franciscanos.org.br\/noticias\/wp-content\/uploads\/2021\/12\/jubileu_0312_2-768x828.jpg 768w, https:\/\/franciscanos.org.br\/noticias\/wp-content\/uploads\/2021\/12\/jubileu_0312_2-150x162.jpg 150w\" sizes=\"(max-width: 1200px) 100vw, 1200px\" \/><\/p>\n<p>Lembrou que no passador j\u00e1 ajudou as miss\u00f5es do Chile e no Mato Grosso (MT) e atualmente contribui efetivamente com a Funda\u00e7\u00e3o Imaculada M\u00e3e de Deus em Angola (FIMDA), na \u00c1frica e com a miss\u00e3o da Ilha do Maraj\u00f3 (PA). \u201cA Prov\u00edncia Franciscana est\u00e1 presente nas terras angolanas desde 1990. Com a ajuda tamb\u00e9m financeira, mant\u00e9m cinco fraternidades em quatro lugares: Luanda, Viana, Malange e Quibala, onde h\u00e1 projetos socio-educacionais e de forma\u00e7\u00e3o de novos frades, de fomento agr\u00edcola, al\u00e9m da aten\u00e7\u00e3o paroquial \u00e0 popula\u00e7\u00e3o\u201d, frisou e acrescentou: \u201cA realidade em Angola, talvez n\u00e3o diferente de muitos locais do Brasil, necessita de ajuda tanto material quanto espiritual, propiciando-se como lugar privilegiado de miss\u00e3o\u201d.<\/p>\n<p>O p\u00e1roco, tamb\u00e9m recordou da inspira\u00e7\u00e3o da espiritualidade franciscana de ir em miss\u00e3o. Segundo ele, S\u00e3o Francisco de Assis admoestava os frades para partirem para outros ambientes em miss\u00e3o, justamente onde est\u00e3o os mais empobrecidos, levando a Palavra de Deus.<\/p>\n<p>Frei Jorge explicou que os trabalhos que s\u00e3o realizados no Centro Filat\u00e9lico Franciscano v\u00e3o desde a triagem do material que chega, onde se observa a import\u00e2ncia de cada selo, em vista da venda direta aos colecionadores, at\u00e9 o atendimentos dos benfeitores. \u201cNossos frades estudantes do Tempo de Teologia t\u00eam o trabalho de identificar e valorizar os selos e os vender por peso. Em dias espec\u00edficos, os compradores os buscam pessoalmente. Para os que residem mais distantes, os selos s\u00e3o enviados via Correios. Os frades tamb\u00e9m mant\u00eam contato com os benfeitores atrav\u00e9s de e-mails, cartas e cart\u00f5es, enviando-lhes uma mensagem evangelizadora em \u00e9pocas fortes do ano como P\u00e1scoa e Natal\u201d, salientou.<\/p>\n<p><img loading=\"lazy\" class=\"alignnone size-full wp-image-235628\" src=\"https:\/\/franciscanos.org.br\/noticias\/wp-content\/uploads\/2021\/12\/jubileu_0312_3.jpg\" alt=\"\" width=\"1200\" height=\"800\" srcset=\"https:\/\/franciscanos.org.br\/noticias\/wp-content\/uploads\/2021\/12\/jubileu_0312_3.jpg 1200w, https:\/\/franciscanos.org.br\/noticias\/wp-content\/uploads\/2021\/12\/jubileu_0312_3-450x300.jpg 450w, https:\/\/franciscanos.org.br\/noticias\/wp-content\/uploads\/2021\/12\/jubileu_0312_3-1024x683.jpg 1024w, https:\/\/franciscanos.org.br\/noticias\/wp-content\/uploads\/2021\/12\/jubileu_0312_3-768x512.jpg 768w, https:\/\/franciscanos.org.br\/noticias\/wp-content\/uploads\/2021\/12\/jubileu_0312_3-150x100.jpg 150w\" sizes=\"(max-width: 1200px) 100vw, 1200px\" \/><\/p>\n<p>Os franciscanos atendem no Centro Filat\u00e9lico Franciscano duas vezes por semana, \u00e0s segundas e quintas-feiras, das 13h30 \u00e0s 16h. O contato com os benfeitores e os colecionadores de selos \u00e9 feito pessoalmente, pela internet ou por meio do telefone. \u201cNosso Centro j\u00e1 n\u00e3o \u00e9 t\u00e3o novo assim. Tem mais de 50 anos de exist\u00eancia, por isso, muitos j\u00e1 o frequentam com bastante regularidade\u201d, destacou. \u201cOs selos s\u00e3o portadores de conhecimento hist\u00f3rico-art\u00edstico e proporcionam lazer e passatempo aos colecionadores. Quanto mais antigo e conservado for um selo, de tiragem limitada ou escassa, mais valiosos ele ser\u00e1\u201d, sublinhou.<\/p>\n<p>\u201cNa celebra\u00e7\u00e3o de hoje, rendamos gra\u00e7as a Deus por todos aqueles que contribuem com o Centro Filat\u00e9lico enviando selos ou contribuindo com a aquisi\u00e7\u00e3o dos mesmos. Tamb\u00e9m rendamos gra\u00e7as a Deus por todos os freis que trabalham e pelas miss\u00f5es que s\u00e3o uma resposta ao an\u00fancio de Jesus Cristo de levar o Evangelho a todos\u201d, concluiu.<\/p>\n<p>Nas preces, a coordenadora da Renova\u00e7\u00e3o Carism\u00e1tica Cat\u00f3lica, Concei\u00e7\u00e3o Carius, rezou pelos frades franciscanos de todo mundo, \u201cpara que produzam abundantes frutos e sejam sempre a presen\u00e7a de Deus em nossas vidas\u201d. A assembleia reunida respondeu: \u201cSenhor, Deus da luz, ouvi-nos\u201d.<\/p>\n<p><img loading=\"lazy\" class=\"alignnone size-full wp-image-235631\" src=\"https:\/\/franciscanos.org.br\/noticias\/wp-content\/uploads\/2021\/12\/jubileu_0312_1.jpg\" alt=\"\" width=\"1280\" height=\"720\" srcset=\"https:\/\/franciscanos.org.br\/noticias\/wp-content\/uploads\/2021\/12\/jubileu_0312_1.jpg 1280w, https:\/\/franciscanos.org.br\/noticias\/wp-content\/uploads\/2021\/12\/jubileu_0312_1-450x253.jpg 450w, https:\/\/franciscanos.org.br\/noticias\/wp-content\/uploads\/2021\/12\/jubileu_0312_1-1024x576.jpg 1024w, https:\/\/franciscanos.org.br\/noticias\/wp-content\/uploads\/2021\/12\/jubileu_0312_1-768x432.jpg 768w, https:\/\/franciscanos.org.br\/noticias\/wp-content\/uploads\/2021\/12\/jubileu_0312_1-150x84.jpg 150w\" sizes=\"(max-width: 1280px) 100vw, 1280px\" \/><\/p>\n<p>A Santa Missa que foi transmitida pelo Facebook e YouTube do Sagrado e pela R\u00e1dio Imperial, seguiu todas as normas sanit\u00e1rias, agora com 100% de ocupa\u00e7\u00e3o, segundo o novo Decreto do Bispo Diocesano, Dom Greg\u00f3rio Paix\u00e3o, lan\u00e7ado nesta sexta-feira (3\/12), e contou com a presen\u00e7a das Irm\u00e3s Franciscanas de Nossa Senhora do Amparo, al\u00e9m de lideran\u00e7as de movimentos e pastorais. A Celebra\u00e7\u00e3o Eucar\u00edstica terminou com a solene b\u00ean\u00e7\u00e3o final. A pr\u00f3xima e pen\u00faltima missa do Ano Jubilar ser\u00e1 no dia 7 de janeiro de 2022. As celebra\u00e7\u00f5es v\u00e3o at\u00e9 dia 9 de fevereiro de 2022.<\/p>\n<p><strong>CONTRIBUA COM O CENTRO FILAT\u00c9LICO FRANCISCANO<\/strong><\/p>\n<p>Para colaborar, recorte os selos usados dos envelopes (deixe uma margem de papel ao redor) e envie para:<\/p>\n<p>Centro Filat\u00e9lico Franciscano<br \/>\nCaixa Postal 90023<br \/>\nCEP 25689-900 \u2013 Petr\u00f3polis \u2013 RJ<\/p>\n<p><em>Mais informa\u00e7\u00f5es:<\/em><br \/>\nE-mail:\u00a0filatelico@franciscanos.org.br<br \/>\nTel.:\u00a0(24) 2242-6915 (\u00e0s segundas e quintas-feiras)<br \/>\nFacebook:\u00a0<a href=\"https:\/\/web.facebook.com\/Centro-Filat%C3%A9lico-Franciscano-390146595044925\/?modal=admin_todo_tour\">Centro Filat\u00e9lico Franciscano<\/a><\/p>\n<hr \/>\n<p><em>Frei Augusto Luiz Gabriel<\/em><\/p>\n","protected":false},"excerpt":{"rendered":"<p>Ano Jubilar da Par\u00f3quia do Sagrado Cora\u00e7\u00e3o de Jesus<\/p>\n","protected":false},"author":3,"featured_media":235626,"comment_status":"open","ping_status":"open","sticky":false,"template":"","format":"standard","meta":[],"categories":[1],"tags":[1946],"acf":[],"yoast_head":"<!-- This site is optimized with the Yoast SEO plugin v19.2 - https:\/\/yoast.com\/wordpress\/plugins\/seo\/ -->\n<title>Ano Jubilar destaca a import\u00e2ncia do Centro Filat\u00e9lico Franciscano em Petr\u00f3polis - Not\u00edcias - Franciscanos<\/title>\n<meta name=\"robots\" content=\"index, follow, max-snippet:-1, max-image-preview:large, max-video-preview:-1\" \/>\n<link rel=\"canonical\" href=\"https:\/\/franciscanos.org.br\/noticias\/ano-jubilar-destaca-a-importancia-do-centro-filatelico-franciscano-em-petropolis.html\" \/>\n<meta property=\"og:locale\" content=\"pt_BR\" \/>\n<meta property=\"og:type\" content=\"article\" \/>\n<meta property=\"og:title\" content=\"Ano Jubilar destaca a import\u00e2ncia do Centro Filat\u00e9lico Franciscano em Petr\u00f3polis - Not\u00edcias - Franciscanos\" \/>\n<meta property=\"og:description\" content=\"Ano Jubilar da Par\u00f3quia do Sagrado Cora\u00e7\u00e3o de Jesus\" \/>\n<meta property=\"og:url\" content=\"https:\/\/franciscanos.org.br\/noticias\/ano-jubilar-destaca-a-importancia-do-centro-filatelico-franciscano-em-petropolis.html\" \/>\n<meta property=\"og:site_name\" content=\"Not\u00edcias - Franciscanos\" \/>\n<meta property=\"article:published_time\" content=\"2021-12-03T23:09:10+00:00\" \/>\n<meta property=\"og:image\" content=\"https:\/\/franciscanos.org.br\/noticias\/wp-content\/uploads\/2021\/12\/jubileu_0312.jpg\" \/>\n\t<meta property=\"og:image:width\" content=\"1280\" \/>\n\t<meta property=\"og:image:height\" content=\"720\" \/>\n\t<meta property=\"og:image:type\" content=\"image\/jpeg\" \/>\n<meta name=\"author\" content=\"moacir\" \/>\n<meta name=\"twitter:card\" content=\"summary_large_image\" \/>\n<meta name=\"twitter:label1\" content=\"Escrito por\" \/>\n\t<meta name=\"twitter:data1\" content=\"moacir\" \/>\n\t<meta name=\"twitter:label2\" content=\"Est. tempo de leitura\" \/>\n\t<meta name=\"twitter:data2\" content=\"5 minutos\" \/>\n<script type=\"application\/ld+json\" class=\"yoast-schema-graph\">{\"@context\":\"https:\/\/schema.org\",\"@graph\":[{\"@type\":\"WebSite\",\"@id\":\"https:\/\/franciscanos.org.br\/noticias\/#website\",\"url\":\"https:\/\/franciscanos.org.br\/noticias\/\",\"name\":\"Not\u00edcias - Franciscanos\",\"description\":\"Prov\u00edncia Franciscana da Imaculada Concei\u00e7\u00e3o do Brasil - Ordem dos Frades Menores - OFM\",\"potentialAction\":[{\"@type\":\"SearchAction\",\"target\":{\"@type\":\"EntryPoint\",\"urlTemplate\":\"https:\/\/franciscanos.org.br\/noticias\/?s={search_term_string}\"},\"query-input\":\"required name=search_term_string\"}],\"inLanguage\":\"pt-BR\"},{\"@type\":\"ImageObject\",\"inLanguage\":\"pt-BR\",\"@id\":\"https:\/\/franciscanos.org.br\/noticias\/ano-jubilar-destaca-a-importancia-do-centro-filatelico-franciscano-em-petropolis.html#primaryimage\",\"url\":\"https:\/\/franciscanos.org.br\/noticias\/wp-content\/uploads\/2021\/12\/jubileu_0312.jpg\",\"contentUrl\":\"https:\/\/franciscanos.org.br\/noticias\/wp-content\/uploads\/2021\/12\/jubileu_0312.jpg\",\"width\":1280,\"height\":720},{\"@type\":\"WebPage\",\"@id\":\"https:\/\/franciscanos.org.br\/noticias\/ano-jubilar-destaca-a-importancia-do-centro-filatelico-franciscano-em-petropolis.html#webpage\",\"url\":\"https:\/\/franciscanos.org.br\/noticias\/ano-jubilar-destaca-a-importancia-do-centro-filatelico-franciscano-em-petropolis.html\",\"name\":\"Ano Jubilar destaca a import\u00e2ncia do Centro Filat\u00e9lico Franciscano em Petr\u00f3polis - Not\u00edcias - Franciscanos\",\"isPartOf\":{\"@id\":\"https:\/\/franciscanos.org.br\/noticias\/#website\"},\"primaryImageOfPage\":{\"@id\":\"https:\/\/franciscanos.org.br\/noticias\/ano-jubilar-destaca-a-importancia-do-centro-filatelico-franciscano-em-petropolis.html#primaryimage\"},\"datePublished\":\"2021-12-03T23:09:10+00:00\",\"dateModified\":\"2021-12-03T23:09:10+00:00\",\"author\":{\"@id\":\"https:\/\/franciscanos.org.br\/noticias\/#\/schema\/person\/b5c8cba458c330ccff548b056e95a5d4\"},\"breadcrumb\":{\"@id\":\"https:\/\/franciscanos.org.br\/noticias\/ano-jubilar-destaca-a-importancia-do-centro-filatelico-franciscano-em-petropolis.html#breadcrumb\"},\"inLanguage\":\"pt-BR\",\"potentialAction\":[{\"@type\":\"ReadAction\",\"target\":[\"https:\/\/franciscanos.org.br\/noticias\/ano-jubilar-destaca-a-importancia-do-centro-filatelico-franciscano-em-petropolis.html\"]}]},{\"@type\":\"BreadcrumbList\",\"@id\":\"https:\/\/franciscanos.org.br\/noticias\/ano-jubilar-destaca-a-importancia-do-centro-filatelico-franciscano-em-petropolis.html#breadcrumb\",\"itemListElement\":[{\"@type\":\"ListItem\",\"position\":1,\"name\":\"Home\",\"item\":\"https:\/\/franciscanos.org.br\/noticias\"},{\"@type\":\"ListItem\",\"position\":2,\"name\":\"Ano Jubilar destaca a import\u00e2ncia do Centro Filat\u00e9lico Franciscano em Petr\u00f3polis\"}]},{\"@type\":\"Person\",\"@id\":\"https:\/\/franciscanos.org.br\/noticias\/#\/schema\/person\/b5c8cba458c330ccff548b056e95a5d4\",\"name\":\"moacir\",\"image\":{\"@type\":\"ImageObject\",\"inLanguage\":\"pt-BR\",\"@id\":\"https:\/\/franciscanos.org.br\/noticias\/#\/schema\/person\/image\/\",\"url\":\"https:\/\/secure.gravatar.com\/avatar\/d08aa2ce4c8dd416d4479aa8536fcf64?s=96&d=mm&r=g\",\"contentUrl\":\"https:\/\/secure.gravatar.com\/avatar\/d08aa2ce4c8dd416d4479aa8536fcf64?s=96&d=mm&r=g\",\"caption\":\"moacir\"},\"url\":\"https:\/\/franciscanos.org.br\/noticias\/author\/moacir\"}]}<\/script>\n<!-- \/ Yoast SEO plugin. -->","yoast_head_json":{"title":"Ano Jubilar destaca a import\u00e2ncia do Centro Filat\u00e9lico Franciscano em Petr\u00f3polis - Not\u00edcias - Franciscanos","robots":{"index":"index","follow":"follow","max-snippet":"max-snippet:-1","max-image-preview":"max-image-preview:large","max-video-preview":"max-video-preview:-1"},"canonical":"https:\/\/franciscanos.org.br\/noticias\/ano-jubilar-destaca-a-importancia-do-centro-filatelico-franciscano-em-petropolis.html","og_locale":"pt_BR","og_type":"article","og_title":"Ano Jubilar destaca a import\u00e2ncia do Centro Filat\u00e9lico Franciscano em Petr\u00f3polis - Not\u00edcias - Franciscanos","og_description":"Ano Jubilar da Par\u00f3quia do Sagrado Cora\u00e7\u00e3o de Jesus","og_url":"https:\/\/franciscanos.org.br\/noticias\/ano-jubilar-destaca-a-importancia-do-centro-filatelico-franciscano-em-petropolis.html","og_site_name":"Not\u00edcias - Franciscanos","article_published_time":"2021-12-03T23:09:10+00:00","og_image":[{"width":1280,"height":720,"url":"https:\/\/franciscanos.org.br\/noticias\/wp-content\/uploads\/2021\/12\/jubileu_0312.jpg","type":"image\/jpeg"}],"author":"moacir","twitter_card":"summary_large_image","twitter_misc":{"Escrito por":"moacir","Est. tempo de leitura":"5 minutos"},"schema":{"@context":"https:\/\/schema.org","@graph":[{"@type":"WebSite","@id":"https:\/\/franciscanos.org.br\/noticias\/#website","url":"https:\/\/franciscanos.org.br\/noticias\/","name":"Not\u00edcias - Franciscanos","description":"Prov\u00edncia Franciscana da Imaculada Concei\u00e7\u00e3o do Brasil - Ordem dos Frades Menores - OFM","potentialAction":[{"@type":"SearchAction","target":{"@type":"EntryPoint","urlTemplate":"https:\/\/franciscanos.org.br\/noticias\/?s={search_term_string}"},"query-input":"required name=search_term_string"}],"inLanguage":"pt-BR"},{"@type":"ImageObject","inLanguage":"pt-BR","@id":"https:\/\/franciscanos.org.br\/noticias\/ano-jubilar-destaca-a-importancia-do-centro-filatelico-franciscano-em-petropolis.html#primaryimage","url":"https:\/\/franciscanos.org.br\/noticias\/wp-content\/uploads\/2021\/12\/jubileu_0312.jpg","contentUrl":"https:\/\/franciscanos.org.br\/noticias\/wp-content\/uploads\/2021\/12\/jubileu_0312.jpg","width":1280,"height":720},{"@type":"WebPage","@id":"https:\/\/franciscanos.org.br\/noticias\/ano-jubilar-destaca-a-importancia-do-centro-filatelico-franciscano-em-petropolis.html#webpage","url":"https:\/\/franciscanos.org.br\/noticias\/ano-jubilar-destaca-a-importancia-do-centro-filatelico-franciscano-em-petropolis.html","name":"Ano Jubilar destaca a import\u00e2ncia do Centro Filat\u00e9lico Franciscano em Petr\u00f3polis - Not\u00edcias - Franciscanos","isPartOf":{"@id":"https:\/\/franciscanos.org.br\/noticias\/#website"},"primaryImageOfPage":{"@id":"https:\/\/franciscanos.org.br\/noticias\/ano-jubilar-destaca-a-importancia-do-centro-filatelico-franciscano-em-petropolis.html#primaryimage"},"datePublished":"2021-12-03T23:09:10+00:00","dateModified":"2021-12-03T23:09:10+00:00","author":{"@id":"https:\/\/franciscanos.org.br\/noticias\/#\/schema\/person\/b5c8cba458c330ccff548b056e95a5d4"},"breadcrumb":{"@id":"https:\/\/franciscanos.org.br\/noticias\/ano-jubilar-destaca-a-importancia-do-centro-filatelico-franciscano-em-petropolis.html#breadcrumb"},"inLanguage":"pt-BR","potentialAction":[{"@type":"ReadAction","target":["https:\/\/franciscanos.org.br\/noticias\/ano-jubilar-destaca-a-importancia-do-centro-filatelico-franciscano-em-petropolis.html"]}]},{"@type":"BreadcrumbList","@id":"https:\/\/franciscanos.org.br\/noticias\/ano-jubilar-destaca-a-importancia-do-centro-filatelico-franciscano-em-petropolis.html#breadcrumb","itemListElement":[{"@type":"ListItem","position":1,"name":"Home","item":"https:\/\/franciscanos.org.br\/noticias"},{"@type":"ListItem","position":2,"name":"Ano Jubilar destaca a import\u00e2ncia do Centro Filat\u00e9lico Franciscano em Petr\u00f3polis"}]},{"@type":"Person","@id":"https:\/\/franciscanos.org.br\/noticias\/#\/schema\/person\/b5c8cba458c330ccff548b056e95a5d4","name":"moacir","image":{"@type":"ImageObject","inLanguage":"pt-BR","@id":"https:\/\/franciscanos.org.br\/noticias\/#\/schema\/person\/image\/","url":"https:\/\/secure.gravatar.com\/avatar\/d08aa2ce4c8dd416d4479aa8536fcf64?s=96&d=mm&r=g","contentUrl":"https:\/\/secure.gravatar.com\/avatar\/d08aa2ce4c8dd416d4479aa8536fcf64?s=96&d=mm&r=g","caption":"moacir"},"url":"https:\/\/franciscanos.org.br\/noticias\/author\/moacir"}]}},"_links":{"self":[{"href":"https:\/\/franciscanos.org.br\/noticias\/wp-json\/wp\/v2\/posts\/235625"}],"collection":[{"href":"https:\/\/franciscanos.org.br\/noticias\/wp-json\/wp\/v2\/posts"}],"about":[{"href":"https:\/\/franciscanos.org.br\/noticias\/wp-json\/wp\/v2\/types\/post"}],"author":[{"embeddable":true,"href":"https:\/\/franciscanos.org.br\/noticias\/wp-json\/wp\/v2\/users\/3"}],"replies":[{"embeddable":true,"href":"https:\/\/franciscanos.org.br\/noticias\/wp-json\/wp\/v2\/comments?post=235625"}],"version-history":[{"count":1,"href":"https:\/\/franciscanos.org.br\/noticias\/wp-json\/wp\/v2\/posts\/235625\/revisions"}],"predecessor-version":[{"id":235632,"href":"https:\/\/franciscanos.org.br\/noticias\/wp-json\/wp\/v2\/posts\/235625\/revisions\/235632"}],"wp:featuredmedia":[{"embeddable":true,"href":"https:\/\/franciscanos.org.br\/noticias\/wp-json\/wp\/v2\/media\/235626"}],"wp:attachment":[{"href":"https:\/\/franciscanos.org.br\/noticias\/wp-json\/wp\/v2\/media?parent=235625"}],"wp:term":[{"taxonomy":"category","embeddable":true,"href":"https:\/\/franciscanos.org.br\/noticias\/wp-json\/wp\/v2\/categories?post=235625"},{"taxonomy":"post_tag","embeddable":true,"href":"https:\/\/franciscanos.org.br\/noticias\/wp-json\/wp\/v2\/tags?post=235625"}],"curies":[{"name":"wp","href":"https:\/\/api.w.org\/{rel}","templated":true}]}}