{"id":235614,"date":"2021-12-02T14:03:19","date_gmt":"2021-12-02T17:03:19","guid":{"rendered":"https:\/\/franciscanos.org.br\/noticias\/?p=235614"},"modified":"2021-12-02T18:30:55","modified_gmt":"2021-12-02T21:30:55","slug":"missao-de-angola-recebe-conteiner-do-amor","status":"publish","type":"post","link":"https:\/\/franciscanos.org.br\/noticias\/missao-de-angola-recebe-conteiner-do-amor.html","title":{"rendered":"Miss\u00e3o de Angola recebe \u201ccont\u00eainer do amor\u201d"},"content":{"rendered":"<p><img loading=\"lazy\" class=\"alignnone wp-image-235615 size-full\" src=\"https:\/\/franciscanos.org.br\/noticias\/wp-content\/uploads\/2021\/12\/conteiner_0212.png\" alt=\"\" width=\"901\" height=\"482\" srcset=\"https:\/\/franciscanos.org.br\/noticias\/wp-content\/uploads\/2021\/12\/conteiner_0212.png 901w, https:\/\/franciscanos.org.br\/noticias\/wp-content\/uploads\/2021\/12\/conteiner_0212-450x241.png 450w, https:\/\/franciscanos.org.br\/noticias\/wp-content\/uploads\/2021\/12\/conteiner_0212-768x411.png 768w, https:\/\/franciscanos.org.br\/noticias\/wp-content\/uploads\/2021\/12\/conteiner_0212-150x80.png 150w\" sizes=\"(max-width: 901px) 100vw, 901px\" \/><\/p>\n<p>Praticar a &#8220;Amorografia&#8221;, dentre outras coisas, tamb\u00e9m \u00e9 concentrar e direcionar nossa compaix\u00e3o sincera ao pr\u00f3ximo, principalmente para as pessoas que mais precisam, n\u00e3o importando a dist\u00e2ncia. E foi essa atitude humana, que envolveu centenas de colaboradores, alunos e seus familiares do Grupo Educacional Bom Jesus, que permitiu o envio de um cont\u00eainer com aproximadamente 19 toneladas de produtos de necessidade b\u00e1sica para pessoas em vulnerabilidade social atendidas pela Miss\u00e3o Franciscana em Angola.<\/p>\n<p>A Prov\u00edncia Franciscana da Imaculada Concei\u00e7\u00e3o do Brasil est\u00e1 presente em Angola desde 1990. Durante o ano passado e in\u00edcio deste foram reunidos materiais de estudo, computadores, vestu\u00e1rio de uso cotidiano, uniformes esportivos, camas, colch\u00f5es, cadeiras, carteiras, instrumentos musicais, alimentos n\u00e3o perec\u00edveis, entre outros materiais que ser\u00e3o distribu\u00eddos a comunidades menos favorecidas pela Prov\u00edncia da Imaculada Concei\u00e7\u00e3o.<\/p>\n<p>Toda a arrecada\u00e7\u00e3o foi enviada por meio de cont\u00eainer adquirido exclusivamente para o projeto e a a\u00e7\u00e3o contou com as empresas parceiras: FIL Group Brasil, TWS Comex, GTI Internacional, Phoods Ind\u00fastria de Alimentos, Delta Containers e NileDutch The Africa Connection.<\/p>\n<p>\u201cSomos muito gratos pela participa\u00e7\u00e3o volunt\u00e1ria dos nossos colaboradores e tamb\u00e9m pela parceria das empresas volunt\u00e1rias. Com certeza, esse pequeno gesto far\u00e1 uma grande diferen\u00e7a na vida de muitos irm\u00e3os angolanos. S\u00e3o atitudes como esta que falam mais do que palavras, que v\u00e3o al\u00e9m do discurso e trazem um aprendizado de humanidade para todos n\u00f3s\u201d, agradece o presidente do Grupo Educacional Bom Jesus, Frei Jo\u00e3o Mannes.<\/p>\n<p>Para saber mais sobre a miss\u00e3o em Angola, acesse o site da nossa Prov\u00edncia.<\/p>\n<p><strong>O QUE \u00c9 AMOROGRAFIA<\/strong><\/p>\n<p><iframe loading=\"lazy\" width=\"100%\" height=\"500\" src=\"https:\/\/www.youtube.com\/embed\/QvYPd5ilLUw\" title=\"YouTube video player\" frameborder=\"0\" allow=\"accelerometer; autoplay; clipboard-write; encrypted-media; gyroscope; picture-in-picture\" allowfullscreen><\/iframe><\/p>\n","protected":false},"excerpt":{"rendered":"<p>Grupo Educacional Bom Jesus<\/p>\n","protected":false},"author":3,"featured_media":235615,"comment_status":"open","ping_status":"open","sticky":false,"template":"","format":"standard","meta":[],"categories":[1],"tags":[1116],"acf":[],"yoast_head":"<!-- This site is optimized with the Yoast SEO plugin v19.2 - https:\/\/yoast.com\/wordpress\/plugins\/seo\/ -->\n<title>Miss\u00e3o de Angola recebe \u201ccont\u00eainer do amor\u201d - Not\u00edcias - Franciscanos<\/title>\n<meta name=\"robots\" content=\"index, follow, max-snippet:-1, max-image-preview:large, max-video-preview:-1\" \/>\n<link rel=\"canonical\" href=\"https:\/\/franciscanos.org.br\/noticias\/missao-de-angola-recebe-conteiner-do-amor.html\" \/>\n<meta property=\"og:locale\" content=\"pt_BR\" \/>\n<meta property=\"og:type\" content=\"article\" \/>\n<meta property=\"og:title\" content=\"Miss\u00e3o de Angola recebe \u201ccont\u00eainer do amor\u201d - Not\u00edcias - Franciscanos\" \/>\n<meta property=\"og:description\" content=\"Grupo Educacional Bom Jesus\" \/>\n<meta property=\"og:url\" content=\"https:\/\/franciscanos.org.br\/noticias\/missao-de-angola-recebe-conteiner-do-amor.html\" \/>\n<meta property=\"og:site_name\" content=\"Not\u00edcias - Franciscanos\" \/>\n<meta property=\"article:published_time\" content=\"2021-12-02T17:03:19+00:00\" \/>\n<meta property=\"article:modified_time\" content=\"2021-12-02T21:30:55+00:00\" \/>\n<meta property=\"og:image\" content=\"https:\/\/franciscanos.org.br\/noticias\/wp-content\/uploads\/2021\/12\/conteiner_0212.png\" \/>\n\t<meta property=\"og:image:width\" content=\"901\" \/>\n\t<meta property=\"og:image:height\" content=\"482\" \/>\n\t<meta property=\"og:image:type\" content=\"image\/png\" \/>\n<meta name=\"author\" content=\"moacir\" \/>\n<meta name=\"twitter:card\" content=\"summary_large_image\" \/>\n<meta name=\"twitter:label1\" content=\"Escrito por\" \/>\n\t<meta name=\"twitter:data1\" content=\"moacir\" \/>\n\t<meta name=\"twitter:label2\" content=\"Est. tempo de leitura\" \/>\n\t<meta name=\"twitter:data2\" content=\"1 minuto\" \/>\n<script type=\"application\/ld+json\" class=\"yoast-schema-graph\">{\"@context\":\"https:\/\/schema.org\",\"@graph\":[{\"@type\":\"WebSite\",\"@id\":\"https:\/\/franciscanos.org.br\/noticias\/#website\",\"url\":\"https:\/\/franciscanos.org.br\/noticias\/\",\"name\":\"Not\u00edcias - Franciscanos\",\"description\":\"Prov\u00edncia Franciscana da Imaculada Concei\u00e7\u00e3o do Brasil - Ordem dos Frades Menores - OFM\",\"potentialAction\":[{\"@type\":\"SearchAction\",\"target\":{\"@type\":\"EntryPoint\",\"urlTemplate\":\"https:\/\/franciscanos.org.br\/noticias\/?s={search_term_string}\"},\"query-input\":\"required name=search_term_string\"}],\"inLanguage\":\"pt-BR\"},{\"@type\":\"ImageObject\",\"inLanguage\":\"pt-BR\",\"@id\":\"https:\/\/franciscanos.org.br\/noticias\/missao-de-angola-recebe-conteiner-do-amor.html#primaryimage\",\"url\":\"https:\/\/franciscanos.org.br\/noticias\/wp-content\/uploads\/2021\/12\/conteiner_0212.png\",\"contentUrl\":\"https:\/\/franciscanos.org.br\/noticias\/wp-content\/uploads\/2021\/12\/conteiner_0212.png\",\"width\":901,\"height\":482},{\"@type\":\"WebPage\",\"@id\":\"https:\/\/franciscanos.org.br\/noticias\/missao-de-angola-recebe-conteiner-do-amor.html#webpage\",\"url\":\"https:\/\/franciscanos.org.br\/noticias\/missao-de-angola-recebe-conteiner-do-amor.html\",\"name\":\"Miss\u00e3o de Angola recebe \u201ccont\u00eainer do amor\u201d - Not\u00edcias - Franciscanos\",\"isPartOf\":{\"@id\":\"https:\/\/franciscanos.org.br\/noticias\/#website\"},\"primaryImageOfPage\":{\"@id\":\"https:\/\/franciscanos.org.br\/noticias\/missao-de-angola-recebe-conteiner-do-amor.html#primaryimage\"},\"datePublished\":\"2021-12-02T17:03:19+00:00\",\"dateModified\":\"2021-12-02T21:30:55+00:00\",\"author\":{\"@id\":\"https:\/\/franciscanos.org.br\/noticias\/#\/schema\/person\/b5c8cba458c330ccff548b056e95a5d4\"},\"breadcrumb\":{\"@id\":\"https:\/\/franciscanos.org.br\/noticias\/missao-de-angola-recebe-conteiner-do-amor.html#breadcrumb\"},\"inLanguage\":\"pt-BR\",\"potentialAction\":[{\"@type\":\"ReadAction\",\"target\":[\"https:\/\/franciscanos.org.br\/noticias\/missao-de-angola-recebe-conteiner-do-amor.html\"]}]},{\"@type\":\"BreadcrumbList\",\"@id\":\"https:\/\/franciscanos.org.br\/noticias\/missao-de-angola-recebe-conteiner-do-amor.html#breadcrumb\",\"itemListElement\":[{\"@type\":\"ListItem\",\"position\":1,\"name\":\"Home\",\"item\":\"https:\/\/franciscanos.org.br\/noticias\"},{\"@type\":\"ListItem\",\"position\":2,\"name\":\"Miss\u00e3o de Angola recebe \u201ccont\u00eainer do amor\u201d\"}]},{\"@type\":\"Person\",\"@id\":\"https:\/\/franciscanos.org.br\/noticias\/#\/schema\/person\/b5c8cba458c330ccff548b056e95a5d4\",\"name\":\"moacir\",\"image\":{\"@type\":\"ImageObject\",\"inLanguage\":\"pt-BR\",\"@id\":\"https:\/\/franciscanos.org.br\/noticias\/#\/schema\/person\/image\/\",\"url\":\"https:\/\/secure.gravatar.com\/avatar\/d08aa2ce4c8dd416d4479aa8536fcf64?s=96&d=mm&r=g\",\"contentUrl\":\"https:\/\/secure.gravatar.com\/avatar\/d08aa2ce4c8dd416d4479aa8536fcf64?s=96&d=mm&r=g\",\"caption\":\"moacir\"},\"url\":\"https:\/\/franciscanos.org.br\/noticias\/author\/moacir\"}]}<\/script>\n<!-- \/ Yoast SEO plugin. -->","yoast_head_json":{"title":"Miss\u00e3o de Angola recebe \u201ccont\u00eainer do amor\u201d - Not\u00edcias - Franciscanos","robots":{"index":"index","follow":"follow","max-snippet":"max-snippet:-1","max-image-preview":"max-image-preview:large","max-video-preview":"max-video-preview:-1"},"canonical":"https:\/\/franciscanos.org.br\/noticias\/missao-de-angola-recebe-conteiner-do-amor.html","og_locale":"pt_BR","og_type":"article","og_title":"Miss\u00e3o de Angola recebe \u201ccont\u00eainer do amor\u201d - Not\u00edcias - Franciscanos","og_description":"Grupo Educacional Bom Jesus","og_url":"https:\/\/franciscanos.org.br\/noticias\/missao-de-angola-recebe-conteiner-do-amor.html","og_site_name":"Not\u00edcias - Franciscanos","article_published_time":"2021-12-02T17:03:19+00:00","article_modified_time":"2021-12-02T21:30:55+00:00","og_image":[{"width":901,"height":482,"url":"https:\/\/franciscanos.org.br\/noticias\/wp-content\/uploads\/2021\/12\/conteiner_0212.png","type":"image\/png"}],"author":"moacir","twitter_card":"summary_large_image","twitter_misc":{"Escrito por":"moacir","Est. tempo de leitura":"1 minuto"},"schema":{"@context":"https:\/\/schema.org","@graph":[{"@type":"WebSite","@id":"https:\/\/franciscanos.org.br\/noticias\/#website","url":"https:\/\/franciscanos.org.br\/noticias\/","name":"Not\u00edcias - Franciscanos","description":"Prov\u00edncia Franciscana da Imaculada Concei\u00e7\u00e3o do Brasil - Ordem dos Frades Menores - OFM","potentialAction":[{"@type":"SearchAction","target":{"@type":"EntryPoint","urlTemplate":"https:\/\/franciscanos.org.br\/noticias\/?s={search_term_string}"},"query-input":"required name=search_term_string"}],"inLanguage":"pt-BR"},{"@type":"ImageObject","inLanguage":"pt-BR","@id":"https:\/\/franciscanos.org.br\/noticias\/missao-de-angola-recebe-conteiner-do-amor.html#primaryimage","url":"https:\/\/franciscanos.org.br\/noticias\/wp-content\/uploads\/2021\/12\/conteiner_0212.png","contentUrl":"https:\/\/franciscanos.org.br\/noticias\/wp-content\/uploads\/2021\/12\/conteiner_0212.png","width":901,"height":482},{"@type":"WebPage","@id":"https:\/\/franciscanos.org.br\/noticias\/missao-de-angola-recebe-conteiner-do-amor.html#webpage","url":"https:\/\/franciscanos.org.br\/noticias\/missao-de-angola-recebe-conteiner-do-amor.html","name":"Miss\u00e3o de Angola recebe \u201ccont\u00eainer do amor\u201d - Not\u00edcias - Franciscanos","isPartOf":{"@id":"https:\/\/franciscanos.org.br\/noticias\/#website"},"primaryImageOfPage":{"@id":"https:\/\/franciscanos.org.br\/noticias\/missao-de-angola-recebe-conteiner-do-amor.html#primaryimage"},"datePublished":"2021-12-02T17:03:19+00:00","dateModified":"2021-12-02T21:30:55+00:00","author":{"@id":"https:\/\/franciscanos.org.br\/noticias\/#\/schema\/person\/b5c8cba458c330ccff548b056e95a5d4"},"breadcrumb":{"@id":"https:\/\/franciscanos.org.br\/noticias\/missao-de-angola-recebe-conteiner-do-amor.html#breadcrumb"},"inLanguage":"pt-BR","potentialAction":[{"@type":"ReadAction","target":["https:\/\/franciscanos.org.br\/noticias\/missao-de-angola-recebe-conteiner-do-amor.html"]}]},{"@type":"BreadcrumbList","@id":"https:\/\/franciscanos.org.br\/noticias\/missao-de-angola-recebe-conteiner-do-amor.html#breadcrumb","itemListElement":[{"@type":"ListItem","position":1,"name":"Home","item":"https:\/\/franciscanos.org.br\/noticias"},{"@type":"ListItem","position":2,"name":"Miss\u00e3o de Angola recebe \u201ccont\u00eainer do amor\u201d"}]},{"@type":"Person","@id":"https:\/\/franciscanos.org.br\/noticias\/#\/schema\/person\/b5c8cba458c330ccff548b056e95a5d4","name":"moacir","image":{"@type":"ImageObject","inLanguage":"pt-BR","@id":"https:\/\/franciscanos.org.br\/noticias\/#\/schema\/person\/image\/","url":"https:\/\/secure.gravatar.com\/avatar\/d08aa2ce4c8dd416d4479aa8536fcf64?s=96&d=mm&r=g","contentUrl":"https:\/\/secure.gravatar.com\/avatar\/d08aa2ce4c8dd416d4479aa8536fcf64?s=96&d=mm&r=g","caption":"moacir"},"url":"https:\/\/franciscanos.org.br\/noticias\/author\/moacir"}]}},"_links":{"self":[{"href":"https:\/\/franciscanos.org.br\/noticias\/wp-json\/wp\/v2\/posts\/235614"}],"collection":[{"href":"https:\/\/franciscanos.org.br\/noticias\/wp-json\/wp\/v2\/posts"}],"about":[{"href":"https:\/\/franciscanos.org.br\/noticias\/wp-json\/wp\/v2\/types\/post"}],"author":[{"embeddable":true,"href":"https:\/\/franciscanos.org.br\/noticias\/wp-json\/wp\/v2\/users\/3"}],"replies":[{"embeddable":true,"href":"https:\/\/franciscanos.org.br\/noticias\/wp-json\/wp\/v2\/comments?post=235614"}],"version-history":[{"count":3,"href":"https:\/\/franciscanos.org.br\/noticias\/wp-json\/wp\/v2\/posts\/235614\/revisions"}],"predecessor-version":[{"id":235618,"href":"https:\/\/franciscanos.org.br\/noticias\/wp-json\/wp\/v2\/posts\/235614\/revisions\/235618"}],"wp:featuredmedia":[{"embeddable":true,"href":"https:\/\/franciscanos.org.br\/noticias\/wp-json\/wp\/v2\/media\/235615"}],"wp:attachment":[{"href":"https:\/\/franciscanos.org.br\/noticias\/wp-json\/wp\/v2\/media?parent=235614"}],"wp:term":[{"taxonomy":"category","embeddable":true,"href":"https:\/\/franciscanos.org.br\/noticias\/wp-json\/wp\/v2\/categories?post=235614"},{"taxonomy":"post_tag","embeddable":true,"href":"https:\/\/franciscanos.org.br\/noticias\/wp-json\/wp\/v2\/tags?post=235614"}],"curies":[{"name":"wp","href":"https:\/\/api.w.org\/{rel}","templated":true}]}}