{"id":235590,"date":"2021-11-30T15:10:42","date_gmt":"2021-11-30T18:10:42","guid":{"rendered":"https:\/\/franciscanos.org.br\/noticias\/?p=235590"},"modified":"2021-11-30T23:32:12","modified_gmt":"2021-12-01T02:32:12","slug":"ministro-provincial-pedeprofetismo","status":"publish","type":"post","link":"https:\/\/franciscanos.org.br\/noticias\/ministro-provincial-pedeprofetismo.html","title":{"rendered":"Ministro Provincial pede &#8220;profetismo da alegria&#8221; no encerramento do Cap\u00edtulo"},"content":{"rendered":"<p><img loading=\"lazy\" class=\"alignnone wp-image-235591 size-full\" src=\"https:\/\/franciscanos.org.br\/noticias\/wp-content\/uploads\/2021\/11\/posse_3011.jpg\" alt=\"\" width=\"1280\" height=\"719\" srcset=\"https:\/\/franciscanos.org.br\/noticias\/wp-content\/uploads\/2021\/11\/posse_3011.jpg 1280w, https:\/\/franciscanos.org.br\/noticias\/wp-content\/uploads\/2021\/11\/posse_3011-450x253.jpg 450w, https:\/\/franciscanos.org.br\/noticias\/wp-content\/uploads\/2021\/11\/posse_3011-1024x575.jpg 1024w, https:\/\/franciscanos.org.br\/noticias\/wp-content\/uploads\/2021\/11\/posse_3011-768x431.jpg 768w, https:\/\/franciscanos.org.br\/noticias\/wp-content\/uploads\/2021\/11\/posse_3011-150x84.jpg 150w\" sizes=\"(max-width: 1280px) 100vw, 1280px\" \/><\/p>\n<p><strong>Agudos (SP) <\/strong>\u2013 &#8220;Que n\u00f3s possamos nos dedicar a curar as feridas da nossa sociedade. E a\u00ed sugiro o profetismo da alegria. O profetismo da alegria \u00e9 a miss\u00e3o de cada um de n\u00f3s neste novo tempo que estamos vivendo&#8221;. Essa foi \u00a0uma das motiva\u00e7\u00f5es que o novo Ministro Provincial, Frei Paulo Roberto Pereira, presenteou os frades capitulares no encerramento do Cap\u00edtulo Provincial 2021, o grande encontro dos irm\u00e3os da Prov\u00edncia da Imaculada Concei\u00e7\u00e3o.<\/p>\n<p>A palavra &#8220;esperan\u00e7ar&#8221;, que foi muito ouvida nesses dias, foi a t\u00f4nica neste despedida de Agudos, depois de um momento celebrativo, simples, mas muito simb\u00f3lico e emocionante: a a Tomada de Posse do Vig\u00e1rio Provincial e Definidores na bela capela do Semin\u00e1rio Santo Ant\u00f4nio.<\/p>\n<p><img loading=\"lazy\" class=\"alignnone wp-image-235592 size-full\" src=\"https:\/\/franciscanos.org.br\/noticias\/wp-content\/uploads\/2021\/11\/posse_3011_1.jpg\" alt=\"\" width=\"1280\" height=\"1026\" srcset=\"https:\/\/franciscanos.org.br\/noticias\/wp-content\/uploads\/2021\/11\/posse_3011_1.jpg 1280w, https:\/\/franciscanos.org.br\/noticias\/wp-content\/uploads\/2021\/11\/posse_3011_1-450x361.jpg 450w, https:\/\/franciscanos.org.br\/noticias\/wp-content\/uploads\/2021\/11\/posse_3011_1-1024x821.jpg 1024w, https:\/\/franciscanos.org.br\/noticias\/wp-content\/uploads\/2021\/11\/posse_3011_1-768x616.jpg 768w, https:\/\/franciscanos.org.br\/noticias\/wp-content\/uploads\/2021\/11\/posse_3011_1-150x120.jpg 150w\" sizes=\"(max-width: 1280px) 100vw, 1280px\" \/><\/p>\n<p>O rito de posse teve in\u00edcio, \u00e0s 11 horas, com o presidente do Cap\u00edtulo, Frei C\u00e9sar K\u00fclkamp, e o Ministro Provincial, Frei Paulo Roberto Pereira, colocando-se em frente aos capitulares. O primeiro a ser confirmado pelo presidente do Cap\u00edtulo como eleito foi o Vig\u00e1rio Provincial, Frei Gustavo Medella, e, na sequ\u00eancia, os Definidores eleitos: Frei Fid\u00eancio Vanboemmel, Frei Jo\u00e3o Francisco da Silva, Frei Daniel Dellandrea, Frei Robson Luiz Scudela, Frei Alex Sandro Ciarnoscki e Frei Marco Ant\u00f4nio Andrade.<\/p>\n<p>Em seguida, todos os eleitos recitaram juntos a promessa de cumprir os deveres do cargo: \u201cCom o aux\u00edlio da Sant\u00edssima Trindade, da Imaculada Virgem Maria, de nosso Patriarca S\u00e3o Francisco, de todos os Santos e Santas da nossa Ordem, prometo cumprir fiel e zelosamente os santos deveres do meu cargo, que, pela bondade de Deus, me foram confiados em santa obedi\u00eancia, nesta nossa Prov\u00edncia Franciscana da Imaculada Concei\u00e7\u00e3o\u201d.<\/p>\n<p><strong> <img loading=\"lazy\" class=\"alignnone wp-image-235593 size-full\" src=\"https:\/\/franciscanos.org.br\/noticias\/wp-content\/uploads\/2021\/11\/posse_3011_2.jpg\" alt=\"\" width=\"1280\" height=\"853\" srcset=\"https:\/\/franciscanos.org.br\/noticias\/wp-content\/uploads\/2021\/11\/posse_3011_2.jpg 1280w, https:\/\/franciscanos.org.br\/noticias\/wp-content\/uploads\/2021\/11\/posse_3011_2-450x300.jpg 450w, https:\/\/franciscanos.org.br\/noticias\/wp-content\/uploads\/2021\/11\/posse_3011_2-1024x682.jpg 1024w, https:\/\/franciscanos.org.br\/noticias\/wp-content\/uploads\/2021\/11\/posse_3011_2-768x512.jpg 768w, https:\/\/franciscanos.org.br\/noticias\/wp-content\/uploads\/2021\/11\/posse_3011_2-150x100.jpg 150w\" sizes=\"(max-width: 1280px) 100vw, 1280px\" \/><\/strong><\/p>\n<p><strong>GRATID\u00c3O<\/strong><\/p>\n<p>Frei Paulo come\u00e7ou sua fala pelos agradecimentos. E o primeiro foi o Visitador e presidente do Cap\u00edtulo, Frei C\u00e9sar K\u00fclkamp, que teve &#8220;o seu mandato de seis anos interrompido por uma nova miss\u00e3o&#8221;, disse, j\u00e1 que Frei C\u00e9sar foi eleito Definidor Geral neste ano. &#8220;Por sua generosidade ressaltada foi escolhido para este servi\u00e7o. Pode ter certeza que seus bons prop\u00f3sitos, seus bons projetos, n\u00f3s vamos continuar levando adiante com a gra\u00e7a de Deus&#8221;, prometeu, pedindo uma salva de palmas a Frei C\u00e9sar.<\/p>\n<p>Depois, agradeceu e pediu palmas para Frei Fid\u00eancio nesse intervalo pequeno que esteve \u00e0 frente da Prov\u00edncia da Imaculada como Ministro Provincial. &#8220;Para n\u00f3s, que n\u00e3o estamos no Provincialado, sessenta dias \u00e9 um per\u00edodo muito curto, mas no dia a dia da Prov\u00edncia \u00e9 muito exigente. Com generosidade, o sr. ajudou a manter a Prov\u00edncia no rumo que estava sendo previsto. Nossa gratid\u00e3o tamb\u00e9m&#8221;, acrescentou.<\/p>\n<p><img loading=\"lazy\" class=\"alignnone wp-image-235594 size-full\" src=\"https:\/\/franciscanos.org.br\/noticias\/wp-content\/uploads\/2021\/11\/posse_3011_3.jpg\" alt=\"\" width=\"1280\" height=\"853\" srcset=\"https:\/\/franciscanos.org.br\/noticias\/wp-content\/uploads\/2021\/11\/posse_3011_3.jpg 1280w, https:\/\/franciscanos.org.br\/noticias\/wp-content\/uploads\/2021\/11\/posse_3011_3-450x300.jpg 450w, https:\/\/franciscanos.org.br\/noticias\/wp-content\/uploads\/2021\/11\/posse_3011_3-1024x682.jpg 1024w, https:\/\/franciscanos.org.br\/noticias\/wp-content\/uploads\/2021\/11\/posse_3011_3-768x512.jpg 768w, https:\/\/franciscanos.org.br\/noticias\/wp-content\/uploads\/2021\/11\/posse_3011_3-150x100.jpg 150w\" sizes=\"(max-width: 1280px) 100vw, 1280px\" \/><\/p>\n<p>Frei Paulo tamb\u00e9m agradeceu aos Definidores que fizeram parte do \u00faltimo tri\u00eanio: &#8220;Nossa gratid\u00e3o ao Frei M\u00e1rio Tagliari, ao Frei Jo\u00e3o Mannes e Frei Alexandre Magno pela conviv\u00eancia e dedica\u00e7\u00e3o aos anseios da Prov\u00edncia. Recebam nossa gratid\u00e3o e preces&#8221;.<\/p>\n<p>&#8220;N\u00f3s todos viemos para Agudos para fazer uma revis\u00e3o da nossa vida, mas sobretudo para projetar o nosso olhar. E o que nos move \u00e9 o desejo de integralidade. N\u00f3s vivemos fragilidades, limites, dores, experimentamos finitude e morte. Mas nosso desejo \u00e9 viver integralmente. N\u00f3s temos saudade do lugar que viemos. N\u00f3s viemos do Para\u00edso. N\u00f3s nascemos e vivemos para Deus e estamos retornando nesse itiner\u00e1rio. N\u00f3s, ent\u00e3o, devemos a cada tempo, renovar a disposi\u00e7\u00e3o do nosso olhar. Por isso viemos aqui esses dias. E aqui n\u00f3s rezamos com muita qualidade. Essa igreja, o \u00f3rg\u00e3o, os cantos, as preces, nos fizeram rezar com qualidade. Por isso, gratid\u00e3o \u00e0 equipe que se esfor\u00e7ou em preparar os momentos lit\u00fargicos&#8221;, disse.<\/p>\n<p><img loading=\"lazy\" class=\"alignnone wp-image-235595 size-full\" src=\"https:\/\/franciscanos.org.br\/noticias\/wp-content\/uploads\/2021\/11\/posse_3011_4.jpg\" alt=\"\" width=\"1280\" height=\"853\" srcset=\"https:\/\/franciscanos.org.br\/noticias\/wp-content\/uploads\/2021\/11\/posse_3011_4.jpg 1280w, https:\/\/franciscanos.org.br\/noticias\/wp-content\/uploads\/2021\/11\/posse_3011_4-450x300.jpg 450w, https:\/\/franciscanos.org.br\/noticias\/wp-content\/uploads\/2021\/11\/posse_3011_4-1024x682.jpg 1024w, https:\/\/franciscanos.org.br\/noticias\/wp-content\/uploads\/2021\/11\/posse_3011_4-768x512.jpg 768w, https:\/\/franciscanos.org.br\/noticias\/wp-content\/uploads\/2021\/11\/posse_3011_4-150x100.jpg 150w\" sizes=\"(max-width: 1280px) 100vw, 1280px\" \/><\/p>\n<p>Pelas sess\u00f5es intensas e dedicadas do Cap\u00edtulo agradeceu \u00e0 Comiss\u00e3o Preparat\u00f3ria e pelo sustento e acolhimento no Semin\u00e1rio agradeceu ao guardi\u00e3o da Fraternidade de Agudos, Frei James Neto, e na pessoa dele todos os demais confrades e colaboradores. &#8220;N\u00f3s sentimos bem em Agudos. N\u00f3s reencontramos os irm\u00e3os e isso \u00e9 revigorante. Tenho certeza que todos fizeram essa experi\u00eancia. Logo que chegamos fomos cumprimentando a todos com muita alegria. N\u00f3s gostamos de ser frades menores. N\u00f3s gostamos de pertencer a esta Prov\u00edncia da Imaculada Concei\u00e7\u00e3o do Brasil. N\u00f3s gostamos de ser irm\u00e3os e o encontro \u00e9 revigorante&#8221;, enfatizou.<\/p>\n<p>&#8220;E tamb\u00e9m conhecemos novos irm\u00e3os, conhecemos alguns que foram ao longo do tempo introduzidos na nossa caminhada, e deles recebemos renovado vigor. S\u00e3o Francisco anunciou que queria ter sempre um novi\u00e7o ao seu lado como seu superior, n\u00e3o s\u00f3 para fazer a experi\u00eancia da humildade, necess\u00e1ria, mas para indicar o caminho desse revigoramento que a gente pode observar quando estamos convivendo. E esse Cap\u00edtulo teve a marca da juventude: os professos simples, grande parte dos frades professos solenes jovens, cheios de vigor. N\u00e3o faltem vigor e sonhos na juventude! A presen\u00e7a do novi\u00e7o Caio entre n\u00f3s. Muito obrigado a ele e aos irm\u00e3os postulantes que, carregados de sonhos, nos ajudam a sonhar. Eles tamb\u00e9m merecem uma salva de palmas&#8221;, pediu Frei Paulo.<\/p>\n<p><img loading=\"lazy\" class=\"alignnone wp-image-235596 size-full\" src=\"https:\/\/franciscanos.org.br\/noticias\/wp-content\/uploads\/2021\/11\/posse_3011_6.jpg\" alt=\"\" width=\"1280\" height=\"719\" srcset=\"https:\/\/franciscanos.org.br\/noticias\/wp-content\/uploads\/2021\/11\/posse_3011_6.jpg 1280w, https:\/\/franciscanos.org.br\/noticias\/wp-content\/uploads\/2021\/11\/posse_3011_6-450x253.jpg 450w, https:\/\/franciscanos.org.br\/noticias\/wp-content\/uploads\/2021\/11\/posse_3011_6-1024x575.jpg 1024w, https:\/\/franciscanos.org.br\/noticias\/wp-content\/uploads\/2021\/11\/posse_3011_6-768x431.jpg 768w, https:\/\/franciscanos.org.br\/noticias\/wp-content\/uploads\/2021\/11\/posse_3011_6-150x84.jpg 150w\" sizes=\"(max-width: 1280px) 100vw, 1280px\" \/><\/p>\n<p><strong>PRIORIDADES<\/strong><\/p>\n<p>&#8220;Rezamos, trabalhamos, corremos, comemos, conhecemos e at\u00e9 cuidamos dos enfermos. Houve algumas interfer\u00eancias, mas tamb\u00e9m houve o cuidado dos irm\u00e3os, como a Frei Jorge para consertar a clav\u00edcula. N\u00f3s somos cuidadosos uns com os outros. Isso \u00e9 muito bom. Nos alimentamos de fraternidade. Matamos a saudade da fraternidade e essa experi\u00eancia de vida, aqui, nos fez escolher como prioridade: &#8216;redescobrir o valor da vida fraterna&#8217;. Mas n\u00f3s, aqui em Agudos, j\u00e1 fizemos um mandato no Cap\u00edtulo. Tenho certeza que, ao voltarmos para nossas fraternidades, vamos desejar, ainda com mais for\u00e7a, viver a nossa profiss\u00e3o. Esta \u00e9 uma li\u00e7\u00e3o de Agudos. N\u00f3s nos sentimos desde j\u00e1 revigorados no sentido da vida fraterna integral&#8221;, avaliou.<\/p>\n<p>Dessa vida fraterna decorre as demais prioridades, como a anima\u00e7\u00e3o vocacional. &#8220;N\u00e3o fazer propaganda que pode at\u00e9 um dia pode at\u00e9 ser vista como enganosa. N\u00e3o desejamos fazer promo\u00e7\u00e3o vocacional para os outros, mas o revigoramento da nossa pr\u00f3pria decis\u00e3o vocacional. Esta op\u00e7\u00e3o do Cap\u00edtulo ser\u00e1 op\u00e7\u00e3o da nossa Prov\u00edncia sempre. Que haja espa\u00e7o sempre para nos revigorarmos na decis\u00e3o vocacional que um dia nos fez sair de tantos lugares e agruparmos aqui nesta fam\u00edlia da Prov\u00edncia da Imaculada Concei\u00e7\u00e3o&#8221;, pediu.<\/p>\n<p>&#8220;E depois, a partir da vida fraterna, queremos nos sentir desafiados para caminhos novos, para que seja evidente o valor da vida fraterna entre n\u00f3s. Por isso escolhemos como prioridade a forma\u00e7\u00e3o inicial e tamb\u00e9m a forma\u00e7\u00e3o permanente&#8221;, acrescentou.<\/p>\n\n\t\t<style type=\"text\/css\">\n\t\t\t#gallery-1 {\n\t\t\t\tmargin: auto;\n\t\t\t}\n\t\t\t#gallery-1 .gallery-item {\n\t\t\t\tfloat: left;\n\t\t\t\tmargin-top: 10px;\n\t\t\t\ttext-align: center;\n\t\t\t\twidth: 16%;\n\t\t\t}\n\t\t\t#gallery-1 img {\n\t\t\t\tborder: 2px solid #cfcfcf;\n\t\t\t}\n\t\t\t#gallery-1 .gallery-caption {\n\t\t\t\tmargin-left: 0;\n\t\t\t}\n\t\t\t\/* see gallery_shortcode() in wp-includes\/media.php *\/\n\t\t<\/style>\n\t\t<div id='gallery-1' class='gallery galleryid-235590 gallery-columns-6 gallery-size-thumbnail'><dl class='gallery-item'>\n\t\t\t<dt class='gallery-icon landscape'>\n\t\t\t\t<a href='https:\/\/franciscanos.org.br\/noticias\/wp-content\/uploads\/2021\/11\/posse_01.jpg'><img width=\"300\" height=\"300\" src=\"https:\/\/franciscanos.org.br\/noticias\/wp-content\/uploads\/2021\/11\/posse_01-300x300.jpg\" class=\"attachment-thumbnail size-thumbnail\" alt=\"\" loading=\"lazy\" srcset=\"https:\/\/franciscanos.org.br\/noticias\/wp-content\/uploads\/2021\/11\/posse_01-300x300.jpg 300w, https:\/\/franciscanos.org.br\/noticias\/wp-content\/uploads\/2021\/11\/posse_01-100x100.jpg 100w\" sizes=\"(max-width: 300px) 100vw, 300px\" \/><\/a>\n\t\t\t<\/dt><\/dl><dl class='gallery-item'>\n\t\t\t<dt class='gallery-icon landscape'>\n\t\t\t\t<a href='https:\/\/franciscanos.org.br\/noticias\/wp-content\/uploads\/2021\/11\/posse_02.jpg'><img width=\"300\" height=\"300\" src=\"https:\/\/franciscanos.org.br\/noticias\/wp-content\/uploads\/2021\/11\/posse_02-300x300.jpg\" class=\"attachment-thumbnail size-thumbnail\" alt=\"\" loading=\"lazy\" srcset=\"https:\/\/franciscanos.org.br\/noticias\/wp-content\/uploads\/2021\/11\/posse_02-300x300.jpg 300w, https:\/\/franciscanos.org.br\/noticias\/wp-content\/uploads\/2021\/11\/posse_02-100x100.jpg 100w\" sizes=\"(max-width: 300px) 100vw, 300px\" \/><\/a>\n\t\t\t<\/dt><\/dl><dl class='gallery-item'>\n\t\t\t<dt class='gallery-icon landscape'>\n\t\t\t\t<a href='https:\/\/franciscanos.org.br\/noticias\/wp-content\/uploads\/2021\/11\/posse_03.jpg'><img width=\"300\" height=\"300\" src=\"https:\/\/franciscanos.org.br\/noticias\/wp-content\/uploads\/2021\/11\/posse_03-300x300.jpg\" class=\"attachment-thumbnail size-thumbnail\" alt=\"\" loading=\"lazy\" srcset=\"https:\/\/franciscanos.org.br\/noticias\/wp-content\/uploads\/2021\/11\/posse_03-300x300.jpg 300w, https:\/\/franciscanos.org.br\/noticias\/wp-content\/uploads\/2021\/11\/posse_03-100x100.jpg 100w\" sizes=\"(max-width: 300px) 100vw, 300px\" \/><\/a>\n\t\t\t<\/dt><\/dl><dl class='gallery-item'>\n\t\t\t<dt class='gallery-icon landscape'>\n\t\t\t\t<a href='https:\/\/franciscanos.org.br\/noticias\/wp-content\/uploads\/2021\/11\/posse_04.jpg'><img width=\"300\" height=\"300\" src=\"https:\/\/franciscanos.org.br\/noticias\/wp-content\/uploads\/2021\/11\/posse_04-300x300.jpg\" class=\"attachment-thumbnail size-thumbnail\" alt=\"\" loading=\"lazy\" srcset=\"https:\/\/franciscanos.org.br\/noticias\/wp-content\/uploads\/2021\/11\/posse_04-300x300.jpg 300w, https:\/\/franciscanos.org.br\/noticias\/wp-content\/uploads\/2021\/11\/posse_04-100x100.jpg 100w\" sizes=\"(max-width: 300px) 100vw, 300px\" \/><\/a>\n\t\t\t<\/dt><\/dl><dl class='gallery-item'>\n\t\t\t<dt class='gallery-icon landscape'>\n\t\t\t\t<a href='https:\/\/franciscanos.org.br\/noticias\/wp-content\/uploads\/2021\/11\/posse_05.jpg'><img width=\"300\" height=\"300\" src=\"https:\/\/franciscanos.org.br\/noticias\/wp-content\/uploads\/2021\/11\/posse_05-300x300.jpg\" class=\"attachment-thumbnail size-thumbnail\" alt=\"\" loading=\"lazy\" srcset=\"https:\/\/franciscanos.org.br\/noticias\/wp-content\/uploads\/2021\/11\/posse_05-300x300.jpg 300w, https:\/\/franciscanos.org.br\/noticias\/wp-content\/uploads\/2021\/11\/posse_05-100x100.jpg 100w\" sizes=\"(max-width: 300px) 100vw, 300px\" \/><\/a>\n\t\t\t<\/dt><\/dl><dl class='gallery-item'>\n\t\t\t<dt class='gallery-icon landscape'>\n\t\t\t\t<a href='https:\/\/franciscanos.org.br\/noticias\/wp-content\/uploads\/2021\/11\/posse_06.jpg'><img width=\"300\" height=\"300\" src=\"https:\/\/franciscanos.org.br\/noticias\/wp-content\/uploads\/2021\/11\/posse_06-300x300.jpg\" class=\"attachment-thumbnail size-thumbnail\" alt=\"\" loading=\"lazy\" srcset=\"https:\/\/franciscanos.org.br\/noticias\/wp-content\/uploads\/2021\/11\/posse_06-300x300.jpg 300w, https:\/\/franciscanos.org.br\/noticias\/wp-content\/uploads\/2021\/11\/posse_06-100x100.jpg 100w\" sizes=\"(max-width: 300px) 100vw, 300px\" \/><\/a>\n\t\t\t<\/dt><\/dl><br style=\"clear: both\" \/>\n\t\t<\/div>\n\n<p style=\"text-align: center;\"><em>(Clique nas imagens para ampli\u00e1-las)<\/em><\/p>\n<p>Frei Paulo destacou outra decis\u00e3o do Cap\u00edtulo que &#8220;n\u00f3s vamos nos esfor\u00e7ar&#8221; para ver realizada: a sinodalidade. &#8220;E este nome pode trazer, assim, uma apar\u00eancia de novidade. \u00c9 bom que a gente se dedique a descobrir e viver as provoca\u00e7\u00f5es desta proposi\u00e7\u00e3o. Mas aqui quero recordar que a nossa tradi\u00e7\u00e3o, nossa pr\u00e1tica de estar no mundo j\u00e1 \u00e9 carregada de sinodalidade. A distribui\u00e7\u00e3o fraterna dos servi\u00e7os nas nossas casas, o discret\u00f3rio, os departamentos, as frentes, os f\u00f3runs e, sobretudo, o Cap\u00edtulo local. Express\u00e3o evidente da sinodalidade que n\u00f3s passamos por esse caminho, estamos nesse caminho, escolhemos esse caminho da sinodalidade. Que n\u00f3s possamos oferecer a nossa experi\u00eancia ao S\u00ednodo. E aqui vale a pena, recompostas as fraternidades, que n\u00f3s incentivemos e n\u00e3o abramos m\u00e3o da organiza\u00e7\u00e3o sinodal nas fraternidades, sobretudo do nosso Cap\u00edtulo, das nossas Frentes, dos nossos conselhos. E a partir da nossa viv\u00eancia sinodal com os leigos. Esta \u00e9 a nossa oferta. Esse \u00e9 o oferecimento generoso para esse momento que a Igreja se prop\u00f5e. Esta \u00e9 uma outra li\u00e7\u00e3o de Agudos. Para fazer novidades, para fazer diferentes todas as coisas, que sejamos aquilo que somos, aquilo que prometemos, aquilo que nos propusemos. N\u00f3s somos sinodais. N\u00f3s somos fraternos&#8221;, incentivou.<\/p>\n<p><img loading=\"lazy\" class=\"alignnone wp-image-235604 size-full\" src=\"https:\/\/franciscanos.org.br\/noticias\/wp-content\/uploads\/2021\/11\/posse_3011_7.jpg\" alt=\"\" width=\"1280\" height=\"960\" srcset=\"https:\/\/franciscanos.org.br\/noticias\/wp-content\/uploads\/2021\/11\/posse_3011_7.jpg 1280w, https:\/\/franciscanos.org.br\/noticias\/wp-content\/uploads\/2021\/11\/posse_3011_7-450x338.jpg 450w, https:\/\/franciscanos.org.br\/noticias\/wp-content\/uploads\/2021\/11\/posse_3011_7-1024x768.jpg 1024w, https:\/\/franciscanos.org.br\/noticias\/wp-content\/uploads\/2021\/11\/posse_3011_7-768x576.jpg 768w, https:\/\/franciscanos.org.br\/noticias\/wp-content\/uploads\/2021\/11\/posse_3011_7-150x113.jpg 150w, https:\/\/franciscanos.org.br\/noticias\/wp-content\/uploads\/2021\/11\/posse_3011_7-600x450.jpg 600w\" sizes=\"(max-width: 1280px) 100vw, 1280px\" \/><\/p>\n<p><strong>GENEROSIDADE E GRATID\u00c3O<\/strong><\/p>\n<p>O Ministro Provincial, ent\u00e3o, fez alguns pedidos. &#8220;Alguns de n\u00f3s e eu tamb\u00e9m passei pela experi\u00eancia da doen\u00e7a, da interna\u00e7\u00e3o. E muitas vezes, agora, j\u00e1 de volta \u00e0 miss\u00e3o, encontro muitas pessoas que nem me conheciam e dizem: &#8216;Rezei muito por voc\u00ea!&#8217; N\u00f3s rezamos uns pelos outros e, a prece de uns pelos outros, cura! Por isso, insisto: vamos rezar uns pelos outros! N\u00f3s temos muitas doen\u00e7as, \u00e9 verdade, mas temos um grande desejo de cura. \u00c9 a prece fraterna, acolhedora. Ela cura o nosso irm\u00e3o e cura a n\u00f3s tamb\u00e9m. Rezemos uns pelos outros. Rezemos pelos mais doentes&#8221;, disse.<\/p>\n<p>&#8220;O segundo pedido \u00e9 que n\u00f3s possamos nos exercitar na generosidade. A generosidade \u00e9 uma virtude t\u00e3o criativa que por ela outras tantas v\u00e3o se achegar a n\u00f3s. A generosidade do tempo, generosidade dos dons, generosidade da miss\u00e3o, da criatividade. Sejamos generosos sempre e aqui, sobretudo, se eventualmente formos convidados a deixar a Prov\u00edncia, a deixar nossos lugares que amamos. Mas se formos convidados a deixar os nossos lugares, que n\u00f3s possamos fazer com generosidade. Sejamos gratos!&#8221;, pediu.<\/p>\n<p>Enfatizou o pedido pela gratid\u00e3o, que segundo o Ministro Provincial, rompe com toda forma de egocentrismo, com toda forma de ego\u00edsmo. &#8220;Gratid\u00e3o pela natureza, pela voca\u00e7\u00e3o, pela fraternidade, pela miss\u00e3o. Que n\u00f3s tenhamos um esp\u00edrito grato, constantemente grato, neste tempo que se avizinha, um tempo, ali\u00e1s, que deve infelizmente destacar ainda com mais dor o individualismo, a intoler\u00e2ncia, os radicalismos, a indiferen\u00e7a pelo outro, pela dor do outro, o desprezo pela vida, a substitui\u00e7\u00e3o de valores perenes por valores imediatos. N\u00f3s vivemos tempos complicados&#8221;, admoestou.<\/p>\n<p><img loading=\"lazy\" class=\"alignnone wp-image-235605 size-full\" src=\"https:\/\/franciscanos.org.br\/noticias\/wp-content\/uploads\/2021\/11\/posse_3011_8.jpg\" alt=\"\" width=\"1280\" height=\"697\" srcset=\"https:\/\/franciscanos.org.br\/noticias\/wp-content\/uploads\/2021\/11\/posse_3011_8.jpg 1280w, https:\/\/franciscanos.org.br\/noticias\/wp-content\/uploads\/2021\/11\/posse_3011_8-450x245.jpg 450w, https:\/\/franciscanos.org.br\/noticias\/wp-content\/uploads\/2021\/11\/posse_3011_8-1024x558.jpg 1024w, https:\/\/franciscanos.org.br\/noticias\/wp-content\/uploads\/2021\/11\/posse_3011_8-768x418.jpg 768w, https:\/\/franciscanos.org.br\/noticias\/wp-content\/uploads\/2021\/11\/posse_3011_8-150x82.jpg 150w\" sizes=\"(max-width: 1280px) 100vw, 1280px\" \/><\/p>\n<p><strong>PROFETISMO DA ALEGRIA<\/strong><\/p>\n<p>&#8220;Que n\u00f3s possamos nos dedicar a curar as feridas da nossa sociedade. E a\u00ed sugiro o profetismo da alegria. O profetismo da alegria \u00e9 a miss\u00e3o de cada um de n\u00f3s neste novo tempo que estamos vivendo. A sociedade pode esperar de n\u00f3s, homens de f\u00e9, que partilham da alegria. E a alegria franciscana \u00e9 prof\u00e9tica nos dias de hoje porque ela pode ser para todo ser criado. A nossa sociedade \u00e9 ego\u00edsta, nossa sociedade pensa o mundo a partir do pr\u00f3prio umbigo, se alegra e se satisfaz individualmente. Mas a nossa alegria s\u00f3 ser\u00e1 plena quando for partilhada por todas as criaturas. Encher o mundo da alegria do Evangelho, seja essa nossa miss\u00e3o&#8221;, animou.<\/p>\n<p>E concluiu: &#8220;O Cap\u00edtulo foi essa noite, como nos dizia o Frei Susin, uma noite para que os nossos sonhos nos apresentassem respostas. Recolhidas todas as respostas, possamos viver vigilantemente a partir das no\u00e7\u00f5es que os sonhos nos apresentaram. Boa viagem e cuidado no retorno para cada!&#8221;<\/p>\n<p>Um momento de beleza e emo\u00e7\u00e3o foi protagonizado pelos postulantes, que cantaram &#8220;Se dos l\u00edrios cuida&#8221;.<\/p>\n<p>Antes, \u00a0a manh\u00e3 continuou com os trabalhos e considera\u00e7\u00f5es finais do Cap\u00edtulo. Depois do almo\u00e7o, os frades retornaram para as suas Fraternidades.<\/p>\n<p><img loading=\"lazy\" class=\"alignnone wp-image-235603 size-full\" src=\"https:\/\/franciscanos.org.br\/noticias\/wp-content\/uploads\/2021\/11\/posse_3011_5.jpg\" alt=\"\" width=\"1280\" height=\"666\" srcset=\"https:\/\/franciscanos.org.br\/noticias\/wp-content\/uploads\/2021\/11\/posse_3011_5.jpg 1280w, https:\/\/franciscanos.org.br\/noticias\/wp-content\/uploads\/2021\/11\/posse_3011_5-450x234.jpg 450w, https:\/\/franciscanos.org.br\/noticias\/wp-content\/uploads\/2021\/11\/posse_3011_5-1024x533.jpg 1024w, https:\/\/franciscanos.org.br\/noticias\/wp-content\/uploads\/2021\/11\/posse_3011_5-768x400.jpg 768w, https:\/\/franciscanos.org.br\/noticias\/wp-content\/uploads\/2021\/11\/posse_3011_5-150x78.jpg 150w\" sizes=\"(max-width: 1280px) 100vw, 1280px\" \/><\/p>\n<p><strong>CONGRESSO CAPITULAR<\/strong><\/p>\n<p>Com o t\u00e9rmino do Cap\u00edtulo, na Sede Provincial, em S\u00e3o Paulo, come\u00e7a o Congresso Capitular, que vai reunir o novo Governo Provincial eleito com o presidente do Cap\u00edtulo, Frei C\u00e9sar K\u00fclkamp, em dois momentos: de 6 a 9 dezembro, e de 15 a 18.<\/p>\n<p>Na Prov\u00edncia da Imaculada \u00e9 costume o Congresso Capitular acontecer em duas etapas. Uma etapa come\u00e7a na pr\u00f3xima segunda-feira, dia 6, e a outra etapa a partir de 15 de dezembro. Este \u00e9 um momento em que o novo governo vai se reunir para pensar um pouco as pr\u00f3prias pol\u00edticas, que passos quer dar e tomar consci\u00eancia das prioridades e das indica\u00e7\u00f5es dadas pela assembleia capitular, que \u00e9 sempre soberana. Tem esse significado, mais do que tudo, de programar a vida provincial no pr\u00f3ximo tri\u00eanio. Nisso inclui a organiza\u00e7\u00e3o do quadro das fraternidades.<\/p>\n<hr \/>\n<p><strong>Equipe de Comunica\u00e7\u00e3o do Cap\u00edtulo:<\/strong>\u00a0<em>Frei Augusto Gabriel, Frei Clauzemir Makximovitz, Frei Gabriel Dellandrea, Frei Alan Leal de Mattos e Moacir Beggo.<\/em><\/p>\n<hr \/>\n<p><iframe loading=\"lazy\" title=\"YouTube video player\" src=\"https:\/\/www.youtube.com\/embed\/CBcRZRwS2SI\" width=\"100%\" height=\"480\" frameborder=\"0\" allowfullscreen=\"allowfullscreen\"><span data-mce-type=\"bookmark\" style=\"display: inline-block; width: 0px; overflow: hidden; line-height: 0;\" class=\"mce_SELRES_start\">\ufeff<\/span><\/iframe><\/p>\n","protected":false},"excerpt":{"rendered":"<p>Cap\u00edtulo Provincial 2021<\/p>\n","protected":false},"author":3,"featured_media":235591,"comment_status":"open","ping_status":"open","sticky":false,"template":"","format":"standard","meta":[],"categories":[1],"tags":[1943],"acf":[],"yoast_head":"<!-- This site is optimized with the Yoast SEO plugin v19.2 - https:\/\/yoast.com\/wordpress\/plugins\/seo\/ -->\n<title>Ministro Provincial pede &quot;profetismo da alegria&quot; no encerramento do Cap\u00edtulo - Not\u00edcias - Franciscanos<\/title>\n<meta name=\"robots\" content=\"index, follow, max-snippet:-1, max-image-preview:large, max-video-preview:-1\" \/>\n<link rel=\"canonical\" href=\"https:\/\/franciscanos.org.br\/noticias\/ministro-provincial-pedeprofetismo.html\" \/>\n<meta property=\"og:locale\" content=\"pt_BR\" \/>\n<meta property=\"og:type\" content=\"article\" \/>\n<meta property=\"og:title\" content=\"Ministro Provincial pede &quot;profetismo da alegria&quot; no encerramento do Cap\u00edtulo - Not\u00edcias - Franciscanos\" \/>\n<meta property=\"og:description\" content=\"Cap\u00edtulo Provincial 2021\" \/>\n<meta property=\"og:url\" content=\"https:\/\/franciscanos.org.br\/noticias\/ministro-provincial-pedeprofetismo.html\" \/>\n<meta property=\"og:site_name\" content=\"Not\u00edcias - Franciscanos\" \/>\n<meta property=\"article:published_time\" content=\"2021-11-30T18:10:42+00:00\" \/>\n<meta property=\"article:modified_time\" content=\"2021-12-01T02:32:12+00:00\" \/>\n<meta property=\"og:image\" content=\"https:\/\/franciscanos.org.br\/noticias\/wp-content\/uploads\/2021\/11\/posse_3011.jpg\" \/>\n\t<meta property=\"og:image:width\" content=\"1280\" \/>\n\t<meta property=\"og:image:height\" content=\"719\" \/>\n\t<meta property=\"og:image:type\" content=\"image\/jpeg\" \/>\n<meta name=\"author\" content=\"moacir\" \/>\n<meta name=\"twitter:card\" content=\"summary_large_image\" \/>\n<meta name=\"twitter:label1\" content=\"Escrito por\" \/>\n\t<meta name=\"twitter:data1\" content=\"moacir\" \/>\n\t<meta name=\"twitter:label2\" content=\"Est. tempo de leitura\" \/>\n\t<meta name=\"twitter:data2\" content=\"10 minutos\" \/>\n<script type=\"application\/ld+json\" class=\"yoast-schema-graph\">{\"@context\":\"https:\/\/schema.org\",\"@graph\":[{\"@type\":\"WebSite\",\"@id\":\"https:\/\/franciscanos.org.br\/noticias\/#website\",\"url\":\"https:\/\/franciscanos.org.br\/noticias\/\",\"name\":\"Not\u00edcias - Franciscanos\",\"description\":\"Prov\u00edncia Franciscana da Imaculada Concei\u00e7\u00e3o do Brasil - Ordem dos Frades Menores - OFM\",\"potentialAction\":[{\"@type\":\"SearchAction\",\"target\":{\"@type\":\"EntryPoint\",\"urlTemplate\":\"https:\/\/franciscanos.org.br\/noticias\/?s={search_term_string}\"},\"query-input\":\"required name=search_term_string\"}],\"inLanguage\":\"pt-BR\"},{\"@type\":\"ImageObject\",\"inLanguage\":\"pt-BR\",\"@id\":\"https:\/\/franciscanos.org.br\/noticias\/ministro-provincial-pedeprofetismo.html#primaryimage\",\"url\":\"https:\/\/franciscanos.org.br\/noticias\/wp-content\/uploads\/2021\/11\/posse_3011.jpg\",\"contentUrl\":\"https:\/\/franciscanos.org.br\/noticias\/wp-content\/uploads\/2021\/11\/posse_3011.jpg\",\"width\":1280,\"height\":719},{\"@type\":\"WebPage\",\"@id\":\"https:\/\/franciscanos.org.br\/noticias\/ministro-provincial-pedeprofetismo.html#webpage\",\"url\":\"https:\/\/franciscanos.org.br\/noticias\/ministro-provincial-pedeprofetismo.html\",\"name\":\"Ministro Provincial pede \\\"profetismo da alegria\\\" no encerramento do Cap\u00edtulo - Not\u00edcias - Franciscanos\",\"isPartOf\":{\"@id\":\"https:\/\/franciscanos.org.br\/noticias\/#website\"},\"primaryImageOfPage\":{\"@id\":\"https:\/\/franciscanos.org.br\/noticias\/ministro-provincial-pedeprofetismo.html#primaryimage\"},\"datePublished\":\"2021-11-30T18:10:42+00:00\",\"dateModified\":\"2021-12-01T02:32:12+00:00\",\"author\":{\"@id\":\"https:\/\/franciscanos.org.br\/noticias\/#\/schema\/person\/b5c8cba458c330ccff548b056e95a5d4\"},\"breadcrumb\":{\"@id\":\"https:\/\/franciscanos.org.br\/noticias\/ministro-provincial-pedeprofetismo.html#breadcrumb\"},\"inLanguage\":\"pt-BR\",\"potentialAction\":[{\"@type\":\"ReadAction\",\"target\":[\"https:\/\/franciscanos.org.br\/noticias\/ministro-provincial-pedeprofetismo.html\"]}]},{\"@type\":\"BreadcrumbList\",\"@id\":\"https:\/\/franciscanos.org.br\/noticias\/ministro-provincial-pedeprofetismo.html#breadcrumb\",\"itemListElement\":[{\"@type\":\"ListItem\",\"position\":1,\"name\":\"Home\",\"item\":\"https:\/\/franciscanos.org.br\/noticias\"},{\"@type\":\"ListItem\",\"position\":2,\"name\":\"Ministro Provincial pede &#8220;profetismo da alegria&#8221; no encerramento do Cap\u00edtulo\"}]},{\"@type\":\"Person\",\"@id\":\"https:\/\/franciscanos.org.br\/noticias\/#\/schema\/person\/b5c8cba458c330ccff548b056e95a5d4\",\"name\":\"moacir\",\"image\":{\"@type\":\"ImageObject\",\"inLanguage\":\"pt-BR\",\"@id\":\"https:\/\/franciscanos.org.br\/noticias\/#\/schema\/person\/image\/\",\"url\":\"https:\/\/secure.gravatar.com\/avatar\/d08aa2ce4c8dd416d4479aa8536fcf64?s=96&d=mm&r=g\",\"contentUrl\":\"https:\/\/secure.gravatar.com\/avatar\/d08aa2ce4c8dd416d4479aa8536fcf64?s=96&d=mm&r=g\",\"caption\":\"moacir\"},\"url\":\"https:\/\/franciscanos.org.br\/noticias\/author\/moacir\"}]}<\/script>\n<!-- \/ Yoast SEO plugin. -->","yoast_head_json":{"title":"Ministro Provincial pede \"profetismo da alegria\" no encerramento do Cap\u00edtulo - Not\u00edcias - Franciscanos","robots":{"index":"index","follow":"follow","max-snippet":"max-snippet:-1","max-image-preview":"max-image-preview:large","max-video-preview":"max-video-preview:-1"},"canonical":"https:\/\/franciscanos.org.br\/noticias\/ministro-provincial-pedeprofetismo.html","og_locale":"pt_BR","og_type":"article","og_title":"Ministro Provincial pede \"profetismo da alegria\" no encerramento do Cap\u00edtulo - Not\u00edcias - Franciscanos","og_description":"Cap\u00edtulo Provincial 2021","og_url":"https:\/\/franciscanos.org.br\/noticias\/ministro-provincial-pedeprofetismo.html","og_site_name":"Not\u00edcias - Franciscanos","article_published_time":"2021-11-30T18:10:42+00:00","article_modified_time":"2021-12-01T02:32:12+00:00","og_image":[{"width":1280,"height":719,"url":"https:\/\/franciscanos.org.br\/noticias\/wp-content\/uploads\/2021\/11\/posse_3011.jpg","type":"image\/jpeg"}],"author":"moacir","twitter_card":"summary_large_image","twitter_misc":{"Escrito por":"moacir","Est. tempo de leitura":"10 minutos"},"schema":{"@context":"https:\/\/schema.org","@graph":[{"@type":"WebSite","@id":"https:\/\/franciscanos.org.br\/noticias\/#website","url":"https:\/\/franciscanos.org.br\/noticias\/","name":"Not\u00edcias - Franciscanos","description":"Prov\u00edncia Franciscana da Imaculada Concei\u00e7\u00e3o do Brasil - Ordem dos Frades Menores - OFM","potentialAction":[{"@type":"SearchAction","target":{"@type":"EntryPoint","urlTemplate":"https:\/\/franciscanos.org.br\/noticias\/?s={search_term_string}"},"query-input":"required name=search_term_string"}],"inLanguage":"pt-BR"},{"@type":"ImageObject","inLanguage":"pt-BR","@id":"https:\/\/franciscanos.org.br\/noticias\/ministro-provincial-pedeprofetismo.html#primaryimage","url":"https:\/\/franciscanos.org.br\/noticias\/wp-content\/uploads\/2021\/11\/posse_3011.jpg","contentUrl":"https:\/\/franciscanos.org.br\/noticias\/wp-content\/uploads\/2021\/11\/posse_3011.jpg","width":1280,"height":719},{"@type":"WebPage","@id":"https:\/\/franciscanos.org.br\/noticias\/ministro-provincial-pedeprofetismo.html#webpage","url":"https:\/\/franciscanos.org.br\/noticias\/ministro-provincial-pedeprofetismo.html","name":"Ministro Provincial pede \"profetismo da alegria\" no encerramento do Cap\u00edtulo - Not\u00edcias - Franciscanos","isPartOf":{"@id":"https:\/\/franciscanos.org.br\/noticias\/#website"},"primaryImageOfPage":{"@id":"https:\/\/franciscanos.org.br\/noticias\/ministro-provincial-pedeprofetismo.html#primaryimage"},"datePublished":"2021-11-30T18:10:42+00:00","dateModified":"2021-12-01T02:32:12+00:00","author":{"@id":"https:\/\/franciscanos.org.br\/noticias\/#\/schema\/person\/b5c8cba458c330ccff548b056e95a5d4"},"breadcrumb":{"@id":"https:\/\/franciscanos.org.br\/noticias\/ministro-provincial-pedeprofetismo.html#breadcrumb"},"inLanguage":"pt-BR","potentialAction":[{"@type":"ReadAction","target":["https:\/\/franciscanos.org.br\/noticias\/ministro-provincial-pedeprofetismo.html"]}]},{"@type":"BreadcrumbList","@id":"https:\/\/franciscanos.org.br\/noticias\/ministro-provincial-pedeprofetismo.html#breadcrumb","itemListElement":[{"@type":"ListItem","position":1,"name":"Home","item":"https:\/\/franciscanos.org.br\/noticias"},{"@type":"ListItem","position":2,"name":"Ministro Provincial pede &#8220;profetismo da alegria&#8221; no encerramento do Cap\u00edtulo"}]},{"@type":"Person","@id":"https:\/\/franciscanos.org.br\/noticias\/#\/schema\/person\/b5c8cba458c330ccff548b056e95a5d4","name":"moacir","image":{"@type":"ImageObject","inLanguage":"pt-BR","@id":"https:\/\/franciscanos.org.br\/noticias\/#\/schema\/person\/image\/","url":"https:\/\/secure.gravatar.com\/avatar\/d08aa2ce4c8dd416d4479aa8536fcf64?s=96&d=mm&r=g","contentUrl":"https:\/\/secure.gravatar.com\/avatar\/d08aa2ce4c8dd416d4479aa8536fcf64?s=96&d=mm&r=g","caption":"moacir"},"url":"https:\/\/franciscanos.org.br\/noticias\/author\/moacir"}]}},"_links":{"self":[{"href":"https:\/\/franciscanos.org.br\/noticias\/wp-json\/wp\/v2\/posts\/235590"}],"collection":[{"href":"https:\/\/franciscanos.org.br\/noticias\/wp-json\/wp\/v2\/posts"}],"about":[{"href":"https:\/\/franciscanos.org.br\/noticias\/wp-json\/wp\/v2\/types\/post"}],"author":[{"embeddable":true,"href":"https:\/\/franciscanos.org.br\/noticias\/wp-json\/wp\/v2\/users\/3"}],"replies":[{"embeddable":true,"href":"https:\/\/franciscanos.org.br\/noticias\/wp-json\/wp\/v2\/comments?post=235590"}],"version-history":[{"count":3,"href":"https:\/\/franciscanos.org.br\/noticias\/wp-json\/wp\/v2\/posts\/235590\/revisions"}],"predecessor-version":[{"id":235607,"href":"https:\/\/franciscanos.org.br\/noticias\/wp-json\/wp\/v2\/posts\/235590\/revisions\/235607"}],"wp:featuredmedia":[{"embeddable":true,"href":"https:\/\/franciscanos.org.br\/noticias\/wp-json\/wp\/v2\/media\/235591"}],"wp:attachment":[{"href":"https:\/\/franciscanos.org.br\/noticias\/wp-json\/wp\/v2\/media?parent=235590"}],"wp:term":[{"taxonomy":"category","embeddable":true,"href":"https:\/\/franciscanos.org.br\/noticias\/wp-json\/wp\/v2\/categories?post=235590"},{"taxonomy":"post_tag","embeddable":true,"href":"https:\/\/franciscanos.org.br\/noticias\/wp-json\/wp\/v2\/tags?post=235590"}],"curies":[{"name":"wp","href":"https:\/\/api.w.org\/{rel}","templated":true}]}}