{"id":235562,"date":"2021-11-29T17:20:07","date_gmt":"2021-11-29T20:20:07","guid":{"rendered":"https:\/\/franciscanos.org.br\/noticias\/?p=235562"},"modified":"2021-11-29T19:38:11","modified_gmt":"2021-11-29T22:38:11","slug":"governo-da-provincia-da-imaculada-completo","status":"publish","type":"post","link":"https:\/\/franciscanos.org.br\/noticias\/governo-da-provincia-da-imaculada-completo.html","title":{"rendered":"Governo da Prov\u00edncia da Imaculada completo"},"content":{"rendered":"<p>&nbsp;<\/p>\n<p><img loading=\"lazy\" class=\"alignleft size-full wp-image-235584\" src=\"https:\/\/franciscanos.org.br\/noticias\/wp-content\/uploads\/2021\/11\/governo_completo.jpg\" alt=\"\" width=\"1280\" height=\"720\" srcset=\"https:\/\/franciscanos.org.br\/noticias\/wp-content\/uploads\/2021\/11\/governo_completo.jpg 1280w, https:\/\/franciscanos.org.br\/noticias\/wp-content\/uploads\/2021\/11\/governo_completo-450x253.jpg 450w, https:\/\/franciscanos.org.br\/noticias\/wp-content\/uploads\/2021\/11\/governo_completo-1024x576.jpg 1024w, https:\/\/franciscanos.org.br\/noticias\/wp-content\/uploads\/2021\/11\/governo_completo-768x432.jpg 768w, https:\/\/franciscanos.org.br\/noticias\/wp-content\/uploads\/2021\/11\/governo_completo-150x84.jpg 150w\" sizes=\"(max-width: 1280px) 100vw, 1280px\" \/><\/p>\n<p>Na tarde desta segunda-feira, 29 de novembro, os frades capitulares presentes no Semin\u00e1rio Santo Ant\u00f4nio de Agudos \u2013 110 professos solenes votantes \u2013 elegeram o novo Vig\u00e1rio Provincial e os seis Definidores que formar\u00e3o o novo governo da Prov\u00edncia da Imaculada Concei\u00e7\u00e3o para o pr\u00f3ximo sex\u00eanio (2022-2027), com o Ministro Provincial Frei Paulo Roberto Pereira.<\/p>\n<p><strong>COM O ENCERRAMENTO DAS ELEI\u00c7\u00d5ES HOJE, FICA ASSIM O GOVERNO PROVINCIAL:<\/strong><\/p>\n<p><strong><img loading=\"lazy\" class=\"size-full wp-image-235570 alignleft\" src=\"https:\/\/franciscanos.org.br\/noticias\/wp-content\/uploads\/2021\/11\/paulo_d.jpg\" alt=\"\" width=\"520\" height=\"521\" srcset=\"https:\/\/franciscanos.org.br\/noticias\/wp-content\/uploads\/2021\/11\/paulo_d.jpg 520w, https:\/\/franciscanos.org.br\/noticias\/wp-content\/uploads\/2021\/11\/paulo_d-450x450.jpg 450w, https:\/\/franciscanos.org.br\/noticias\/wp-content\/uploads\/2021\/11\/paulo_d-300x300.jpg 300w, https:\/\/franciscanos.org.br\/noticias\/wp-content\/uploads\/2021\/11\/paulo_d-150x150.jpg 150w, https:\/\/franciscanos.org.br\/noticias\/wp-content\/uploads\/2021\/11\/paulo_d-100x100.jpg 100w\" sizes=\"(max-width: 520px) 100vw, 520px\" \/>\u00a0MINISTRO PROVINCIAL\u00a0<\/strong><\/p>\n<p><strong>FREI PAULO ROBERTO PEREIRA<\/strong><\/p>\n<p>Frei Paulo Pereira, aos 53 anos, foi eleito em segundo escrut\u00ednio, com 56 votos, em sess\u00e3o capitular no Semin\u00e1rio Santo Ant\u00f4nio de Agudos (SP), no dia 27 de novembro.<\/p>\n<p>Mineiro de Juiz de Fora, Frei Paulo nasceu no dia 18 de dezembro de 1967 e vestiu o h\u00e1bito franciscano no dia 10 de janeiro de 1987. Sua profiss\u00e3o tempor\u00e1ria foi no dia 11 de janeiro de 1988. J\u00e1 a Profiss\u00e3o Solene foi feita na Ordem dos Frades Menores no dia 25 de setembro de 1993. No dia 19 de mar\u00e7o de 1995 foi ordenado presb\u00edtero.<\/p>\n<p>Em 1995 foi transferido para o Semin\u00e1rio Santo Ant\u00f4nio de Agudos como orientador e professor. Voltou para a Baixada Fluminense, onde morou como estudante, para ser guardi\u00e3o e p\u00e1roco da Par\u00f3quia S\u00e3o Francisco em Duque de Caxias. Em 2000 foi eleito Definidor para o tri\u00eanio 2001-2003 e passou a residir no Semin\u00e1rio de Ituporanga, acumulando a fun\u00e7\u00e3o de animador provincial da Pastoral Vocacional.<\/p>\n<p>Em 2002, residiu no Convento das Gra\u00e7as em Guaratinguet\u00e1 ainda como animador vocacional. Em 2003, passou a residir na Fraternidade S\u00e3o Boaventura de Rondinha como mestre dos frades de profiss\u00e3o tempor\u00e1ria no tempo de Filosofia. Em 2003, foi reeleito Definidor para o tri\u00eanio 2004-2006, passando a residir na Fraternidade do Navio, em Lages, como animador vocacional e presidente da Funda\u00e7\u00e3o Frei Rog\u00e9rio de Curitibanos. Em 2004, como orientador, voltou ao Semin\u00e1rio Santo Ant\u00f4nio de Agudos, acumulando a fun\u00e7\u00e3o de animador vocacional e vig\u00e1rio da casa.<\/p>\n<p>No Cap\u00edtulo Provincial de 2009 foi transferido para a Fraternidade do Divino Esp\u00edrito Santo de Vila Velha (ES), acumulando as fun\u00e7\u00f5es de guardi\u00e3o, p\u00e1roco e vice-secret\u00e1rio da Evangeliza\u00e7\u00e3o. Em 2016, reeleito Definidor para o tri\u00eanio 2016-2018, passou a residir no Convento da Penha como reitor do Santu\u00e1rio. Foi reeleito mais uma vez Definidor em 2018, desta vez para o tri\u00eanio 2019-2021, sendo reconfirmado como guardi\u00e3o da Fraternidade do Convento da Penha.<\/p>\n<hr \/>\n<p><strong><img loading=\"lazy\" class=\"alignright size-full wp-image-235571\" src=\"https:\/\/franciscanos.org.br\/noticias\/wp-content\/uploads\/2021\/11\/medella_d.jpg\" alt=\"\" width=\"500\" height=\"521\" srcset=\"https:\/\/franciscanos.org.br\/noticias\/wp-content\/uploads\/2021\/11\/medella_d.jpg 500w, https:\/\/franciscanos.org.br\/noticias\/wp-content\/uploads\/2021\/11\/medella_d-432x450.jpg 432w, https:\/\/franciscanos.org.br\/noticias\/wp-content\/uploads\/2021\/11\/medella_d-150x156.jpg 150w\" sizes=\"(max-width: 500px) 100vw, 500px\" \/>FREI GUSTAVO MEDELLA<\/strong><\/p>\n<p><strong>VIG\u00c1RIO PROVINCIAL<\/strong><\/p>\n<p>Frei Gustavo Medella, aos 43 anos, foi reeleito Vig\u00e1rio Provincial da Prov\u00edncia Franciscana da Imaculada Concei\u00e7\u00e3o em primeiro escrut\u00ednio, com 93 votos (110 votantes) em sess\u00e3o capitular no Semin\u00e1rio Santo Ant\u00f4nio de Agudos (SP), que come\u00e7ou \u00e0s 14h30 desta segunda-feira, 29 de novembro.<\/p>\n<p>Natural da cidade serrana de Petr\u00f3polis, no estado do Rio de Janeiro, Frei Gustavo Medella nasceu no dia 19 de setembro de 1978. \u00c9 filho de C\u00e9lia Regina e Jorge Luiz Medella e irm\u00e3o mais velho de Andr\u00e9 (1981) e Tha\u00eds (1984).<\/p>\n<p>Quando garoto, o gosto pela comunica\u00e7\u00e3o se manifestou desde pequeno, gra\u00e7as especialmente ao av\u00f4 que, com seu radinho a tiracolo, encantava-o. Em 1989, seus pais se mudaram para o pr\u00e9dio onde funcionava a R\u00e1dio Imperial de Petr\u00f3polis. Ali se formou a base do futuro comunicador. Em pouco tempo, fez amizade com os radialistas, e descia at\u00e9 o est\u00fadio para acompanhar ao vivo os programas. &#8220;Aquilo foi me entusiasmando, fazia brincadeiras em casa de programa de r\u00e1dio, punha minha av\u00f3 para ler receitas, minha m\u00e3e para dar dicas de outros assuntos\u2026 E com aquele gosto, fui crescendo, aquilo foi tomando corpo em mim, na minha vida, at\u00e9 que decidi fazer faculdade de comunica\u00e7\u00e3o, habilita\u00e7\u00e3o em Jornalismo por gostar muito de r\u00e1dio&#8221;, recorda.<\/p>\n<p>Na Universidade, trabalhou na assessoria de imprensa da entidade, que se chamava na \u00e9poca Coordena\u00e7\u00e3o de Imagem Institucional da Universidade Federal de Juiz de Fora. No est\u00e1gio, tamb\u00e9m participou de um treinamento em telejornalismo na TV Panorama, que era filiada \u00e0 Rede Globo em Juiz de Fora. Depois de se formar, continuou trabalhando na TV Panorama, primeiro ajudando na organiza\u00e7\u00e3o do arquivo de imagens, e depois, no \u00faltimo momento, no portal de pesquisa que se chamava IPanorama.com, abastecendo-o de not\u00edcias. O r\u00e1dio n\u00e3o poderia faltar no seu curr\u00edculo: R\u00e1dio Solar em Juiz de Fora; R\u00e1dio Universit\u00e1ria e at\u00e9 uma ajuda no jornalismo da TV Cidade Imperial.<\/p>\n<p>Ao mesmo tempo que cultivava essa paix\u00e3o, ele soltava a voz no Coral dos Canarinhos de Petr\u00f3polis, onde ingressou aos 8 anos, em 1987. Foi nesse contato pr\u00f3ximo com os frades, entre eles o saudoso Frei Jos\u00e9 Luiz Prim, Frei C\u00e9sar K\u00fclkamp, Frei Marcos Ant\u00f4nio Andrade, do Convento do Sagrado Cora\u00e7\u00e3o de Jesus e do Col\u00e9gio dos Canarinhos, que descobriu outra paix\u00e3o. &#8220;Lembro-me que aos domingos, depois da missa das dez, sempre passava na sacristia para dar uma espiadinha e via o contato dos frades com o povo, ou como o povo procurava-os para conversar, contar um pouco do que lhes acontecia nas suas vidas, e pensava: \u201cQue contato bonito, que proposta de vida bonita de estar a servi\u00e7o dos outros, de doar seu tempo, seus dons pelos outros!\u201d. Essa vontade falou mais alto do que a do comunicador.<\/p>\n<p>Em 2002, Gustavo ingressou como aspirante no Semin\u00e1rio S\u00e3o Francisco de Assis, em Ituporanga; em 2003, fez o Postulantado no Semin\u00e1rio Frei Galv\u00e3o em Guaratinguet\u00e1 (SP); em 2004, vestiu o h\u00e1bito franciscano no Noviciado em Rodeio (SC); e cursou de Filosofia no Instituto S\u00e3o Boaventura em Rondinha (PR), de 2005 a 2006, porque j\u00e1 tinha curso universit\u00e1rio; e, de 2007 a 2010, cursou a Faculdade de Teologia, em Petr\u00f3polis (RJ).<\/p>\n<p>Fez a profiss\u00e3o solene no dia 2 de outubro de 2010 e foi ordenado presb\u00edtero no dia 2 de julho de 2011, na Igreja do Sagrado Cora\u00e7\u00e3o de Jesus, escolhendo o lema que est\u00e1 no Salmo 40: \u201cEis que venho fazer com prazer a vossa vontade, Senhor!\u201d. Sua primeira transfer\u00eancia, em 1\u00ba de dezembro de 2010, foi para o Semin\u00e1rio S\u00e3o Francisco de Assis, em Ituporanga, como orientador e Professor (di\u00e1cono); em 12 de dezembro de 2012 veio para o Convento S\u00e3o Francisco, no centro de S\u00e3o Paulo, a servi\u00e7o da Frente da Comunica\u00e7\u00e3o e da Educa\u00e7\u00e3o. Em 20 de fevereiro de 2014 foi nomeado Vig\u00e1rio Paroquial da Par\u00f3quia S\u00e3o Francisco e integrou a Comiss\u00e3o Preparat\u00f3ria do Cap\u00edtulo das Esteiras de 2014.<\/p>\n<p>Frei Gustavo Medella foi eleito Definidor e se manteve como coordenador da Frente de Comunica\u00e7\u00e3o em 2016 at\u00e9 2018, quando no Cap\u00edtulo Provincial de 2018 foi eleito Vig\u00e1rio Provincial para o tri\u00eanio 2019-2021, servi\u00e7o que ele desenvolveu tamb\u00e9m como Secret\u00e1rio para a Evangeliza\u00e7\u00e3o. Em 2020 tamb\u00e9m acumulou o cargo de Secret\u00e1rio Provincial.<\/p>\n<hr \/>\n<p><strong><img loading=\"lazy\" class=\"size-full wp-image-235572 alignleft\" src=\"https:\/\/franciscanos.org.br\/noticias\/wp-content\/uploads\/2021\/11\/daniel_d1.jpg\" alt=\"\" width=\"520\" height=\"521\" srcset=\"https:\/\/franciscanos.org.br\/noticias\/wp-content\/uploads\/2021\/11\/daniel_d1.jpg 520w, https:\/\/franciscanos.org.br\/noticias\/wp-content\/uploads\/2021\/11\/daniel_d1-450x450.jpg 450w, https:\/\/franciscanos.org.br\/noticias\/wp-content\/uploads\/2021\/11\/daniel_d1-300x300.jpg 300w, https:\/\/franciscanos.org.br\/noticias\/wp-content\/uploads\/2021\/11\/daniel_d1-150x150.jpg 150w, https:\/\/franciscanos.org.br\/noticias\/wp-content\/uploads\/2021\/11\/daniel_d1-100x100.jpg 100w\" sizes=\"(max-width: 520px) 100vw, 520px\" \/>FREI DANIEL DELLANDREA<\/strong><\/p>\n<p><strong>DEFINIDOR<\/strong><\/p>\n<p>Natural de Ascurra, em Santa Catarina, Frei Daniel nasceu no dia 25 de janeiro de 1981. \u00c9 filho de Terezinha e S\u00e9rgio Dellandrea e irm\u00e3o de Frei Gabriel Dellandrea, que \u00e9 frade estudante do quarto ano de Teologia. Os dois t\u00eam mais um irm\u00e3o, Elton.<\/p>\n<p>Frei Daniel vestiu o h\u00e1bito de S\u00e3o Francisco no Noviciado de Rodeio, onde sua fam\u00edlia reside, no dia 10 de janeiro de 2000. Fez a profiss\u00e3o solene no dia 2 de agosto de 2005. Foi ordenado di\u00e1cono no dia 21 de abril de 2007 e presb\u00edtero no dia 18 de outubro de 2008.<\/p>\n<p>Frei Daniel teve como primeira transfer\u00eancia o Semin\u00e1rio Santo Ant\u00f4nio em Agudos. Depois foi transferido para o Semin\u00e1rio Frei Galv\u00e3o, em Guaratinguet\u00e1, como guardi\u00e3o, seguindo depois para a\u00a0 Par\u00f3quia Santo Amaro da Imperatriz, onde foi p\u00e1roco \u00a0e vig\u00e1rio da Fraternidade. No tri\u00eanio anterior, \u00a0assumiu a fun\u00e7\u00e3o de vice-secret\u00e1rio do Secretariado da Evangeliza\u00e7\u00e3o, no lugar de Frei C\u00e9sar K\u00fclkamp, que assumiu como Vig\u00e1rio Provincial no lugar de Frei Evaristo Spengler.<\/p>\n<p>Neste tri\u00eanio que se encerra, foi p\u00e1roco da Par\u00f3quia Santa In\u00eas, em Balne\u00e1rio Cambori\u00fa e Definidor da Prov\u00edncia.<\/p>\n<hr \/>\n<p><strong><img loading=\"lazy\" class=\"size-full wp-image-235573 alignright\" src=\"https:\/\/franciscanos.org.br\/noticias\/wp-content\/uploads\/2021\/11\/joao_d.jpg\" alt=\"\" width=\"520\" height=\"521\" srcset=\"https:\/\/franciscanos.org.br\/noticias\/wp-content\/uploads\/2021\/11\/joao_d.jpg 520w, https:\/\/franciscanos.org.br\/noticias\/wp-content\/uploads\/2021\/11\/joao_d-450x450.jpg 450w, https:\/\/franciscanos.org.br\/noticias\/wp-content\/uploads\/2021\/11\/joao_d-300x300.jpg 300w, https:\/\/franciscanos.org.br\/noticias\/wp-content\/uploads\/2021\/11\/joao_d-150x150.jpg 150w, https:\/\/franciscanos.org.br\/noticias\/wp-content\/uploads\/2021\/11\/joao_d-100x100.jpg 100w\" sizes=\"(max-width: 520px) 100vw, 520px\" \/>FREI JO\u00c3O FRANCISCO DA SILVA<\/strong><\/p>\n<p><strong>DEFINIDOR<\/strong><\/p>\n<p>Natural de S\u00e3o Paulo, Frei Jo\u00e3o Francisco nasceu no dia 9 de julho de 1969. Filho de Ant\u00f4nio Oliveira e Maria Lindete da Silva (in memorian), ele \u00e9 o pen\u00faltimo de oito irm\u00e3os. Frei Jo\u00e3o Francisco ingressou na Ordem Franciscana ao fazer a primeira profiss\u00e3o religiosa no Noviciado de Rodeio em 2006. Como j\u00e1 tinha o curso universit\u00e1rio, ficou um ano em Rondinha (Filosofia) e cursou Teologia de 2008 a 2011. Foi ordenado di\u00e1cono pelo Cardel Arcebispo de S\u00e3o Paulo, Dom Odilo Scherer, no dia 10 de mar\u00e7o de 2012. Professou solenemente na Ordem no dia 7 de agosto de 2011.<\/p>\n<p>\u201cSou feliz e realizado em minha voca\u00e7\u00e3o\u201d. Assim dizia Frei Jo\u00e3o Francisco da Silva antes de ser ordenado presb\u00edtero no dia 6 de outubro de 2012, na Par\u00f3quia Nossa Senhora de F\u00e1tima, em Sapopemba, S\u00e3o Paulo.<\/p>\n<p>No ano de sua ordena\u00e7\u00e3o, foi transferido para a Fraternidade S\u00e3o Jos\u00e9, em Guaratinguet\u00e1\/SP, como guardi\u00e3o, servi\u00e7o que continuou at\u00e9 este Cap\u00edtulo. Foi reeleito Definidor no Cap\u00edtulo Provincial de 2018 e continuou na fun\u00e7\u00e3o de Secret\u00e1rio da Forma\u00e7\u00e3o e Estudos.<\/p>\n<hr \/>\n<p><strong><img loading=\"lazy\" class=\"alignleft size-full wp-image-235574\" src=\"https:\/\/franciscanos.org.br\/noticias\/wp-content\/uploads\/2021\/11\/robson_d.jpg\" alt=\"\" width=\"520\" height=\"521\" srcset=\"https:\/\/franciscanos.org.br\/noticias\/wp-content\/uploads\/2021\/11\/robson_d.jpg 520w, https:\/\/franciscanos.org.br\/noticias\/wp-content\/uploads\/2021\/11\/robson_d-450x450.jpg 450w, https:\/\/franciscanos.org.br\/noticias\/wp-content\/uploads\/2021\/11\/robson_d-300x300.jpg 300w, https:\/\/franciscanos.org.br\/noticias\/wp-content\/uploads\/2021\/11\/robson_d-150x150.jpg 150w, https:\/\/franciscanos.org.br\/noticias\/wp-content\/uploads\/2021\/11\/robson_d-100x100.jpg 100w\" sizes=\"(max-width: 520px) 100vw, 520px\" \/>FREI ROBSON LUIZ SCUDELA<\/strong><\/p>\n<p><b>DEFINIDOR<\/b><\/p>\n<p>Natural de Cordilheira Alta, no Oeste Catarinense, Frei R\u00f3bson nasceu no dia 27 de outubro de 1986 e vestiu o h\u00e1bito franciscano no dia 8 de janeiro de 2006, em Rodeio.<\/p>\n<p>O mais novo dos tr\u00eas filhos do casal Lu\u00eds e Maria Scudela, cresceu na comunidade rural de Fernando Machado, onde teve a base de fam\u00edlia, cresceu no trabalho, na ora\u00e7\u00e3o, no estudo prim\u00e1rio, na catequese. Fez o seu acompanhamento vocacional com os frades de Coronel Freitas (SC). Com 14 anos de idade, seguiu para o Semin\u00e1rio Santo Ant\u00f4nio em Agudos (SP), onde cursou o Ensino M\u00e9dio e fez o Aspirantado em 2004. Depois de cumprir as etapas do Aspirantado e Noviciado, em dezembro de 2006 foi atendido \u00e0 profiss\u00e3o tempor\u00e1ria na Ordem Franciscana, na igreja Matriz de Rodeio.<\/p>\n<p>Em seguida cumpriu o programa de forma\u00e7\u00e3o juntamente com o Curso de Filosofia em Rondinha, munic\u00edpio de Campo Largo (PR). Terminado este tempo de tr\u00eas anos, fez o pedido para um tempo de est\u00e1gio na Miss\u00e3o de Angola.<\/p>\n<p>Foi aceito e passou l\u00e1 os dois \u00faltimos anos: um em Quibala (Postulantado) e em Malanje (Aspirantado). Cursou os quatro anos de Teologia em Petr\u00f3polis e teve como primeira transfer\u00eancia o Semin\u00e1rio de Ituporanga, onde foi como orientador.<\/p>\n<p>Frei Robson foi nomeado ec\u00f4nomo, coordenador do Pr\u00f3-Voca\u00e7\u00f5es e Miss\u00f5es Franciscanas e coordenador da Frente das Miss\u00f5es\u00a0 no tri\u00eanio 2019-2021.<\/p>\n<hr \/>\n<p><strong><img loading=\"lazy\" class=\"size-full wp-image-235575 alignright\" src=\"https:\/\/franciscanos.org.br\/noticias\/wp-content\/uploads\/2021\/11\/alexx_d.jpg\" alt=\"\" width=\"520\" height=\"521\" srcset=\"https:\/\/franciscanos.org.br\/noticias\/wp-content\/uploads\/2021\/11\/alexx_d.jpg 520w, https:\/\/franciscanos.org.br\/noticias\/wp-content\/uploads\/2021\/11\/alexx_d-450x450.jpg 450w, https:\/\/franciscanos.org.br\/noticias\/wp-content\/uploads\/2021\/11\/alexx_d-300x300.jpg 300w, https:\/\/franciscanos.org.br\/noticias\/wp-content\/uploads\/2021\/11\/alexx_d-150x150.jpg 150w, https:\/\/franciscanos.org.br\/noticias\/wp-content\/uploads\/2021\/11\/alexx_d-100x100.jpg 100w\" sizes=\"(max-width: 520px) 100vw, 520px\" \/>FREI ALEX CIARNOSCKI<\/strong><\/p>\n<p><strong>DEFINIDOR<\/strong><\/p>\n<p>Natural de Ibicar\u00e9, em Santa Catarina, onde nasceu no dia 29 de maio de 1978, Frei Alex \u00e9 o filho mais velho do casal Valdir Ciarnoscki e Hilda Baggio. \u00c9 irm\u00e3o de Carla Rafaela e P\u00e1bulo Filipe.<\/p>\n<p>Frei Alex ingressou no Noviciado de Rodeio, onde recebeu o h\u00e1bito franciscano em 10 de janeiro de 1997. Professou solenemente na Ordem dos Frades Menores em 19 de fevereiro de 2005. Foi ordenado sacerdote em 14 de outubro de 2006.<\/p>\n<p>Ap\u00f3s o t\u00e9rmino de seus estudos, atuou por dois anos na Par\u00f3quia S\u00e3o Pedro Ap\u00f3stolo, de Gaspar (SC). Depois, por tr\u00eas anos foi o coordenador do Servi\u00e7o de Anima\u00e7\u00e3o Vocacional da Prov\u00edncia. Foi ent\u00e3o, transferido para a Par\u00f3quia S\u00e3o Luiz Gonzaga, em Xaxim, SC, onde durante 9 anos assumiu como p\u00e1roco e guardi\u00e3o da Fraternidade. Atualmente, Frei Alex \u00e9 o p\u00e1roco da Par\u00f3quia S\u00e3o Pedro Ap\u00f3stolo de Pato Branco (PR) e tamb\u00e9m como vice-postulador da Causa de Beatifica\u00e7\u00e3o de Frei Bruno Linden.<\/p>\n<hr \/>\n<p><strong><img loading=\"lazy\" class=\"alignleft size-full wp-image-235576\" src=\"https:\/\/franciscanos.org.br\/noticias\/wp-content\/uploads\/2021\/11\/marcoantonio_d.jpg\" alt=\"\" width=\"520\" height=\"521\" srcset=\"https:\/\/franciscanos.org.br\/noticias\/wp-content\/uploads\/2021\/11\/marcoantonio_d.jpg 520w, https:\/\/franciscanos.org.br\/noticias\/wp-content\/uploads\/2021\/11\/marcoantonio_d-450x450.jpg 450w, https:\/\/franciscanos.org.br\/noticias\/wp-content\/uploads\/2021\/11\/marcoantonio_d-300x300.jpg 300w, https:\/\/franciscanos.org.br\/noticias\/wp-content\/uploads\/2021\/11\/marcoantonio_d-150x150.jpg 150w, https:\/\/franciscanos.org.br\/noticias\/wp-content\/uploads\/2021\/11\/marcoantonio_d-100x100.jpg 100w\" sizes=\"(max-width: 520px) 100vw, 520px\" \/>FREI MARCOS ANT\u00d4NIO ANDRADE<\/strong><\/p>\n<p><strong>DEFINIDOR<\/strong><\/p>\n<p>Natural de Sorocaba, SP, Frei Marcos nasceu no dia 22 de setembro de 1967 e tem hoje 54 anos.<\/p>\n<p>Vestiu o h\u00e1bito franciscano em 1988 e fez a primeira profiss\u00e3o em 10 de janeiro de 1989, tendo 32 anos de Vida Religiosa. Professou solenemente na Ordem dos Frades Menores em 24 de setembro de 1993. Foi ordenado presb\u00edtero no dia 9 de dezembro de 1995 e celebrou o jubileu de 25 anos de sacerd\u00f3cio.<\/p>\n<p><strong>Servi\u00e7os e fun\u00e7\u00f5es<\/strong><\/p>\n<p>1996-2006 \u2013 Orientador, Professor e Reitor no Semin\u00e1rio Santo Ant\u00f4nio, Agudos, SP<\/p>\n<p>2007-2010 \u2013 Estudos em Liturgia no Instituto Santo Anselmo, em Roma, It\u00e1lia<\/p>\n<p>2011-2012 \u2013 Vice mestre, professor e Vig\u00e1rio Paroquial na Fraternidade do Sagrado Cora\u00e7\u00e3o de Jesus, em Petr\u00f3polis, RJ<\/p>\n<p>2012-2021 \u2013 Mestre dos Professos Tempor\u00e1rios do Tempo da Teologia, Petr\u00f3polis, RJ<\/p>\n<hr \/>\n<p><strong><img loading=\"lazy\" class=\"size-full wp-image-235577 alignright\" src=\"https:\/\/franciscanos.org.br\/noticias\/wp-content\/uploads\/2021\/11\/fidencio_d.jpg\" alt=\"\" width=\"520\" height=\"521\" srcset=\"https:\/\/franciscanos.org.br\/noticias\/wp-content\/uploads\/2021\/11\/fidencio_d.jpg 520w, https:\/\/franciscanos.org.br\/noticias\/wp-content\/uploads\/2021\/11\/fidencio_d-450x450.jpg 450w, https:\/\/franciscanos.org.br\/noticias\/wp-content\/uploads\/2021\/11\/fidencio_d-300x300.jpg 300w, https:\/\/franciscanos.org.br\/noticias\/wp-content\/uploads\/2021\/11\/fidencio_d-150x150.jpg 150w, https:\/\/franciscanos.org.br\/noticias\/wp-content\/uploads\/2021\/11\/fidencio_d-100x100.jpg 100w\" sizes=\"(max-width: 520px) 100vw, 520px\" \/>FREI FID\u00caNCIO VANBOEMMEL<\/strong><\/p>\n<p><strong>DEFINIDOR<\/strong><\/p>\n<p>Catarinense, natural da cidade de Santo Amaro da Imperatriz, onde nasceu no dia 25 de mar\u00e7o de 1953, Frei Fid\u00eancio tem 68 anos e h\u00e1 46 anos ingressou na Ordem Franciscana, quando vestiu o h\u00e1bito de S\u00e3o Francisco de Assis no dia 20 de janeiro de 1974. Professou solenemente na Ordem dos Frades Menores no dia 2 de agosto de 1978 e foi ordenado presb\u00edtero no dia 14 de dezembro de 1979. \u201cSou filho de agricultores, voltados para o \u00e1rduo trabalho. Dos pais aprendi a disciplina, o rigor, a ternura e a f\u00e9. Depois, a minha vida foi se moldando dentro da Prov\u00edncia, como seminarista e frade. Ao me formar dentro da Prov\u00edncia, tamb\u00e9m adquiri o seu rosto, principalmente a forma\u00e7\u00e3o que recebi dos meus mestres e irm\u00e3os\u201d, define-se.<\/p>\n<p>Durante 23 anos, Frei Fid\u00eancio trabalhou na forma\u00e7\u00e3o franciscana at\u00e9 ser eleito Ministro Provincial no Cap\u00edtulo Provincial de 2009. \u201cAo terminar a teologia em Petr\u00f3polis eu era candidato a trabalhar numa casa de forma\u00e7\u00e3o da Prov\u00edncia. Na \u00e9poca conversei com o Ministro Provincial, Frei Bas\u00edlio Prim, suplicando para fazer uma experi\u00eancia pastoral para ajudar a vencer a timidez. Fui ent\u00e3o transferido para a Par\u00f3quia de Campos do Jord\u00e3o, no in\u00edcio de 1981 e l\u00e1 permaneci at\u00e9 1985. Depois, a partir de 1986, come\u00e7ou minha trajet\u00f3ria como formador: meio ano em Lages, 1 ano e meio em Petr\u00f3polis, 2 anos de estudos em Roma em vista da forma\u00e7\u00e3o, 7 anos em Rondinha, 3 anos em Guaratinguet\u00e1 e 9 anos mestre em Rodeio\u201d.<\/p>\n<p>Frei Fid\u00eancio Vanboemmel (pronuncia-se Fanbemel) foi eleito Ministro Provincial, para um mandato de seis anos, no Cap\u00edtulo realizado em novembro de 2009, ano que coincidiu tamb\u00e9m com a celebra\u00e7\u00e3o dos 800 anos de funda\u00e7\u00e3o da Ordem dos Frades Menores. Terminado este mandato, para sua surpresa, foi reeleito para mais tr\u00eas anos no Cap\u00edtulo de 2016. No \u00faltimo tri\u00eanio, residindo no Convento S\u00e3o Francisco, onde assumiu as fun\u00e7\u00f5es de Vig\u00e1rio da Fraternidade e Vig\u00e1rio Paroquial, n\u00e3o deixou de servir \u00e0 Prov\u00edncia como moderador da Forma\u00e7\u00e3o Permanente. Com a elei\u00e7\u00e3o de Frei C\u00e9sar K\u00fclkamp para Definidor Geral, Frei Fid\u00eancio voltou ao governo para um mandato de agosto deste ano at\u00e9 este Cap\u00edtulo.<\/p>\n<p><strong>Servi\u00e7os e fun\u00e7\u00f5es<\/strong><\/p>\n<p>1980-1985 \u2013 Vig\u00e1rio cooperador em Campos de Jord\u00e3o, SP<br \/>\n1986 \u2013 Guardi\u00e3o da Fraternidade S\u00e3o Jos\u00e9 do Patroc\u00ednio, Lages, SC<br \/>\n1986-1987 &#8211; Vice mestre dos Professos Tempor\u00e1rios do Tempo da Teologia, em Petr\u00f3polis, RJ<br \/>\n1988-1990 \u2013 Mestrado em Espiritualidade Franciscana no <em>Antonianum<\/em>, em Roma, It\u00e1lia<br \/>\n1990-1994 \u2013 Vice mestre dos Professos Tempor\u00e1rios do Tempo da Filosofia, Rondinha, Campo Largo, PR<br \/>\n1995-1997 \u2013 Mestre dos Professos Tempor\u00e1rios do Tempo da Filosofia, Rondinha, Campo Largo, PR<br \/>\n1998-2000 \u2013 Mestre dos Postulantes em Guaratinguet\u00e1, SP.<br \/>\n2001-2009 \u2013 Mestre de Novi\u00e7os em Rodeio, SC (eleito Definidor para o tri\u00eanio 2007-2009)<br \/>\n2010-2018 \u2013 Ministro Provincial (reeleito)<br \/>\n2019-2021 \u2013 Moderador da Forma\u00e7\u00e3o Permanente e atendente conventual, Convento S\u00e3o Francisco, S\u00e3o Paulo, SP.<\/p>\n<hr \/>\n<p><strong>Equipe de Comunica\u00e7\u00e3o do Cap\u00edtulo:<\/strong>\u00a0<em>Frei Augusto Gabriel, Frei Clauzemir Makximovitz, Frei Gabriel Dellandrea, Frei Alan Leal de Mattos e Moacir Beggo.<\/em><\/p>\n","protected":false},"excerpt":{"rendered":"<p>Cap\u00edtulo Provincial 2021<\/p>\n","protected":false},"author":3,"featured_media":235586,"comment_status":"open","ping_status":"open","sticky":false,"template":"","format":"standard","meta":[],"categories":[1],"tags":[1943],"acf":[],"yoast_head":"<!-- This site is optimized with the Yoast SEO plugin v19.2 - https:\/\/yoast.com\/wordpress\/plugins\/seo\/ -->\n<title>Governo da Prov\u00edncia da Imaculada completo - Not\u00edcias - Franciscanos<\/title>\n<meta name=\"robots\" content=\"index, follow, max-snippet:-1, max-image-preview:large, max-video-preview:-1\" \/>\n<link rel=\"canonical\" href=\"https:\/\/franciscanos.org.br\/noticias\/governo-da-provincia-da-imaculada-completo.html\" \/>\n<meta property=\"og:locale\" content=\"pt_BR\" \/>\n<meta property=\"og:type\" content=\"article\" \/>\n<meta property=\"og:title\" content=\"Governo da Prov\u00edncia da Imaculada completo - Not\u00edcias - Franciscanos\" \/>\n<meta property=\"og:description\" content=\"Cap\u00edtulo Provincial 2021\" \/>\n<meta property=\"og:url\" content=\"https:\/\/franciscanos.org.br\/noticias\/governo-da-provincia-da-imaculada-completo.html\" \/>\n<meta property=\"og:site_name\" content=\"Not\u00edcias - Franciscanos\" \/>\n<meta property=\"article:published_time\" content=\"2021-11-29T20:20:07+00:00\" \/>\n<meta property=\"article:modified_time\" content=\"2021-11-29T22:38:11+00:00\" \/>\n<meta property=\"og:image\" content=\"https:\/\/franciscanos.org.br\/noticias\/wp-content\/uploads\/2021\/11\/governo_completo-1.jpg\" \/>\n\t<meta property=\"og:image:width\" content=\"1280\" \/>\n\t<meta property=\"og:image:height\" content=\"720\" \/>\n\t<meta property=\"og:image:type\" content=\"image\/jpeg\" \/>\n<meta name=\"author\" content=\"moacir\" \/>\n<meta name=\"twitter:card\" content=\"summary_large_image\" \/>\n<meta name=\"twitter:label1\" content=\"Escrito por\" \/>\n\t<meta name=\"twitter:data1\" content=\"moacir\" \/>\n\t<meta name=\"twitter:label2\" content=\"Est. tempo de leitura\" \/>\n\t<meta name=\"twitter:data2\" content=\"13 minutos\" \/>\n<script type=\"application\/ld+json\" class=\"yoast-schema-graph\">{\"@context\":\"https:\/\/schema.org\",\"@graph\":[{\"@type\":\"WebSite\",\"@id\":\"https:\/\/franciscanos.org.br\/noticias\/#website\",\"url\":\"https:\/\/franciscanos.org.br\/noticias\/\",\"name\":\"Not\u00edcias - Franciscanos\",\"description\":\"Prov\u00edncia Franciscana da Imaculada Concei\u00e7\u00e3o do Brasil - Ordem dos Frades Menores - OFM\",\"potentialAction\":[{\"@type\":\"SearchAction\",\"target\":{\"@type\":\"EntryPoint\",\"urlTemplate\":\"https:\/\/franciscanos.org.br\/noticias\/?s={search_term_string}\"},\"query-input\":\"required name=search_term_string\"}],\"inLanguage\":\"pt-BR\"},{\"@type\":\"ImageObject\",\"inLanguage\":\"pt-BR\",\"@id\":\"https:\/\/franciscanos.org.br\/noticias\/governo-da-provincia-da-imaculada-completo.html#primaryimage\",\"url\":\"https:\/\/franciscanos.org.br\/noticias\/wp-content\/uploads\/2021\/11\/governo_completo-1.jpg\",\"contentUrl\":\"https:\/\/franciscanos.org.br\/noticias\/wp-content\/uploads\/2021\/11\/governo_completo-1.jpg\",\"width\":1280,\"height\":720},{\"@type\":\"WebPage\",\"@id\":\"https:\/\/franciscanos.org.br\/noticias\/governo-da-provincia-da-imaculada-completo.html#webpage\",\"url\":\"https:\/\/franciscanos.org.br\/noticias\/governo-da-provincia-da-imaculada-completo.html\",\"name\":\"Governo da Prov\u00edncia da Imaculada completo - Not\u00edcias - Franciscanos\",\"isPartOf\":{\"@id\":\"https:\/\/franciscanos.org.br\/noticias\/#website\"},\"primaryImageOfPage\":{\"@id\":\"https:\/\/franciscanos.org.br\/noticias\/governo-da-provincia-da-imaculada-completo.html#primaryimage\"},\"datePublished\":\"2021-11-29T20:20:07+00:00\",\"dateModified\":\"2021-11-29T22:38:11+00:00\",\"author\":{\"@id\":\"https:\/\/franciscanos.org.br\/noticias\/#\/schema\/person\/b5c8cba458c330ccff548b056e95a5d4\"},\"breadcrumb\":{\"@id\":\"https:\/\/franciscanos.org.br\/noticias\/governo-da-provincia-da-imaculada-completo.html#breadcrumb\"},\"inLanguage\":\"pt-BR\",\"potentialAction\":[{\"@type\":\"ReadAction\",\"target\":[\"https:\/\/franciscanos.org.br\/noticias\/governo-da-provincia-da-imaculada-completo.html\"]}]},{\"@type\":\"BreadcrumbList\",\"@id\":\"https:\/\/franciscanos.org.br\/noticias\/governo-da-provincia-da-imaculada-completo.html#breadcrumb\",\"itemListElement\":[{\"@type\":\"ListItem\",\"position\":1,\"name\":\"Home\",\"item\":\"https:\/\/franciscanos.org.br\/noticias\"},{\"@type\":\"ListItem\",\"position\":2,\"name\":\"Governo da Prov\u00edncia da Imaculada completo\"}]},{\"@type\":\"Person\",\"@id\":\"https:\/\/franciscanos.org.br\/noticias\/#\/schema\/person\/b5c8cba458c330ccff548b056e95a5d4\",\"name\":\"moacir\",\"image\":{\"@type\":\"ImageObject\",\"inLanguage\":\"pt-BR\",\"@id\":\"https:\/\/franciscanos.org.br\/noticias\/#\/schema\/person\/image\/\",\"url\":\"https:\/\/secure.gravatar.com\/avatar\/d08aa2ce4c8dd416d4479aa8536fcf64?s=96&d=mm&r=g\",\"contentUrl\":\"https:\/\/secure.gravatar.com\/avatar\/d08aa2ce4c8dd416d4479aa8536fcf64?s=96&d=mm&r=g\",\"caption\":\"moacir\"},\"url\":\"https:\/\/franciscanos.org.br\/noticias\/author\/moacir\"}]}<\/script>\n<!-- \/ Yoast SEO plugin. -->","yoast_head_json":{"title":"Governo da Prov\u00edncia da Imaculada completo - Not\u00edcias - Franciscanos","robots":{"index":"index","follow":"follow","max-snippet":"max-snippet:-1","max-image-preview":"max-image-preview:large","max-video-preview":"max-video-preview:-1"},"canonical":"https:\/\/franciscanos.org.br\/noticias\/governo-da-provincia-da-imaculada-completo.html","og_locale":"pt_BR","og_type":"article","og_title":"Governo da Prov\u00edncia da Imaculada completo - Not\u00edcias - Franciscanos","og_description":"Cap\u00edtulo Provincial 2021","og_url":"https:\/\/franciscanos.org.br\/noticias\/governo-da-provincia-da-imaculada-completo.html","og_site_name":"Not\u00edcias - Franciscanos","article_published_time":"2021-11-29T20:20:07+00:00","article_modified_time":"2021-11-29T22:38:11+00:00","og_image":[{"width":1280,"height":720,"url":"https:\/\/franciscanos.org.br\/noticias\/wp-content\/uploads\/2021\/11\/governo_completo-1.jpg","type":"image\/jpeg"}],"author":"moacir","twitter_card":"summary_large_image","twitter_misc":{"Escrito por":"moacir","Est. tempo de leitura":"13 minutos"},"schema":{"@context":"https:\/\/schema.org","@graph":[{"@type":"WebSite","@id":"https:\/\/franciscanos.org.br\/noticias\/#website","url":"https:\/\/franciscanos.org.br\/noticias\/","name":"Not\u00edcias - Franciscanos","description":"Prov\u00edncia Franciscana da Imaculada Concei\u00e7\u00e3o do Brasil - Ordem dos Frades Menores - OFM","potentialAction":[{"@type":"SearchAction","target":{"@type":"EntryPoint","urlTemplate":"https:\/\/franciscanos.org.br\/noticias\/?s={search_term_string}"},"query-input":"required name=search_term_string"}],"inLanguage":"pt-BR"},{"@type":"ImageObject","inLanguage":"pt-BR","@id":"https:\/\/franciscanos.org.br\/noticias\/governo-da-provincia-da-imaculada-completo.html#primaryimage","url":"https:\/\/franciscanos.org.br\/noticias\/wp-content\/uploads\/2021\/11\/governo_completo-1.jpg","contentUrl":"https:\/\/franciscanos.org.br\/noticias\/wp-content\/uploads\/2021\/11\/governo_completo-1.jpg","width":1280,"height":720},{"@type":"WebPage","@id":"https:\/\/franciscanos.org.br\/noticias\/governo-da-provincia-da-imaculada-completo.html#webpage","url":"https:\/\/franciscanos.org.br\/noticias\/governo-da-provincia-da-imaculada-completo.html","name":"Governo da Prov\u00edncia da Imaculada completo - Not\u00edcias - Franciscanos","isPartOf":{"@id":"https:\/\/franciscanos.org.br\/noticias\/#website"},"primaryImageOfPage":{"@id":"https:\/\/franciscanos.org.br\/noticias\/governo-da-provincia-da-imaculada-completo.html#primaryimage"},"datePublished":"2021-11-29T20:20:07+00:00","dateModified":"2021-11-29T22:38:11+00:00","author":{"@id":"https:\/\/franciscanos.org.br\/noticias\/#\/schema\/person\/b5c8cba458c330ccff548b056e95a5d4"},"breadcrumb":{"@id":"https:\/\/franciscanos.org.br\/noticias\/governo-da-provincia-da-imaculada-completo.html#breadcrumb"},"inLanguage":"pt-BR","potentialAction":[{"@type":"ReadAction","target":["https:\/\/franciscanos.org.br\/noticias\/governo-da-provincia-da-imaculada-completo.html"]}]},{"@type":"BreadcrumbList","@id":"https:\/\/franciscanos.org.br\/noticias\/governo-da-provincia-da-imaculada-completo.html#breadcrumb","itemListElement":[{"@type":"ListItem","position":1,"name":"Home","item":"https:\/\/franciscanos.org.br\/noticias"},{"@type":"ListItem","position":2,"name":"Governo da Prov\u00edncia da Imaculada completo"}]},{"@type":"Person","@id":"https:\/\/franciscanos.org.br\/noticias\/#\/schema\/person\/b5c8cba458c330ccff548b056e95a5d4","name":"moacir","image":{"@type":"ImageObject","inLanguage":"pt-BR","@id":"https:\/\/franciscanos.org.br\/noticias\/#\/schema\/person\/image\/","url":"https:\/\/secure.gravatar.com\/avatar\/d08aa2ce4c8dd416d4479aa8536fcf64?s=96&d=mm&r=g","contentUrl":"https:\/\/secure.gravatar.com\/avatar\/d08aa2ce4c8dd416d4479aa8536fcf64?s=96&d=mm&r=g","caption":"moacir"},"url":"https:\/\/franciscanos.org.br\/noticias\/author\/moacir"}]}},"_links":{"self":[{"href":"https:\/\/franciscanos.org.br\/noticias\/wp-json\/wp\/v2\/posts\/235562"}],"collection":[{"href":"https:\/\/franciscanos.org.br\/noticias\/wp-json\/wp\/v2\/posts"}],"about":[{"href":"https:\/\/franciscanos.org.br\/noticias\/wp-json\/wp\/v2\/types\/post"}],"author":[{"embeddable":true,"href":"https:\/\/franciscanos.org.br\/noticias\/wp-json\/wp\/v2\/users\/3"}],"replies":[{"embeddable":true,"href":"https:\/\/franciscanos.org.br\/noticias\/wp-json\/wp\/v2\/comments?post=235562"}],"version-history":[{"count":8,"href":"https:\/\/franciscanos.org.br\/noticias\/wp-json\/wp\/v2\/posts\/235562\/revisions"}],"predecessor-version":[{"id":235585,"href":"https:\/\/franciscanos.org.br\/noticias\/wp-json\/wp\/v2\/posts\/235562\/revisions\/235585"}],"wp:featuredmedia":[{"embeddable":true,"href":"https:\/\/franciscanos.org.br\/noticias\/wp-json\/wp\/v2\/media\/235586"}],"wp:attachment":[{"href":"https:\/\/franciscanos.org.br\/noticias\/wp-json\/wp\/v2\/media?parent=235562"}],"wp:term":[{"taxonomy":"category","embeddable":true,"href":"https:\/\/franciscanos.org.br\/noticias\/wp-json\/wp\/v2\/categories?post=235562"},{"taxonomy":"post_tag","embeddable":true,"href":"https:\/\/franciscanos.org.br\/noticias\/wp-json\/wp\/v2\/tags?post=235562"}],"curies":[{"name":"wp","href":"https:\/\/api.w.org\/{rel}","templated":true}]}}