{"id":235561,"date":"2021-11-29T17:17:28","date_gmt":"2021-11-29T20:17:28","guid":{"rendered":"https:\/\/franciscanos.org.br\/noticias\/?p=235561"},"modified":"2021-11-29T17:18:09","modified_gmt":"2021-11-29T20:18:09","slug":"frei-fidencio-e-eleito-definidor","status":"publish","type":"post","link":"https:\/\/franciscanos.org.br\/noticias\/frei-fidencio-e-eleito-definidor.html","title":{"rendered":"Frei Fid\u00eancio completa o Definit\u00f3rio da Prov\u00edncia"},"content":{"rendered":"<p><img loading=\"lazy\" class=\"alignnone size-full wp-image-235564\" src=\"https:\/\/franciscanos.org.br\/noticias\/wp-content\/uploads\/2021\/11\/fidencio_2911.jpg\" alt=\"\" width=\"1280\" height=\"720\" srcset=\"https:\/\/franciscanos.org.br\/noticias\/wp-content\/uploads\/2021\/11\/fidencio_2911.jpg 1280w, https:\/\/franciscanos.org.br\/noticias\/wp-content\/uploads\/2021\/11\/fidencio_2911-450x253.jpg 450w, https:\/\/franciscanos.org.br\/noticias\/wp-content\/uploads\/2021\/11\/fidencio_2911-1024x576.jpg 1024w, https:\/\/franciscanos.org.br\/noticias\/wp-content\/uploads\/2021\/11\/fidencio_2911-768x432.jpg 768w, https:\/\/franciscanos.org.br\/noticias\/wp-content\/uploads\/2021\/11\/fidencio_2911-150x84.jpg 150w\" sizes=\"(max-width: 1280px) 100vw, 1280px\" \/><\/p>\n<p><strong>Frei Fid\u00eancio foi eleito em segundo escrut\u00ednio com 62 votos<\/strong><\/p>\n<p>Catarinense, natural da cidade de Santo Amaro da Imperatriz, onde nasceu no dia 25 de mar\u00e7o de 1953, Frei Fid\u00eancio tem 68 anos e h\u00e1 46 anos ingressou na Ordem Franciscana, quando vestiu o h\u00e1bito de S\u00e3o Francisco de Assis no dia 20 de janeiro de 1974. Professou solenemente na Ordem dos Frades Menores no dia 2 de agosto de 1978 e foi ordenado presb\u00edtero no dia 14 de dezembro de 1979. \u201cSou filho de agricultores, voltados para o \u00e1rduo trabalho. Dos pais aprendi a disciplina, o rigor, a ternura e a f\u00e9. Depois, a minha vida foi se moldando dentro da Prov\u00edncia, como seminarista e frade. Ao me formar dentro da Prov\u00edncia, tamb\u00e9m adquiri o seu rosto, principalmente a forma\u00e7\u00e3o que recebi dos meus mestres e irm\u00e3os\u201d, define-se.<\/p>\n<p>Durante 23 anos, Frei Fid\u00eancio trabalhou na forma\u00e7\u00e3o franciscana at\u00e9 ser eleito Ministro Provincial no Cap\u00edtulo Provincial de 2009. \u201cAo terminar a teologia em Petr\u00f3polis eu era candidato a trabalhar numa casa de forma\u00e7\u00e3o da Prov\u00edncia. Na \u00e9poca conversei com o Ministro Provincial, Frei Bas\u00edlio Prim, suplicando para fazer uma experi\u00eancia pastoral para ajudar a vencer a timidez. Fui ent\u00e3o transferido para a Par\u00f3quia de Campos do Jord\u00e3o, no in\u00edcio de 1981 e l\u00e1 permaneci at\u00e9 1985. Depois, a partir de 1986, come\u00e7ou minha trajet\u00f3ria como formador: meio ano em Lages, 1 ano e meio em Petr\u00f3polis, 2 anos de estudos em Roma em vista da forma\u00e7\u00e3o, 7 anos em Rondinha, 3 anos em Guaratinguet\u00e1 e 9 anos mestre em Rodeio\u201d.<\/p>\n<p>Frei Fid\u00eancio Vanboemmel (pronuncia-se Fanbemel) foi eleito Ministro Provincial, para um mandato de seis anos, no Cap\u00edtulo realizado em novembro de 2009, ano que coincidiu tamb\u00e9m com a celebra\u00e7\u00e3o dos 800 anos de funda\u00e7\u00e3o da Ordem dos Frades Menores. Terminado este mandato, para sua surpresa, foi reeleito para mais tr\u00eas anos no Cap\u00edtulo de 2016. No \u00faltimo tri\u00eanio, residindo no Convento S\u00e3o Francisco, onde assumiu as fun\u00e7\u00f5es de Vig\u00e1rio da Fraternidade e Vig\u00e1rio Paroquial, n\u00e3o deixou de servir \u00e0 Prov\u00edncia como moderador da Forma\u00e7\u00e3o Permanente. Com a elei\u00e7\u00e3o de Frei C\u00e9sar K\u00fclkamp para Definidor Geral, Frei Fid\u00eancio voltou ao governo para um mandato de agosto deste ano at\u00e9 este Cap\u00edtulo.<\/p>\n<p><strong>Servi\u00e7os e fun\u00e7\u00f5es<\/strong><\/p>\n<p>1980-1985 \u2013 Vig\u00e1rio cooperador em Campos de Jord\u00e3o, SP<\/p>\n<p>1986 \u2013 Guardi\u00e3o da Fraternidade S\u00e3o Jos\u00e9 do Patroc\u00ednio, Lages, SC<\/p>\n<p>1986-1987 &#8211; Vice mestre dos Professos Tempor\u00e1rios do Tempo da Teologia, em Petr\u00f3polis, RJ<\/p>\n<p>1988-1990 \u2013 Mestrado em Espiritualidade Franciscana no <em>Antonianum<\/em>, em Roma, It\u00e1lia<\/p>\n<p>1990-1994 \u2013 Vice mestre dos Professos Tempor\u00e1rios do Tempo da Filosofia, Rondinha, Campo Largo, PR<\/p>\n<p>1995-1997 \u2013 Mestre dos Professos Tempor\u00e1rios do Tempo da Filosofia, Rondinha, Campo Largo, PR<\/p>\n<p>1998-2000 \u2013 Mestre dos Postulantes em Guaratinguet\u00e1, SP.<\/p>\n<p>2001-2009 \u2013 Mestre de Novi\u00e7os em Rodeio, SC (eleito Definidor para o tri\u00eanio 2007-2009)<\/p>\n<p>2010-2018 \u2013 Ministro Provincial (reeleito)<\/p>\n<p>2019-2021 \u2013 Moderador da Forma\u00e7\u00e3o Permanente e atendente conventual, Convento S\u00e3o Francisco, S\u00e3o Paulo, SP.<\/p>\n<hr \/>\n<p><strong>Equipe de Comunica\u00e7\u00e3o do Cap\u00edtulo:<\/strong>\u00a0<em>Frei Augusto Gabriel, Frei Clauzemir Makximovitz, Frei Gabriel Dellandrea, Frei Alan Leal de Mattos e Moacir Beggo.<\/em><\/p>\n","protected":false},"excerpt":{"rendered":"<p>Cap\u00edtulo Provincial 2021<\/p>\n","protected":false},"author":3,"featured_media":235564,"comment_status":"open","ping_status":"open","sticky":false,"template":"","format":"standard","meta":[],"categories":[1],"tags":[1943],"acf":[],"yoast_head":"<!-- This site is optimized with the Yoast SEO plugin v19.2 - https:\/\/yoast.com\/wordpress\/plugins\/seo\/ -->\n<title>Frei Fid\u00eancio completa o Definit\u00f3rio da Prov\u00edncia - Not\u00edcias - Franciscanos<\/title>\n<meta name=\"robots\" content=\"index, follow, max-snippet:-1, max-image-preview:large, max-video-preview:-1\" \/>\n<link rel=\"canonical\" href=\"https:\/\/franciscanos.org.br\/noticias\/frei-fidencio-e-eleito-definidor.html\" \/>\n<meta property=\"og:locale\" content=\"pt_BR\" \/>\n<meta property=\"og:type\" content=\"article\" \/>\n<meta property=\"og:title\" content=\"Frei Fid\u00eancio completa o Definit\u00f3rio da Prov\u00edncia - Not\u00edcias - Franciscanos\" \/>\n<meta property=\"og:description\" content=\"Cap\u00edtulo Provincial 2021\" \/>\n<meta property=\"og:url\" content=\"https:\/\/franciscanos.org.br\/noticias\/frei-fidencio-e-eleito-definidor.html\" \/>\n<meta property=\"og:site_name\" content=\"Not\u00edcias - Franciscanos\" \/>\n<meta property=\"article:published_time\" content=\"2021-11-29T20:17:28+00:00\" \/>\n<meta property=\"article:modified_time\" content=\"2021-11-29T20:18:09+00:00\" \/>\n<meta property=\"og:image\" content=\"https:\/\/franciscanos.org.br\/noticias\/wp-content\/uploads\/2021\/11\/fidencio_2911.jpg\" \/>\n\t<meta property=\"og:image:width\" content=\"1280\" \/>\n\t<meta property=\"og:image:height\" content=\"720\" \/>\n\t<meta property=\"og:image:type\" content=\"image\/jpeg\" \/>\n<meta name=\"author\" content=\"moacir\" \/>\n<meta name=\"twitter:card\" content=\"summary_large_image\" \/>\n<meta name=\"twitter:label1\" content=\"Escrito por\" \/>\n\t<meta name=\"twitter:data1\" content=\"moacir\" \/>\n\t<meta name=\"twitter:label2\" content=\"Est. tempo de leitura\" \/>\n\t<meta name=\"twitter:data2\" content=\"3 minutos\" \/>\n<script type=\"application\/ld+json\" class=\"yoast-schema-graph\">{\"@context\":\"https:\/\/schema.org\",\"@graph\":[{\"@type\":\"WebSite\",\"@id\":\"https:\/\/franciscanos.org.br\/noticias\/#website\",\"url\":\"https:\/\/franciscanos.org.br\/noticias\/\",\"name\":\"Not\u00edcias - Franciscanos\",\"description\":\"Prov\u00edncia Franciscana da Imaculada Concei\u00e7\u00e3o do Brasil - Ordem dos Frades Menores - OFM\",\"potentialAction\":[{\"@type\":\"SearchAction\",\"target\":{\"@type\":\"EntryPoint\",\"urlTemplate\":\"https:\/\/franciscanos.org.br\/noticias\/?s={search_term_string}\"},\"query-input\":\"required name=search_term_string\"}],\"inLanguage\":\"pt-BR\"},{\"@type\":\"ImageObject\",\"inLanguage\":\"pt-BR\",\"@id\":\"https:\/\/franciscanos.org.br\/noticias\/frei-fidencio-e-eleito-definidor.html#primaryimage\",\"url\":\"https:\/\/franciscanos.org.br\/noticias\/wp-content\/uploads\/2021\/11\/fidencio_2911.jpg\",\"contentUrl\":\"https:\/\/franciscanos.org.br\/noticias\/wp-content\/uploads\/2021\/11\/fidencio_2911.jpg\",\"width\":1280,\"height\":720},{\"@type\":\"WebPage\",\"@id\":\"https:\/\/franciscanos.org.br\/noticias\/frei-fidencio-e-eleito-definidor.html#webpage\",\"url\":\"https:\/\/franciscanos.org.br\/noticias\/frei-fidencio-e-eleito-definidor.html\",\"name\":\"Frei Fid\u00eancio completa o Definit\u00f3rio da Prov\u00edncia - Not\u00edcias - Franciscanos\",\"isPartOf\":{\"@id\":\"https:\/\/franciscanos.org.br\/noticias\/#website\"},\"primaryImageOfPage\":{\"@id\":\"https:\/\/franciscanos.org.br\/noticias\/frei-fidencio-e-eleito-definidor.html#primaryimage\"},\"datePublished\":\"2021-11-29T20:17:28+00:00\",\"dateModified\":\"2021-11-29T20:18:09+00:00\",\"author\":{\"@id\":\"https:\/\/franciscanos.org.br\/noticias\/#\/schema\/person\/b5c8cba458c330ccff548b056e95a5d4\"},\"breadcrumb\":{\"@id\":\"https:\/\/franciscanos.org.br\/noticias\/frei-fidencio-e-eleito-definidor.html#breadcrumb\"},\"inLanguage\":\"pt-BR\",\"potentialAction\":[{\"@type\":\"ReadAction\",\"target\":[\"https:\/\/franciscanos.org.br\/noticias\/frei-fidencio-e-eleito-definidor.html\"]}]},{\"@type\":\"BreadcrumbList\",\"@id\":\"https:\/\/franciscanos.org.br\/noticias\/frei-fidencio-e-eleito-definidor.html#breadcrumb\",\"itemListElement\":[{\"@type\":\"ListItem\",\"position\":1,\"name\":\"Home\",\"item\":\"https:\/\/franciscanos.org.br\/noticias\"},{\"@type\":\"ListItem\",\"position\":2,\"name\":\"Frei Fid\u00eancio completa o Definit\u00f3rio da Prov\u00edncia\"}]},{\"@type\":\"Person\",\"@id\":\"https:\/\/franciscanos.org.br\/noticias\/#\/schema\/person\/b5c8cba458c330ccff548b056e95a5d4\",\"name\":\"moacir\",\"image\":{\"@type\":\"ImageObject\",\"inLanguage\":\"pt-BR\",\"@id\":\"https:\/\/franciscanos.org.br\/noticias\/#\/schema\/person\/image\/\",\"url\":\"https:\/\/secure.gravatar.com\/avatar\/d08aa2ce4c8dd416d4479aa8536fcf64?s=96&d=mm&r=g\",\"contentUrl\":\"https:\/\/secure.gravatar.com\/avatar\/d08aa2ce4c8dd416d4479aa8536fcf64?s=96&d=mm&r=g\",\"caption\":\"moacir\"},\"url\":\"https:\/\/franciscanos.org.br\/noticias\/author\/moacir\"}]}<\/script>\n<!-- \/ Yoast SEO plugin. -->","yoast_head_json":{"title":"Frei Fid\u00eancio completa o Definit\u00f3rio da Prov\u00edncia - Not\u00edcias - Franciscanos","robots":{"index":"index","follow":"follow","max-snippet":"max-snippet:-1","max-image-preview":"max-image-preview:large","max-video-preview":"max-video-preview:-1"},"canonical":"https:\/\/franciscanos.org.br\/noticias\/frei-fidencio-e-eleito-definidor.html","og_locale":"pt_BR","og_type":"article","og_title":"Frei Fid\u00eancio completa o Definit\u00f3rio da Prov\u00edncia - Not\u00edcias - Franciscanos","og_description":"Cap\u00edtulo Provincial 2021","og_url":"https:\/\/franciscanos.org.br\/noticias\/frei-fidencio-e-eleito-definidor.html","og_site_name":"Not\u00edcias - Franciscanos","article_published_time":"2021-11-29T20:17:28+00:00","article_modified_time":"2021-11-29T20:18:09+00:00","og_image":[{"width":1280,"height":720,"url":"https:\/\/franciscanos.org.br\/noticias\/wp-content\/uploads\/2021\/11\/fidencio_2911.jpg","type":"image\/jpeg"}],"author":"moacir","twitter_card":"summary_large_image","twitter_misc":{"Escrito por":"moacir","Est. tempo de leitura":"3 minutos"},"schema":{"@context":"https:\/\/schema.org","@graph":[{"@type":"WebSite","@id":"https:\/\/franciscanos.org.br\/noticias\/#website","url":"https:\/\/franciscanos.org.br\/noticias\/","name":"Not\u00edcias - Franciscanos","description":"Prov\u00edncia Franciscana da Imaculada Concei\u00e7\u00e3o do Brasil - Ordem dos Frades Menores - OFM","potentialAction":[{"@type":"SearchAction","target":{"@type":"EntryPoint","urlTemplate":"https:\/\/franciscanos.org.br\/noticias\/?s={search_term_string}"},"query-input":"required name=search_term_string"}],"inLanguage":"pt-BR"},{"@type":"ImageObject","inLanguage":"pt-BR","@id":"https:\/\/franciscanos.org.br\/noticias\/frei-fidencio-e-eleito-definidor.html#primaryimage","url":"https:\/\/franciscanos.org.br\/noticias\/wp-content\/uploads\/2021\/11\/fidencio_2911.jpg","contentUrl":"https:\/\/franciscanos.org.br\/noticias\/wp-content\/uploads\/2021\/11\/fidencio_2911.jpg","width":1280,"height":720},{"@type":"WebPage","@id":"https:\/\/franciscanos.org.br\/noticias\/frei-fidencio-e-eleito-definidor.html#webpage","url":"https:\/\/franciscanos.org.br\/noticias\/frei-fidencio-e-eleito-definidor.html","name":"Frei Fid\u00eancio completa o Definit\u00f3rio da Prov\u00edncia - Not\u00edcias - Franciscanos","isPartOf":{"@id":"https:\/\/franciscanos.org.br\/noticias\/#website"},"primaryImageOfPage":{"@id":"https:\/\/franciscanos.org.br\/noticias\/frei-fidencio-e-eleito-definidor.html#primaryimage"},"datePublished":"2021-11-29T20:17:28+00:00","dateModified":"2021-11-29T20:18:09+00:00","author":{"@id":"https:\/\/franciscanos.org.br\/noticias\/#\/schema\/person\/b5c8cba458c330ccff548b056e95a5d4"},"breadcrumb":{"@id":"https:\/\/franciscanos.org.br\/noticias\/frei-fidencio-e-eleito-definidor.html#breadcrumb"},"inLanguage":"pt-BR","potentialAction":[{"@type":"ReadAction","target":["https:\/\/franciscanos.org.br\/noticias\/frei-fidencio-e-eleito-definidor.html"]}]},{"@type":"BreadcrumbList","@id":"https:\/\/franciscanos.org.br\/noticias\/frei-fidencio-e-eleito-definidor.html#breadcrumb","itemListElement":[{"@type":"ListItem","position":1,"name":"Home","item":"https:\/\/franciscanos.org.br\/noticias"},{"@type":"ListItem","position":2,"name":"Frei Fid\u00eancio completa o Definit\u00f3rio da Prov\u00edncia"}]},{"@type":"Person","@id":"https:\/\/franciscanos.org.br\/noticias\/#\/schema\/person\/b5c8cba458c330ccff548b056e95a5d4","name":"moacir","image":{"@type":"ImageObject","inLanguage":"pt-BR","@id":"https:\/\/franciscanos.org.br\/noticias\/#\/schema\/person\/image\/","url":"https:\/\/secure.gravatar.com\/avatar\/d08aa2ce4c8dd416d4479aa8536fcf64?s=96&d=mm&r=g","contentUrl":"https:\/\/secure.gravatar.com\/avatar\/d08aa2ce4c8dd416d4479aa8536fcf64?s=96&d=mm&r=g","caption":"moacir"},"url":"https:\/\/franciscanos.org.br\/noticias\/author\/moacir"}]}},"_links":{"self":[{"href":"https:\/\/franciscanos.org.br\/noticias\/wp-json\/wp\/v2\/posts\/235561"}],"collection":[{"href":"https:\/\/franciscanos.org.br\/noticias\/wp-json\/wp\/v2\/posts"}],"about":[{"href":"https:\/\/franciscanos.org.br\/noticias\/wp-json\/wp\/v2\/types\/post"}],"author":[{"embeddable":true,"href":"https:\/\/franciscanos.org.br\/noticias\/wp-json\/wp\/v2\/users\/3"}],"replies":[{"embeddable":true,"href":"https:\/\/franciscanos.org.br\/noticias\/wp-json\/wp\/v2\/comments?post=235561"}],"version-history":[{"count":2,"href":"https:\/\/franciscanos.org.br\/noticias\/wp-json\/wp\/v2\/posts\/235561\/revisions"}],"predecessor-version":[{"id":235566,"href":"https:\/\/franciscanos.org.br\/noticias\/wp-json\/wp\/v2\/posts\/235561\/revisions\/235566"}],"wp:featuredmedia":[{"embeddable":true,"href":"https:\/\/franciscanos.org.br\/noticias\/wp-json\/wp\/v2\/media\/235564"}],"wp:attachment":[{"href":"https:\/\/franciscanos.org.br\/noticias\/wp-json\/wp\/v2\/media?parent=235561"}],"wp:term":[{"taxonomy":"category","embeddable":true,"href":"https:\/\/franciscanos.org.br\/noticias\/wp-json\/wp\/v2\/categories?post=235561"},{"taxonomy":"post_tag","embeddable":true,"href":"https:\/\/franciscanos.org.br\/noticias\/wp-json\/wp\/v2\/tags?post=235561"}],"curies":[{"name":"wp","href":"https:\/\/api.w.org\/{rel}","templated":true}]}}