{"id":235555,"date":"2021-11-29T16:36:53","date_gmt":"2021-11-29T19:36:53","guid":{"rendered":"https:\/\/franciscanos.org.br\/noticias\/?p=235555"},"modified":"2021-11-29T16:36:53","modified_gmt":"2021-11-29T19:36:53","slug":"frei-alex-sandro-ciarnoscki-e-eleito-definidor","status":"publish","type":"post","link":"https:\/\/franciscanos.org.br\/noticias\/frei-alex-sandro-ciarnoscki-e-eleito-definidor.html","title":{"rendered":"Frei Alex Sandro Ciarnoscki \u00e9 eleito Definidor"},"content":{"rendered":"<p><img loading=\"lazy\" class=\"alignnone size-full wp-image-235556\" src=\"https:\/\/franciscanos.org.br\/noticias\/wp-content\/uploads\/2021\/11\/alexx_29.jpg\" alt=\"\" width=\"1280\" height=\"720\" srcset=\"https:\/\/franciscanos.org.br\/noticias\/wp-content\/uploads\/2021\/11\/alexx_29.jpg 1280w, https:\/\/franciscanos.org.br\/noticias\/wp-content\/uploads\/2021\/11\/alexx_29-450x253.jpg 450w, https:\/\/franciscanos.org.br\/noticias\/wp-content\/uploads\/2021\/11\/alexx_29-1024x576.jpg 1024w, https:\/\/franciscanos.org.br\/noticias\/wp-content\/uploads\/2021\/11\/alexx_29-768x432.jpg 768w, https:\/\/franciscanos.org.br\/noticias\/wp-content\/uploads\/2021\/11\/alexx_29-150x84.jpg 150w\" sizes=\"(max-width: 1280px) 100vw, 1280px\" \/><\/p>\n<p><strong>Frei Alex foi eleito em segundo escrut\u00ednio com 67 votos<\/strong><\/p>\n<p>Natural de Ibicar\u00e9, em Santa Catarina, onde nasceu no dia 29 de maio de 1978, Frei Alex \u00e9 o filho mais velho do casal Valdir Ciarnoscki e Hilda Baggio. \u00c9 irm\u00e3o de Carla Rafaela e P\u00e1bulo Filipe.<\/p>\n<p>Frei Alex ingressou no Noviciado de Rodeio, onde recebeu o h\u00e1bito franciscano em 10 de janeiro de 1997. Professou solenemente na Ordem dos Frades Menores em 19 de fevereiro de 2005. Foi ordenado sacerdote em 14 de outubro de 2006.<\/p>\n<p>Ap\u00f3s o t\u00e9rmino de seus estudos, atuou por dois anos na Par\u00f3quia S\u00e3o Pedro Ap\u00f3stolo, de Gaspar (SC). Depois, por tr\u00eas anos foi o coordenador do Servi\u00e7o de Anima\u00e7\u00e3o Vocacional da Prov\u00edncia. Foi ent\u00e3o, transferido para a Par\u00f3quia S\u00e3o Luiz Gonzaga, em Xaxim, SC, onde durante 9 anos assumiu como p\u00e1roco e guardi\u00e3o da Fraternidade. Atualmente, Frei Alex \u00e9 o p\u00e1roco da Par\u00f3quia S\u00e3o Pedro Ap\u00f3stolo de Pato Branco (PR) e tamb\u00e9m como vice-postulador da Causa de Beatifica\u00e7\u00e3o de Frei Bruno Linden.<\/p>\n<hr \/>\n<p><strong>Equipe de Comunica\u00e7\u00e3o do Cap\u00edtulo:<\/strong>\u00a0<em>Frei Augusto Gabriel, Frei Clauzemir Makximovitz, Frei Gabriel Dellandrea, Frei Alan Leal de Mattos e Moacir Beggo.<\/em><\/p>\n","protected":false},"excerpt":{"rendered":"<p>Cap\u00edtulo Provincial 2021<\/p>\n","protected":false},"author":3,"featured_media":235556,"comment_status":"open","ping_status":"open","sticky":false,"template":"","format":"standard","meta":[],"categories":[1],"tags":[1943],"acf":[],"yoast_head":"<!-- This site is optimized with the Yoast SEO plugin v19.2 - https:\/\/yoast.com\/wordpress\/plugins\/seo\/ -->\n<title>Frei Alex Sandro Ciarnoscki \u00e9 eleito Definidor - Not\u00edcias - Franciscanos<\/title>\n<meta name=\"robots\" content=\"index, follow, max-snippet:-1, max-image-preview:large, max-video-preview:-1\" \/>\n<link rel=\"canonical\" href=\"https:\/\/franciscanos.org.br\/noticias\/frei-alex-sandro-ciarnoscki-e-eleito-definidor.html\" \/>\n<meta property=\"og:locale\" content=\"pt_BR\" \/>\n<meta property=\"og:type\" content=\"article\" \/>\n<meta property=\"og:title\" content=\"Frei Alex Sandro Ciarnoscki \u00e9 eleito Definidor - Not\u00edcias - Franciscanos\" \/>\n<meta property=\"og:description\" content=\"Cap\u00edtulo Provincial 2021\" \/>\n<meta property=\"og:url\" content=\"https:\/\/franciscanos.org.br\/noticias\/frei-alex-sandro-ciarnoscki-e-eleito-definidor.html\" \/>\n<meta property=\"og:site_name\" content=\"Not\u00edcias - Franciscanos\" \/>\n<meta property=\"article:published_time\" content=\"2021-11-29T19:36:53+00:00\" \/>\n<meta property=\"og:image\" content=\"https:\/\/franciscanos.org.br\/noticias\/wp-content\/uploads\/2021\/11\/alexx_29.jpg\" \/>\n\t<meta property=\"og:image:width\" content=\"1280\" \/>\n\t<meta property=\"og:image:height\" content=\"720\" \/>\n\t<meta property=\"og:image:type\" content=\"image\/jpeg\" \/>\n<meta name=\"author\" content=\"moacir\" \/>\n<meta name=\"twitter:card\" content=\"summary_large_image\" \/>\n<meta name=\"twitter:label1\" content=\"Escrito por\" \/>\n\t<meta name=\"twitter:data1\" content=\"moacir\" \/>\n\t<meta name=\"twitter:label2\" content=\"Est. tempo de leitura\" \/>\n\t<meta name=\"twitter:data2\" content=\"1 minuto\" \/>\n<script type=\"application\/ld+json\" class=\"yoast-schema-graph\">{\"@context\":\"https:\/\/schema.org\",\"@graph\":[{\"@type\":\"WebSite\",\"@id\":\"https:\/\/franciscanos.org.br\/noticias\/#website\",\"url\":\"https:\/\/franciscanos.org.br\/noticias\/\",\"name\":\"Not\u00edcias - Franciscanos\",\"description\":\"Prov\u00edncia Franciscana da Imaculada Concei\u00e7\u00e3o do Brasil - Ordem dos Frades Menores - OFM\",\"potentialAction\":[{\"@type\":\"SearchAction\",\"target\":{\"@type\":\"EntryPoint\",\"urlTemplate\":\"https:\/\/franciscanos.org.br\/noticias\/?s={search_term_string}\"},\"query-input\":\"required name=search_term_string\"}],\"inLanguage\":\"pt-BR\"},{\"@type\":\"ImageObject\",\"inLanguage\":\"pt-BR\",\"@id\":\"https:\/\/franciscanos.org.br\/noticias\/frei-alex-sandro-ciarnoscki-e-eleito-definidor.html#primaryimage\",\"url\":\"https:\/\/franciscanos.org.br\/noticias\/wp-content\/uploads\/2021\/11\/alexx_29.jpg\",\"contentUrl\":\"https:\/\/franciscanos.org.br\/noticias\/wp-content\/uploads\/2021\/11\/alexx_29.jpg\",\"width\":1280,\"height\":720},{\"@type\":\"WebPage\",\"@id\":\"https:\/\/franciscanos.org.br\/noticias\/frei-alex-sandro-ciarnoscki-e-eleito-definidor.html#webpage\",\"url\":\"https:\/\/franciscanos.org.br\/noticias\/frei-alex-sandro-ciarnoscki-e-eleito-definidor.html\",\"name\":\"Frei Alex Sandro Ciarnoscki \u00e9 eleito Definidor - Not\u00edcias - Franciscanos\",\"isPartOf\":{\"@id\":\"https:\/\/franciscanos.org.br\/noticias\/#website\"},\"primaryImageOfPage\":{\"@id\":\"https:\/\/franciscanos.org.br\/noticias\/frei-alex-sandro-ciarnoscki-e-eleito-definidor.html#primaryimage\"},\"datePublished\":\"2021-11-29T19:36:53+00:00\",\"dateModified\":\"2021-11-29T19:36:53+00:00\",\"author\":{\"@id\":\"https:\/\/franciscanos.org.br\/noticias\/#\/schema\/person\/b5c8cba458c330ccff548b056e95a5d4\"},\"breadcrumb\":{\"@id\":\"https:\/\/franciscanos.org.br\/noticias\/frei-alex-sandro-ciarnoscki-e-eleito-definidor.html#breadcrumb\"},\"inLanguage\":\"pt-BR\",\"potentialAction\":[{\"@type\":\"ReadAction\",\"target\":[\"https:\/\/franciscanos.org.br\/noticias\/frei-alex-sandro-ciarnoscki-e-eleito-definidor.html\"]}]},{\"@type\":\"BreadcrumbList\",\"@id\":\"https:\/\/franciscanos.org.br\/noticias\/frei-alex-sandro-ciarnoscki-e-eleito-definidor.html#breadcrumb\",\"itemListElement\":[{\"@type\":\"ListItem\",\"position\":1,\"name\":\"Home\",\"item\":\"https:\/\/franciscanos.org.br\/noticias\"},{\"@type\":\"ListItem\",\"position\":2,\"name\":\"Frei Alex Sandro Ciarnoscki \u00e9 eleito Definidor\"}]},{\"@type\":\"Person\",\"@id\":\"https:\/\/franciscanos.org.br\/noticias\/#\/schema\/person\/b5c8cba458c330ccff548b056e95a5d4\",\"name\":\"moacir\",\"image\":{\"@type\":\"ImageObject\",\"inLanguage\":\"pt-BR\",\"@id\":\"https:\/\/franciscanos.org.br\/noticias\/#\/schema\/person\/image\/\",\"url\":\"https:\/\/secure.gravatar.com\/avatar\/d08aa2ce4c8dd416d4479aa8536fcf64?s=96&d=mm&r=g\",\"contentUrl\":\"https:\/\/secure.gravatar.com\/avatar\/d08aa2ce4c8dd416d4479aa8536fcf64?s=96&d=mm&r=g\",\"caption\":\"moacir\"},\"url\":\"https:\/\/franciscanos.org.br\/noticias\/author\/moacir\"}]}<\/script>\n<!-- \/ Yoast SEO plugin. -->","yoast_head_json":{"title":"Frei Alex Sandro Ciarnoscki \u00e9 eleito Definidor - Not\u00edcias - Franciscanos","robots":{"index":"index","follow":"follow","max-snippet":"max-snippet:-1","max-image-preview":"max-image-preview:large","max-video-preview":"max-video-preview:-1"},"canonical":"https:\/\/franciscanos.org.br\/noticias\/frei-alex-sandro-ciarnoscki-e-eleito-definidor.html","og_locale":"pt_BR","og_type":"article","og_title":"Frei Alex Sandro Ciarnoscki \u00e9 eleito Definidor - Not\u00edcias - Franciscanos","og_description":"Cap\u00edtulo Provincial 2021","og_url":"https:\/\/franciscanos.org.br\/noticias\/frei-alex-sandro-ciarnoscki-e-eleito-definidor.html","og_site_name":"Not\u00edcias - Franciscanos","article_published_time":"2021-11-29T19:36:53+00:00","og_image":[{"width":1280,"height":720,"url":"https:\/\/franciscanos.org.br\/noticias\/wp-content\/uploads\/2021\/11\/alexx_29.jpg","type":"image\/jpeg"}],"author":"moacir","twitter_card":"summary_large_image","twitter_misc":{"Escrito por":"moacir","Est. tempo de leitura":"1 minuto"},"schema":{"@context":"https:\/\/schema.org","@graph":[{"@type":"WebSite","@id":"https:\/\/franciscanos.org.br\/noticias\/#website","url":"https:\/\/franciscanos.org.br\/noticias\/","name":"Not\u00edcias - Franciscanos","description":"Prov\u00edncia Franciscana da Imaculada Concei\u00e7\u00e3o do Brasil - Ordem dos Frades Menores - OFM","potentialAction":[{"@type":"SearchAction","target":{"@type":"EntryPoint","urlTemplate":"https:\/\/franciscanos.org.br\/noticias\/?s={search_term_string}"},"query-input":"required name=search_term_string"}],"inLanguage":"pt-BR"},{"@type":"ImageObject","inLanguage":"pt-BR","@id":"https:\/\/franciscanos.org.br\/noticias\/frei-alex-sandro-ciarnoscki-e-eleito-definidor.html#primaryimage","url":"https:\/\/franciscanos.org.br\/noticias\/wp-content\/uploads\/2021\/11\/alexx_29.jpg","contentUrl":"https:\/\/franciscanos.org.br\/noticias\/wp-content\/uploads\/2021\/11\/alexx_29.jpg","width":1280,"height":720},{"@type":"WebPage","@id":"https:\/\/franciscanos.org.br\/noticias\/frei-alex-sandro-ciarnoscki-e-eleito-definidor.html#webpage","url":"https:\/\/franciscanos.org.br\/noticias\/frei-alex-sandro-ciarnoscki-e-eleito-definidor.html","name":"Frei Alex Sandro Ciarnoscki \u00e9 eleito Definidor - Not\u00edcias - Franciscanos","isPartOf":{"@id":"https:\/\/franciscanos.org.br\/noticias\/#website"},"primaryImageOfPage":{"@id":"https:\/\/franciscanos.org.br\/noticias\/frei-alex-sandro-ciarnoscki-e-eleito-definidor.html#primaryimage"},"datePublished":"2021-11-29T19:36:53+00:00","dateModified":"2021-11-29T19:36:53+00:00","author":{"@id":"https:\/\/franciscanos.org.br\/noticias\/#\/schema\/person\/b5c8cba458c330ccff548b056e95a5d4"},"breadcrumb":{"@id":"https:\/\/franciscanos.org.br\/noticias\/frei-alex-sandro-ciarnoscki-e-eleito-definidor.html#breadcrumb"},"inLanguage":"pt-BR","potentialAction":[{"@type":"ReadAction","target":["https:\/\/franciscanos.org.br\/noticias\/frei-alex-sandro-ciarnoscki-e-eleito-definidor.html"]}]},{"@type":"BreadcrumbList","@id":"https:\/\/franciscanos.org.br\/noticias\/frei-alex-sandro-ciarnoscki-e-eleito-definidor.html#breadcrumb","itemListElement":[{"@type":"ListItem","position":1,"name":"Home","item":"https:\/\/franciscanos.org.br\/noticias"},{"@type":"ListItem","position":2,"name":"Frei Alex Sandro Ciarnoscki \u00e9 eleito Definidor"}]},{"@type":"Person","@id":"https:\/\/franciscanos.org.br\/noticias\/#\/schema\/person\/b5c8cba458c330ccff548b056e95a5d4","name":"moacir","image":{"@type":"ImageObject","inLanguage":"pt-BR","@id":"https:\/\/franciscanos.org.br\/noticias\/#\/schema\/person\/image\/","url":"https:\/\/secure.gravatar.com\/avatar\/d08aa2ce4c8dd416d4479aa8536fcf64?s=96&d=mm&r=g","contentUrl":"https:\/\/secure.gravatar.com\/avatar\/d08aa2ce4c8dd416d4479aa8536fcf64?s=96&d=mm&r=g","caption":"moacir"},"url":"https:\/\/franciscanos.org.br\/noticias\/author\/moacir"}]}},"_links":{"self":[{"href":"https:\/\/franciscanos.org.br\/noticias\/wp-json\/wp\/v2\/posts\/235555"}],"collection":[{"href":"https:\/\/franciscanos.org.br\/noticias\/wp-json\/wp\/v2\/posts"}],"about":[{"href":"https:\/\/franciscanos.org.br\/noticias\/wp-json\/wp\/v2\/types\/post"}],"author":[{"embeddable":true,"href":"https:\/\/franciscanos.org.br\/noticias\/wp-json\/wp\/v2\/users\/3"}],"replies":[{"embeddable":true,"href":"https:\/\/franciscanos.org.br\/noticias\/wp-json\/wp\/v2\/comments?post=235555"}],"version-history":[{"count":1,"href":"https:\/\/franciscanos.org.br\/noticias\/wp-json\/wp\/v2\/posts\/235555\/revisions"}],"predecessor-version":[{"id":235557,"href":"https:\/\/franciscanos.org.br\/noticias\/wp-json\/wp\/v2\/posts\/235555\/revisions\/235557"}],"wp:featuredmedia":[{"embeddable":true,"href":"https:\/\/franciscanos.org.br\/noticias\/wp-json\/wp\/v2\/media\/235556"}],"wp:attachment":[{"href":"https:\/\/franciscanos.org.br\/noticias\/wp-json\/wp\/v2\/media?parent=235555"}],"wp:term":[{"taxonomy":"category","embeddable":true,"href":"https:\/\/franciscanos.org.br\/noticias\/wp-json\/wp\/v2\/categories?post=235555"},{"taxonomy":"post_tag","embeddable":true,"href":"https:\/\/franciscanos.org.br\/noticias\/wp-json\/wp\/v2\/tags?post=235555"}],"curies":[{"name":"wp","href":"https:\/\/api.w.org\/{rel}","templated":true}]}}