{"id":235550,"date":"2021-11-29T16:08:40","date_gmt":"2021-11-29T19:08:40","guid":{"rendered":"https:\/\/franciscanos.org.br\/noticias\/?p=235550"},"modified":"2021-11-29T16:11:15","modified_gmt":"2021-11-29T19:11:15","slug":"o-terceiro-definidor-eleito-frei-robson-luiz-scudela","status":"publish","type":"post","link":"https:\/\/franciscanos.org.br\/noticias\/o-terceiro-definidor-eleito-frei-robson-luiz-scudela.html","title":{"rendered":"O terceiro Definidor eleito: Frei Robson Luiz Scudela"},"content":{"rendered":"<p><img loading=\"lazy\" class=\"alignnone size-full wp-image-235552\" src=\"https:\/\/franciscanos.org.br\/noticias\/wp-content\/uploads\/2021\/11\/robson_291121.jpg\" alt=\"\" width=\"1280\" height=\"810\" srcset=\"https:\/\/franciscanos.org.br\/noticias\/wp-content\/uploads\/2021\/11\/robson_291121.jpg 1280w, https:\/\/franciscanos.org.br\/noticias\/wp-content\/uploads\/2021\/11\/robson_291121-450x285.jpg 450w, https:\/\/franciscanos.org.br\/noticias\/wp-content\/uploads\/2021\/11\/robson_291121-1024x648.jpg 1024w, https:\/\/franciscanos.org.br\/noticias\/wp-content\/uploads\/2021\/11\/robson_291121-768x486.jpg 768w, https:\/\/franciscanos.org.br\/noticias\/wp-content\/uploads\/2021\/11\/robson_291121-150x95.jpg 150w\" sizes=\"(max-width: 1280px) 100vw, 1280px\" \/><\/p>\n<p><strong>\u00a0<\/strong><strong>Frei Robson foi eleito em segundo escrut\u00ednio com 81 votos.<\/strong><\/p>\n<p>Natural de Cordilheira Alta, no Oeste Catarinense, Frei R\u00f3bson nasceu no dia 27 de outubro de 1986 e vestiu o h\u00e1bito franciscano no dia 8 de janeiro de 2006, em Rodeio.<\/p>\n<p>O mais novo dos tr\u00eas filhos do casal Lu\u00eds e Maria Scudela, cresceu na comunidade rural de Fernando Machado, onde teve a base de fam\u00edlia, cresceu no trabalho, na ora\u00e7\u00e3o, no estudo prim\u00e1rio, na catequese. Fez o seu acompanhamento vocacional com os frades de Coronel Freitas (SC). Com 14 anos de idade, seguiu para o Semin\u00e1rio Santo Ant\u00f4nio em Agudos (SP), onde cursou o Ensino M\u00e9dio e fez o Aspirantado em 2004. Depois de cumprir as etapas do Aspirantado e Noviciado, em dezembro de 2006 foi atendido \u00e0 profiss\u00e3o tempor\u00e1ria na Ordem Franciscana, na igreja Matriz de Rodeio.<\/p>\n<p>Em seguida cumpriu o programa de forma\u00e7\u00e3o juntamente com o Curso de Filosofia em Rondinha, munic\u00edpio de Campo Largo (PR). Terminado este tempo de tr\u00eas anos, fez o pedido para um tempo de est\u00e1gio na Miss\u00e3o de Angola.<\/p>\n<p>Foi aceito e passou l\u00e1 os dois \u00faltimos anos: um em Quibala (Postulantado) e em Malanje (Aspirantado). Cursou os quatro anos de Teologia em Petr\u00f3polis e teve como primeira transfer\u00eancia o Semin\u00e1rio de Ituporanga, onde foi como orientador.<\/p>\n<p>Frei Robson foi nomeado ec\u00f4nomo, coordenador do Pr\u00f3-Voca\u00e7\u00f5es e Miss\u00f5es Franciscanas e coordenador da Frente das Miss\u00f5es\u00a0 no tri\u00eanio 2019-2021.<\/p>\n<hr \/>\n<p><strong>Equipe de Comunica\u00e7\u00e3o do Cap\u00edtulo:<\/strong>\u00a0<em>Frei Augusto Gabriel, Frei Clauzemir Makximovitz, Frei Gabriel Dellandrea, Frei Alan Leal de Mattos e Moacir Beggo.<\/em><\/p>\n","protected":false},"excerpt":{"rendered":"<p>Cap\u00edtulo Provincial 2021<\/p>\n","protected":false},"author":3,"featured_media":235552,"comment_status":"open","ping_status":"open","sticky":false,"template":"","format":"standard","meta":[],"categories":[1],"tags":[1943],"acf":[],"yoast_head":"<!-- This site is optimized with the Yoast SEO plugin v19.2 - https:\/\/yoast.com\/wordpress\/plugins\/seo\/ -->\n<title>O terceiro Definidor eleito: Frei Robson Luiz Scudela - Not\u00edcias - Franciscanos<\/title>\n<meta name=\"robots\" content=\"index, follow, max-snippet:-1, max-image-preview:large, max-video-preview:-1\" \/>\n<link rel=\"canonical\" href=\"https:\/\/franciscanos.org.br\/noticias\/o-terceiro-definidor-eleito-frei-robson-luiz-scudela.html\" \/>\n<meta property=\"og:locale\" content=\"pt_BR\" \/>\n<meta property=\"og:type\" content=\"article\" \/>\n<meta property=\"og:title\" content=\"O terceiro Definidor eleito: Frei Robson Luiz Scudela - Not\u00edcias - Franciscanos\" \/>\n<meta property=\"og:description\" content=\"Cap\u00edtulo Provincial 2021\" \/>\n<meta property=\"og:url\" content=\"https:\/\/franciscanos.org.br\/noticias\/o-terceiro-definidor-eleito-frei-robson-luiz-scudela.html\" \/>\n<meta property=\"og:site_name\" content=\"Not\u00edcias - Franciscanos\" \/>\n<meta property=\"article:published_time\" content=\"2021-11-29T19:08:40+00:00\" \/>\n<meta property=\"article:modified_time\" content=\"2021-11-29T19:11:15+00:00\" \/>\n<meta property=\"og:image\" content=\"https:\/\/franciscanos.org.br\/noticias\/wp-content\/uploads\/2021\/11\/robson_291121.jpg\" \/>\n\t<meta property=\"og:image:width\" content=\"1280\" \/>\n\t<meta property=\"og:image:height\" content=\"810\" \/>\n\t<meta property=\"og:image:type\" content=\"image\/jpeg\" \/>\n<meta name=\"author\" content=\"moacir\" \/>\n<meta name=\"twitter:card\" content=\"summary_large_image\" \/>\n<meta name=\"twitter:label1\" content=\"Escrito por\" \/>\n\t<meta name=\"twitter:data1\" content=\"moacir\" \/>\n\t<meta name=\"twitter:label2\" content=\"Est. tempo de leitura\" \/>\n\t<meta name=\"twitter:data2\" content=\"1 minuto\" \/>\n<script type=\"application\/ld+json\" class=\"yoast-schema-graph\">{\"@context\":\"https:\/\/schema.org\",\"@graph\":[{\"@type\":\"WebSite\",\"@id\":\"https:\/\/franciscanos.org.br\/noticias\/#website\",\"url\":\"https:\/\/franciscanos.org.br\/noticias\/\",\"name\":\"Not\u00edcias - Franciscanos\",\"description\":\"Prov\u00edncia Franciscana da Imaculada Concei\u00e7\u00e3o do Brasil - Ordem dos Frades Menores - OFM\",\"potentialAction\":[{\"@type\":\"SearchAction\",\"target\":{\"@type\":\"EntryPoint\",\"urlTemplate\":\"https:\/\/franciscanos.org.br\/noticias\/?s={search_term_string}\"},\"query-input\":\"required name=search_term_string\"}],\"inLanguage\":\"pt-BR\"},{\"@type\":\"ImageObject\",\"inLanguage\":\"pt-BR\",\"@id\":\"https:\/\/franciscanos.org.br\/noticias\/o-terceiro-definidor-eleito-frei-robson-luiz-scudela.html#primaryimage\",\"url\":\"https:\/\/franciscanos.org.br\/noticias\/wp-content\/uploads\/2021\/11\/robson_291121.jpg\",\"contentUrl\":\"https:\/\/franciscanos.org.br\/noticias\/wp-content\/uploads\/2021\/11\/robson_291121.jpg\",\"width\":1280,\"height\":810},{\"@type\":\"WebPage\",\"@id\":\"https:\/\/franciscanos.org.br\/noticias\/o-terceiro-definidor-eleito-frei-robson-luiz-scudela.html#webpage\",\"url\":\"https:\/\/franciscanos.org.br\/noticias\/o-terceiro-definidor-eleito-frei-robson-luiz-scudela.html\",\"name\":\"O terceiro Definidor eleito: Frei Robson Luiz Scudela - Not\u00edcias - Franciscanos\",\"isPartOf\":{\"@id\":\"https:\/\/franciscanos.org.br\/noticias\/#website\"},\"primaryImageOfPage\":{\"@id\":\"https:\/\/franciscanos.org.br\/noticias\/o-terceiro-definidor-eleito-frei-robson-luiz-scudela.html#primaryimage\"},\"datePublished\":\"2021-11-29T19:08:40+00:00\",\"dateModified\":\"2021-11-29T19:11:15+00:00\",\"author\":{\"@id\":\"https:\/\/franciscanos.org.br\/noticias\/#\/schema\/person\/b5c8cba458c330ccff548b056e95a5d4\"},\"breadcrumb\":{\"@id\":\"https:\/\/franciscanos.org.br\/noticias\/o-terceiro-definidor-eleito-frei-robson-luiz-scudela.html#breadcrumb\"},\"inLanguage\":\"pt-BR\",\"potentialAction\":[{\"@type\":\"ReadAction\",\"target\":[\"https:\/\/franciscanos.org.br\/noticias\/o-terceiro-definidor-eleito-frei-robson-luiz-scudela.html\"]}]},{\"@type\":\"BreadcrumbList\",\"@id\":\"https:\/\/franciscanos.org.br\/noticias\/o-terceiro-definidor-eleito-frei-robson-luiz-scudela.html#breadcrumb\",\"itemListElement\":[{\"@type\":\"ListItem\",\"position\":1,\"name\":\"Home\",\"item\":\"https:\/\/franciscanos.org.br\/noticias\"},{\"@type\":\"ListItem\",\"position\":2,\"name\":\"O terceiro Definidor eleito: Frei Robson Luiz Scudela\"}]},{\"@type\":\"Person\",\"@id\":\"https:\/\/franciscanos.org.br\/noticias\/#\/schema\/person\/b5c8cba458c330ccff548b056e95a5d4\",\"name\":\"moacir\",\"image\":{\"@type\":\"ImageObject\",\"inLanguage\":\"pt-BR\",\"@id\":\"https:\/\/franciscanos.org.br\/noticias\/#\/schema\/person\/image\/\",\"url\":\"https:\/\/secure.gravatar.com\/avatar\/d08aa2ce4c8dd416d4479aa8536fcf64?s=96&d=mm&r=g\",\"contentUrl\":\"https:\/\/secure.gravatar.com\/avatar\/d08aa2ce4c8dd416d4479aa8536fcf64?s=96&d=mm&r=g\",\"caption\":\"moacir\"},\"url\":\"https:\/\/franciscanos.org.br\/noticias\/author\/moacir\"}]}<\/script>\n<!-- \/ Yoast SEO plugin. -->","yoast_head_json":{"title":"O terceiro Definidor eleito: Frei Robson Luiz Scudela - Not\u00edcias - Franciscanos","robots":{"index":"index","follow":"follow","max-snippet":"max-snippet:-1","max-image-preview":"max-image-preview:large","max-video-preview":"max-video-preview:-1"},"canonical":"https:\/\/franciscanos.org.br\/noticias\/o-terceiro-definidor-eleito-frei-robson-luiz-scudela.html","og_locale":"pt_BR","og_type":"article","og_title":"O terceiro Definidor eleito: Frei Robson Luiz Scudela - Not\u00edcias - Franciscanos","og_description":"Cap\u00edtulo Provincial 2021","og_url":"https:\/\/franciscanos.org.br\/noticias\/o-terceiro-definidor-eleito-frei-robson-luiz-scudela.html","og_site_name":"Not\u00edcias - Franciscanos","article_published_time":"2021-11-29T19:08:40+00:00","article_modified_time":"2021-11-29T19:11:15+00:00","og_image":[{"width":1280,"height":810,"url":"https:\/\/franciscanos.org.br\/noticias\/wp-content\/uploads\/2021\/11\/robson_291121.jpg","type":"image\/jpeg"}],"author":"moacir","twitter_card":"summary_large_image","twitter_misc":{"Escrito por":"moacir","Est. tempo de leitura":"1 minuto"},"schema":{"@context":"https:\/\/schema.org","@graph":[{"@type":"WebSite","@id":"https:\/\/franciscanos.org.br\/noticias\/#website","url":"https:\/\/franciscanos.org.br\/noticias\/","name":"Not\u00edcias - Franciscanos","description":"Prov\u00edncia Franciscana da Imaculada Concei\u00e7\u00e3o do Brasil - Ordem dos Frades Menores - OFM","potentialAction":[{"@type":"SearchAction","target":{"@type":"EntryPoint","urlTemplate":"https:\/\/franciscanos.org.br\/noticias\/?s={search_term_string}"},"query-input":"required name=search_term_string"}],"inLanguage":"pt-BR"},{"@type":"ImageObject","inLanguage":"pt-BR","@id":"https:\/\/franciscanos.org.br\/noticias\/o-terceiro-definidor-eleito-frei-robson-luiz-scudela.html#primaryimage","url":"https:\/\/franciscanos.org.br\/noticias\/wp-content\/uploads\/2021\/11\/robson_291121.jpg","contentUrl":"https:\/\/franciscanos.org.br\/noticias\/wp-content\/uploads\/2021\/11\/robson_291121.jpg","width":1280,"height":810},{"@type":"WebPage","@id":"https:\/\/franciscanos.org.br\/noticias\/o-terceiro-definidor-eleito-frei-robson-luiz-scudela.html#webpage","url":"https:\/\/franciscanos.org.br\/noticias\/o-terceiro-definidor-eleito-frei-robson-luiz-scudela.html","name":"O terceiro Definidor eleito: Frei Robson Luiz Scudela - Not\u00edcias - Franciscanos","isPartOf":{"@id":"https:\/\/franciscanos.org.br\/noticias\/#website"},"primaryImageOfPage":{"@id":"https:\/\/franciscanos.org.br\/noticias\/o-terceiro-definidor-eleito-frei-robson-luiz-scudela.html#primaryimage"},"datePublished":"2021-11-29T19:08:40+00:00","dateModified":"2021-11-29T19:11:15+00:00","author":{"@id":"https:\/\/franciscanos.org.br\/noticias\/#\/schema\/person\/b5c8cba458c330ccff548b056e95a5d4"},"breadcrumb":{"@id":"https:\/\/franciscanos.org.br\/noticias\/o-terceiro-definidor-eleito-frei-robson-luiz-scudela.html#breadcrumb"},"inLanguage":"pt-BR","potentialAction":[{"@type":"ReadAction","target":["https:\/\/franciscanos.org.br\/noticias\/o-terceiro-definidor-eleito-frei-robson-luiz-scudela.html"]}]},{"@type":"BreadcrumbList","@id":"https:\/\/franciscanos.org.br\/noticias\/o-terceiro-definidor-eleito-frei-robson-luiz-scudela.html#breadcrumb","itemListElement":[{"@type":"ListItem","position":1,"name":"Home","item":"https:\/\/franciscanos.org.br\/noticias"},{"@type":"ListItem","position":2,"name":"O terceiro Definidor eleito: Frei Robson Luiz Scudela"}]},{"@type":"Person","@id":"https:\/\/franciscanos.org.br\/noticias\/#\/schema\/person\/b5c8cba458c330ccff548b056e95a5d4","name":"moacir","image":{"@type":"ImageObject","inLanguage":"pt-BR","@id":"https:\/\/franciscanos.org.br\/noticias\/#\/schema\/person\/image\/","url":"https:\/\/secure.gravatar.com\/avatar\/d08aa2ce4c8dd416d4479aa8536fcf64?s=96&d=mm&r=g","contentUrl":"https:\/\/secure.gravatar.com\/avatar\/d08aa2ce4c8dd416d4479aa8536fcf64?s=96&d=mm&r=g","caption":"moacir"},"url":"https:\/\/franciscanos.org.br\/noticias\/author\/moacir"}]}},"_links":{"self":[{"href":"https:\/\/franciscanos.org.br\/noticias\/wp-json\/wp\/v2\/posts\/235550"}],"collection":[{"href":"https:\/\/franciscanos.org.br\/noticias\/wp-json\/wp\/v2\/posts"}],"about":[{"href":"https:\/\/franciscanos.org.br\/noticias\/wp-json\/wp\/v2\/types\/post"}],"author":[{"embeddable":true,"href":"https:\/\/franciscanos.org.br\/noticias\/wp-json\/wp\/v2\/users\/3"}],"replies":[{"embeddable":true,"href":"https:\/\/franciscanos.org.br\/noticias\/wp-json\/wp\/v2\/comments?post=235550"}],"version-history":[{"count":2,"href":"https:\/\/franciscanos.org.br\/noticias\/wp-json\/wp\/v2\/posts\/235550\/revisions"}],"predecessor-version":[{"id":235554,"href":"https:\/\/franciscanos.org.br\/noticias\/wp-json\/wp\/v2\/posts\/235550\/revisions\/235554"}],"wp:featuredmedia":[{"embeddable":true,"href":"https:\/\/franciscanos.org.br\/noticias\/wp-json\/wp\/v2\/media\/235552"}],"wp:attachment":[{"href":"https:\/\/franciscanos.org.br\/noticias\/wp-json\/wp\/v2\/media?parent=235550"}],"wp:term":[{"taxonomy":"category","embeddable":true,"href":"https:\/\/franciscanos.org.br\/noticias\/wp-json\/wp\/v2\/categories?post=235550"},{"taxonomy":"post_tag","embeddable":true,"href":"https:\/\/franciscanos.org.br\/noticias\/wp-json\/wp\/v2\/tags?post=235550"}],"curies":[{"name":"wp","href":"https:\/\/api.w.org\/{rel}","templated":true}]}}