{"id":235539,"date":"2021-11-29T14:48:03","date_gmt":"2021-11-29T17:48:03","guid":{"rendered":"https:\/\/franciscanos.org.br\/noticias\/?p=235539"},"modified":"2021-11-29T22:25:29","modified_gmt":"2021-11-30T01:25:29","slug":"frei-gustavo-medella-e-reeleito-vigario-provincial","status":"publish","type":"post","link":"https:\/\/franciscanos.org.br\/noticias\/frei-gustavo-medella-e-reeleito-vigario-provincial.html","title":{"rendered":"Frei Gustavo Medella \u00e9 reeleito Vig\u00e1rio Provincial"},"content":{"rendered":"<p><img loading=\"lazy\" class=\"alignnone size-full wp-image-235540\" src=\"https:\/\/franciscanos.org.br\/noticias\/wp-content\/uploads\/2021\/11\/medella_271121_1.jpg\" alt=\"\" width=\"1280\" height=\"720\" srcset=\"https:\/\/franciscanos.org.br\/noticias\/wp-content\/uploads\/2021\/11\/medella_271121_1.jpg 1280w, https:\/\/franciscanos.org.br\/noticias\/wp-content\/uploads\/2021\/11\/medella_271121_1-450x253.jpg 450w, https:\/\/franciscanos.org.br\/noticias\/wp-content\/uploads\/2021\/11\/medella_271121_1-1024x576.jpg 1024w, https:\/\/franciscanos.org.br\/noticias\/wp-content\/uploads\/2021\/11\/medella_271121_1-768x432.jpg 768w, https:\/\/franciscanos.org.br\/noticias\/wp-content\/uploads\/2021\/11\/medella_271121_1-150x84.jpg 150w\" sizes=\"(max-width: 1280px) 100vw, 1280px\" \/><\/p>\n<p>Frei Gustavo Medella, aos 43 anos, foi reeleito Vig\u00e1rio Provincial da Prov\u00edncia Franciscana da Imaculada Concei\u00e7\u00e3o em primeiro escrut\u00ednio, com 93 votos (110 votantes) em sess\u00e3o capitular no Semin\u00e1rio Santo Ant\u00f4nio de Agudos (SP), que come\u00e7ou \u00e0s 14h30 desta segunda-feira, 29 de novembro.<\/p>\n<p>Natural da cidade serrana de Petr\u00f3polis, no estado do Rio de Janeiro, Frei Gustavo Medella nasceu no dia 19 de setembro de 1978. \u00c9 filho de C\u00e9lia Regina e Jorge Luiz Medella e irm\u00e3o mais velho de Andr\u00e9 (1981) e Tha\u00eds (1984).<\/p>\n<p>Quando garoto, o gosto pela comunica\u00e7\u00e3o se manifestou desde pequeno, gra\u00e7as especialmente ao av\u00f4 que, com seu radinho a tiracolo, encantava-o. Em 1989, seus pais se mudaram para o pr\u00e9dio onde funcionava a R\u00e1dio Imperial de Petr\u00f3polis. Ali se formou a base do futuro comunicador. Em pouco tempo, fez amizade com os radialistas, e descia at\u00e9 o est\u00fadio para acompanhar ao vivo os programas. &#8220;Aquilo foi me entusiasmando, fazia brincadeiras em casa de programa de r\u00e1dio, punha minha av\u00f3 para ler receitas, minha m\u00e3e para dar dicas de outros assuntos\u2026 E com aquele gosto, fui crescendo, aquilo foi tomando corpo em mim, na minha vida, at\u00e9 que decidi fazer faculdade de comunica\u00e7\u00e3o, habilita\u00e7\u00e3o em Jornalismo por gostar muito de r\u00e1dio&#8221;, recorda.<\/p>\n<p><strong>VEJA A ENTREVISTA COM FREI GUSTAVO MEDELLA<\/strong><\/p>\n<p><iframe loading=\"lazy\" title=\"YouTube video player\" src=\"https:\/\/www.youtube.com\/embed\/mSGS_beGYNk\" width=\"100%\" height=\"500\" frameborder=\"0\" allowfullscreen=\"allowfullscreen\"><\/iframe><\/p>\n<p>Na Universidade, trabalhou na assessoria de imprensa da entidade, que se chamava na \u00e9poca Coordena\u00e7\u00e3o de Imagem Institucional da Universidade Federal de Juiz de Fora. No est\u00e1gio, tamb\u00e9m participou de um treinamento em telejornalismo na TV Panorama, que era filiada \u00e0 Rede Globo em Juiz de Fora. Depois de se formar, continuou trabalhando na TV Panorama, primeiro ajudando na organiza\u00e7\u00e3o do arquivo de imagens, e depois, no \u00faltimo momento, no portal de pesquisa que se chamava IPanorama.com, abastecendo-o de not\u00edcias. O r\u00e1dio n\u00e3o poderia faltar no seu curr\u00edculo: R\u00e1dio Solar em Juiz de Fora; R\u00e1dio Universit\u00e1ria e at\u00e9 uma ajuda no jornalismo da TV Cidade Imperial.<\/p>\n<p>Ao mesmo tempo que cultivava essa paix\u00e3o, ele soltava a voz no Coral dos Canarinhos de Petr\u00f3polis, onde ingressou aos 8 anos, em 1987. Foi nesse contato pr\u00f3ximo com os frades, entre eles o saudoso Frei Jos\u00e9 Luiz Prim, Frei C\u00e9sar K\u00fclkamp, Frei Marcos Ant\u00f4nio Andrade, do Convento do Sagrado Cora\u00e7\u00e3o de Jesus e do Col\u00e9gio dos Canarinhos, que descobriu outra paix\u00e3o. &#8220;Lembro-me que aos domingos, depois da missa das dez, sempre passava na sacristia para dar uma espiadinha e via o contato dos frades com o povo, ou como o povo procurava-os para conversar, contar um pouco do que lhes acontecia nas suas vidas, e pensava: \u201cQue contato bonito, que proposta de vida bonita de estar a servi\u00e7o dos outros, de doar seu tempo, seus dons pelos outros!\u201d. Essa vontade falou mais alto do que a do comunicador.<\/p>\n<p>Em 2002, Gustavo ingressou como aspirante no Semin\u00e1rio S\u00e3o Francisco de Assis, em Ituporanga; em 2003, fez o Postulantado no Semin\u00e1rio Frei Galv\u00e3o em Guaratinguet\u00e1 (SP); em 2004, vestiu o h\u00e1bito franciscano no Noviciado em Rodeio (SC); e cursou de Filosofia no Instituto S\u00e3o Boaventura em Rondinha (PR), de 2005 a 2006, porque j\u00e1 tinha curso universit\u00e1rio; e, de 2007 a 2010, cursou a Faculdade de Teologia, em Petr\u00f3polis (RJ).<\/p>\n<p>Fez a profiss\u00e3o solene no dia 2 de outubro de 2010 e foi ordenado presb\u00edtero no dia 2 de julho de 2011, na Igreja do Sagrado Cora\u00e7\u00e3o de Jesus, escolhendo o lema que est\u00e1 no Salmo 40: \u201cEis que venho fazer com prazer a vossa vontade, Senhor!\u201d. Sua primeira transfer\u00eancia, em 1\u00ba de dezembro de 2010, foi para o Semin\u00e1rio S\u00e3o Francisco de Assis, em Ituporanga, como orientador e Professor (di\u00e1cono); em 12 de dezembro de 2012 veio para o Convento S\u00e3o Francisco, no centro de S\u00e3o Paulo, a servi\u00e7o da Frente da Comunica\u00e7\u00e3o e da Educa\u00e7\u00e3o. Em 20 de fevereiro de 2014 foi nomeado Vig\u00e1rio Paroquial da Par\u00f3quia S\u00e3o Francisco e integrou a Comiss\u00e3o Preparat\u00f3ria do Cap\u00edtulo das Esteiras de 2014.<\/p>\n<p>Frei Gustavo Medella foi eleito Definidor e se manteve como coordenador da Frente de Comunica\u00e7\u00e3o em 2016 at\u00e9 2018, quando no Cap\u00edtulo Provincial de 2018 foi eleito Vig\u00e1rio Provincial para o tri\u00eanio 2019-2021, servi\u00e7o que ele desenvolveu tamb\u00e9m como Secret\u00e1rio para a Evangeliza\u00e7\u00e3o. Em 2020 tamb\u00e9m acumulou o cargo de Secret\u00e1rio Provincial.<\/p>\n<hr \/>\n<p><strong>Equipe de Comunica\u00e7\u00e3o do Cap\u00edtulo:<\/strong>\u00a0<em>Frei Augusto Gabriel, Frei Clauzemir Makximovitz, Frei Gabriel Dellandrea, Frei Alan Leal de Mattos e Moacir Beggo.<\/em><\/p>\n","protected":false},"excerpt":{"rendered":"<p>Cap\u00edtulo Provincial 2021<\/p>\n","protected":false},"author":3,"featured_media":235540,"comment_status":"open","ping_status":"open","sticky":false,"template":"","format":"standard","meta":[],"categories":[1],"tags":[1943],"acf":[],"yoast_head":"<!-- This site is optimized with the Yoast SEO plugin v19.2 - https:\/\/yoast.com\/wordpress\/plugins\/seo\/ -->\n<title>Frei Gustavo Medella \u00e9 reeleito Vig\u00e1rio Provincial - Not\u00edcias - Franciscanos<\/title>\n<meta name=\"robots\" content=\"index, follow, max-snippet:-1, max-image-preview:large, max-video-preview:-1\" \/>\n<link rel=\"canonical\" href=\"https:\/\/franciscanos.org.br\/noticias\/frei-gustavo-medella-e-reeleito-vigario-provincial.html\" \/>\n<meta property=\"og:locale\" content=\"pt_BR\" \/>\n<meta property=\"og:type\" content=\"article\" \/>\n<meta property=\"og:title\" content=\"Frei Gustavo Medella \u00e9 reeleito Vig\u00e1rio Provincial - Not\u00edcias - Franciscanos\" \/>\n<meta property=\"og:description\" content=\"Cap\u00edtulo Provincial 2021\" \/>\n<meta property=\"og:url\" content=\"https:\/\/franciscanos.org.br\/noticias\/frei-gustavo-medella-e-reeleito-vigario-provincial.html\" \/>\n<meta property=\"og:site_name\" content=\"Not\u00edcias - Franciscanos\" \/>\n<meta property=\"article:published_time\" content=\"2021-11-29T17:48:03+00:00\" \/>\n<meta property=\"article:modified_time\" content=\"2021-11-30T01:25:29+00:00\" \/>\n<meta property=\"og:image\" content=\"https:\/\/franciscanos.org.br\/noticias\/wp-content\/uploads\/2021\/11\/medella_271121_1.jpg\" \/>\n\t<meta property=\"og:image:width\" content=\"1280\" \/>\n\t<meta property=\"og:image:height\" content=\"720\" \/>\n\t<meta property=\"og:image:type\" content=\"image\/jpeg\" \/>\n<meta name=\"author\" content=\"moacir\" \/>\n<meta name=\"twitter:card\" content=\"summary_large_image\" \/>\n<meta name=\"twitter:label1\" content=\"Escrito por\" \/>\n\t<meta name=\"twitter:data1\" content=\"moacir\" \/>\n\t<meta name=\"twitter:label2\" content=\"Est. tempo de leitura\" \/>\n\t<meta name=\"twitter:data2\" content=\"4 minutos\" \/>\n<script type=\"application\/ld+json\" class=\"yoast-schema-graph\">{\"@context\":\"https:\/\/schema.org\",\"@graph\":[{\"@type\":\"WebSite\",\"@id\":\"https:\/\/franciscanos.org.br\/noticias\/#website\",\"url\":\"https:\/\/franciscanos.org.br\/noticias\/\",\"name\":\"Not\u00edcias - Franciscanos\",\"description\":\"Prov\u00edncia Franciscana da Imaculada Concei\u00e7\u00e3o do Brasil - Ordem dos Frades Menores - OFM\",\"potentialAction\":[{\"@type\":\"SearchAction\",\"target\":{\"@type\":\"EntryPoint\",\"urlTemplate\":\"https:\/\/franciscanos.org.br\/noticias\/?s={search_term_string}\"},\"query-input\":\"required name=search_term_string\"}],\"inLanguage\":\"pt-BR\"},{\"@type\":\"ImageObject\",\"inLanguage\":\"pt-BR\",\"@id\":\"https:\/\/franciscanos.org.br\/noticias\/frei-gustavo-medella-e-reeleito-vigario-provincial.html#primaryimage\",\"url\":\"https:\/\/franciscanos.org.br\/noticias\/wp-content\/uploads\/2021\/11\/medella_271121_1.jpg\",\"contentUrl\":\"https:\/\/franciscanos.org.br\/noticias\/wp-content\/uploads\/2021\/11\/medella_271121_1.jpg\",\"width\":1280,\"height\":720},{\"@type\":\"WebPage\",\"@id\":\"https:\/\/franciscanos.org.br\/noticias\/frei-gustavo-medella-e-reeleito-vigario-provincial.html#webpage\",\"url\":\"https:\/\/franciscanos.org.br\/noticias\/frei-gustavo-medella-e-reeleito-vigario-provincial.html\",\"name\":\"Frei Gustavo Medella \u00e9 reeleito Vig\u00e1rio Provincial - Not\u00edcias - Franciscanos\",\"isPartOf\":{\"@id\":\"https:\/\/franciscanos.org.br\/noticias\/#website\"},\"primaryImageOfPage\":{\"@id\":\"https:\/\/franciscanos.org.br\/noticias\/frei-gustavo-medella-e-reeleito-vigario-provincial.html#primaryimage\"},\"datePublished\":\"2021-11-29T17:48:03+00:00\",\"dateModified\":\"2021-11-30T01:25:29+00:00\",\"author\":{\"@id\":\"https:\/\/franciscanos.org.br\/noticias\/#\/schema\/person\/b5c8cba458c330ccff548b056e95a5d4\"},\"breadcrumb\":{\"@id\":\"https:\/\/franciscanos.org.br\/noticias\/frei-gustavo-medella-e-reeleito-vigario-provincial.html#breadcrumb\"},\"inLanguage\":\"pt-BR\",\"potentialAction\":[{\"@type\":\"ReadAction\",\"target\":[\"https:\/\/franciscanos.org.br\/noticias\/frei-gustavo-medella-e-reeleito-vigario-provincial.html\"]}]},{\"@type\":\"BreadcrumbList\",\"@id\":\"https:\/\/franciscanos.org.br\/noticias\/frei-gustavo-medella-e-reeleito-vigario-provincial.html#breadcrumb\",\"itemListElement\":[{\"@type\":\"ListItem\",\"position\":1,\"name\":\"Home\",\"item\":\"https:\/\/franciscanos.org.br\/noticias\"},{\"@type\":\"ListItem\",\"position\":2,\"name\":\"Frei Gustavo Medella \u00e9 reeleito Vig\u00e1rio Provincial\"}]},{\"@type\":\"Person\",\"@id\":\"https:\/\/franciscanos.org.br\/noticias\/#\/schema\/person\/b5c8cba458c330ccff548b056e95a5d4\",\"name\":\"moacir\",\"image\":{\"@type\":\"ImageObject\",\"inLanguage\":\"pt-BR\",\"@id\":\"https:\/\/franciscanos.org.br\/noticias\/#\/schema\/person\/image\/\",\"url\":\"https:\/\/secure.gravatar.com\/avatar\/d08aa2ce4c8dd416d4479aa8536fcf64?s=96&d=mm&r=g\",\"contentUrl\":\"https:\/\/secure.gravatar.com\/avatar\/d08aa2ce4c8dd416d4479aa8536fcf64?s=96&d=mm&r=g\",\"caption\":\"moacir\"},\"url\":\"https:\/\/franciscanos.org.br\/noticias\/author\/moacir\"}]}<\/script>\n<!-- \/ Yoast SEO plugin. -->","yoast_head_json":{"title":"Frei Gustavo Medella \u00e9 reeleito Vig\u00e1rio Provincial - Not\u00edcias - Franciscanos","robots":{"index":"index","follow":"follow","max-snippet":"max-snippet:-1","max-image-preview":"max-image-preview:large","max-video-preview":"max-video-preview:-1"},"canonical":"https:\/\/franciscanos.org.br\/noticias\/frei-gustavo-medella-e-reeleito-vigario-provincial.html","og_locale":"pt_BR","og_type":"article","og_title":"Frei Gustavo Medella \u00e9 reeleito Vig\u00e1rio Provincial - Not\u00edcias - Franciscanos","og_description":"Cap\u00edtulo Provincial 2021","og_url":"https:\/\/franciscanos.org.br\/noticias\/frei-gustavo-medella-e-reeleito-vigario-provincial.html","og_site_name":"Not\u00edcias - Franciscanos","article_published_time":"2021-11-29T17:48:03+00:00","article_modified_time":"2021-11-30T01:25:29+00:00","og_image":[{"width":1280,"height":720,"url":"https:\/\/franciscanos.org.br\/noticias\/wp-content\/uploads\/2021\/11\/medella_271121_1.jpg","type":"image\/jpeg"}],"author":"moacir","twitter_card":"summary_large_image","twitter_misc":{"Escrito por":"moacir","Est. tempo de leitura":"4 minutos"},"schema":{"@context":"https:\/\/schema.org","@graph":[{"@type":"WebSite","@id":"https:\/\/franciscanos.org.br\/noticias\/#website","url":"https:\/\/franciscanos.org.br\/noticias\/","name":"Not\u00edcias - Franciscanos","description":"Prov\u00edncia Franciscana da Imaculada Concei\u00e7\u00e3o do Brasil - Ordem dos Frades Menores - OFM","potentialAction":[{"@type":"SearchAction","target":{"@type":"EntryPoint","urlTemplate":"https:\/\/franciscanos.org.br\/noticias\/?s={search_term_string}"},"query-input":"required name=search_term_string"}],"inLanguage":"pt-BR"},{"@type":"ImageObject","inLanguage":"pt-BR","@id":"https:\/\/franciscanos.org.br\/noticias\/frei-gustavo-medella-e-reeleito-vigario-provincial.html#primaryimage","url":"https:\/\/franciscanos.org.br\/noticias\/wp-content\/uploads\/2021\/11\/medella_271121_1.jpg","contentUrl":"https:\/\/franciscanos.org.br\/noticias\/wp-content\/uploads\/2021\/11\/medella_271121_1.jpg","width":1280,"height":720},{"@type":"WebPage","@id":"https:\/\/franciscanos.org.br\/noticias\/frei-gustavo-medella-e-reeleito-vigario-provincial.html#webpage","url":"https:\/\/franciscanos.org.br\/noticias\/frei-gustavo-medella-e-reeleito-vigario-provincial.html","name":"Frei Gustavo Medella \u00e9 reeleito Vig\u00e1rio Provincial - Not\u00edcias - Franciscanos","isPartOf":{"@id":"https:\/\/franciscanos.org.br\/noticias\/#website"},"primaryImageOfPage":{"@id":"https:\/\/franciscanos.org.br\/noticias\/frei-gustavo-medella-e-reeleito-vigario-provincial.html#primaryimage"},"datePublished":"2021-11-29T17:48:03+00:00","dateModified":"2021-11-30T01:25:29+00:00","author":{"@id":"https:\/\/franciscanos.org.br\/noticias\/#\/schema\/person\/b5c8cba458c330ccff548b056e95a5d4"},"breadcrumb":{"@id":"https:\/\/franciscanos.org.br\/noticias\/frei-gustavo-medella-e-reeleito-vigario-provincial.html#breadcrumb"},"inLanguage":"pt-BR","potentialAction":[{"@type":"ReadAction","target":["https:\/\/franciscanos.org.br\/noticias\/frei-gustavo-medella-e-reeleito-vigario-provincial.html"]}]},{"@type":"BreadcrumbList","@id":"https:\/\/franciscanos.org.br\/noticias\/frei-gustavo-medella-e-reeleito-vigario-provincial.html#breadcrumb","itemListElement":[{"@type":"ListItem","position":1,"name":"Home","item":"https:\/\/franciscanos.org.br\/noticias"},{"@type":"ListItem","position":2,"name":"Frei Gustavo Medella \u00e9 reeleito Vig\u00e1rio Provincial"}]},{"@type":"Person","@id":"https:\/\/franciscanos.org.br\/noticias\/#\/schema\/person\/b5c8cba458c330ccff548b056e95a5d4","name":"moacir","image":{"@type":"ImageObject","inLanguage":"pt-BR","@id":"https:\/\/franciscanos.org.br\/noticias\/#\/schema\/person\/image\/","url":"https:\/\/secure.gravatar.com\/avatar\/d08aa2ce4c8dd416d4479aa8536fcf64?s=96&d=mm&r=g","contentUrl":"https:\/\/secure.gravatar.com\/avatar\/d08aa2ce4c8dd416d4479aa8536fcf64?s=96&d=mm&r=g","caption":"moacir"},"url":"https:\/\/franciscanos.org.br\/noticias\/author\/moacir"}]}},"_links":{"self":[{"href":"https:\/\/franciscanos.org.br\/noticias\/wp-json\/wp\/v2\/posts\/235539"}],"collection":[{"href":"https:\/\/franciscanos.org.br\/noticias\/wp-json\/wp\/v2\/posts"}],"about":[{"href":"https:\/\/franciscanos.org.br\/noticias\/wp-json\/wp\/v2\/types\/post"}],"author":[{"embeddable":true,"href":"https:\/\/franciscanos.org.br\/noticias\/wp-json\/wp\/v2\/users\/3"}],"replies":[{"embeddable":true,"href":"https:\/\/franciscanos.org.br\/noticias\/wp-json\/wp\/v2\/comments?post=235539"}],"version-history":[{"count":4,"href":"https:\/\/franciscanos.org.br\/noticias\/wp-json\/wp\/v2\/posts\/235539\/revisions"}],"predecessor-version":[{"id":235588,"href":"https:\/\/franciscanos.org.br\/noticias\/wp-json\/wp\/v2\/posts\/235539\/revisions\/235588"}],"wp:featuredmedia":[{"embeddable":true,"href":"https:\/\/franciscanos.org.br\/noticias\/wp-json\/wp\/v2\/media\/235540"}],"wp:attachment":[{"href":"https:\/\/franciscanos.org.br\/noticias\/wp-json\/wp\/v2\/media?parent=235539"}],"wp:term":[{"taxonomy":"category","embeddable":true,"href":"https:\/\/franciscanos.org.br\/noticias\/wp-json\/wp\/v2\/categories?post=235539"},{"taxonomy":"post_tag","embeddable":true,"href":"https:\/\/franciscanos.org.br\/noticias\/wp-json\/wp\/v2\/tags?post=235539"}],"curies":[{"name":"wp","href":"https:\/\/api.w.org\/{rel}","templated":true}]}}