{"id":235536,"date":"2021-11-29T12:18:38","date_gmt":"2021-11-29T15:18:38","guid":{"rendered":"https:\/\/franciscanos.org.br\/noticias\/?p=235536"},"modified":"2021-11-29T12:18:38","modified_gmt":"2021-11-29T15:18:38","slug":"manha-capitular-votacao-das-prioridades-e-estrategias-eleicao-do-vigario-e-definidores-a-tarde","status":"publish","type":"post","link":"https:\/\/franciscanos.org.br\/noticias\/manha-capitular-votacao-das-prioridades-e-estrategias-eleicao-do-vigario-e-definidores-a-tarde.html","title":{"rendered":"Manh\u00e3 capitular: vota\u00e7\u00e3o das prioridades e estrat\u00e9gias. Elei\u00e7\u00e3o do Vig\u00e1rio e Definidores \u00e0 tarde."},"content":{"rendered":"<p><img loading=\"lazy\" class=\"alignnone size-full wp-image-235537\" src=\"https:\/\/franciscanos.org.br\/noticias\/wp-content\/uploads\/2021\/11\/manha_2911.jpg\" alt=\"\" width=\"1280\" height=\"853\" srcset=\"https:\/\/franciscanos.org.br\/noticias\/wp-content\/uploads\/2021\/11\/manha_2911.jpg 1280w, https:\/\/franciscanos.org.br\/noticias\/wp-content\/uploads\/2021\/11\/manha_2911-450x300.jpg 450w, https:\/\/franciscanos.org.br\/noticias\/wp-content\/uploads\/2021\/11\/manha_2911-1024x682.jpg 1024w, https:\/\/franciscanos.org.br\/noticias\/wp-content\/uploads\/2021\/11\/manha_2911-768x512.jpg 768w, https:\/\/franciscanos.org.br\/noticias\/wp-content\/uploads\/2021\/11\/manha_2911-150x100.jpg 150w\" sizes=\"(max-width: 1280px) 100vw, 1280px\" \/><\/p>\n<p>O Dia de Todos os Santos da Ordem Franciscana, 29 de novembro, foi um dia muito importante para os frades da Prov\u00edncia Franciscana da Imaculada Concei\u00e7\u00e3o do Brasil. A manh\u00e3 iniciou com o trabalho de vota\u00e7\u00e3o das prioridades e estrat\u00e9gias que o Cap\u00edtulo quer estabelecer para a caminhada do sex\u00eanio em nossa Prov\u00edncia.<\/p>\n<ol>\n<li>Redescobrir o valor da vida fraterna.<\/li>\n<li>Consolidar a Anima\u00e7\u00e3o Vocacional como responsabilidade permanente de cada frade, fraternidade e Frentes de Evangeliza\u00e7\u00e3o.<\/li>\n<li>Refor\u00e7ar a import\u00e2ncia da Forma\u00e7\u00e3o Inicial e Permanente dos frades.<\/li>\n<li>Definir a sinodalidade como dimens\u00e3o transversal da vida Fraterna e a\u00e7\u00e3o evangelizadora.<\/li>\n<\/ol>\n<p>Essas foram as quatro prioridades assumidas para o sex\u00eanio. Cada uma delas com estrat\u00e9gias bem definidas. A vota\u00e7\u00e3o das estrat\u00e9gias foi bastante discutida, cada coment\u00e1rio contribu\u00eda para expressar de forma mais precisa os anseios da fraternidade e para fortalecer o compromisso a ser assumido por todos. Esse debate possibilita a participa\u00e7\u00e3o de todos, verdadeiro exerc\u00edcio de sinodalidade.<\/p>\n<p>Na segunda parte da manh\u00e3, o plen\u00e1rio se dedicou a votar as propostas do Cap\u00edtulos, os chamados \u201cmandatos do Cap\u00edtulo\u201d, e algumas observa\u00e7\u00f5es mais de car\u00e1ter orientativo. Para al\u00e9m das prioridades e estrat\u00e9gias que eram para o Plano de Evangeliza\u00e7\u00e3o, essas propostas mais assertivas e, por vezes, pontuais querem facilitar a dinamiza\u00e7\u00e3o da vida quotidiana e apontar metas, direcionamentos e aspira\u00e7\u00f5es.<\/p>\n<p>Essa din\u00e2mica pr\u00f3pria de reflex\u00e3o, discuss\u00e3o e assumir juntos as conclus\u00f5es, faz parte do movimento da vida fraterna.<\/p>\n<p><strong>ELEI\u00c7\u00c3O DE VIG\u00c1RIO E DEFINIDORES<\/strong><\/p>\n<p>Depois da elei\u00e7\u00e3o de Frei Paulo Roberto Pereira para o servi\u00e7o de Ministro Provincial, os 111 frades capitulares elegem o Vig\u00e1rio Provincial e os Definidores nesta segunda-feira, 29 de novembro, completando assim o Governo Provincial para os pr\u00f3ximos tr\u00eas anos. A elei\u00e7\u00e3o ter\u00e1 in\u00edcio a partir das 14h30 na Sala Capitular do\u00a0 Semin\u00e1rio Santo Ant\u00f4nio, em Agudos (SP). Vamos informar o andamento das elei\u00e7\u00f5es via site (<strong><a href=\"http:\/\/www.franciscanos.org.br\">www.franciscanos.org.br<\/a>)<\/strong> e Facebook: <strong><a href=\"https:\/\/www.facebook.com\/provinciafranciscana\">https:\/\/www.facebook.com\/provinciafranciscana<\/a><\/strong><\/p>\n<p>Os novos Definidores e o Vig\u00e1rio ser\u00e3o empossados durante a celebra\u00e7\u00e3o de posse na capela do Semin\u00e1rio, amanh\u00e3, \u00e0s 18 horas.<\/p>\n<p>Ser\u00e1 eleito para o servi\u00e7o de Vig\u00e1rio Provincial o candidato que, em primeiro ou segundo escrut\u00ednio, obtiver maioria absoluta (mais do que a metade dos votos). Em terceiro escrut\u00ednio, aquele que obtiver maioria simples. Em caso de empate, ser\u00e1 eleito o mais antigo em profiss\u00e3o solene e, coincidindo o tempo de votos solenes, o escolhido ser\u00e1 o de preced\u00eancia de idade.<\/p>\n<p>Os seis Definidores ser\u00e3o eleitos separadamente e a elei\u00e7\u00e3o seguir\u00e1 o mesmo processo para o Vig\u00e1rio Provincial. No caso do Vig\u00e1rio e Definidores n\u00e3o h\u00e1 homologa\u00e7\u00e3o de pela C\u00faria Geral e qualquer um dos 111 professos solenes pode ser eleito.<\/p>\n<hr \/>\n<p><strong>Equipe de Comunica\u00e7\u00e3o do Cap\u00edtulo:<\/strong>\u00a0<em>Frei Augusto Gabriel, Frei Clauzemir Makximovitz, Frei Gabriel Dellandrea, Frei Alan Leal de Mattos e Moacir Beggo.<\/em><\/p>\n","protected":false},"excerpt":{"rendered":"<p>Cap\u00edtulo Provincial 2021<\/p>\n","protected":false},"author":3,"featured_media":235537,"comment_status":"open","ping_status":"open","sticky":false,"template":"","format":"standard","meta":[],"categories":[1],"tags":[1943],"acf":[],"yoast_head":"<!-- This site is optimized with the Yoast SEO plugin v19.2 - https:\/\/yoast.com\/wordpress\/plugins\/seo\/ -->\n<title>Manh\u00e3 capitular: vota\u00e7\u00e3o das prioridades e estrat\u00e9gias. Elei\u00e7\u00e3o do Vig\u00e1rio e Definidores \u00e0 tarde. - Not\u00edcias - Franciscanos<\/title>\n<meta name=\"robots\" content=\"index, follow, max-snippet:-1, max-image-preview:large, max-video-preview:-1\" \/>\n<link rel=\"canonical\" href=\"https:\/\/franciscanos.org.br\/noticias\/manha-capitular-votacao-das-prioridades-e-estrategias-eleicao-do-vigario-e-definidores-a-tarde.html\" \/>\n<meta property=\"og:locale\" content=\"pt_BR\" \/>\n<meta property=\"og:type\" content=\"article\" \/>\n<meta property=\"og:title\" content=\"Manh\u00e3 capitular: vota\u00e7\u00e3o das prioridades e estrat\u00e9gias. Elei\u00e7\u00e3o do Vig\u00e1rio e Definidores \u00e0 tarde. - Not\u00edcias - Franciscanos\" \/>\n<meta property=\"og:description\" content=\"Cap\u00edtulo Provincial 2021\" \/>\n<meta property=\"og:url\" content=\"https:\/\/franciscanos.org.br\/noticias\/manha-capitular-votacao-das-prioridades-e-estrategias-eleicao-do-vigario-e-definidores-a-tarde.html\" \/>\n<meta property=\"og:site_name\" content=\"Not\u00edcias - Franciscanos\" \/>\n<meta property=\"article:published_time\" content=\"2021-11-29T15:18:38+00:00\" \/>\n<meta property=\"og:image\" content=\"https:\/\/franciscanos.org.br\/noticias\/wp-content\/uploads\/2021\/11\/manha_2911.jpg\" \/>\n\t<meta property=\"og:image:width\" content=\"1280\" \/>\n\t<meta property=\"og:image:height\" content=\"853\" \/>\n\t<meta property=\"og:image:type\" content=\"image\/jpeg\" \/>\n<meta name=\"author\" content=\"moacir\" \/>\n<meta name=\"twitter:card\" content=\"summary_large_image\" \/>\n<meta name=\"twitter:label1\" content=\"Escrito por\" \/>\n\t<meta name=\"twitter:data1\" content=\"moacir\" \/>\n\t<meta name=\"twitter:label2\" content=\"Est. tempo de leitura\" \/>\n\t<meta name=\"twitter:data2\" content=\"3 minutos\" \/>\n<script type=\"application\/ld+json\" class=\"yoast-schema-graph\">{\"@context\":\"https:\/\/schema.org\",\"@graph\":[{\"@type\":\"WebSite\",\"@id\":\"https:\/\/franciscanos.org.br\/noticias\/#website\",\"url\":\"https:\/\/franciscanos.org.br\/noticias\/\",\"name\":\"Not\u00edcias - Franciscanos\",\"description\":\"Prov\u00edncia Franciscana da Imaculada Concei\u00e7\u00e3o do Brasil - Ordem dos Frades Menores - OFM\",\"potentialAction\":[{\"@type\":\"SearchAction\",\"target\":{\"@type\":\"EntryPoint\",\"urlTemplate\":\"https:\/\/franciscanos.org.br\/noticias\/?s={search_term_string}\"},\"query-input\":\"required name=search_term_string\"}],\"inLanguage\":\"pt-BR\"},{\"@type\":\"ImageObject\",\"inLanguage\":\"pt-BR\",\"@id\":\"https:\/\/franciscanos.org.br\/noticias\/manha-capitular-votacao-das-prioridades-e-estrategias-eleicao-do-vigario-e-definidores-a-tarde.html#primaryimage\",\"url\":\"https:\/\/franciscanos.org.br\/noticias\/wp-content\/uploads\/2021\/11\/manha_2911.jpg\",\"contentUrl\":\"https:\/\/franciscanos.org.br\/noticias\/wp-content\/uploads\/2021\/11\/manha_2911.jpg\",\"width\":1280,\"height\":853},{\"@type\":\"WebPage\",\"@id\":\"https:\/\/franciscanos.org.br\/noticias\/manha-capitular-votacao-das-prioridades-e-estrategias-eleicao-do-vigario-e-definidores-a-tarde.html#webpage\",\"url\":\"https:\/\/franciscanos.org.br\/noticias\/manha-capitular-votacao-das-prioridades-e-estrategias-eleicao-do-vigario-e-definidores-a-tarde.html\",\"name\":\"Manh\u00e3 capitular: vota\u00e7\u00e3o das prioridades e estrat\u00e9gias. Elei\u00e7\u00e3o do Vig\u00e1rio e Definidores \u00e0 tarde. - Not\u00edcias - Franciscanos\",\"isPartOf\":{\"@id\":\"https:\/\/franciscanos.org.br\/noticias\/#website\"},\"primaryImageOfPage\":{\"@id\":\"https:\/\/franciscanos.org.br\/noticias\/manha-capitular-votacao-das-prioridades-e-estrategias-eleicao-do-vigario-e-definidores-a-tarde.html#primaryimage\"},\"datePublished\":\"2021-11-29T15:18:38+00:00\",\"dateModified\":\"2021-11-29T15:18:38+00:00\",\"author\":{\"@id\":\"https:\/\/franciscanos.org.br\/noticias\/#\/schema\/person\/b5c8cba458c330ccff548b056e95a5d4\"},\"breadcrumb\":{\"@id\":\"https:\/\/franciscanos.org.br\/noticias\/manha-capitular-votacao-das-prioridades-e-estrategias-eleicao-do-vigario-e-definidores-a-tarde.html#breadcrumb\"},\"inLanguage\":\"pt-BR\",\"potentialAction\":[{\"@type\":\"ReadAction\",\"target\":[\"https:\/\/franciscanos.org.br\/noticias\/manha-capitular-votacao-das-prioridades-e-estrategias-eleicao-do-vigario-e-definidores-a-tarde.html\"]}]},{\"@type\":\"BreadcrumbList\",\"@id\":\"https:\/\/franciscanos.org.br\/noticias\/manha-capitular-votacao-das-prioridades-e-estrategias-eleicao-do-vigario-e-definidores-a-tarde.html#breadcrumb\",\"itemListElement\":[{\"@type\":\"ListItem\",\"position\":1,\"name\":\"Home\",\"item\":\"https:\/\/franciscanos.org.br\/noticias\"},{\"@type\":\"ListItem\",\"position\":2,\"name\":\"Manh\u00e3 capitular: vota\u00e7\u00e3o das prioridades e estrat\u00e9gias. Elei\u00e7\u00e3o do Vig\u00e1rio e Definidores \u00e0 tarde.\"}]},{\"@type\":\"Person\",\"@id\":\"https:\/\/franciscanos.org.br\/noticias\/#\/schema\/person\/b5c8cba458c330ccff548b056e95a5d4\",\"name\":\"moacir\",\"image\":{\"@type\":\"ImageObject\",\"inLanguage\":\"pt-BR\",\"@id\":\"https:\/\/franciscanos.org.br\/noticias\/#\/schema\/person\/image\/\",\"url\":\"https:\/\/secure.gravatar.com\/avatar\/d08aa2ce4c8dd416d4479aa8536fcf64?s=96&d=mm&r=g\",\"contentUrl\":\"https:\/\/secure.gravatar.com\/avatar\/d08aa2ce4c8dd416d4479aa8536fcf64?s=96&d=mm&r=g\",\"caption\":\"moacir\"},\"url\":\"https:\/\/franciscanos.org.br\/noticias\/author\/moacir\"}]}<\/script>\n<!-- \/ Yoast SEO plugin. -->","yoast_head_json":{"title":"Manh\u00e3 capitular: vota\u00e7\u00e3o das prioridades e estrat\u00e9gias. Elei\u00e7\u00e3o do Vig\u00e1rio e Definidores \u00e0 tarde. - Not\u00edcias - Franciscanos","robots":{"index":"index","follow":"follow","max-snippet":"max-snippet:-1","max-image-preview":"max-image-preview:large","max-video-preview":"max-video-preview:-1"},"canonical":"https:\/\/franciscanos.org.br\/noticias\/manha-capitular-votacao-das-prioridades-e-estrategias-eleicao-do-vigario-e-definidores-a-tarde.html","og_locale":"pt_BR","og_type":"article","og_title":"Manh\u00e3 capitular: vota\u00e7\u00e3o das prioridades e estrat\u00e9gias. Elei\u00e7\u00e3o do Vig\u00e1rio e Definidores \u00e0 tarde. - Not\u00edcias - Franciscanos","og_description":"Cap\u00edtulo Provincial 2021","og_url":"https:\/\/franciscanos.org.br\/noticias\/manha-capitular-votacao-das-prioridades-e-estrategias-eleicao-do-vigario-e-definidores-a-tarde.html","og_site_name":"Not\u00edcias - Franciscanos","article_published_time":"2021-11-29T15:18:38+00:00","og_image":[{"width":1280,"height":853,"url":"https:\/\/franciscanos.org.br\/noticias\/wp-content\/uploads\/2021\/11\/manha_2911.jpg","type":"image\/jpeg"}],"author":"moacir","twitter_card":"summary_large_image","twitter_misc":{"Escrito por":"moacir","Est. tempo de leitura":"3 minutos"},"schema":{"@context":"https:\/\/schema.org","@graph":[{"@type":"WebSite","@id":"https:\/\/franciscanos.org.br\/noticias\/#website","url":"https:\/\/franciscanos.org.br\/noticias\/","name":"Not\u00edcias - Franciscanos","description":"Prov\u00edncia Franciscana da Imaculada Concei\u00e7\u00e3o do Brasil - Ordem dos Frades Menores - OFM","potentialAction":[{"@type":"SearchAction","target":{"@type":"EntryPoint","urlTemplate":"https:\/\/franciscanos.org.br\/noticias\/?s={search_term_string}"},"query-input":"required name=search_term_string"}],"inLanguage":"pt-BR"},{"@type":"ImageObject","inLanguage":"pt-BR","@id":"https:\/\/franciscanos.org.br\/noticias\/manha-capitular-votacao-das-prioridades-e-estrategias-eleicao-do-vigario-e-definidores-a-tarde.html#primaryimage","url":"https:\/\/franciscanos.org.br\/noticias\/wp-content\/uploads\/2021\/11\/manha_2911.jpg","contentUrl":"https:\/\/franciscanos.org.br\/noticias\/wp-content\/uploads\/2021\/11\/manha_2911.jpg","width":1280,"height":853},{"@type":"WebPage","@id":"https:\/\/franciscanos.org.br\/noticias\/manha-capitular-votacao-das-prioridades-e-estrategias-eleicao-do-vigario-e-definidores-a-tarde.html#webpage","url":"https:\/\/franciscanos.org.br\/noticias\/manha-capitular-votacao-das-prioridades-e-estrategias-eleicao-do-vigario-e-definidores-a-tarde.html","name":"Manh\u00e3 capitular: vota\u00e7\u00e3o das prioridades e estrat\u00e9gias. Elei\u00e7\u00e3o do Vig\u00e1rio e Definidores \u00e0 tarde. - Not\u00edcias - Franciscanos","isPartOf":{"@id":"https:\/\/franciscanos.org.br\/noticias\/#website"},"primaryImageOfPage":{"@id":"https:\/\/franciscanos.org.br\/noticias\/manha-capitular-votacao-das-prioridades-e-estrategias-eleicao-do-vigario-e-definidores-a-tarde.html#primaryimage"},"datePublished":"2021-11-29T15:18:38+00:00","dateModified":"2021-11-29T15:18:38+00:00","author":{"@id":"https:\/\/franciscanos.org.br\/noticias\/#\/schema\/person\/b5c8cba458c330ccff548b056e95a5d4"},"breadcrumb":{"@id":"https:\/\/franciscanos.org.br\/noticias\/manha-capitular-votacao-das-prioridades-e-estrategias-eleicao-do-vigario-e-definidores-a-tarde.html#breadcrumb"},"inLanguage":"pt-BR","potentialAction":[{"@type":"ReadAction","target":["https:\/\/franciscanos.org.br\/noticias\/manha-capitular-votacao-das-prioridades-e-estrategias-eleicao-do-vigario-e-definidores-a-tarde.html"]}]},{"@type":"BreadcrumbList","@id":"https:\/\/franciscanos.org.br\/noticias\/manha-capitular-votacao-das-prioridades-e-estrategias-eleicao-do-vigario-e-definidores-a-tarde.html#breadcrumb","itemListElement":[{"@type":"ListItem","position":1,"name":"Home","item":"https:\/\/franciscanos.org.br\/noticias"},{"@type":"ListItem","position":2,"name":"Manh\u00e3 capitular: vota\u00e7\u00e3o das prioridades e estrat\u00e9gias. Elei\u00e7\u00e3o do Vig\u00e1rio e Definidores \u00e0 tarde."}]},{"@type":"Person","@id":"https:\/\/franciscanos.org.br\/noticias\/#\/schema\/person\/b5c8cba458c330ccff548b056e95a5d4","name":"moacir","image":{"@type":"ImageObject","inLanguage":"pt-BR","@id":"https:\/\/franciscanos.org.br\/noticias\/#\/schema\/person\/image\/","url":"https:\/\/secure.gravatar.com\/avatar\/d08aa2ce4c8dd416d4479aa8536fcf64?s=96&d=mm&r=g","contentUrl":"https:\/\/secure.gravatar.com\/avatar\/d08aa2ce4c8dd416d4479aa8536fcf64?s=96&d=mm&r=g","caption":"moacir"},"url":"https:\/\/franciscanos.org.br\/noticias\/author\/moacir"}]}},"_links":{"self":[{"href":"https:\/\/franciscanos.org.br\/noticias\/wp-json\/wp\/v2\/posts\/235536"}],"collection":[{"href":"https:\/\/franciscanos.org.br\/noticias\/wp-json\/wp\/v2\/posts"}],"about":[{"href":"https:\/\/franciscanos.org.br\/noticias\/wp-json\/wp\/v2\/types\/post"}],"author":[{"embeddable":true,"href":"https:\/\/franciscanos.org.br\/noticias\/wp-json\/wp\/v2\/users\/3"}],"replies":[{"embeddable":true,"href":"https:\/\/franciscanos.org.br\/noticias\/wp-json\/wp\/v2\/comments?post=235536"}],"version-history":[{"count":1,"href":"https:\/\/franciscanos.org.br\/noticias\/wp-json\/wp\/v2\/posts\/235536\/revisions"}],"predecessor-version":[{"id":235538,"href":"https:\/\/franciscanos.org.br\/noticias\/wp-json\/wp\/v2\/posts\/235536\/revisions\/235538"}],"wp:featuredmedia":[{"embeddable":true,"href":"https:\/\/franciscanos.org.br\/noticias\/wp-json\/wp\/v2\/media\/235537"}],"wp:attachment":[{"href":"https:\/\/franciscanos.org.br\/noticias\/wp-json\/wp\/v2\/media?parent=235536"}],"wp:term":[{"taxonomy":"category","embeddable":true,"href":"https:\/\/franciscanos.org.br\/noticias\/wp-json\/wp\/v2\/categories?post=235536"},{"taxonomy":"post_tag","embeddable":true,"href":"https:\/\/franciscanos.org.br\/noticias\/wp-json\/wp\/v2\/tags?post=235536"}],"curies":[{"name":"wp","href":"https:\/\/api.w.org\/{rel}","templated":true}]}}