{"id":235521,"date":"2021-11-29T10:48:51","date_gmt":"2021-11-29T13:48:51","guid":{"rendered":"https:\/\/franciscanos.org.br\/noticias\/?p=235521"},"modified":"2021-11-29T10:52:01","modified_gmt":"2021-11-29T13:52:01","slug":"na-festa-de-todos-os-santos-franciscanos-frei-marx-aponta-tres-grandes-causas-aos-capitulares","status":"publish","type":"post","link":"https:\/\/franciscanos.org.br\/noticias\/na-festa-de-todos-os-santos-franciscanos-frei-marx-aponta-tres-grandes-causas-aos-capitulares.html","title":{"rendered":"Na festa de todos os Santos Franciscanos, Frei Marx aponta tr\u00eas grandes causas aos capitulares"},"content":{"rendered":"<p><img loading=\"lazy\" class=\"alignnone size-full wp-image-235522\" src=\"https:\/\/franciscanos.org.br\/noticias\/wp-content\/uploads\/2021\/11\/setimo_2911.jpg\" alt=\"\" width=\"1280\" height=\"720\" srcset=\"https:\/\/franciscanos.org.br\/noticias\/wp-content\/uploads\/2021\/11\/setimo_2911.jpg 1280w, https:\/\/franciscanos.org.br\/noticias\/wp-content\/uploads\/2021\/11\/setimo_2911-450x253.jpg 450w, https:\/\/franciscanos.org.br\/noticias\/wp-content\/uploads\/2021\/11\/setimo_2911-1024x576.jpg 1024w, https:\/\/franciscanos.org.br\/noticias\/wp-content\/uploads\/2021\/11\/setimo_2911-768x432.jpg 768w, https:\/\/franciscanos.org.br\/noticias\/wp-content\/uploads\/2021\/11\/setimo_2911-150x84.jpg 150w\" sizes=\"(max-width: 1280px) 100vw, 1280px\" \/><\/p>\n<p><strong>\u00a0<\/strong><strong>Agudos (SP) &#8211;<\/strong> Os capitulares presentes em Agudos (SP) iniciaram o s\u00e9timo e pen\u00faltimo dia (29\/11) do Cap\u00edtulo Provincial com a Santa Missa, \u00e0s 8 horas, na bela capela do no Semin\u00e1rio Santo Ant\u00f4nio. Hoje, o presidente da Celebra\u00e7\u00e3o foi Frei Marx Rodrigues dos Reis, coordenador da Frente de Solidariedade e animador provincial do Servi\u00e7o de Justi\u00e7a, Paz e Integridade da Cria\u00e7\u00e3o (JPIC), que teve como concelebrantes Frei Jos\u00e9 Francisco de C\u00e1ssia dos Santos, vice-coordenador da Frente de Solidariedade; e Frei S\u00e9rgio Pagan, da Fraternidade de Niter\u00f3i.<\/p>\n<p>Neste dia, a Ordem Ser\u00e1fica celebra todos os seus Santos no anivers\u00e1rio da aprova\u00e7\u00e3o da regra de S\u00e3o Francisco pelo Papa Hon\u00f3rio III, no dia 29 de novembro de 1223. A Ordem Franciscana recolhe-se em ora\u00e7\u00e3o festiva para contemplar a grandiosa \u00e1rvore de santidade nascida do Ser\u00e1fico Pai e sua vida segundo o Evangelho, como descreve na Regra de Vida.<\/p>\n<p><img loading=\"lazy\" class=\"alignnone size-full wp-image-235523\" src=\"https:\/\/franciscanos.org.br\/noticias\/wp-content\/uploads\/2021\/11\/setimo_2911_1.jpg\" alt=\"\" width=\"1280\" height=\"720\" srcset=\"https:\/\/franciscanos.org.br\/noticias\/wp-content\/uploads\/2021\/11\/setimo_2911_1.jpg 1280w, https:\/\/franciscanos.org.br\/noticias\/wp-content\/uploads\/2021\/11\/setimo_2911_1-450x253.jpg 450w, https:\/\/franciscanos.org.br\/noticias\/wp-content\/uploads\/2021\/11\/setimo_2911_1-1024x576.jpg 1024w, https:\/\/franciscanos.org.br\/noticias\/wp-content\/uploads\/2021\/11\/setimo_2911_1-768x432.jpg 768w, https:\/\/franciscanos.org.br\/noticias\/wp-content\/uploads\/2021\/11\/setimo_2911_1-150x84.jpg 150w\" sizes=\"(max-width: 1280px) 100vw, 1280px\" \/><\/p>\n<p><img loading=\"lazy\" class=\"alignnone size-full wp-image-235524\" src=\"https:\/\/franciscanos.org.br\/noticias\/wp-content\/uploads\/2021\/11\/setimo_2911_3.jpg\" alt=\"\" width=\"1280\" height=\"720\" srcset=\"https:\/\/franciscanos.org.br\/noticias\/wp-content\/uploads\/2021\/11\/setimo_2911_3.jpg 1280w, https:\/\/franciscanos.org.br\/noticias\/wp-content\/uploads\/2021\/11\/setimo_2911_3-450x253.jpg 450w, https:\/\/franciscanos.org.br\/noticias\/wp-content\/uploads\/2021\/11\/setimo_2911_3-1024x576.jpg 1024w, https:\/\/franciscanos.org.br\/noticias\/wp-content\/uploads\/2021\/11\/setimo_2911_3-768x432.jpg 768w, https:\/\/franciscanos.org.br\/noticias\/wp-content\/uploads\/2021\/11\/setimo_2911_3-150x84.jpg 150w\" sizes=\"(max-width: 1280px) 100vw, 1280px\" \/><\/p>\n<p>&#8220;Ao mesmo tempo que a gente persegue a santidade, a gente persegue o desafio do Evangelho&#8221;, lembrou Frei Marx. &#8220;Ser santo aqui n\u00e3o \u00e9 escapar daquilo que nos amedronta, mas pelo contr\u00e1rio \u00e9 entender que a busca do Evangelho nos coloca no caminho para superar todas as nossas inseguran\u00e7as que, por vezes, est\u00e3o escondidas nas grandes constru\u00e7\u00f5es que n\u00f3s vamos, historicamente, montando. Esse movimento todo nos conclama a olhar \u00e0 luz dos sonhos&#8221;, disse.<\/p>\n<p>&#8220;Nesse Cap\u00edtulo somos todos irm\u00e3os em busca de sonhos, especialmente hoje esta festa franciscana tamb\u00e9m nos desafia a olhar para todas as nossas seguran\u00e7as e perceber se elas contribuem ou n\u00e3o para que a gente possa largar tudo o que nos aprisiona e construir o que nos serve&#8221;, observou.<\/p>\n<p><img loading=\"lazy\" class=\"alignnone size-full wp-image-235525\" src=\"https:\/\/franciscanos.org.br\/noticias\/wp-content\/uploads\/2021\/11\/setimo_2911_4.jpg\" alt=\"\" width=\"1280\" height=\"720\" srcset=\"https:\/\/franciscanos.org.br\/noticias\/wp-content\/uploads\/2021\/11\/setimo_2911_4.jpg 1280w, https:\/\/franciscanos.org.br\/noticias\/wp-content\/uploads\/2021\/11\/setimo_2911_4-450x253.jpg 450w, https:\/\/franciscanos.org.br\/noticias\/wp-content\/uploads\/2021\/11\/setimo_2911_4-1024x576.jpg 1024w, https:\/\/franciscanos.org.br\/noticias\/wp-content\/uploads\/2021\/11\/setimo_2911_4-768x432.jpg 768w, https:\/\/franciscanos.org.br\/noticias\/wp-content\/uploads\/2021\/11\/setimo_2911_4-150x84.jpg 150w\" sizes=\"(max-width: 1280px) 100vw, 1280px\" \/><\/p>\n<p>Segundo ele, n\u00e3o \u00e9 porque se vive um tempo d\u00fabio em que as institui\u00e7\u00f5es est\u00e3o diminuindo e nossos conventos podem ficar sem tantos frades e vocacionados, n\u00e3o \u00e9 por isso! &#8220;N\u00e3o \u00e9 s\u00f3 pelo nosso mundo, mas para o projeto de Reino de Deus&#8221;, indicou. &#8220;Ele nos conclama a ser um pouco mais audaciosos. Ele pede de n\u00f3s um tempo para construir o reino dos c\u00e9us. Ouso dizer ainda como nos coloca o Eclesi\u00e1stico: seremos homens de fato diante de Deus se formos capazes de construir a caridade e a solidariedade&#8221;, ressaltou.<\/p>\n<p>Frei Marx contou que quando teve in\u00edcio a pandemia, o Servi\u00e7o Franciscano de Solidariedade (Sefras), abriu duas tendas para servir quentinhas \u00e0 popula\u00e7\u00e3o de rua: uma no centro de S\u00e3o Paulo e outra no centro do Rio. &#8220;Mas t\u00e3o logo nos instalamos no Largo da Carioca, outras pessoas vieram em busca de ajuda, entre elas pessoas que estavam nas ruas com seus filhos porque perderam as casas, como uma senhora, com tr\u00eas filhos. E a gente sabe que o Estado n\u00e3o permite que fiquem na ocupa\u00e7\u00e3o. Quando soube que tinha que sair dali, pediu ajuda para levar as coisas dela para a favela que iria morar. E a\u00ed um trabalhador nosso foi l\u00e1 para ajudar, mas, com o carro pequeno, viu que precisaria dar muitas viagens e disse para ela: &#8216;Olha, n\u00e3o posso fazer tantas viagens assim&#8217;. O que eu posso fazer para facilitar o processo? Ela disse: &#8216;N\u00e3o tem problema, n\u00e3o! Voc\u00ea faz o seguinte: coloca o fog\u00e3o e o botij\u00e3o de g\u00e1s, o restante fica para tr\u00e1s. O que eu n\u00e3o posso ver \u00e9 meus filhos com fome!&#8221;<\/p>\n\n\t\t<style type=\"text\/css\">\n\t\t\t#gallery-1 {\n\t\t\t\tmargin: auto;\n\t\t\t}\n\t\t\t#gallery-1 .gallery-item {\n\t\t\t\tfloat: left;\n\t\t\t\tmargin-top: 10px;\n\t\t\t\ttext-align: center;\n\t\t\t\twidth: 14%;\n\t\t\t}\n\t\t\t#gallery-1 img {\n\t\t\t\tborder: 2px solid #cfcfcf;\n\t\t\t}\n\t\t\t#gallery-1 .gallery-caption {\n\t\t\t\tmargin-left: 0;\n\t\t\t}\n\t\t\t\/* see gallery_shortcode() in wp-includes\/media.php *\/\n\t\t<\/style>\n\t\t<div id='gallery-1' class='gallery galleryid-235521 gallery-columns-7 gallery-size-thumbnail'><dl class='gallery-item'>\n\t\t\t<dt class='gallery-icon landscape'>\n\t\t\t\t<a href='https:\/\/franciscanos.org.br\/noticias\/wp-content\/uploads\/2021\/11\/setimo_01.jpg'><img width=\"300\" height=\"300\" src=\"https:\/\/franciscanos.org.br\/noticias\/wp-content\/uploads\/2021\/11\/setimo_01-300x300.jpg\" class=\"attachment-thumbnail size-thumbnail\" alt=\"\" loading=\"lazy\" srcset=\"https:\/\/franciscanos.org.br\/noticias\/wp-content\/uploads\/2021\/11\/setimo_01-300x300.jpg 300w, https:\/\/franciscanos.org.br\/noticias\/wp-content\/uploads\/2021\/11\/setimo_01-100x100.jpg 100w\" sizes=\"(max-width: 300px) 100vw, 300px\" \/><\/a>\n\t\t\t<\/dt><\/dl><dl class='gallery-item'>\n\t\t\t<dt class='gallery-icon landscape'>\n\t\t\t\t<a href='https:\/\/franciscanos.org.br\/noticias\/wp-content\/uploads\/2021\/11\/setimo_02.jpg'><img width=\"300\" height=\"300\" src=\"https:\/\/franciscanos.org.br\/noticias\/wp-content\/uploads\/2021\/11\/setimo_02-300x300.jpg\" class=\"attachment-thumbnail size-thumbnail\" alt=\"\" loading=\"lazy\" srcset=\"https:\/\/franciscanos.org.br\/noticias\/wp-content\/uploads\/2021\/11\/setimo_02-300x300.jpg 300w, https:\/\/franciscanos.org.br\/noticias\/wp-content\/uploads\/2021\/11\/setimo_02-100x100.jpg 100w\" sizes=\"(max-width: 300px) 100vw, 300px\" \/><\/a>\n\t\t\t<\/dt><\/dl><dl class='gallery-item'>\n\t\t\t<dt class='gallery-icon landscape'>\n\t\t\t\t<a href='https:\/\/franciscanos.org.br\/noticias\/wp-content\/uploads\/2021\/11\/setimo_03.jpg'><img width=\"300\" height=\"300\" src=\"https:\/\/franciscanos.org.br\/noticias\/wp-content\/uploads\/2021\/11\/setimo_03-300x300.jpg\" class=\"attachment-thumbnail size-thumbnail\" alt=\"\" loading=\"lazy\" srcset=\"https:\/\/franciscanos.org.br\/noticias\/wp-content\/uploads\/2021\/11\/setimo_03-300x300.jpg 300w, https:\/\/franciscanos.org.br\/noticias\/wp-content\/uploads\/2021\/11\/setimo_03-100x100.jpg 100w\" sizes=\"(max-width: 300px) 100vw, 300px\" \/><\/a>\n\t\t\t<\/dt><\/dl><dl class='gallery-item'>\n\t\t\t<dt class='gallery-icon landscape'>\n\t\t\t\t<a href='https:\/\/franciscanos.org.br\/noticias\/wp-content\/uploads\/2021\/11\/setimo_04.jpg'><img width=\"300\" height=\"300\" src=\"https:\/\/franciscanos.org.br\/noticias\/wp-content\/uploads\/2021\/11\/setimo_04-300x300.jpg\" class=\"attachment-thumbnail size-thumbnail\" alt=\"\" loading=\"lazy\" srcset=\"https:\/\/franciscanos.org.br\/noticias\/wp-content\/uploads\/2021\/11\/setimo_04-300x300.jpg 300w, https:\/\/franciscanos.org.br\/noticias\/wp-content\/uploads\/2021\/11\/setimo_04-100x100.jpg 100w\" sizes=\"(max-width: 300px) 100vw, 300px\" \/><\/a>\n\t\t\t<\/dt><\/dl><dl class='gallery-item'>\n\t\t\t<dt class='gallery-icon landscape'>\n\t\t\t\t<a href='https:\/\/franciscanos.org.br\/noticias\/wp-content\/uploads\/2021\/11\/setimo_05.jpg'><img width=\"300\" height=\"300\" src=\"https:\/\/franciscanos.org.br\/noticias\/wp-content\/uploads\/2021\/11\/setimo_05-300x300.jpg\" class=\"attachment-thumbnail size-thumbnail\" alt=\"\" loading=\"lazy\" srcset=\"https:\/\/franciscanos.org.br\/noticias\/wp-content\/uploads\/2021\/11\/setimo_05-300x300.jpg 300w, https:\/\/franciscanos.org.br\/noticias\/wp-content\/uploads\/2021\/11\/setimo_05-100x100.jpg 100w\" sizes=\"(max-width: 300px) 100vw, 300px\" \/><\/a>\n\t\t\t<\/dt><\/dl><dl class='gallery-item'>\n\t\t\t<dt class='gallery-icon landscape'>\n\t\t\t\t<a href='https:\/\/franciscanos.org.br\/noticias\/wp-content\/uploads\/2021\/11\/setimo_06.jpg'><img width=\"300\" height=\"300\" src=\"https:\/\/franciscanos.org.br\/noticias\/wp-content\/uploads\/2021\/11\/setimo_06-300x300.jpg\" class=\"attachment-thumbnail size-thumbnail\" alt=\"\" loading=\"lazy\" srcset=\"https:\/\/franciscanos.org.br\/noticias\/wp-content\/uploads\/2021\/11\/setimo_06-300x300.jpg 300w, https:\/\/franciscanos.org.br\/noticias\/wp-content\/uploads\/2021\/11\/setimo_06-100x100.jpg 100w\" sizes=\"(max-width: 300px) 100vw, 300px\" \/><\/a>\n\t\t\t<\/dt><\/dl><dl class='gallery-item'>\n\t\t\t<dt class='gallery-icon landscape'>\n\t\t\t\t<a href='https:\/\/franciscanos.org.br\/noticias\/wp-content\/uploads\/2021\/11\/setimo_07.jpg'><img width=\"300\" height=\"300\" src=\"https:\/\/franciscanos.org.br\/noticias\/wp-content\/uploads\/2021\/11\/setimo_07-300x300.jpg\" class=\"attachment-thumbnail size-thumbnail\" alt=\"\" loading=\"lazy\" srcset=\"https:\/\/franciscanos.org.br\/noticias\/wp-content\/uploads\/2021\/11\/setimo_07-300x300.jpg 300w, https:\/\/franciscanos.org.br\/noticias\/wp-content\/uploads\/2021\/11\/setimo_07-100x100.jpg 100w\" sizes=\"(max-width: 300px) 100vw, 300px\" \/><\/a>\n\t\t\t<\/dt><\/dl><br style=\"clear: both\" \/>\n\t\t<\/div>\n\n<p style=\"text-align: center;\"><em>(Clique nas imagens para ampli\u00e1-las)<\/em><\/p>\n<p>&#8220;E a\u00ed, a gente percebe que quem busca a urg\u00eancia da vida despreza at\u00e9 a comodidade de um colch\u00e3o para salvar a vida dos filhos. Que n\u00f3s tenhamos a ousadia de desprezar tudo aquilo que n\u00e3o nos favorece para socorrer e construir o reino de Deus. N\u00e3o tenhamos medo de anunciar Deus, pois sem Ele n\u00e3o tem raz\u00e3o de existir nossa vida&#8221;, assinalou, deixando para os capitulares algumas interroga\u00e7\u00f5es: &#8220;Desde o in\u00edcio da Ordem at\u00e9 nossos dias, tr\u00eas grandes causas nos pedem a\u00e7\u00f5es concretas e urgentes: combate \u00e0 fome, abertura \u00e0 migra\u00e7\u00e3o e o di\u00e1logo para construir uma sociedade nova \u00e0 luz das quest\u00f5es s\u00f3cio-ambientais. Que sabe a gente possa viver nossas seguran\u00e7as para construir isso em nome do Evangelho!&#8221;, concluiu.<\/p>\n<hr \/>\n<p><strong>Equipe de Comunica\u00e7\u00e3o do Cap\u00edtulo:<\/strong>\u00a0<em>Frei Augusto Gabriel, Frei Clauzemir Makximovitz, Frei Gabriel Dellandrea, Frei Alan Leal de Mattos e Moacir Beggo.<\/em><\/p>\n","protected":false},"excerpt":{"rendered":"<p>Cap\u00edtulo Provincial 2021<\/p>\n","protected":false},"author":3,"featured_media":235522,"comment_status":"open","ping_status":"open","sticky":false,"template":"","format":"standard","meta":[],"categories":[1],"tags":[1943],"acf":[],"yoast_head":"<!-- This site is optimized with the Yoast SEO plugin v19.2 - https:\/\/yoast.com\/wordpress\/plugins\/seo\/ -->\n<title>Na festa de todos os Santos Franciscanos, Frei Marx aponta tr\u00eas grandes causas aos capitulares - Not\u00edcias - Franciscanos<\/title>\n<meta name=\"robots\" content=\"index, follow, max-snippet:-1, max-image-preview:large, max-video-preview:-1\" \/>\n<link rel=\"canonical\" href=\"https:\/\/franciscanos.org.br\/noticias\/na-festa-de-todos-os-santos-franciscanos-frei-marx-aponta-tres-grandes-causas-aos-capitulares.html\" \/>\n<meta property=\"og:locale\" content=\"pt_BR\" \/>\n<meta property=\"og:type\" content=\"article\" \/>\n<meta property=\"og:title\" content=\"Na festa de todos os Santos Franciscanos, Frei Marx aponta tr\u00eas grandes causas aos capitulares - Not\u00edcias - Franciscanos\" \/>\n<meta property=\"og:description\" content=\"Cap\u00edtulo Provincial 2021\" \/>\n<meta property=\"og:url\" content=\"https:\/\/franciscanos.org.br\/noticias\/na-festa-de-todos-os-santos-franciscanos-frei-marx-aponta-tres-grandes-causas-aos-capitulares.html\" \/>\n<meta property=\"og:site_name\" content=\"Not\u00edcias - Franciscanos\" \/>\n<meta property=\"article:published_time\" content=\"2021-11-29T13:48:51+00:00\" \/>\n<meta property=\"article:modified_time\" content=\"2021-11-29T13:52:01+00:00\" \/>\n<meta property=\"og:image\" content=\"https:\/\/franciscanos.org.br\/noticias\/wp-content\/uploads\/2021\/11\/setimo_2911.jpg\" \/>\n\t<meta property=\"og:image:width\" content=\"1280\" \/>\n\t<meta property=\"og:image:height\" content=\"720\" \/>\n\t<meta property=\"og:image:type\" content=\"image\/jpeg\" \/>\n<meta name=\"author\" content=\"moacir\" \/>\n<meta name=\"twitter:card\" content=\"summary_large_image\" \/>\n<meta name=\"twitter:label1\" content=\"Escrito por\" \/>\n\t<meta name=\"twitter:data1\" content=\"moacir\" \/>\n\t<meta name=\"twitter:label2\" content=\"Est. tempo de leitura\" \/>\n\t<meta name=\"twitter:data2\" content=\"4 minutos\" \/>\n<script type=\"application\/ld+json\" class=\"yoast-schema-graph\">{\"@context\":\"https:\/\/schema.org\",\"@graph\":[{\"@type\":\"WebSite\",\"@id\":\"https:\/\/franciscanos.org.br\/noticias\/#website\",\"url\":\"https:\/\/franciscanos.org.br\/noticias\/\",\"name\":\"Not\u00edcias - Franciscanos\",\"description\":\"Prov\u00edncia Franciscana da Imaculada Concei\u00e7\u00e3o do Brasil - Ordem dos Frades Menores - OFM\",\"potentialAction\":[{\"@type\":\"SearchAction\",\"target\":{\"@type\":\"EntryPoint\",\"urlTemplate\":\"https:\/\/franciscanos.org.br\/noticias\/?s={search_term_string}\"},\"query-input\":\"required name=search_term_string\"}],\"inLanguage\":\"pt-BR\"},{\"@type\":\"ImageObject\",\"inLanguage\":\"pt-BR\",\"@id\":\"https:\/\/franciscanos.org.br\/noticias\/na-festa-de-todos-os-santos-franciscanos-frei-marx-aponta-tres-grandes-causas-aos-capitulares.html#primaryimage\",\"url\":\"https:\/\/franciscanos.org.br\/noticias\/wp-content\/uploads\/2021\/11\/setimo_2911.jpg\",\"contentUrl\":\"https:\/\/franciscanos.org.br\/noticias\/wp-content\/uploads\/2021\/11\/setimo_2911.jpg\",\"width\":1280,\"height\":720},{\"@type\":\"WebPage\",\"@id\":\"https:\/\/franciscanos.org.br\/noticias\/na-festa-de-todos-os-santos-franciscanos-frei-marx-aponta-tres-grandes-causas-aos-capitulares.html#webpage\",\"url\":\"https:\/\/franciscanos.org.br\/noticias\/na-festa-de-todos-os-santos-franciscanos-frei-marx-aponta-tres-grandes-causas-aos-capitulares.html\",\"name\":\"Na festa de todos os Santos Franciscanos, Frei Marx aponta tr\u00eas grandes causas aos capitulares - Not\u00edcias - Franciscanos\",\"isPartOf\":{\"@id\":\"https:\/\/franciscanos.org.br\/noticias\/#website\"},\"primaryImageOfPage\":{\"@id\":\"https:\/\/franciscanos.org.br\/noticias\/na-festa-de-todos-os-santos-franciscanos-frei-marx-aponta-tres-grandes-causas-aos-capitulares.html#primaryimage\"},\"datePublished\":\"2021-11-29T13:48:51+00:00\",\"dateModified\":\"2021-11-29T13:52:01+00:00\",\"author\":{\"@id\":\"https:\/\/franciscanos.org.br\/noticias\/#\/schema\/person\/b5c8cba458c330ccff548b056e95a5d4\"},\"breadcrumb\":{\"@id\":\"https:\/\/franciscanos.org.br\/noticias\/na-festa-de-todos-os-santos-franciscanos-frei-marx-aponta-tres-grandes-causas-aos-capitulares.html#breadcrumb\"},\"inLanguage\":\"pt-BR\",\"potentialAction\":[{\"@type\":\"ReadAction\",\"target\":[\"https:\/\/franciscanos.org.br\/noticias\/na-festa-de-todos-os-santos-franciscanos-frei-marx-aponta-tres-grandes-causas-aos-capitulares.html\"]}]},{\"@type\":\"BreadcrumbList\",\"@id\":\"https:\/\/franciscanos.org.br\/noticias\/na-festa-de-todos-os-santos-franciscanos-frei-marx-aponta-tres-grandes-causas-aos-capitulares.html#breadcrumb\",\"itemListElement\":[{\"@type\":\"ListItem\",\"position\":1,\"name\":\"Home\",\"item\":\"https:\/\/franciscanos.org.br\/noticias\"},{\"@type\":\"ListItem\",\"position\":2,\"name\":\"Na festa de todos os Santos Franciscanos, Frei Marx aponta tr\u00eas grandes causas aos capitulares\"}]},{\"@type\":\"Person\",\"@id\":\"https:\/\/franciscanos.org.br\/noticias\/#\/schema\/person\/b5c8cba458c330ccff548b056e95a5d4\",\"name\":\"moacir\",\"image\":{\"@type\":\"ImageObject\",\"inLanguage\":\"pt-BR\",\"@id\":\"https:\/\/franciscanos.org.br\/noticias\/#\/schema\/person\/image\/\",\"url\":\"https:\/\/secure.gravatar.com\/avatar\/d08aa2ce4c8dd416d4479aa8536fcf64?s=96&d=mm&r=g\",\"contentUrl\":\"https:\/\/secure.gravatar.com\/avatar\/d08aa2ce4c8dd416d4479aa8536fcf64?s=96&d=mm&r=g\",\"caption\":\"moacir\"},\"url\":\"https:\/\/franciscanos.org.br\/noticias\/author\/moacir\"}]}<\/script>\n<!-- \/ Yoast SEO plugin. -->","yoast_head_json":{"title":"Na festa de todos os Santos Franciscanos, Frei Marx aponta tr\u00eas grandes causas aos capitulares - Not\u00edcias - Franciscanos","robots":{"index":"index","follow":"follow","max-snippet":"max-snippet:-1","max-image-preview":"max-image-preview:large","max-video-preview":"max-video-preview:-1"},"canonical":"https:\/\/franciscanos.org.br\/noticias\/na-festa-de-todos-os-santos-franciscanos-frei-marx-aponta-tres-grandes-causas-aos-capitulares.html","og_locale":"pt_BR","og_type":"article","og_title":"Na festa de todos os Santos Franciscanos, Frei Marx aponta tr\u00eas grandes causas aos capitulares - Not\u00edcias - Franciscanos","og_description":"Cap\u00edtulo Provincial 2021","og_url":"https:\/\/franciscanos.org.br\/noticias\/na-festa-de-todos-os-santos-franciscanos-frei-marx-aponta-tres-grandes-causas-aos-capitulares.html","og_site_name":"Not\u00edcias - Franciscanos","article_published_time":"2021-11-29T13:48:51+00:00","article_modified_time":"2021-11-29T13:52:01+00:00","og_image":[{"width":1280,"height":720,"url":"https:\/\/franciscanos.org.br\/noticias\/wp-content\/uploads\/2021\/11\/setimo_2911.jpg","type":"image\/jpeg"}],"author":"moacir","twitter_card":"summary_large_image","twitter_misc":{"Escrito por":"moacir","Est. tempo de leitura":"4 minutos"},"schema":{"@context":"https:\/\/schema.org","@graph":[{"@type":"WebSite","@id":"https:\/\/franciscanos.org.br\/noticias\/#website","url":"https:\/\/franciscanos.org.br\/noticias\/","name":"Not\u00edcias - Franciscanos","description":"Prov\u00edncia Franciscana da Imaculada Concei\u00e7\u00e3o do Brasil - Ordem dos Frades Menores - OFM","potentialAction":[{"@type":"SearchAction","target":{"@type":"EntryPoint","urlTemplate":"https:\/\/franciscanos.org.br\/noticias\/?s={search_term_string}"},"query-input":"required name=search_term_string"}],"inLanguage":"pt-BR"},{"@type":"ImageObject","inLanguage":"pt-BR","@id":"https:\/\/franciscanos.org.br\/noticias\/na-festa-de-todos-os-santos-franciscanos-frei-marx-aponta-tres-grandes-causas-aos-capitulares.html#primaryimage","url":"https:\/\/franciscanos.org.br\/noticias\/wp-content\/uploads\/2021\/11\/setimo_2911.jpg","contentUrl":"https:\/\/franciscanos.org.br\/noticias\/wp-content\/uploads\/2021\/11\/setimo_2911.jpg","width":1280,"height":720},{"@type":"WebPage","@id":"https:\/\/franciscanos.org.br\/noticias\/na-festa-de-todos-os-santos-franciscanos-frei-marx-aponta-tres-grandes-causas-aos-capitulares.html#webpage","url":"https:\/\/franciscanos.org.br\/noticias\/na-festa-de-todos-os-santos-franciscanos-frei-marx-aponta-tres-grandes-causas-aos-capitulares.html","name":"Na festa de todos os Santos Franciscanos, Frei Marx aponta tr\u00eas grandes causas aos capitulares - Not\u00edcias - Franciscanos","isPartOf":{"@id":"https:\/\/franciscanos.org.br\/noticias\/#website"},"primaryImageOfPage":{"@id":"https:\/\/franciscanos.org.br\/noticias\/na-festa-de-todos-os-santos-franciscanos-frei-marx-aponta-tres-grandes-causas-aos-capitulares.html#primaryimage"},"datePublished":"2021-11-29T13:48:51+00:00","dateModified":"2021-11-29T13:52:01+00:00","author":{"@id":"https:\/\/franciscanos.org.br\/noticias\/#\/schema\/person\/b5c8cba458c330ccff548b056e95a5d4"},"breadcrumb":{"@id":"https:\/\/franciscanos.org.br\/noticias\/na-festa-de-todos-os-santos-franciscanos-frei-marx-aponta-tres-grandes-causas-aos-capitulares.html#breadcrumb"},"inLanguage":"pt-BR","potentialAction":[{"@type":"ReadAction","target":["https:\/\/franciscanos.org.br\/noticias\/na-festa-de-todos-os-santos-franciscanos-frei-marx-aponta-tres-grandes-causas-aos-capitulares.html"]}]},{"@type":"BreadcrumbList","@id":"https:\/\/franciscanos.org.br\/noticias\/na-festa-de-todos-os-santos-franciscanos-frei-marx-aponta-tres-grandes-causas-aos-capitulares.html#breadcrumb","itemListElement":[{"@type":"ListItem","position":1,"name":"Home","item":"https:\/\/franciscanos.org.br\/noticias"},{"@type":"ListItem","position":2,"name":"Na festa de todos os Santos Franciscanos, Frei Marx aponta tr\u00eas grandes causas aos capitulares"}]},{"@type":"Person","@id":"https:\/\/franciscanos.org.br\/noticias\/#\/schema\/person\/b5c8cba458c330ccff548b056e95a5d4","name":"moacir","image":{"@type":"ImageObject","inLanguage":"pt-BR","@id":"https:\/\/franciscanos.org.br\/noticias\/#\/schema\/person\/image\/","url":"https:\/\/secure.gravatar.com\/avatar\/d08aa2ce4c8dd416d4479aa8536fcf64?s=96&d=mm&r=g","contentUrl":"https:\/\/secure.gravatar.com\/avatar\/d08aa2ce4c8dd416d4479aa8536fcf64?s=96&d=mm&r=g","caption":"moacir"},"url":"https:\/\/franciscanos.org.br\/noticias\/author\/moacir"}]}},"_links":{"self":[{"href":"https:\/\/franciscanos.org.br\/noticias\/wp-json\/wp\/v2\/posts\/235521"}],"collection":[{"href":"https:\/\/franciscanos.org.br\/noticias\/wp-json\/wp\/v2\/posts"}],"about":[{"href":"https:\/\/franciscanos.org.br\/noticias\/wp-json\/wp\/v2\/types\/post"}],"author":[{"embeddable":true,"href":"https:\/\/franciscanos.org.br\/noticias\/wp-json\/wp\/v2\/users\/3"}],"replies":[{"embeddable":true,"href":"https:\/\/franciscanos.org.br\/noticias\/wp-json\/wp\/v2\/comments?post=235521"}],"version-history":[{"count":3,"href":"https:\/\/franciscanos.org.br\/noticias\/wp-json\/wp\/v2\/posts\/235521\/revisions"}],"predecessor-version":[{"id":235535,"href":"https:\/\/franciscanos.org.br\/noticias\/wp-json\/wp\/v2\/posts\/235521\/revisions\/235535"}],"wp:featuredmedia":[{"embeddable":true,"href":"https:\/\/franciscanos.org.br\/noticias\/wp-json\/wp\/v2\/media\/235522"}],"wp:attachment":[{"href":"https:\/\/franciscanos.org.br\/noticias\/wp-json\/wp\/v2\/media?parent=235521"}],"wp:term":[{"taxonomy":"category","embeddable":true,"href":"https:\/\/franciscanos.org.br\/noticias\/wp-json\/wp\/v2\/categories?post=235521"},{"taxonomy":"post_tag","embeddable":true,"href":"https:\/\/franciscanos.org.br\/noticias\/wp-json\/wp\/v2\/tags?post=235521"}],"curies":[{"name":"wp","href":"https:\/\/api.w.org\/{rel}","templated":true}]}}