{"id":235517,"date":"2021-11-28T12:23:43","date_gmt":"2021-11-28T15:23:43","guid":{"rendered":"https:\/\/franciscanos.org.br\/noticias\/?p=235517"},"modified":"2021-11-28T12:23:43","modified_gmt":"2021-11-28T15:23:43","slug":"manha-capitular-sintese-das-discussoes-reflexoes-e-propostas","status":"publish","type":"post","link":"https:\/\/franciscanos.org.br\/noticias\/manha-capitular-sintese-das-discussoes-reflexoes-e-propostas.html","title":{"rendered":"Manh\u00e3 capitular: s\u00edntese das discuss\u00f5es, reflex\u00f5es e propostas"},"content":{"rendered":"<p><strong><img loading=\"lazy\" class=\"alignnone size-full wp-image-235518\" src=\"https:\/\/franciscanos.org.br\/noticias\/wp-content\/uploads\/2021\/11\/manha_domingo_2811.jpg\" alt=\"\" width=\"1280\" height=\"720\" srcset=\"https:\/\/franciscanos.org.br\/noticias\/wp-content\/uploads\/2021\/11\/manha_domingo_2811.jpg 1280w, https:\/\/franciscanos.org.br\/noticias\/wp-content\/uploads\/2021\/11\/manha_domingo_2811-450x253.jpg 450w, https:\/\/franciscanos.org.br\/noticias\/wp-content\/uploads\/2021\/11\/manha_domingo_2811-1024x576.jpg 1024w, https:\/\/franciscanos.org.br\/noticias\/wp-content\/uploads\/2021\/11\/manha_domingo_2811-768x432.jpg 768w, https:\/\/franciscanos.org.br\/noticias\/wp-content\/uploads\/2021\/11\/manha_domingo_2811-150x84.jpg 150w\" sizes=\"(max-width: 1280px) 100vw, 1280px\" \/><\/strong><\/p>\n<p>\u201cVem Senhor, vem nos salvar! Com teu povo vem caminhar!\u201d O tradicional canto do tempo do Advento aponta a espera, n\u00e3o velada, mas confiante, de um Deus que n\u00e3o nos abandona, e por isso sempre j\u00e1 est\u00e1 entre n\u00f3s. No entanto, o esperar \u00e9 pedag\u00f3gico, ou melhor, o esperan\u00e7ar \u00e9 pr\u00f3prio ao crist\u00e3o, e mais ainda ao frade menor. O clima de esperan\u00e7a, que perpassa todo o cap\u00edtulo, celebrado em toda Eucaristia, revigora as discuss\u00f5es dos assuntos do dia.<\/p>\n<p>Os trabalhos deste domingo come\u00e7aram com a apresenta\u00e7\u00e3o de uma s\u00edntese das discuss\u00f5es, reflex\u00f5es e propostas ao longo do cap\u00edtulo at\u00e9 aqui. Uma equipe fora responsabilizada por recolher quais seriam as prioridades e estrat\u00e9gias trazidas \u00e0 discuss\u00e3o, e agora apresentam o resultado desse trabalho.<\/p>\n<p>Organizados em quatro blocos eram as prioridades e estrat\u00e9gias:<\/p>\n<ol>\n<li>Redescobrir o valor da Vida Fraterna;<\/li>\n<li>Consolidar a Anima\u00e7\u00e3o Vocacional como responsabilidade permanente de cada frade e fraternidade;<\/li>\n<li>Refor\u00e7ar a import\u00e2ncia da forma\u00e7\u00e3o inicial e permanente dos frades;<\/li>\n<li>Definir a Sinodalidade como dimens\u00e3o transversal da Vida Fraterna e a\u00e7\u00e3o evangelizadora.<\/li>\n<\/ol>\n<p>S\u00e3o prioridades justamente porque j\u00e1 est\u00e3o bem presentes na nossa vida e servi\u00e7os, mas queremos refor\u00e7ar o olhar de aten\u00e7\u00e3o em uma constante reavalia\u00e7\u00e3o de como estamos vivendo nossa voca\u00e7\u00e3o. Ainda um texto bem inicial, que intenta alimentar as discuss\u00f5es daqui por diante e ser alimentado e transformado por elas.<\/p>\n<p>Al\u00e9m das prioridades e estrat\u00e9gias, que fazem parte do Plano de Evangeliza\u00e7\u00e3o, foi apresentada tamb\u00e9m a s\u00edntese das Propostas do Cap\u00edtulo, com car\u00e1ter mais pr\u00e1tico e direto, para cada uma das prioridades.<\/p>\n<p>Na segunda metade da manh\u00e3 foram realizadas as pr\u00e9vias para os of\u00edcios de Vig\u00e1rio Provincial e Definidores. A vota\u00e7\u00e3o definitiva ser\u00e1 na segunda-feira, 29, na parte da tarde. Ap\u00f3s as pr\u00e9vias a discuss\u00e3o voltou para as propostas de mandatos do Cap\u00edtulo, sendo discutidas por bloco de assunto e tendo bastante participa\u00e7\u00e3o dos frades. De um modo geral a vontade de cada vez mais dar sentido e valor \u00e0 nossa voca\u00e7\u00e3o franciscana e de servirmos melhor ao povo de Deus e aos irm\u00e3os deram o tom da reflex\u00e3o.<\/p>\n<p>Recebemos a visita fraterna de Dom Frei Caetano Ferrari, bispo em\u00e9rito de Bauru. O encontro fraterno \u00e9 sempre motivo de alegria e um sinal bem caracter\u00edstico do ser franciscano.<\/p>\n<p><em>Quero motiv\u00e1-los a recordar que a vida em fraternidade com suas media\u00e7\u00f5es \u00e9 o \u00e2mbito adequado e fundamental para viver em permanente forma\u00e7\u00e3o, a partir de onde cada dia os irm\u00e3os se emprenhem por testemunhar o amor de Deus pela humanidade, tendo como fundamento a contempla\u00e7\u00e3o do mist\u00e9rio da Encarna\u00e7\u00e3o do Filho de Deus, como a vivera nosso Pai S\u00e3o Francisco. (Da Carta do Ministro Geral ao Cap\u00edtulo)<\/em><\/p>\n<p><em>\u00a0<\/em>Dom Diamantino Prata de Carvalho, OFM, enviou felicita\u00e7\u00f5es ao novo Ministro Provincial, Frei Paulo Roberto Pereira: &#8220;E rezo para que exer\u00e7a seu servi\u00e7o com brandura e caridade fraternas, ao jeito do Pai Ser\u00e1fico&#8221;.<br \/>\nFraterno abra\u00e7o de Paz e Bem.<\/p>\n<hr \/>\n<p><strong>Equipe de Comunica\u00e7\u00e3o do Cap\u00edtulo:<\/strong>\u00a0<em>Frei Augusto Gabriel, Frei Clauzemir Makximovitz, Frei Gabriel Dellandrea, Frei Alan Leal de Mattos e Moacir Beggo.<\/em><\/p>\n","protected":false},"excerpt":{"rendered":"<p>Cap\u00edtulo Provincial 2021<\/p>\n","protected":false},"author":3,"featured_media":235518,"comment_status":"open","ping_status":"open","sticky":false,"template":"","format":"standard","meta":[],"categories":[1],"tags":[1943],"acf":[],"yoast_head":"<!-- This site is optimized with the Yoast SEO plugin v19.2 - https:\/\/yoast.com\/wordpress\/plugins\/seo\/ -->\n<title>Manh\u00e3 capitular: s\u00edntese das discuss\u00f5es, reflex\u00f5es e propostas - Not\u00edcias - Franciscanos<\/title>\n<meta name=\"robots\" content=\"index, follow, max-snippet:-1, max-image-preview:large, max-video-preview:-1\" \/>\n<link rel=\"canonical\" href=\"https:\/\/franciscanos.org.br\/noticias\/manha-capitular-sintese-das-discussoes-reflexoes-e-propostas.html\" \/>\n<meta property=\"og:locale\" content=\"pt_BR\" \/>\n<meta property=\"og:type\" content=\"article\" \/>\n<meta property=\"og:title\" content=\"Manh\u00e3 capitular: s\u00edntese das discuss\u00f5es, reflex\u00f5es e propostas - Not\u00edcias - Franciscanos\" \/>\n<meta property=\"og:description\" content=\"Cap\u00edtulo Provincial 2021\" \/>\n<meta property=\"og:url\" content=\"https:\/\/franciscanos.org.br\/noticias\/manha-capitular-sintese-das-discussoes-reflexoes-e-propostas.html\" \/>\n<meta property=\"og:site_name\" content=\"Not\u00edcias - Franciscanos\" \/>\n<meta property=\"article:published_time\" content=\"2021-11-28T15:23:43+00:00\" \/>\n<meta property=\"og:image\" content=\"https:\/\/franciscanos.org.br\/noticias\/wp-content\/uploads\/2021\/11\/manha_domingo_2811.jpg\" \/>\n\t<meta property=\"og:image:width\" content=\"1280\" \/>\n\t<meta property=\"og:image:height\" content=\"720\" \/>\n\t<meta property=\"og:image:type\" content=\"image\/jpeg\" \/>\n<meta name=\"author\" content=\"moacir\" \/>\n<meta name=\"twitter:card\" content=\"summary_large_image\" \/>\n<meta name=\"twitter:label1\" content=\"Escrito por\" \/>\n\t<meta name=\"twitter:data1\" content=\"moacir\" \/>\n\t<meta name=\"twitter:label2\" content=\"Est. tempo de leitura\" \/>\n\t<meta name=\"twitter:data2\" content=\"3 minutos\" \/>\n<script type=\"application\/ld+json\" class=\"yoast-schema-graph\">{\"@context\":\"https:\/\/schema.org\",\"@graph\":[{\"@type\":\"WebSite\",\"@id\":\"https:\/\/franciscanos.org.br\/noticias\/#website\",\"url\":\"https:\/\/franciscanos.org.br\/noticias\/\",\"name\":\"Not\u00edcias - Franciscanos\",\"description\":\"Prov\u00edncia Franciscana da Imaculada Concei\u00e7\u00e3o do Brasil - Ordem dos Frades Menores - OFM\",\"potentialAction\":[{\"@type\":\"SearchAction\",\"target\":{\"@type\":\"EntryPoint\",\"urlTemplate\":\"https:\/\/franciscanos.org.br\/noticias\/?s={search_term_string}\"},\"query-input\":\"required name=search_term_string\"}],\"inLanguage\":\"pt-BR\"},{\"@type\":\"ImageObject\",\"inLanguage\":\"pt-BR\",\"@id\":\"https:\/\/franciscanos.org.br\/noticias\/manha-capitular-sintese-das-discussoes-reflexoes-e-propostas.html#primaryimage\",\"url\":\"https:\/\/franciscanos.org.br\/noticias\/wp-content\/uploads\/2021\/11\/manha_domingo_2811.jpg\",\"contentUrl\":\"https:\/\/franciscanos.org.br\/noticias\/wp-content\/uploads\/2021\/11\/manha_domingo_2811.jpg\",\"width\":1280,\"height\":720},{\"@type\":\"WebPage\",\"@id\":\"https:\/\/franciscanos.org.br\/noticias\/manha-capitular-sintese-das-discussoes-reflexoes-e-propostas.html#webpage\",\"url\":\"https:\/\/franciscanos.org.br\/noticias\/manha-capitular-sintese-das-discussoes-reflexoes-e-propostas.html\",\"name\":\"Manh\u00e3 capitular: s\u00edntese das discuss\u00f5es, reflex\u00f5es e propostas - Not\u00edcias - Franciscanos\",\"isPartOf\":{\"@id\":\"https:\/\/franciscanos.org.br\/noticias\/#website\"},\"primaryImageOfPage\":{\"@id\":\"https:\/\/franciscanos.org.br\/noticias\/manha-capitular-sintese-das-discussoes-reflexoes-e-propostas.html#primaryimage\"},\"datePublished\":\"2021-11-28T15:23:43+00:00\",\"dateModified\":\"2021-11-28T15:23:43+00:00\",\"author\":{\"@id\":\"https:\/\/franciscanos.org.br\/noticias\/#\/schema\/person\/b5c8cba458c330ccff548b056e95a5d4\"},\"breadcrumb\":{\"@id\":\"https:\/\/franciscanos.org.br\/noticias\/manha-capitular-sintese-das-discussoes-reflexoes-e-propostas.html#breadcrumb\"},\"inLanguage\":\"pt-BR\",\"potentialAction\":[{\"@type\":\"ReadAction\",\"target\":[\"https:\/\/franciscanos.org.br\/noticias\/manha-capitular-sintese-das-discussoes-reflexoes-e-propostas.html\"]}]},{\"@type\":\"BreadcrumbList\",\"@id\":\"https:\/\/franciscanos.org.br\/noticias\/manha-capitular-sintese-das-discussoes-reflexoes-e-propostas.html#breadcrumb\",\"itemListElement\":[{\"@type\":\"ListItem\",\"position\":1,\"name\":\"Home\",\"item\":\"https:\/\/franciscanos.org.br\/noticias\"},{\"@type\":\"ListItem\",\"position\":2,\"name\":\"Manh\u00e3 capitular: s\u00edntese das discuss\u00f5es, reflex\u00f5es e propostas\"}]},{\"@type\":\"Person\",\"@id\":\"https:\/\/franciscanos.org.br\/noticias\/#\/schema\/person\/b5c8cba458c330ccff548b056e95a5d4\",\"name\":\"moacir\",\"image\":{\"@type\":\"ImageObject\",\"inLanguage\":\"pt-BR\",\"@id\":\"https:\/\/franciscanos.org.br\/noticias\/#\/schema\/person\/image\/\",\"url\":\"https:\/\/secure.gravatar.com\/avatar\/d08aa2ce4c8dd416d4479aa8536fcf64?s=96&d=mm&r=g\",\"contentUrl\":\"https:\/\/secure.gravatar.com\/avatar\/d08aa2ce4c8dd416d4479aa8536fcf64?s=96&d=mm&r=g\",\"caption\":\"moacir\"},\"url\":\"https:\/\/franciscanos.org.br\/noticias\/author\/moacir\"}]}<\/script>\n<!-- \/ Yoast SEO plugin. -->","yoast_head_json":{"title":"Manh\u00e3 capitular: s\u00edntese das discuss\u00f5es, reflex\u00f5es e propostas - Not\u00edcias - Franciscanos","robots":{"index":"index","follow":"follow","max-snippet":"max-snippet:-1","max-image-preview":"max-image-preview:large","max-video-preview":"max-video-preview:-1"},"canonical":"https:\/\/franciscanos.org.br\/noticias\/manha-capitular-sintese-das-discussoes-reflexoes-e-propostas.html","og_locale":"pt_BR","og_type":"article","og_title":"Manh\u00e3 capitular: s\u00edntese das discuss\u00f5es, reflex\u00f5es e propostas - Not\u00edcias - Franciscanos","og_description":"Cap\u00edtulo Provincial 2021","og_url":"https:\/\/franciscanos.org.br\/noticias\/manha-capitular-sintese-das-discussoes-reflexoes-e-propostas.html","og_site_name":"Not\u00edcias - Franciscanos","article_published_time":"2021-11-28T15:23:43+00:00","og_image":[{"width":1280,"height":720,"url":"https:\/\/franciscanos.org.br\/noticias\/wp-content\/uploads\/2021\/11\/manha_domingo_2811.jpg","type":"image\/jpeg"}],"author":"moacir","twitter_card":"summary_large_image","twitter_misc":{"Escrito por":"moacir","Est. tempo de leitura":"3 minutos"},"schema":{"@context":"https:\/\/schema.org","@graph":[{"@type":"WebSite","@id":"https:\/\/franciscanos.org.br\/noticias\/#website","url":"https:\/\/franciscanos.org.br\/noticias\/","name":"Not\u00edcias - Franciscanos","description":"Prov\u00edncia Franciscana da Imaculada Concei\u00e7\u00e3o do Brasil - Ordem dos Frades Menores - OFM","potentialAction":[{"@type":"SearchAction","target":{"@type":"EntryPoint","urlTemplate":"https:\/\/franciscanos.org.br\/noticias\/?s={search_term_string}"},"query-input":"required name=search_term_string"}],"inLanguage":"pt-BR"},{"@type":"ImageObject","inLanguage":"pt-BR","@id":"https:\/\/franciscanos.org.br\/noticias\/manha-capitular-sintese-das-discussoes-reflexoes-e-propostas.html#primaryimage","url":"https:\/\/franciscanos.org.br\/noticias\/wp-content\/uploads\/2021\/11\/manha_domingo_2811.jpg","contentUrl":"https:\/\/franciscanos.org.br\/noticias\/wp-content\/uploads\/2021\/11\/manha_domingo_2811.jpg","width":1280,"height":720},{"@type":"WebPage","@id":"https:\/\/franciscanos.org.br\/noticias\/manha-capitular-sintese-das-discussoes-reflexoes-e-propostas.html#webpage","url":"https:\/\/franciscanos.org.br\/noticias\/manha-capitular-sintese-das-discussoes-reflexoes-e-propostas.html","name":"Manh\u00e3 capitular: s\u00edntese das discuss\u00f5es, reflex\u00f5es e propostas - Not\u00edcias - Franciscanos","isPartOf":{"@id":"https:\/\/franciscanos.org.br\/noticias\/#website"},"primaryImageOfPage":{"@id":"https:\/\/franciscanos.org.br\/noticias\/manha-capitular-sintese-das-discussoes-reflexoes-e-propostas.html#primaryimage"},"datePublished":"2021-11-28T15:23:43+00:00","dateModified":"2021-11-28T15:23:43+00:00","author":{"@id":"https:\/\/franciscanos.org.br\/noticias\/#\/schema\/person\/b5c8cba458c330ccff548b056e95a5d4"},"breadcrumb":{"@id":"https:\/\/franciscanos.org.br\/noticias\/manha-capitular-sintese-das-discussoes-reflexoes-e-propostas.html#breadcrumb"},"inLanguage":"pt-BR","potentialAction":[{"@type":"ReadAction","target":["https:\/\/franciscanos.org.br\/noticias\/manha-capitular-sintese-das-discussoes-reflexoes-e-propostas.html"]}]},{"@type":"BreadcrumbList","@id":"https:\/\/franciscanos.org.br\/noticias\/manha-capitular-sintese-das-discussoes-reflexoes-e-propostas.html#breadcrumb","itemListElement":[{"@type":"ListItem","position":1,"name":"Home","item":"https:\/\/franciscanos.org.br\/noticias"},{"@type":"ListItem","position":2,"name":"Manh\u00e3 capitular: s\u00edntese das discuss\u00f5es, reflex\u00f5es e propostas"}]},{"@type":"Person","@id":"https:\/\/franciscanos.org.br\/noticias\/#\/schema\/person\/b5c8cba458c330ccff548b056e95a5d4","name":"moacir","image":{"@type":"ImageObject","inLanguage":"pt-BR","@id":"https:\/\/franciscanos.org.br\/noticias\/#\/schema\/person\/image\/","url":"https:\/\/secure.gravatar.com\/avatar\/d08aa2ce4c8dd416d4479aa8536fcf64?s=96&d=mm&r=g","contentUrl":"https:\/\/secure.gravatar.com\/avatar\/d08aa2ce4c8dd416d4479aa8536fcf64?s=96&d=mm&r=g","caption":"moacir"},"url":"https:\/\/franciscanos.org.br\/noticias\/author\/moacir"}]}},"_links":{"self":[{"href":"https:\/\/franciscanos.org.br\/noticias\/wp-json\/wp\/v2\/posts\/235517"}],"collection":[{"href":"https:\/\/franciscanos.org.br\/noticias\/wp-json\/wp\/v2\/posts"}],"about":[{"href":"https:\/\/franciscanos.org.br\/noticias\/wp-json\/wp\/v2\/types\/post"}],"author":[{"embeddable":true,"href":"https:\/\/franciscanos.org.br\/noticias\/wp-json\/wp\/v2\/users\/3"}],"replies":[{"embeddable":true,"href":"https:\/\/franciscanos.org.br\/noticias\/wp-json\/wp\/v2\/comments?post=235517"}],"version-history":[{"count":1,"href":"https:\/\/franciscanos.org.br\/noticias\/wp-json\/wp\/v2\/posts\/235517\/revisions"}],"predecessor-version":[{"id":235519,"href":"https:\/\/franciscanos.org.br\/noticias\/wp-json\/wp\/v2\/posts\/235517\/revisions\/235519"}],"wp:featuredmedia":[{"embeddable":true,"href":"https:\/\/franciscanos.org.br\/noticias\/wp-json\/wp\/v2\/media\/235518"}],"wp:attachment":[{"href":"https:\/\/franciscanos.org.br\/noticias\/wp-json\/wp\/v2\/media?parent=235517"}],"wp:term":[{"taxonomy":"category","embeddable":true,"href":"https:\/\/franciscanos.org.br\/noticias\/wp-json\/wp\/v2\/categories?post=235517"},{"taxonomy":"post_tag","embeddable":true,"href":"https:\/\/franciscanos.org.br\/noticias\/wp-json\/wp\/v2\/tags?post=235517"}],"curies":[{"name":"wp","href":"https:\/\/api.w.org\/{rel}","templated":true}]}}