{"id":235500,"date":"2021-11-28T11:49:34","date_gmt":"2021-11-28T14:49:34","guid":{"rendered":"https:\/\/franciscanos.org.br\/noticias\/?p=235500"},"modified":"2021-11-28T13:41:50","modified_gmt":"2021-11-28T16:41:50","slug":"a-primeira-mensagem-do-ministro-provincial-que-nos-possamos-trazer-nos-olhos-esperanca","status":"publish","type":"post","link":"https:\/\/franciscanos.org.br\/noticias\/a-primeira-mensagem-do-ministro-provincial-que-nos-possamos-trazer-nos-olhos-esperanca.html","title":{"rendered":"A primeira mensagem do Ministro Provincial: &#8220;Que n\u00f3s possamos trazer nos olhos esperan\u00e7a&#8221;"},"content":{"rendered":"<p><img loading=\"lazy\" class=\"alignnone wp-image-235501 size-full\" src=\"https:\/\/franciscanos.org.br\/noticias\/wp-content\/uploads\/2021\/11\/domingo_281121_9.jpg\" alt=\"\" width=\"1280\" height=\"960\" srcset=\"https:\/\/franciscanos.org.br\/noticias\/wp-content\/uploads\/2021\/11\/domingo_281121_9.jpg 1280w, https:\/\/franciscanos.org.br\/noticias\/wp-content\/uploads\/2021\/11\/domingo_281121_9-450x338.jpg 450w, https:\/\/franciscanos.org.br\/noticias\/wp-content\/uploads\/2021\/11\/domingo_281121_9-1024x768.jpg 1024w, https:\/\/franciscanos.org.br\/noticias\/wp-content\/uploads\/2021\/11\/domingo_281121_9-768x576.jpg 768w, https:\/\/franciscanos.org.br\/noticias\/wp-content\/uploads\/2021\/11\/domingo_281121_9-150x113.jpg 150w, https:\/\/franciscanos.org.br\/noticias\/wp-content\/uploads\/2021\/11\/domingo_281121_9-600x450.jpg 600w\" sizes=\"(max-width: 1280px) 100vw, 1280px\" \/><\/p>\n<p><strong>Agudos (SP)<\/strong> &#8211; &#8220;Quero convidar a todos e a cada um dos irm\u00e3os, que neste novo tempo, ali no ch\u00e3o da nossa vida, nas tarefas mais simples ou nas atribui\u00e7\u00f5es mais elevadas &#8211; na Baixada, no Oeste, em Angola, onde estivermos -, que possamos trazer nos olhos esperan\u00e7a. Trazer nos olhos esperan\u00e7a e ser para o irm\u00e3o motiva\u00e7\u00e3o de esperan\u00e7ar&#8221;, animou o novo Ministro Provincial, Frei Paulo Roberto Pereira, na Celebra\u00e7\u00e3o Eucar\u00edstica na capela do Semin\u00e1rio Ant\u00f4nio de Agudos, quando a liturgia trouxe um novo tempo neste domingo (28\/11): o Advento.<\/p>\n<p>O atual guardi\u00e3o do Convento da Penha, em Vila Velha (ES), foi eleito ontem Ministro Provincial e presidiu a Santa Missa, \u00e0s 8 horas, tendo como concelebrantes o Visitador Geral, Frei C\u00e9sar K\u00fclkamp, e o di\u00e1cono Frei Jhones Lucas Martins. O Cap\u00edtulo Provincial chegou hoje ao sexto dia de atividades incans\u00e1veis e os 112 capitulares voltaram, nesta manh\u00e3, \u00e0 Sala Capitular para continuar os trabalhos.<\/p>\n<p><img loading=\"lazy\" class=\"alignnone wp-image-235502 size-full\" src=\"https:\/\/franciscanos.org.br\/noticias\/wp-content\/uploads\/2021\/11\/domingo_281121_4.jpg\" alt=\"\" width=\"1280\" height=\"960\" srcset=\"https:\/\/franciscanos.org.br\/noticias\/wp-content\/uploads\/2021\/11\/domingo_281121_4.jpg 1280w, https:\/\/franciscanos.org.br\/noticias\/wp-content\/uploads\/2021\/11\/domingo_281121_4-450x338.jpg 450w, https:\/\/franciscanos.org.br\/noticias\/wp-content\/uploads\/2021\/11\/domingo_281121_4-1024x768.jpg 1024w, https:\/\/franciscanos.org.br\/noticias\/wp-content\/uploads\/2021\/11\/domingo_281121_4-768x576.jpg 768w, https:\/\/franciscanos.org.br\/noticias\/wp-content\/uploads\/2021\/11\/domingo_281121_4-150x113.jpg 150w, https:\/\/franciscanos.org.br\/noticias\/wp-content\/uploads\/2021\/11\/domingo_281121_4-600x450.jpg 600w\" sizes=\"(max-width: 1280px) 100vw, 1280px\" \/><\/p>\n<p>Frei C\u00e9sar fez a homilia lembrando que, neste primeiro domingo do Advento, somos convidados pela passagem do Evangelho de Lucas, que nos apresenta o Cristo fazendo um discurso apocal\u00edptico, a estarmos com o nosso cora\u00e7\u00e3o preparado e aberto. &#8220;Esta linguagem apocal\u00edptica n\u00e3o \u00e9 de an\u00fancio de cat\u00e1strofes, mas \u00e9 de revela\u00e7\u00e3o daquilo que Deus mesmo nos prepara e, por isso, nos convida a uma atitude positiva&#8221;, disse o Visitador.<\/p>\n<p>&#8220;Lucas coloca essa palavra do Cristo em que ele nos pede para levantar a cabe\u00e7a e contemplar a nossa liberta\u00e7\u00e3o. E a nossa resposta, portanto, \u00e9 a sensibilidade, a aten\u00e7\u00e3o, o convite a estarmos pertos nesse tempo em que vivemos. Por isso, n\u00e3o se trata apenas de uma espera amedrontada, mas de uma espera digna, buscando viver tudo aquilo que nos \u00e9 revelado e, principalmente, nos convida a vivermos com intensidade a sua mensagem&#8221;, emendou.<\/p>\n<p><img loading=\"lazy\" class=\"alignnone wp-image-235503 size-full\" src=\"https:\/\/franciscanos.org.br\/noticias\/wp-content\/uploads\/2021\/11\/domingo_281121_2.jpg\" alt=\"\" width=\"1280\" height=\"753\" srcset=\"https:\/\/franciscanos.org.br\/noticias\/wp-content\/uploads\/2021\/11\/domingo_281121_2.jpg 1280w, https:\/\/franciscanos.org.br\/noticias\/wp-content\/uploads\/2021\/11\/domingo_281121_2-450x265.jpg 450w, https:\/\/franciscanos.org.br\/noticias\/wp-content\/uploads\/2021\/11\/domingo_281121_2-1024x602.jpg 1024w, https:\/\/franciscanos.org.br\/noticias\/wp-content\/uploads\/2021\/11\/domingo_281121_2-768x452.jpg 768w, https:\/\/franciscanos.org.br\/noticias\/wp-content\/uploads\/2021\/11\/domingo_281121_2-150x88.jpg 150w\" sizes=\"(max-width: 1280px) 100vw, 1280px\" \/><\/p>\n<p>Frei C\u00e9sar destacou que S\u00e3o Paulo, na 2\u00aa leitura, traduz muito bem como o amor deve transbordar entre n\u00f3s. &#8220;Esta deve ser a nossa resposta&#8221;, ensinou. Frei C\u00e9sar contou que, em fun\u00e7\u00e3o disso, o novo Ministro Provincial, pediu a ele que voltasse a apresentar as motiva\u00e7\u00f5es que ontem foram colocadas no in\u00edcio da sess\u00e3o de elei\u00e7\u00e3o do Ministro Provincial, &#8220;para que esses convites, a partir das nossas Constitui\u00e7\u00f5es Gerais, possam ser reafirmados de acordo tamb\u00e9m com essa espera ativa, com essa sensibilidade que o Evangelho pede de n\u00f3s, principalmente na viv\u00eancia fraterna e no amor rec\u00edproco que n\u00f3s vivemos&#8221;, explicou Frei C\u00e9sar, detalhando as fun\u00e7\u00f5es e servi\u00e7os que os frades assumem na Fraternidade Provincial.<\/p>\n<p><img loading=\"lazy\" class=\"alignnone wp-image-235504 size-full\" src=\"https:\/\/franciscanos.org.br\/noticias\/wp-content\/uploads\/2021\/11\/domingo_281121_3.jpg\" alt=\"\" width=\"1280\" height=\"886\" srcset=\"https:\/\/franciscanos.org.br\/noticias\/wp-content\/uploads\/2021\/11\/domingo_281121_3.jpg 1280w, https:\/\/franciscanos.org.br\/noticias\/wp-content\/uploads\/2021\/11\/domingo_281121_3-450x311.jpg 450w, https:\/\/franciscanos.org.br\/noticias\/wp-content\/uploads\/2021\/11\/domingo_281121_3-1024x709.jpg 1024w, https:\/\/franciscanos.org.br\/noticias\/wp-content\/uploads\/2021\/11\/domingo_281121_3-768x532.jpg 768w, https:\/\/franciscanos.org.br\/noticias\/wp-content\/uploads\/2021\/11\/domingo_281121_3-150x104.jpg 150w\" sizes=\"(max-width: 1280px) 100vw, 1280px\" \/><\/p>\n<p><strong>\u00c9 TEMPO DE ESPERAN\u00c7AR<\/strong><\/p>\n<p>Na sua mensagem, Frei Paulo Roberto Pereira indicou que est\u00e1 aberto ao di\u00e1logo com todos. &#8220;Voc\u00eas me conhecem e escolheram a mim. Eu gosto sempre de bater um papo, conversar bastante, e sempre de lembrar hist\u00f3rias&#8221;, disse.<\/p>\n<p>Segundo ele, na rodovia BR-153, que corta o Rio Uruguai, um frade \u2013 \u201cn\u00e3o vou dar o nome para n\u00e3o faltar com a caridade\u201d &#8211; estava l\u00e1 fechando a ponte num protesto do Movimento dos atingidos pelas barragens. &#8220;Aquilo, certamente, gerou algum desacerto para quem estava querendo passar pela estrada. No caso, um outro frade, que estava indo de f\u00e9rias. De um lado, um frei protestando e, de outro, um frei bravo porque estava havendo protesto. Numa outra fraternidade, um frei muito dedicadamente, estava autorizando uma festa paroquial e, de repente, ele ouviu: &#8216;Vamos fechar o ambiente para n\u00e3o vir a turma brava do outro bairro e atrapalhar a nossa festa&#8217;. S\u00f3 que l\u00e1 no bairro tinha um outro frei trabalhando e a gente poderia mostrar tantas outras contradi\u00e7\u00f5es entre n\u00f3s. Aqueles que saem ca\u00e7ar ouri\u00e7os e aqueles que pretendem preservar a natureza como conv\u00e9m&#8221;, disse.<\/p>\n<p><img loading=\"lazy\" class=\"alignnone wp-image-235505 size-full\" src=\"https:\/\/franciscanos.org.br\/noticias\/wp-content\/uploads\/2021\/11\/domingo_281121_7.jpg\" alt=\"\" width=\"1280\" height=\"960\" srcset=\"https:\/\/franciscanos.org.br\/noticias\/wp-content\/uploads\/2021\/11\/domingo_281121_7.jpg 1280w, https:\/\/franciscanos.org.br\/noticias\/wp-content\/uploads\/2021\/11\/domingo_281121_7-450x338.jpg 450w, https:\/\/franciscanos.org.br\/noticias\/wp-content\/uploads\/2021\/11\/domingo_281121_7-1024x768.jpg 1024w, https:\/\/franciscanos.org.br\/noticias\/wp-content\/uploads\/2021\/11\/domingo_281121_7-768x576.jpg 768w, https:\/\/franciscanos.org.br\/noticias\/wp-content\/uploads\/2021\/11\/domingo_281121_7-150x113.jpg 150w, https:\/\/franciscanos.org.br\/noticias\/wp-content\/uploads\/2021\/11\/domingo_281121_7-600x450.jpg 600w\" sizes=\"(max-width: 1280px) 100vw, 1280px\" \/><\/p>\n<p>Frei Paulo tamb\u00e9m citou Frei James Girardi, que, segundo o celebrante, tem sempre um humor inteligente. Ele costuma dizer que al\u00e9m do CPF, todos temos um CNPJ, que \u00e9 o da entidade \u00e0 qual pertencem. &#8220;Nessa forma de dizer, tenho certeza, ele est\u00e1 apontando para uma identidade que \u00e9 comum a n\u00f3s. Todos vivemos a partir de um ch\u00e3o comum, fecundo. E este ch\u00e3o comum nos oferece condi\u00e7\u00f5es de olhar o mundo para al\u00e9m das nossas diferen\u00e7as e aquilo que nos une \u00e9 muito maior, muito mais criativo, muito mais fecundo daquilo que nos separa, que nos distingue&#8221;, observou. &#8220;Todos n\u00f3s somos pecadores, todos n\u00f3s estamos sedentos de c\u00e9u, todos somos batizados, por isso em n\u00f3s a mo\u00e7\u00e3o sacerdotal prof\u00e9tica e tamb\u00e9m a realeza, a dignidade sacerdotal. Todos n\u00f3s partilhamos a ousadia, apesar de nossas fragilidades, a ousadia da consagra\u00e7\u00e3o. E mais ainda, todos n\u00f3s aspiramos viver franciscanamente, com todas possibilidades que esse nome conv\u00e9m ou cont\u00eam&#8221;, ressaltou.<\/p>\n<p>&#8220;E viemos para Agudos. Para muitos de n\u00f3s, Agudos tem o frescor dos primeiros passos. E para todos n\u00f3s que aqui voltamos, para encontros, reuni\u00f5es, retiros, cap\u00edtulos, Agudos representa revigoramento. Agudos representa reencontros, anima\u00e7\u00e3o, e, nesses dias, Agudos foi lugar de saber dormir para se transformar num lugar de saber sonhar. E o Cap\u00edtulo ofereceu essa chance de ressaltar que, juntos, se constroem os sonhos&#8221;, refletiu.<\/p>\n<p><img loading=\"lazy\" class=\"alignnone size-full wp-image-235506\" src=\"https:\/\/franciscanos.org.br\/noticias\/wp-content\/uploads\/2021\/11\/domingo_281121_8.jpg\" alt=\"\" width=\"1042\" height=\"1382\" srcset=\"https:\/\/franciscanos.org.br\/noticias\/wp-content\/uploads\/2021\/11\/domingo_281121_8.jpg 1042w, https:\/\/franciscanos.org.br\/noticias\/wp-content\/uploads\/2021\/11\/domingo_281121_8-339x450.jpg 339w, https:\/\/franciscanos.org.br\/noticias\/wp-content\/uploads\/2021\/11\/domingo_281121_8-772x1024.jpg 772w, https:\/\/franciscanos.org.br\/noticias\/wp-content\/uploads\/2021\/11\/domingo_281121_8-768x1019.jpg 768w, https:\/\/franciscanos.org.br\/noticias\/wp-content\/uploads\/2021\/11\/domingo_281121_8-150x199.jpg 150w\" sizes=\"(max-width: 1042px) 100vw, 1042px\" \/><\/p>\n<p>Para Frei Paulo, a bondade do Senhor concebeu celebrar o Cap\u00edtulo vivendo tamb\u00e9m o final do Ano Lit\u00fargico e o in\u00edcio do novo tempo. &#8220;O tempo do Advento \u00e9 o tempo da espera, da vigil\u00e2ncia, da espera que \u00e9 cheia de certezas, a espera que n\u00e3o \u00e9 angustiante. A espera que a gente n\u00e3o sabe de fato o que vai acontecer ela \u00e9 geradora de ang\u00fastias, mas a espera do novo tempo que se inaugura \u00e9 uma espera prenhe de esperan\u00e7a. E por isso n\u00f3s podemos repetir: \u00e9 tempo de esperan\u00e7ar&#8221;, admoestou.<\/p>\n<p>E deixou o convite aos frades: &#8220;Eu quero convidar a todos e a cada um dos irm\u00e3os que neste novo tempo, ali no ch\u00e3o da nossa vida, nas tarefas mais simples ou nas atribui\u00e7\u00f5es mais elevadas &#8211; na Baixada, no Oeste, em Angola, onde estivermos -, que n\u00f3s possamos trazer nos olhos esperan\u00e7a. Trazer nos olhos esperan\u00e7a e ser para o irm\u00e3o motiva\u00e7\u00e3o de esperan\u00e7ar. Trazer em n\u00f3s e enxergar, no outro, aquelas motiva\u00e7\u00f5es que nos levam, juntos, a construir sonhos, a esperan\u00e7ar. Que n\u00e3o nos falte a b\u00ean\u00e7\u00e3o do alto e a prote\u00e7\u00e3o de Nossa Senhora!&#8221;<\/p>\n\n\t\t<style type=\"text\/css\">\n\t\t\t#gallery-1 {\n\t\t\t\tmargin: auto;\n\t\t\t}\n\t\t\t#gallery-1 .gallery-item {\n\t\t\t\tfloat: left;\n\t\t\t\tmargin-top: 10px;\n\t\t\t\ttext-align: center;\n\t\t\t\twidth: 14%;\n\t\t\t}\n\t\t\t#gallery-1 img {\n\t\t\t\tborder: 2px solid #cfcfcf;\n\t\t\t}\n\t\t\t#gallery-1 .gallery-caption {\n\t\t\t\tmargin-left: 0;\n\t\t\t}\n\t\t\t\/* see gallery_shortcode() in wp-includes\/media.php *\/\n\t\t<\/style>\n\t\t<div id='gallery-1' class='gallery galleryid-235500 gallery-columns-7 gallery-size-thumbnail'><dl class='gallery-item'>\n\t\t\t<dt class='gallery-icon landscape'>\n\t\t\t\t<a href='https:\/\/franciscanos.org.br\/noticias\/wp-content\/uploads\/2021\/11\/domingo_01.jpg'><img width=\"300\" height=\"300\" src=\"https:\/\/franciscanos.org.br\/noticias\/wp-content\/uploads\/2021\/11\/domingo_01-300x300.jpg\" class=\"attachment-thumbnail size-thumbnail\" alt=\"\" loading=\"lazy\" srcset=\"https:\/\/franciscanos.org.br\/noticias\/wp-content\/uploads\/2021\/11\/domingo_01-300x300.jpg 300w, https:\/\/franciscanos.org.br\/noticias\/wp-content\/uploads\/2021\/11\/domingo_01-100x100.jpg 100w\" sizes=\"(max-width: 300px) 100vw, 300px\" \/><\/a>\n\t\t\t<\/dt><\/dl><dl class='gallery-item'>\n\t\t\t<dt class='gallery-icon landscape'>\n\t\t\t\t<a href='https:\/\/franciscanos.org.br\/noticias\/wp-content\/uploads\/2021\/11\/domingo_02.jpg'><img width=\"300\" height=\"300\" src=\"https:\/\/franciscanos.org.br\/noticias\/wp-content\/uploads\/2021\/11\/domingo_02-300x300.jpg\" class=\"attachment-thumbnail size-thumbnail\" alt=\"\" loading=\"lazy\" srcset=\"https:\/\/franciscanos.org.br\/noticias\/wp-content\/uploads\/2021\/11\/domingo_02-300x300.jpg 300w, https:\/\/franciscanos.org.br\/noticias\/wp-content\/uploads\/2021\/11\/domingo_02-100x100.jpg 100w\" sizes=\"(max-width: 300px) 100vw, 300px\" \/><\/a>\n\t\t\t<\/dt><\/dl><dl class='gallery-item'>\n\t\t\t<dt class='gallery-icon landscape'>\n\t\t\t\t<a href='https:\/\/franciscanos.org.br\/noticias\/wp-content\/uploads\/2021\/11\/domingo_03.jpg'><img width=\"300\" height=\"300\" src=\"https:\/\/franciscanos.org.br\/noticias\/wp-content\/uploads\/2021\/11\/domingo_03-300x300.jpg\" class=\"attachment-thumbnail size-thumbnail\" alt=\"\" loading=\"lazy\" srcset=\"https:\/\/franciscanos.org.br\/noticias\/wp-content\/uploads\/2021\/11\/domingo_03-300x300.jpg 300w, https:\/\/franciscanos.org.br\/noticias\/wp-content\/uploads\/2021\/11\/domingo_03-100x100.jpg 100w\" sizes=\"(max-width: 300px) 100vw, 300px\" \/><\/a>\n\t\t\t<\/dt><\/dl><dl class='gallery-item'>\n\t\t\t<dt class='gallery-icon landscape'>\n\t\t\t\t<a href='https:\/\/franciscanos.org.br\/noticias\/wp-content\/uploads\/2021\/11\/domingo_04.jpg'><img width=\"300\" height=\"300\" src=\"https:\/\/franciscanos.org.br\/noticias\/wp-content\/uploads\/2021\/11\/domingo_04-300x300.jpg\" class=\"attachment-thumbnail size-thumbnail\" alt=\"\" loading=\"lazy\" srcset=\"https:\/\/franciscanos.org.br\/noticias\/wp-content\/uploads\/2021\/11\/domingo_04-300x300.jpg 300w, https:\/\/franciscanos.org.br\/noticias\/wp-content\/uploads\/2021\/11\/domingo_04-100x100.jpg 100w\" sizes=\"(max-width: 300px) 100vw, 300px\" \/><\/a>\n\t\t\t<\/dt><\/dl><dl class='gallery-item'>\n\t\t\t<dt class='gallery-icon landscape'>\n\t\t\t\t<a href='https:\/\/franciscanos.org.br\/noticias\/wp-content\/uploads\/2021\/11\/domingo_05.jpg'><img width=\"300\" height=\"300\" src=\"https:\/\/franciscanos.org.br\/noticias\/wp-content\/uploads\/2021\/11\/domingo_05-300x300.jpg\" class=\"attachment-thumbnail size-thumbnail\" alt=\"\" loading=\"lazy\" srcset=\"https:\/\/franciscanos.org.br\/noticias\/wp-content\/uploads\/2021\/11\/domingo_05-300x300.jpg 300w, https:\/\/franciscanos.org.br\/noticias\/wp-content\/uploads\/2021\/11\/domingo_05-100x100.jpg 100w\" sizes=\"(max-width: 300px) 100vw, 300px\" \/><\/a>\n\t\t\t<\/dt><\/dl><dl class='gallery-item'>\n\t\t\t<dt class='gallery-icon landscape'>\n\t\t\t\t<a href='https:\/\/franciscanos.org.br\/noticias\/wp-content\/uploads\/2021\/11\/domingo_06.jpg'><img width=\"300\" height=\"300\" src=\"https:\/\/franciscanos.org.br\/noticias\/wp-content\/uploads\/2021\/11\/domingo_06-300x300.jpg\" class=\"attachment-thumbnail size-thumbnail\" alt=\"\" loading=\"lazy\" srcset=\"https:\/\/franciscanos.org.br\/noticias\/wp-content\/uploads\/2021\/11\/domingo_06-300x300.jpg 300w, https:\/\/franciscanos.org.br\/noticias\/wp-content\/uploads\/2021\/11\/domingo_06-100x100.jpg 100w\" sizes=\"(max-width: 300px) 100vw, 300px\" \/><\/a>\n\t\t\t<\/dt><\/dl><dl class='gallery-item'>\n\t\t\t<dt class='gallery-icon landscape'>\n\t\t\t\t<a href='https:\/\/franciscanos.org.br\/noticias\/wp-content\/uploads\/2021\/11\/domingo_07.jpg'><img width=\"300\" height=\"300\" src=\"https:\/\/franciscanos.org.br\/noticias\/wp-content\/uploads\/2021\/11\/domingo_07-300x300.jpg\" class=\"attachment-thumbnail size-thumbnail\" alt=\"\" loading=\"lazy\" srcset=\"https:\/\/franciscanos.org.br\/noticias\/wp-content\/uploads\/2021\/11\/domingo_07-300x300.jpg 300w, https:\/\/franciscanos.org.br\/noticias\/wp-content\/uploads\/2021\/11\/domingo_07-100x100.jpg 100w\" sizes=\"(max-width: 300px) 100vw, 300px\" \/><\/a>\n\t\t\t<\/dt><\/dl><br style=\"clear: both\" \/>\n\t\t<\/div>\n\n<p style=\"text-align: center;\"><em>(Click nas imagens para ampli\u00e1-las)<\/em><\/p>\n<p>Depois da Celebra\u00e7\u00e3o Eucar\u00edstica, os frades se reuniram em frente ao belo Semin\u00e1rio Santo Ant\u00f4nio para a foto oficial. Os frades fizeram fotos com m\u00e1scara e, por um minuto, sem m\u00e1scara, uma vez que todas as normas sanit\u00e1rias est\u00e3o sendo observadas desde o in\u00edcio no evento.<\/p>\n<p><img loading=\"lazy\" class=\"alignnone size-full wp-image-235514\" src=\"https:\/\/franciscanos.org.br\/noticias\/wp-content\/uploads\/2021\/11\/domingo_281121_12.jpg\" alt=\"\" width=\"1800\" height=\"733\" srcset=\"https:\/\/franciscanos.org.br\/noticias\/wp-content\/uploads\/2021\/11\/domingo_281121_12.jpg 1800w, https:\/\/franciscanos.org.br\/noticias\/wp-content\/uploads\/2021\/11\/domingo_281121_12-450x183.jpg 450w, https:\/\/franciscanos.org.br\/noticias\/wp-content\/uploads\/2021\/11\/domingo_281121_12-1024x417.jpg 1024w, https:\/\/franciscanos.org.br\/noticias\/wp-content\/uploads\/2021\/11\/domingo_281121_12-768x313.jpg 768w, https:\/\/franciscanos.org.br\/noticias\/wp-content\/uploads\/2021\/11\/domingo_281121_12-1536x625.jpg 1536w, https:\/\/franciscanos.org.br\/noticias\/wp-content\/uploads\/2021\/11\/domingo_281121_12-150x61.jpg 150w\" sizes=\"(max-width: 1800px) 100vw, 1800px\" \/><\/p>\n<p><img loading=\"lazy\" class=\"alignnone size-full wp-image-235515\" src=\"https:\/\/franciscanos.org.br\/noticias\/wp-content\/uploads\/2021\/11\/domingo_281121_10.jpg\" alt=\"\" width=\"1843\" height=\"614\" srcset=\"https:\/\/franciscanos.org.br\/noticias\/wp-content\/uploads\/2021\/11\/domingo_281121_10.jpg 1843w, https:\/\/franciscanos.org.br\/noticias\/wp-content\/uploads\/2021\/11\/domingo_281121_10-450x150.jpg 450w, https:\/\/franciscanos.org.br\/noticias\/wp-content\/uploads\/2021\/11\/domingo_281121_10-1024x341.jpg 1024w, https:\/\/franciscanos.org.br\/noticias\/wp-content\/uploads\/2021\/11\/domingo_281121_10-768x256.jpg 768w, https:\/\/franciscanos.org.br\/noticias\/wp-content\/uploads\/2021\/11\/domingo_281121_10-1536x512.jpg 1536w, https:\/\/franciscanos.org.br\/noticias\/wp-content\/uploads\/2021\/11\/domingo_281121_10-150x50.jpg 150w\" sizes=\"(max-width: 1843px) 100vw, 1843px\" \/><\/p>\n<hr \/>\n<p><strong>Equipe de Comunica\u00e7\u00e3o do Cap\u00edtulo:<\/strong>\u00a0<em>Frei Augusto Gabriel, Frei Clauzemir Makximovitz, Frei Gabriel Dellandrea, Frei Alan Leal de Mattos e Moacir Beggo.<\/em><\/p>\n","protected":false},"excerpt":{"rendered":"<p>Cap\u00edtulo Provincial 2021<\/p>\n","protected":false},"author":3,"featured_media":235501,"comment_status":"open","ping_status":"open","sticky":false,"template":"","format":"standard","meta":[],"categories":[1],"tags":[1943],"acf":[],"yoast_head":"<!-- This site is optimized with the Yoast SEO plugin v19.2 - https:\/\/yoast.com\/wordpress\/plugins\/seo\/ -->\n<title>A primeira mensagem do Ministro Provincial: &quot;Que n\u00f3s possamos trazer nos olhos esperan\u00e7a&quot; - Not\u00edcias - Franciscanos<\/title>\n<meta name=\"robots\" content=\"index, follow, max-snippet:-1, max-image-preview:large, max-video-preview:-1\" \/>\n<link rel=\"canonical\" href=\"https:\/\/franciscanos.org.br\/noticias\/a-primeira-mensagem-do-ministro-provincial-que-nos-possamos-trazer-nos-olhos-esperanca.html\" \/>\n<meta property=\"og:locale\" content=\"pt_BR\" \/>\n<meta property=\"og:type\" content=\"article\" \/>\n<meta property=\"og:title\" content=\"A primeira mensagem do Ministro Provincial: &quot;Que n\u00f3s possamos trazer nos olhos esperan\u00e7a&quot; - Not\u00edcias - Franciscanos\" \/>\n<meta property=\"og:description\" content=\"Cap\u00edtulo Provincial 2021\" \/>\n<meta property=\"og:url\" content=\"https:\/\/franciscanos.org.br\/noticias\/a-primeira-mensagem-do-ministro-provincial-que-nos-possamos-trazer-nos-olhos-esperanca.html\" \/>\n<meta property=\"og:site_name\" content=\"Not\u00edcias - Franciscanos\" \/>\n<meta property=\"article:published_time\" content=\"2021-11-28T14:49:34+00:00\" \/>\n<meta property=\"article:modified_time\" content=\"2021-11-28T16:41:50+00:00\" \/>\n<meta property=\"og:image\" content=\"https:\/\/franciscanos.org.br\/noticias\/wp-content\/uploads\/2021\/11\/domingo_281121_9.jpg\" \/>\n\t<meta property=\"og:image:width\" content=\"1280\" \/>\n\t<meta property=\"og:image:height\" content=\"960\" \/>\n\t<meta property=\"og:image:type\" content=\"image\/jpeg\" \/>\n<meta name=\"author\" content=\"moacir\" \/>\n<meta name=\"twitter:card\" content=\"summary_large_image\" \/>\n<meta name=\"twitter:label1\" content=\"Escrito por\" \/>\n\t<meta name=\"twitter:data1\" content=\"moacir\" \/>\n\t<meta name=\"twitter:label2\" content=\"Est. tempo de leitura\" \/>\n\t<meta name=\"twitter:data2\" content=\"6 minutos\" \/>\n<script type=\"application\/ld+json\" class=\"yoast-schema-graph\">{\"@context\":\"https:\/\/schema.org\",\"@graph\":[{\"@type\":\"WebSite\",\"@id\":\"https:\/\/franciscanos.org.br\/noticias\/#website\",\"url\":\"https:\/\/franciscanos.org.br\/noticias\/\",\"name\":\"Not\u00edcias - Franciscanos\",\"description\":\"Prov\u00edncia Franciscana da Imaculada Concei\u00e7\u00e3o do Brasil - Ordem dos Frades Menores - OFM\",\"potentialAction\":[{\"@type\":\"SearchAction\",\"target\":{\"@type\":\"EntryPoint\",\"urlTemplate\":\"https:\/\/franciscanos.org.br\/noticias\/?s={search_term_string}\"},\"query-input\":\"required name=search_term_string\"}],\"inLanguage\":\"pt-BR\"},{\"@type\":\"ImageObject\",\"inLanguage\":\"pt-BR\",\"@id\":\"https:\/\/franciscanos.org.br\/noticias\/a-primeira-mensagem-do-ministro-provincial-que-nos-possamos-trazer-nos-olhos-esperanca.html#primaryimage\",\"url\":\"https:\/\/franciscanos.org.br\/noticias\/wp-content\/uploads\/2021\/11\/domingo_281121_9.jpg\",\"contentUrl\":\"https:\/\/franciscanos.org.br\/noticias\/wp-content\/uploads\/2021\/11\/domingo_281121_9.jpg\",\"width\":1280,\"height\":960},{\"@type\":\"WebPage\",\"@id\":\"https:\/\/franciscanos.org.br\/noticias\/a-primeira-mensagem-do-ministro-provincial-que-nos-possamos-trazer-nos-olhos-esperanca.html#webpage\",\"url\":\"https:\/\/franciscanos.org.br\/noticias\/a-primeira-mensagem-do-ministro-provincial-que-nos-possamos-trazer-nos-olhos-esperanca.html\",\"name\":\"A primeira mensagem do Ministro Provincial: \\\"Que n\u00f3s possamos trazer nos olhos esperan\u00e7a\\\" - Not\u00edcias - Franciscanos\",\"isPartOf\":{\"@id\":\"https:\/\/franciscanos.org.br\/noticias\/#website\"},\"primaryImageOfPage\":{\"@id\":\"https:\/\/franciscanos.org.br\/noticias\/a-primeira-mensagem-do-ministro-provincial-que-nos-possamos-trazer-nos-olhos-esperanca.html#primaryimage\"},\"datePublished\":\"2021-11-28T14:49:34+00:00\",\"dateModified\":\"2021-11-28T16:41:50+00:00\",\"author\":{\"@id\":\"https:\/\/franciscanos.org.br\/noticias\/#\/schema\/person\/b5c8cba458c330ccff548b056e95a5d4\"},\"breadcrumb\":{\"@id\":\"https:\/\/franciscanos.org.br\/noticias\/a-primeira-mensagem-do-ministro-provincial-que-nos-possamos-trazer-nos-olhos-esperanca.html#breadcrumb\"},\"inLanguage\":\"pt-BR\",\"potentialAction\":[{\"@type\":\"ReadAction\",\"target\":[\"https:\/\/franciscanos.org.br\/noticias\/a-primeira-mensagem-do-ministro-provincial-que-nos-possamos-trazer-nos-olhos-esperanca.html\"]}]},{\"@type\":\"BreadcrumbList\",\"@id\":\"https:\/\/franciscanos.org.br\/noticias\/a-primeira-mensagem-do-ministro-provincial-que-nos-possamos-trazer-nos-olhos-esperanca.html#breadcrumb\",\"itemListElement\":[{\"@type\":\"ListItem\",\"position\":1,\"name\":\"Home\",\"item\":\"https:\/\/franciscanos.org.br\/noticias\"},{\"@type\":\"ListItem\",\"position\":2,\"name\":\"A primeira mensagem do Ministro Provincial: &#8220;Que n\u00f3s possamos trazer nos olhos esperan\u00e7a&#8221;\"}]},{\"@type\":\"Person\",\"@id\":\"https:\/\/franciscanos.org.br\/noticias\/#\/schema\/person\/b5c8cba458c330ccff548b056e95a5d4\",\"name\":\"moacir\",\"image\":{\"@type\":\"ImageObject\",\"inLanguage\":\"pt-BR\",\"@id\":\"https:\/\/franciscanos.org.br\/noticias\/#\/schema\/person\/image\/\",\"url\":\"https:\/\/secure.gravatar.com\/avatar\/d08aa2ce4c8dd416d4479aa8536fcf64?s=96&d=mm&r=g\",\"contentUrl\":\"https:\/\/secure.gravatar.com\/avatar\/d08aa2ce4c8dd416d4479aa8536fcf64?s=96&d=mm&r=g\",\"caption\":\"moacir\"},\"url\":\"https:\/\/franciscanos.org.br\/noticias\/author\/moacir\"}]}<\/script>\n<!-- \/ Yoast SEO plugin. -->","yoast_head_json":{"title":"A primeira mensagem do Ministro Provincial: \"Que n\u00f3s possamos trazer nos olhos esperan\u00e7a\" - Not\u00edcias - Franciscanos","robots":{"index":"index","follow":"follow","max-snippet":"max-snippet:-1","max-image-preview":"max-image-preview:large","max-video-preview":"max-video-preview:-1"},"canonical":"https:\/\/franciscanos.org.br\/noticias\/a-primeira-mensagem-do-ministro-provincial-que-nos-possamos-trazer-nos-olhos-esperanca.html","og_locale":"pt_BR","og_type":"article","og_title":"A primeira mensagem do Ministro Provincial: \"Que n\u00f3s possamos trazer nos olhos esperan\u00e7a\" - Not\u00edcias - Franciscanos","og_description":"Cap\u00edtulo Provincial 2021","og_url":"https:\/\/franciscanos.org.br\/noticias\/a-primeira-mensagem-do-ministro-provincial-que-nos-possamos-trazer-nos-olhos-esperanca.html","og_site_name":"Not\u00edcias - Franciscanos","article_published_time":"2021-11-28T14:49:34+00:00","article_modified_time":"2021-11-28T16:41:50+00:00","og_image":[{"width":1280,"height":960,"url":"https:\/\/franciscanos.org.br\/noticias\/wp-content\/uploads\/2021\/11\/domingo_281121_9.jpg","type":"image\/jpeg"}],"author":"moacir","twitter_card":"summary_large_image","twitter_misc":{"Escrito por":"moacir","Est. tempo de leitura":"6 minutos"},"schema":{"@context":"https:\/\/schema.org","@graph":[{"@type":"WebSite","@id":"https:\/\/franciscanos.org.br\/noticias\/#website","url":"https:\/\/franciscanos.org.br\/noticias\/","name":"Not\u00edcias - Franciscanos","description":"Prov\u00edncia Franciscana da Imaculada Concei\u00e7\u00e3o do Brasil - Ordem dos Frades Menores - OFM","potentialAction":[{"@type":"SearchAction","target":{"@type":"EntryPoint","urlTemplate":"https:\/\/franciscanos.org.br\/noticias\/?s={search_term_string}"},"query-input":"required name=search_term_string"}],"inLanguage":"pt-BR"},{"@type":"ImageObject","inLanguage":"pt-BR","@id":"https:\/\/franciscanos.org.br\/noticias\/a-primeira-mensagem-do-ministro-provincial-que-nos-possamos-trazer-nos-olhos-esperanca.html#primaryimage","url":"https:\/\/franciscanos.org.br\/noticias\/wp-content\/uploads\/2021\/11\/domingo_281121_9.jpg","contentUrl":"https:\/\/franciscanos.org.br\/noticias\/wp-content\/uploads\/2021\/11\/domingo_281121_9.jpg","width":1280,"height":960},{"@type":"WebPage","@id":"https:\/\/franciscanos.org.br\/noticias\/a-primeira-mensagem-do-ministro-provincial-que-nos-possamos-trazer-nos-olhos-esperanca.html#webpage","url":"https:\/\/franciscanos.org.br\/noticias\/a-primeira-mensagem-do-ministro-provincial-que-nos-possamos-trazer-nos-olhos-esperanca.html","name":"A primeira mensagem do Ministro Provincial: \"Que n\u00f3s possamos trazer nos olhos esperan\u00e7a\" - Not\u00edcias - Franciscanos","isPartOf":{"@id":"https:\/\/franciscanos.org.br\/noticias\/#website"},"primaryImageOfPage":{"@id":"https:\/\/franciscanos.org.br\/noticias\/a-primeira-mensagem-do-ministro-provincial-que-nos-possamos-trazer-nos-olhos-esperanca.html#primaryimage"},"datePublished":"2021-11-28T14:49:34+00:00","dateModified":"2021-11-28T16:41:50+00:00","author":{"@id":"https:\/\/franciscanos.org.br\/noticias\/#\/schema\/person\/b5c8cba458c330ccff548b056e95a5d4"},"breadcrumb":{"@id":"https:\/\/franciscanos.org.br\/noticias\/a-primeira-mensagem-do-ministro-provincial-que-nos-possamos-trazer-nos-olhos-esperanca.html#breadcrumb"},"inLanguage":"pt-BR","potentialAction":[{"@type":"ReadAction","target":["https:\/\/franciscanos.org.br\/noticias\/a-primeira-mensagem-do-ministro-provincial-que-nos-possamos-trazer-nos-olhos-esperanca.html"]}]},{"@type":"BreadcrumbList","@id":"https:\/\/franciscanos.org.br\/noticias\/a-primeira-mensagem-do-ministro-provincial-que-nos-possamos-trazer-nos-olhos-esperanca.html#breadcrumb","itemListElement":[{"@type":"ListItem","position":1,"name":"Home","item":"https:\/\/franciscanos.org.br\/noticias"},{"@type":"ListItem","position":2,"name":"A primeira mensagem do Ministro Provincial: &#8220;Que n\u00f3s possamos trazer nos olhos esperan\u00e7a&#8221;"}]},{"@type":"Person","@id":"https:\/\/franciscanos.org.br\/noticias\/#\/schema\/person\/b5c8cba458c330ccff548b056e95a5d4","name":"moacir","image":{"@type":"ImageObject","inLanguage":"pt-BR","@id":"https:\/\/franciscanos.org.br\/noticias\/#\/schema\/person\/image\/","url":"https:\/\/secure.gravatar.com\/avatar\/d08aa2ce4c8dd416d4479aa8536fcf64?s=96&d=mm&r=g","contentUrl":"https:\/\/secure.gravatar.com\/avatar\/d08aa2ce4c8dd416d4479aa8536fcf64?s=96&d=mm&r=g","caption":"moacir"},"url":"https:\/\/franciscanos.org.br\/noticias\/author\/moacir"}]}},"_links":{"self":[{"href":"https:\/\/franciscanos.org.br\/noticias\/wp-json\/wp\/v2\/posts\/235500"}],"collection":[{"href":"https:\/\/franciscanos.org.br\/noticias\/wp-json\/wp\/v2\/posts"}],"about":[{"href":"https:\/\/franciscanos.org.br\/noticias\/wp-json\/wp\/v2\/types\/post"}],"author":[{"embeddable":true,"href":"https:\/\/franciscanos.org.br\/noticias\/wp-json\/wp\/v2\/users\/3"}],"replies":[{"embeddable":true,"href":"https:\/\/franciscanos.org.br\/noticias\/wp-json\/wp\/v2\/comments?post=235500"}],"version-history":[{"count":2,"href":"https:\/\/franciscanos.org.br\/noticias\/wp-json\/wp\/v2\/posts\/235500\/revisions"}],"predecessor-version":[{"id":235520,"href":"https:\/\/franciscanos.org.br\/noticias\/wp-json\/wp\/v2\/posts\/235500\/revisions\/235520"}],"wp:featuredmedia":[{"embeddable":true,"href":"https:\/\/franciscanos.org.br\/noticias\/wp-json\/wp\/v2\/media\/235501"}],"wp:attachment":[{"href":"https:\/\/franciscanos.org.br\/noticias\/wp-json\/wp\/v2\/media?parent=235500"}],"wp:term":[{"taxonomy":"category","embeddable":true,"href":"https:\/\/franciscanos.org.br\/noticias\/wp-json\/wp\/v2\/categories?post=235500"},{"taxonomy":"post_tag","embeddable":true,"href":"https:\/\/franciscanos.org.br\/noticias\/wp-json\/wp\/v2\/tags?post=235500"}],"curies":[{"name":"wp","href":"https:\/\/api.w.org\/{rel}","templated":true}]}}