{"id":235485,"date":"2021-11-27T20:33:17","date_gmt":"2021-11-27T23:33:17","guid":{"rendered":"https:\/\/franciscanos.org.br\/noticias\/?p=235485"},"modified":"2021-11-27T20:57:26","modified_gmt":"2021-11-27T23:57:26","slug":"frei-paulo-eu-aceito-ser-provincial","status":"publish","type":"post","link":"https:\/\/franciscanos.org.br\/noticias\/frei-paulo-eu-aceito-ser-provincial.html","title":{"rendered":"Frei Paulo: &#8220;Eu aceito ser Provincial&#8221;\u00a0"},"content":{"rendered":"<p><img loading=\"lazy\" class=\"alignnone wp-image-235486 size-full\" src=\"https:\/\/franciscanos.org.br\/noticias\/wp-content\/uploads\/2021\/11\/posse_2711_1.jpg\" alt=\"\" width=\"1280\" height=\"720\" srcset=\"https:\/\/franciscanos.org.br\/noticias\/wp-content\/uploads\/2021\/11\/posse_2711_1.jpg 1280w, https:\/\/franciscanos.org.br\/noticias\/wp-content\/uploads\/2021\/11\/posse_2711_1-450x253.jpg 450w, https:\/\/franciscanos.org.br\/noticias\/wp-content\/uploads\/2021\/11\/posse_2711_1-1024x576.jpg 1024w, https:\/\/franciscanos.org.br\/noticias\/wp-content\/uploads\/2021\/11\/posse_2711_1-768x432.jpg 768w, https:\/\/franciscanos.org.br\/noticias\/wp-content\/uploads\/2021\/11\/posse_2711_1-150x84.jpg 150w\" sizes=\"(max-width: 1280px) 100vw, 1280px\" \/><\/p>\n<p><strong>Agudos (SP)<\/strong> \u2013 O mineiro Frei Paulo Roberto Pereira, natural de Juiz de Fora, foi eleito para o servi\u00e7o de Ministro Provincial no sex\u00eanio 2022-2027 em segundo escrut\u00ednio, quando obteve a maioria absoluta (mais do que a metade dos votos, num total de 56) contra os 52 de Frei Gustavo Medella. Para esta elei\u00e7\u00e3o, foram homologados cinco candidatos pela C\u00faria Geral dos Frades Menores: Al\u00e9m de Frei Paulo e Frei Gustavo, Frei Fid\u00eancio Vanboemmel, Frei Jo\u00e3o Francisco da Silva e Frei M\u00e1rio Luiz Tagliari. Votaram 111 capitulares, porque Frei C\u00e9sar pediu licen\u00e7a para n\u00e3o votar devido ao of\u00edcio de Visitador, embora seja frade da Prov\u00edncia.<\/p>\n<p>Emocionado, Frei Paulo brincou dizendo que faltou uma bancada, como na pra\u00e7a S\u00e3o Pedro, para pedir que rezassem para ele. &#8220;Mas tomara que voc\u00eas tenham ju\u00edzo&#8221;, disse, confirmando a escolha dos capitulares: &#8220;Eu aceito ser Provincial&#8221;.<\/p>\n<p><img loading=\"lazy\" class=\"alignnone wp-image-235487 size-full\" src=\"https:\/\/franciscanos.org.br\/noticias\/wp-content\/uploads\/2021\/11\/posse_2711_2.jpg\" alt=\"\" width=\"1280\" height=\"720\" srcset=\"https:\/\/franciscanos.org.br\/noticias\/wp-content\/uploads\/2021\/11\/posse_2711_2.jpg 1280w, https:\/\/franciscanos.org.br\/noticias\/wp-content\/uploads\/2021\/11\/posse_2711_2-450x253.jpg 450w, https:\/\/franciscanos.org.br\/noticias\/wp-content\/uploads\/2021\/11\/posse_2711_2-1024x576.jpg 1024w, https:\/\/franciscanos.org.br\/noticias\/wp-content\/uploads\/2021\/11\/posse_2711_2-768x432.jpg 768w, https:\/\/franciscanos.org.br\/noticias\/wp-content\/uploads\/2021\/11\/posse_2711_2-150x84.jpg 150w\" sizes=\"(max-width: 1280px) 100vw, 1280px\" \/><\/p>\n<p>A elei\u00e7\u00e3o do Ministro Provincial, que come\u00e7ou \u00e0s 15h05, deu-se depois do rito da elei\u00e7\u00e3o, quando o Visitador Geral Frei C\u00e9sar K\u00fclkamp pediu a intercess\u00e3o do Esp\u00edrito Santo: &#8220;Senhor, Nosso Deus, que pela luz do Esp\u00edrito Santo instru\u00edstes o cora\u00e7\u00e3o dos vossos fi\u00e9is, fazei-nos d\u00f3ceis ao mesmo Esp\u00edrito, para apreciarmos o que \u00e9 justo e nos alegrarmos sempre com a sua presen\u00e7a. Por Cristo, nosso Senhor&#8221;.<\/p>\n<p>Antes da deposi\u00e7\u00e3o dos cargos, o Visitador fez uma bel\u00edssima reflex\u00e3o sobre o valor do servi\u00e7o e da vida fraterna. &#8220;N\u00f3s iniciamos este Cap\u00edtulo pedindo as luzes do Esp\u00edrito Santo e, principalmente, que ele fosse um evento da comunh\u00e3o, da nossa fraternidade, da nossa perten\u00e7a uns aos outros, como profiss\u00e3o de vida, como forma de vida&#8221;, disse.<\/p>\n<p><img loading=\"lazy\" class=\"alignnone wp-image-235491 size-full\" src=\"https:\/\/franciscanos.org.br\/noticias\/wp-content\/uploads\/2021\/11\/posse_2711_6.jpg\" alt=\"\" width=\"1280\" height=\"833\" srcset=\"https:\/\/franciscanos.org.br\/noticias\/wp-content\/uploads\/2021\/11\/posse_2711_6.jpg 1280w, https:\/\/franciscanos.org.br\/noticias\/wp-content\/uploads\/2021\/11\/posse_2711_6-450x293.jpg 450w, https:\/\/franciscanos.org.br\/noticias\/wp-content\/uploads\/2021\/11\/posse_2711_6-1024x666.jpg 1024w, https:\/\/franciscanos.org.br\/noticias\/wp-content\/uploads\/2021\/11\/posse_2711_6-768x500.jpg 768w, https:\/\/franciscanos.org.br\/noticias\/wp-content\/uploads\/2021\/11\/posse_2711_6-150x98.jpg 150w\" sizes=\"(max-width: 1280px) 100vw, 1280px\" \/><\/p>\n<p>Segundo Frei C\u00e9sar, essa celebra\u00e7\u00e3o tamb\u00e9m \u00e9 chamada de &#8220;celebra\u00e7\u00e3o de deposi\u00e7\u00e3o dos cargos&#8221; e depois tamb\u00e9m da escolha daquele que vai ser o Ministro Provincial. &#8220;Ele \u00e9, digamos assim, um sacramento dessa harmoniza\u00e7\u00e3o, desta unidade que a Fraternidade quer buscar para realmente se constituir como comunh\u00e3o. Justamente por isso, achei importante nesta celebra\u00e7\u00e3o propor uma reflex\u00e3o que os documentos d\u00e3o a esta indica\u00e7\u00e3o, seja na escolha de cada um nas diferentes tarefas para o bem-estar dos irm\u00e3os, da forma\u00e7\u00e3o, das atividades evagelizadoras e da administra\u00e7\u00e3o como um todo da Prov\u00edncia&#8221;, disse.<\/p>\n<p><iframe loading=\"lazy\" title=\"YouTube video player\" src=\"https:\/\/www.youtube.com\/embed\/2sCeOr1cJ7Q\" width=\"100%\" height=\"500\" frameborder=\"0\" allowfullscreen=\"allowfullscreen\"><span data-mce-type=\"bookmark\" style=\"display: inline-block; width: 0px; overflow: hidden; line-height: 0;\" class=\"mce_SELRES_start\">\ufeff<\/span><\/iframe><\/p>\n<p>Passando pelos documentos da Ordem, Frei C\u00e9sar escolheu cita\u00e7\u00f5es que explicitaram bem o carisma de minist\u00e9rio-servi\u00e7o t\u00e3o pr\u00f3prio ao franciscanismo. A uni\u00e3o entre os irm\u00e3os deve ser com amor verdadeiramente evang\u00e9lico: cuidem, sirvam, ajudem!<\/p>\n<p>Depois do Ato Penitencial, foi feito o juramento dos escrutinadores e se deu a ren\u00fancia do cargo de Ministro Provincial, feita por Frei Fid\u00eancio Vanboemmel: &#8220;Chegando ao fim o mandato de Ministro Provincial, entrego o cargo nas m\u00e3os do presidente do Cap\u00edtulo, dando gra\u00e7as a Deus pela oportunidade de servir os irm\u00e3os e pedindo perd\u00e3o a Deus e aos irm\u00e3os por todas as vezes que n\u00e3o o tenha feito segundo os ensinamentos e o exemplo de Nosso Senhor Jesus Cristo e de nosso Ser\u00e1fico Pai S\u00e3o Francisco&#8221;, disse Frei Fid\u00eancio. Em seguida, Definidores, Guardi\u00e3es e demais cargos de elei\u00e7\u00e3o renunciaram tamb\u00e9m aos cargos.<\/p>\n<p><img loading=\"lazy\" class=\"alignnone wp-image-235488 size-full\" src=\"https:\/\/franciscanos.org.br\/noticias\/wp-content\/uploads\/2021\/11\/posse_2711_4.jpg\" alt=\"\" width=\"1280\" height=\"960\" srcset=\"https:\/\/franciscanos.org.br\/noticias\/wp-content\/uploads\/2021\/11\/posse_2711_4.jpg 1280w, https:\/\/franciscanos.org.br\/noticias\/wp-content\/uploads\/2021\/11\/posse_2711_4-450x338.jpg 450w, https:\/\/franciscanos.org.br\/noticias\/wp-content\/uploads\/2021\/11\/posse_2711_4-1024x768.jpg 1024w, https:\/\/franciscanos.org.br\/noticias\/wp-content\/uploads\/2021\/11\/posse_2711_4-768x576.jpg 768w, https:\/\/franciscanos.org.br\/noticias\/wp-content\/uploads\/2021\/11\/posse_2711_4-150x113.jpg 150w, https:\/\/franciscanos.org.br\/noticias\/wp-content\/uploads\/2021\/11\/posse_2711_4-600x450.jpg 600w\" sizes=\"(max-width: 1280px) 100vw, 1280px\" \/><\/p>\n<p><strong>RITO DA POSSE<\/strong><\/p>\n<p>Na Capela interna do Convento dos Frades, o Visitador Frei C\u00e9sar K\u00fclkamp presidiu a celebra\u00e7\u00e3o de tomada de posse do Ministro Provincial. Depois da leitura do Evangelho, em que Jesus admoesta os disc\u00edpulos para que &#8220;o maior se torne o \u00faltimo e o que governa seja como servo&#8221;, Frei C\u00e9sar lembrou que o Evangelho \u00e9 a fonte onde nosso Pai Francisco mergulhou. &#8220;Que essa Palavra continue inspirando a cada um de n\u00f3s, membros da Prov\u00edncia, da Ordem dos Frades Menores, em especial voc\u00ea, Frei Paulo, que recebeu hoje esse encargo, esta tarefa de servir aos seus irm\u00e3os. Que o Cristo seja sempre o seu modelo!&#8221;, desejou Frei C\u00e9sar.<\/p>\n<p>Depois dessas palavras, Frei Paulo fez sua profiss\u00e3o de f\u00e9 e confirma\u00e7\u00e3o como Provincial eleito, ajoelhado diante do Visitador: \u201cEu, Frei Paulo Roberto Pereira creio e professo todos e cada um dos artigos contidos no s\u00edmbolo da f\u00e9, a saber: Creio em um s\u00f3 Deus, Todo-Poderoso (\u2026) Tamb\u00e9m, firmemente aceito e guardo todas e cada uma das coisas referentes \u00e0 doutrina da f\u00e9 e costumes, quer sejam pela Igreja definidas por um solene pronunciamento, quer sejam sustentadas e declaradas pelo magist\u00e9rio ordin\u00e1rio \u2013 da maneira que pela mesma Igreja s\u00e3o propostas, principalmente aquilo que se refere ao minist\u00e9rio da Santa Igreja de Cristo, aos Sacramentos da mesma, ao Sacrif\u00edcio da Missa, e ao Primado do Romano Pont\u00edfice\u201d.<\/p>\n<p><img loading=\"lazy\" class=\"alignnone wp-image-235489 size-full\" src=\"https:\/\/franciscanos.org.br\/noticias\/wp-content\/uploads\/2021\/11\/posse_2711_3.jpg\" alt=\"\" width=\"1280\" height=\"773\" srcset=\"https:\/\/franciscanos.org.br\/noticias\/wp-content\/uploads\/2021\/11\/posse_2711_3.jpg 1280w, https:\/\/franciscanos.org.br\/noticias\/wp-content\/uploads\/2021\/11\/posse_2711_3-450x272.jpg 450w, https:\/\/franciscanos.org.br\/noticias\/wp-content\/uploads\/2021\/11\/posse_2711_3-1024x618.jpg 1024w, https:\/\/franciscanos.org.br\/noticias\/wp-content\/uploads\/2021\/11\/posse_2711_3-768x464.jpg 768w, https:\/\/franciscanos.org.br\/noticias\/wp-content\/uploads\/2021\/11\/posse_2711_3-150x91.jpg 150w\" sizes=\"(max-width: 1280px) 100vw, 1280px\" \/><\/p>\n<p>Frei C\u00e9sar, ent\u00e3o, respondeu dizendo: &#8220;Eu, pela autoridade da qual estou investido, confirmo a ti, Frei Paulo, como Ministro Provincial da Prov\u00edncia Franciscana da Imaculada Concei\u00e7\u00e3o do Brasil&#8221;. O rito terminou com a b\u00ean\u00e7\u00e3o ao novo Ministro Provincial, que recebeu das m\u00e3os do Visitador o Selo da Prov\u00edncia (carimbo com o qual o ministro provincial assina os documentos oficiais).<\/p>\n<p><img loading=\"lazy\" class=\"alignnone wp-image-235493 size-full\" src=\"https:\/\/franciscanos.org.br\/noticias\/wp-content\/uploads\/2021\/11\/posse_2711_abraco.jpg\" alt=\"\" width=\"1280\" height=\"1707\" srcset=\"https:\/\/franciscanos.org.br\/noticias\/wp-content\/uploads\/2021\/11\/posse_2711_abraco.jpg 810w, https:\/\/franciscanos.org.br\/noticias\/wp-content\/uploads\/2021\/11\/posse_2711_abraco-337x450.jpg 337w, https:\/\/franciscanos.org.br\/noticias\/wp-content\/uploads\/2021\/11\/posse_2711_abraco-768x1024.jpg 768w, https:\/\/franciscanos.org.br\/noticias\/wp-content\/uploads\/2021\/11\/posse_2711_abraco-1152x1536.jpg 1152w, https:\/\/franciscanos.org.br\/noticias\/wp-content\/uploads\/2021\/11\/posse_2711_abraco-150x200.jpg 150w\" sizes=\"(max-width: 1280px) 100vw, 1280px\" \/><\/p>\n<p>A posse terminou com o abra\u00e7o da paz de todos os capitulares a Frei Paulo.<\/p>\n<hr \/>\n<p><strong>Equipe de Comunica\u00e7\u00e3o do Cap\u00edtulo:<\/strong>\u00a0<em>Frei Augusto Gabriel, Frei Clauzemir Makximovitz, Frei Gabriel Dellandrea, Frei Alan Leal de Mattos e Moacir Beggo.<\/em><\/p>\n","protected":false},"excerpt":{"rendered":"<p>Cap\u00edtulo Provincial 2021<\/p>\n","protected":false},"author":3,"featured_media":235486,"comment_status":"open","ping_status":"open","sticky":false,"template":"","format":"standard","meta":[],"categories":[1],"tags":[1943],"acf":[],"yoast_head":"<!-- This site is optimized with the Yoast SEO plugin v19.2 - https:\/\/yoast.com\/wordpress\/plugins\/seo\/ -->\n<title>Frei Paulo: &quot;Eu aceito ser Provincial&quot;\u00a0 - Not\u00edcias - Franciscanos<\/title>\n<meta name=\"robots\" content=\"index, follow, max-snippet:-1, max-image-preview:large, max-video-preview:-1\" \/>\n<link rel=\"canonical\" href=\"https:\/\/franciscanos.org.br\/noticias\/frei-paulo-eu-aceito-ser-provincial.html\" \/>\n<meta property=\"og:locale\" content=\"pt_BR\" \/>\n<meta property=\"og:type\" content=\"article\" \/>\n<meta property=\"og:title\" content=\"Frei Paulo: &quot;Eu aceito ser Provincial&quot;\u00a0 - Not\u00edcias - Franciscanos\" \/>\n<meta property=\"og:description\" content=\"Cap\u00edtulo Provincial 2021\" \/>\n<meta property=\"og:url\" content=\"https:\/\/franciscanos.org.br\/noticias\/frei-paulo-eu-aceito-ser-provincial.html\" \/>\n<meta property=\"og:site_name\" content=\"Not\u00edcias - Franciscanos\" \/>\n<meta property=\"article:published_time\" content=\"2021-11-27T23:33:17+00:00\" \/>\n<meta property=\"article:modified_time\" content=\"2021-11-27T23:57:26+00:00\" \/>\n<meta property=\"og:image\" content=\"https:\/\/franciscanos.org.br\/noticias\/wp-content\/uploads\/2021\/11\/posse_2711_1.jpg\" \/>\n\t<meta property=\"og:image:width\" content=\"1280\" \/>\n\t<meta property=\"og:image:height\" content=\"720\" \/>\n\t<meta property=\"og:image:type\" content=\"image\/jpeg\" \/>\n<meta name=\"author\" content=\"moacir\" \/>\n<meta name=\"twitter:card\" content=\"summary_large_image\" \/>\n<meta name=\"twitter:label1\" content=\"Escrito por\" \/>\n\t<meta name=\"twitter:data1\" content=\"moacir\" \/>\n\t<meta name=\"twitter:label2\" content=\"Est. tempo de leitura\" \/>\n\t<meta name=\"twitter:data2\" content=\"5 minutos\" \/>\n<script type=\"application\/ld+json\" class=\"yoast-schema-graph\">{\"@context\":\"https:\/\/schema.org\",\"@graph\":[{\"@type\":\"WebSite\",\"@id\":\"https:\/\/franciscanos.org.br\/noticias\/#website\",\"url\":\"https:\/\/franciscanos.org.br\/noticias\/\",\"name\":\"Not\u00edcias - Franciscanos\",\"description\":\"Prov\u00edncia Franciscana da Imaculada Concei\u00e7\u00e3o do Brasil - Ordem dos Frades Menores - OFM\",\"potentialAction\":[{\"@type\":\"SearchAction\",\"target\":{\"@type\":\"EntryPoint\",\"urlTemplate\":\"https:\/\/franciscanos.org.br\/noticias\/?s={search_term_string}\"},\"query-input\":\"required name=search_term_string\"}],\"inLanguage\":\"pt-BR\"},{\"@type\":\"ImageObject\",\"inLanguage\":\"pt-BR\",\"@id\":\"https:\/\/franciscanos.org.br\/noticias\/frei-paulo-eu-aceito-ser-provincial.html#primaryimage\",\"url\":\"https:\/\/franciscanos.org.br\/noticias\/wp-content\/uploads\/2021\/11\/posse_2711_1.jpg\",\"contentUrl\":\"https:\/\/franciscanos.org.br\/noticias\/wp-content\/uploads\/2021\/11\/posse_2711_1.jpg\",\"width\":1280,\"height\":720},{\"@type\":\"WebPage\",\"@id\":\"https:\/\/franciscanos.org.br\/noticias\/frei-paulo-eu-aceito-ser-provincial.html#webpage\",\"url\":\"https:\/\/franciscanos.org.br\/noticias\/frei-paulo-eu-aceito-ser-provincial.html\",\"name\":\"Frei Paulo: \\\"Eu aceito ser Provincial\\\"\u00a0 - Not\u00edcias - Franciscanos\",\"isPartOf\":{\"@id\":\"https:\/\/franciscanos.org.br\/noticias\/#website\"},\"primaryImageOfPage\":{\"@id\":\"https:\/\/franciscanos.org.br\/noticias\/frei-paulo-eu-aceito-ser-provincial.html#primaryimage\"},\"datePublished\":\"2021-11-27T23:33:17+00:00\",\"dateModified\":\"2021-11-27T23:57:26+00:00\",\"author\":{\"@id\":\"https:\/\/franciscanos.org.br\/noticias\/#\/schema\/person\/b5c8cba458c330ccff548b056e95a5d4\"},\"breadcrumb\":{\"@id\":\"https:\/\/franciscanos.org.br\/noticias\/frei-paulo-eu-aceito-ser-provincial.html#breadcrumb\"},\"inLanguage\":\"pt-BR\",\"potentialAction\":[{\"@type\":\"ReadAction\",\"target\":[\"https:\/\/franciscanos.org.br\/noticias\/frei-paulo-eu-aceito-ser-provincial.html\"]}]},{\"@type\":\"BreadcrumbList\",\"@id\":\"https:\/\/franciscanos.org.br\/noticias\/frei-paulo-eu-aceito-ser-provincial.html#breadcrumb\",\"itemListElement\":[{\"@type\":\"ListItem\",\"position\":1,\"name\":\"Home\",\"item\":\"https:\/\/franciscanos.org.br\/noticias\"},{\"@type\":\"ListItem\",\"position\":2,\"name\":\"Frei Paulo: &#8220;Eu aceito ser Provincial&#8221;\u00a0\"}]},{\"@type\":\"Person\",\"@id\":\"https:\/\/franciscanos.org.br\/noticias\/#\/schema\/person\/b5c8cba458c330ccff548b056e95a5d4\",\"name\":\"moacir\",\"image\":{\"@type\":\"ImageObject\",\"inLanguage\":\"pt-BR\",\"@id\":\"https:\/\/franciscanos.org.br\/noticias\/#\/schema\/person\/image\/\",\"url\":\"https:\/\/secure.gravatar.com\/avatar\/d08aa2ce4c8dd416d4479aa8536fcf64?s=96&d=mm&r=g\",\"contentUrl\":\"https:\/\/secure.gravatar.com\/avatar\/d08aa2ce4c8dd416d4479aa8536fcf64?s=96&d=mm&r=g\",\"caption\":\"moacir\"},\"url\":\"https:\/\/franciscanos.org.br\/noticias\/author\/moacir\"}]}<\/script>\n<!-- \/ Yoast SEO plugin. -->","yoast_head_json":{"title":"Frei Paulo: \"Eu aceito ser Provincial\"\u00a0 - Not\u00edcias - Franciscanos","robots":{"index":"index","follow":"follow","max-snippet":"max-snippet:-1","max-image-preview":"max-image-preview:large","max-video-preview":"max-video-preview:-1"},"canonical":"https:\/\/franciscanos.org.br\/noticias\/frei-paulo-eu-aceito-ser-provincial.html","og_locale":"pt_BR","og_type":"article","og_title":"Frei Paulo: \"Eu aceito ser Provincial\"\u00a0 - Not\u00edcias - Franciscanos","og_description":"Cap\u00edtulo Provincial 2021","og_url":"https:\/\/franciscanos.org.br\/noticias\/frei-paulo-eu-aceito-ser-provincial.html","og_site_name":"Not\u00edcias - Franciscanos","article_published_time":"2021-11-27T23:33:17+00:00","article_modified_time":"2021-11-27T23:57:26+00:00","og_image":[{"width":1280,"height":720,"url":"https:\/\/franciscanos.org.br\/noticias\/wp-content\/uploads\/2021\/11\/posse_2711_1.jpg","type":"image\/jpeg"}],"author":"moacir","twitter_card":"summary_large_image","twitter_misc":{"Escrito por":"moacir","Est. tempo de leitura":"5 minutos"},"schema":{"@context":"https:\/\/schema.org","@graph":[{"@type":"WebSite","@id":"https:\/\/franciscanos.org.br\/noticias\/#website","url":"https:\/\/franciscanos.org.br\/noticias\/","name":"Not\u00edcias - Franciscanos","description":"Prov\u00edncia Franciscana da Imaculada Concei\u00e7\u00e3o do Brasil - Ordem dos Frades Menores - OFM","potentialAction":[{"@type":"SearchAction","target":{"@type":"EntryPoint","urlTemplate":"https:\/\/franciscanos.org.br\/noticias\/?s={search_term_string}"},"query-input":"required name=search_term_string"}],"inLanguage":"pt-BR"},{"@type":"ImageObject","inLanguage":"pt-BR","@id":"https:\/\/franciscanos.org.br\/noticias\/frei-paulo-eu-aceito-ser-provincial.html#primaryimage","url":"https:\/\/franciscanos.org.br\/noticias\/wp-content\/uploads\/2021\/11\/posse_2711_1.jpg","contentUrl":"https:\/\/franciscanos.org.br\/noticias\/wp-content\/uploads\/2021\/11\/posse_2711_1.jpg","width":1280,"height":720},{"@type":"WebPage","@id":"https:\/\/franciscanos.org.br\/noticias\/frei-paulo-eu-aceito-ser-provincial.html#webpage","url":"https:\/\/franciscanos.org.br\/noticias\/frei-paulo-eu-aceito-ser-provincial.html","name":"Frei Paulo: \"Eu aceito ser Provincial\"\u00a0 - Not\u00edcias - Franciscanos","isPartOf":{"@id":"https:\/\/franciscanos.org.br\/noticias\/#website"},"primaryImageOfPage":{"@id":"https:\/\/franciscanos.org.br\/noticias\/frei-paulo-eu-aceito-ser-provincial.html#primaryimage"},"datePublished":"2021-11-27T23:33:17+00:00","dateModified":"2021-11-27T23:57:26+00:00","author":{"@id":"https:\/\/franciscanos.org.br\/noticias\/#\/schema\/person\/b5c8cba458c330ccff548b056e95a5d4"},"breadcrumb":{"@id":"https:\/\/franciscanos.org.br\/noticias\/frei-paulo-eu-aceito-ser-provincial.html#breadcrumb"},"inLanguage":"pt-BR","potentialAction":[{"@type":"ReadAction","target":["https:\/\/franciscanos.org.br\/noticias\/frei-paulo-eu-aceito-ser-provincial.html"]}]},{"@type":"BreadcrumbList","@id":"https:\/\/franciscanos.org.br\/noticias\/frei-paulo-eu-aceito-ser-provincial.html#breadcrumb","itemListElement":[{"@type":"ListItem","position":1,"name":"Home","item":"https:\/\/franciscanos.org.br\/noticias"},{"@type":"ListItem","position":2,"name":"Frei Paulo: &#8220;Eu aceito ser Provincial&#8221;\u00a0"}]},{"@type":"Person","@id":"https:\/\/franciscanos.org.br\/noticias\/#\/schema\/person\/b5c8cba458c330ccff548b056e95a5d4","name":"moacir","image":{"@type":"ImageObject","inLanguage":"pt-BR","@id":"https:\/\/franciscanos.org.br\/noticias\/#\/schema\/person\/image\/","url":"https:\/\/secure.gravatar.com\/avatar\/d08aa2ce4c8dd416d4479aa8536fcf64?s=96&d=mm&r=g","contentUrl":"https:\/\/secure.gravatar.com\/avatar\/d08aa2ce4c8dd416d4479aa8536fcf64?s=96&d=mm&r=g","caption":"moacir"},"url":"https:\/\/franciscanos.org.br\/noticias\/author\/moacir"}]}},"_links":{"self":[{"href":"https:\/\/franciscanos.org.br\/noticias\/wp-json\/wp\/v2\/posts\/235485"}],"collection":[{"href":"https:\/\/franciscanos.org.br\/noticias\/wp-json\/wp\/v2\/posts"}],"about":[{"href":"https:\/\/franciscanos.org.br\/noticias\/wp-json\/wp\/v2\/types\/post"}],"author":[{"embeddable":true,"href":"https:\/\/franciscanos.org.br\/noticias\/wp-json\/wp\/v2\/users\/3"}],"replies":[{"embeddable":true,"href":"https:\/\/franciscanos.org.br\/noticias\/wp-json\/wp\/v2\/comments?post=235485"}],"version-history":[{"count":4,"href":"https:\/\/franciscanos.org.br\/noticias\/wp-json\/wp\/v2\/posts\/235485\/revisions"}],"predecessor-version":[{"id":235497,"href":"https:\/\/franciscanos.org.br\/noticias\/wp-json\/wp\/v2\/posts\/235485\/revisions\/235497"}],"wp:featuredmedia":[{"embeddable":true,"href":"https:\/\/franciscanos.org.br\/noticias\/wp-json\/wp\/v2\/media\/235486"}],"wp:attachment":[{"href":"https:\/\/franciscanos.org.br\/noticias\/wp-json\/wp\/v2\/media?parent=235485"}],"wp:term":[{"taxonomy":"category","embeddable":true,"href":"https:\/\/franciscanos.org.br\/noticias\/wp-json\/wp\/v2\/categories?post=235485"},{"taxonomy":"post_tag","embeddable":true,"href":"https:\/\/franciscanos.org.br\/noticias\/wp-json\/wp\/v2\/tags?post=235485"}],"curies":[{"name":"wp","href":"https:\/\/api.w.org\/{rel}","templated":true}]}}