{"id":235477,"date":"2021-11-27T15:55:09","date_gmt":"2021-11-27T18:55:09","guid":{"rendered":"https:\/\/franciscanos.org.br\/noticias\/?p=235477"},"modified":"2021-11-28T00:16:09","modified_gmt":"2021-11-28T03:16:09","slug":"frei-paulo-pereira-e-eleito-ministro-provincial","status":"publish","type":"post","link":"https:\/\/franciscanos.org.br\/noticias\/frei-paulo-pereira-e-eleito-ministro-provincial.html","title":{"rendered":"Frei Paulo Pereira \u00e9 eleito Ministro Provincial"},"content":{"rendered":"<p><img loading=\"lazy\" class=\"alignnone wp-image-235483 size-full\" src=\"https:\/\/franciscanos.org.br\/noticias\/wp-content\/uploads\/2021\/11\/paulo_nova_2711.jpg\" alt=\"\" width=\"1280\" height=\"720\" srcset=\"https:\/\/franciscanos.org.br\/noticias\/wp-content\/uploads\/2021\/11\/paulo_nova_2711.jpg 1280w, https:\/\/franciscanos.org.br\/noticias\/wp-content\/uploads\/2021\/11\/paulo_nova_2711-450x253.jpg 450w, https:\/\/franciscanos.org.br\/noticias\/wp-content\/uploads\/2021\/11\/paulo_nova_2711-1024x576.jpg 1024w, https:\/\/franciscanos.org.br\/noticias\/wp-content\/uploads\/2021\/11\/paulo_nova_2711-768x432.jpg 768w, https:\/\/franciscanos.org.br\/noticias\/wp-content\/uploads\/2021\/11\/paulo_nova_2711-150x84.jpg 150w\" sizes=\"(max-width: 1280px) 100vw, 1280px\" \/><\/p>\n<p>A Prov\u00edncia Franciscana da Imaculada Concei\u00e7\u00e3o do Brasil, que neste ano completou 346 anos, tem um novo Ministro Provincial. Frei Paulo Pereira, aos 53 anos, foi eleito em segundo escrut\u00ednio, com 56 votos, em sess\u00e3o capitular no Semin\u00e1rio Santo Ant\u00f4nio de Agudos (SP), que come\u00e7ou \u00e0s 15h05 deste s\u00e1bado, 27 de novembro.<\/p>\n<p>Mineiro de Juiz de Fora, Frei Paulo nasceu no dia 18 de dezembro de 1967 e vestiu o h\u00e1bito franciscano no dia 10 de janeiro de 1987. Sua profiss\u00e3o tempor\u00e1ria foi no dia 11 de janeiro de 1988. J\u00e1 a Profiss\u00e3o Solene foi feita na Ordem dos Frades Menores no dia 25 de setembro de 1993. No dia 19 de mar\u00e7o de 1995 foi ordenado presb\u00edtero.<\/p>\n<p>Em 1995 foi transferido para o Semin\u00e1rio Santo Ant\u00f4nio de Agudos como orientador e professor. Voltou para a Baixada Fluminense, onde morou como estudante, para ser guardi\u00e3o e p\u00e1roco da Par\u00f3quia S\u00e3o Francisco em Duque de Caxias. Em 2000 foi eleito Definidor para o tri\u00eanio 2001-2003 e passou a residir no Semin\u00e1rio de Ituporanga, acumulando a fun\u00e7\u00e3o de animador provincial da Pastoral Vocacional.<\/p>\n<p>Em 2002, residiu no Convento das Gra\u00e7as em Guaratinguet\u00e1 ainda como animador vocacional. Em 2003, passou a residir na Fraternidade S\u00e3o Boaventura de Rondinha como mestre dos frades de profiss\u00e3o tempor\u00e1ria no tempo de Filosofia. Em 2003, foi reeleito Definidor para o tri\u00eanio 2004-2006, passando a residir na Fraternidade do Navio, em Lages, como animador vocacional e presidente da Funda\u00e7\u00e3o Frei Rog\u00e9rio de Curitibanos. Em 2004, como orientador, voltou ao Semin\u00e1rio Santo Ant\u00f4nio de Agudos, acumulando a fun\u00e7\u00e3o de animador vocacional e vig\u00e1rio da casa.<\/p>\n<p>No Cap\u00edtulo Provincial de 2009 foi transferido para a Fraternidade do Divino Esp\u00edrito Santo de Vila Velha (ES), acumulando as fun\u00e7\u00f5es de guardi\u00e3o, p\u00e1roco e vice-secret\u00e1rio da Evangeliza\u00e7\u00e3o. Em 2016, reeleito Definidor para o tri\u00eanio 2016-2018, passou a residir no Convento da Penha como reitor do Santu\u00e1rio. Foi reeleito mais uma vez Definidor em 2018, desta vez para o tri\u00eanio 2019-2021, sendo reconfirmado como guardi\u00e3o da Fraternidade do Convento da Penha.<\/p>\n<hr \/>\n<p><strong>Equipe de Comunica\u00e7\u00e3o do Cap\u00edtulo:<\/strong>\u00a0<em>Frei Augusto Gabriel, Frei Clauzemir Makximovitz, Frei Gabriel Dellandrea, Frei Alan Leal de Mattos e Moacir Beggo.<\/em><\/p>\n","protected":false},"excerpt":{"rendered":"<p>Cap\u00edtulo Provincial 2021<\/p>\n","protected":false},"author":3,"featured_media":0,"comment_status":"open","ping_status":"open","sticky":false,"template":"","format":"standard","meta":[],"categories":[1],"tags":[1943],"acf":[],"yoast_head":"<!-- This site is optimized with the Yoast SEO plugin v19.2 - https:\/\/yoast.com\/wordpress\/plugins\/seo\/ -->\n<title>Frei Paulo Pereira \u00e9 eleito Ministro Provincial - Not\u00edcias - Franciscanos<\/title>\n<meta name=\"robots\" content=\"index, follow, max-snippet:-1, max-image-preview:large, max-video-preview:-1\" \/>\n<link rel=\"canonical\" href=\"https:\/\/franciscanos.org.br\/noticias\/frei-paulo-pereira-e-eleito-ministro-provincial.html\" \/>\n<meta property=\"og:locale\" content=\"pt_BR\" \/>\n<meta property=\"og:type\" content=\"article\" \/>\n<meta property=\"og:title\" content=\"Frei Paulo Pereira \u00e9 eleito Ministro Provincial - Not\u00edcias - Franciscanos\" \/>\n<meta property=\"og:description\" content=\"Cap\u00edtulo Provincial 2021\" \/>\n<meta property=\"og:url\" content=\"https:\/\/franciscanos.org.br\/noticias\/frei-paulo-pereira-e-eleito-ministro-provincial.html\" \/>\n<meta property=\"og:site_name\" content=\"Not\u00edcias - Franciscanos\" \/>\n<meta property=\"article:published_time\" content=\"2021-11-27T18:55:09+00:00\" \/>\n<meta property=\"article:modified_time\" content=\"2021-11-28T03:16:09+00:00\" \/>\n<meta property=\"og:image\" content=\"https:\/\/franciscanos.org.br\/noticias\/wp-content\/uploads\/2021\/11\/paulo_nova_2711.jpg\" \/>\n<meta name=\"author\" content=\"moacir\" \/>\n<meta name=\"twitter:card\" content=\"summary_large_image\" \/>\n<meta name=\"twitter:label1\" content=\"Escrito por\" \/>\n\t<meta name=\"twitter:data1\" content=\"moacir\" \/>\n\t<meta name=\"twitter:label2\" content=\"Est. tempo de leitura\" \/>\n\t<meta name=\"twitter:data2\" content=\"2 minutos\" \/>\n<script type=\"application\/ld+json\" class=\"yoast-schema-graph\">{\"@context\":\"https:\/\/schema.org\",\"@graph\":[{\"@type\":\"WebSite\",\"@id\":\"https:\/\/franciscanos.org.br\/noticias\/#website\",\"url\":\"https:\/\/franciscanos.org.br\/noticias\/\",\"name\":\"Not\u00edcias - Franciscanos\",\"description\":\"Prov\u00edncia Franciscana da Imaculada Concei\u00e7\u00e3o do Brasil - Ordem dos Frades Menores - OFM\",\"potentialAction\":[{\"@type\":\"SearchAction\",\"target\":{\"@type\":\"EntryPoint\",\"urlTemplate\":\"https:\/\/franciscanos.org.br\/noticias\/?s={search_term_string}\"},\"query-input\":\"required name=search_term_string\"}],\"inLanguage\":\"pt-BR\"},{\"@type\":\"ImageObject\",\"inLanguage\":\"pt-BR\",\"@id\":\"https:\/\/franciscanos.org.br\/noticias\/frei-paulo-pereira-e-eleito-ministro-provincial.html#primaryimage\",\"url\":\"https:\/\/franciscanos.org.br\/noticias\/wp-content\/uploads\/2021\/11\/paulo_nova_2711.jpg\",\"contentUrl\":\"https:\/\/franciscanos.org.br\/noticias\/wp-content\/uploads\/2021\/11\/paulo_nova_2711.jpg\",\"width\":1280,\"height\":720},{\"@type\":\"WebPage\",\"@id\":\"https:\/\/franciscanos.org.br\/noticias\/frei-paulo-pereira-e-eleito-ministro-provincial.html#webpage\",\"url\":\"https:\/\/franciscanos.org.br\/noticias\/frei-paulo-pereira-e-eleito-ministro-provincial.html\",\"name\":\"Frei Paulo Pereira \u00e9 eleito Ministro Provincial - Not\u00edcias - Franciscanos\",\"isPartOf\":{\"@id\":\"https:\/\/franciscanos.org.br\/noticias\/#website\"},\"primaryImageOfPage\":{\"@id\":\"https:\/\/franciscanos.org.br\/noticias\/frei-paulo-pereira-e-eleito-ministro-provincial.html#primaryimage\"},\"datePublished\":\"2021-11-27T18:55:09+00:00\",\"dateModified\":\"2021-11-28T03:16:09+00:00\",\"author\":{\"@id\":\"https:\/\/franciscanos.org.br\/noticias\/#\/schema\/person\/b5c8cba458c330ccff548b056e95a5d4\"},\"breadcrumb\":{\"@id\":\"https:\/\/franciscanos.org.br\/noticias\/frei-paulo-pereira-e-eleito-ministro-provincial.html#breadcrumb\"},\"inLanguage\":\"pt-BR\",\"potentialAction\":[{\"@type\":\"ReadAction\",\"target\":[\"https:\/\/franciscanos.org.br\/noticias\/frei-paulo-pereira-e-eleito-ministro-provincial.html\"]}]},{\"@type\":\"BreadcrumbList\",\"@id\":\"https:\/\/franciscanos.org.br\/noticias\/frei-paulo-pereira-e-eleito-ministro-provincial.html#breadcrumb\",\"itemListElement\":[{\"@type\":\"ListItem\",\"position\":1,\"name\":\"Home\",\"item\":\"https:\/\/franciscanos.org.br\/noticias\"},{\"@type\":\"ListItem\",\"position\":2,\"name\":\"Frei Paulo Pereira \u00e9 eleito Ministro Provincial\"}]},{\"@type\":\"Person\",\"@id\":\"https:\/\/franciscanos.org.br\/noticias\/#\/schema\/person\/b5c8cba458c330ccff548b056e95a5d4\",\"name\":\"moacir\",\"image\":{\"@type\":\"ImageObject\",\"inLanguage\":\"pt-BR\",\"@id\":\"https:\/\/franciscanos.org.br\/noticias\/#\/schema\/person\/image\/\",\"url\":\"https:\/\/secure.gravatar.com\/avatar\/d08aa2ce4c8dd416d4479aa8536fcf64?s=96&d=mm&r=g\",\"contentUrl\":\"https:\/\/secure.gravatar.com\/avatar\/d08aa2ce4c8dd416d4479aa8536fcf64?s=96&d=mm&r=g\",\"caption\":\"moacir\"},\"url\":\"https:\/\/franciscanos.org.br\/noticias\/author\/moacir\"}]}<\/script>\n<!-- \/ Yoast SEO plugin. -->","yoast_head_json":{"title":"Frei Paulo Pereira \u00e9 eleito Ministro Provincial - Not\u00edcias - Franciscanos","robots":{"index":"index","follow":"follow","max-snippet":"max-snippet:-1","max-image-preview":"max-image-preview:large","max-video-preview":"max-video-preview:-1"},"canonical":"https:\/\/franciscanos.org.br\/noticias\/frei-paulo-pereira-e-eleito-ministro-provincial.html","og_locale":"pt_BR","og_type":"article","og_title":"Frei Paulo Pereira \u00e9 eleito Ministro Provincial - Not\u00edcias - Franciscanos","og_description":"Cap\u00edtulo Provincial 2021","og_url":"https:\/\/franciscanos.org.br\/noticias\/frei-paulo-pereira-e-eleito-ministro-provincial.html","og_site_name":"Not\u00edcias - Franciscanos","article_published_time":"2021-11-27T18:55:09+00:00","article_modified_time":"2021-11-28T03:16:09+00:00","og_image":[{"url":"https:\/\/franciscanos.org.br\/noticias\/wp-content\/uploads\/2021\/11\/paulo_nova_2711.jpg"}],"author":"moacir","twitter_card":"summary_large_image","twitter_misc":{"Escrito por":"moacir","Est. tempo de leitura":"2 minutos"},"schema":{"@context":"https:\/\/schema.org","@graph":[{"@type":"WebSite","@id":"https:\/\/franciscanos.org.br\/noticias\/#website","url":"https:\/\/franciscanos.org.br\/noticias\/","name":"Not\u00edcias - Franciscanos","description":"Prov\u00edncia Franciscana da Imaculada Concei\u00e7\u00e3o do Brasil - Ordem dos Frades Menores - OFM","potentialAction":[{"@type":"SearchAction","target":{"@type":"EntryPoint","urlTemplate":"https:\/\/franciscanos.org.br\/noticias\/?s={search_term_string}"},"query-input":"required name=search_term_string"}],"inLanguage":"pt-BR"},{"@type":"ImageObject","inLanguage":"pt-BR","@id":"https:\/\/franciscanos.org.br\/noticias\/frei-paulo-pereira-e-eleito-ministro-provincial.html#primaryimage","url":"https:\/\/franciscanos.org.br\/noticias\/wp-content\/uploads\/2021\/11\/paulo_nova_2711.jpg","contentUrl":"https:\/\/franciscanos.org.br\/noticias\/wp-content\/uploads\/2021\/11\/paulo_nova_2711.jpg","width":1280,"height":720},{"@type":"WebPage","@id":"https:\/\/franciscanos.org.br\/noticias\/frei-paulo-pereira-e-eleito-ministro-provincial.html#webpage","url":"https:\/\/franciscanos.org.br\/noticias\/frei-paulo-pereira-e-eleito-ministro-provincial.html","name":"Frei Paulo Pereira \u00e9 eleito Ministro Provincial - Not\u00edcias - Franciscanos","isPartOf":{"@id":"https:\/\/franciscanos.org.br\/noticias\/#website"},"primaryImageOfPage":{"@id":"https:\/\/franciscanos.org.br\/noticias\/frei-paulo-pereira-e-eleito-ministro-provincial.html#primaryimage"},"datePublished":"2021-11-27T18:55:09+00:00","dateModified":"2021-11-28T03:16:09+00:00","author":{"@id":"https:\/\/franciscanos.org.br\/noticias\/#\/schema\/person\/b5c8cba458c330ccff548b056e95a5d4"},"breadcrumb":{"@id":"https:\/\/franciscanos.org.br\/noticias\/frei-paulo-pereira-e-eleito-ministro-provincial.html#breadcrumb"},"inLanguage":"pt-BR","potentialAction":[{"@type":"ReadAction","target":["https:\/\/franciscanos.org.br\/noticias\/frei-paulo-pereira-e-eleito-ministro-provincial.html"]}]},{"@type":"BreadcrumbList","@id":"https:\/\/franciscanos.org.br\/noticias\/frei-paulo-pereira-e-eleito-ministro-provincial.html#breadcrumb","itemListElement":[{"@type":"ListItem","position":1,"name":"Home","item":"https:\/\/franciscanos.org.br\/noticias"},{"@type":"ListItem","position":2,"name":"Frei Paulo Pereira \u00e9 eleito Ministro Provincial"}]},{"@type":"Person","@id":"https:\/\/franciscanos.org.br\/noticias\/#\/schema\/person\/b5c8cba458c330ccff548b056e95a5d4","name":"moacir","image":{"@type":"ImageObject","inLanguage":"pt-BR","@id":"https:\/\/franciscanos.org.br\/noticias\/#\/schema\/person\/image\/","url":"https:\/\/secure.gravatar.com\/avatar\/d08aa2ce4c8dd416d4479aa8536fcf64?s=96&d=mm&r=g","contentUrl":"https:\/\/secure.gravatar.com\/avatar\/d08aa2ce4c8dd416d4479aa8536fcf64?s=96&d=mm&r=g","caption":"moacir"},"url":"https:\/\/franciscanos.org.br\/noticias\/author\/moacir"}]}},"_links":{"self":[{"href":"https:\/\/franciscanos.org.br\/noticias\/wp-json\/wp\/v2\/posts\/235477"}],"collection":[{"href":"https:\/\/franciscanos.org.br\/noticias\/wp-json\/wp\/v2\/posts"}],"about":[{"href":"https:\/\/franciscanos.org.br\/noticias\/wp-json\/wp\/v2\/types\/post"}],"author":[{"embeddable":true,"href":"https:\/\/franciscanos.org.br\/noticias\/wp-json\/wp\/v2\/users\/3"}],"replies":[{"embeddable":true,"href":"https:\/\/franciscanos.org.br\/noticias\/wp-json\/wp\/v2\/comments?post=235477"}],"version-history":[{"count":6,"href":"https:\/\/franciscanos.org.br\/noticias\/wp-json\/wp\/v2\/posts\/235477\/revisions"}],"predecessor-version":[{"id":235499,"href":"https:\/\/franciscanos.org.br\/noticias\/wp-json\/wp\/v2\/posts\/235477\/revisions\/235499"}],"wp:attachment":[{"href":"https:\/\/franciscanos.org.br\/noticias\/wp-json\/wp\/v2\/media?parent=235477"}],"wp:term":[{"taxonomy":"category","embeddable":true,"href":"https:\/\/franciscanos.org.br\/noticias\/wp-json\/wp\/v2\/categories?post=235477"},{"taxonomy":"post_tag","embeddable":true,"href":"https:\/\/franciscanos.org.br\/noticias\/wp-json\/wp\/v2\/tags?post=235477"}],"curies":[{"name":"wp","href":"https:\/\/api.w.org\/{rel}","templated":true}]}}