{"id":235471,"date":"2021-11-27T11:54:24","date_gmt":"2021-11-27T14:54:24","guid":{"rendered":"https:\/\/franciscanos.org.br\/noticias\/?p=235471"},"modified":"2021-11-27T11:54:24","modified_gmt":"2021-11-27T14:54:24","slug":"relatorio-ao-capitulo-chega-a-parte-final-nesta-manha","status":"publish","type":"post","link":"https:\/\/franciscanos.org.br\/noticias\/relatorio-ao-capitulo-chega-a-parte-final-nesta-manha.html","title":{"rendered":"Relat\u00f3rio ao Cap\u00edtulo chega \u00e0 parte final nesta manh\u00e3"},"content":{"rendered":"<p><img loading=\"lazy\" class=\"alignnone wp-image-235472 size-full\" src=\"https:\/\/franciscanos.org.br\/noticias\/wp-content\/uploads\/2021\/11\/plenario_2711.jpg\" alt=\"\" width=\"1280\" height=\"720\" srcset=\"https:\/\/franciscanos.org.br\/noticias\/wp-content\/uploads\/2021\/11\/plenario_2711.jpg 1280w, https:\/\/franciscanos.org.br\/noticias\/wp-content\/uploads\/2021\/11\/plenario_2711-450x253.jpg 450w, https:\/\/franciscanos.org.br\/noticias\/wp-content\/uploads\/2021\/11\/plenario_2711-1024x576.jpg 1024w, https:\/\/franciscanos.org.br\/noticias\/wp-content\/uploads\/2021\/11\/plenario_2711-768x432.jpg 768w, https:\/\/franciscanos.org.br\/noticias\/wp-content\/uploads\/2021\/11\/plenario_2711-150x84.jpg 150w\" sizes=\"(max-width: 1280px) 100vw, 1280px\" \/><\/p>\n<p>Agudos (SP) &#8211; Senhor, quem sois V\u00f3s e quem sou eu? V\u00f3s o Alt\u00edssimo Senhor do c\u00e9u e da terra; e eu, um miser\u00e1vel vermezinho, seu \u00ednfimo servo&#8230; assim come\u00e7ava a ora\u00e7\u00e3o antes do plen\u00e1rio na manh\u00e3 deste s\u00e1bado, 27 de novembro. Ap\u00f3s discuss\u00e3o em grupos, iluminada pela parte final do Relat\u00f3rio ao Cap\u00edtulo, que fora apresentada no dia anterior, os frades voltaram \u00e0 sala capitular para colocar em comum as reflex\u00f5es e aprofundar as demandas.<\/p>\n<p>Dimens\u00f5es transversais ao carisma franciscano, os trabalhos em prol do JPIC \u2013 Justi\u00e7a, Paz e Integridade da Cria\u00e7\u00e3o, e o modo de ser em Sinodalidade, foram os pontos iniciais dessa parte do instrumento de trabalho (o pr\u00f3prio relat\u00f3rio).<\/p>\n<p>Partindo dessas inspira\u00e7\u00f5es, o relat\u00f3rio apresentou For\u00e7as, Oportunidades, Fraquezas e Amea\u00e7as de cada uma das cinco frentes de Evangeliza\u00e7\u00e3o da Prov\u00edncia: Educa\u00e7\u00e3o; Comunica\u00e7\u00e3o; Par\u00f3quias, santu\u00e1rios e casas de acolhimento; Solidariedade com os empobrecidos; Miss\u00f5es.<\/p>\n<p>A partilha em plen\u00e1rio ressaltou as grandes conquistas nesse tri\u00eanio, marcadamente as iniciativas em tempo de pandemia, as grandes fragilidades que temos em todos os servi\u00e7os, e, ao mesmo tempo, o reconhecimento do esfor\u00e7o em servirmos cada vez melhor ao Reino de Deus nos trabalhos que assumimos.<\/p>\n<p>Ap\u00f3s a apresenta\u00e7\u00e3o e discuss\u00e3o do relat\u00f3rio, temos uma vis\u00e3o mais realista de nossa Fraternidade Provincial. Iluminados pelo di\u00e1logo e partilha h\u00e1 mais consci\u00eancia dos valores de nossa voca\u00e7\u00e3o, de nossas responsabilidades e desafios. Com uma consci\u00eancia mais clara podemos reassumir diariamente nossa voca\u00e7\u00e3o.<\/p>\n<p>Neste s\u00e1bado, a parte da tarde est\u00e1 reservada para elei\u00e7\u00e3o e posse do novo Ministro Provincial.<\/p>\n<hr \/>\n<p><strong>Equipe de Comunica\u00e7\u00e3o do Cap\u00edtulo:<\/strong>\u00a0<em>Frei Augusto Gabriel, Frei Clauzemir Makximovitz, Frei Gabriel Dellandrea, Frei Alan Leal de Mattos e Moacir Beggo.<\/em><\/p>\n","protected":false},"excerpt":{"rendered":"<p>Cap\u00edtulo Provincial 2021<\/p>\n","protected":false},"author":3,"featured_media":235472,"comment_status":"open","ping_status":"open","sticky":false,"template":"","format":"standard","meta":[],"categories":[1],"tags":[1943],"acf":[],"yoast_head":"<!-- This site is optimized with the Yoast SEO plugin v19.2 - https:\/\/yoast.com\/wordpress\/plugins\/seo\/ -->\n<title>Relat\u00f3rio ao Cap\u00edtulo chega \u00e0 parte final nesta manh\u00e3 - Not\u00edcias - Franciscanos<\/title>\n<meta name=\"robots\" content=\"index, follow, max-snippet:-1, max-image-preview:large, max-video-preview:-1\" \/>\n<link rel=\"canonical\" href=\"https:\/\/franciscanos.org.br\/noticias\/relatorio-ao-capitulo-chega-a-parte-final-nesta-manha.html\" \/>\n<meta property=\"og:locale\" content=\"pt_BR\" \/>\n<meta property=\"og:type\" content=\"article\" \/>\n<meta property=\"og:title\" content=\"Relat\u00f3rio ao Cap\u00edtulo chega \u00e0 parte final nesta manh\u00e3 - Not\u00edcias - Franciscanos\" \/>\n<meta property=\"og:description\" content=\"Cap\u00edtulo Provincial 2021\" \/>\n<meta property=\"og:url\" content=\"https:\/\/franciscanos.org.br\/noticias\/relatorio-ao-capitulo-chega-a-parte-final-nesta-manha.html\" \/>\n<meta property=\"og:site_name\" content=\"Not\u00edcias - Franciscanos\" \/>\n<meta property=\"article:published_time\" content=\"2021-11-27T14:54:24+00:00\" \/>\n<meta property=\"og:image\" content=\"https:\/\/franciscanos.org.br\/noticias\/wp-content\/uploads\/2021\/11\/plenario_2711.jpg\" \/>\n\t<meta property=\"og:image:width\" content=\"1280\" \/>\n\t<meta property=\"og:image:height\" content=\"720\" \/>\n\t<meta property=\"og:image:type\" content=\"image\/jpeg\" \/>\n<meta name=\"author\" content=\"moacir\" \/>\n<meta name=\"twitter:card\" content=\"summary_large_image\" \/>\n<meta name=\"twitter:label1\" content=\"Escrito por\" \/>\n\t<meta name=\"twitter:data1\" content=\"moacir\" \/>\n\t<meta name=\"twitter:label2\" content=\"Est. tempo de leitura\" \/>\n\t<meta name=\"twitter:data2\" content=\"2 minutos\" \/>\n<script type=\"application\/ld+json\" class=\"yoast-schema-graph\">{\"@context\":\"https:\/\/schema.org\",\"@graph\":[{\"@type\":\"WebSite\",\"@id\":\"https:\/\/franciscanos.org.br\/noticias\/#website\",\"url\":\"https:\/\/franciscanos.org.br\/noticias\/\",\"name\":\"Not\u00edcias - Franciscanos\",\"description\":\"Prov\u00edncia Franciscana da Imaculada Concei\u00e7\u00e3o do Brasil - Ordem dos Frades Menores - OFM\",\"potentialAction\":[{\"@type\":\"SearchAction\",\"target\":{\"@type\":\"EntryPoint\",\"urlTemplate\":\"https:\/\/franciscanos.org.br\/noticias\/?s={search_term_string}\"},\"query-input\":\"required name=search_term_string\"}],\"inLanguage\":\"pt-BR\"},{\"@type\":\"ImageObject\",\"inLanguage\":\"pt-BR\",\"@id\":\"https:\/\/franciscanos.org.br\/noticias\/relatorio-ao-capitulo-chega-a-parte-final-nesta-manha.html#primaryimage\",\"url\":\"https:\/\/franciscanos.org.br\/noticias\/wp-content\/uploads\/2021\/11\/plenario_2711.jpg\",\"contentUrl\":\"https:\/\/franciscanos.org.br\/noticias\/wp-content\/uploads\/2021\/11\/plenario_2711.jpg\",\"width\":1280,\"height\":720},{\"@type\":\"WebPage\",\"@id\":\"https:\/\/franciscanos.org.br\/noticias\/relatorio-ao-capitulo-chega-a-parte-final-nesta-manha.html#webpage\",\"url\":\"https:\/\/franciscanos.org.br\/noticias\/relatorio-ao-capitulo-chega-a-parte-final-nesta-manha.html\",\"name\":\"Relat\u00f3rio ao Cap\u00edtulo chega \u00e0 parte final nesta manh\u00e3 - Not\u00edcias - Franciscanos\",\"isPartOf\":{\"@id\":\"https:\/\/franciscanos.org.br\/noticias\/#website\"},\"primaryImageOfPage\":{\"@id\":\"https:\/\/franciscanos.org.br\/noticias\/relatorio-ao-capitulo-chega-a-parte-final-nesta-manha.html#primaryimage\"},\"datePublished\":\"2021-11-27T14:54:24+00:00\",\"dateModified\":\"2021-11-27T14:54:24+00:00\",\"author\":{\"@id\":\"https:\/\/franciscanos.org.br\/noticias\/#\/schema\/person\/b5c8cba458c330ccff548b056e95a5d4\"},\"breadcrumb\":{\"@id\":\"https:\/\/franciscanos.org.br\/noticias\/relatorio-ao-capitulo-chega-a-parte-final-nesta-manha.html#breadcrumb\"},\"inLanguage\":\"pt-BR\",\"potentialAction\":[{\"@type\":\"ReadAction\",\"target\":[\"https:\/\/franciscanos.org.br\/noticias\/relatorio-ao-capitulo-chega-a-parte-final-nesta-manha.html\"]}]},{\"@type\":\"BreadcrumbList\",\"@id\":\"https:\/\/franciscanos.org.br\/noticias\/relatorio-ao-capitulo-chega-a-parte-final-nesta-manha.html#breadcrumb\",\"itemListElement\":[{\"@type\":\"ListItem\",\"position\":1,\"name\":\"Home\",\"item\":\"https:\/\/franciscanos.org.br\/noticias\"},{\"@type\":\"ListItem\",\"position\":2,\"name\":\"Relat\u00f3rio ao Cap\u00edtulo chega \u00e0 parte final nesta manh\u00e3\"}]},{\"@type\":\"Person\",\"@id\":\"https:\/\/franciscanos.org.br\/noticias\/#\/schema\/person\/b5c8cba458c330ccff548b056e95a5d4\",\"name\":\"moacir\",\"image\":{\"@type\":\"ImageObject\",\"inLanguage\":\"pt-BR\",\"@id\":\"https:\/\/franciscanos.org.br\/noticias\/#\/schema\/person\/image\/\",\"url\":\"https:\/\/secure.gravatar.com\/avatar\/d08aa2ce4c8dd416d4479aa8536fcf64?s=96&d=mm&r=g\",\"contentUrl\":\"https:\/\/secure.gravatar.com\/avatar\/d08aa2ce4c8dd416d4479aa8536fcf64?s=96&d=mm&r=g\",\"caption\":\"moacir\"},\"url\":\"https:\/\/franciscanos.org.br\/noticias\/author\/moacir\"}]}<\/script>\n<!-- \/ Yoast SEO plugin. -->","yoast_head_json":{"title":"Relat\u00f3rio ao Cap\u00edtulo chega \u00e0 parte final nesta manh\u00e3 - Not\u00edcias - Franciscanos","robots":{"index":"index","follow":"follow","max-snippet":"max-snippet:-1","max-image-preview":"max-image-preview:large","max-video-preview":"max-video-preview:-1"},"canonical":"https:\/\/franciscanos.org.br\/noticias\/relatorio-ao-capitulo-chega-a-parte-final-nesta-manha.html","og_locale":"pt_BR","og_type":"article","og_title":"Relat\u00f3rio ao Cap\u00edtulo chega \u00e0 parte final nesta manh\u00e3 - Not\u00edcias - Franciscanos","og_description":"Cap\u00edtulo Provincial 2021","og_url":"https:\/\/franciscanos.org.br\/noticias\/relatorio-ao-capitulo-chega-a-parte-final-nesta-manha.html","og_site_name":"Not\u00edcias - Franciscanos","article_published_time":"2021-11-27T14:54:24+00:00","og_image":[{"width":1280,"height":720,"url":"https:\/\/franciscanos.org.br\/noticias\/wp-content\/uploads\/2021\/11\/plenario_2711.jpg","type":"image\/jpeg"}],"author":"moacir","twitter_card":"summary_large_image","twitter_misc":{"Escrito por":"moacir","Est. tempo de leitura":"2 minutos"},"schema":{"@context":"https:\/\/schema.org","@graph":[{"@type":"WebSite","@id":"https:\/\/franciscanos.org.br\/noticias\/#website","url":"https:\/\/franciscanos.org.br\/noticias\/","name":"Not\u00edcias - Franciscanos","description":"Prov\u00edncia Franciscana da Imaculada Concei\u00e7\u00e3o do Brasil - Ordem dos Frades Menores - OFM","potentialAction":[{"@type":"SearchAction","target":{"@type":"EntryPoint","urlTemplate":"https:\/\/franciscanos.org.br\/noticias\/?s={search_term_string}"},"query-input":"required name=search_term_string"}],"inLanguage":"pt-BR"},{"@type":"ImageObject","inLanguage":"pt-BR","@id":"https:\/\/franciscanos.org.br\/noticias\/relatorio-ao-capitulo-chega-a-parte-final-nesta-manha.html#primaryimage","url":"https:\/\/franciscanos.org.br\/noticias\/wp-content\/uploads\/2021\/11\/plenario_2711.jpg","contentUrl":"https:\/\/franciscanos.org.br\/noticias\/wp-content\/uploads\/2021\/11\/plenario_2711.jpg","width":1280,"height":720},{"@type":"WebPage","@id":"https:\/\/franciscanos.org.br\/noticias\/relatorio-ao-capitulo-chega-a-parte-final-nesta-manha.html#webpage","url":"https:\/\/franciscanos.org.br\/noticias\/relatorio-ao-capitulo-chega-a-parte-final-nesta-manha.html","name":"Relat\u00f3rio ao Cap\u00edtulo chega \u00e0 parte final nesta manh\u00e3 - Not\u00edcias - Franciscanos","isPartOf":{"@id":"https:\/\/franciscanos.org.br\/noticias\/#website"},"primaryImageOfPage":{"@id":"https:\/\/franciscanos.org.br\/noticias\/relatorio-ao-capitulo-chega-a-parte-final-nesta-manha.html#primaryimage"},"datePublished":"2021-11-27T14:54:24+00:00","dateModified":"2021-11-27T14:54:24+00:00","author":{"@id":"https:\/\/franciscanos.org.br\/noticias\/#\/schema\/person\/b5c8cba458c330ccff548b056e95a5d4"},"breadcrumb":{"@id":"https:\/\/franciscanos.org.br\/noticias\/relatorio-ao-capitulo-chega-a-parte-final-nesta-manha.html#breadcrumb"},"inLanguage":"pt-BR","potentialAction":[{"@type":"ReadAction","target":["https:\/\/franciscanos.org.br\/noticias\/relatorio-ao-capitulo-chega-a-parte-final-nesta-manha.html"]}]},{"@type":"BreadcrumbList","@id":"https:\/\/franciscanos.org.br\/noticias\/relatorio-ao-capitulo-chega-a-parte-final-nesta-manha.html#breadcrumb","itemListElement":[{"@type":"ListItem","position":1,"name":"Home","item":"https:\/\/franciscanos.org.br\/noticias"},{"@type":"ListItem","position":2,"name":"Relat\u00f3rio ao Cap\u00edtulo chega \u00e0 parte final nesta manh\u00e3"}]},{"@type":"Person","@id":"https:\/\/franciscanos.org.br\/noticias\/#\/schema\/person\/b5c8cba458c330ccff548b056e95a5d4","name":"moacir","image":{"@type":"ImageObject","inLanguage":"pt-BR","@id":"https:\/\/franciscanos.org.br\/noticias\/#\/schema\/person\/image\/","url":"https:\/\/secure.gravatar.com\/avatar\/d08aa2ce4c8dd416d4479aa8536fcf64?s=96&d=mm&r=g","contentUrl":"https:\/\/secure.gravatar.com\/avatar\/d08aa2ce4c8dd416d4479aa8536fcf64?s=96&d=mm&r=g","caption":"moacir"},"url":"https:\/\/franciscanos.org.br\/noticias\/author\/moacir"}]}},"_links":{"self":[{"href":"https:\/\/franciscanos.org.br\/noticias\/wp-json\/wp\/v2\/posts\/235471"}],"collection":[{"href":"https:\/\/franciscanos.org.br\/noticias\/wp-json\/wp\/v2\/posts"}],"about":[{"href":"https:\/\/franciscanos.org.br\/noticias\/wp-json\/wp\/v2\/types\/post"}],"author":[{"embeddable":true,"href":"https:\/\/franciscanos.org.br\/noticias\/wp-json\/wp\/v2\/users\/3"}],"replies":[{"embeddable":true,"href":"https:\/\/franciscanos.org.br\/noticias\/wp-json\/wp\/v2\/comments?post=235471"}],"version-history":[{"count":1,"href":"https:\/\/franciscanos.org.br\/noticias\/wp-json\/wp\/v2\/posts\/235471\/revisions"}],"predecessor-version":[{"id":235473,"href":"https:\/\/franciscanos.org.br\/noticias\/wp-json\/wp\/v2\/posts\/235471\/revisions\/235473"}],"wp:featuredmedia":[{"embeddable":true,"href":"https:\/\/franciscanos.org.br\/noticias\/wp-json\/wp\/v2\/media\/235472"}],"wp:attachment":[{"href":"https:\/\/franciscanos.org.br\/noticias\/wp-json\/wp\/v2\/media?parent=235471"}],"wp:term":[{"taxonomy":"category","embeddable":true,"href":"https:\/\/franciscanos.org.br\/noticias\/wp-json\/wp\/v2\/categories?post=235471"},{"taxonomy":"post_tag","embeddable":true,"href":"https:\/\/franciscanos.org.br\/noticias\/wp-json\/wp\/v2\/tags?post=235471"}],"curies":[{"name":"wp","href":"https:\/\/api.w.org\/{rel}","templated":true}]}}