{"id":235440,"date":"2021-11-26T18:26:15","date_gmt":"2021-11-26T21:26:15","guid":{"rendered":"https:\/\/franciscanos.org.br\/noticias\/?p=235440"},"modified":"2021-11-26T18:37:13","modified_gmt":"2021-11-26T21:37:13","slug":"ovo-ministro-provincial-sera-eleito-as-14h30-deste-sabado","status":"publish","type":"post","link":"https:\/\/franciscanos.org.br\/noticias\/ovo-ministro-provincial-sera-eleito-as-14h30-deste-sabado.html","title":{"rendered":"Novo Ministro Provincial ser\u00e1 eleito \u00e0s 14h30 deste s\u00e1bado"},"content":{"rendered":"<p>&nbsp;<\/p>\n<p><img loading=\"lazy\" class=\"alignnone wp-image-235444 size-full\" src=\"https:\/\/franciscanos.org.br\/noticias\/wp-content\/uploads\/2021\/11\/provinciais_2021-1.jpg\" alt=\"\" width=\"1920\" height=\"1080\" srcset=\"https:\/\/franciscanos.org.br\/noticias\/wp-content\/uploads\/2021\/11\/provinciais_2021-1.jpg 1920w, https:\/\/franciscanos.org.br\/noticias\/wp-content\/uploads\/2021\/11\/provinciais_2021-1-450x253.jpg 450w, https:\/\/franciscanos.org.br\/noticias\/wp-content\/uploads\/2021\/11\/provinciais_2021-1-1024x576.jpg 1024w, https:\/\/franciscanos.org.br\/noticias\/wp-content\/uploads\/2021\/11\/provinciais_2021-1-768x432.jpg 768w, https:\/\/franciscanos.org.br\/noticias\/wp-content\/uploads\/2021\/11\/provinciais_2021-1-1536x864.jpg 1536w, https:\/\/franciscanos.org.br\/noticias\/wp-content\/uploads\/2021\/11\/provinciais_2021-1-150x84.jpg 150w\" sizes=\"(max-width: 1920px) 100vw, 1920px\" \/><\/p>\n<p><strong>Agudos (SP)<\/strong> \u2013 O Cap\u00edtulo Provincial, que est\u00e1 em andamento no Semin\u00e1rio Santo Ant\u00f4nio, em Agudos (SP), tamb\u00e9m \u00e9 eletivo. Ele vai definir o Ministro Provincial e o Vig\u00e1rio Provincial para o pr\u00f3ximo sex\u00eanio (2022-2028). Tamb\u00e9m ir\u00e1 eleger os seis novos Definidores para o tri\u00eanio de 2022-2024. <strong>Em tempo real, vamos informar o andamento das elei\u00e7\u00f5es atrav\u00e9s do site: <a href=\"https:\/\/franciscanos.org.br\/\">www.franciscanos.org.br<\/a><\/strong><\/p>\n<p>A elei\u00e7\u00e3o do Ministro Provincial est\u00e1 marcada para este s\u00e1bado, dia 27 de novembro, \u00e0s 14h30. J\u00e1 a elei\u00e7\u00e3o dos Definidores e Vig\u00e1rio Provincial ser\u00e1 realizada na segunda-feira, 29 de novembro, a partir das 14h30. O Ministro Provincial ser\u00e1 empossado logo depois da elei\u00e7\u00e3o. Os novos Definidores e o Vig\u00e1rio ser\u00e3o empossados na Missa de encerramento do Cap\u00edtulo, no dia 30 de novembro, \u00e0s 18h30.<\/p>\n<p><strong>COMO SER\u00c1 A VOTA\u00c7\u00c3O<\/strong><\/p>\n<p>A elei\u00e7\u00e3o do Ministro Provincial, na verdade, come\u00e7ou no meio do ano, quando come\u00e7aram as sondagens de poss\u00edveis candidatos junto \u00e0 Fraternidade Provincial em dois escrut\u00ednios. A partir deste processo, os nomes dos frades mais votados foram enviados para a C\u00faria Geral, em Roma, que homologou cinco nomes para a escolha dos frades capitulares neste s\u00e1bado. S\u00e3o eles, em ordem alfab\u00e9tica: <strong>Frei Fid\u00eancio Vanboemmel, Frei Gustavo Medella, Frei Jo\u00e3o Francisco da Silva, Frei M\u00e1rio Luiz Tagliari e Frei Paulo Roberto Pereira.<\/strong><\/p>\n<p>Ser\u00e1 eleito para o servi\u00e7o de Ministro Provincial o candidato que, em primeiro ou segundo escrut\u00ednio, obtiver maioria absoluta (mais do que a metade dos votos). Em terceiro escrut\u00ednio, aquele que obtiver maioria simples. Em caso de empate, ser\u00e1 eleito o mais antigo em profiss\u00e3o solene e, coincidindo o tempo de votos solenes, o escolhido ser\u00e1 o de preced\u00eancia de idade.<\/p>\n<p>J\u00e1 a indica\u00e7\u00e3o do Vig\u00e1rio Provincial e dos Definidores teve uma primeira sondagem de opini\u00e3o no meio do ano, feita pela Secretaria Provincial. Neste domingo ser\u00e3o feitas novas pr\u00e9vias.<\/p>\n<hr \/>\n<p><strong>Equipe de Comunica\u00e7\u00e3o do Cap\u00edtulo:<\/strong>\u00a0<em>Frei Augusto Gabriel, Frei Clauzemir Makximovitz, Frei Gabriel Dellandrea, Frei Alan Leal de Mattos e Moacir Beggo.<\/em><\/p>\n","protected":false},"excerpt":{"rendered":"<p>Cap\u00edtulo Provincial 2021<\/p>\n","protected":false},"author":3,"featured_media":235444,"comment_status":"open","ping_status":"open","sticky":false,"template":"","format":"standard","meta":[],"categories":[1],"tags":[1943],"acf":[],"yoast_head":"<!-- This site is optimized with the Yoast SEO plugin v19.2 - https:\/\/yoast.com\/wordpress\/plugins\/seo\/ -->\n<title>Novo Ministro Provincial ser\u00e1 eleito \u00e0s 14h30 deste s\u00e1bado - Not\u00edcias - Franciscanos<\/title>\n<meta name=\"robots\" content=\"index, follow, max-snippet:-1, max-image-preview:large, max-video-preview:-1\" \/>\n<link rel=\"canonical\" href=\"https:\/\/franciscanos.org.br\/noticias\/ovo-ministro-provincial-sera-eleito-as-14h30-deste-sabado.html\" \/>\n<meta property=\"og:locale\" content=\"pt_BR\" \/>\n<meta property=\"og:type\" content=\"article\" \/>\n<meta property=\"og:title\" content=\"Novo Ministro Provincial ser\u00e1 eleito \u00e0s 14h30 deste s\u00e1bado - Not\u00edcias - Franciscanos\" \/>\n<meta property=\"og:description\" content=\"Cap\u00edtulo Provincial 2021\" \/>\n<meta property=\"og:url\" content=\"https:\/\/franciscanos.org.br\/noticias\/ovo-ministro-provincial-sera-eleito-as-14h30-deste-sabado.html\" \/>\n<meta property=\"og:site_name\" content=\"Not\u00edcias - Franciscanos\" \/>\n<meta property=\"article:published_time\" content=\"2021-11-26T21:26:15+00:00\" \/>\n<meta property=\"article:modified_time\" content=\"2021-11-26T21:37:13+00:00\" \/>\n<meta property=\"og:image\" content=\"https:\/\/franciscanos.org.br\/noticias\/wp-content\/uploads\/2021\/11\/provinciais_2021-1.jpg\" \/>\n\t<meta property=\"og:image:width\" content=\"1920\" \/>\n\t<meta property=\"og:image:height\" content=\"1080\" \/>\n\t<meta property=\"og:image:type\" content=\"image\/jpeg\" \/>\n<meta name=\"author\" content=\"moacir\" \/>\n<meta name=\"twitter:card\" content=\"summary_large_image\" \/>\n<meta name=\"twitter:label1\" content=\"Escrito por\" \/>\n\t<meta name=\"twitter:data1\" content=\"moacir\" \/>\n\t<meta name=\"twitter:label2\" content=\"Est. tempo de leitura\" \/>\n\t<meta name=\"twitter:data2\" content=\"2 minutos\" \/>\n<script type=\"application\/ld+json\" class=\"yoast-schema-graph\">{\"@context\":\"https:\/\/schema.org\",\"@graph\":[{\"@type\":\"WebSite\",\"@id\":\"https:\/\/franciscanos.org.br\/noticias\/#website\",\"url\":\"https:\/\/franciscanos.org.br\/noticias\/\",\"name\":\"Not\u00edcias - Franciscanos\",\"description\":\"Prov\u00edncia Franciscana da Imaculada Concei\u00e7\u00e3o do Brasil - Ordem dos Frades Menores - OFM\",\"potentialAction\":[{\"@type\":\"SearchAction\",\"target\":{\"@type\":\"EntryPoint\",\"urlTemplate\":\"https:\/\/franciscanos.org.br\/noticias\/?s={search_term_string}\"},\"query-input\":\"required name=search_term_string\"}],\"inLanguage\":\"pt-BR\"},{\"@type\":\"ImageObject\",\"inLanguage\":\"pt-BR\",\"@id\":\"https:\/\/franciscanos.org.br\/noticias\/ovo-ministro-provincial-sera-eleito-as-14h30-deste-sabado.html#primaryimage\",\"url\":\"https:\/\/franciscanos.org.br\/noticias\/wp-content\/uploads\/2021\/11\/provinciais_2021-1.jpg\",\"contentUrl\":\"https:\/\/franciscanos.org.br\/noticias\/wp-content\/uploads\/2021\/11\/provinciais_2021-1.jpg\",\"width\":1920,\"height\":1080},{\"@type\":\"WebPage\",\"@id\":\"https:\/\/franciscanos.org.br\/noticias\/ovo-ministro-provincial-sera-eleito-as-14h30-deste-sabado.html#webpage\",\"url\":\"https:\/\/franciscanos.org.br\/noticias\/ovo-ministro-provincial-sera-eleito-as-14h30-deste-sabado.html\",\"name\":\"Novo Ministro Provincial ser\u00e1 eleito \u00e0s 14h30 deste s\u00e1bado - Not\u00edcias - Franciscanos\",\"isPartOf\":{\"@id\":\"https:\/\/franciscanos.org.br\/noticias\/#website\"},\"primaryImageOfPage\":{\"@id\":\"https:\/\/franciscanos.org.br\/noticias\/ovo-ministro-provincial-sera-eleito-as-14h30-deste-sabado.html#primaryimage\"},\"datePublished\":\"2021-11-26T21:26:15+00:00\",\"dateModified\":\"2021-11-26T21:37:13+00:00\",\"author\":{\"@id\":\"https:\/\/franciscanos.org.br\/noticias\/#\/schema\/person\/b5c8cba458c330ccff548b056e95a5d4\"},\"breadcrumb\":{\"@id\":\"https:\/\/franciscanos.org.br\/noticias\/ovo-ministro-provincial-sera-eleito-as-14h30-deste-sabado.html#breadcrumb\"},\"inLanguage\":\"pt-BR\",\"potentialAction\":[{\"@type\":\"ReadAction\",\"target\":[\"https:\/\/franciscanos.org.br\/noticias\/ovo-ministro-provincial-sera-eleito-as-14h30-deste-sabado.html\"]}]},{\"@type\":\"BreadcrumbList\",\"@id\":\"https:\/\/franciscanos.org.br\/noticias\/ovo-ministro-provincial-sera-eleito-as-14h30-deste-sabado.html#breadcrumb\",\"itemListElement\":[{\"@type\":\"ListItem\",\"position\":1,\"name\":\"Home\",\"item\":\"https:\/\/franciscanos.org.br\/noticias\"},{\"@type\":\"ListItem\",\"position\":2,\"name\":\"Novo Ministro Provincial ser\u00e1 eleito \u00e0s 14h30 deste s\u00e1bado\"}]},{\"@type\":\"Person\",\"@id\":\"https:\/\/franciscanos.org.br\/noticias\/#\/schema\/person\/b5c8cba458c330ccff548b056e95a5d4\",\"name\":\"moacir\",\"image\":{\"@type\":\"ImageObject\",\"inLanguage\":\"pt-BR\",\"@id\":\"https:\/\/franciscanos.org.br\/noticias\/#\/schema\/person\/image\/\",\"url\":\"https:\/\/secure.gravatar.com\/avatar\/d08aa2ce4c8dd416d4479aa8536fcf64?s=96&d=mm&r=g\",\"contentUrl\":\"https:\/\/secure.gravatar.com\/avatar\/d08aa2ce4c8dd416d4479aa8536fcf64?s=96&d=mm&r=g\",\"caption\":\"moacir\"},\"url\":\"https:\/\/franciscanos.org.br\/noticias\/author\/moacir\"}]}<\/script>\n<!-- \/ Yoast SEO plugin. -->","yoast_head_json":{"title":"Novo Ministro Provincial ser\u00e1 eleito \u00e0s 14h30 deste s\u00e1bado - Not\u00edcias - Franciscanos","robots":{"index":"index","follow":"follow","max-snippet":"max-snippet:-1","max-image-preview":"max-image-preview:large","max-video-preview":"max-video-preview:-1"},"canonical":"https:\/\/franciscanos.org.br\/noticias\/ovo-ministro-provincial-sera-eleito-as-14h30-deste-sabado.html","og_locale":"pt_BR","og_type":"article","og_title":"Novo Ministro Provincial ser\u00e1 eleito \u00e0s 14h30 deste s\u00e1bado - Not\u00edcias - Franciscanos","og_description":"Cap\u00edtulo Provincial 2021","og_url":"https:\/\/franciscanos.org.br\/noticias\/ovo-ministro-provincial-sera-eleito-as-14h30-deste-sabado.html","og_site_name":"Not\u00edcias - Franciscanos","article_published_time":"2021-11-26T21:26:15+00:00","article_modified_time":"2021-11-26T21:37:13+00:00","og_image":[{"width":1920,"height":1080,"url":"https:\/\/franciscanos.org.br\/noticias\/wp-content\/uploads\/2021\/11\/provinciais_2021-1.jpg","type":"image\/jpeg"}],"author":"moacir","twitter_card":"summary_large_image","twitter_misc":{"Escrito por":"moacir","Est. tempo de leitura":"2 minutos"},"schema":{"@context":"https:\/\/schema.org","@graph":[{"@type":"WebSite","@id":"https:\/\/franciscanos.org.br\/noticias\/#website","url":"https:\/\/franciscanos.org.br\/noticias\/","name":"Not\u00edcias - Franciscanos","description":"Prov\u00edncia Franciscana da Imaculada Concei\u00e7\u00e3o do Brasil - Ordem dos Frades Menores - OFM","potentialAction":[{"@type":"SearchAction","target":{"@type":"EntryPoint","urlTemplate":"https:\/\/franciscanos.org.br\/noticias\/?s={search_term_string}"},"query-input":"required name=search_term_string"}],"inLanguage":"pt-BR"},{"@type":"ImageObject","inLanguage":"pt-BR","@id":"https:\/\/franciscanos.org.br\/noticias\/ovo-ministro-provincial-sera-eleito-as-14h30-deste-sabado.html#primaryimage","url":"https:\/\/franciscanos.org.br\/noticias\/wp-content\/uploads\/2021\/11\/provinciais_2021-1.jpg","contentUrl":"https:\/\/franciscanos.org.br\/noticias\/wp-content\/uploads\/2021\/11\/provinciais_2021-1.jpg","width":1920,"height":1080},{"@type":"WebPage","@id":"https:\/\/franciscanos.org.br\/noticias\/ovo-ministro-provincial-sera-eleito-as-14h30-deste-sabado.html#webpage","url":"https:\/\/franciscanos.org.br\/noticias\/ovo-ministro-provincial-sera-eleito-as-14h30-deste-sabado.html","name":"Novo Ministro Provincial ser\u00e1 eleito \u00e0s 14h30 deste s\u00e1bado - Not\u00edcias - Franciscanos","isPartOf":{"@id":"https:\/\/franciscanos.org.br\/noticias\/#website"},"primaryImageOfPage":{"@id":"https:\/\/franciscanos.org.br\/noticias\/ovo-ministro-provincial-sera-eleito-as-14h30-deste-sabado.html#primaryimage"},"datePublished":"2021-11-26T21:26:15+00:00","dateModified":"2021-11-26T21:37:13+00:00","author":{"@id":"https:\/\/franciscanos.org.br\/noticias\/#\/schema\/person\/b5c8cba458c330ccff548b056e95a5d4"},"breadcrumb":{"@id":"https:\/\/franciscanos.org.br\/noticias\/ovo-ministro-provincial-sera-eleito-as-14h30-deste-sabado.html#breadcrumb"},"inLanguage":"pt-BR","potentialAction":[{"@type":"ReadAction","target":["https:\/\/franciscanos.org.br\/noticias\/ovo-ministro-provincial-sera-eleito-as-14h30-deste-sabado.html"]}]},{"@type":"BreadcrumbList","@id":"https:\/\/franciscanos.org.br\/noticias\/ovo-ministro-provincial-sera-eleito-as-14h30-deste-sabado.html#breadcrumb","itemListElement":[{"@type":"ListItem","position":1,"name":"Home","item":"https:\/\/franciscanos.org.br\/noticias"},{"@type":"ListItem","position":2,"name":"Novo Ministro Provincial ser\u00e1 eleito \u00e0s 14h30 deste s\u00e1bado"}]},{"@type":"Person","@id":"https:\/\/franciscanos.org.br\/noticias\/#\/schema\/person\/b5c8cba458c330ccff548b056e95a5d4","name":"moacir","image":{"@type":"ImageObject","inLanguage":"pt-BR","@id":"https:\/\/franciscanos.org.br\/noticias\/#\/schema\/person\/image\/","url":"https:\/\/secure.gravatar.com\/avatar\/d08aa2ce4c8dd416d4479aa8536fcf64?s=96&d=mm&r=g","contentUrl":"https:\/\/secure.gravatar.com\/avatar\/d08aa2ce4c8dd416d4479aa8536fcf64?s=96&d=mm&r=g","caption":"moacir"},"url":"https:\/\/franciscanos.org.br\/noticias\/author\/moacir"}]}},"_links":{"self":[{"href":"https:\/\/franciscanos.org.br\/noticias\/wp-json\/wp\/v2\/posts\/235440"}],"collection":[{"href":"https:\/\/franciscanos.org.br\/noticias\/wp-json\/wp\/v2\/posts"}],"about":[{"href":"https:\/\/franciscanos.org.br\/noticias\/wp-json\/wp\/v2\/types\/post"}],"author":[{"embeddable":true,"href":"https:\/\/franciscanos.org.br\/noticias\/wp-json\/wp\/v2\/users\/3"}],"replies":[{"embeddable":true,"href":"https:\/\/franciscanos.org.br\/noticias\/wp-json\/wp\/v2\/comments?post=235440"}],"version-history":[{"count":4,"href":"https:\/\/franciscanos.org.br\/noticias\/wp-json\/wp\/v2\/posts\/235440\/revisions"}],"predecessor-version":[{"id":235446,"href":"https:\/\/franciscanos.org.br\/noticias\/wp-json\/wp\/v2\/posts\/235440\/revisions\/235446"}],"wp:featuredmedia":[{"embeddable":true,"href":"https:\/\/franciscanos.org.br\/noticias\/wp-json\/wp\/v2\/media\/235444"}],"wp:attachment":[{"href":"https:\/\/franciscanos.org.br\/noticias\/wp-json\/wp\/v2\/media?parent=235440"}],"wp:term":[{"taxonomy":"category","embeddable":true,"href":"https:\/\/franciscanos.org.br\/noticias\/wp-json\/wp\/v2\/categories?post=235440"},{"taxonomy":"post_tag","embeddable":true,"href":"https:\/\/franciscanos.org.br\/noticias\/wp-json\/wp\/v2\/tags?post=235440"}],"curies":[{"name":"wp","href":"https:\/\/api.w.org\/{rel}","templated":true}]}}