{"id":235432,"date":"2021-11-26T12:19:23","date_gmt":"2021-11-26T15:19:23","guid":{"rendered":"https:\/\/franciscanos.org.br\/noticias\/?p=235432"},"modified":"2021-11-26T12:20:30","modified_gmt":"2021-11-26T15:20:30","slug":"frei-canga-manuel-a-primeira-experiencia-de-capitulo-provincial","status":"publish","type":"post","link":"https:\/\/franciscanos.org.br\/noticias\/frei-canga-manuel-a-primeira-experiencia-de-capitulo-provincial.html","title":{"rendered":"Frei Canga Manuel: A primeira experi\u00eancia de Cap\u00edtulo Provincial"},"content":{"rendered":"<p><img loading=\"lazy\" class=\"alignnone wp-image-235433 size-full\" src=\"https:\/\/franciscanos.org.br\/noticias\/wp-content\/uploads\/2021\/11\/canga_2611.jpg\" alt=\"\" width=\"1280\" height=\"720\" srcset=\"https:\/\/franciscanos.org.br\/noticias\/wp-content\/uploads\/2021\/11\/canga_2611.jpg 1280w, https:\/\/franciscanos.org.br\/noticias\/wp-content\/uploads\/2021\/11\/canga_2611-450x253.jpg 450w, https:\/\/franciscanos.org.br\/noticias\/wp-content\/uploads\/2021\/11\/canga_2611-1024x576.jpg 1024w, https:\/\/franciscanos.org.br\/noticias\/wp-content\/uploads\/2021\/11\/canga_2611-768x432.jpg 768w, https:\/\/franciscanos.org.br\/noticias\/wp-content\/uploads\/2021\/11\/canga_2611-150x84.jpg 150w\" sizes=\"(max-width: 1280px) 100vw, 1280px\" \/><\/p>\n<p><em>Da Funda\u00e7\u00e3o Imaculada Concei\u00e7\u00e3o M\u00e3e de Deus, vieram de Angola para participar do Cap\u00edtulo Provincial o presidente da Funda\u00e7\u00e3o, Frei Ant\u00f3nio Zovo Baza; o guardi\u00e3o da Fraternidade S\u00e3o Francisco de Assis, Frei Jos\u00e9 Morais Cambolo; o di\u00e1cono Canga Manuel Mazoa, al\u00e9m dos frades mission\u00e1rios brasileiros: Frei Andr\u00e9 Luiz Henriques, guardi\u00e3o da Fraternidade do Semin\u00e1rio Monte Alverne e conselheiro; Frei Evair Bueno de Carvalho, guardi\u00e3o da Fraternidade do Noviciado de Quibala e conselheiro e Frei Andr\u00e9 Gurzynski, guardi\u00e3o da Fraternidade S\u00e3o Dami\u00e3o.<\/em><\/p>\n<p><em>\u00a0<\/em><em>Frei Canga ser\u00e1 ordenado presb\u00edtero no dia 15 de janeiro de 2022, \u00e0s 9h30, no Kimbo S\u00e3o Francisco, em Luanda, pela imposi\u00e7\u00e3o das m\u00e3os de Dom Filomeno do Nascimento, Arcebispo de Luanda. Pela primeira vez, Canga est\u00e1 participando do Cap\u00edtulo Provincial. Para ele, est\u00e1 sendo uma experi\u00eancia nova e muito gratificante. &#8220;Estou gostando muito da experi\u00eancia fraterna de como est\u00e1 sendo celebrado o Cap\u00edtulo. Muitos frades vindos de realidades diferentes, mas com o mesmo sonho de fazer comunh\u00e3o, partilhar a vida e depois serem enviados em miss\u00e3o, testemunhando a Boa Nova do Reino no estilo de S\u00e3o Francisco de Assis&#8221;, avalia Frei Canga.<\/em><\/p>\n<p><em>\u00a0<\/em><em>Com Frei Canga, no mesmo dia e hora, ser\u00e3o ordenados mais dois frades angolanos: Frei Santana Sebasti\u00e3o Cafunda e Frei Mario Pelu.<\/em><\/p>\n<p>Conhe\u00e7a mais Frei Manuel nesta entrevista.<\/p>\n<p><strong>Site Franciscanos &#8211; Como est\u00e1 sendo sua experi\u00eancia como vice-orientador no Semin\u00e1rio de Malange?<\/strong><\/p>\n<p><strong>Frei Canga<\/strong> &#8211; Uma experi\u00eancia surpreendente que destaco em tr\u00eas pontos: O primeiro, conviv\u00eancia mais intensa com os confrades que j\u00e1 encontrei no Semin\u00e1rio, respectivamente: Frei Ermelindo, colega de turma do Noviciado; e Frei Andr\u00e9 Luiz Henriques, que j\u00e1 convivemos durante um ano no tempo da Filosofia no Palanka, Luanda. O segundo, gratuidade. Oportunidade de restituir com amor e criatividade tudo que me foi dado com muito carinho ao longo do processo da forma\u00e7\u00e3o inicial. E o terceiro, a chance de ser irm\u00e3o com os seminaristas: aprender que a forma\u00e7\u00e3o \u00e9 mais do que transmitir conte\u00fado. Forma\u00e7\u00e3o \u00e9 tudo: \u00e9 presen\u00e7a, conviv\u00eancia, sil\u00eancio, ora\u00e7\u00e3o e trabalho. \u00c9 ser irm\u00e3o. \u00c9 aprender ensinando, segundo a perspectiva da partilha de dons.<\/p>\n<p><strong>Site Franciscanos &#8211; Como a pandemia mexeu com o Ensino M\u00e9dio e o ensino religioso na Funda\u00e7\u00e3o?<\/strong><\/p>\n<p><strong>Frei Canga<\/strong> &#8211; Antes da pandemia se sabia que o ano civil, o ano acad\u00eamico e o ano lit\u00fargico estariam terminando em novembro e dezembro. Era t\u00e3o natural. Com isso, exigiu readapta\u00e7\u00e3o f\u00edsica, psicol\u00f3gica de todos e repensar a forma\u00e7\u00e3o de modo a garantir o funcionamento normal do Semin\u00e1rio e de outras etapas de forma\u00e7\u00e3o. Por exemplo, as admiss\u00f5es dos candidatos que aconteciam regularmente no in\u00edcio do ano, agora acontecem a partir do meio do ano para frente.<\/p>\n<p><strong>Site Franciscanos &#8211; Quantos alunos tem o Semin\u00e1rio Monte Alverne de Malange.<\/strong><\/p>\n<p><strong>Frei Canga &#8211;<\/strong> Neste ano, temos 50 e poucos alunos, sendo a maior parte seminaristas que estudam no Semin\u00e1rio Monte Alverne e se preparam para serem frades da Funda\u00e7\u00e3o, al\u00e9m de alguns externos que fazem o Ensino M\u00e9dio na Escola Santo Ant\u00f4nio.<\/p>\n<p><strong>Site Franciscanos &#8211; Como foi a sua adapta\u00e7\u00e3o no retorno \u00e0 Funda\u00e7\u00e3o depois da Teologia?<\/strong><\/p>\n<p><strong>Frei Canga <\/strong>&#8211; A adapta\u00e7\u00e3o foi r\u00e1pida, mas desafiante. R\u00e1pida porque eu sou natural de Angola e conhe\u00e7o, de alguma forma, esta realidade e tamb\u00e9m convivi com todos os confrades que atualmente est\u00e3o l\u00e1. Desafiante porque apesar de voltar mais preparado e com mais experi\u00eancia, encontrei grandes desafios, como a reanima\u00e7\u00e3o das v\u00e1rias frentes de miss\u00e3o em tempos de pandemia, custo de vida alto e aumento de pessoas vulner\u00e1veis. Tudo isso ajudou a entender que a consolida\u00e7\u00e3o da teologia se d\u00e1 na pr\u00e1tica.<\/p>\n<p><strong>Site Franciscanos &#8211; Como est\u00e1 a Funda\u00e7\u00e3o em termos de voca\u00e7\u00f5es?<\/strong><\/p>\n<p><strong>Frei Canga<\/strong> &#8211; Vocacionalmente segue vigorosa. Deus tem realmente nos aben\u00e7oado com muitas voca\u00e7\u00f5es e com um n\u00edvel aceit\u00e1vel de perseveran\u00e7a. Isso pede mais responsabilidade da parte de todos, de modo a continuar formando com qualidade e solidez o frade que n\u00f3s desejamos a fim de responder aos desafios da Ordem e da Igreja.<\/p>\n<p><strong>Site Franciscanos &#8211; H\u00e1 espa\u00e7o no mundo de hoje para o carisma franciscano?<\/strong><\/p>\n<p><strong>Frei Canga<\/strong> &#8211; Felizmente nosso carisma continua sendo atual, atuante e prof\u00e9tico, na Igreja e no mundo. Atualmente, onde a bandeira mais levantada e suscitada \u00e9 a &#8216;eulatria&#8217;, a sacraliza\u00e7\u00e3o do eu, de alguma forma o carisma franciscano &#8211; hoje muito divulgado e querido pelo Papa Francisco -, pode ser uma proposta de sa\u00edda do autorreferenciamento para o reencontro daquilo que sempre fomos: alteridade, ou melhor, existir para o outro. Na compreens\u00e3o de que todos somos irm\u00e3os, teias de rela\u00e7\u00f5es e nunca ilhas.<\/p>\n<p><strong>Site Franciscanos &#8211; Que mensagem deixaria para quem quer seguir os passos de Francisco e Clara?<\/strong><\/p>\n<p><strong>Frei Canga &#8211;<\/strong> Francisco e Clara s\u00e3o modelos seguros e comprov\u00e1veis que nos levam a Cristo. Por\u00e9m, n\u00e3o a qualquer Cristo, mas \u00e0quele Cristo pobre, humilde e crucificado. Pobre porque nos abre para o Deus da vida; humilde porque nos leva ao encontro da nossa verdadeira ess\u00eancia, o <em>humus <\/em>(terra); e crucificado, porque nos abre aos outros. Portanto, ser franciscano \u00e9 um caminho de felicidade, constru\u00eddo todo dia na rela\u00e7\u00e3o saud\u00e1vel com Deus, com os irm\u00e3os e com a cria\u00e7\u00e3o.<\/p>\n<h3><strong>CONHECENDO CANGA MANUEL MAZOA<\/strong><\/h3>\n<p><strong>Site Franciscanos &#8211; Fale um pouco de sua fam\u00edlia.<\/strong><\/p>\n<p><strong>Frei Canga<\/strong> &#8211; Sou natural de Kwanza Norte, Ndalatando, onde nasci no dia 23 de mar\u00e7o de 1993. Filho de Manuel Canga Mazoa e Domingas Francisco Jo\u00e3o, tenho dois irm\u00e3os: Malamba e Lemos. Venho de uma fam\u00edlia de orienta\u00e7\u00e3o cat\u00f3lica. O meu pai foi engenheiro e professor e minha m\u00e3e banc\u00e1ria.<\/p>\n<p><strong>Site Franciscanos &#8211; Quando se deu o discernimento vocacional?<\/strong><\/p>\n<p><strong>Frei Canga &#8211;<\/strong> Dif\u00edcil dizer quando come\u00e7ou, mas at\u00e9 onde tenho consci\u00eancia foi em uma das conversas que tive com minha av\u00f3. Ela me disse que tinha um tio no semin\u00e1rio diocesano da minha cidade. E surgiu a curiosidade de saber o que era o semin\u00e1rio e como era a vida dos que moravam nele. Acho que \u00e9 da\u00ed que a semente da voca\u00e7\u00e3o come\u00e7ou a ser despertada e mais tarde veio a oportunidade de aprofundar com os Frades Menores.<\/p>\n<p><strong>Site Franciscanos &#8211; E como conheceu os Frades Menores?<\/strong><\/p>\n<p><strong>Frei Canga &#8211;<\/strong> Eu conheci os Frades Menores atrav\u00e9s da minha av\u00f3, que me fez o convite de conhecer as Irm\u00e3s Clarissas do Kimbo S\u00e3o Francisco, no Palanca. At\u00e9 aqui n\u00e3o conhecia nada sobre os franciscanos. Ap\u00f3s a celebra\u00e7\u00e3o no Mosteiro das Clarissas, a minha av\u00f3 me desafiou a contar todos os meus sonhos, desejos, a qualquer irm\u00e3 Clarissa, pois julgava ela que as Clarissas falavam face a face com Deus. Tinham o celular de Deus e a qualquer momento podiam fazer chegar os meus sonhos at\u00e9 Ele e v\u00ea-los realizados o mais r\u00e1pido poss\u00edvel. Fui apressadamente falar com as irm\u00e3s e da\u00ed acabei conhecendo o outro lado do carisma franciscano, os Frades Menores. As irm\u00e3s disseram que l\u00e1 era apenas um mosteiro feminino, mas que se eu fosse do outro lado do quintal, poderia falar com os frades. Ent\u00e3o, tive a oportunidade de conversar com Frei Afonso Katchekele e Frei Laerte de Faria dos Santos. A partir da\u00ed, fiz a prepara\u00e7\u00e3o vocacional e, em 2008, ingressei no Semin\u00e1rio Monte Alverne, Malange, onde hoje sou vice-orientador.<\/p>\n<p><strong>Site Franciscanos &#8211; Ent\u00e3o, sua ordena\u00e7\u00e3o ser\u00e1 um momento feliz para sua av\u00f3?<\/strong><\/p>\n<p><strong>Frei Canga<\/strong> &#8211; Infelizmente, minha santa vovozinha faleceu tem um m\u00eas, ela que muito desejou e esperou por este momento, n\u00e3o poder\u00e1 estar presencialmente, mas acredito que l\u00e1 do c\u00e9u ela estar\u00e1 me acompanhando, cantando e entoando hinos de louvor e a\u00e7\u00e3o de gra\u00e7as.<\/p>\n<p><strong>Site Franciscanos &#8211; Por que escolheu a vida religiosa franciscana?<\/strong><\/p>\n<p><strong>Frei Canga &#8211;<\/strong> Os frades me acolheram muito bem quando fui pela primeira vez bater \u00e0 porta deles.<\/p>\n<p><strong>Site Franciscanos &#8211;\u00a0 Como se define Canga Manuel Mazoa?<\/strong><\/p>\n<p><strong>Frei Canga &#8211;<\/strong> Alegre e apaixonado pela vida. Eu gosto de viver e vivo com alegria e intensidade todos os instantes da minha vida. At\u00e9 os momentos tristes eu procuro celebr\u00e1-los, na perspectiva de que, no final, eles ter\u00e3o um desdobramento feliz.<\/p>\n<hr \/>\n<p><strong>Equipe de Comunica\u00e7\u00e3o do Cap\u00edtulo:<\/strong>\u00a0<em>Frei Augusto Gabriel, Frei Clauzemir Makximovitz, Frei Gabriel Dellandrea, Frei Alan Leal de Mattos e Moacir Beggo.<\/em><\/p>\n","protected":false},"excerpt":{"rendered":"<p>Cap\u00edtulo Provincial &#8211; Entrevista<\/p>\n","protected":false},"author":3,"featured_media":235433,"comment_status":"open","ping_status":"open","sticky":false,"template":"","format":"standard","meta":[],"categories":[758,1],"tags":[1943],"acf":[],"yoast_head":"<!-- This site is optimized with the Yoast SEO plugin v19.2 - https:\/\/yoast.com\/wordpress\/plugins\/seo\/ -->\n<title>Frei Canga Manuel: A primeira experi\u00eancia de Cap\u00edtulo Provincial - Not\u00edcias - Franciscanos<\/title>\n<meta name=\"robots\" content=\"index, follow, max-snippet:-1, max-image-preview:large, max-video-preview:-1\" \/>\n<link rel=\"canonical\" href=\"https:\/\/franciscanos.org.br\/noticias\/frei-canga-manuel-a-primeira-experiencia-de-capitulo-provincial.html\" \/>\n<meta property=\"og:locale\" content=\"pt_BR\" \/>\n<meta property=\"og:type\" content=\"article\" \/>\n<meta property=\"og:title\" content=\"Frei Canga Manuel: A primeira experi\u00eancia de Cap\u00edtulo Provincial - Not\u00edcias - Franciscanos\" \/>\n<meta property=\"og:description\" content=\"Cap\u00edtulo Provincial - Entrevista\" \/>\n<meta property=\"og:url\" content=\"https:\/\/franciscanos.org.br\/noticias\/frei-canga-manuel-a-primeira-experiencia-de-capitulo-provincial.html\" \/>\n<meta property=\"og:site_name\" content=\"Not\u00edcias - Franciscanos\" \/>\n<meta property=\"article:published_time\" content=\"2021-11-26T15:19:23+00:00\" \/>\n<meta property=\"article:modified_time\" content=\"2021-11-26T15:20:30+00:00\" \/>\n<meta property=\"og:image\" content=\"https:\/\/franciscanos.org.br\/noticias\/wp-content\/uploads\/2021\/11\/canga_2611.jpg\" \/>\n\t<meta property=\"og:image:width\" content=\"1280\" \/>\n\t<meta property=\"og:image:height\" content=\"720\" \/>\n\t<meta property=\"og:image:type\" content=\"image\/jpeg\" \/>\n<meta name=\"author\" content=\"moacir\" \/>\n<meta name=\"twitter:card\" content=\"summary_large_image\" \/>\n<meta name=\"twitter:label1\" content=\"Escrito por\" \/>\n\t<meta name=\"twitter:data1\" content=\"moacir\" \/>\n\t<meta name=\"twitter:label2\" content=\"Est. tempo de leitura\" \/>\n\t<meta name=\"twitter:data2\" content=\"7 minutos\" \/>\n<script type=\"application\/ld+json\" class=\"yoast-schema-graph\">{\"@context\":\"https:\/\/schema.org\",\"@graph\":[{\"@type\":\"WebSite\",\"@id\":\"https:\/\/franciscanos.org.br\/noticias\/#website\",\"url\":\"https:\/\/franciscanos.org.br\/noticias\/\",\"name\":\"Not\u00edcias - Franciscanos\",\"description\":\"Prov\u00edncia Franciscana da Imaculada Concei\u00e7\u00e3o do Brasil - Ordem dos Frades Menores - OFM\",\"potentialAction\":[{\"@type\":\"SearchAction\",\"target\":{\"@type\":\"EntryPoint\",\"urlTemplate\":\"https:\/\/franciscanos.org.br\/noticias\/?s={search_term_string}\"},\"query-input\":\"required name=search_term_string\"}],\"inLanguage\":\"pt-BR\"},{\"@type\":\"ImageObject\",\"inLanguage\":\"pt-BR\",\"@id\":\"https:\/\/franciscanos.org.br\/noticias\/frei-canga-manuel-a-primeira-experiencia-de-capitulo-provincial.html#primaryimage\",\"url\":\"https:\/\/franciscanos.org.br\/noticias\/wp-content\/uploads\/2021\/11\/canga_2611.jpg\",\"contentUrl\":\"https:\/\/franciscanos.org.br\/noticias\/wp-content\/uploads\/2021\/11\/canga_2611.jpg\",\"width\":1280,\"height\":720},{\"@type\":\"WebPage\",\"@id\":\"https:\/\/franciscanos.org.br\/noticias\/frei-canga-manuel-a-primeira-experiencia-de-capitulo-provincial.html#webpage\",\"url\":\"https:\/\/franciscanos.org.br\/noticias\/frei-canga-manuel-a-primeira-experiencia-de-capitulo-provincial.html\",\"name\":\"Frei Canga Manuel: A primeira experi\u00eancia de Cap\u00edtulo Provincial - Not\u00edcias - Franciscanos\",\"isPartOf\":{\"@id\":\"https:\/\/franciscanos.org.br\/noticias\/#website\"},\"primaryImageOfPage\":{\"@id\":\"https:\/\/franciscanos.org.br\/noticias\/frei-canga-manuel-a-primeira-experiencia-de-capitulo-provincial.html#primaryimage\"},\"datePublished\":\"2021-11-26T15:19:23+00:00\",\"dateModified\":\"2021-11-26T15:20:30+00:00\",\"author\":{\"@id\":\"https:\/\/franciscanos.org.br\/noticias\/#\/schema\/person\/b5c8cba458c330ccff548b056e95a5d4\"},\"breadcrumb\":{\"@id\":\"https:\/\/franciscanos.org.br\/noticias\/frei-canga-manuel-a-primeira-experiencia-de-capitulo-provincial.html#breadcrumb\"},\"inLanguage\":\"pt-BR\",\"potentialAction\":[{\"@type\":\"ReadAction\",\"target\":[\"https:\/\/franciscanos.org.br\/noticias\/frei-canga-manuel-a-primeira-experiencia-de-capitulo-provincial.html\"]}]},{\"@type\":\"BreadcrumbList\",\"@id\":\"https:\/\/franciscanos.org.br\/noticias\/frei-canga-manuel-a-primeira-experiencia-de-capitulo-provincial.html#breadcrumb\",\"itemListElement\":[{\"@type\":\"ListItem\",\"position\":1,\"name\":\"Home\",\"item\":\"https:\/\/franciscanos.org.br\/noticias\"},{\"@type\":\"ListItem\",\"position\":2,\"name\":\"Frei Canga Manuel: A primeira experi\u00eancia de Cap\u00edtulo Provincial\"}]},{\"@type\":\"Person\",\"@id\":\"https:\/\/franciscanos.org.br\/noticias\/#\/schema\/person\/b5c8cba458c330ccff548b056e95a5d4\",\"name\":\"moacir\",\"image\":{\"@type\":\"ImageObject\",\"inLanguage\":\"pt-BR\",\"@id\":\"https:\/\/franciscanos.org.br\/noticias\/#\/schema\/person\/image\/\",\"url\":\"https:\/\/secure.gravatar.com\/avatar\/d08aa2ce4c8dd416d4479aa8536fcf64?s=96&d=mm&r=g\",\"contentUrl\":\"https:\/\/secure.gravatar.com\/avatar\/d08aa2ce4c8dd416d4479aa8536fcf64?s=96&d=mm&r=g\",\"caption\":\"moacir\"},\"url\":\"https:\/\/franciscanos.org.br\/noticias\/author\/moacir\"}]}<\/script>\n<!-- \/ Yoast SEO plugin. -->","yoast_head_json":{"title":"Frei Canga Manuel: A primeira experi\u00eancia de Cap\u00edtulo Provincial - Not\u00edcias - Franciscanos","robots":{"index":"index","follow":"follow","max-snippet":"max-snippet:-1","max-image-preview":"max-image-preview:large","max-video-preview":"max-video-preview:-1"},"canonical":"https:\/\/franciscanos.org.br\/noticias\/frei-canga-manuel-a-primeira-experiencia-de-capitulo-provincial.html","og_locale":"pt_BR","og_type":"article","og_title":"Frei Canga Manuel: A primeira experi\u00eancia de Cap\u00edtulo Provincial - Not\u00edcias - Franciscanos","og_description":"Cap\u00edtulo Provincial - Entrevista","og_url":"https:\/\/franciscanos.org.br\/noticias\/frei-canga-manuel-a-primeira-experiencia-de-capitulo-provincial.html","og_site_name":"Not\u00edcias - Franciscanos","article_published_time":"2021-11-26T15:19:23+00:00","article_modified_time":"2021-11-26T15:20:30+00:00","og_image":[{"width":1280,"height":720,"url":"https:\/\/franciscanos.org.br\/noticias\/wp-content\/uploads\/2021\/11\/canga_2611.jpg","type":"image\/jpeg"}],"author":"moacir","twitter_card":"summary_large_image","twitter_misc":{"Escrito por":"moacir","Est. tempo de leitura":"7 minutos"},"schema":{"@context":"https:\/\/schema.org","@graph":[{"@type":"WebSite","@id":"https:\/\/franciscanos.org.br\/noticias\/#website","url":"https:\/\/franciscanos.org.br\/noticias\/","name":"Not\u00edcias - Franciscanos","description":"Prov\u00edncia Franciscana da Imaculada Concei\u00e7\u00e3o do Brasil - Ordem dos Frades Menores - OFM","potentialAction":[{"@type":"SearchAction","target":{"@type":"EntryPoint","urlTemplate":"https:\/\/franciscanos.org.br\/noticias\/?s={search_term_string}"},"query-input":"required name=search_term_string"}],"inLanguage":"pt-BR"},{"@type":"ImageObject","inLanguage":"pt-BR","@id":"https:\/\/franciscanos.org.br\/noticias\/frei-canga-manuel-a-primeira-experiencia-de-capitulo-provincial.html#primaryimage","url":"https:\/\/franciscanos.org.br\/noticias\/wp-content\/uploads\/2021\/11\/canga_2611.jpg","contentUrl":"https:\/\/franciscanos.org.br\/noticias\/wp-content\/uploads\/2021\/11\/canga_2611.jpg","width":1280,"height":720},{"@type":"WebPage","@id":"https:\/\/franciscanos.org.br\/noticias\/frei-canga-manuel-a-primeira-experiencia-de-capitulo-provincial.html#webpage","url":"https:\/\/franciscanos.org.br\/noticias\/frei-canga-manuel-a-primeira-experiencia-de-capitulo-provincial.html","name":"Frei Canga Manuel: A primeira experi\u00eancia de Cap\u00edtulo Provincial - Not\u00edcias - Franciscanos","isPartOf":{"@id":"https:\/\/franciscanos.org.br\/noticias\/#website"},"primaryImageOfPage":{"@id":"https:\/\/franciscanos.org.br\/noticias\/frei-canga-manuel-a-primeira-experiencia-de-capitulo-provincial.html#primaryimage"},"datePublished":"2021-11-26T15:19:23+00:00","dateModified":"2021-11-26T15:20:30+00:00","author":{"@id":"https:\/\/franciscanos.org.br\/noticias\/#\/schema\/person\/b5c8cba458c330ccff548b056e95a5d4"},"breadcrumb":{"@id":"https:\/\/franciscanos.org.br\/noticias\/frei-canga-manuel-a-primeira-experiencia-de-capitulo-provincial.html#breadcrumb"},"inLanguage":"pt-BR","potentialAction":[{"@type":"ReadAction","target":["https:\/\/franciscanos.org.br\/noticias\/frei-canga-manuel-a-primeira-experiencia-de-capitulo-provincial.html"]}]},{"@type":"BreadcrumbList","@id":"https:\/\/franciscanos.org.br\/noticias\/frei-canga-manuel-a-primeira-experiencia-de-capitulo-provincial.html#breadcrumb","itemListElement":[{"@type":"ListItem","position":1,"name":"Home","item":"https:\/\/franciscanos.org.br\/noticias"},{"@type":"ListItem","position":2,"name":"Frei Canga Manuel: A primeira experi\u00eancia de Cap\u00edtulo Provincial"}]},{"@type":"Person","@id":"https:\/\/franciscanos.org.br\/noticias\/#\/schema\/person\/b5c8cba458c330ccff548b056e95a5d4","name":"moacir","image":{"@type":"ImageObject","inLanguage":"pt-BR","@id":"https:\/\/franciscanos.org.br\/noticias\/#\/schema\/person\/image\/","url":"https:\/\/secure.gravatar.com\/avatar\/d08aa2ce4c8dd416d4479aa8536fcf64?s=96&d=mm&r=g","contentUrl":"https:\/\/secure.gravatar.com\/avatar\/d08aa2ce4c8dd416d4479aa8536fcf64?s=96&d=mm&r=g","caption":"moacir"},"url":"https:\/\/franciscanos.org.br\/noticias\/author\/moacir"}]}},"_links":{"self":[{"href":"https:\/\/franciscanos.org.br\/noticias\/wp-json\/wp\/v2\/posts\/235432"}],"collection":[{"href":"https:\/\/franciscanos.org.br\/noticias\/wp-json\/wp\/v2\/posts"}],"about":[{"href":"https:\/\/franciscanos.org.br\/noticias\/wp-json\/wp\/v2\/types\/post"}],"author":[{"embeddable":true,"href":"https:\/\/franciscanos.org.br\/noticias\/wp-json\/wp\/v2\/users\/3"}],"replies":[{"embeddable":true,"href":"https:\/\/franciscanos.org.br\/noticias\/wp-json\/wp\/v2\/comments?post=235432"}],"version-history":[{"count":3,"href":"https:\/\/franciscanos.org.br\/noticias\/wp-json\/wp\/v2\/posts\/235432\/revisions"}],"predecessor-version":[{"id":235436,"href":"https:\/\/franciscanos.org.br\/noticias\/wp-json\/wp\/v2\/posts\/235432\/revisions\/235436"}],"wp:featuredmedia":[{"embeddable":true,"href":"https:\/\/franciscanos.org.br\/noticias\/wp-json\/wp\/v2\/media\/235433"}],"wp:attachment":[{"href":"https:\/\/franciscanos.org.br\/noticias\/wp-json\/wp\/v2\/media?parent=235432"}],"wp:term":[{"taxonomy":"category","embeddable":true,"href":"https:\/\/franciscanos.org.br\/noticias\/wp-json\/wp\/v2\/categories?post=235432"},{"taxonomy":"post_tag","embeddable":true,"href":"https:\/\/franciscanos.org.br\/noticias\/wp-json\/wp\/v2\/tags?post=235432"}],"curies":[{"name":"wp","href":"https:\/\/api.w.org\/{rel}","templated":true}]}}