{"id":235417,"date":"2021-11-26T11:35:55","date_gmt":"2021-11-26T14:35:55","guid":{"rendered":"https:\/\/franciscanos.org.br\/noticias\/?p=235417"},"modified":"2021-11-27T09:17:11","modified_gmt":"2021-11-27T12:17:11","slug":"o-exemplo-de-sao-leonardo-de-porto-mauricio-para-inspirar-os-capitulares","status":"publish","type":"post","link":"https:\/\/franciscanos.org.br\/noticias\/o-exemplo-de-sao-leonardo-de-porto-mauricio-para-inspirar-os-capitulares.html","title":{"rendered":"O exemplo de S\u00e3o Leonardo de Porto Maur\u00edcio para inspirar os capitulares"},"content":{"rendered":"<p><img loading=\"lazy\" class=\"alignnone wp-image-235418 size-full\" src=\"https:\/\/franciscanos.org.br\/noticias\/wp-content\/uploads\/2021\/11\/quartodia_2611.jpg\" alt=\"\" width=\"1280\" height=\"720\" srcset=\"https:\/\/franciscanos.org.br\/noticias\/wp-content\/uploads\/2021\/11\/quartodia_2611.jpg 1280w, https:\/\/franciscanos.org.br\/noticias\/wp-content\/uploads\/2021\/11\/quartodia_2611-450x253.jpg 450w, https:\/\/franciscanos.org.br\/noticias\/wp-content\/uploads\/2021\/11\/quartodia_2611-1024x576.jpg 1024w, https:\/\/franciscanos.org.br\/noticias\/wp-content\/uploads\/2021\/11\/quartodia_2611-768x432.jpg 768w, https:\/\/franciscanos.org.br\/noticias\/wp-content\/uploads\/2021\/11\/quartodia_2611-150x84.jpg 150w\" sizes=\"(max-width: 1280px) 100vw, 1280px\" \/><\/p>\n<p><strong>Agudos (SP)<\/strong> &#8211; Os capitulares presentes em Agudos (SP) iniciaram o quarto dia (26\/11) do Cap\u00edtulo Provincial com a Santa Missa, \u00e0s 8 horas, na bela capela do no Semin\u00e1rio Santo Ant\u00f4nio. Hoje, o presidente da Celebra\u00e7\u00e3o, Frei Claudino Gils, e os concelebrantes, Frei Thiago Hayakawa, da Universidade S\u00e3o Francisco; e Frei Ronaldo Fiuza Lima, professor do Instituto Teol\u00f3gico Franciscano (ITF), representaram a Frente de Evangeliza\u00e7\u00e3o da Educa\u00e7\u00e3o, no dia que a Igreja celebra a mem\u00f3ria do franciscano S\u00e3o Leonardo de Porto Maur\u00edcio, o grande mission\u00e1rio do s\u00e9culo XVIII.<\/p>\n<p>Na sua reflex\u00e3o, Frei Claudino falou sobre a manifesta\u00e7\u00e3o de Deus na hist\u00f3ria da humanidade a partir da primeira leitura e do Evangelho. &#8220;A pergunta que importa fazermos neste momento: quem para n\u00f3s pode servir de exemplo para identificar a manifesta\u00e7\u00e3o de Deus na hist\u00f3ria da humanidade, na nossa hist\u00f3ria pessoal, fraterna e provincial? Quem pode servir para n\u00f3s como algu\u00e9m que depositou toda a sua confian\u00e7a nessas palavras do mestre de Nazar\u00e9, que jamais passar\u00e3o?&#8221;, perguntou.<\/p>\n<p><img loading=\"lazy\" class=\"alignnone wp-image-235420 size-full\" src=\"https:\/\/franciscanos.org.br\/noticias\/wp-content\/uploads\/2021\/11\/quartodia_2611_1.jpg\" alt=\"\" width=\"1280\" height=\"853\" srcset=\"https:\/\/franciscanos.org.br\/noticias\/wp-content\/uploads\/2021\/11\/quartodia_2611_1.jpg 1280w, https:\/\/franciscanos.org.br\/noticias\/wp-content\/uploads\/2021\/11\/quartodia_2611_1-450x300.jpg 450w, https:\/\/franciscanos.org.br\/noticias\/wp-content\/uploads\/2021\/11\/quartodia_2611_1-1024x682.jpg 1024w, https:\/\/franciscanos.org.br\/noticias\/wp-content\/uploads\/2021\/11\/quartodia_2611_1-768x512.jpg 768w, https:\/\/franciscanos.org.br\/noticias\/wp-content\/uploads\/2021\/11\/quartodia_2611_1-150x100.jpg 150w\" sizes=\"(max-width: 1280px) 100vw, 1280px\" \/><\/p>\n<p>Para ele, a liturgia, que traz para n\u00f3s a mem\u00f3ria de S\u00e3o Leonardo de Porto Maur\u00edcio, serve de modelo. &#8220;A hist\u00f3ria dele \u00e9 muito interessante, feita de v\u00e1rios detalhes em que, de fato, pode-se identificar o quanto ele se abriu \u00e0 manifesta\u00e7\u00e3o de Deus na sua vida e, a partir disso, o quanto ele se fez mensageiro da vontade, do amor, da miseric\u00f3rdia, das palavras, da boa not\u00edcia do Reino de Deus em boa parte das cidades da It\u00e1lia&#8221;, disse.<\/p>\n<p>&#8220;Ele se destacou muito como algu\u00e9m que procurou viver os mist\u00e9rios da Paix\u00e3o do Senhor e traduziu isso como mensagem, caminhos de salva\u00e7\u00e3o, para as pessoas que foi encontrando pelo caminho, pelos lugares por onde passou. A pedido do Papa, ele tamb\u00e9m foi convidado, principalmente na cidade de C\u00f3rsega, a ser o mediador da paz, local onde os cidad\u00e3os estavam vivendo in\u00fameros conflitos e desaven\u00e7as. Por isso, ele \u00e9 identificado como pacificador&#8221;, acrescentou.<\/p>\n\n\t\t<style type=\"text\/css\">\n\t\t\t#gallery-1 {\n\t\t\t\tmargin: auto;\n\t\t\t}\n\t\t\t#gallery-1 .gallery-item {\n\t\t\t\tfloat: left;\n\t\t\t\tmargin-top: 10px;\n\t\t\t\ttext-align: center;\n\t\t\t\twidth: 12%;\n\t\t\t}\n\t\t\t#gallery-1 img {\n\t\t\t\tborder: 2px solid #cfcfcf;\n\t\t\t}\n\t\t\t#gallery-1 .gallery-caption {\n\t\t\t\tmargin-left: 0;\n\t\t\t}\n\t\t\t\/* see gallery_shortcode() in wp-includes\/media.php *\/\n\t\t<\/style>\n\t\t<div id='gallery-1' class='gallery galleryid-235417 gallery-columns-8 gallery-size-thumbnail'><dl class='gallery-item'>\n\t\t\t<dt class='gallery-icon landscape'>\n\t\t\t\t<a href='https:\/\/franciscanos.org.br\/noticias\/wp-content\/uploads\/2021\/11\/quarto_02.jpg'><img width=\"300\" height=\"300\" src=\"https:\/\/franciscanos.org.br\/noticias\/wp-content\/uploads\/2021\/11\/quarto_02-300x300.jpg\" class=\"attachment-thumbnail size-thumbnail\" alt=\"\" loading=\"lazy\" srcset=\"https:\/\/franciscanos.org.br\/noticias\/wp-content\/uploads\/2021\/11\/quarto_02-300x300.jpg 300w, https:\/\/franciscanos.org.br\/noticias\/wp-content\/uploads\/2021\/11\/quarto_02-100x100.jpg 100w\" sizes=\"(max-width: 300px) 100vw, 300px\" \/><\/a>\n\t\t\t<\/dt><\/dl><dl class='gallery-item'>\n\t\t\t<dt class='gallery-icon landscape'>\n\t\t\t\t<a href='https:\/\/franciscanos.org.br\/noticias\/wp-content\/uploads\/2021\/11\/quarto_03.jpg'><img width=\"300\" height=\"300\" src=\"https:\/\/franciscanos.org.br\/noticias\/wp-content\/uploads\/2021\/11\/quarto_03-300x300.jpg\" class=\"attachment-thumbnail size-thumbnail\" alt=\"\" loading=\"lazy\" srcset=\"https:\/\/franciscanos.org.br\/noticias\/wp-content\/uploads\/2021\/11\/quarto_03-300x300.jpg 300w, https:\/\/franciscanos.org.br\/noticias\/wp-content\/uploads\/2021\/11\/quarto_03-100x100.jpg 100w\" sizes=\"(max-width: 300px) 100vw, 300px\" \/><\/a>\n\t\t\t<\/dt><\/dl><dl class='gallery-item'>\n\t\t\t<dt class='gallery-icon landscape'>\n\t\t\t\t<a href='https:\/\/franciscanos.org.br\/noticias\/wp-content\/uploads\/2021\/11\/quarto_04.jpg'><img width=\"300\" height=\"300\" src=\"https:\/\/franciscanos.org.br\/noticias\/wp-content\/uploads\/2021\/11\/quarto_04-300x300.jpg\" class=\"attachment-thumbnail size-thumbnail\" alt=\"\" loading=\"lazy\" srcset=\"https:\/\/franciscanos.org.br\/noticias\/wp-content\/uploads\/2021\/11\/quarto_04-300x300.jpg 300w, https:\/\/franciscanos.org.br\/noticias\/wp-content\/uploads\/2021\/11\/quarto_04-100x100.jpg 100w\" sizes=\"(max-width: 300px) 100vw, 300px\" \/><\/a>\n\t\t\t<\/dt><\/dl><dl class='gallery-item'>\n\t\t\t<dt class='gallery-icon landscape'>\n\t\t\t\t<a href='https:\/\/franciscanos.org.br\/noticias\/wp-content\/uploads\/2021\/11\/quarto_05.jpg'><img width=\"300\" height=\"300\" src=\"https:\/\/franciscanos.org.br\/noticias\/wp-content\/uploads\/2021\/11\/quarto_05-300x300.jpg\" class=\"attachment-thumbnail size-thumbnail\" alt=\"\" loading=\"lazy\" srcset=\"https:\/\/franciscanos.org.br\/noticias\/wp-content\/uploads\/2021\/11\/quarto_05-300x300.jpg 300w, https:\/\/franciscanos.org.br\/noticias\/wp-content\/uploads\/2021\/11\/quarto_05-100x100.jpg 100w\" sizes=\"(max-width: 300px) 100vw, 300px\" \/><\/a>\n\t\t\t<\/dt><\/dl><dl class='gallery-item'>\n\t\t\t<dt class='gallery-icon landscape'>\n\t\t\t\t<a href='https:\/\/franciscanos.org.br\/noticias\/wp-content\/uploads\/2021\/11\/quarto_06.jpg'><img width=\"300\" height=\"300\" src=\"https:\/\/franciscanos.org.br\/noticias\/wp-content\/uploads\/2021\/11\/quarto_06-300x300.jpg\" class=\"attachment-thumbnail size-thumbnail\" alt=\"\" loading=\"lazy\" srcset=\"https:\/\/franciscanos.org.br\/noticias\/wp-content\/uploads\/2021\/11\/quarto_06-300x300.jpg 300w, https:\/\/franciscanos.org.br\/noticias\/wp-content\/uploads\/2021\/11\/quarto_06-100x100.jpg 100w\" sizes=\"(max-width: 300px) 100vw, 300px\" \/><\/a>\n\t\t\t<\/dt><\/dl><dl class='gallery-item'>\n\t\t\t<dt class='gallery-icon landscape'>\n\t\t\t\t<a href='https:\/\/franciscanos.org.br\/noticias\/wp-content\/uploads\/2021\/11\/quarto_07.jpg'><img width=\"300\" height=\"300\" src=\"https:\/\/franciscanos.org.br\/noticias\/wp-content\/uploads\/2021\/11\/quarto_07-300x300.jpg\" class=\"attachment-thumbnail size-thumbnail\" alt=\"\" loading=\"lazy\" srcset=\"https:\/\/franciscanos.org.br\/noticias\/wp-content\/uploads\/2021\/11\/quarto_07-300x300.jpg 300w, https:\/\/franciscanos.org.br\/noticias\/wp-content\/uploads\/2021\/11\/quarto_07-100x100.jpg 100w\" sizes=\"(max-width: 300px) 100vw, 300px\" \/><\/a>\n\t\t\t<\/dt><\/dl><dl class='gallery-item'>\n\t\t\t<dt class='gallery-icon landscape'>\n\t\t\t\t<a href='https:\/\/franciscanos.org.br\/noticias\/wp-content\/uploads\/2021\/11\/quarto_08.jpg'><img width=\"300\" height=\"300\" src=\"https:\/\/franciscanos.org.br\/noticias\/wp-content\/uploads\/2021\/11\/quarto_08-300x300.jpg\" class=\"attachment-thumbnail size-thumbnail\" alt=\"\" loading=\"lazy\" srcset=\"https:\/\/franciscanos.org.br\/noticias\/wp-content\/uploads\/2021\/11\/quarto_08-300x300.jpg 300w, https:\/\/franciscanos.org.br\/noticias\/wp-content\/uploads\/2021\/11\/quarto_08-100x100.jpg 100w\" sizes=\"(max-width: 300px) 100vw, 300px\" \/><\/a>\n\t\t\t<\/dt><\/dl><dl class='gallery-item'>\n\t\t\t<dt class='gallery-icon landscape'>\n\t\t\t\t<a href='https:\/\/franciscanos.org.br\/noticias\/wp-content\/uploads\/2021\/11\/quarto_09.jpg'><img width=\"300\" height=\"300\" src=\"https:\/\/franciscanos.org.br\/noticias\/wp-content\/uploads\/2021\/11\/quarto_09-300x300.jpg\" class=\"attachment-thumbnail size-thumbnail\" alt=\"\" loading=\"lazy\" srcset=\"https:\/\/franciscanos.org.br\/noticias\/wp-content\/uploads\/2021\/11\/quarto_09-300x300.jpg 300w, https:\/\/franciscanos.org.br\/noticias\/wp-content\/uploads\/2021\/11\/quarto_09-100x100.jpg 100w\" sizes=\"(max-width: 300px) 100vw, 300px\" \/><\/a>\n\t\t\t<\/dt><\/dl><br style=\"clear: both\" \/>\n\t\t<\/div>\n\n<p>Por causa de sua grande devo\u00e7\u00e3o pelas esta\u00e7\u00f5es da Via-Sacra, ele \u00e9 conhecido tamb\u00e9m como \u201cO Salvador do Coliseu\u201d, j\u00e1 que houve um tempo em que o antigo edif\u00edcio ficou abandonado, depredado e suas pedras eram retiradas para serem usadas em outras constru\u00e7\u00f5es. &#8220;Ele ajudou o povo a entender que aquele espa\u00e7o era um local sagrado porque muitos crist\u00e3os haviam derramado sangue ali, testemunhando sua f\u00e9 em Jesus Cristo&#8221;, explicou. Essa medida acabou se tornando uma tradi\u00e7\u00e3o na Igreja, fazendo com que o Coliseu passasse a ser protegido. Tanto que hoje, em toda Sexta-Feira da Paix\u00e3o, sempre que poss\u00edvel, o Papa celebra com os fi\u00e9is a Via-Sacra no Coliseu de Roma.<\/p>\n<p>&#8220;O exemplo de S\u00e3o Maur\u00edcio pode nos ajudar muito a entender a import\u00e2ncia de sermos pessoas de olhos abertos, de cora\u00e7\u00e3o aberto, todos os dias, para que em meio a fatos e acontecimentos estejamos prontos, vigilantes e atentos \u00e0 manifesta\u00e7\u00e3o de Deus na nossa vida, na vida da fraternidade, na vida da Igreja e na vida das pessoas de boa vontade neste mundo&#8221;, pediu Frei Claudino.<br \/>\n<img loading=\"lazy\" class=\"alignnone wp-image-235429 size-full\" src=\"https:\/\/franciscanos.org.br\/noticias\/wp-content\/uploads\/2021\/11\/quartodia_2611_2.jpg\" alt=\"\" width=\"1280\" height=\"960\" srcset=\"https:\/\/franciscanos.org.br\/noticias\/wp-content\/uploads\/2021\/11\/quartodia_2611_2.jpg 1280w, https:\/\/franciscanos.org.br\/noticias\/wp-content\/uploads\/2021\/11\/quartodia_2611_2-450x338.jpg 450w, https:\/\/franciscanos.org.br\/noticias\/wp-content\/uploads\/2021\/11\/quartodia_2611_2-1024x768.jpg 1024w, https:\/\/franciscanos.org.br\/noticias\/wp-content\/uploads\/2021\/11\/quartodia_2611_2-768x576.jpg 768w, https:\/\/franciscanos.org.br\/noticias\/wp-content\/uploads\/2021\/11\/quartodia_2611_2-150x113.jpg 150w, https:\/\/franciscanos.org.br\/noticias\/wp-content\/uploads\/2021\/11\/quartodia_2611_2-600x450.jpg 600w\" sizes=\"(max-width: 1280px) 100vw, 1280px\" \/><\/p>\n<p>E continuou: &#8220;Que n\u00f3s possamos tamb\u00e9m, a exemplo de S\u00e3o Leonardo, sermos pessoas que depositam humildemente a sua confian\u00e7a nas palavras do mestre de Nazar\u00e9, palavras que n\u00e3o passam, palavras sempre de novo que nos inspiram a avan\u00e7ar no caminho da virtude, no caminho da santidade, a recome\u00e7ar diariamente a construir n\u00e3o a fraternidade que n\u00f3s sonhamos, mas aquela que \u00e9 poss\u00edvel a partir das condi\u00e7\u00f5es e das virtudes de cada confrade&#8221;.<\/p>\n<p>&#8220;Ent\u00e3o, que estas motiva\u00e7\u00f5es nos acompanhem hoje em mais um dia de Cap\u00edtulo Provincial e nos inspirem tamb\u00e9m a buscar, enquanto Prov\u00edncia, os caminhos do Senhor&#8221;, completou.<\/p>\n<p><img loading=\"lazy\" class=\"alignnone wp-image-235430 size-full\" src=\"https:\/\/franciscanos.org.br\/noticias\/wp-content\/uploads\/2021\/11\/quartodia_2611_3.jpg\" alt=\"\" width=\"1280\" height=\"853\" srcset=\"https:\/\/franciscanos.org.br\/noticias\/wp-content\/uploads\/2021\/11\/quartodia_2611_3.jpg 1280w, https:\/\/franciscanos.org.br\/noticias\/wp-content\/uploads\/2021\/11\/quartodia_2611_3-450x300.jpg 450w, https:\/\/franciscanos.org.br\/noticias\/wp-content\/uploads\/2021\/11\/quartodia_2611_3-1024x682.jpg 1024w, https:\/\/franciscanos.org.br\/noticias\/wp-content\/uploads\/2021\/11\/quartodia_2611_3-768x512.jpg 768w, https:\/\/franciscanos.org.br\/noticias\/wp-content\/uploads\/2021\/11\/quartodia_2611_3-150x100.jpg 150w\" sizes=\"(max-width: 1280px) 100vw, 1280px\" \/><\/p>\n<p>Hoje, os 111 capitulares continuam os trabalhos de leitura e reflex\u00e3o do Relat\u00f3rio ao Cap\u00edtulo, ficando para as 20h30 a leitura da \u00faltima parte sobre Evangeliza\u00e7\u00e3o e Miss\u00e3o. J\u00e1 amanh\u00e3, s\u00e1bado, ainda continuam os trabalhos em grupo e plen\u00e1rio, ficando para as 14h30 a elei\u00e7\u00e3o do novo Ministro Provincial da Prov\u00edncia da Imaculada Concei\u00e7\u00e3o do Brasil.<\/p>\n<hr \/>\n<p><strong>Equipe de Comunica\u00e7\u00e3o do Cap\u00edtulo:<\/strong>\u00a0<em>Frei Augusto Gabriel, Frei Clauzemir Makximovitz, Frei Gabriel Dellandrea, Frei Alan Leal de Mattos e Moacir Beggo.<\/em><\/p>\n<hr \/>\n<p><iframe loading=\"lazy\" title=\"YouTube video player\" src=\"https:\/\/www.youtube.com\/embed\/41xI4q1LXV8\" width=\"100%\" height=\"480\" frameborder=\"0\" allowfullscreen=\"allowfullscreen\"><\/iframe><\/p>\n","protected":false},"excerpt":{"rendered":"<p>Cap\u00edtulo Provincial 2021<\/p>\n","protected":false},"author":3,"featured_media":235419,"comment_status":"open","ping_status":"open","sticky":false,"template":"","format":"standard","meta":[],"categories":[1],"tags":[1943],"acf":[],"yoast_head":"<!-- This site is optimized with the Yoast SEO plugin v19.2 - https:\/\/yoast.com\/wordpress\/plugins\/seo\/ -->\n<title>O exemplo de S\u00e3o Leonardo de Porto Maur\u00edcio para inspirar os capitulares - Not\u00edcias - Franciscanos<\/title>\n<meta name=\"robots\" content=\"index, follow, max-snippet:-1, max-image-preview:large, max-video-preview:-1\" \/>\n<link rel=\"canonical\" href=\"https:\/\/franciscanos.org.br\/noticias\/o-exemplo-de-sao-leonardo-de-porto-mauricio-para-inspirar-os-capitulares.html\" \/>\n<meta property=\"og:locale\" content=\"pt_BR\" \/>\n<meta property=\"og:type\" content=\"article\" \/>\n<meta property=\"og:title\" content=\"O exemplo de S\u00e3o Leonardo de Porto Maur\u00edcio para inspirar os capitulares - Not\u00edcias - Franciscanos\" \/>\n<meta property=\"og:description\" content=\"Cap\u00edtulo Provincial 2021\" \/>\n<meta property=\"og:url\" content=\"https:\/\/franciscanos.org.br\/noticias\/o-exemplo-de-sao-leonardo-de-porto-mauricio-para-inspirar-os-capitulares.html\" \/>\n<meta property=\"og:site_name\" content=\"Not\u00edcias - Franciscanos\" \/>\n<meta property=\"article:published_time\" content=\"2021-11-26T14:35:55+00:00\" \/>\n<meta property=\"article:modified_time\" content=\"2021-11-27T12:17:11+00:00\" \/>\n<meta property=\"og:image\" content=\"https:\/\/franciscanos.org.br\/noticias\/wp-content\/uploads\/2021\/11\/quartodia_2611d.jpg\" \/>\n\t<meta property=\"og:image:width\" content=\"800\" \/>\n\t<meta property=\"og:image:height\" content=\"500\" \/>\n\t<meta property=\"og:image:type\" content=\"image\/jpeg\" \/>\n<meta name=\"author\" content=\"moacir\" \/>\n<meta name=\"twitter:card\" content=\"summary_large_image\" \/>\n<meta name=\"twitter:label1\" content=\"Escrito por\" \/>\n\t<meta name=\"twitter:data1\" content=\"moacir\" \/>\n\t<meta name=\"twitter:label2\" content=\"Est. tempo de leitura\" \/>\n\t<meta name=\"twitter:data2\" content=\"4 minutos\" \/>\n<script type=\"application\/ld+json\" class=\"yoast-schema-graph\">{\"@context\":\"https:\/\/schema.org\",\"@graph\":[{\"@type\":\"WebSite\",\"@id\":\"https:\/\/franciscanos.org.br\/noticias\/#website\",\"url\":\"https:\/\/franciscanos.org.br\/noticias\/\",\"name\":\"Not\u00edcias - Franciscanos\",\"description\":\"Prov\u00edncia Franciscana da Imaculada Concei\u00e7\u00e3o do Brasil - Ordem dos Frades Menores - OFM\",\"potentialAction\":[{\"@type\":\"SearchAction\",\"target\":{\"@type\":\"EntryPoint\",\"urlTemplate\":\"https:\/\/franciscanos.org.br\/noticias\/?s={search_term_string}\"},\"query-input\":\"required name=search_term_string\"}],\"inLanguage\":\"pt-BR\"},{\"@type\":\"ImageObject\",\"inLanguage\":\"pt-BR\",\"@id\":\"https:\/\/franciscanos.org.br\/noticias\/o-exemplo-de-sao-leonardo-de-porto-mauricio-para-inspirar-os-capitulares.html#primaryimage\",\"url\":\"https:\/\/franciscanos.org.br\/noticias\/wp-content\/uploads\/2021\/11\/quartodia_2611d.jpg\",\"contentUrl\":\"https:\/\/franciscanos.org.br\/noticias\/wp-content\/uploads\/2021\/11\/quartodia_2611d.jpg\",\"width\":800,\"height\":500},{\"@type\":\"WebPage\",\"@id\":\"https:\/\/franciscanos.org.br\/noticias\/o-exemplo-de-sao-leonardo-de-porto-mauricio-para-inspirar-os-capitulares.html#webpage\",\"url\":\"https:\/\/franciscanos.org.br\/noticias\/o-exemplo-de-sao-leonardo-de-porto-mauricio-para-inspirar-os-capitulares.html\",\"name\":\"O exemplo de S\u00e3o Leonardo de Porto Maur\u00edcio para inspirar os capitulares - Not\u00edcias - Franciscanos\",\"isPartOf\":{\"@id\":\"https:\/\/franciscanos.org.br\/noticias\/#website\"},\"primaryImageOfPage\":{\"@id\":\"https:\/\/franciscanos.org.br\/noticias\/o-exemplo-de-sao-leonardo-de-porto-mauricio-para-inspirar-os-capitulares.html#primaryimage\"},\"datePublished\":\"2021-11-26T14:35:55+00:00\",\"dateModified\":\"2021-11-27T12:17:11+00:00\",\"author\":{\"@id\":\"https:\/\/franciscanos.org.br\/noticias\/#\/schema\/person\/b5c8cba458c330ccff548b056e95a5d4\"},\"breadcrumb\":{\"@id\":\"https:\/\/franciscanos.org.br\/noticias\/o-exemplo-de-sao-leonardo-de-porto-mauricio-para-inspirar-os-capitulares.html#breadcrumb\"},\"inLanguage\":\"pt-BR\",\"potentialAction\":[{\"@type\":\"ReadAction\",\"target\":[\"https:\/\/franciscanos.org.br\/noticias\/o-exemplo-de-sao-leonardo-de-porto-mauricio-para-inspirar-os-capitulares.html\"]}]},{\"@type\":\"BreadcrumbList\",\"@id\":\"https:\/\/franciscanos.org.br\/noticias\/o-exemplo-de-sao-leonardo-de-porto-mauricio-para-inspirar-os-capitulares.html#breadcrumb\",\"itemListElement\":[{\"@type\":\"ListItem\",\"position\":1,\"name\":\"Home\",\"item\":\"https:\/\/franciscanos.org.br\/noticias\"},{\"@type\":\"ListItem\",\"position\":2,\"name\":\"O exemplo de S\u00e3o Leonardo de Porto Maur\u00edcio para inspirar os capitulares\"}]},{\"@type\":\"Person\",\"@id\":\"https:\/\/franciscanos.org.br\/noticias\/#\/schema\/person\/b5c8cba458c330ccff548b056e95a5d4\",\"name\":\"moacir\",\"image\":{\"@type\":\"ImageObject\",\"inLanguage\":\"pt-BR\",\"@id\":\"https:\/\/franciscanos.org.br\/noticias\/#\/schema\/person\/image\/\",\"url\":\"https:\/\/secure.gravatar.com\/avatar\/d08aa2ce4c8dd416d4479aa8536fcf64?s=96&d=mm&r=g\",\"contentUrl\":\"https:\/\/secure.gravatar.com\/avatar\/d08aa2ce4c8dd416d4479aa8536fcf64?s=96&d=mm&r=g\",\"caption\":\"moacir\"},\"url\":\"https:\/\/franciscanos.org.br\/noticias\/author\/moacir\"}]}<\/script>\n<!-- \/ Yoast SEO plugin. -->","yoast_head_json":{"title":"O exemplo de S\u00e3o Leonardo de Porto Maur\u00edcio para inspirar os capitulares - Not\u00edcias - Franciscanos","robots":{"index":"index","follow":"follow","max-snippet":"max-snippet:-1","max-image-preview":"max-image-preview:large","max-video-preview":"max-video-preview:-1"},"canonical":"https:\/\/franciscanos.org.br\/noticias\/o-exemplo-de-sao-leonardo-de-porto-mauricio-para-inspirar-os-capitulares.html","og_locale":"pt_BR","og_type":"article","og_title":"O exemplo de S\u00e3o Leonardo de Porto Maur\u00edcio para inspirar os capitulares - Not\u00edcias - Franciscanos","og_description":"Cap\u00edtulo Provincial 2021","og_url":"https:\/\/franciscanos.org.br\/noticias\/o-exemplo-de-sao-leonardo-de-porto-mauricio-para-inspirar-os-capitulares.html","og_site_name":"Not\u00edcias - Franciscanos","article_published_time":"2021-11-26T14:35:55+00:00","article_modified_time":"2021-11-27T12:17:11+00:00","og_image":[{"width":800,"height":500,"url":"https:\/\/franciscanos.org.br\/noticias\/wp-content\/uploads\/2021\/11\/quartodia_2611d.jpg","type":"image\/jpeg"}],"author":"moacir","twitter_card":"summary_large_image","twitter_misc":{"Escrito por":"moacir","Est. tempo de leitura":"4 minutos"},"schema":{"@context":"https:\/\/schema.org","@graph":[{"@type":"WebSite","@id":"https:\/\/franciscanos.org.br\/noticias\/#website","url":"https:\/\/franciscanos.org.br\/noticias\/","name":"Not\u00edcias - Franciscanos","description":"Prov\u00edncia Franciscana da Imaculada Concei\u00e7\u00e3o do Brasil - Ordem dos Frades Menores - OFM","potentialAction":[{"@type":"SearchAction","target":{"@type":"EntryPoint","urlTemplate":"https:\/\/franciscanos.org.br\/noticias\/?s={search_term_string}"},"query-input":"required name=search_term_string"}],"inLanguage":"pt-BR"},{"@type":"ImageObject","inLanguage":"pt-BR","@id":"https:\/\/franciscanos.org.br\/noticias\/o-exemplo-de-sao-leonardo-de-porto-mauricio-para-inspirar-os-capitulares.html#primaryimage","url":"https:\/\/franciscanos.org.br\/noticias\/wp-content\/uploads\/2021\/11\/quartodia_2611d.jpg","contentUrl":"https:\/\/franciscanos.org.br\/noticias\/wp-content\/uploads\/2021\/11\/quartodia_2611d.jpg","width":800,"height":500},{"@type":"WebPage","@id":"https:\/\/franciscanos.org.br\/noticias\/o-exemplo-de-sao-leonardo-de-porto-mauricio-para-inspirar-os-capitulares.html#webpage","url":"https:\/\/franciscanos.org.br\/noticias\/o-exemplo-de-sao-leonardo-de-porto-mauricio-para-inspirar-os-capitulares.html","name":"O exemplo de S\u00e3o Leonardo de Porto Maur\u00edcio para inspirar os capitulares - Not\u00edcias - Franciscanos","isPartOf":{"@id":"https:\/\/franciscanos.org.br\/noticias\/#website"},"primaryImageOfPage":{"@id":"https:\/\/franciscanos.org.br\/noticias\/o-exemplo-de-sao-leonardo-de-porto-mauricio-para-inspirar-os-capitulares.html#primaryimage"},"datePublished":"2021-11-26T14:35:55+00:00","dateModified":"2021-11-27T12:17:11+00:00","author":{"@id":"https:\/\/franciscanos.org.br\/noticias\/#\/schema\/person\/b5c8cba458c330ccff548b056e95a5d4"},"breadcrumb":{"@id":"https:\/\/franciscanos.org.br\/noticias\/o-exemplo-de-sao-leonardo-de-porto-mauricio-para-inspirar-os-capitulares.html#breadcrumb"},"inLanguage":"pt-BR","potentialAction":[{"@type":"ReadAction","target":["https:\/\/franciscanos.org.br\/noticias\/o-exemplo-de-sao-leonardo-de-porto-mauricio-para-inspirar-os-capitulares.html"]}]},{"@type":"BreadcrumbList","@id":"https:\/\/franciscanos.org.br\/noticias\/o-exemplo-de-sao-leonardo-de-porto-mauricio-para-inspirar-os-capitulares.html#breadcrumb","itemListElement":[{"@type":"ListItem","position":1,"name":"Home","item":"https:\/\/franciscanos.org.br\/noticias"},{"@type":"ListItem","position":2,"name":"O exemplo de S\u00e3o Leonardo de Porto Maur\u00edcio para inspirar os capitulares"}]},{"@type":"Person","@id":"https:\/\/franciscanos.org.br\/noticias\/#\/schema\/person\/b5c8cba458c330ccff548b056e95a5d4","name":"moacir","image":{"@type":"ImageObject","inLanguage":"pt-BR","@id":"https:\/\/franciscanos.org.br\/noticias\/#\/schema\/person\/image\/","url":"https:\/\/secure.gravatar.com\/avatar\/d08aa2ce4c8dd416d4479aa8536fcf64?s=96&d=mm&r=g","contentUrl":"https:\/\/secure.gravatar.com\/avatar\/d08aa2ce4c8dd416d4479aa8536fcf64?s=96&d=mm&r=g","caption":"moacir"},"url":"https:\/\/franciscanos.org.br\/noticias\/author\/moacir"}]}},"_links":{"self":[{"href":"https:\/\/franciscanos.org.br\/noticias\/wp-json\/wp\/v2\/posts\/235417"}],"collection":[{"href":"https:\/\/franciscanos.org.br\/noticias\/wp-json\/wp\/v2\/posts"}],"about":[{"href":"https:\/\/franciscanos.org.br\/noticias\/wp-json\/wp\/v2\/types\/post"}],"author":[{"embeddable":true,"href":"https:\/\/franciscanos.org.br\/noticias\/wp-json\/wp\/v2\/users\/3"}],"replies":[{"embeddable":true,"href":"https:\/\/franciscanos.org.br\/noticias\/wp-json\/wp\/v2\/comments?post=235417"}],"version-history":[{"count":3,"href":"https:\/\/franciscanos.org.br\/noticias\/wp-json\/wp\/v2\/posts\/235417\/revisions"}],"predecessor-version":[{"id":235448,"href":"https:\/\/franciscanos.org.br\/noticias\/wp-json\/wp\/v2\/posts\/235417\/revisions\/235448"}],"wp:featuredmedia":[{"embeddable":true,"href":"https:\/\/franciscanos.org.br\/noticias\/wp-json\/wp\/v2\/media\/235419"}],"wp:attachment":[{"href":"https:\/\/franciscanos.org.br\/noticias\/wp-json\/wp\/v2\/media?parent=235417"}],"wp:term":[{"taxonomy":"category","embeddable":true,"href":"https:\/\/franciscanos.org.br\/noticias\/wp-json\/wp\/v2\/categories?post=235417"},{"taxonomy":"post_tag","embeddable":true,"href":"https:\/\/franciscanos.org.br\/noticias\/wp-json\/wp\/v2\/tags?post=235417"}],"curies":[{"name":"wp","href":"https:\/\/api.w.org\/{rel}","templated":true}]}}