{"id":235398,"date":"2021-11-25T20:25:17","date_gmt":"2021-11-25T23:25:17","guid":{"rendered":"https:\/\/franciscanos.org.br\/noticias\/?p=235398"},"modified":"2021-11-25T23:17:13","modified_gmt":"2021-11-26T02:17:13","slug":"relatorio-a-realidade-provincial","status":"publish","type":"post","link":"https:\/\/franciscanos.org.br\/noticias\/relatorio-a-realidade-provincial.html","title":{"rendered":"Relat\u00f3rio: A realidade Provincial"},"content":{"rendered":"<p><img loading=\"lazy\" class=\"alignnone wp-image-235399 size-full\" src=\"https:\/\/franciscanos.org.br\/noticias\/wp-content\/uploads\/2021\/11\/sala_2511.jpg\" alt=\"\" width=\"1280\" height=\"720\" srcset=\"https:\/\/franciscanos.org.br\/noticias\/wp-content\/uploads\/2021\/11\/sala_2511.jpg 1280w, https:\/\/franciscanos.org.br\/noticias\/wp-content\/uploads\/2021\/11\/sala_2511-450x253.jpg 450w, https:\/\/franciscanos.org.br\/noticias\/wp-content\/uploads\/2021\/11\/sala_2511-1024x576.jpg 1024w, https:\/\/franciscanos.org.br\/noticias\/wp-content\/uploads\/2021\/11\/sala_2511-768x432.jpg 768w, https:\/\/franciscanos.org.br\/noticias\/wp-content\/uploads\/2021\/11\/sala_2511-150x84.jpg 150w\" sizes=\"(max-width: 1280px) 100vw, 1280px\" \/><\/p>\n<p>Na manh\u00e3 dessa quinta-feira, o Definidor Geral e Visitador de nossa Prov\u00edncia, Frei C\u00e9sar K\u00fclkamp, iniciou a apresenta\u00e7\u00e3o do Relat\u00f3rio ao Cap\u00edtulo. Como ele desempenhara o of\u00edcio de Ministro Provincial durante o tri\u00eanio antes de ser eleito Definidor Geral, tratou-se de uma apresenta\u00e7\u00e3o da Prov\u00edncia e um olhar mais atento \u00e0 realidade de nossa Fraternidade Provincial.<\/p>\n<p>Quanto \u00e0s prioridades do Plano de Evangeliza\u00e7\u00e3o, destacou os desafios da Pastoral Vocacional, na situa\u00e7\u00e3o em que estamos, de diminui\u00e7\u00e3o de n\u00fameros e escassez de frades, o que deveria nos questionar e motivar para o trabalho vocacional.<\/p>\n<p><img loading=\"lazy\" class=\"alignnone wp-image-235400 size-full\" src=\"https:\/\/franciscanos.org.br\/noticias\/wp-content\/uploads\/2021\/11\/sala_2511_1.jpg\" alt=\"\" width=\"1280\" height=\"853\" srcset=\"https:\/\/franciscanos.org.br\/noticias\/wp-content\/uploads\/2021\/11\/sala_2511_1.jpg 1280w, https:\/\/franciscanos.org.br\/noticias\/wp-content\/uploads\/2021\/11\/sala_2511_1-450x300.jpg 450w, https:\/\/franciscanos.org.br\/noticias\/wp-content\/uploads\/2021\/11\/sala_2511_1-1024x682.jpg 1024w, https:\/\/franciscanos.org.br\/noticias\/wp-content\/uploads\/2021\/11\/sala_2511_1-768x512.jpg 768w, https:\/\/franciscanos.org.br\/noticias\/wp-content\/uploads\/2021\/11\/sala_2511_1-150x100.jpg 150w\" sizes=\"(max-width: 1280px) 100vw, 1280px\" \/><\/p>\n<p>Os pedidos do Cap\u00edtulo Provincial 2018 foram tratados com carinho. Foram feitas 10 entregas \u2013 10 lugares e servi\u00e7os em que deixamos de estar, com muita dor e sempre com o cora\u00e7\u00e3o apertado. Mesmo entregando esses lugares, quando foi preciso um guardi\u00e3o para Rondinha, tivemos que abrir m\u00e3o do secret\u00e1rio da Prov\u00edncia. Portanto, h\u00e1 uma fragilidade quanto aos frades. Nesse sentido o processo de redimensionamento precisa ser constante e chegar ao modo de vida dos frades, com sobriedade e humildade. Por isso foi poss\u00edvel chegar a assumir novas miss\u00f5es, como o Santu\u00e1rio Frei Galv\u00e3o, em Guaratinguet\u00e1. Com o redimensionamento foi poss\u00edvel olhar com mais aten\u00e7\u00e3o para os diversos aspectos de nossa vida e evangeliza\u00e7\u00e3o, seja na comunica\u00e7\u00e3o, educa\u00e7\u00e3o, santu\u00e1rios etc. A Fraternidade Frei Le\u00e3o \u00e9 uma dessas alegrias, uma fraternidade voltada para o trabalho de educa\u00e7\u00e3o na USF e com o intuito de propiciar mais espa\u00e7o na Fraternidade de Bragan\u00e7a tamb\u00e9m, que \u00e9 para o cuidado dos idosos e adoentados.<\/p>\n<p>A FIMDA representa o anseio mission\u00e1rio da Ordem Franciscana, em uma resposta ao apelo da Ordem e \u00e0 necessidade de levar o franciscanismo a outras terras. \u00c9 um motivo da alegria o primeiro presidente da Funda\u00e7\u00e3o M\u00e3e de Deus de Angola ser angolano, e o governo constitu\u00eddo de metade brasileiros, metade angolanos. Com certeza \u00e9 um tempo de gra\u00e7a e motivo de muita esperan\u00e7a. O aumento das voca\u00e7\u00f5es, para os frades e tamb\u00e9m para a Igreja local, leva a buscar outros trabalhos, par\u00f3quias mais distantes que requerem mais investimento e aten\u00e7\u00e3o, e mais desafios para os frades. Com o grande n\u00famero de formandos, a dificuldade de espa\u00e7os e de formadores, foi decidido que os estudantes, que j\u00e1 vinham fazer a teologia no Brasil, viessem tamb\u00e9m fazer a filosofia no Brasil.<\/p>\n<p><img loading=\"lazy\" class=\"alignnone wp-image-235401 size-full\" src=\"https:\/\/franciscanos.org.br\/noticias\/wp-content\/uploads\/2021\/11\/sala_2511_2.jpg\" alt=\"\" width=\"1280\" height=\"853\" srcset=\"https:\/\/franciscanos.org.br\/noticias\/wp-content\/uploads\/2021\/11\/sala_2511_2.jpg 1280w, https:\/\/franciscanos.org.br\/noticias\/wp-content\/uploads\/2021\/11\/sala_2511_2-450x300.jpg 450w, https:\/\/franciscanos.org.br\/noticias\/wp-content\/uploads\/2021\/11\/sala_2511_2-1024x682.jpg 1024w, https:\/\/franciscanos.org.br\/noticias\/wp-content\/uploads\/2021\/11\/sala_2511_2-768x512.jpg 768w, https:\/\/franciscanos.org.br\/noticias\/wp-content\/uploads\/2021\/11\/sala_2511_2-150x100.jpg 150w\" sizes=\"(max-width: 1280px) 100vw, 1280px\" \/><\/p>\n<p><iframe loading=\"lazy\" title=\"Spotify Embed: Juntos que se constroem sonhos | Ep. 04\" width=\"100%\" height=\"152\" frameborder=\"0\" allowfullscreen allow=\"autoplay; clipboard-write; encrypted-media; fullscreen; picture-in-picture\" src=\"https:\/\/open.spotify.com\/embed\/episode\/1QtqHiXUykMNz92nvkxCY4?si=8c20535327c64cd1&#038;utm_source=oembed\"><\/iframe><\/p>\n<p>Como a postura \u00e9 de acolher bem aqueles que conseguimos formar bem, ficamos dois anos sem acolher aspirantes, devido ao grande n\u00famero de voca\u00e7\u00f5es. Os passos dados tamb\u00e9m foram no sentido de organiza\u00e7\u00e3o cont\u00e1bil, financeira e formativa de nossa presen\u00e7a mission\u00e1ria.<\/p>\n<p>Quanto \u00e0 economia, tivemos que fazer ajustes nesse tri\u00eanio e em especial pelo impacto da pandemia, que afetou todos os \u00e2mbitos de trabalho, pastoral, mission\u00e1rio, e tamb\u00e9m a arrecada\u00e7\u00e3o, manuten\u00e7\u00e3o e sustento de nossas casas e projetos.<\/p>\n<p>A pandemia representou um desafio muito grande e real em todos os aspectos para nossos trabalhos e modo de conviver. Possibilitou confronto com nosso pr\u00f3prio ego\u00edsmo e exigiu esfor\u00e7o e adapta\u00e7\u00e3o.<\/p>\n<p>O movimento de redimensionamento ficou focado na Frente das Par\u00f3quias, precisa agora se estender \u00e0s demais frentes e trabalhos, tanto para equalizar a presen\u00e7a de frades nesses trabalhos, para o que foram dados alguns passos, mas tamb\u00e9m para reavaliar e retomar com renovado vigor nosso testemunho e servi\u00e7o.<\/p>\n<p><img loading=\"lazy\" class=\"alignnone wp-image-235402 size-full\" src=\"https:\/\/franciscanos.org.br\/noticias\/wp-content\/uploads\/2021\/11\/sala_2511_3.jpg\" alt=\"\" width=\"1280\" height=\"853\" srcset=\"https:\/\/franciscanos.org.br\/noticias\/wp-content\/uploads\/2021\/11\/sala_2511_3.jpg 1280w, https:\/\/franciscanos.org.br\/noticias\/wp-content\/uploads\/2021\/11\/sala_2511_3-450x300.jpg 450w, https:\/\/franciscanos.org.br\/noticias\/wp-content\/uploads\/2021\/11\/sala_2511_3-1024x682.jpg 1024w, https:\/\/franciscanos.org.br\/noticias\/wp-content\/uploads\/2021\/11\/sala_2511_3-768x512.jpg 768w, https:\/\/franciscanos.org.br\/noticias\/wp-content\/uploads\/2021\/11\/sala_2511_3-150x100.jpg 150w\" sizes=\"(max-width: 1280px) 100vw, 1280px\" \/><\/p>\n<p>Ap\u00f3s essa apresenta\u00e7\u00e3o de Frei C\u00e9sar e Frei Robson (a parte do economato), os frades se reuniram em grupos para discutirem o quanto essa parte do Relat\u00f3rio, de \u201cpresta\u00e7\u00e3o de contas\u201d, realmente contemplava a todos e a todas as realidades, e para j\u00e1 elencar quais as linhas gerais devem ser prioridades na Prov\u00edncia, apresentando tamb\u00e9m propostas concretas para tal.<\/p>\n<p>Na parte da tarde, um plen\u00e1rio com as discuss\u00f5es dos grupos mostrou forte \u00eanfase na vida fraterna, na qualidade dos relacionamentos e na forma\u00e7\u00e3o continuada e espec\u00edfica, valoriza\u00e7\u00e3o dos esfor\u00e7os de redimensionamento que devem continuar, al\u00e9m de v\u00e1rias quest\u00f5es de organiza\u00e7\u00e3o. Questionamentos sobre como viver melhor o nosso carisma e como nos animar cada vez mais pela nossa voca\u00e7\u00e3o e n\u00e3o por valores escusos foram surgindo e a discuss\u00e3o seguiu. A Pastoral Vocacional, que ser\u00e1 tema de outro momento, foi bem presente nas discuss\u00f5es.<\/p>\n<p>A segunda parte dessa tarde foi dedicada \u00e0 continuidade da apresenta\u00e7\u00e3o do relat\u00f3rio ao Cap\u00edtulo. Frei C\u00e9sar ressaltou a centralidade que a vida fraterna tem para o frade. Somos 46 fraternidades, destas, 41 no Brasil e 5 em Angola. E nessas fraternidades, de um modo geral h\u00e1 um esp\u00edrito bom no conv\u00edvio, partilha de vida e no assumir o trabalho evangelizador em comum.<\/p>\n<p><img loading=\"lazy\" class=\"alignnone wp-image-235403 size-full\" src=\"https:\/\/franciscanos.org.br\/noticias\/wp-content\/uploads\/2021\/11\/sala_2511_4.jpg\" alt=\"\" width=\"1280\" height=\"853\" srcset=\"https:\/\/franciscanos.org.br\/noticias\/wp-content\/uploads\/2021\/11\/sala_2511_4.jpg 1280w, https:\/\/franciscanos.org.br\/noticias\/wp-content\/uploads\/2021\/11\/sala_2511_4-450x300.jpg 450w, https:\/\/franciscanos.org.br\/noticias\/wp-content\/uploads\/2021\/11\/sala_2511_4-1024x682.jpg 1024w, https:\/\/franciscanos.org.br\/noticias\/wp-content\/uploads\/2021\/11\/sala_2511_4-768x512.jpg 768w, https:\/\/franciscanos.org.br\/noticias\/wp-content\/uploads\/2021\/11\/sala_2511_4-150x100.jpg 150w\" sizes=\"(max-width: 1280px) 100vw, 1280px\" \/><\/p>\n<p>Dificuldades e desafios s\u00e3o enfrentados com coragem, mas algumas vezes precisam de mais aten\u00e7\u00e3o e esfor\u00e7o. Isso faz parte da din\u00e2mica de viver em comum. H\u00e1 muitas coisas que podem melhorar, mas esse processo \u00e9 cont\u00ednuo e muito recompensador. Projeto Fraterno de Vida e Miss\u00e3o, Projeto Pessoal, a realiza\u00e7\u00e3o peri\u00f3dica de Cap\u00edtulos, momentos de ora\u00e7\u00e3o, de conv\u00edvio e de descontra\u00e7\u00e3o: s\u00e3o instrumentos valorosos para vivermos bem em fraternidade.<\/p>\n<p>Dando seguimento, Frei Fid\u00eancio continuou a apresenta\u00e7\u00e3o do Relat\u00f3rio ao Cap\u00edtulo, tratando agora sobre o tema da <em>contempla\u00e7\u00e3o<\/em>. Somos Fraternidade Contemplativa em Miss\u00e3o, nosso modo de vida pressup\u00f5e andar na companhia de Deus, reconhec\u00ea-Lo e testemunhar seu Evangelho.<\/p>\n<p>Sobre a Forma\u00e7\u00e3o, Frei Jo\u00e3o Francisco iniciou a apresenta\u00e7\u00e3o do Secretariado para a Forma\u00e7\u00e3o e Estudos agradecendo a todos que colaboraram nessa miss\u00e3o, e em seguida exp\u00f4s a fundamenta\u00e7\u00e3o da forma\u00e7\u00e3o franciscana, os documentos que servem de base e a organiza\u00e7\u00e3o do Secretariado como um todo. Se disp\u00f4s a apresentar as \u201cfor\u00e7as\u201d, \u201coportunidades\u201d, \u201cfraquezas\u201d e \u201camea\u00e7as\u201d na caminhada do Secretariado.<\/p>\n<p>Frei Fid\u00eancio retomou a palavra para a apresenta\u00e7\u00e3o da Forma\u00e7\u00e3o Permanente, elencando o que foi poss\u00edvel realizar diante das dificuldades, e ressaltando que \u00e9 sempre um desafio que precisa ser enfrentado com boa vontade e disposi\u00e7\u00e3o.<\/p>\n<p><img loading=\"lazy\" class=\"alignnone wp-image-235404 size-full\" src=\"https:\/\/franciscanos.org.br\/noticias\/wp-content\/uploads\/2021\/11\/sala_2511_5.jpg\" alt=\"\" width=\"1280\" height=\"853\" srcset=\"https:\/\/franciscanos.org.br\/noticias\/wp-content\/uploads\/2021\/11\/sala_2511_5.jpg 1280w, https:\/\/franciscanos.org.br\/noticias\/wp-content\/uploads\/2021\/11\/sala_2511_5-450x300.jpg 450w, https:\/\/franciscanos.org.br\/noticias\/wp-content\/uploads\/2021\/11\/sala_2511_5-1024x682.jpg 1024w, https:\/\/franciscanos.org.br\/noticias\/wp-content\/uploads\/2021\/11\/sala_2511_5-768x512.jpg 768w, https:\/\/franciscanos.org.br\/noticias\/wp-content\/uploads\/2021\/11\/sala_2511_5-150x100.jpg 150w\" sizes=\"(max-width: 1280px) 100vw, 1280px\" \/><\/p>\n<p>Na parte da noite, novamente a reflex\u00e3o e partilha em grupos propiciou oportunidade e espa\u00e7o para aprofundar e surgirem novas quest\u00f5es. A din\u00e2mica de logo ap\u00f3s a apresenta\u00e7\u00e3o do Relat\u00f3rio, que \u00e9 o instrumento de trabalho do Cap\u00edtulo, sempre com tempo para o debate em pequenos grupos e logo ap\u00f3s plen\u00e1rio, foi a metodologia assumida para n\u00e3o deixar \u201cesfriar\u201d a discuss\u00e3o de assuntos importantes e evitar que quest\u00f5es importantes se percam pelo caminho.<\/p>\n<hr \/>\n<p><strong>Equipe de Comunica\u00e7\u00e3o do Cap\u00edtulo:<\/strong>\u00a0<em>Frei Augusto Gabriel, Frei Clauzemir Makximovitz, Frei Gabriel Dellandrea, Frei Alan Leal de Mattos e Moacir Beggo.<\/em><\/p>\n<hr \/>\n<p><iframe loading=\"lazy\" title=\"YouTube video player\" src=\"https:\/\/www.youtube.com\/embed\/eXmYBHYOh8k\" width=\"100%\" height=\"480\" frameborder=\"0\" allowfullscreen=\"allowfullscreen\"><span data-mce-type=\"bookmark\" style=\"display: inline-block; width: 0px; overflow: hidden; line-height: 0;\" class=\"mce_SELRES_start\">\ufeff<\/span><\/iframe><\/p>\n","protected":false},"excerpt":{"rendered":"<p>Cap\u00edtulo Provincial 2021<\/p>\n","protected":false},"author":3,"featured_media":235399,"comment_status":"open","ping_status":"open","sticky":false,"template":"","format":"standard","meta":[],"categories":[1],"tags":[1943],"acf":[],"yoast_head":"<!-- This site is optimized with the Yoast SEO plugin v19.2 - https:\/\/yoast.com\/wordpress\/plugins\/seo\/ -->\n<title>Relat\u00f3rio: A realidade Provincial - Not\u00edcias - Franciscanos<\/title>\n<meta name=\"robots\" content=\"index, follow, max-snippet:-1, max-image-preview:large, max-video-preview:-1\" \/>\n<link rel=\"canonical\" href=\"https:\/\/franciscanos.org.br\/noticias\/relatorio-a-realidade-provincial.html\" \/>\n<meta property=\"og:locale\" content=\"pt_BR\" \/>\n<meta property=\"og:type\" content=\"article\" \/>\n<meta property=\"og:title\" content=\"Relat\u00f3rio: A realidade Provincial - Not\u00edcias - Franciscanos\" \/>\n<meta property=\"og:description\" content=\"Cap\u00edtulo Provincial 2021\" \/>\n<meta property=\"og:url\" content=\"https:\/\/franciscanos.org.br\/noticias\/relatorio-a-realidade-provincial.html\" \/>\n<meta property=\"og:site_name\" content=\"Not\u00edcias - Franciscanos\" \/>\n<meta property=\"article:published_time\" content=\"2021-11-25T23:25:17+00:00\" \/>\n<meta property=\"article:modified_time\" content=\"2021-11-26T02:17:13+00:00\" \/>\n<meta property=\"og:image\" content=\"https:\/\/franciscanos.org.br\/noticias\/wp-content\/uploads\/2021\/11\/sala_2511.jpg\" \/>\n\t<meta property=\"og:image:width\" content=\"1280\" \/>\n\t<meta property=\"og:image:height\" content=\"720\" \/>\n\t<meta property=\"og:image:type\" content=\"image\/jpeg\" \/>\n<meta name=\"author\" content=\"moacir\" \/>\n<meta name=\"twitter:card\" content=\"summary_large_image\" \/>\n<meta name=\"twitter:label1\" content=\"Escrito por\" \/>\n\t<meta name=\"twitter:data1\" content=\"moacir\" \/>\n\t<meta name=\"twitter:label2\" content=\"Est. tempo de leitura\" \/>\n\t<meta name=\"twitter:data2\" content=\"6 minutos\" \/>\n<script type=\"application\/ld+json\" class=\"yoast-schema-graph\">{\"@context\":\"https:\/\/schema.org\",\"@graph\":[{\"@type\":\"WebSite\",\"@id\":\"https:\/\/franciscanos.org.br\/noticias\/#website\",\"url\":\"https:\/\/franciscanos.org.br\/noticias\/\",\"name\":\"Not\u00edcias - Franciscanos\",\"description\":\"Prov\u00edncia Franciscana da Imaculada Concei\u00e7\u00e3o do Brasil - Ordem dos Frades Menores - OFM\",\"potentialAction\":[{\"@type\":\"SearchAction\",\"target\":{\"@type\":\"EntryPoint\",\"urlTemplate\":\"https:\/\/franciscanos.org.br\/noticias\/?s={search_term_string}\"},\"query-input\":\"required name=search_term_string\"}],\"inLanguage\":\"pt-BR\"},{\"@type\":\"ImageObject\",\"inLanguage\":\"pt-BR\",\"@id\":\"https:\/\/franciscanos.org.br\/noticias\/relatorio-a-realidade-provincial.html#primaryimage\",\"url\":\"https:\/\/franciscanos.org.br\/noticias\/wp-content\/uploads\/2021\/11\/sala_2511.jpg\",\"contentUrl\":\"https:\/\/franciscanos.org.br\/noticias\/wp-content\/uploads\/2021\/11\/sala_2511.jpg\",\"width\":1280,\"height\":720},{\"@type\":\"WebPage\",\"@id\":\"https:\/\/franciscanos.org.br\/noticias\/relatorio-a-realidade-provincial.html#webpage\",\"url\":\"https:\/\/franciscanos.org.br\/noticias\/relatorio-a-realidade-provincial.html\",\"name\":\"Relat\u00f3rio: A realidade Provincial - Not\u00edcias - Franciscanos\",\"isPartOf\":{\"@id\":\"https:\/\/franciscanos.org.br\/noticias\/#website\"},\"primaryImageOfPage\":{\"@id\":\"https:\/\/franciscanos.org.br\/noticias\/relatorio-a-realidade-provincial.html#primaryimage\"},\"datePublished\":\"2021-11-25T23:25:17+00:00\",\"dateModified\":\"2021-11-26T02:17:13+00:00\",\"author\":{\"@id\":\"https:\/\/franciscanos.org.br\/noticias\/#\/schema\/person\/b5c8cba458c330ccff548b056e95a5d4\"},\"breadcrumb\":{\"@id\":\"https:\/\/franciscanos.org.br\/noticias\/relatorio-a-realidade-provincial.html#breadcrumb\"},\"inLanguage\":\"pt-BR\",\"potentialAction\":[{\"@type\":\"ReadAction\",\"target\":[\"https:\/\/franciscanos.org.br\/noticias\/relatorio-a-realidade-provincial.html\"]}]},{\"@type\":\"BreadcrumbList\",\"@id\":\"https:\/\/franciscanos.org.br\/noticias\/relatorio-a-realidade-provincial.html#breadcrumb\",\"itemListElement\":[{\"@type\":\"ListItem\",\"position\":1,\"name\":\"Home\",\"item\":\"https:\/\/franciscanos.org.br\/noticias\"},{\"@type\":\"ListItem\",\"position\":2,\"name\":\"Relat\u00f3rio: A realidade Provincial\"}]},{\"@type\":\"Person\",\"@id\":\"https:\/\/franciscanos.org.br\/noticias\/#\/schema\/person\/b5c8cba458c330ccff548b056e95a5d4\",\"name\":\"moacir\",\"image\":{\"@type\":\"ImageObject\",\"inLanguage\":\"pt-BR\",\"@id\":\"https:\/\/franciscanos.org.br\/noticias\/#\/schema\/person\/image\/\",\"url\":\"https:\/\/secure.gravatar.com\/avatar\/d08aa2ce4c8dd416d4479aa8536fcf64?s=96&d=mm&r=g\",\"contentUrl\":\"https:\/\/secure.gravatar.com\/avatar\/d08aa2ce4c8dd416d4479aa8536fcf64?s=96&d=mm&r=g\",\"caption\":\"moacir\"},\"url\":\"https:\/\/franciscanos.org.br\/noticias\/author\/moacir\"}]}<\/script>\n<!-- \/ Yoast SEO plugin. -->","yoast_head_json":{"title":"Relat\u00f3rio: A realidade Provincial - Not\u00edcias - Franciscanos","robots":{"index":"index","follow":"follow","max-snippet":"max-snippet:-1","max-image-preview":"max-image-preview:large","max-video-preview":"max-video-preview:-1"},"canonical":"https:\/\/franciscanos.org.br\/noticias\/relatorio-a-realidade-provincial.html","og_locale":"pt_BR","og_type":"article","og_title":"Relat\u00f3rio: A realidade Provincial - Not\u00edcias - Franciscanos","og_description":"Cap\u00edtulo Provincial 2021","og_url":"https:\/\/franciscanos.org.br\/noticias\/relatorio-a-realidade-provincial.html","og_site_name":"Not\u00edcias - Franciscanos","article_published_time":"2021-11-25T23:25:17+00:00","article_modified_time":"2021-11-26T02:17:13+00:00","og_image":[{"width":1280,"height":720,"url":"https:\/\/franciscanos.org.br\/noticias\/wp-content\/uploads\/2021\/11\/sala_2511.jpg","type":"image\/jpeg"}],"author":"moacir","twitter_card":"summary_large_image","twitter_misc":{"Escrito por":"moacir","Est. tempo de leitura":"6 minutos"},"schema":{"@context":"https:\/\/schema.org","@graph":[{"@type":"WebSite","@id":"https:\/\/franciscanos.org.br\/noticias\/#website","url":"https:\/\/franciscanos.org.br\/noticias\/","name":"Not\u00edcias - Franciscanos","description":"Prov\u00edncia Franciscana da Imaculada Concei\u00e7\u00e3o do Brasil - Ordem dos Frades Menores - OFM","potentialAction":[{"@type":"SearchAction","target":{"@type":"EntryPoint","urlTemplate":"https:\/\/franciscanos.org.br\/noticias\/?s={search_term_string}"},"query-input":"required name=search_term_string"}],"inLanguage":"pt-BR"},{"@type":"ImageObject","inLanguage":"pt-BR","@id":"https:\/\/franciscanos.org.br\/noticias\/relatorio-a-realidade-provincial.html#primaryimage","url":"https:\/\/franciscanos.org.br\/noticias\/wp-content\/uploads\/2021\/11\/sala_2511.jpg","contentUrl":"https:\/\/franciscanos.org.br\/noticias\/wp-content\/uploads\/2021\/11\/sala_2511.jpg","width":1280,"height":720},{"@type":"WebPage","@id":"https:\/\/franciscanos.org.br\/noticias\/relatorio-a-realidade-provincial.html#webpage","url":"https:\/\/franciscanos.org.br\/noticias\/relatorio-a-realidade-provincial.html","name":"Relat\u00f3rio: A realidade Provincial - Not\u00edcias - Franciscanos","isPartOf":{"@id":"https:\/\/franciscanos.org.br\/noticias\/#website"},"primaryImageOfPage":{"@id":"https:\/\/franciscanos.org.br\/noticias\/relatorio-a-realidade-provincial.html#primaryimage"},"datePublished":"2021-11-25T23:25:17+00:00","dateModified":"2021-11-26T02:17:13+00:00","author":{"@id":"https:\/\/franciscanos.org.br\/noticias\/#\/schema\/person\/b5c8cba458c330ccff548b056e95a5d4"},"breadcrumb":{"@id":"https:\/\/franciscanos.org.br\/noticias\/relatorio-a-realidade-provincial.html#breadcrumb"},"inLanguage":"pt-BR","potentialAction":[{"@type":"ReadAction","target":["https:\/\/franciscanos.org.br\/noticias\/relatorio-a-realidade-provincial.html"]}]},{"@type":"BreadcrumbList","@id":"https:\/\/franciscanos.org.br\/noticias\/relatorio-a-realidade-provincial.html#breadcrumb","itemListElement":[{"@type":"ListItem","position":1,"name":"Home","item":"https:\/\/franciscanos.org.br\/noticias"},{"@type":"ListItem","position":2,"name":"Relat\u00f3rio: A realidade Provincial"}]},{"@type":"Person","@id":"https:\/\/franciscanos.org.br\/noticias\/#\/schema\/person\/b5c8cba458c330ccff548b056e95a5d4","name":"moacir","image":{"@type":"ImageObject","inLanguage":"pt-BR","@id":"https:\/\/franciscanos.org.br\/noticias\/#\/schema\/person\/image\/","url":"https:\/\/secure.gravatar.com\/avatar\/d08aa2ce4c8dd416d4479aa8536fcf64?s=96&d=mm&r=g","contentUrl":"https:\/\/secure.gravatar.com\/avatar\/d08aa2ce4c8dd416d4479aa8536fcf64?s=96&d=mm&r=g","caption":"moacir"},"url":"https:\/\/franciscanos.org.br\/noticias\/author\/moacir"}]}},"_links":{"self":[{"href":"https:\/\/franciscanos.org.br\/noticias\/wp-json\/wp\/v2\/posts\/235398"}],"collection":[{"href":"https:\/\/franciscanos.org.br\/noticias\/wp-json\/wp\/v2\/posts"}],"about":[{"href":"https:\/\/franciscanos.org.br\/noticias\/wp-json\/wp\/v2\/types\/post"}],"author":[{"embeddable":true,"href":"https:\/\/franciscanos.org.br\/noticias\/wp-json\/wp\/v2\/users\/3"}],"replies":[{"embeddable":true,"href":"https:\/\/franciscanos.org.br\/noticias\/wp-json\/wp\/v2\/comments?post=235398"}],"version-history":[{"count":4,"href":"https:\/\/franciscanos.org.br\/noticias\/wp-json\/wp\/v2\/posts\/235398\/revisions"}],"predecessor-version":[{"id":235408,"href":"https:\/\/franciscanos.org.br\/noticias\/wp-json\/wp\/v2\/posts\/235398\/revisions\/235408"}],"wp:featuredmedia":[{"embeddable":true,"href":"https:\/\/franciscanos.org.br\/noticias\/wp-json\/wp\/v2\/media\/235399"}],"wp:attachment":[{"href":"https:\/\/franciscanos.org.br\/noticias\/wp-json\/wp\/v2\/media?parent=235398"}],"wp:term":[{"taxonomy":"category","embeddable":true,"href":"https:\/\/franciscanos.org.br\/noticias\/wp-json\/wp\/v2\/categories?post=235398"},{"taxonomy":"post_tag","embeddable":true,"href":"https:\/\/franciscanos.org.br\/noticias\/wp-json\/wp\/v2\/tags?post=235398"}],"curies":[{"name":"wp","href":"https:\/\/api.w.org\/{rel}","templated":true}]}}