{"id":235323,"date":"2021-11-24T11:49:14","date_gmt":"2021-11-24T14:49:14","guid":{"rendered":"https:\/\/franciscanos.org.br\/noticias\/?p=235323"},"modified":"2021-11-24T14:38:59","modified_gmt":"2021-11-24T17:38:59","slug":"frei-marcelo-conta-como-sobreviveu-depois-de-72-dias-intubado","status":"publish","type":"post","link":"https:\/\/franciscanos.org.br\/noticias\/frei-marcelo-conta-como-sobreviveu-depois-de-72-dias-intubado.html","title":{"rendered":"Frei Marcelo: 72 dias de luta contra a Covid na UTI"},"content":{"rendered":"<p><img loading=\"lazy\" class=\"alignnone size-full wp-image-235324\" src=\"https:\/\/franciscanos.org.br\/noticias\/wp-content\/uploads\/2021\/11\/marcelo_23.jpg\" alt=\"\" width=\"1280\" height=\"720\" srcset=\"https:\/\/franciscanos.org.br\/noticias\/wp-content\/uploads\/2021\/11\/marcelo_23.jpg 1280w, https:\/\/franciscanos.org.br\/noticias\/wp-content\/uploads\/2021\/11\/marcelo_23-450x253.jpg 450w, https:\/\/franciscanos.org.br\/noticias\/wp-content\/uploads\/2021\/11\/marcelo_23-1024x576.jpg 1024w, https:\/\/franciscanos.org.br\/noticias\/wp-content\/uploads\/2021\/11\/marcelo_23-768x432.jpg 768w, https:\/\/franciscanos.org.br\/noticias\/wp-content\/uploads\/2021\/11\/marcelo_23-150x84.jpg 150w\" sizes=\"(max-width: 1280px) 100vw, 1280px\" \/><\/p>\n<p><em>Internado de 12 de abril a 25 de junho, exatos 72 dias, o estudante de Filosofia da Fraternidade S\u00e3o Boaventura, Frei Marcelo Tadeu da Silva Cardoso, de 36 anos, travou a maior batalha de sua vida contra a Covid, a ponto de os m\u00e9dicos liberarem os seus confrades para avisar a fam\u00edlia que a luta estava chegando ao fim. Mesmo sem ter consci\u00eancia do que acontecia nesse tempo intubado, ele n\u00e3o desistiu. Uma for\u00e7a o ajudava a continuar a batalha para derrotar o v\u00edrus que j\u00e1 matou mais de 610 mil pessoas no Brasil. <\/em><\/p>\n<p><em>\u00a0<\/em><em>Frei Marcelo venceu e participa do seu primeiro Cap\u00edtulo Provincial. &#8220;Foi uma grata surpresa quando o Frei Samuel, mestre dos estudantes do tempo da Filosofia, perguntou se eu gostaria de participar. Prontamente respondi que sim, pois havia feito o prop\u00f3sito de n\u00e3o perder nenhuma oportunidade que Deus me apresentasse. \u00c9 muito gratificante estar aqui no Cap\u00edtulo, rever confrades, conhecer e agradecer a todo mundo que rezou pela minha recupera\u00e7\u00e3o&#8221;, contou.<\/em><\/p>\n<p><em>\u00a0<\/em><em>Frei Marcelo faz parte de uma pequena parcela que sobreviveu quando precisou de ventila\u00e7\u00e3o mec\u00e2nica. Segundo dados de uma pesquisa in\u00e9dita obtidos com exclusividade pela BBC News Brasil, 8 em cada 10 pacientes intubados ao longo do primeiro ano de pandemia morreram. E o cen\u00e1rio que imaginaram para este ano era pior ainda.<\/em><\/p>\n<p><em>\u00a0<\/em><em>Nesta entrevista, Frei Marcelo conta como foi o momento do diagn\u00f3stico positivo at\u00e9 a recupera\u00e7\u00e3o em Bragan\u00e7a Paulista e a recupera\u00e7\u00e3o nos estudos para avan\u00e7ar na forma\u00e7\u00e3o religiosa franciscana. <\/em><\/p>\n<p><em>ACOMPANHE! <\/em><\/p>\n<p><strong>Site Franciscanos &#8211; Frei, quando e como foi que percebeu que estava com Covid?<\/strong><\/p>\n<p><strong>Frei Marcelo<\/strong> &#8211; Por volta do dia 06 de abril comecei a sentir um cansa\u00e7o muito grande e dores pelo corpo, principalmente \u00e0 noite. Como havia me vacinado contra a gripe e tomado friagem, pensei que eram sintomas de uma gripe, mas, mesmo assim, procurei a UPA de Campo Largo, onde fiz o teste. Por\u00e9m com o passar do tempo, al\u00e9m desses sintomas, os meus batimentos card\u00edacos se elevaram, a satura\u00e7\u00e3o de oxig\u00eanio caiu e tive uma tosse muito forte. Foi quando decidi retornar \u00e0 Unidade de Sa\u00fade, onde foi confirmada a doen\u00e7a e j\u00e1, no dia 12 de abril, fui internado no Hospital do Rocio, onde fui muito bem tratado, e s\u00f3 recebi alta no dia 25 de junho. Nesse meio tempo passei por momentos em que a melhora do meu quadro havia sido desacreditada pela equipe m\u00e9dica e havia o risco iminente de morte. Certa vez, ap\u00f3s sair da UTI quando estava na enfermaria, uma m\u00e9dica foi fazer uma avalia\u00e7\u00e3o do meu quadro cl\u00ednico e se espantou, pois comentou que me viu &#8220;morrer&#8221; por quatro vezes, j\u00e1 que em quatro plant\u00f5es os quais ela trabalhou achou que eu n\u00e3o passaria das respectivas noites.<\/p>\n<p><strong>Site Franciscanos &#8211; Como se sentiu quando soube que seria intubado?<\/strong><\/p>\n<p><strong>Frei Marcelo<\/strong> &#8211; Olha n\u00e3o me lembro desse momento espec\u00edfico, mas me recordo de dois que foram bem marcantes. O primeiro quando testei positivo para Covid-19, foi um susto, um baque muito grande, senti o tempo parar e tive medo e preocupa\u00e7\u00e3o. O segundo quando fui informado de que iria para a UTI, porque o meu organismo n\u00e3o estava reagindo ao tratamento. De novo um baque, um medo, mas com a esperan\u00e7a de que era o melhor a ser feito. A \u00faltima coisa que me recordo antes de ir para a UTI foi de avisar aos parentes e amigos e desligar o smartphone. Soube, posteriormente, que permaneci alguns dias consciente nesse setor antes de ser intubado e que recebi a un\u00e7\u00e3o dos enfermos, mas n\u00e3o tenho mem\u00f3ria disso.<\/p>\n<p><strong>Site Franciscanos &#8211; A que santo ou devo\u00e7\u00e3o voc\u00ea rezou neste momento?<\/strong><\/p>\n<p><strong>Frei Marcelo <\/strong>&#8211; Sou muito devoto de Nossa Senhora Aparecida, S\u00e3o Francisco de Assis, Santo Ant\u00f4nio e S\u00e3o Judas Tadeu, sempre rezo para eles. De modo particular nesse momento da doen\u00e7a sinto que eles estiveram muito presentes, Nossa Senhora por meio da ora\u00e7\u00e3o do Santo Ter\u00e7o e Santo Ant\u00f4nio porque pr\u00f3ximo ao dia dele eu comecei a melhorar. Sobre a ora\u00e7\u00e3o do ter\u00e7o tem uma hist\u00f3ria muito bonita que li nos relatos sobre o meu boletim m\u00e9dico. Certa vez, eu estava contando algo nos dedos, os enfermeiros e t\u00e9cnicos de enfermagem intu\u00edram que eu estava rezando o ter\u00e7o, ent\u00e3o fizeram um cord\u00e3o com os dez n\u00f3s para que eu pudesse rezar, colocaram-no na minha m\u00e3o e depois uma outra t\u00e9cnica se sensibilizou e comprou um ter\u00e7o para que eu pudesse rezar. Tamb\u00e9m gostaria de recordar que nesse per\u00edodo se formou um grupo que diariamente reza a ora\u00e7\u00e3o do ter\u00e7o para mais de 80 inten\u00e7\u00f5es diferentes.<\/p>\n<p><strong>Site Franciscanos &#8211; E como foi o momento que saiu da intuba\u00e7\u00e3o?<\/strong><\/p>\n<p><strong>Frei Marcelo<\/strong> &#8211; Foram alguns dias em que fui recuperando a consci\u00eancia. Recordo que a cada dia, pouco a pouco, parecia que eu recuperava mais e compreendia o que estava fazendo, o que estava acontecendo e onde eu estava. Algumas vezes, por n\u00e3o lembrar que estava na UTI, cheguei a imaginar que estava dentro de um filme e que a qualquer momento tudo iria acabar.<\/p>\n<p><strong>Site Franciscanos &#8211; Imaginava estar aqui participando deste Cap\u00edtulo?<\/strong><\/p>\n<p><strong>Frei Marcelo<\/strong> &#8211; N\u00e3o imaginava, foi uma grata surpresa quando o Frei Samuel, mestre dos estudantes do tempo da Filosofia, perguntou se eu gostaria de participar e prontamente respondi que sim pois havia feito o prop\u00f3sito de n\u00e3o perder nenhuma oportunidade que Deus me apresentasse. \u00c9 muito gratificante estar aqui no Cap\u00edtulo, rever confrades, conhecer e agradecer a todo mundo que rezou pela minha recupera\u00e7\u00e3o.<\/p>\n<p><strong>Site Franciscanos &#8211; Como foi a recupera\u00e7\u00e3o em Bragan\u00e7a Paulista? Teve sequelas?<\/strong><\/p>\n<p><strong>Frei Marcelo<\/strong> &#8211; Foi maravilhoso, por j\u00e1 ter passado pela fraternidade no ano passado, senti a seguran\u00e7a de que ali seria o melhor local para me recuperar. Foram quatro meses em que fui muito bem acolhido pela fraternidade e pelos funcion\u00e1rios. Eles me ajudaram em tudo o que podiam para que eu me recuperasse de forma excelente, tanto fisicamente quanto psicologicamente, pois me incentivavam a nunca desistir e me motivavam quando sentia algum desanimo. O que fiquei de sequela foi uma eleva\u00e7\u00e3o da taxa de colesterol ruim e diminui\u00e7\u00e3o do bom e, por j\u00e1 ter uma defici\u00eancia de nascen\u00e7a na perna direita, ela ficou mais atrofiada por causa do per\u00edodo de interna\u00e7\u00e3o, gra\u00e7as a Deus, n\u00e3o tive nada mais grave.<\/p>\n<p><strong>Site Franciscanos &#8211; E os estudos?<\/strong><\/p>\n<p><strong>Frei Marcelo<\/strong> &#8211; Inicialmente imaginei que permaneceria mais seis meses em Rondinha para termin\u00e1-los, o que n\u00e3o era uma m\u00e1 ideia. Por\u00e9m me foi proposto pelo coordenador do curso de Filosofia, Frei Ant\u00f4nio Joaquim, a possibilidade fazer provas de sufici\u00eancia e profici\u00eancia, e tamb\u00e9m pelo professor orientador do Trabalho de Conclus\u00e3o de Curso (TCC), de escrev\u00ea-lo nesse semestre, algo que foi endossado pela comiss\u00e3o do TCC e que exigiu de mim disciplina e dedica\u00e7\u00e3o. Com isso a FAE, me ajudou muito para concluir os estudos da Filosofia ainda em 2021 e poder dar seguimento \u00e0 forma\u00e7\u00e3o.<\/p>\n<p><strong>\u00a0<\/strong><strong>Site Franciscanos &#8211; Que mensagem voc\u00ea deixa para as pessoas que minimizam a doen\u00e7a?<\/strong><\/p>\n<p><strong>Frei Marcelo<\/strong> &#8211; Diria que por mais que pare\u00e7a uma teoria da conspira\u00e7\u00e3o ela pode tirar a sua vida e de quem voc\u00ea ama. Ent\u00e3o ser\u00e1 que vale a pena arriscar algo t\u00e3o valioso, por n\u00e3o querer acreditar na exist\u00eancia do v\u00edrus ou na sua letalidade? Na minha opini\u00e3o \u00e9 melhor n\u00e3o arriscar.<\/p>\n<p><strong>Site Franciscanos &#8211; O que mudou na sua vida hoje?<\/strong><\/p>\n<p><strong>Frei Marcelo<\/strong> &#8211; Passei a confiar mais na provid\u00eancia divina, na for\u00e7a da ora\u00e7\u00e3o e da vida fraterna, isso porque fa\u00e7o tudo o que est\u00e1 a meu alcance para atingir os meus sonhos, n\u00e3o crio ansiedade, deixo que Deus tome conta. Tamb\u00e9m acredito mais na for\u00e7a da ora\u00e7\u00e3o, porque a cada dia descubro algu\u00e9m que estava rezando por mim, pessoas que eu nem imaginava e at\u00e9 mesmo que n\u00e3o conhecia. Sei que uma grande corrente de ora\u00e7\u00e3o foi formada na Prov\u00edncia e fora dela. Algo que me fez valorizar ainda mais a minha fam\u00edlia, amigos e os confrades, porque eles foram essenciais para enfrentar e vencer essa batalha. Principalmente, sou muito grato ao Frei Samuel (mestre do tempo de Filosofia) por tudo o que ele tem feito por mim e pelos meus familiares.<\/p>\n<h3><strong>\u00a0<\/strong><strong>CONHECENDO FREI MARCELO<\/strong><\/h3>\n<p><strong><img loading=\"lazy\" class=\"alignright size-full wp-image-235325\" src=\"https:\/\/franciscanos.org.br\/noticias\/wp-content\/uploads\/2021\/11\/marcelo_24.jpg\" alt=\"\" width=\"500\" height=\"730\" srcset=\"https:\/\/franciscanos.org.br\/noticias\/wp-content\/uploads\/2021\/11\/marcelo_24.jpg 500w, https:\/\/franciscanos.org.br\/noticias\/wp-content\/uploads\/2021\/11\/marcelo_24-308x450.jpg 308w, https:\/\/franciscanos.org.br\/noticias\/wp-content\/uploads\/2021\/11\/marcelo_24-150x219.jpg 150w\" sizes=\"(max-width: 500px) 100vw, 500px\" \/>Site Franciscanos &#8211; De onde voc\u00ea \u00e9? Fale um pouco de sua fam\u00edlia.<\/strong><\/p>\n<p><strong>Frei Marcelo<\/strong> &#8211; Sou natural da Capital de S\u00e3o Paulo, da regi\u00e3o de Santo Amaro. Meus pais, Ant\u00f4nio e Maria Jos\u00e9, ambos aposentados e s\u00e3o excelentes pessoas, dois exemplos de f\u00e9, perseveran\u00e7a, dedica\u00e7\u00e3o e carinho. Eles est\u00e3o sempre dispostos a ajudar e a escutar quem precisa abrindo m\u00e3o at\u00e9 mesmo de fazer coisas que gostam. Sou o segundo dos seus tr\u00eas filhos e meus dois irm\u00e3os, Andr\u00e9 e Fernando, s\u00e3o dois grandes homens parceiros para tudo e em todos os momentos, n\u00f3s sempre ajudamos e apoiamos um ao outro. Eles s\u00e3o casados e me presentearam com duas maravilhosas cunhadas Cristina e Camila, um sobrinho In\u00e1cio Jos\u00e9 e uma afilhada Julia. A minha fam\u00edlia sempre foi muito unida, trabalhadora e dedicada, tanto no cuidado entre si quanto nas coisas de Deus. A gente nunca desistiu de enfrentar todos os desafios que apareceram, porque sabemos que podemos contar um com o outro, sempre que for necess\u00e1rio e temos muita confian\u00e7a em Deus e em Nossa Senhora. Um fato importante da minha hist\u00f3ria de vida est\u00e1 intimamente ligada a Nossa Senhora e a um santo espec\u00edfico. Eu nasci prematuro, de seis meses e meio, e j\u00e1 nesse momento precisei ficar 43 dias na UTI, s\u00f3 conseguindo sair de l\u00e1 e ter a melhoria na sa\u00fade por causa de uma promessa feita a S\u00e3o Judas Tadeu e a Nossa Senhora Aparecida, porque nasci no dia 28 de agosto (popularmente dedicado ao santo) e foi no dia dela que os m\u00e9dicos permitiram que eu sa\u00edsse do hospital e fosse para junto da minha fam\u00edlia.<\/p>\n<p><strong>Site Franciscanos &#8211; E como se deu seu discernimento vocacional?<\/strong><\/p>\n<p><strong>Frei Marcelo &#8211;<\/strong> Eu tinha uma vida razoavelmente tranquila, j\u00e1 havia cursado o ensino superior, trabalhava em uma empresa multinacional com o que gostava e era ativo nos projetos da Igreja, no entanto sentia que Deus me pedia algo a mais. A vida de S\u00e3o Francisco de Assis sempre me questionou bastante e toda vez que via um religioso ou um sacerdote sentia algo bom. Certa vez em uma missa, durante a consagra\u00e7\u00e3o, senti meu cora\u00e7\u00e3o arder e um inc\u00f4modo muito grande. Como n\u00e3o sabia se era alguma doen\u00e7a card\u00edaca ou algo espiritual passei a investigar. A partir disso passei a procurar v\u00eddeos sobre o discernimento vocacional e sempre que achava algo dos franciscanos me interessava mais e me tranquilizava, comecei a ler muitos livros sobre a hist\u00f3rias dos santos franciscanos e fui me identificando cada vez mais. Procurei ajuda no Santu\u00e1rio S\u00e3o Francisco de Assis e fui muito bem recebido pelo Frei Alvaci, animador vocacional do Convento, e pelos outros frades da Prov\u00edncia, me sentia \u00e0 vontade e feliz em cada convento que passava.<\/p>\n<p>Sempre rezei e rezo para que Deus ilumine a decis\u00e3o que estou tomando e pedindo que se n\u00e3o estiver fazendo a sua vontade que Ele a tire de mim. E quando sinto alguma d\u00favida sobre ao estilo de vida que estou abra\u00e7ando me recordo dos benef\u00edcios que o Senhor concedeu \u00e0 minha fam\u00edlia e da minha hist\u00f3ria vida, do quanto ele est\u00e1 presente e cuida de tudo.<\/p>\n<p><strong>Site Franciscanos &#8211; Por que escolheu os franciscanos para a vida religiosa?<\/strong><\/p>\n<p><strong>Frei Marcelo <\/strong>&#8211; Ao pensar sobre a vida consagrada nunca tive d\u00favidas de que a Vida Franciscana era o caminho, por tudo o que vive durante o discernimento vocacional, por isso n\u00e3o sei bem se foi uma escolha, era como se n\u00e3o houvesse outra op\u00e7\u00e3o. O despojamento de S\u00e3o Francisco de Assis e a sua forma de vida est\u00e3o muito presentes na minha vida e na forma como fui criado, com simplicidade, uni\u00e3o, alegria e desafios. Cada frade que conhe\u00e7o me encanta com a sua forma simples, alegre, servi\u00e7al e acolhedora. Por isso sou muito agradecido a Deus por ter sido chamado e \u00e0 Prov\u00edncia por acreditar na minha voca\u00e7\u00e3o e me ajudar a respond\u00ea-la sempre com mais convic\u00e7\u00e3o.<\/p>\n<hr \/>\n<p><strong>Equipe de Comunica\u00e7\u00e3o do Cap\u00edtulo:<\/strong> <em>Frei Augusto Gabriel, Frei Clauzemir Makximovitz, Frei Gabriel Dellandrea, Frei Alan Leal de Mattos e Moacir Beggo.<\/em><\/p>\n","protected":false},"excerpt":{"rendered":"<p>Cap\u00edtulo Provincial &#8211; Entrevista<\/p>\n","protected":false},"author":3,"featured_media":235327,"comment_status":"open","ping_status":"open","sticky":false,"template":"","format":"standard","meta":[],"categories":[758,1],"tags":[1943],"acf":[],"yoast_head":"<!-- This site is optimized with the Yoast SEO plugin v19.2 - https:\/\/yoast.com\/wordpress\/plugins\/seo\/ -->\n<title>Frei Marcelo: 72 dias de luta contra a Covid na UTI - Not\u00edcias - Franciscanos<\/title>\n<meta name=\"robots\" content=\"index, follow, max-snippet:-1, max-image-preview:large, max-video-preview:-1\" \/>\n<link rel=\"canonical\" href=\"https:\/\/franciscanos.org.br\/noticias\/frei-marcelo-conta-como-sobreviveu-depois-de-72-dias-intubado.html\" \/>\n<meta property=\"og:locale\" content=\"pt_BR\" \/>\n<meta property=\"og:type\" content=\"article\" \/>\n<meta property=\"og:title\" content=\"Frei Marcelo: 72 dias de luta contra a Covid na UTI - Not\u00edcias - Franciscanos\" \/>\n<meta property=\"og:description\" content=\"Cap\u00edtulo Provincial - Entrevista\" \/>\n<meta property=\"og:url\" content=\"https:\/\/franciscanos.org.br\/noticias\/frei-marcelo-conta-como-sobreviveu-depois-de-72-dias-intubado.html\" \/>\n<meta property=\"og:site_name\" content=\"Not\u00edcias - Franciscanos\" \/>\n<meta property=\"article:published_time\" content=\"2021-11-24T14:49:14+00:00\" \/>\n<meta property=\"article:modified_time\" content=\"2021-11-24T17:38:59+00:00\" \/>\n<meta property=\"og:image\" content=\"https:\/\/franciscanos.org.br\/noticias\/wp-content\/uploads\/2021\/11\/marcelo_2311d.jpg\" \/>\n\t<meta property=\"og:image:width\" content=\"800\" \/>\n\t<meta property=\"og:image:height\" content=\"550\" \/>\n\t<meta property=\"og:image:type\" content=\"image\/jpeg\" \/>\n<meta name=\"author\" content=\"moacir\" \/>\n<meta name=\"twitter:card\" content=\"summary_large_image\" \/>\n<meta name=\"twitter:label1\" content=\"Escrito por\" \/>\n\t<meta name=\"twitter:data1\" content=\"moacir\" \/>\n\t<meta name=\"twitter:label2\" content=\"Est. tempo de leitura\" \/>\n\t<meta name=\"twitter:data2\" content=\"11 minutos\" \/>\n<script type=\"application\/ld+json\" class=\"yoast-schema-graph\">{\"@context\":\"https:\/\/schema.org\",\"@graph\":[{\"@type\":\"WebSite\",\"@id\":\"https:\/\/franciscanos.org.br\/noticias\/#website\",\"url\":\"https:\/\/franciscanos.org.br\/noticias\/\",\"name\":\"Not\u00edcias - Franciscanos\",\"description\":\"Prov\u00edncia Franciscana da Imaculada Concei\u00e7\u00e3o do Brasil - Ordem dos Frades Menores - OFM\",\"potentialAction\":[{\"@type\":\"SearchAction\",\"target\":{\"@type\":\"EntryPoint\",\"urlTemplate\":\"https:\/\/franciscanos.org.br\/noticias\/?s={search_term_string}\"},\"query-input\":\"required name=search_term_string\"}],\"inLanguage\":\"pt-BR\"},{\"@type\":\"ImageObject\",\"inLanguage\":\"pt-BR\",\"@id\":\"https:\/\/franciscanos.org.br\/noticias\/frei-marcelo-conta-como-sobreviveu-depois-de-72-dias-intubado.html#primaryimage\",\"url\":\"https:\/\/franciscanos.org.br\/noticias\/wp-content\/uploads\/2021\/11\/marcelo_2311d.jpg\",\"contentUrl\":\"https:\/\/franciscanos.org.br\/noticias\/wp-content\/uploads\/2021\/11\/marcelo_2311d.jpg\",\"width\":800,\"height\":550},{\"@type\":\"WebPage\",\"@id\":\"https:\/\/franciscanos.org.br\/noticias\/frei-marcelo-conta-como-sobreviveu-depois-de-72-dias-intubado.html#webpage\",\"url\":\"https:\/\/franciscanos.org.br\/noticias\/frei-marcelo-conta-como-sobreviveu-depois-de-72-dias-intubado.html\",\"name\":\"Frei Marcelo: 72 dias de luta contra a Covid na UTI - Not\u00edcias - Franciscanos\",\"isPartOf\":{\"@id\":\"https:\/\/franciscanos.org.br\/noticias\/#website\"},\"primaryImageOfPage\":{\"@id\":\"https:\/\/franciscanos.org.br\/noticias\/frei-marcelo-conta-como-sobreviveu-depois-de-72-dias-intubado.html#primaryimage\"},\"datePublished\":\"2021-11-24T14:49:14+00:00\",\"dateModified\":\"2021-11-24T17:38:59+00:00\",\"author\":{\"@id\":\"https:\/\/franciscanos.org.br\/noticias\/#\/schema\/person\/b5c8cba458c330ccff548b056e95a5d4\"},\"breadcrumb\":{\"@id\":\"https:\/\/franciscanos.org.br\/noticias\/frei-marcelo-conta-como-sobreviveu-depois-de-72-dias-intubado.html#breadcrumb\"},\"inLanguage\":\"pt-BR\",\"potentialAction\":[{\"@type\":\"ReadAction\",\"target\":[\"https:\/\/franciscanos.org.br\/noticias\/frei-marcelo-conta-como-sobreviveu-depois-de-72-dias-intubado.html\"]}]},{\"@type\":\"BreadcrumbList\",\"@id\":\"https:\/\/franciscanos.org.br\/noticias\/frei-marcelo-conta-como-sobreviveu-depois-de-72-dias-intubado.html#breadcrumb\",\"itemListElement\":[{\"@type\":\"ListItem\",\"position\":1,\"name\":\"Home\",\"item\":\"https:\/\/franciscanos.org.br\/noticias\"},{\"@type\":\"ListItem\",\"position\":2,\"name\":\"Frei Marcelo: 72 dias de luta contra a Covid na UTI\"}]},{\"@type\":\"Person\",\"@id\":\"https:\/\/franciscanos.org.br\/noticias\/#\/schema\/person\/b5c8cba458c330ccff548b056e95a5d4\",\"name\":\"moacir\",\"image\":{\"@type\":\"ImageObject\",\"inLanguage\":\"pt-BR\",\"@id\":\"https:\/\/franciscanos.org.br\/noticias\/#\/schema\/person\/image\/\",\"url\":\"https:\/\/secure.gravatar.com\/avatar\/d08aa2ce4c8dd416d4479aa8536fcf64?s=96&d=mm&r=g\",\"contentUrl\":\"https:\/\/secure.gravatar.com\/avatar\/d08aa2ce4c8dd416d4479aa8536fcf64?s=96&d=mm&r=g\",\"caption\":\"moacir\"},\"url\":\"https:\/\/franciscanos.org.br\/noticias\/author\/moacir\"}]}<\/script>\n<!-- \/ Yoast SEO plugin. -->","yoast_head_json":{"title":"Frei Marcelo: 72 dias de luta contra a Covid na UTI - Not\u00edcias - Franciscanos","robots":{"index":"index","follow":"follow","max-snippet":"max-snippet:-1","max-image-preview":"max-image-preview:large","max-video-preview":"max-video-preview:-1"},"canonical":"https:\/\/franciscanos.org.br\/noticias\/frei-marcelo-conta-como-sobreviveu-depois-de-72-dias-intubado.html","og_locale":"pt_BR","og_type":"article","og_title":"Frei Marcelo: 72 dias de luta contra a Covid na UTI - Not\u00edcias - Franciscanos","og_description":"Cap\u00edtulo Provincial - Entrevista","og_url":"https:\/\/franciscanos.org.br\/noticias\/frei-marcelo-conta-como-sobreviveu-depois-de-72-dias-intubado.html","og_site_name":"Not\u00edcias - Franciscanos","article_published_time":"2021-11-24T14:49:14+00:00","article_modified_time":"2021-11-24T17:38:59+00:00","og_image":[{"width":800,"height":550,"url":"https:\/\/franciscanos.org.br\/noticias\/wp-content\/uploads\/2021\/11\/marcelo_2311d.jpg","type":"image\/jpeg"}],"author":"moacir","twitter_card":"summary_large_image","twitter_misc":{"Escrito por":"moacir","Est. tempo de leitura":"11 minutos"},"schema":{"@context":"https:\/\/schema.org","@graph":[{"@type":"WebSite","@id":"https:\/\/franciscanos.org.br\/noticias\/#website","url":"https:\/\/franciscanos.org.br\/noticias\/","name":"Not\u00edcias - Franciscanos","description":"Prov\u00edncia Franciscana da Imaculada Concei\u00e7\u00e3o do Brasil - Ordem dos Frades Menores - OFM","potentialAction":[{"@type":"SearchAction","target":{"@type":"EntryPoint","urlTemplate":"https:\/\/franciscanos.org.br\/noticias\/?s={search_term_string}"},"query-input":"required name=search_term_string"}],"inLanguage":"pt-BR"},{"@type":"ImageObject","inLanguage":"pt-BR","@id":"https:\/\/franciscanos.org.br\/noticias\/frei-marcelo-conta-como-sobreviveu-depois-de-72-dias-intubado.html#primaryimage","url":"https:\/\/franciscanos.org.br\/noticias\/wp-content\/uploads\/2021\/11\/marcelo_2311d.jpg","contentUrl":"https:\/\/franciscanos.org.br\/noticias\/wp-content\/uploads\/2021\/11\/marcelo_2311d.jpg","width":800,"height":550},{"@type":"WebPage","@id":"https:\/\/franciscanos.org.br\/noticias\/frei-marcelo-conta-como-sobreviveu-depois-de-72-dias-intubado.html#webpage","url":"https:\/\/franciscanos.org.br\/noticias\/frei-marcelo-conta-como-sobreviveu-depois-de-72-dias-intubado.html","name":"Frei Marcelo: 72 dias de luta contra a Covid na UTI - Not\u00edcias - Franciscanos","isPartOf":{"@id":"https:\/\/franciscanos.org.br\/noticias\/#website"},"primaryImageOfPage":{"@id":"https:\/\/franciscanos.org.br\/noticias\/frei-marcelo-conta-como-sobreviveu-depois-de-72-dias-intubado.html#primaryimage"},"datePublished":"2021-11-24T14:49:14+00:00","dateModified":"2021-11-24T17:38:59+00:00","author":{"@id":"https:\/\/franciscanos.org.br\/noticias\/#\/schema\/person\/b5c8cba458c330ccff548b056e95a5d4"},"breadcrumb":{"@id":"https:\/\/franciscanos.org.br\/noticias\/frei-marcelo-conta-como-sobreviveu-depois-de-72-dias-intubado.html#breadcrumb"},"inLanguage":"pt-BR","potentialAction":[{"@type":"ReadAction","target":["https:\/\/franciscanos.org.br\/noticias\/frei-marcelo-conta-como-sobreviveu-depois-de-72-dias-intubado.html"]}]},{"@type":"BreadcrumbList","@id":"https:\/\/franciscanos.org.br\/noticias\/frei-marcelo-conta-como-sobreviveu-depois-de-72-dias-intubado.html#breadcrumb","itemListElement":[{"@type":"ListItem","position":1,"name":"Home","item":"https:\/\/franciscanos.org.br\/noticias"},{"@type":"ListItem","position":2,"name":"Frei Marcelo: 72 dias de luta contra a Covid na UTI"}]},{"@type":"Person","@id":"https:\/\/franciscanos.org.br\/noticias\/#\/schema\/person\/b5c8cba458c330ccff548b056e95a5d4","name":"moacir","image":{"@type":"ImageObject","inLanguage":"pt-BR","@id":"https:\/\/franciscanos.org.br\/noticias\/#\/schema\/person\/image\/","url":"https:\/\/secure.gravatar.com\/avatar\/d08aa2ce4c8dd416d4479aa8536fcf64?s=96&d=mm&r=g","contentUrl":"https:\/\/secure.gravatar.com\/avatar\/d08aa2ce4c8dd416d4479aa8536fcf64?s=96&d=mm&r=g","caption":"moacir"},"url":"https:\/\/franciscanos.org.br\/noticias\/author\/moacir"}]}},"_links":{"self":[{"href":"https:\/\/franciscanos.org.br\/noticias\/wp-json\/wp\/v2\/posts\/235323"}],"collection":[{"href":"https:\/\/franciscanos.org.br\/noticias\/wp-json\/wp\/v2\/posts"}],"about":[{"href":"https:\/\/franciscanos.org.br\/noticias\/wp-json\/wp\/v2\/types\/post"}],"author":[{"embeddable":true,"href":"https:\/\/franciscanos.org.br\/noticias\/wp-json\/wp\/v2\/users\/3"}],"replies":[{"embeddable":true,"href":"https:\/\/franciscanos.org.br\/noticias\/wp-json\/wp\/v2\/comments?post=235323"}],"version-history":[{"count":4,"href":"https:\/\/franciscanos.org.br\/noticias\/wp-json\/wp\/v2\/posts\/235323\/revisions"}],"predecessor-version":[{"id":235330,"href":"https:\/\/franciscanos.org.br\/noticias\/wp-json\/wp\/v2\/posts\/235323\/revisions\/235330"}],"wp:featuredmedia":[{"embeddable":true,"href":"https:\/\/franciscanos.org.br\/noticias\/wp-json\/wp\/v2\/media\/235327"}],"wp:attachment":[{"href":"https:\/\/franciscanos.org.br\/noticias\/wp-json\/wp\/v2\/media?parent=235323"}],"wp:term":[{"taxonomy":"category","embeddable":true,"href":"https:\/\/franciscanos.org.br\/noticias\/wp-json\/wp\/v2\/categories?post=235323"},{"taxonomy":"post_tag","embeddable":true,"href":"https:\/\/franciscanos.org.br\/noticias\/wp-json\/wp\/v2\/tags?post=235323"}],"curies":[{"name":"wp","href":"https:\/\/api.w.org\/{rel}","templated":true}]}}