{"id":235262,"date":"2021-11-23T11:36:52","date_gmt":"2021-11-23T14:36:52","guid":{"rendered":"https:\/\/franciscanos.org.br\/noticias\/?p=235262"},"modified":"2021-11-24T09:49:29","modified_gmt":"2021-11-24T12:49:29","slug":"aberto-o-capitulo-provincial-nossa-resposta-e-o-amor-a-deus-e-aos-irmaos","status":"publish","type":"post","link":"https:\/\/franciscanos.org.br\/noticias\/aberto-o-capitulo-provincial-nossa-resposta-e-o-amor-a-deus-e-aos-irmaos.html","title":{"rendered":"Aberto o Cap\u00edtulo Provincial: &#8220;Nossa resposta \u00e9 o amor a Deus e aos irm\u00e3os&#8221;"},"content":{"rendered":"<p><strong><img loading=\"lazy\" class=\"alignnone wp-image-235263 size-full\" src=\"https:\/\/franciscanos.org.br\/noticias\/wp-content\/uploads\/2021\/11\/primeirodia_2311.jpg\" alt=\"\" width=\"1280\" height=\"720\" srcset=\"https:\/\/franciscanos.org.br\/noticias\/wp-content\/uploads\/2021\/11\/primeirodia_2311.jpg 1280w, https:\/\/franciscanos.org.br\/noticias\/wp-content\/uploads\/2021\/11\/primeirodia_2311-450x253.jpg 450w, https:\/\/franciscanos.org.br\/noticias\/wp-content\/uploads\/2021\/11\/primeirodia_2311-1024x576.jpg 1024w, https:\/\/franciscanos.org.br\/noticias\/wp-content\/uploads\/2021\/11\/primeirodia_2311-768x432.jpg 768w, https:\/\/franciscanos.org.br\/noticias\/wp-content\/uploads\/2021\/11\/primeirodia_2311-150x84.jpg 150w\" sizes=\"(max-width: 1280px) 100vw, 1280px\" \/>\u00a0<\/strong><strong>Agudos (SP)<\/strong> &#8211; O Definidor e Visitador Geral da Ordem dos Frades Menores, Frei C\u00e9sar K\u00fclkamp, abriu nesta ter\u00e7a-feira (23\/11), durante a Celebra\u00e7\u00e3o Eucar\u00edstica, \u00e0s 8 horas, no Semin\u00e1rio Santo Ant\u00f4nio de Agudos (SP), o Cap\u00edtulo Provincial 2021 da Prov\u00edncia Franciscana da Imaculada Concei\u00e7\u00e3o. Aos 111 frades capitulares exortou: &#8220;Ao chegarmos para mais um Cap\u00edtulo somos convocados a nos libertarmos das amarras e pretens\u00f5es do pr\u00f3prio \u201ceu\u201d, para sermos verdadeiramente frades menores. Pedimos a ilumina\u00e7\u00e3o do Esp\u00edrito Santo, nosso Ministro Geral, para escutarmos com o cora\u00e7\u00e3o o que Senhor quer nos falar hoje&#8221;, disse. O Ministro Provincial, Frei Fid\u00eancio Vanboemmel, foi o concelebrante com o di\u00e1cono Frei Alan Leal de Mattos.<\/p>\n<p>Segundo o Visitador, iniciar o Cap\u00edtulo Provincial com a Celebra\u00e7\u00e3o Eucar\u00edstica \u00e9, antes de tudo, &#8220;reconhecer o primado daqu\u2019Ele que nos chamou, nos sustenta na caminhada e nos envia para a miss\u00e3o, que \u00e9 sempre d\u2019Ele. E s\u00f3 reconhecemos tudo isto com os sentidos da f\u00e9. Nesta celebra\u00e7\u00e3o queremos renovar nossa f\u00e9 em Deus. Dele recebemos a voca\u00e7\u00e3o como um dom. Ele conduz a nossa hist\u00f3ria e a hist\u00f3ria desta Prov\u00edncia Franciscana&#8221;.<\/p>\n\n\t\t<style type=\"text\/css\">\n\t\t\t#gallery-1 {\n\t\t\t\tmargin: auto;\n\t\t\t}\n\t\t\t#gallery-1 .gallery-item {\n\t\t\t\tfloat: left;\n\t\t\t\tmargin-top: 10px;\n\t\t\t\ttext-align: center;\n\t\t\t\twidth: 20%;\n\t\t\t}\n\t\t\t#gallery-1 img {\n\t\t\t\tborder: 2px solid #cfcfcf;\n\t\t\t}\n\t\t\t#gallery-1 .gallery-caption {\n\t\t\t\tmargin-left: 0;\n\t\t\t}\n\t\t\t\/* see gallery_shortcode() in wp-includes\/media.php *\/\n\t\t<\/style>\n\t\t<div id='gallery-1' class='gallery galleryid-235262 gallery-columns-5 gallery-size-thumbnail'><dl class='gallery-item'>\n\t\t\t<dt class='gallery-icon landscape'>\n\t\t\t\t<a href='https:\/\/franciscanos.org.br\/noticias\/wp-content\/uploads\/2021\/11\/01-1.jpg'><img width=\"300\" height=\"300\" src=\"https:\/\/franciscanos.org.br\/noticias\/wp-content\/uploads\/2021\/11\/01-1-300x300.jpg\" class=\"attachment-thumbnail size-thumbnail\" alt=\"\" loading=\"lazy\" srcset=\"https:\/\/franciscanos.org.br\/noticias\/wp-content\/uploads\/2021\/11\/01-1-300x300.jpg 300w, https:\/\/franciscanos.org.br\/noticias\/wp-content\/uploads\/2021\/11\/01-1-100x100.jpg 100w\" sizes=\"(max-width: 300px) 100vw, 300px\" \/><\/a>\n\t\t\t<\/dt><\/dl><dl class='gallery-item'>\n\t\t\t<dt class='gallery-icon landscape'>\n\t\t\t\t<a href='https:\/\/franciscanos.org.br\/noticias\/wp-content\/uploads\/2021\/11\/02-1.jpg'><img width=\"300\" height=\"300\" src=\"https:\/\/franciscanos.org.br\/noticias\/wp-content\/uploads\/2021\/11\/02-1-300x300.jpg\" class=\"attachment-thumbnail size-thumbnail\" alt=\"\" loading=\"lazy\" srcset=\"https:\/\/franciscanos.org.br\/noticias\/wp-content\/uploads\/2021\/11\/02-1-300x300.jpg 300w, https:\/\/franciscanos.org.br\/noticias\/wp-content\/uploads\/2021\/11\/02-1-100x100.jpg 100w\" sizes=\"(max-width: 300px) 100vw, 300px\" \/><\/a>\n\t\t\t<\/dt><\/dl><dl class='gallery-item'>\n\t\t\t<dt class='gallery-icon landscape'>\n\t\t\t\t<a href='https:\/\/franciscanos.org.br\/noticias\/wp-content\/uploads\/2021\/11\/03-1.jpg'><img width=\"300\" height=\"300\" src=\"https:\/\/franciscanos.org.br\/noticias\/wp-content\/uploads\/2021\/11\/03-1-300x300.jpg\" class=\"attachment-thumbnail size-thumbnail\" alt=\"\" loading=\"lazy\" srcset=\"https:\/\/franciscanos.org.br\/noticias\/wp-content\/uploads\/2021\/11\/03-1-300x300.jpg 300w, https:\/\/franciscanos.org.br\/noticias\/wp-content\/uploads\/2021\/11\/03-1-100x100.jpg 100w\" sizes=\"(max-width: 300px) 100vw, 300px\" \/><\/a>\n\t\t\t<\/dt><\/dl><dl class='gallery-item'>\n\t\t\t<dt class='gallery-icon landscape'>\n\t\t\t\t<a href='https:\/\/franciscanos.org.br\/noticias\/wp-content\/uploads\/2021\/11\/04-1.jpg'><img width=\"300\" height=\"300\" src=\"https:\/\/franciscanos.org.br\/noticias\/wp-content\/uploads\/2021\/11\/04-1-300x300.jpg\" class=\"attachment-thumbnail size-thumbnail\" alt=\"\" loading=\"lazy\" srcset=\"https:\/\/franciscanos.org.br\/noticias\/wp-content\/uploads\/2021\/11\/04-1-300x300.jpg 300w, https:\/\/franciscanos.org.br\/noticias\/wp-content\/uploads\/2021\/11\/04-1-100x100.jpg 100w\" sizes=\"(max-width: 300px) 100vw, 300px\" \/><\/a>\n\t\t\t<\/dt><\/dl><dl class='gallery-item'>\n\t\t\t<dt class='gallery-icon landscape'>\n\t\t\t\t<a href='https:\/\/franciscanos.org.br\/noticias\/wp-content\/uploads\/2021\/11\/05_capitulo.jpg'><img width=\"300\" height=\"300\" src=\"https:\/\/franciscanos.org.br\/noticias\/wp-content\/uploads\/2021\/11\/05_capitulo-300x300.jpg\" class=\"attachment-thumbnail size-thumbnail\" alt=\"\" loading=\"lazy\" srcset=\"https:\/\/franciscanos.org.br\/noticias\/wp-content\/uploads\/2021\/11\/05_capitulo-300x300.jpg 300w, https:\/\/franciscanos.org.br\/noticias\/wp-content\/uploads\/2021\/11\/05_capitulo-100x100.jpg 100w\" sizes=\"(max-width: 300px) 100vw, 300px\" \/><\/a>\n\t\t\t<\/dt><\/dl><br style=\"clear: both\" \/>\n\t\t<\/div>\n\n<p>Frei C\u00e9sar continuou a reflex\u00e3o, citando a passagem do Evangelho em que Jesus revela que o Par\u00e1clito ficar\u00e1 para sempre conosco. &#8220;Este esp\u00edrito \u00e9 amor. Se formos capazes de amar \u00e9 porque somos habitados pelo Esp\u00edrito de Cristo que \u00e9 Amor. Um amor que n\u00e3o \u00e9 est\u00e1tico, apegado ao passado, mas que vai ao encontro e olha para o futuro: \u00e9 preciso evoluir, questionar-se, converter-se, partir em miss\u00e3o, comunicar a todos e a todas o Amor que quer ir al\u00e9m&#8221;, exortou.<\/p>\n<p>Segundo ele, por esta a\u00e7\u00e3o do Esp\u00edrito, a Trindade vir\u00e1 e far\u00e1 morada em n\u00f3s. &#8220;Ele nos ensinar\u00e1 todas as coisas e nos recordar\u00e1 a Palavra de Jesus. Esta Palavra, o Evangelho \u00e9 o pr\u00f3prio Cristo feito semente lan\u00e7ada no terreno da nossa vida e da nossa hist\u00f3ria. Uma semente que anseia por germinar e crescer. Nossa resposta \u00e9 o amor a Deus e aos irm\u00e3os&#8221;, indicou.<\/p>\n<p><img loading=\"lazy\" class=\"alignnone wp-image-235269 size-full\" src=\"https:\/\/franciscanos.org.br\/noticias\/wp-content\/uploads\/2021\/11\/primeirodia_2311_1.jpg\" alt=\"\" width=\"1280\" height=\"880\" srcset=\"https:\/\/franciscanos.org.br\/noticias\/wp-content\/uploads\/2021\/11\/primeirodia_2311_1.jpg 1280w, https:\/\/franciscanos.org.br\/noticias\/wp-content\/uploads\/2021\/11\/primeirodia_2311_1-450x309.jpg 450w, https:\/\/franciscanos.org.br\/noticias\/wp-content\/uploads\/2021\/11\/primeirodia_2311_1-1024x704.jpg 1024w, https:\/\/franciscanos.org.br\/noticias\/wp-content\/uploads\/2021\/11\/primeirodia_2311_1-768x528.jpg 768w, https:\/\/franciscanos.org.br\/noticias\/wp-content\/uploads\/2021\/11\/primeirodia_2311_1-150x103.jpg 150w, https:\/\/franciscanos.org.br\/noticias\/wp-content\/uploads\/2021\/11\/primeirodia_2311_1-320x220.jpg 320w\" sizes=\"(max-width: 1280px) 100vw, 1280px\" \/><\/p>\n<p>&#8220;Na Carta aos Romanos, cap\u00edtulo 8, todo ele dedicado ao Esp\u00edrito, S\u00e3o Paulo nos diz que a cria\u00e7\u00e3o inteira geme e sofre, e n\u00f3s tamb\u00e9m, como em dores de parto. A dor do parto \u00e9 fort\u00edssima, mas logo confortada pela nova vida. Por isso, nos convida \u00e0 esperan\u00e7a, o sinal da nossa salva\u00e7\u00e3o. Ele tamb\u00e9m nos diz que o Esp\u00edrito vem em socorro da nossa fraqueza. E quais s\u00e3o as nossas fraquezas?&#8221;, perguntou.<\/p>\n<p><img loading=\"lazy\" class=\"alignnone wp-image-235270 size-full\" src=\"https:\/\/franciscanos.org.br\/noticias\/wp-content\/uploads\/2021\/11\/primeirodia_2311_2.jpg\" alt=\"\" width=\"1280\" height=\"719\" srcset=\"https:\/\/franciscanos.org.br\/noticias\/wp-content\/uploads\/2021\/11\/primeirodia_2311_2.jpg 1280w, https:\/\/franciscanos.org.br\/noticias\/wp-content\/uploads\/2021\/11\/primeirodia_2311_2-450x253.jpg 450w, https:\/\/franciscanos.org.br\/noticias\/wp-content\/uploads\/2021\/11\/primeirodia_2311_2-1024x575.jpg 1024w, https:\/\/franciscanos.org.br\/noticias\/wp-content\/uploads\/2021\/11\/primeirodia_2311_2-768x431.jpg 768w, https:\/\/franciscanos.org.br\/noticias\/wp-content\/uploads\/2021\/11\/primeirodia_2311_2-150x84.jpg 150w\" sizes=\"(max-width: 1280px) 100vw, 1280px\" \/><\/p>\n<p><strong>A DIN\u00c2MICA DO CAP\u00cdTULO<\/strong><\/p>\n<p>Para o Visitador Geral, a din\u00e2mica preparada para este Cap\u00edtulo quer colocar os frades diante destas fraquezas. &#8220;Estamos diminuindo em n\u00famero, perdendo irm\u00e3os, entregando casas. A sociedade vive uma seculariza\u00e7\u00e3o materialista. Os modelos de evangeliza\u00e7\u00e3o parecem pautados em sucessos personalistas ou no retorno a uma tradi\u00e7\u00e3o conservadora e bitolada. Os modelos pol\u00edticos s\u00e3o controversos e insens\u00edveis aos mais pobres. Continuamos atravessando uma pandemia que j\u00e1 ceifou tantas vidas, mesmo entre n\u00f3s, e com dif\u00edceis consequ\u00eancias sociais, econ\u00f4micas e sanit\u00e1rias. Vivemos o medo diante de tantas incertezas&#8221;, diagnosticou.<\/p>\n<p>&#8220;Diante de tudo isso, temos tanto a pedir ao Pai para que venha em socorro de sua Igreja, de nossa Prov\u00edncia&#8221;, ensinou, mas lembrando: &#8220;S\u00e3o Paulo nos recorda que n\u00e3o sabemos o que devemos pedir e que \u00e9 o Esp\u00edrito mesmo que intercede por n\u00f3s. O que Deus reserva para n\u00f3s vai al\u00e9m do nosso pedir e entender. O Esp\u00edrito interpreta o que o cora\u00e7\u00e3o da nossa Prov\u00edncia, seus frades e participantes de sua miss\u00e3o, deseja e precisa. E a\u00ed est\u00e1 a vontade de Deus. E o que a miseric\u00f3rdia de Deus faz concorrer para o bem&#8221;, observou.<\/p>\n<p><img loading=\"lazy\" class=\"alignnone wp-image-235271 size-full\" src=\"https:\/\/franciscanos.org.br\/noticias\/wp-content\/uploads\/2021\/11\/primeirodia_2311_5.jpg\" alt=\"\" width=\"1200\" height=\"1600\" srcset=\"https:\/\/franciscanos.org.br\/noticias\/wp-content\/uploads\/2021\/11\/primeirodia_2311_5.jpg 810w, https:\/\/franciscanos.org.br\/noticias\/wp-content\/uploads\/2021\/11\/primeirodia_2311_5-338x450.jpg 338w, https:\/\/franciscanos.org.br\/noticias\/wp-content\/uploads\/2021\/11\/primeirodia_2311_5-768x1024.jpg 768w, https:\/\/franciscanos.org.br\/noticias\/wp-content\/uploads\/2021\/11\/primeirodia_2311_5-1152x1536.jpg 1152w, https:\/\/franciscanos.org.br\/noticias\/wp-content\/uploads\/2021\/11\/primeirodia_2311_5-150x200.jpg 150w\" sizes=\"(max-width: 1200px) 100vw, 1200px\" \/><\/p>\n<p>E concluiu: &#8220;A M\u00e3e Imaculada acolheu este mist\u00e9rio de amor no seu ventre e soube dizer sim, fa\u00e7a-se em mim segundo a Vossa vontade! Ela \u00e9 nosso modelo e nossa prote\u00e7\u00e3o. Acolhamos este Cap\u00edtulo como dom da Sant\u00edssima Trindade, a perfeita comunidade que nos re\u00fane como irm\u00e3os que querem sonhar juntos o sonho de Deus e partir para a miss\u00e3o em fraternidade. E tudo ser\u00e1 novo porque o Esp\u00edrito sopra onde quer e faz novas todas as coisas&#8221;, pediu.<\/p>\n<p><strong>SESS\u00c3O DE ABERTURA<\/strong><\/p>\n<p>Depois da Ora\u00e7\u00e3o inicial, Frei C\u00e9sar, como presidente do Cap\u00edtulo, conduziu a sess\u00e3o de abertura e instala\u00e7\u00e3o desta assembleia dos frades. &#8220;Eu gostaria de destacar que o nosso Cap\u00edtulo \u00e9 sempre um evento da comunh\u00e3o. N\u00f3s nos reunimos, como j\u00e1 refletimos na Celebra\u00e7\u00e3o Eucar\u00edstica, para, juntos, pedirmos ilumina\u00e7\u00e3o e, nesse juntos, refor\u00e7ar a nossa caminhada fraterna, o nosso esp\u00edrito de fraternidade&#8221;, enfatizou o Visitador.<\/p>\n<p><img loading=\"lazy\" class=\"alignnone wp-image-235272 size-full\" src=\"https:\/\/franciscanos.org.br\/noticias\/wp-content\/uploads\/2021\/11\/primeirodia_2311_4.jpg\" alt=\"\" width=\"1280\" height=\"787\" srcset=\"https:\/\/franciscanos.org.br\/noticias\/wp-content\/uploads\/2021\/11\/primeirodia_2311_4.jpg 1280w, https:\/\/franciscanos.org.br\/noticias\/wp-content\/uploads\/2021\/11\/primeirodia_2311_4-450x277.jpg 450w, https:\/\/franciscanos.org.br\/noticias\/wp-content\/uploads\/2021\/11\/primeirodia_2311_4-1024x630.jpg 1024w, https:\/\/franciscanos.org.br\/noticias\/wp-content\/uploads\/2021\/11\/primeirodia_2311_4-768x472.jpg 768w, https:\/\/franciscanos.org.br\/noticias\/wp-content\/uploads\/2021\/11\/primeirodia_2311_4-150x92.jpg 150w\" sizes=\"(max-width: 1280px) 100vw, 1280px\" \/><\/p>\n<p>Segundo ele, o Cap\u00edtulo, acolhido e determinado na Regra dos Frades Menores pelo pr\u00f3prio S\u00e3o Francisco, j\u00e1 \u00e9 uma express\u00e3o dessa sinodalidade na Igreja. &#8220;Isso significa caminhar juntos. S\u00e3o Francisco queria que os frades viessem ao menos duas vezes por ano celebrar os cap\u00edtulos nessa inten\u00e7\u00e3o de que a caminhada da Ordem fosse feita sempre em conjunto e abertos \u00e0 a\u00e7\u00e3o do Esp\u00edrito, que ele conduz e por isso que ele \u00e9 chamado de verdadeiro Ministro Geral&#8221;, acrescentou.<\/p>\n<p>Frei C\u00e9sar falou da prepara\u00e7\u00e3o do Cap\u00edtulo que come\u00e7ou no ano passado e das dificuldades devido ao recrudescimento da pandemia no in\u00edcio do ano e que ainda estamos vivendo. Depois teve o Cap\u00edtulo Geral, que mudou um pouco toda essa configura\u00e7\u00e3o. Mas para n\u00e3o mudar datas e a configura\u00e7\u00e3o, Frei C\u00e9sar, que era o Ministro Provincial, foi nomeado Visitador e o Cap\u00edtulo p\u00f4de ser inaugurado hoje.<\/p>\n\n\t\t<style type=\"text\/css\">\n\t\t\t#gallery-2 {\n\t\t\t\tmargin: auto;\n\t\t\t}\n\t\t\t#gallery-2 .gallery-item {\n\t\t\t\tfloat: left;\n\t\t\t\tmargin-top: 10px;\n\t\t\t\ttext-align: center;\n\t\t\t\twidth: 25%;\n\t\t\t}\n\t\t\t#gallery-2 img {\n\t\t\t\tborder: 2px solid #cfcfcf;\n\t\t\t}\n\t\t\t#gallery-2 .gallery-caption {\n\t\t\t\tmargin-left: 0;\n\t\t\t}\n\t\t\t\/* see gallery_shortcode() in wp-includes\/media.php *\/\n\t\t<\/style>\n\t\t<div id='gallery-2' class='gallery galleryid-235262 gallery-columns-4 gallery-size-thumbnail'><dl class='gallery-item'>\n\t\t\t<dt class='gallery-icon landscape'>\n\t\t\t\t<a href='https:\/\/franciscanos.org.br\/noticias\/wp-content\/uploads\/2021\/11\/fot_001.jpg'><img width=\"300\" height=\"300\" src=\"https:\/\/franciscanos.org.br\/noticias\/wp-content\/uploads\/2021\/11\/fot_001-300x300.jpg\" class=\"attachment-thumbnail size-thumbnail\" alt=\"\" loading=\"lazy\" srcset=\"https:\/\/franciscanos.org.br\/noticias\/wp-content\/uploads\/2021\/11\/fot_001-300x300.jpg 300w, https:\/\/franciscanos.org.br\/noticias\/wp-content\/uploads\/2021\/11\/fot_001-100x100.jpg 100w\" sizes=\"(max-width: 300px) 100vw, 300px\" \/><\/a>\n\t\t\t<\/dt><\/dl><dl class='gallery-item'>\n\t\t\t<dt class='gallery-icon landscape'>\n\t\t\t\t<a href='https:\/\/franciscanos.org.br\/noticias\/wp-content\/uploads\/2021\/11\/fot_02.jpg'><img width=\"300\" height=\"300\" src=\"https:\/\/franciscanos.org.br\/noticias\/wp-content\/uploads\/2021\/11\/fot_02-300x300.jpg\" class=\"attachment-thumbnail size-thumbnail\" alt=\"\" loading=\"lazy\" srcset=\"https:\/\/franciscanos.org.br\/noticias\/wp-content\/uploads\/2021\/11\/fot_02-300x300.jpg 300w, https:\/\/franciscanos.org.br\/noticias\/wp-content\/uploads\/2021\/11\/fot_02-100x100.jpg 100w\" sizes=\"(max-width: 300px) 100vw, 300px\" \/><\/a>\n\t\t\t<\/dt><\/dl><dl class='gallery-item'>\n\t\t\t<dt class='gallery-icon portrait'>\n\t\t\t\t<a href='https:\/\/franciscanos.org.br\/noticias\/wp-content\/uploads\/2021\/11\/fot_03.jpg'><img width=\"300\" height=\"300\" src=\"https:\/\/franciscanos.org.br\/noticias\/wp-content\/uploads\/2021\/11\/fot_03-300x300.jpg\" class=\"attachment-thumbnail size-thumbnail\" alt=\"\" loading=\"lazy\" srcset=\"https:\/\/franciscanos.org.br\/noticias\/wp-content\/uploads\/2021\/11\/fot_03-300x300.jpg 300w, https:\/\/franciscanos.org.br\/noticias\/wp-content\/uploads\/2021\/11\/fot_03-100x100.jpg 100w\" sizes=\"(max-width: 300px) 100vw, 300px\" \/><\/a>\n\t\t\t<\/dt><\/dl><dl class='gallery-item'>\n\t\t\t<dt class='gallery-icon landscape'>\n\t\t\t\t<a href='https:\/\/franciscanos.org.br\/noticias\/wp-content\/uploads\/2021\/11\/primeirodia_2311_6.jpg'><img width=\"300\" height=\"300\" src=\"https:\/\/franciscanos.org.br\/noticias\/wp-content\/uploads\/2021\/11\/primeirodia_2311_6-300x300.jpg\" class=\"attachment-thumbnail size-thumbnail\" alt=\"\" loading=\"lazy\" srcset=\"https:\/\/franciscanos.org.br\/noticias\/wp-content\/uploads\/2021\/11\/primeirodia_2311_6-300x300.jpg 300w, https:\/\/franciscanos.org.br\/noticias\/wp-content\/uploads\/2021\/11\/primeirodia_2311_6-100x100.jpg 100w\" sizes=\"(max-width: 300px) 100vw, 300px\" \/><\/a>\n\t\t\t<\/dt><\/dl><br style=\"clear: both\" \/>\n\t\t<\/div>\n\n<p>Na sequ\u00eancia, \u00e0s 10 horas, teve in\u00edcio ao dia formativo com o retiro e a assessoria do frade capuchinho ga\u00facho, Frei Luiz Carlos Susin, frade capuchinho, mestre e doutor em Teologia pela Pontif\u00edcia Universidade Gregoriana de Roma. Ele \u00e9 professor na PUCRS e na Escola Superior de Teologia e Espiritualidade Franciscana \u2013 Estef, em Porto Alegre. Dentre suas obras, destaque para \u201cTeologia para outro mundo poss\u00edvel\u201d (Paulinas, 2006).<\/p>\n<p><img loading=\"lazy\" class=\"alignnone wp-image-235277 size-full\" src=\"https:\/\/franciscanos.org.br\/noticias\/wp-content\/uploads\/2021\/11\/primeiro_dia_sala_2311.jpg\" alt=\"\" width=\"1280\" height=\"697\" srcset=\"https:\/\/franciscanos.org.br\/noticias\/wp-content\/uploads\/2021\/11\/primeiro_dia_sala_2311.jpg 1280w, https:\/\/franciscanos.org.br\/noticias\/wp-content\/uploads\/2021\/11\/primeiro_dia_sala_2311-450x245.jpg 450w, https:\/\/franciscanos.org.br\/noticias\/wp-content\/uploads\/2021\/11\/primeiro_dia_sala_2311-1024x558.jpg 1024w, https:\/\/franciscanos.org.br\/noticias\/wp-content\/uploads\/2021\/11\/primeiro_dia_sala_2311-768x418.jpg 768w, https:\/\/franciscanos.org.br\/noticias\/wp-content\/uploads\/2021\/11\/primeiro_dia_sala_2311-150x82.jpg 150w\" sizes=\"(max-width: 1280px) 100vw, 1280px\" \/><\/p>\n<hr \/>\n<p><strong>Equipe de Comunica\u00e7\u00e3o do Cap\u00edtulo<\/strong>: <em>Frei Augusto Gabriel, Frei Clauzemir Makximovitz, Frei Gabriel Dellandrea, Frei Alan Leal de Mattos e Moacir Beggo.<\/em><\/p>\n<hr \/>\n<p><iframe loading=\"lazy\" title=\"YouTube video player\" src=\"https:\/\/www.youtube.com\/embed\/s2ejmDLmY6w\" width=\"100%\" height=\"500\" frameborder=\"0\" allowfullscreen=\"allowfullscreen\"><\/iframe><\/p>\n","protected":false},"excerpt":{"rendered":"<p>Cap\u00edtulo Provincial 2021<\/p>\n","protected":false},"author":3,"featured_media":235278,"comment_status":"open","ping_status":"open","sticky":false,"template":"","format":"standard","meta":[],"categories":[1],"tags":[1943],"acf":[],"yoast_head":"<!-- This site is optimized with the Yoast SEO plugin v19.2 - https:\/\/yoast.com\/wordpress\/plugins\/seo\/ -->\n<title>Aberto o Cap\u00edtulo Provincial: &quot;Nossa resposta \u00e9 o amor a Deus e aos irm\u00e3os&quot; - Not\u00edcias - Franciscanos<\/title>\n<meta name=\"robots\" content=\"index, follow, max-snippet:-1, max-image-preview:large, max-video-preview:-1\" \/>\n<link rel=\"canonical\" href=\"https:\/\/franciscanos.org.br\/noticias\/aberto-o-capitulo-provincial-nossa-resposta-e-o-amor-a-deus-e-aos-irmaos.html\" \/>\n<meta property=\"og:locale\" content=\"pt_BR\" \/>\n<meta property=\"og:type\" content=\"article\" \/>\n<meta property=\"og:title\" content=\"Aberto o Cap\u00edtulo Provincial: &quot;Nossa resposta \u00e9 o amor a Deus e aos irm\u00e3os&quot; - Not\u00edcias - Franciscanos\" \/>\n<meta property=\"og:description\" content=\"Cap\u00edtulo Provincial 2021\" \/>\n<meta property=\"og:url\" content=\"https:\/\/franciscanos.org.br\/noticias\/aberto-o-capitulo-provincial-nossa-resposta-e-o-amor-a-deus-e-aos-irmaos.html\" \/>\n<meta property=\"og:site_name\" content=\"Not\u00edcias - Franciscanos\" \/>\n<meta property=\"article:published_time\" content=\"2021-11-23T14:36:52+00:00\" \/>\n<meta property=\"article:modified_time\" content=\"2021-11-24T12:49:29+00:00\" \/>\n<meta property=\"og:image\" content=\"https:\/\/franciscanos.org.br\/noticias\/wp-content\/uploads\/2021\/11\/primeirodia_2311d.jpg\" \/>\n\t<meta property=\"og:image:width\" content=\"800\" \/>\n\t<meta property=\"og:image:height\" content=\"550\" \/>\n\t<meta property=\"og:image:type\" content=\"image\/jpeg\" \/>\n<meta name=\"author\" content=\"moacir\" \/>\n<meta name=\"twitter:card\" content=\"summary_large_image\" \/>\n<meta name=\"twitter:label1\" content=\"Escrito por\" \/>\n\t<meta name=\"twitter:data1\" content=\"moacir\" \/>\n\t<meta name=\"twitter:label2\" content=\"Est. tempo de leitura\" \/>\n\t<meta name=\"twitter:data2\" content=\"6 minutos\" \/>\n<script type=\"application\/ld+json\" class=\"yoast-schema-graph\">{\"@context\":\"https:\/\/schema.org\",\"@graph\":[{\"@type\":\"WebSite\",\"@id\":\"https:\/\/franciscanos.org.br\/noticias\/#website\",\"url\":\"https:\/\/franciscanos.org.br\/noticias\/\",\"name\":\"Not\u00edcias - Franciscanos\",\"description\":\"Prov\u00edncia Franciscana da Imaculada Concei\u00e7\u00e3o do Brasil - Ordem dos Frades Menores - OFM\",\"potentialAction\":[{\"@type\":\"SearchAction\",\"target\":{\"@type\":\"EntryPoint\",\"urlTemplate\":\"https:\/\/franciscanos.org.br\/noticias\/?s={search_term_string}\"},\"query-input\":\"required name=search_term_string\"}],\"inLanguage\":\"pt-BR\"},{\"@type\":\"ImageObject\",\"inLanguage\":\"pt-BR\",\"@id\":\"https:\/\/franciscanos.org.br\/noticias\/aberto-o-capitulo-provincial-nossa-resposta-e-o-amor-a-deus-e-aos-irmaos.html#primaryimage\",\"url\":\"https:\/\/franciscanos.org.br\/noticias\/wp-content\/uploads\/2021\/11\/primeirodia_2311d.jpg\",\"contentUrl\":\"https:\/\/franciscanos.org.br\/noticias\/wp-content\/uploads\/2021\/11\/primeirodia_2311d.jpg\",\"width\":800,\"height\":550},{\"@type\":\"WebPage\",\"@id\":\"https:\/\/franciscanos.org.br\/noticias\/aberto-o-capitulo-provincial-nossa-resposta-e-o-amor-a-deus-e-aos-irmaos.html#webpage\",\"url\":\"https:\/\/franciscanos.org.br\/noticias\/aberto-o-capitulo-provincial-nossa-resposta-e-o-amor-a-deus-e-aos-irmaos.html\",\"name\":\"Aberto o Cap\u00edtulo Provincial: \\\"Nossa resposta \u00e9 o amor a Deus e aos irm\u00e3os\\\" - Not\u00edcias - Franciscanos\",\"isPartOf\":{\"@id\":\"https:\/\/franciscanos.org.br\/noticias\/#website\"},\"primaryImageOfPage\":{\"@id\":\"https:\/\/franciscanos.org.br\/noticias\/aberto-o-capitulo-provincial-nossa-resposta-e-o-amor-a-deus-e-aos-irmaos.html#primaryimage\"},\"datePublished\":\"2021-11-23T14:36:52+00:00\",\"dateModified\":\"2021-11-24T12:49:29+00:00\",\"author\":{\"@id\":\"https:\/\/franciscanos.org.br\/noticias\/#\/schema\/person\/b5c8cba458c330ccff548b056e95a5d4\"},\"breadcrumb\":{\"@id\":\"https:\/\/franciscanos.org.br\/noticias\/aberto-o-capitulo-provincial-nossa-resposta-e-o-amor-a-deus-e-aos-irmaos.html#breadcrumb\"},\"inLanguage\":\"pt-BR\",\"potentialAction\":[{\"@type\":\"ReadAction\",\"target\":[\"https:\/\/franciscanos.org.br\/noticias\/aberto-o-capitulo-provincial-nossa-resposta-e-o-amor-a-deus-e-aos-irmaos.html\"]}]},{\"@type\":\"BreadcrumbList\",\"@id\":\"https:\/\/franciscanos.org.br\/noticias\/aberto-o-capitulo-provincial-nossa-resposta-e-o-amor-a-deus-e-aos-irmaos.html#breadcrumb\",\"itemListElement\":[{\"@type\":\"ListItem\",\"position\":1,\"name\":\"Home\",\"item\":\"https:\/\/franciscanos.org.br\/noticias\"},{\"@type\":\"ListItem\",\"position\":2,\"name\":\"Aberto o Cap\u00edtulo Provincial: &#8220;Nossa resposta \u00e9 o amor a Deus e aos irm\u00e3os&#8221;\"}]},{\"@type\":\"Person\",\"@id\":\"https:\/\/franciscanos.org.br\/noticias\/#\/schema\/person\/b5c8cba458c330ccff548b056e95a5d4\",\"name\":\"moacir\",\"image\":{\"@type\":\"ImageObject\",\"inLanguage\":\"pt-BR\",\"@id\":\"https:\/\/franciscanos.org.br\/noticias\/#\/schema\/person\/image\/\",\"url\":\"https:\/\/secure.gravatar.com\/avatar\/d08aa2ce4c8dd416d4479aa8536fcf64?s=96&d=mm&r=g\",\"contentUrl\":\"https:\/\/secure.gravatar.com\/avatar\/d08aa2ce4c8dd416d4479aa8536fcf64?s=96&d=mm&r=g\",\"caption\":\"moacir\"},\"url\":\"https:\/\/franciscanos.org.br\/noticias\/author\/moacir\"}]}<\/script>\n<!-- \/ Yoast SEO plugin. -->","yoast_head_json":{"title":"Aberto o Cap\u00edtulo Provincial: \"Nossa resposta \u00e9 o amor a Deus e aos irm\u00e3os\" - Not\u00edcias - Franciscanos","robots":{"index":"index","follow":"follow","max-snippet":"max-snippet:-1","max-image-preview":"max-image-preview:large","max-video-preview":"max-video-preview:-1"},"canonical":"https:\/\/franciscanos.org.br\/noticias\/aberto-o-capitulo-provincial-nossa-resposta-e-o-amor-a-deus-e-aos-irmaos.html","og_locale":"pt_BR","og_type":"article","og_title":"Aberto o Cap\u00edtulo Provincial: \"Nossa resposta \u00e9 o amor a Deus e aos irm\u00e3os\" - Not\u00edcias - Franciscanos","og_description":"Cap\u00edtulo Provincial 2021","og_url":"https:\/\/franciscanos.org.br\/noticias\/aberto-o-capitulo-provincial-nossa-resposta-e-o-amor-a-deus-e-aos-irmaos.html","og_site_name":"Not\u00edcias - Franciscanos","article_published_time":"2021-11-23T14:36:52+00:00","article_modified_time":"2021-11-24T12:49:29+00:00","og_image":[{"width":800,"height":550,"url":"https:\/\/franciscanos.org.br\/noticias\/wp-content\/uploads\/2021\/11\/primeirodia_2311d.jpg","type":"image\/jpeg"}],"author":"moacir","twitter_card":"summary_large_image","twitter_misc":{"Escrito por":"moacir","Est. tempo de leitura":"6 minutos"},"schema":{"@context":"https:\/\/schema.org","@graph":[{"@type":"WebSite","@id":"https:\/\/franciscanos.org.br\/noticias\/#website","url":"https:\/\/franciscanos.org.br\/noticias\/","name":"Not\u00edcias - Franciscanos","description":"Prov\u00edncia Franciscana da Imaculada Concei\u00e7\u00e3o do Brasil - Ordem dos Frades Menores - OFM","potentialAction":[{"@type":"SearchAction","target":{"@type":"EntryPoint","urlTemplate":"https:\/\/franciscanos.org.br\/noticias\/?s={search_term_string}"},"query-input":"required name=search_term_string"}],"inLanguage":"pt-BR"},{"@type":"ImageObject","inLanguage":"pt-BR","@id":"https:\/\/franciscanos.org.br\/noticias\/aberto-o-capitulo-provincial-nossa-resposta-e-o-amor-a-deus-e-aos-irmaos.html#primaryimage","url":"https:\/\/franciscanos.org.br\/noticias\/wp-content\/uploads\/2021\/11\/primeirodia_2311d.jpg","contentUrl":"https:\/\/franciscanos.org.br\/noticias\/wp-content\/uploads\/2021\/11\/primeirodia_2311d.jpg","width":800,"height":550},{"@type":"WebPage","@id":"https:\/\/franciscanos.org.br\/noticias\/aberto-o-capitulo-provincial-nossa-resposta-e-o-amor-a-deus-e-aos-irmaos.html#webpage","url":"https:\/\/franciscanos.org.br\/noticias\/aberto-o-capitulo-provincial-nossa-resposta-e-o-amor-a-deus-e-aos-irmaos.html","name":"Aberto o Cap\u00edtulo Provincial: \"Nossa resposta \u00e9 o amor a Deus e aos irm\u00e3os\" - Not\u00edcias - Franciscanos","isPartOf":{"@id":"https:\/\/franciscanos.org.br\/noticias\/#website"},"primaryImageOfPage":{"@id":"https:\/\/franciscanos.org.br\/noticias\/aberto-o-capitulo-provincial-nossa-resposta-e-o-amor-a-deus-e-aos-irmaos.html#primaryimage"},"datePublished":"2021-11-23T14:36:52+00:00","dateModified":"2021-11-24T12:49:29+00:00","author":{"@id":"https:\/\/franciscanos.org.br\/noticias\/#\/schema\/person\/b5c8cba458c330ccff548b056e95a5d4"},"breadcrumb":{"@id":"https:\/\/franciscanos.org.br\/noticias\/aberto-o-capitulo-provincial-nossa-resposta-e-o-amor-a-deus-e-aos-irmaos.html#breadcrumb"},"inLanguage":"pt-BR","potentialAction":[{"@type":"ReadAction","target":["https:\/\/franciscanos.org.br\/noticias\/aberto-o-capitulo-provincial-nossa-resposta-e-o-amor-a-deus-e-aos-irmaos.html"]}]},{"@type":"BreadcrumbList","@id":"https:\/\/franciscanos.org.br\/noticias\/aberto-o-capitulo-provincial-nossa-resposta-e-o-amor-a-deus-e-aos-irmaos.html#breadcrumb","itemListElement":[{"@type":"ListItem","position":1,"name":"Home","item":"https:\/\/franciscanos.org.br\/noticias"},{"@type":"ListItem","position":2,"name":"Aberto o Cap\u00edtulo Provincial: &#8220;Nossa resposta \u00e9 o amor a Deus e aos irm\u00e3os&#8221;"}]},{"@type":"Person","@id":"https:\/\/franciscanos.org.br\/noticias\/#\/schema\/person\/b5c8cba458c330ccff548b056e95a5d4","name":"moacir","image":{"@type":"ImageObject","inLanguage":"pt-BR","@id":"https:\/\/franciscanos.org.br\/noticias\/#\/schema\/person\/image\/","url":"https:\/\/secure.gravatar.com\/avatar\/d08aa2ce4c8dd416d4479aa8536fcf64?s=96&d=mm&r=g","contentUrl":"https:\/\/secure.gravatar.com\/avatar\/d08aa2ce4c8dd416d4479aa8536fcf64?s=96&d=mm&r=g","caption":"moacir"},"url":"https:\/\/franciscanos.org.br\/noticias\/author\/moacir"}]}},"_links":{"self":[{"href":"https:\/\/franciscanos.org.br\/noticias\/wp-json\/wp\/v2\/posts\/235262"}],"collection":[{"href":"https:\/\/franciscanos.org.br\/noticias\/wp-json\/wp\/v2\/posts"}],"about":[{"href":"https:\/\/franciscanos.org.br\/noticias\/wp-json\/wp\/v2\/types\/post"}],"author":[{"embeddable":true,"href":"https:\/\/franciscanos.org.br\/noticias\/wp-json\/wp\/v2\/users\/3"}],"replies":[{"embeddable":true,"href":"https:\/\/franciscanos.org.br\/noticias\/wp-json\/wp\/v2\/comments?post=235262"}],"version-history":[{"count":3,"href":"https:\/\/franciscanos.org.br\/noticias\/wp-json\/wp\/v2\/posts\/235262\/revisions"}],"predecessor-version":[{"id":235299,"href":"https:\/\/franciscanos.org.br\/noticias\/wp-json\/wp\/v2\/posts\/235262\/revisions\/235299"}],"wp:featuredmedia":[{"embeddable":true,"href":"https:\/\/franciscanos.org.br\/noticias\/wp-json\/wp\/v2\/media\/235278"}],"wp:attachment":[{"href":"https:\/\/franciscanos.org.br\/noticias\/wp-json\/wp\/v2\/media?parent=235262"}],"wp:term":[{"taxonomy":"category","embeddable":true,"href":"https:\/\/franciscanos.org.br\/noticias\/wp-json\/wp\/v2\/categories?post=235262"},{"taxonomy":"post_tag","embeddable":true,"href":"https:\/\/franciscanos.org.br\/noticias\/wp-json\/wp\/v2\/tags?post=235262"}],"curies":[{"name":"wp","href":"https:\/\/api.w.org\/{rel}","templated":true}]}}