{"id":235253,"date":"2021-11-22T15:05:50","date_gmt":"2021-11-22T18:05:50","guid":{"rendered":"https:\/\/franciscanos.org.br\/noticias\/?p=235253"},"modified":"2021-11-22T15:05:50","modified_gmt":"2021-11-22T18:05:50","slug":"xaxim-festeja-a-co-padroeira-da-paroquia-nossa-senhora-da-saude","status":"publish","type":"post","link":"https:\/\/franciscanos.org.br\/noticias\/xaxim-festeja-a-co-padroeira-da-paroquia-nossa-senhora-da-saude.html","title":{"rendered":"Xaxim festeja a co-padroeira da Par\u00f3quia Nossa Senhora da Sa\u00fade"},"content":{"rendered":"<p><img loading=\"lazy\" class=\"alignnone wp-image-235254 size-full\" src=\"https:\/\/franciscanos.org.br\/noticias\/wp-content\/uploads\/2021\/11\/xaxim_2211.jpg\" alt=\"\" width=\"1280\" height=\"720\" srcset=\"https:\/\/franciscanos.org.br\/noticias\/wp-content\/uploads\/2021\/11\/xaxim_2211.jpg 1280w, https:\/\/franciscanos.org.br\/noticias\/wp-content\/uploads\/2021\/11\/xaxim_2211-450x253.jpg 450w, https:\/\/franciscanos.org.br\/noticias\/wp-content\/uploads\/2021\/11\/xaxim_2211-1024x576.jpg 1024w, https:\/\/franciscanos.org.br\/noticias\/wp-content\/uploads\/2021\/11\/xaxim_2211-768x432.jpg 768w, https:\/\/franciscanos.org.br\/noticias\/wp-content\/uploads\/2021\/11\/xaxim_2211-150x84.jpg 150w\" sizes=\"(max-width: 1280px) 100vw, 1280px\" \/><\/p>\n<p>Na manh\u00e3 do domingo (21\/11), a Par\u00f3quia S\u00e3o Luiz Gonzaga celebrou a Co-padroeira Nossa Senhora da Sa\u00fade. A santa missa teve in\u00edcio, \u00e0s 10h, em frente \u00e0 igreja Matriz. A celebra\u00e7\u00e3o foi presidida pelo p\u00e1roco Frei Gilson Kammer e concelebrada por Frei Alan Maia.<\/p>\n<p>O in\u00edcio das comemora\u00e7\u00f5es da festa de Nossa Senhora da Sa\u00fade aconteceu nos munic\u00edpios do setor de Marema, Lajeado Grande e Entre Rios, no dia 13 de novembro. Em cada munic\u00edpio, a santa Missa foi celebrada pedindo pela sa\u00fade e tamb\u00e9m pelos enfermos. Os fi\u00e9is foram convidados a trazer objetos de devo\u00e7\u00e3o como \u00e1gua, folhas de ch\u00e1 para receber a b\u00ean\u00e7\u00e3o de Nossa Senhora da Sa\u00fade.<\/p>\n<p>Na igreja Matriz, em Xaxim, as comemora\u00e7\u00f5es tiveram in\u00edcio na quinta-feira (18\/11) com o tr\u00edduo em honra a Nossa Senhora da Sa\u00fade. Os setores que pertencem \u00e0 Par\u00f3quia, foram convidados a participar e animar cada dia do tr\u00edduo, que seguiu na sexta-feira (19\/11) e no s\u00e1bado (20\/11).<\/p>\n<p><img loading=\"lazy\" class=\"alignnone wp-image-235255 size-full\" src=\"https:\/\/franciscanos.org.br\/noticias\/wp-content\/uploads\/2021\/11\/xaxim_2211_1.jpg\" alt=\"\" width=\"1280\" height=\"853\" srcset=\"https:\/\/franciscanos.org.br\/noticias\/wp-content\/uploads\/2021\/11\/xaxim_2211_1.jpg 1280w, https:\/\/franciscanos.org.br\/noticias\/wp-content\/uploads\/2021\/11\/xaxim_2211_1-450x300.jpg 450w, https:\/\/franciscanos.org.br\/noticias\/wp-content\/uploads\/2021\/11\/xaxim_2211_1-1024x682.jpg 1024w, https:\/\/franciscanos.org.br\/noticias\/wp-content\/uploads\/2021\/11\/xaxim_2211_1-768x512.jpg 768w, https:\/\/franciscanos.org.br\/noticias\/wp-content\/uploads\/2021\/11\/xaxim_2211_1-150x100.jpg 150w\" sizes=\"(max-width: 1280px) 100vw, 1280px\" \/><\/p>\n<p>A missa campal do domingo, teve in\u00edcio, \u00e0s 10h, em frente \u00e0 igreja Matriz. A Renova\u00e7\u00e3o Carism\u00e1tica Cat\u00f3lica (RCC), foi a respons\u00e1vel pelos cantos e liturgia da celebra\u00e7\u00e3o. Conforme Frei Gilson, \u201choje pedimos para que todos possamos ter sa\u00fade, paz e luz. Pois, nos reunimos nesse sol, que aqui podemos dizer que representa a luz. A luz de Cristo\u201d.<\/p>\n<p>Em sua breve reflex\u00e3o, o p\u00e1roco lembrou que encerramos neste final de semana o \u201cTempo Comum\u201d, e que a partir de agora entramos no Advento, tempo de reavaliar nossos desejos e busca por aquilo que nos faz bem. \u201cDevemos reavaliar nossos desejos, buscar viver na verdade e vivenciar Cristo, e o que ele deseja. A paz, o amor e o que nos faz bem. Cristo nos mostra que a liberdade que ele oferece, \u00e9 a liberdade da vida\u201d.<\/p>\n<p>\u201cQue Nossa Senhora da Sa\u00fade nos de sua b\u00ean\u00e7\u00e3o e prote\u00e7\u00e3o, que ela interceda por n\u00f3s, com seu manto sagrado\u201d, disse o Frade. Se aproximando do final da celebra\u00e7\u00e3o, todos os fi\u00e9is foram convidados a ficar em frente ao altar para receber a b\u00ean\u00e7\u00e3o de Nossa Senhora da Sa\u00fade, aben\u00e7oar a \u00e1gua, folhas de ch\u00e1 e pedir pelos entes queridos e enfermos.<\/p>\n<p><img loading=\"lazy\" class=\"alignnone wp-image-235256 size-full\" src=\"https:\/\/franciscanos.org.br\/noticias\/wp-content\/uploads\/2021\/11\/xaxim_2211_2.jpg\" alt=\"\" width=\"1200\" height=\"1800\" srcset=\"https:\/\/franciscanos.org.br\/noticias\/wp-content\/uploads\/2021\/11\/xaxim_2211_2.jpg 720w, https:\/\/franciscanos.org.br\/noticias\/wp-content\/uploads\/2021\/11\/xaxim_2211_2-300x450.jpg 300w, https:\/\/franciscanos.org.br\/noticias\/wp-content\/uploads\/2021\/11\/xaxim_2211_2-683x1024.jpg 683w, https:\/\/franciscanos.org.br\/noticias\/wp-content\/uploads\/2021\/11\/xaxim_2211_2-768x1152.jpg 768w, https:\/\/franciscanos.org.br\/noticias\/wp-content\/uploads\/2021\/11\/xaxim_2211_2-1024x1536.jpg 1024w, https:\/\/franciscanos.org.br\/noticias\/wp-content\/uploads\/2021\/11\/xaxim_2211_2-150x225.jpg 150w\" sizes=\"(max-width: 1200px) 100vw, 1200px\" \/><\/p>\n<p>Frei Gilson, agradeceu a todos que estavam presentes e que mesmo com o forte sol vieram celebrar e receber a b\u00ean\u00e7\u00e3o de Nossa Senhora da Sa\u00fade. \u201cAgrade\u00e7o a todos que celebraram conosco nesta manh\u00e3, nos dias do tr\u00edduo e tamb\u00e9m nos setores. Aos que estiveram aqui, mesmo com o sol forte e celebraram junto Nossa Senhora da Sa\u00fade. Que possamos viver este novo tempo do Advento e revigorar nossos dias. Que Nossa Senhora da Sa\u00fade nos aben\u00e7oe e interceda por n\u00f3s\u201d, finalizou o sacerdote.<\/p>\n<hr \/>\n<p><em>Pascom da Par\u00f3quia S\u00e3o Luiz Gonzaga<\/em><\/p>\n","protected":false},"excerpt":{"rendered":"<p>Par\u00f3quia S\u00e3o Luiz Gonzaga<\/p>\n","protected":false},"author":3,"featured_media":235254,"comment_status":"open","ping_status":"open","sticky":false,"template":"","format":"standard","meta":[],"categories":[1],"tags":[1591],"acf":[],"yoast_head":"<!-- This site is optimized with the Yoast SEO plugin v19.2 - https:\/\/yoast.com\/wordpress\/plugins\/seo\/ -->\n<title>Xaxim festeja a co-padroeira da Par\u00f3quia Nossa Senhora da Sa\u00fade - Not\u00edcias - Franciscanos<\/title>\n<meta name=\"robots\" content=\"index, follow, max-snippet:-1, max-image-preview:large, max-video-preview:-1\" \/>\n<link rel=\"canonical\" href=\"https:\/\/franciscanos.org.br\/noticias\/xaxim-festeja-a-co-padroeira-da-paroquia-nossa-senhora-da-saude.html\" \/>\n<meta property=\"og:locale\" content=\"pt_BR\" \/>\n<meta property=\"og:type\" content=\"article\" \/>\n<meta property=\"og:title\" content=\"Xaxim festeja a co-padroeira da Par\u00f3quia Nossa Senhora da Sa\u00fade - Not\u00edcias - Franciscanos\" \/>\n<meta property=\"og:description\" content=\"Par\u00f3quia S\u00e3o Luiz Gonzaga\" \/>\n<meta property=\"og:url\" content=\"https:\/\/franciscanos.org.br\/noticias\/xaxim-festeja-a-co-padroeira-da-paroquia-nossa-senhora-da-saude.html\" \/>\n<meta property=\"og:site_name\" content=\"Not\u00edcias - Franciscanos\" \/>\n<meta property=\"article:published_time\" content=\"2021-11-22T18:05:50+00:00\" \/>\n<meta property=\"og:image\" content=\"https:\/\/franciscanos.org.br\/noticias\/wp-content\/uploads\/2021\/11\/xaxim_2211.jpg\" \/>\n\t<meta property=\"og:image:width\" content=\"1280\" \/>\n\t<meta property=\"og:image:height\" content=\"720\" \/>\n\t<meta property=\"og:image:type\" content=\"image\/jpeg\" \/>\n<meta name=\"author\" content=\"moacir\" \/>\n<meta name=\"twitter:card\" content=\"summary_large_image\" \/>\n<meta name=\"twitter:label1\" content=\"Escrito por\" \/>\n\t<meta name=\"twitter:data1\" content=\"moacir\" \/>\n\t<meta name=\"twitter:label2\" content=\"Est. tempo de leitura\" \/>\n\t<meta name=\"twitter:data2\" content=\"2 minutos\" \/>\n<script type=\"application\/ld+json\" class=\"yoast-schema-graph\">{\"@context\":\"https:\/\/schema.org\",\"@graph\":[{\"@type\":\"WebSite\",\"@id\":\"https:\/\/franciscanos.org.br\/noticias\/#website\",\"url\":\"https:\/\/franciscanos.org.br\/noticias\/\",\"name\":\"Not\u00edcias - Franciscanos\",\"description\":\"Prov\u00edncia Franciscana da Imaculada Concei\u00e7\u00e3o do Brasil - Ordem dos Frades Menores - OFM\",\"potentialAction\":[{\"@type\":\"SearchAction\",\"target\":{\"@type\":\"EntryPoint\",\"urlTemplate\":\"https:\/\/franciscanos.org.br\/noticias\/?s={search_term_string}\"},\"query-input\":\"required name=search_term_string\"}],\"inLanguage\":\"pt-BR\"},{\"@type\":\"ImageObject\",\"inLanguage\":\"pt-BR\",\"@id\":\"https:\/\/franciscanos.org.br\/noticias\/xaxim-festeja-a-co-padroeira-da-paroquia-nossa-senhora-da-saude.html#primaryimage\",\"url\":\"https:\/\/franciscanos.org.br\/noticias\/wp-content\/uploads\/2021\/11\/xaxim_2211.jpg\",\"contentUrl\":\"https:\/\/franciscanos.org.br\/noticias\/wp-content\/uploads\/2021\/11\/xaxim_2211.jpg\",\"width\":1280,\"height\":720},{\"@type\":\"WebPage\",\"@id\":\"https:\/\/franciscanos.org.br\/noticias\/xaxim-festeja-a-co-padroeira-da-paroquia-nossa-senhora-da-saude.html#webpage\",\"url\":\"https:\/\/franciscanos.org.br\/noticias\/xaxim-festeja-a-co-padroeira-da-paroquia-nossa-senhora-da-saude.html\",\"name\":\"Xaxim festeja a co-padroeira da Par\u00f3quia Nossa Senhora da Sa\u00fade - Not\u00edcias - Franciscanos\",\"isPartOf\":{\"@id\":\"https:\/\/franciscanos.org.br\/noticias\/#website\"},\"primaryImageOfPage\":{\"@id\":\"https:\/\/franciscanos.org.br\/noticias\/xaxim-festeja-a-co-padroeira-da-paroquia-nossa-senhora-da-saude.html#primaryimage\"},\"datePublished\":\"2021-11-22T18:05:50+00:00\",\"dateModified\":\"2021-11-22T18:05:50+00:00\",\"author\":{\"@id\":\"https:\/\/franciscanos.org.br\/noticias\/#\/schema\/person\/b5c8cba458c330ccff548b056e95a5d4\"},\"breadcrumb\":{\"@id\":\"https:\/\/franciscanos.org.br\/noticias\/xaxim-festeja-a-co-padroeira-da-paroquia-nossa-senhora-da-saude.html#breadcrumb\"},\"inLanguage\":\"pt-BR\",\"potentialAction\":[{\"@type\":\"ReadAction\",\"target\":[\"https:\/\/franciscanos.org.br\/noticias\/xaxim-festeja-a-co-padroeira-da-paroquia-nossa-senhora-da-saude.html\"]}]},{\"@type\":\"BreadcrumbList\",\"@id\":\"https:\/\/franciscanos.org.br\/noticias\/xaxim-festeja-a-co-padroeira-da-paroquia-nossa-senhora-da-saude.html#breadcrumb\",\"itemListElement\":[{\"@type\":\"ListItem\",\"position\":1,\"name\":\"Home\",\"item\":\"https:\/\/franciscanos.org.br\/noticias\"},{\"@type\":\"ListItem\",\"position\":2,\"name\":\"Xaxim festeja a co-padroeira da Par\u00f3quia Nossa Senhora da Sa\u00fade\"}]},{\"@type\":\"Person\",\"@id\":\"https:\/\/franciscanos.org.br\/noticias\/#\/schema\/person\/b5c8cba458c330ccff548b056e95a5d4\",\"name\":\"moacir\",\"image\":{\"@type\":\"ImageObject\",\"inLanguage\":\"pt-BR\",\"@id\":\"https:\/\/franciscanos.org.br\/noticias\/#\/schema\/person\/image\/\",\"url\":\"https:\/\/secure.gravatar.com\/avatar\/d08aa2ce4c8dd416d4479aa8536fcf64?s=96&d=mm&r=g\",\"contentUrl\":\"https:\/\/secure.gravatar.com\/avatar\/d08aa2ce4c8dd416d4479aa8536fcf64?s=96&d=mm&r=g\",\"caption\":\"moacir\"},\"url\":\"https:\/\/franciscanos.org.br\/noticias\/author\/moacir\"}]}<\/script>\n<!-- \/ Yoast SEO plugin. -->","yoast_head_json":{"title":"Xaxim festeja a co-padroeira da Par\u00f3quia Nossa Senhora da Sa\u00fade - Not\u00edcias - Franciscanos","robots":{"index":"index","follow":"follow","max-snippet":"max-snippet:-1","max-image-preview":"max-image-preview:large","max-video-preview":"max-video-preview:-1"},"canonical":"https:\/\/franciscanos.org.br\/noticias\/xaxim-festeja-a-co-padroeira-da-paroquia-nossa-senhora-da-saude.html","og_locale":"pt_BR","og_type":"article","og_title":"Xaxim festeja a co-padroeira da Par\u00f3quia Nossa Senhora da Sa\u00fade - Not\u00edcias - Franciscanos","og_description":"Par\u00f3quia S\u00e3o Luiz Gonzaga","og_url":"https:\/\/franciscanos.org.br\/noticias\/xaxim-festeja-a-co-padroeira-da-paroquia-nossa-senhora-da-saude.html","og_site_name":"Not\u00edcias - Franciscanos","article_published_time":"2021-11-22T18:05:50+00:00","og_image":[{"width":1280,"height":720,"url":"https:\/\/franciscanos.org.br\/noticias\/wp-content\/uploads\/2021\/11\/xaxim_2211.jpg","type":"image\/jpeg"}],"author":"moacir","twitter_card":"summary_large_image","twitter_misc":{"Escrito por":"moacir","Est. tempo de leitura":"2 minutos"},"schema":{"@context":"https:\/\/schema.org","@graph":[{"@type":"WebSite","@id":"https:\/\/franciscanos.org.br\/noticias\/#website","url":"https:\/\/franciscanos.org.br\/noticias\/","name":"Not\u00edcias - Franciscanos","description":"Prov\u00edncia Franciscana da Imaculada Concei\u00e7\u00e3o do Brasil - Ordem dos Frades Menores - OFM","potentialAction":[{"@type":"SearchAction","target":{"@type":"EntryPoint","urlTemplate":"https:\/\/franciscanos.org.br\/noticias\/?s={search_term_string}"},"query-input":"required name=search_term_string"}],"inLanguage":"pt-BR"},{"@type":"ImageObject","inLanguage":"pt-BR","@id":"https:\/\/franciscanos.org.br\/noticias\/xaxim-festeja-a-co-padroeira-da-paroquia-nossa-senhora-da-saude.html#primaryimage","url":"https:\/\/franciscanos.org.br\/noticias\/wp-content\/uploads\/2021\/11\/xaxim_2211.jpg","contentUrl":"https:\/\/franciscanos.org.br\/noticias\/wp-content\/uploads\/2021\/11\/xaxim_2211.jpg","width":1280,"height":720},{"@type":"WebPage","@id":"https:\/\/franciscanos.org.br\/noticias\/xaxim-festeja-a-co-padroeira-da-paroquia-nossa-senhora-da-saude.html#webpage","url":"https:\/\/franciscanos.org.br\/noticias\/xaxim-festeja-a-co-padroeira-da-paroquia-nossa-senhora-da-saude.html","name":"Xaxim festeja a co-padroeira da Par\u00f3quia Nossa Senhora da Sa\u00fade - Not\u00edcias - Franciscanos","isPartOf":{"@id":"https:\/\/franciscanos.org.br\/noticias\/#website"},"primaryImageOfPage":{"@id":"https:\/\/franciscanos.org.br\/noticias\/xaxim-festeja-a-co-padroeira-da-paroquia-nossa-senhora-da-saude.html#primaryimage"},"datePublished":"2021-11-22T18:05:50+00:00","dateModified":"2021-11-22T18:05:50+00:00","author":{"@id":"https:\/\/franciscanos.org.br\/noticias\/#\/schema\/person\/b5c8cba458c330ccff548b056e95a5d4"},"breadcrumb":{"@id":"https:\/\/franciscanos.org.br\/noticias\/xaxim-festeja-a-co-padroeira-da-paroquia-nossa-senhora-da-saude.html#breadcrumb"},"inLanguage":"pt-BR","potentialAction":[{"@type":"ReadAction","target":["https:\/\/franciscanos.org.br\/noticias\/xaxim-festeja-a-co-padroeira-da-paroquia-nossa-senhora-da-saude.html"]}]},{"@type":"BreadcrumbList","@id":"https:\/\/franciscanos.org.br\/noticias\/xaxim-festeja-a-co-padroeira-da-paroquia-nossa-senhora-da-saude.html#breadcrumb","itemListElement":[{"@type":"ListItem","position":1,"name":"Home","item":"https:\/\/franciscanos.org.br\/noticias"},{"@type":"ListItem","position":2,"name":"Xaxim festeja a co-padroeira da Par\u00f3quia Nossa Senhora da Sa\u00fade"}]},{"@type":"Person","@id":"https:\/\/franciscanos.org.br\/noticias\/#\/schema\/person\/b5c8cba458c330ccff548b056e95a5d4","name":"moacir","image":{"@type":"ImageObject","inLanguage":"pt-BR","@id":"https:\/\/franciscanos.org.br\/noticias\/#\/schema\/person\/image\/","url":"https:\/\/secure.gravatar.com\/avatar\/d08aa2ce4c8dd416d4479aa8536fcf64?s=96&d=mm&r=g","contentUrl":"https:\/\/secure.gravatar.com\/avatar\/d08aa2ce4c8dd416d4479aa8536fcf64?s=96&d=mm&r=g","caption":"moacir"},"url":"https:\/\/franciscanos.org.br\/noticias\/author\/moacir"}]}},"_links":{"self":[{"href":"https:\/\/franciscanos.org.br\/noticias\/wp-json\/wp\/v2\/posts\/235253"}],"collection":[{"href":"https:\/\/franciscanos.org.br\/noticias\/wp-json\/wp\/v2\/posts"}],"about":[{"href":"https:\/\/franciscanos.org.br\/noticias\/wp-json\/wp\/v2\/types\/post"}],"author":[{"embeddable":true,"href":"https:\/\/franciscanos.org.br\/noticias\/wp-json\/wp\/v2\/users\/3"}],"replies":[{"embeddable":true,"href":"https:\/\/franciscanos.org.br\/noticias\/wp-json\/wp\/v2\/comments?post=235253"}],"version-history":[{"count":1,"href":"https:\/\/franciscanos.org.br\/noticias\/wp-json\/wp\/v2\/posts\/235253\/revisions"}],"predecessor-version":[{"id":235257,"href":"https:\/\/franciscanos.org.br\/noticias\/wp-json\/wp\/v2\/posts\/235253\/revisions\/235257"}],"wp:featuredmedia":[{"embeddable":true,"href":"https:\/\/franciscanos.org.br\/noticias\/wp-json\/wp\/v2\/media\/235254"}],"wp:attachment":[{"href":"https:\/\/franciscanos.org.br\/noticias\/wp-json\/wp\/v2\/media?parent=235253"}],"wp:term":[{"taxonomy":"category","embeddable":true,"href":"https:\/\/franciscanos.org.br\/noticias\/wp-json\/wp\/v2\/categories?post=235253"},{"taxonomy":"post_tag","embeddable":true,"href":"https:\/\/franciscanos.org.br\/noticias\/wp-json\/wp\/v2\/tags?post=235253"}],"curies":[{"name":"wp","href":"https:\/\/api.w.org\/{rel}","templated":true}]}}