{"id":235243,"date":"2021-11-22T14:11:21","date_gmt":"2021-11-22T17:11:21","guid":{"rendered":"https:\/\/franciscanos.org.br\/noticias\/?p=235243"},"modified":"2021-11-22T18:06:21","modified_gmt":"2021-11-22T21:06:21","slug":"com-cuidados-sanitarios-comeca-o-capitulo-provincial","status":"publish","type":"post","link":"https:\/\/franciscanos.org.br\/noticias\/com-cuidados-sanitarios-comeca-o-capitulo-provincial.html","title":{"rendered":"Com cuidados sanit\u00e1rios, come\u00e7a o Cap\u00edtulo Provincial"},"content":{"rendered":"<p><img loading=\"lazy\" class=\"alignnone wp-image-235244 size-full\" src=\"https:\/\/franciscanos.org.br\/noticias\/wp-content\/uploads\/2021\/11\/capitulo_2211_2.jpg\" alt=\"\" width=\"1200\" height=\"718\" srcset=\"https:\/\/franciscanos.org.br\/noticias\/wp-content\/uploads\/2021\/11\/capitulo_2211_2.jpg 1200w, https:\/\/franciscanos.org.br\/noticias\/wp-content\/uploads\/2021\/11\/capitulo_2211_2-450x269.jpg 450w, https:\/\/franciscanos.org.br\/noticias\/wp-content\/uploads\/2021\/11\/capitulo_2211_2-1024x613.jpg 1024w, https:\/\/franciscanos.org.br\/noticias\/wp-content\/uploads\/2021\/11\/capitulo_2211_2-768x460.jpg 768w, https:\/\/franciscanos.org.br\/noticias\/wp-content\/uploads\/2021\/11\/capitulo_2211_2-150x90.jpg 150w\" sizes=\"(max-width: 1200px) 100vw, 1200px\" \/><\/p>\n<p><strong>Agudos (SP) \u2013<\/strong> Come\u00e7am nesta ter\u00e7a-feira, 23 de novembro, as atividades do Cap\u00edtulo Provincial da Prov\u00edncia Franciscana da Imaculada Concei\u00e7\u00e3o, a assembleia que vai reunir 111 frades no Semin\u00e1rio Santo Ant\u00f4nio, em Agudos (SP), de 23 a 30 de novembro. Esta assembleia vai definir a vida e a a\u00e7\u00e3o evangelizadora dos frades nos pr\u00f3ximos tr\u00eas anos e tamb\u00e9m eleger\u00e1 o novo governo provincial. Segundo o Visitador Geral e presidente do Cap\u00edtulo, Frei C\u00e9sar K\u00fclkamp, ser\u00e1 tamb\u00e9m um momento celebrativo em que os frades estar\u00e3o reunidos sob o tema e lema: &#8220;Juntos que se constroem os sonhos\u201d e \u201cFraternidade contemplativa em Miss\u00e3o: nossa regra \u00e9 o Evangelho, nosso claustro \u00e9 o mundo\u201d.<\/p>\n<p>Esse momento especial na vida da Prov\u00edncia, re\u00fane frades que atuam nos cinco estados no territ\u00f3rio da Prov\u00edncia: Esp\u00edrito Santo, Rio de Janeiro, S\u00e3o Paulo, Paran\u00e1 e Santa Catarina e da Funda\u00e7\u00e3o Imaculada M\u00e3e de Deus de Angola. Alguns frades n\u00e3o se veem h\u00e1 muito tempo, outros ter\u00e3o a oportunidade de se conhecerem durante o Cap\u00edtulo.<\/p>\n<p><strong>NORMAS SANIT\u00c1RIAS<\/strong><br \/>\nPela primeira vez na hist\u00f3ria capitular da Prov\u00edncia, um ritual diferente a chegada dos frades nesta segunda-feira, 22 de novembro, no Semin\u00e1rio Santo Ant\u00f4nio. Antes de pegarem as chaves para se dirigirem aos aposentos, os frades tiveram de se submter a testes r\u00e1pidos de detec\u00e7\u00e3o da Covid-19. Esse processo foi gerenciado pelos profissionais do Servi\u00e7o Franciscano de Solidariedade, Brayan Filipe Farias e Karin Schimd. Essa foi uma importante iniciativa tendo em vista que ainda s\u00e3o necess\u00e1rias medidas preventivas que garantam a seguran\u00e7a sanit\u00e1ria e o bem-estar de todos. Al\u00e9m dos testes, os frades s\u00e3o obrigados a usarem m\u00e1scaras na Sala Capitular, na capela, enquanto se serve da refei\u00e7\u00e3o, n\u00e3o esquecendo da higieniza\u00e7\u00e3o das m\u00e3os com \u00e1lcool em gel.<\/p>\n<p>No Semin\u00e1rio de Agudos foi dia de acertar os \u00faltimos detalhes para a grande assembleia. Na principal casa de encontros da Prov\u00edncia, internamente a preocupa\u00e7\u00e3o \u00e9 com a hospedagem de cerca de 133 pessoas envolvidas no evento, j\u00e1 que al\u00e9m dos frades capitulares estar\u00e3o presentes no evento os postulantes, um novi\u00e7o e alguns colaboradores. De telhado novo, o belo Semin\u00e1rio j\u00e1 est\u00e1 pronto para o evento, sempre com a supervis\u00e3o do guardi\u00e3o Frei James Neto, que n\u00e3o para um minuto. Cuida de todos os detalhes para que os frades encontrem um bom ambiente nesses dias. J\u00e1 o Vig\u00e1rio Provincial e secret\u00e1rio da Prov\u00edncia, Frei Gustavo Medella, prepara o material para os capitulares seguirem os trabalhos at\u00e9 o dia 30 de novembro.<\/p>\n<div id=\"attachment_235245\" style=\"width: 1290px\" class=\"wp-caption alignnone\"><img aria-describedby=\"caption-attachment-235245\" loading=\"lazy\" class=\"wp-image-235245 size-full\" src=\"https:\/\/franciscanos.org.br\/noticias\/wp-content\/uploads\/2021\/11\/capitulo_2211.jpg\" alt=\"\" width=\"1280\" height=\"852\" srcset=\"https:\/\/franciscanos.org.br\/noticias\/wp-content\/uploads\/2021\/11\/capitulo_2211.jpg 1280w, https:\/\/franciscanos.org.br\/noticias\/wp-content\/uploads\/2021\/11\/capitulo_2211-450x300.jpg 450w, https:\/\/franciscanos.org.br\/noticias\/wp-content\/uploads\/2021\/11\/capitulo_2211-1024x682.jpg 1024w, https:\/\/franciscanos.org.br\/noticias\/wp-content\/uploads\/2021\/11\/capitulo_2211-768x511.jpg 768w, https:\/\/franciscanos.org.br\/noticias\/wp-content\/uploads\/2021\/11\/capitulo_2211-150x100.jpg 150w\" sizes=\"(max-width: 1280px) 100vw, 1280px\" \/><p id=\"caption-attachment-235245\" class=\"wp-caption-text\"><em>Frei James Neto, guardi\u00e3o da Fraternidade do Semin\u00e1rio de Agudos<\/em><\/p><\/div>\n<p><strong>O PRIMEIRO DIA<\/strong><br \/>\nO Cap\u00edtulo ser\u00e1 aberto na Celebra\u00e7\u00e3o Eucar\u00edstica, \u00e0s 8 horas, desta ter\u00e7a-feira (23\/11). \u00c0s 9h30, na Sala Capitular, ter\u00e3o in\u00edcio os trabalhos com a instala\u00e7\u00e3o do Cap\u00edtulo. \u00c0s 10 horas, os frades iniciar\u00e3o o retiro e o frade capuchinho ga\u00facho, Frei Luiz Carlos Susin, conduzir\u00e1 esse momento reflexivo. Susin \u00e9 frei capuchinho, mestre e doutor em Teologia pela Pontif\u00edcia Universidade Gregoriana de Roma. Leciona na PUCRS e na Escola Superior de Teologia e Espiritualidade Franciscana \u2013 Estef, em Porto Alegre. Dentre suas obras, destaque para &#8220;Teologia para outro mundo poss\u00edvel&#8221; (Paulinas, 2006).<\/p>\n<p><strong>AS ELEI\u00c7\u00d5ES<\/strong><br \/>\nSegundo a agenda do Cap\u00edtulo, o novo Ministro Provincial ser\u00e1 eleito e tomar\u00e1 posse no dia 27 de novembro, um s\u00e1bado. Para chegar a esta elei\u00e7\u00e3o, seguiu-se o seguinte ritual. Primeiro, houve uma sondagem e, na sequ\u00eancia, um escrut\u00ednio, que apontou dez nomes para serem enviados \u00e0 C\u00faria Geral em Roma. Destes, foram homologados, pelo Ministro Geral e seu Definit\u00f3rio, cinco nomes que constar\u00e3o nas c\u00e9dulas em Agudos. Para ser eleito, um dos nomes dever\u00e1 receber maioria absoluta \u2013 metade mais um \u2013 dos votos de todos os frades com direito a votar. Caso contr\u00e1rio, naquela noite, ser\u00e1 feita nova elei\u00e7\u00e3o segundo as orienta\u00e7\u00f5es dos Estatutos da Prov\u00edncia. No dia 28 ainda ser\u00e1 feita uma pr\u00e9via para Vig\u00e1rio Provincial e Definidores. A elei\u00e7\u00e3o, contudo, acontecer\u00e1 na segunda-feira, dia 29 de novembro. O novo governo tomar\u00e1 posse na Celebra\u00e7\u00e3o Eucar\u00edstica do dia 30, \u00e0s 18h30.<\/p>\n<p><img loading=\"lazy\" class=\"alignnone wp-image-235246 size-full\" src=\"https:\/\/franciscanos.org.br\/noticias\/wp-content\/uploads\/2021\/11\/capitulo_2211_3.jpg\" alt=\"\" width=\"1280\" height=\"817\" srcset=\"https:\/\/franciscanos.org.br\/noticias\/wp-content\/uploads\/2021\/11\/capitulo_2211_3.jpg 1280w, https:\/\/franciscanos.org.br\/noticias\/wp-content\/uploads\/2021\/11\/capitulo_2211_3-450x287.jpg 450w, https:\/\/franciscanos.org.br\/noticias\/wp-content\/uploads\/2021\/11\/capitulo_2211_3-1024x654.jpg 1024w, https:\/\/franciscanos.org.br\/noticias\/wp-content\/uploads\/2021\/11\/capitulo_2211_3-768x490.jpg 768w, https:\/\/franciscanos.org.br\/noticias\/wp-content\/uploads\/2021\/11\/capitulo_2211_3-150x96.jpg 150w\" sizes=\"(max-width: 1280px) 100vw, 1280px\" \/><\/p>\n<p>A fun\u00e7\u00e3o de Ministro Provincial e Vig\u00e1rio \u00e9 eletiva para seis anos (podem ser reeleitos para mais um tri\u00eanio). Os Definidores, contudo, s\u00e3o eleitos para um tri\u00eanio e podem ser reeleitos por dois tri\u00eanios.<\/p>\n<p>Nos Estatutos da Prov\u00edncia, todos os frades professos solenes s\u00e3o capitulares. H\u00e1 aqueles frades que t\u00eam responsabilidades ou encargos, como os guardi\u00e3es, os definidores etc, que, por dever de of\u00edcio, devem participar e os outros que se inscrevem livremente. Em si, todos os frades de profiss\u00e3o solene podem participar do Cap\u00edtulo, mas nem todos v\u00e3o participar deste. Um total de 133 inscritos estar\u00e3o em Agudos.<\/p>\n<hr \/>\n<p>LEIA MAIS SOBRE O <strong><a href=\"https:\/\/franciscanos.org.br\/carisma\/especiais\/capitulo-provincial-2018#gsc.tab=0\">CAP\u00cdTULO NO ESPECIAL<\/a><\/strong><\/p>\n<hr \/>\n<p><strong>Equipe de Comunica\u00e7\u00e3o do Cap\u00edtulo<\/strong>: <em>Frei Augusto Gabriel, Frei Clauzemir Makximovitz, Frei Gabriel Dellandrea, Frei Alan Leal de Mattos e Moacir Beggo.<\/em><\/p>\n<p><iframe loading=\"lazy\" title=\"YouTube video player\" src=\"https:\/\/www.youtube.com\/embed\/mgBXMD5OwUA\" width=\"100%\" height=\"500\" frameborder=\"0\" allowfullscreen=\"allowfullscreen\"><span data-mce-type=\"bookmark\" style=\"display: inline-block; width: 0px; overflow: hidden; line-height: 0;\" class=\"mce_SELRES_start\">\ufeff<\/span><\/iframe><\/p>\n","protected":false},"excerpt":{"rendered":"<p>Cap\u00edtulo Provincial 2021<\/p>\n","protected":false},"author":3,"featured_media":235244,"comment_status":"open","ping_status":"open","sticky":false,"template":"","format":"standard","meta":[],"categories":[1],"tags":[1943],"acf":[],"yoast_head":"<!-- This site is optimized with the Yoast SEO plugin v19.2 - https:\/\/yoast.com\/wordpress\/plugins\/seo\/ -->\n<title>Com cuidados sanit\u00e1rios, come\u00e7a o Cap\u00edtulo Provincial - Not\u00edcias - Franciscanos<\/title>\n<meta name=\"robots\" content=\"index, follow, max-snippet:-1, max-image-preview:large, max-video-preview:-1\" \/>\n<link rel=\"canonical\" href=\"https:\/\/franciscanos.org.br\/noticias\/com-cuidados-sanitarios-comeca-o-capitulo-provincial.html\" \/>\n<meta property=\"og:locale\" content=\"pt_BR\" \/>\n<meta property=\"og:type\" content=\"article\" \/>\n<meta property=\"og:title\" content=\"Com cuidados sanit\u00e1rios, come\u00e7a o Cap\u00edtulo Provincial - Not\u00edcias - Franciscanos\" \/>\n<meta property=\"og:description\" content=\"Cap\u00edtulo Provincial 2021\" \/>\n<meta property=\"og:url\" content=\"https:\/\/franciscanos.org.br\/noticias\/com-cuidados-sanitarios-comeca-o-capitulo-provincial.html\" \/>\n<meta property=\"og:site_name\" content=\"Not\u00edcias - Franciscanos\" \/>\n<meta property=\"article:published_time\" content=\"2021-11-22T17:11:21+00:00\" \/>\n<meta property=\"article:modified_time\" content=\"2021-11-22T21:06:21+00:00\" \/>\n<meta property=\"og:image\" content=\"https:\/\/franciscanos.org.br\/noticias\/wp-content\/uploads\/2021\/11\/capitulo_2211_2.jpg\" \/>\n\t<meta property=\"og:image:width\" content=\"1200\" \/>\n\t<meta property=\"og:image:height\" content=\"718\" \/>\n\t<meta property=\"og:image:type\" content=\"image\/jpeg\" \/>\n<meta name=\"author\" content=\"moacir\" \/>\n<meta name=\"twitter:card\" content=\"summary_large_image\" \/>\n<meta name=\"twitter:label1\" content=\"Escrito por\" \/>\n\t<meta name=\"twitter:data1\" content=\"moacir\" \/>\n\t<meta name=\"twitter:label2\" content=\"Est. tempo de leitura\" \/>\n\t<meta name=\"twitter:data2\" content=\"4 minutos\" \/>\n<script type=\"application\/ld+json\" class=\"yoast-schema-graph\">{\"@context\":\"https:\/\/schema.org\",\"@graph\":[{\"@type\":\"WebSite\",\"@id\":\"https:\/\/franciscanos.org.br\/noticias\/#website\",\"url\":\"https:\/\/franciscanos.org.br\/noticias\/\",\"name\":\"Not\u00edcias - Franciscanos\",\"description\":\"Prov\u00edncia Franciscana da Imaculada Concei\u00e7\u00e3o do Brasil - Ordem dos Frades Menores - OFM\",\"potentialAction\":[{\"@type\":\"SearchAction\",\"target\":{\"@type\":\"EntryPoint\",\"urlTemplate\":\"https:\/\/franciscanos.org.br\/noticias\/?s={search_term_string}\"},\"query-input\":\"required name=search_term_string\"}],\"inLanguage\":\"pt-BR\"},{\"@type\":\"ImageObject\",\"inLanguage\":\"pt-BR\",\"@id\":\"https:\/\/franciscanos.org.br\/noticias\/com-cuidados-sanitarios-comeca-o-capitulo-provincial.html#primaryimage\",\"url\":\"https:\/\/franciscanos.org.br\/noticias\/wp-content\/uploads\/2021\/11\/capitulo_2211_2.jpg\",\"contentUrl\":\"https:\/\/franciscanos.org.br\/noticias\/wp-content\/uploads\/2021\/11\/capitulo_2211_2.jpg\",\"width\":1200,\"height\":718},{\"@type\":\"WebPage\",\"@id\":\"https:\/\/franciscanos.org.br\/noticias\/com-cuidados-sanitarios-comeca-o-capitulo-provincial.html#webpage\",\"url\":\"https:\/\/franciscanos.org.br\/noticias\/com-cuidados-sanitarios-comeca-o-capitulo-provincial.html\",\"name\":\"Com cuidados sanit\u00e1rios, come\u00e7a o Cap\u00edtulo Provincial - Not\u00edcias - Franciscanos\",\"isPartOf\":{\"@id\":\"https:\/\/franciscanos.org.br\/noticias\/#website\"},\"primaryImageOfPage\":{\"@id\":\"https:\/\/franciscanos.org.br\/noticias\/com-cuidados-sanitarios-comeca-o-capitulo-provincial.html#primaryimage\"},\"datePublished\":\"2021-11-22T17:11:21+00:00\",\"dateModified\":\"2021-11-22T21:06:21+00:00\",\"author\":{\"@id\":\"https:\/\/franciscanos.org.br\/noticias\/#\/schema\/person\/b5c8cba458c330ccff548b056e95a5d4\"},\"breadcrumb\":{\"@id\":\"https:\/\/franciscanos.org.br\/noticias\/com-cuidados-sanitarios-comeca-o-capitulo-provincial.html#breadcrumb\"},\"inLanguage\":\"pt-BR\",\"potentialAction\":[{\"@type\":\"ReadAction\",\"target\":[\"https:\/\/franciscanos.org.br\/noticias\/com-cuidados-sanitarios-comeca-o-capitulo-provincial.html\"]}]},{\"@type\":\"BreadcrumbList\",\"@id\":\"https:\/\/franciscanos.org.br\/noticias\/com-cuidados-sanitarios-comeca-o-capitulo-provincial.html#breadcrumb\",\"itemListElement\":[{\"@type\":\"ListItem\",\"position\":1,\"name\":\"Home\",\"item\":\"https:\/\/franciscanos.org.br\/noticias\"},{\"@type\":\"ListItem\",\"position\":2,\"name\":\"Com cuidados sanit\u00e1rios, come\u00e7a o Cap\u00edtulo Provincial\"}]},{\"@type\":\"Person\",\"@id\":\"https:\/\/franciscanos.org.br\/noticias\/#\/schema\/person\/b5c8cba458c330ccff548b056e95a5d4\",\"name\":\"moacir\",\"image\":{\"@type\":\"ImageObject\",\"inLanguage\":\"pt-BR\",\"@id\":\"https:\/\/franciscanos.org.br\/noticias\/#\/schema\/person\/image\/\",\"url\":\"https:\/\/secure.gravatar.com\/avatar\/d08aa2ce4c8dd416d4479aa8536fcf64?s=96&d=mm&r=g\",\"contentUrl\":\"https:\/\/secure.gravatar.com\/avatar\/d08aa2ce4c8dd416d4479aa8536fcf64?s=96&d=mm&r=g\",\"caption\":\"moacir\"},\"url\":\"https:\/\/franciscanos.org.br\/noticias\/author\/moacir\"}]}<\/script>\n<!-- \/ Yoast SEO plugin. -->","yoast_head_json":{"title":"Com cuidados sanit\u00e1rios, come\u00e7a o Cap\u00edtulo Provincial - Not\u00edcias - Franciscanos","robots":{"index":"index","follow":"follow","max-snippet":"max-snippet:-1","max-image-preview":"max-image-preview:large","max-video-preview":"max-video-preview:-1"},"canonical":"https:\/\/franciscanos.org.br\/noticias\/com-cuidados-sanitarios-comeca-o-capitulo-provincial.html","og_locale":"pt_BR","og_type":"article","og_title":"Com cuidados sanit\u00e1rios, come\u00e7a o Cap\u00edtulo Provincial - Not\u00edcias - Franciscanos","og_description":"Cap\u00edtulo Provincial 2021","og_url":"https:\/\/franciscanos.org.br\/noticias\/com-cuidados-sanitarios-comeca-o-capitulo-provincial.html","og_site_name":"Not\u00edcias - Franciscanos","article_published_time":"2021-11-22T17:11:21+00:00","article_modified_time":"2021-11-22T21:06:21+00:00","og_image":[{"width":1200,"height":718,"url":"https:\/\/franciscanos.org.br\/noticias\/wp-content\/uploads\/2021\/11\/capitulo_2211_2.jpg","type":"image\/jpeg"}],"author":"moacir","twitter_card":"summary_large_image","twitter_misc":{"Escrito por":"moacir","Est. tempo de leitura":"4 minutos"},"schema":{"@context":"https:\/\/schema.org","@graph":[{"@type":"WebSite","@id":"https:\/\/franciscanos.org.br\/noticias\/#website","url":"https:\/\/franciscanos.org.br\/noticias\/","name":"Not\u00edcias - Franciscanos","description":"Prov\u00edncia Franciscana da Imaculada Concei\u00e7\u00e3o do Brasil - Ordem dos Frades Menores - OFM","potentialAction":[{"@type":"SearchAction","target":{"@type":"EntryPoint","urlTemplate":"https:\/\/franciscanos.org.br\/noticias\/?s={search_term_string}"},"query-input":"required name=search_term_string"}],"inLanguage":"pt-BR"},{"@type":"ImageObject","inLanguage":"pt-BR","@id":"https:\/\/franciscanos.org.br\/noticias\/com-cuidados-sanitarios-comeca-o-capitulo-provincial.html#primaryimage","url":"https:\/\/franciscanos.org.br\/noticias\/wp-content\/uploads\/2021\/11\/capitulo_2211_2.jpg","contentUrl":"https:\/\/franciscanos.org.br\/noticias\/wp-content\/uploads\/2021\/11\/capitulo_2211_2.jpg","width":1200,"height":718},{"@type":"WebPage","@id":"https:\/\/franciscanos.org.br\/noticias\/com-cuidados-sanitarios-comeca-o-capitulo-provincial.html#webpage","url":"https:\/\/franciscanos.org.br\/noticias\/com-cuidados-sanitarios-comeca-o-capitulo-provincial.html","name":"Com cuidados sanit\u00e1rios, come\u00e7a o Cap\u00edtulo Provincial - Not\u00edcias - Franciscanos","isPartOf":{"@id":"https:\/\/franciscanos.org.br\/noticias\/#website"},"primaryImageOfPage":{"@id":"https:\/\/franciscanos.org.br\/noticias\/com-cuidados-sanitarios-comeca-o-capitulo-provincial.html#primaryimage"},"datePublished":"2021-11-22T17:11:21+00:00","dateModified":"2021-11-22T21:06:21+00:00","author":{"@id":"https:\/\/franciscanos.org.br\/noticias\/#\/schema\/person\/b5c8cba458c330ccff548b056e95a5d4"},"breadcrumb":{"@id":"https:\/\/franciscanos.org.br\/noticias\/com-cuidados-sanitarios-comeca-o-capitulo-provincial.html#breadcrumb"},"inLanguage":"pt-BR","potentialAction":[{"@type":"ReadAction","target":["https:\/\/franciscanos.org.br\/noticias\/com-cuidados-sanitarios-comeca-o-capitulo-provincial.html"]}]},{"@type":"BreadcrumbList","@id":"https:\/\/franciscanos.org.br\/noticias\/com-cuidados-sanitarios-comeca-o-capitulo-provincial.html#breadcrumb","itemListElement":[{"@type":"ListItem","position":1,"name":"Home","item":"https:\/\/franciscanos.org.br\/noticias"},{"@type":"ListItem","position":2,"name":"Com cuidados sanit\u00e1rios, come\u00e7a o Cap\u00edtulo Provincial"}]},{"@type":"Person","@id":"https:\/\/franciscanos.org.br\/noticias\/#\/schema\/person\/b5c8cba458c330ccff548b056e95a5d4","name":"moacir","image":{"@type":"ImageObject","inLanguage":"pt-BR","@id":"https:\/\/franciscanos.org.br\/noticias\/#\/schema\/person\/image\/","url":"https:\/\/secure.gravatar.com\/avatar\/d08aa2ce4c8dd416d4479aa8536fcf64?s=96&d=mm&r=g","contentUrl":"https:\/\/secure.gravatar.com\/avatar\/d08aa2ce4c8dd416d4479aa8536fcf64?s=96&d=mm&r=g","caption":"moacir"},"url":"https:\/\/franciscanos.org.br\/noticias\/author\/moacir"}]}},"_links":{"self":[{"href":"https:\/\/franciscanos.org.br\/noticias\/wp-json\/wp\/v2\/posts\/235243"}],"collection":[{"href":"https:\/\/franciscanos.org.br\/noticias\/wp-json\/wp\/v2\/posts"}],"about":[{"href":"https:\/\/franciscanos.org.br\/noticias\/wp-json\/wp\/v2\/types\/post"}],"author":[{"embeddable":true,"href":"https:\/\/franciscanos.org.br\/noticias\/wp-json\/wp\/v2\/users\/3"}],"replies":[{"embeddable":true,"href":"https:\/\/franciscanos.org.br\/noticias\/wp-json\/wp\/v2\/comments?post=235243"}],"version-history":[{"count":4,"href":"https:\/\/franciscanos.org.br\/noticias\/wp-json\/wp\/v2\/posts\/235243\/revisions"}],"predecessor-version":[{"id":235261,"href":"https:\/\/franciscanos.org.br\/noticias\/wp-json\/wp\/v2\/posts\/235243\/revisions\/235261"}],"wp:featuredmedia":[{"embeddable":true,"href":"https:\/\/franciscanos.org.br\/noticias\/wp-json\/wp\/v2\/media\/235244"}],"wp:attachment":[{"href":"https:\/\/franciscanos.org.br\/noticias\/wp-json\/wp\/v2\/media?parent=235243"}],"wp:term":[{"taxonomy":"category","embeddable":true,"href":"https:\/\/franciscanos.org.br\/noticias\/wp-json\/wp\/v2\/categories?post=235243"},{"taxonomy":"post_tag","embeddable":true,"href":"https:\/\/franciscanos.org.br\/noticias\/wp-json\/wp\/v2\/tags?post=235243"}],"curies":[{"name":"wp","href":"https:\/\/api.w.org\/{rel}","templated":true}]}}