{"id":235234,"date":"2021-11-20T07:26:08","date_gmt":"2021-11-20T10:26:08","guid":{"rendered":"https:\/\/franciscanos.org.br\/noticias\/?p=235234"},"modified":"2021-11-20T07:26:51","modified_gmt":"2021-11-20T10:26:51","slug":"papa-o-trabalho-infantil-e-roubar-das-criancas-o-seu-futuro","status":"publish","type":"post","link":"https:\/\/franciscanos.org.br\/noticias\/papa-o-trabalho-infantil-e-roubar-das-criancas-o-seu-futuro.html","title":{"rendered":"Papa: o trabalho infantil \u00e9 roubar das crian\u00e7as o seu futuro"},"content":{"rendered":"<div id=\"attachment_235235\" style=\"width: 1290px\" class=\"wp-caption alignnone\"><img aria-describedby=\"caption-attachment-235235\" loading=\"lazy\" class=\"wp-image-235235 size-full\" src=\"https:\/\/franciscanos.org.br\/noticias\/wp-content\/uploads\/2021\/11\/audiencia_2011.jpg\" alt=\"\" width=\"1280\" height=\"720\" srcset=\"https:\/\/franciscanos.org.br\/noticias\/wp-content\/uploads\/2021\/11\/audiencia_2011.jpg 1280w, https:\/\/franciscanos.org.br\/noticias\/wp-content\/uploads\/2021\/11\/audiencia_2011-450x253.jpg 450w, https:\/\/franciscanos.org.br\/noticias\/wp-content\/uploads\/2021\/11\/audiencia_2011-1024x576.jpg 1024w, https:\/\/franciscanos.org.br\/noticias\/wp-content\/uploads\/2021\/11\/audiencia_2011-768x432.jpg 768w, https:\/\/franciscanos.org.br\/noticias\/wp-content\/uploads\/2021\/11\/audiencia_2011-150x84.jpg 150w\" sizes=\"(max-width: 1280px) 100vw, 1280px\" \/><p id=\"caption-attachment-235235\" class=\"wp-caption-text\"><em>\u00a0 \u00a0 \u00a0 \u00a0 \u00a0 \u00a0 \u00a0 \u00a0 \u00a0 \u00a0 \u00a0 \u00a0 \u00a0 \u00a0 \u00a0 \u00a0 \u00a0 \u00a0 \u00a0 \u00a0 \u00a0 \u00a0 \u00a0 \u00a0 \u00a0 \u00a0 \u00a0 \u00a0 \u00a0 \u00a0 \u00a0 \u00a0 \u00a0 \u00a0 \u00a0 \u00a0 \u00a0 \u00a0 \u00a0 \u00a0 \u00a0 \u00a0 \u00a0 \u00a0 \u00a0 \u00a0 \u00a0 \u00a0 \u00a0 \u00a0 \u00a0 \u00a0 \u00a0 \u00a0 \u00a0 \u00a0 \u00a0 \u00a0 \u00a0 \u00a0 \u00a0 \u00a0 \u00a0 \u00a0 \u00a0 \u00a0 \u00a0 \u00a0 \u00a0 \u00a0 \u00a0 \u00a0 \u00a0 \u00a0 \u00a0 \u00a0 \u00a0 \u00a0 \u00a0 \u00a0 \u00a0 \u00a0 \u00a0 \u00a0 \u00a0 \u00a0 \u00a0 \u00a0 \u00a0 \u00a0 \u00a0 \u00a0 \u00a0 \u00a0 \u00a0 \u00a0 \u00a0 \u00a0 \u00a0 \u00a0Imagem: Vatican Media<\/em><\/p><\/div>\n<p>\u201cA pobreza extrema, a falta de trabalho e o desespero resultante nas fam\u00edlias s\u00e3o os fatores que mais exp\u00f5em as crian\u00e7as \u00e0 explora\u00e7\u00e3o no trabalho. Se quisermos erradicar a chaga do trabalho infantil, temos que trabalhar juntos para erradicar a pobreza, para corrigir as distor\u00e7\u00f5es do sistema econ\u00f4mico atual, que centraliza a riqueza nas m\u00e3os de uns poucos.\u201d \u201cTodos os atores sociais s\u00e3o chamados em causa no combate ao trabalho infantil e \u00e0s causas que o determinam.\u201d<\/p>\n<p>Foi o que disse o Papa Francisco ao receber em audi\u00eancia na manh\u00e3 desta sexta-feira (19\/11) na Sala do Consist\u00f3rio, no Vaticano, os participantes, na parte da tarde desta sexta-feira, da Confer\u00eancia Internacional \u201cErradicar o trabalho infantil, construir um futuro melhor\u201d, promovida pelo Dicast\u00e9rio para o Servi\u00e7o do Desenvolvimento Humano Integral.<\/p>\n<p><strong>Chaga do trabalho infantil<\/strong><br \/>\n\u201cA chaga do trabalho infantil, sobre o qual voc\u00eas hoje se encontram refletindo juntos, \u00e9 de particular import\u00e2ncia para o presente e o futuro da nossa humanidade. A forma como nos relacionamos com as crian\u00e7as, a medida em que respeitamos sua dignidade humana inata e seus direitos fundamentais, expressa que tipo de adultos somos e queremos ser e que tipo de sociedade queremos construir\u201d, disse o Papa.<\/p>\n<p>O Pont\u00edfice foi enf\u00e1tico ao afirmar que \u201c\u00e9 chocante e perturbador que nas economias atuais, cujas atividades de produ\u00e7\u00e3o s\u00e3o baseadas em inova\u00e7\u00f5es tecnol\u00f3gicas, tanto que falamos da \u2018quarta revolu\u00e7\u00e3o industrial\u2019, o emprego de crian\u00e7as em atividades de trabalho persista em todas as partes do globo.<\/p>\n<p>\u201cIsto coloca em risco a sa\u00fade delas, seu bem-estar mental e f\u00edsico e as priva do direito \u00e0 educa\u00e7\u00e3o e de viver sua inf\u00e2ncia com alegria e serenidade. A pandemia agravou ainda mais a situa\u00e7\u00e3o.\u201d<\/p>\n<p>O Papa: trabalho infantil, flagelo que fere o desenvolvimento harmonioso das crian\u00e7as<br \/>\nA este ponto de seu discurso, o Santo Padre fez uma n\u00edtida e oportuna distin\u00e7\u00e3o. \u201cO trabalho infantil n\u00e3o deve ser confundido com as pequenas tarefas dom\u00e9sticas que as crian\u00e7as, em seu tempo livre e de acordo com sua idade, podem realizar no \u00e2mbito da vida familiar, para ajudar os pais, irm\u00e3os e av\u00f3s ou outros membros da comunidade. Estas atividades s\u00e3o geralmente ben\u00e9ficas para o desenvolvimento delas, pois permitem que elas testem suas habilidades e cres\u00e7am em consci\u00eancia e responsabilidade.<\/p>\n<p>Dito isso, o Papa Francisco especificou que o trabalho infantil \u00e9 uma quest\u00e3o totalmente diferente!<\/p>\n<p><strong>Uma viola\u00e7\u00e3o da dignidade humana<\/strong><br \/>\n\u201c\u00c9 a explora\u00e7\u00e3o das crian\u00e7as nos processos de produ\u00e7\u00e3o da economia globalizada para o lucro e ganho de outros. \u00c9 a nega\u00e7\u00e3o do direito das crian\u00e7as \u00e0 sa\u00fade, \u00e0 educa\u00e7\u00e3o e ao crescimento harmonioso, incluindo a possibilidade de brincar e sonhar. \u00c9 roubar das crian\u00e7as o seu futuro e, portanto, da pr\u00f3pria humanidade. \u00c9 uma viola\u00e7\u00e3o da dignidade humana.\u201d<\/p>\n<p>Francisco afirmou que \u201cprecisamos encorajar os Estados e os atores do mundo empresarial a criar oportunidades de trabalho decente com sal\u00e1rios justos que permitam \u00e0s fam\u00edlias satisfazer suas necessidades sem que seus filhos sejam for\u00e7ados a trabalhar.\u201d<\/p>\n<p>\u201cDevemos unir nossos esfor\u00e7os &#8211; prosseguiu o Papa &#8211; para favorecer uma educa\u00e7\u00e3o de qualidade, gratuita para todos, em cada pa\u00eds, bem como um sistema de sa\u00fade que seja acess\u00edvel a todos sem distin\u00e7\u00e3o.\u201d<\/p>\n<p><strong>Um grande sinal de esperan\u00e7a<\/strong><br \/>\nO Pont\u00edfice disse ainda que a participa\u00e7\u00e3o nesta Confer\u00eancia de representantes de organiza\u00e7\u00f5es internacionais, da sociedade civil, das empresas e da Igreja \u00e9 um sinal de grande esperan\u00e7a, fazendo em seguida uma premente exorta\u00e7\u00e3o:\u00a0\u201cExorto o Dicast\u00e9rio para o Servi\u00e7o do Desenvolvimento Humano Integral, que tamb\u00e9m \u00e9 respons\u00e1vel pela promo\u00e7\u00e3o do desenvolvimento das crian\u00e7as, a continuar neste trabalho de est\u00edmulo, de facilita\u00e7\u00e3o e de coordena\u00e7\u00e3o das iniciativas e dos esfor\u00e7os j\u00e1 em andamento em todos os n\u00edveis para combater o trabalho infantil.\u201d<\/p>\n<p>O Santo Padre concluiu agradecendo aos participantes e expressando-lhes seu reconhecimento pelo compromisso em favor desta causa \u201cque \u00e9 uma verdadeira quest\u00e3o de civiliza\u00e7\u00e3o\u201d, encorajando-os a seguirem adiante, tendo sempre presente as palavras de Jesus no Evangelho: \u201cTudo aquilo que fizestes a um s\u00f3 destes pequeninos, a mim o fizestes\u201d (Mt 25,40).<\/p>\n<hr \/>\n<p><em>\u00a0Fonte: Vatican News (texto de Raimundo de Lima)<\/em><\/p>\n","protected":false},"excerpt":{"rendered":"<p>Audi\u00eancia do Papa<\/p>\n","protected":false},"author":3,"featured_media":235235,"comment_status":"open","ping_status":"open","sticky":false,"template":"","format":"standard","meta":[],"categories":[1428],"tags":[55,1740],"acf":[],"yoast_head":"<!-- This site is optimized with the Yoast SEO plugin v19.2 - https:\/\/yoast.com\/wordpress\/plugins\/seo\/ -->\n<title>Papa: o trabalho infantil \u00e9 roubar das crian\u00e7as o seu futuro - Not\u00edcias - Franciscanos<\/title>\n<meta name=\"robots\" content=\"index, follow, max-snippet:-1, max-image-preview:large, max-video-preview:-1\" \/>\n<link rel=\"canonical\" href=\"https:\/\/franciscanos.org.br\/noticias\/papa-o-trabalho-infantil-e-roubar-das-criancas-o-seu-futuro.html\" \/>\n<meta property=\"og:locale\" content=\"pt_BR\" \/>\n<meta property=\"og:type\" content=\"article\" \/>\n<meta property=\"og:title\" content=\"Papa: o trabalho infantil \u00e9 roubar das crian\u00e7as o seu futuro - Not\u00edcias - Franciscanos\" \/>\n<meta property=\"og:description\" content=\"Audi\u00eancia do Papa\" \/>\n<meta property=\"og:url\" content=\"https:\/\/franciscanos.org.br\/noticias\/papa-o-trabalho-infantil-e-roubar-das-criancas-o-seu-futuro.html\" \/>\n<meta property=\"og:site_name\" content=\"Not\u00edcias - Franciscanos\" \/>\n<meta property=\"article:published_time\" content=\"2021-11-20T10:26:08+00:00\" \/>\n<meta property=\"article:modified_time\" content=\"2021-11-20T10:26:51+00:00\" \/>\n<meta property=\"og:image\" content=\"https:\/\/franciscanos.org.br\/noticias\/wp-content\/uploads\/2021\/11\/audiencia_2011.jpg\" \/>\n\t<meta property=\"og:image:width\" content=\"1280\" \/>\n\t<meta property=\"og:image:height\" content=\"720\" \/>\n\t<meta property=\"og:image:type\" content=\"image\/jpeg\" \/>\n<meta name=\"author\" content=\"moacir\" \/>\n<meta name=\"twitter:card\" content=\"summary_large_image\" \/>\n<meta name=\"twitter:label1\" content=\"Escrito por\" \/>\n\t<meta name=\"twitter:data1\" content=\"moacir\" \/>\n\t<meta name=\"twitter:label2\" content=\"Est. tempo de leitura\" \/>\n\t<meta name=\"twitter:data2\" content=\"4 minutos\" \/>\n<script type=\"application\/ld+json\" class=\"yoast-schema-graph\">{\"@context\":\"https:\/\/schema.org\",\"@graph\":[{\"@type\":\"WebSite\",\"@id\":\"https:\/\/franciscanos.org.br\/noticias\/#website\",\"url\":\"https:\/\/franciscanos.org.br\/noticias\/\",\"name\":\"Not\u00edcias - Franciscanos\",\"description\":\"Prov\u00edncia Franciscana da Imaculada Concei\u00e7\u00e3o do Brasil - Ordem dos Frades Menores - OFM\",\"potentialAction\":[{\"@type\":\"SearchAction\",\"target\":{\"@type\":\"EntryPoint\",\"urlTemplate\":\"https:\/\/franciscanos.org.br\/noticias\/?s={search_term_string}\"},\"query-input\":\"required name=search_term_string\"}],\"inLanguage\":\"pt-BR\"},{\"@type\":\"ImageObject\",\"inLanguage\":\"pt-BR\",\"@id\":\"https:\/\/franciscanos.org.br\/noticias\/papa-o-trabalho-infantil-e-roubar-das-criancas-o-seu-futuro.html#primaryimage\",\"url\":\"https:\/\/franciscanos.org.br\/noticias\/wp-content\/uploads\/2021\/11\/audiencia_2011.jpg\",\"contentUrl\":\"https:\/\/franciscanos.org.br\/noticias\/wp-content\/uploads\/2021\/11\/audiencia_2011.jpg\",\"width\":1280,\"height\":720},{\"@type\":\"WebPage\",\"@id\":\"https:\/\/franciscanos.org.br\/noticias\/papa-o-trabalho-infantil-e-roubar-das-criancas-o-seu-futuro.html#webpage\",\"url\":\"https:\/\/franciscanos.org.br\/noticias\/papa-o-trabalho-infantil-e-roubar-das-criancas-o-seu-futuro.html\",\"name\":\"Papa: o trabalho infantil \u00e9 roubar das crian\u00e7as o seu futuro - Not\u00edcias - Franciscanos\",\"isPartOf\":{\"@id\":\"https:\/\/franciscanos.org.br\/noticias\/#website\"},\"primaryImageOfPage\":{\"@id\":\"https:\/\/franciscanos.org.br\/noticias\/papa-o-trabalho-infantil-e-roubar-das-criancas-o-seu-futuro.html#primaryimage\"},\"datePublished\":\"2021-11-20T10:26:08+00:00\",\"dateModified\":\"2021-11-20T10:26:51+00:00\",\"author\":{\"@id\":\"https:\/\/franciscanos.org.br\/noticias\/#\/schema\/person\/b5c8cba458c330ccff548b056e95a5d4\"},\"breadcrumb\":{\"@id\":\"https:\/\/franciscanos.org.br\/noticias\/papa-o-trabalho-infantil-e-roubar-das-criancas-o-seu-futuro.html#breadcrumb\"},\"inLanguage\":\"pt-BR\",\"potentialAction\":[{\"@type\":\"ReadAction\",\"target\":[\"https:\/\/franciscanos.org.br\/noticias\/papa-o-trabalho-infantil-e-roubar-das-criancas-o-seu-futuro.html\"]}]},{\"@type\":\"BreadcrumbList\",\"@id\":\"https:\/\/franciscanos.org.br\/noticias\/papa-o-trabalho-infantil-e-roubar-das-criancas-o-seu-futuro.html#breadcrumb\",\"itemListElement\":[{\"@type\":\"ListItem\",\"position\":1,\"name\":\"Home\",\"item\":\"https:\/\/franciscanos.org.br\/noticias\"},{\"@type\":\"ListItem\",\"position\":2,\"name\":\"Papa: o trabalho infantil \u00e9 roubar das crian\u00e7as o seu futuro\"}]},{\"@type\":\"Person\",\"@id\":\"https:\/\/franciscanos.org.br\/noticias\/#\/schema\/person\/b5c8cba458c330ccff548b056e95a5d4\",\"name\":\"moacir\",\"image\":{\"@type\":\"ImageObject\",\"inLanguage\":\"pt-BR\",\"@id\":\"https:\/\/franciscanos.org.br\/noticias\/#\/schema\/person\/image\/\",\"url\":\"https:\/\/secure.gravatar.com\/avatar\/d08aa2ce4c8dd416d4479aa8536fcf64?s=96&d=mm&r=g\",\"contentUrl\":\"https:\/\/secure.gravatar.com\/avatar\/d08aa2ce4c8dd416d4479aa8536fcf64?s=96&d=mm&r=g\",\"caption\":\"moacir\"},\"url\":\"https:\/\/franciscanos.org.br\/noticias\/author\/moacir\"}]}<\/script>\n<!-- \/ Yoast SEO plugin. -->","yoast_head_json":{"title":"Papa: o trabalho infantil \u00e9 roubar das crian\u00e7as o seu futuro - Not\u00edcias - Franciscanos","robots":{"index":"index","follow":"follow","max-snippet":"max-snippet:-1","max-image-preview":"max-image-preview:large","max-video-preview":"max-video-preview:-1"},"canonical":"https:\/\/franciscanos.org.br\/noticias\/papa-o-trabalho-infantil-e-roubar-das-criancas-o-seu-futuro.html","og_locale":"pt_BR","og_type":"article","og_title":"Papa: o trabalho infantil \u00e9 roubar das crian\u00e7as o seu futuro - Not\u00edcias - Franciscanos","og_description":"Audi\u00eancia do Papa","og_url":"https:\/\/franciscanos.org.br\/noticias\/papa-o-trabalho-infantil-e-roubar-das-criancas-o-seu-futuro.html","og_site_name":"Not\u00edcias - Franciscanos","article_published_time":"2021-11-20T10:26:08+00:00","article_modified_time":"2021-11-20T10:26:51+00:00","og_image":[{"width":1280,"height":720,"url":"https:\/\/franciscanos.org.br\/noticias\/wp-content\/uploads\/2021\/11\/audiencia_2011.jpg","type":"image\/jpeg"}],"author":"moacir","twitter_card":"summary_large_image","twitter_misc":{"Escrito por":"moacir","Est. tempo de leitura":"4 minutos"},"schema":{"@context":"https:\/\/schema.org","@graph":[{"@type":"WebSite","@id":"https:\/\/franciscanos.org.br\/noticias\/#website","url":"https:\/\/franciscanos.org.br\/noticias\/","name":"Not\u00edcias - Franciscanos","description":"Prov\u00edncia Franciscana da Imaculada Concei\u00e7\u00e3o do Brasil - Ordem dos Frades Menores - OFM","potentialAction":[{"@type":"SearchAction","target":{"@type":"EntryPoint","urlTemplate":"https:\/\/franciscanos.org.br\/noticias\/?s={search_term_string}"},"query-input":"required name=search_term_string"}],"inLanguage":"pt-BR"},{"@type":"ImageObject","inLanguage":"pt-BR","@id":"https:\/\/franciscanos.org.br\/noticias\/papa-o-trabalho-infantil-e-roubar-das-criancas-o-seu-futuro.html#primaryimage","url":"https:\/\/franciscanos.org.br\/noticias\/wp-content\/uploads\/2021\/11\/audiencia_2011.jpg","contentUrl":"https:\/\/franciscanos.org.br\/noticias\/wp-content\/uploads\/2021\/11\/audiencia_2011.jpg","width":1280,"height":720},{"@type":"WebPage","@id":"https:\/\/franciscanos.org.br\/noticias\/papa-o-trabalho-infantil-e-roubar-das-criancas-o-seu-futuro.html#webpage","url":"https:\/\/franciscanos.org.br\/noticias\/papa-o-trabalho-infantil-e-roubar-das-criancas-o-seu-futuro.html","name":"Papa: o trabalho infantil \u00e9 roubar das crian\u00e7as o seu futuro - Not\u00edcias - Franciscanos","isPartOf":{"@id":"https:\/\/franciscanos.org.br\/noticias\/#website"},"primaryImageOfPage":{"@id":"https:\/\/franciscanos.org.br\/noticias\/papa-o-trabalho-infantil-e-roubar-das-criancas-o-seu-futuro.html#primaryimage"},"datePublished":"2021-11-20T10:26:08+00:00","dateModified":"2021-11-20T10:26:51+00:00","author":{"@id":"https:\/\/franciscanos.org.br\/noticias\/#\/schema\/person\/b5c8cba458c330ccff548b056e95a5d4"},"breadcrumb":{"@id":"https:\/\/franciscanos.org.br\/noticias\/papa-o-trabalho-infantil-e-roubar-das-criancas-o-seu-futuro.html#breadcrumb"},"inLanguage":"pt-BR","potentialAction":[{"@type":"ReadAction","target":["https:\/\/franciscanos.org.br\/noticias\/papa-o-trabalho-infantil-e-roubar-das-criancas-o-seu-futuro.html"]}]},{"@type":"BreadcrumbList","@id":"https:\/\/franciscanos.org.br\/noticias\/papa-o-trabalho-infantil-e-roubar-das-criancas-o-seu-futuro.html#breadcrumb","itemListElement":[{"@type":"ListItem","position":1,"name":"Home","item":"https:\/\/franciscanos.org.br\/noticias"},{"@type":"ListItem","position":2,"name":"Papa: o trabalho infantil \u00e9 roubar das crian\u00e7as o seu futuro"}]},{"@type":"Person","@id":"https:\/\/franciscanos.org.br\/noticias\/#\/schema\/person\/b5c8cba458c330ccff548b056e95a5d4","name":"moacir","image":{"@type":"ImageObject","inLanguage":"pt-BR","@id":"https:\/\/franciscanos.org.br\/noticias\/#\/schema\/person\/image\/","url":"https:\/\/secure.gravatar.com\/avatar\/d08aa2ce4c8dd416d4479aa8536fcf64?s=96&d=mm&r=g","contentUrl":"https:\/\/secure.gravatar.com\/avatar\/d08aa2ce4c8dd416d4479aa8536fcf64?s=96&d=mm&r=g","caption":"moacir"},"url":"https:\/\/franciscanos.org.br\/noticias\/author\/moacir"}]}},"_links":{"self":[{"href":"https:\/\/franciscanos.org.br\/noticias\/wp-json\/wp\/v2\/posts\/235234"}],"collection":[{"href":"https:\/\/franciscanos.org.br\/noticias\/wp-json\/wp\/v2\/posts"}],"about":[{"href":"https:\/\/franciscanos.org.br\/noticias\/wp-json\/wp\/v2\/types\/post"}],"author":[{"embeddable":true,"href":"https:\/\/franciscanos.org.br\/noticias\/wp-json\/wp\/v2\/users\/3"}],"replies":[{"embeddable":true,"href":"https:\/\/franciscanos.org.br\/noticias\/wp-json\/wp\/v2\/comments?post=235234"}],"version-history":[{"count":2,"href":"https:\/\/franciscanos.org.br\/noticias\/wp-json\/wp\/v2\/posts\/235234\/revisions"}],"predecessor-version":[{"id":235237,"href":"https:\/\/franciscanos.org.br\/noticias\/wp-json\/wp\/v2\/posts\/235234\/revisions\/235237"}],"wp:featuredmedia":[{"embeddable":true,"href":"https:\/\/franciscanos.org.br\/noticias\/wp-json\/wp\/v2\/media\/235235"}],"wp:attachment":[{"href":"https:\/\/franciscanos.org.br\/noticias\/wp-json\/wp\/v2\/media?parent=235234"}],"wp:term":[{"taxonomy":"category","embeddable":true,"href":"https:\/\/franciscanos.org.br\/noticias\/wp-json\/wp\/v2\/categories?post=235234"},{"taxonomy":"post_tag","embeddable":true,"href":"https:\/\/franciscanos.org.br\/noticias\/wp-json\/wp\/v2\/tags?post=235234"}],"curies":[{"name":"wp","href":"https:\/\/api.w.org\/{rel}","templated":true}]}}