{"id":235231,"date":"2021-11-19T07:32:37","date_gmt":"2021-11-19T10:32:37","guid":{"rendered":"https:\/\/franciscanos.org.br\/noticias\/?p=235231"},"modified":"2021-11-19T07:32:37","modified_gmt":"2021-11-19T10:32:37","slug":"dia-de-reflexao-sobre-a-protecao-de-menores-e-adultos-vulneraveis","status":"publish","type":"post","link":"https:\/\/franciscanos.org.br\/noticias\/dia-de-reflexao-sobre-a-protecao-de-menores-e-adultos-vulneraveis.html","title":{"rendered":"Dia de reflex\u00e3o sobre a prote\u00e7\u00e3o de menores e adultos vulner\u00e1veis"},"content":{"rendered":"<div id=\"attachment_235232\" style=\"width: 1210px\" class=\"wp-caption alignnone\"><img aria-describedby=\"caption-attachment-235232\" loading=\"lazy\" class=\"wp-image-235232 size-full\" src=\"https:\/\/franciscanos.org.br\/noticias\/wp-content\/uploads\/2021\/11\/ordem.jpg\" alt=\"\" width=\"1200\" height=\"800\" srcset=\"https:\/\/franciscanos.org.br\/noticias\/wp-content\/uploads\/2021\/11\/ordem.jpg 1200w, https:\/\/franciscanos.org.br\/noticias\/wp-content\/uploads\/2021\/11\/ordem-450x300.jpg 450w, https:\/\/franciscanos.org.br\/noticias\/wp-content\/uploads\/2021\/11\/ordem-1024x683.jpg 1024w, https:\/\/franciscanos.org.br\/noticias\/wp-content\/uploads\/2021\/11\/ordem-768x512.jpg 768w, https:\/\/franciscanos.org.br\/noticias\/wp-content\/uploads\/2021\/11\/ordem-150x100.jpg 150w\" sizes=\"(max-width: 1200px) 100vw, 1200px\" \/><p id=\"caption-attachment-235232\" class=\"wp-caption-text\">\u00a0 \u00a0 \u00a0 \u00a0 \u00a0 \u00a0 \u00a0 \u00a0 \u00a0 \u00a0 \u00a0 \u00a0 \u00a0 \u00a0 \u00a0 \u00a0 \u00a0 \u00a0 \u00a0 \u00a0 \u00a0 \u00a0 \u00a0 \u00a0 \u00a0 \u00a0 \u00a0 \u00a0 \u00a0 \u00a0 \u00a0 \u00a0 \u00a0 \u00a0 \u00a0 \u00a0 \u00a0 \u00a0 \u00a0 \u00a0 \u00a0 \u00a0 \u00a0 \u00a0 \u00a0 \u00a0 \u00a0 \u00a0 \u00a0 \u00a0 \u00a0 \u00a0 \u00a0 \u00a0 \u00a0 \u00a0 \u00a0 \u00a0 \u00a0 \u00a0 \u00a0 \u00a0 \u00a0 <em>\u00a0 \u00a0 \u00a0 \u00a0 \u00a0 \u00a0 Imagem: OFM<\/em><\/p><\/div>\n<p>Frei Francisco G\u00f3mez Vargas, do Secretariado de Miss\u00e3o e Evangeliza\u00e7\u00e3o, presidiu a Santa Missa, nesta quinta-feira, 18 de novembro, convidando os participantes a se indignarem com a corrup\u00e7\u00e3o e com aqueles que com seus projetos econ\u00f4micos destroem o ecossistema sem se preocupar com a preserva\u00e7\u00e3o da Cria\u00e7\u00e3o.<\/p>\n<p>O encontro entre o Ministro Geral e o Definit\u00f3rio geral com os Visitadores continuou abordando o tema da Prote\u00e7\u00e3o de Menores e Adultos Vulner\u00e1veis. Os palestrantes do dia foram Frei Isauro Ulises Covili Linfati, Vig\u00e1rio Geral, Frei Albert Schmucki, Definidor Geral, e Frei Aidan McGrath, Provincial da Irlanda.<\/p>\n<p>O Vig\u00e1rio Geral destacou a preocupa\u00e7\u00e3o da Ordem com o abuso de menores e pessoas vulner\u00e1veis.<\/p>\n<p>Para enfrentar o fen\u00f4meno dos abusos, o anterior Definit\u00f3rio Geral havia criado em 2019 uma Comiss\u00e3o para a Prote\u00e7\u00e3o de Menores. O trabalho da Comiss\u00e3o foi apresentado ao Cap\u00edtulo Geral de 2021 com o prop\u00f3sito espec\u00edfico de avan\u00e7ar com \u201cpropostas concretas e legislou-se para deixar clara a obriga\u00e7\u00e3o de todos os frades e Entidades da Ordem de cooperar plenamente na preven\u00e7\u00e3o, den\u00fancia e colabora\u00e7\u00e3o com todas as autoridades civis e eclesi\u00e1sticas competentes na tarefa de garantir justi\u00e7a e transpar\u00eancia no tratamento das den\u00fancias de abuso em toda a Ordem\u201d. (Documento Final do Cap\u00edtulo Geral, n\u00ba 19).<\/p>\n<p>Frei Aidan recordou aos Visitadores a particular import\u00e2ncia deste tema e fen\u00f4meno na vida da Ordem e na vida da Entidade que se est\u00e1 visitando. A sua fun\u00e7\u00e3o \u00e9 assegurar que os respons\u00e1veis \u200b\u200bpela Entidade compreendam o significado da Prote\u00e7\u00e3o de menores e tomem as medidas concretas necess\u00e1rias para abord\u00e1-la.<\/p>\n<p>Durante o m\u00eas de outubro passado se criou na C\u00faria Geral o Escrit\u00f3rio Geral para a Prote\u00e7\u00e3o de Menores e Adultos Vulner\u00e1veis, com Frei Albert Schmucki como Diretor e Frei Isauro Ulises Covili Linfati, Vig\u00e1rio Geral, como colaborador.<\/p>\n<p>Durante a tarde, o trabalho continuou em grupos de l\u00ednguas.<\/p>\n<hr \/>\n<p><em>Fonte: site da OFM<\/em><\/p>\n","protected":false},"excerpt":{"rendered":"<p>Ordem dos Frades Menores<\/p>\n","protected":false},"author":3,"featured_media":235232,"comment_status":"open","ping_status":"open","sticky":false,"template":"","format":"standard","meta":[],"categories":[1],"tags":[397],"acf":[],"yoast_head":"<!-- This site is optimized with the Yoast SEO plugin v19.2 - https:\/\/yoast.com\/wordpress\/plugins\/seo\/ -->\n<title>Dia de reflex\u00e3o sobre a prote\u00e7\u00e3o de menores e adultos vulner\u00e1veis - Not\u00edcias - Franciscanos<\/title>\n<meta name=\"robots\" content=\"index, follow, max-snippet:-1, max-image-preview:large, max-video-preview:-1\" \/>\n<link rel=\"canonical\" href=\"https:\/\/franciscanos.org.br\/noticias\/dia-de-reflexao-sobre-a-protecao-de-menores-e-adultos-vulneraveis.html\" \/>\n<meta property=\"og:locale\" content=\"pt_BR\" \/>\n<meta property=\"og:type\" content=\"article\" \/>\n<meta property=\"og:title\" content=\"Dia de reflex\u00e3o sobre a prote\u00e7\u00e3o de menores e adultos vulner\u00e1veis - Not\u00edcias - Franciscanos\" \/>\n<meta property=\"og:description\" content=\"Ordem dos Frades Menores\" \/>\n<meta property=\"og:url\" content=\"https:\/\/franciscanos.org.br\/noticias\/dia-de-reflexao-sobre-a-protecao-de-menores-e-adultos-vulneraveis.html\" \/>\n<meta property=\"og:site_name\" content=\"Not\u00edcias - Franciscanos\" \/>\n<meta property=\"article:published_time\" content=\"2021-11-19T10:32:37+00:00\" \/>\n<meta property=\"og:image\" content=\"https:\/\/franciscanos.org.br\/noticias\/wp-content\/uploads\/2021\/11\/ordem.jpg\" \/>\n\t<meta property=\"og:image:width\" content=\"1200\" \/>\n\t<meta property=\"og:image:height\" content=\"800\" \/>\n\t<meta property=\"og:image:type\" content=\"image\/jpeg\" \/>\n<meta name=\"author\" content=\"moacir\" \/>\n<meta name=\"twitter:card\" content=\"summary_large_image\" \/>\n<meta name=\"twitter:label1\" content=\"Escrito por\" \/>\n\t<meta name=\"twitter:data1\" content=\"moacir\" \/>\n\t<meta name=\"twitter:label2\" content=\"Est. tempo de leitura\" \/>\n\t<meta name=\"twitter:data2\" content=\"2 minutos\" \/>\n<script type=\"application\/ld+json\" class=\"yoast-schema-graph\">{\"@context\":\"https:\/\/schema.org\",\"@graph\":[{\"@type\":\"WebSite\",\"@id\":\"https:\/\/franciscanos.org.br\/noticias\/#website\",\"url\":\"https:\/\/franciscanos.org.br\/noticias\/\",\"name\":\"Not\u00edcias - Franciscanos\",\"description\":\"Prov\u00edncia Franciscana da Imaculada Concei\u00e7\u00e3o do Brasil - Ordem dos Frades Menores - OFM\",\"potentialAction\":[{\"@type\":\"SearchAction\",\"target\":{\"@type\":\"EntryPoint\",\"urlTemplate\":\"https:\/\/franciscanos.org.br\/noticias\/?s={search_term_string}\"},\"query-input\":\"required name=search_term_string\"}],\"inLanguage\":\"pt-BR\"},{\"@type\":\"ImageObject\",\"inLanguage\":\"pt-BR\",\"@id\":\"https:\/\/franciscanos.org.br\/noticias\/dia-de-reflexao-sobre-a-protecao-de-menores-e-adultos-vulneraveis.html#primaryimage\",\"url\":\"https:\/\/franciscanos.org.br\/noticias\/wp-content\/uploads\/2021\/11\/ordem.jpg\",\"contentUrl\":\"https:\/\/franciscanos.org.br\/noticias\/wp-content\/uploads\/2021\/11\/ordem.jpg\",\"width\":1200,\"height\":800},{\"@type\":\"WebPage\",\"@id\":\"https:\/\/franciscanos.org.br\/noticias\/dia-de-reflexao-sobre-a-protecao-de-menores-e-adultos-vulneraveis.html#webpage\",\"url\":\"https:\/\/franciscanos.org.br\/noticias\/dia-de-reflexao-sobre-a-protecao-de-menores-e-adultos-vulneraveis.html\",\"name\":\"Dia de reflex\u00e3o sobre a prote\u00e7\u00e3o de menores e adultos vulner\u00e1veis - Not\u00edcias - Franciscanos\",\"isPartOf\":{\"@id\":\"https:\/\/franciscanos.org.br\/noticias\/#website\"},\"primaryImageOfPage\":{\"@id\":\"https:\/\/franciscanos.org.br\/noticias\/dia-de-reflexao-sobre-a-protecao-de-menores-e-adultos-vulneraveis.html#primaryimage\"},\"datePublished\":\"2021-11-19T10:32:37+00:00\",\"dateModified\":\"2021-11-19T10:32:37+00:00\",\"author\":{\"@id\":\"https:\/\/franciscanos.org.br\/noticias\/#\/schema\/person\/b5c8cba458c330ccff548b056e95a5d4\"},\"breadcrumb\":{\"@id\":\"https:\/\/franciscanos.org.br\/noticias\/dia-de-reflexao-sobre-a-protecao-de-menores-e-adultos-vulneraveis.html#breadcrumb\"},\"inLanguage\":\"pt-BR\",\"potentialAction\":[{\"@type\":\"ReadAction\",\"target\":[\"https:\/\/franciscanos.org.br\/noticias\/dia-de-reflexao-sobre-a-protecao-de-menores-e-adultos-vulneraveis.html\"]}]},{\"@type\":\"BreadcrumbList\",\"@id\":\"https:\/\/franciscanos.org.br\/noticias\/dia-de-reflexao-sobre-a-protecao-de-menores-e-adultos-vulneraveis.html#breadcrumb\",\"itemListElement\":[{\"@type\":\"ListItem\",\"position\":1,\"name\":\"Home\",\"item\":\"https:\/\/franciscanos.org.br\/noticias\"},{\"@type\":\"ListItem\",\"position\":2,\"name\":\"Dia de reflex\u00e3o sobre a prote\u00e7\u00e3o de menores e adultos vulner\u00e1veis\"}]},{\"@type\":\"Person\",\"@id\":\"https:\/\/franciscanos.org.br\/noticias\/#\/schema\/person\/b5c8cba458c330ccff548b056e95a5d4\",\"name\":\"moacir\",\"image\":{\"@type\":\"ImageObject\",\"inLanguage\":\"pt-BR\",\"@id\":\"https:\/\/franciscanos.org.br\/noticias\/#\/schema\/person\/image\/\",\"url\":\"https:\/\/secure.gravatar.com\/avatar\/d08aa2ce4c8dd416d4479aa8536fcf64?s=96&d=mm&r=g\",\"contentUrl\":\"https:\/\/secure.gravatar.com\/avatar\/d08aa2ce4c8dd416d4479aa8536fcf64?s=96&d=mm&r=g\",\"caption\":\"moacir\"},\"url\":\"https:\/\/franciscanos.org.br\/noticias\/author\/moacir\"}]}<\/script>\n<!-- \/ Yoast SEO plugin. -->","yoast_head_json":{"title":"Dia de reflex\u00e3o sobre a prote\u00e7\u00e3o de menores e adultos vulner\u00e1veis - Not\u00edcias - Franciscanos","robots":{"index":"index","follow":"follow","max-snippet":"max-snippet:-1","max-image-preview":"max-image-preview:large","max-video-preview":"max-video-preview:-1"},"canonical":"https:\/\/franciscanos.org.br\/noticias\/dia-de-reflexao-sobre-a-protecao-de-menores-e-adultos-vulneraveis.html","og_locale":"pt_BR","og_type":"article","og_title":"Dia de reflex\u00e3o sobre a prote\u00e7\u00e3o de menores e adultos vulner\u00e1veis - Not\u00edcias - Franciscanos","og_description":"Ordem dos Frades Menores","og_url":"https:\/\/franciscanos.org.br\/noticias\/dia-de-reflexao-sobre-a-protecao-de-menores-e-adultos-vulneraveis.html","og_site_name":"Not\u00edcias - Franciscanos","article_published_time":"2021-11-19T10:32:37+00:00","og_image":[{"width":1200,"height":800,"url":"https:\/\/franciscanos.org.br\/noticias\/wp-content\/uploads\/2021\/11\/ordem.jpg","type":"image\/jpeg"}],"author":"moacir","twitter_card":"summary_large_image","twitter_misc":{"Escrito por":"moacir","Est. tempo de leitura":"2 minutos"},"schema":{"@context":"https:\/\/schema.org","@graph":[{"@type":"WebSite","@id":"https:\/\/franciscanos.org.br\/noticias\/#website","url":"https:\/\/franciscanos.org.br\/noticias\/","name":"Not\u00edcias - Franciscanos","description":"Prov\u00edncia Franciscana da Imaculada Concei\u00e7\u00e3o do Brasil - Ordem dos Frades Menores - OFM","potentialAction":[{"@type":"SearchAction","target":{"@type":"EntryPoint","urlTemplate":"https:\/\/franciscanos.org.br\/noticias\/?s={search_term_string}"},"query-input":"required name=search_term_string"}],"inLanguage":"pt-BR"},{"@type":"ImageObject","inLanguage":"pt-BR","@id":"https:\/\/franciscanos.org.br\/noticias\/dia-de-reflexao-sobre-a-protecao-de-menores-e-adultos-vulneraveis.html#primaryimage","url":"https:\/\/franciscanos.org.br\/noticias\/wp-content\/uploads\/2021\/11\/ordem.jpg","contentUrl":"https:\/\/franciscanos.org.br\/noticias\/wp-content\/uploads\/2021\/11\/ordem.jpg","width":1200,"height":800},{"@type":"WebPage","@id":"https:\/\/franciscanos.org.br\/noticias\/dia-de-reflexao-sobre-a-protecao-de-menores-e-adultos-vulneraveis.html#webpage","url":"https:\/\/franciscanos.org.br\/noticias\/dia-de-reflexao-sobre-a-protecao-de-menores-e-adultos-vulneraveis.html","name":"Dia de reflex\u00e3o sobre a prote\u00e7\u00e3o de menores e adultos vulner\u00e1veis - Not\u00edcias - Franciscanos","isPartOf":{"@id":"https:\/\/franciscanos.org.br\/noticias\/#website"},"primaryImageOfPage":{"@id":"https:\/\/franciscanos.org.br\/noticias\/dia-de-reflexao-sobre-a-protecao-de-menores-e-adultos-vulneraveis.html#primaryimage"},"datePublished":"2021-11-19T10:32:37+00:00","dateModified":"2021-11-19T10:32:37+00:00","author":{"@id":"https:\/\/franciscanos.org.br\/noticias\/#\/schema\/person\/b5c8cba458c330ccff548b056e95a5d4"},"breadcrumb":{"@id":"https:\/\/franciscanos.org.br\/noticias\/dia-de-reflexao-sobre-a-protecao-de-menores-e-adultos-vulneraveis.html#breadcrumb"},"inLanguage":"pt-BR","potentialAction":[{"@type":"ReadAction","target":["https:\/\/franciscanos.org.br\/noticias\/dia-de-reflexao-sobre-a-protecao-de-menores-e-adultos-vulneraveis.html"]}]},{"@type":"BreadcrumbList","@id":"https:\/\/franciscanos.org.br\/noticias\/dia-de-reflexao-sobre-a-protecao-de-menores-e-adultos-vulneraveis.html#breadcrumb","itemListElement":[{"@type":"ListItem","position":1,"name":"Home","item":"https:\/\/franciscanos.org.br\/noticias"},{"@type":"ListItem","position":2,"name":"Dia de reflex\u00e3o sobre a prote\u00e7\u00e3o de menores e adultos vulner\u00e1veis"}]},{"@type":"Person","@id":"https:\/\/franciscanos.org.br\/noticias\/#\/schema\/person\/b5c8cba458c330ccff548b056e95a5d4","name":"moacir","image":{"@type":"ImageObject","inLanguage":"pt-BR","@id":"https:\/\/franciscanos.org.br\/noticias\/#\/schema\/person\/image\/","url":"https:\/\/secure.gravatar.com\/avatar\/d08aa2ce4c8dd416d4479aa8536fcf64?s=96&d=mm&r=g","contentUrl":"https:\/\/secure.gravatar.com\/avatar\/d08aa2ce4c8dd416d4479aa8536fcf64?s=96&d=mm&r=g","caption":"moacir"},"url":"https:\/\/franciscanos.org.br\/noticias\/author\/moacir"}]}},"_links":{"self":[{"href":"https:\/\/franciscanos.org.br\/noticias\/wp-json\/wp\/v2\/posts\/235231"}],"collection":[{"href":"https:\/\/franciscanos.org.br\/noticias\/wp-json\/wp\/v2\/posts"}],"about":[{"href":"https:\/\/franciscanos.org.br\/noticias\/wp-json\/wp\/v2\/types\/post"}],"author":[{"embeddable":true,"href":"https:\/\/franciscanos.org.br\/noticias\/wp-json\/wp\/v2\/users\/3"}],"replies":[{"embeddable":true,"href":"https:\/\/franciscanos.org.br\/noticias\/wp-json\/wp\/v2\/comments?post=235231"}],"version-history":[{"count":1,"href":"https:\/\/franciscanos.org.br\/noticias\/wp-json\/wp\/v2\/posts\/235231\/revisions"}],"predecessor-version":[{"id":235233,"href":"https:\/\/franciscanos.org.br\/noticias\/wp-json\/wp\/v2\/posts\/235231\/revisions\/235233"}],"wp:featuredmedia":[{"embeddable":true,"href":"https:\/\/franciscanos.org.br\/noticias\/wp-json\/wp\/v2\/media\/235232"}],"wp:attachment":[{"href":"https:\/\/franciscanos.org.br\/noticias\/wp-json\/wp\/v2\/media?parent=235231"}],"wp:term":[{"taxonomy":"category","embeddable":true,"href":"https:\/\/franciscanos.org.br\/noticias\/wp-json\/wp\/v2\/categories?post=235231"},{"taxonomy":"post_tag","embeddable":true,"href":"https:\/\/franciscanos.org.br\/noticias\/wp-json\/wp\/v2\/tags?post=235231"}],"curies":[{"name":"wp","href":"https:\/\/api.w.org\/{rel}","templated":true}]}}