{"id":235225,"date":"2021-11-18T14:04:35","date_gmt":"2021-11-18T17:04:35","guid":{"rendered":"https:\/\/franciscanos.org.br\/noticias\/?p=235225"},"modified":"2021-11-18T14:04:35","modified_gmt":"2021-11-18T17:04:35","slug":"ofs-elege-novo-governo","status":"publish","type":"post","link":"https:\/\/franciscanos.org.br\/noticias\/ofs-elege-novo-governo.html","title":{"rendered":"OFS elege novo governo"},"content":{"rendered":"<p><img loading=\"lazy\" class=\"alignnone size-full wp-image-235226\" src=\"https:\/\/franciscanos.org.br\/noticias\/wp-content\/uploads\/2021\/11\/ofs_1811.jpg\" alt=\"\" width=\"1024\" height=\"683\" srcset=\"https:\/\/franciscanos.org.br\/noticias\/wp-content\/uploads\/2021\/11\/ofs_1811.jpg 1024w, https:\/\/franciscanos.org.br\/noticias\/wp-content\/uploads\/2021\/11\/ofs_1811-450x300.jpg 450w, https:\/\/franciscanos.org.br\/noticias\/wp-content\/uploads\/2021\/11\/ofs_1811-768x512.jpg 768w, https:\/\/franciscanos.org.br\/noticias\/wp-content\/uploads\/2021\/11\/ofs_1811-150x100.jpg 150w\" sizes=\"(max-width: 1024px) 100vw, 1024px\" \/><\/p>\n<p>De 13 a 21 de novembro \u00e9 celebrado o XVI Cap\u00edtulo Geral da Ordem Franciscana Secular. Ontem, dia 17 de novembro, na presen\u00e7a de Frei Massimo Fusarelli, Ministro Geral da Ordem dos Frades Menores, os 57 Capitulares elegeram o novo Governo da OFS para o pr\u00f3ximo sex\u00eanio.<\/p>\n<p>Durante a celebra\u00e7\u00e3o da Santa Missa, Frei Massimo iniciou a sua homilia dizendo: &#8220;A ora\u00e7\u00e3o que abriu a nossa celebra\u00e7\u00e3o, fez-nos pedir a gra\u00e7a de reconhecer Cristo nos pobres e necessitados: reconhecer \u00e9 um dom que vem de Deus, como diz S\u00e3o Francisco no Testamento: &#8216;O Senhor me concedeu &#8230;&#8217; por outro lado acrescentou que o grito do Evangelho no dia da festa de Santa Isabel lembra aos capitulares que \u201cser aben\u00e7oado significa receber uma gra\u00e7a, entre elas a de reconhecer Cristo nos necessitados\u201d.<\/p>\n<p>No final da homilia, Frei Massimo convidou os Capitulares a se apaixonarem por Cristo, a amar a realidade, a ouvir a voz de Deus e a \u201cdeixar-se transformar pela presen\u00e7a do Senhor\u2026. na escuta orante da Palavra de Deus: \u00e9 aqui que podemos ser gradualmente transformados pela for\u00e7a do Esp\u00edrito para nos tornarmos diligentes e incans\u00e1veis \u200b\u200bna caridade\u201d.<\/p>\n<p>Para os pr\u00f3ximos seis anos, as capitulares elegeram Tibor Kauser, da Hungria, e Mary Stronach, dos Estados Unidos, como Ministro Geral e Vice-ministra Geral, respectivamente. Juntamente com eles foram eleitos os membros do Conselho de Presid\u00eancia: para a \u00c1sia-Oceania Francis Park; para a \u00c1frica franc\u00f3fona e as ilhas Adolfo Assagba, para a \u00c1frica inglesa e portuguesa Eremenciana Chinyama; para a Europa do Norte Dina Shabalina; para a Europa do Sul e Mediterr\u00e2neo Noemi Paola Riccardi; pela Am\u00e9rica do Norte e Central Ana Mar\u00eda Raffo; pela Am\u00e9rica do Sul Noem\u00ed Diana Silvia e pela Jufra Luis Feliz Chocojay.<\/p>\n<p>Com o tema do Cap\u00edtulo Geral \u201canimar e orientar uma lideran\u00e7a servidora\u201d, o novo Ministro e seu Conselho se comprometem na miss\u00e3o de animar a grande Fraternidade Franciscana Secular no mundo, vivendo \u201cno mundo o Evangelho no estilo do Poverello, sine glossa e assumir o Evangelho como forma e regra de vida\u201d, segundo a exorta\u00e7\u00e3o do Papa Francisco ao receber os Capitulares na audi\u00eancia de 15 de novembro de 2021.<\/p>\n<hr \/>\n<p><em><a href=\"https:\/\/ofm.org\/es\/blog\/eleccion-del-ministro-general-de-la-ofs\/\">Fonte: site OFM<\/a><\/em><\/p>\n","protected":false},"excerpt":{"rendered":"<p>OFS<\/p>\n","protected":false},"author":3,"featured_media":235226,"comment_status":"open","ping_status":"open","sticky":false,"template":"","format":"standard","meta":[],"categories":[1],"tags":[60],"acf":[],"yoast_head":"<!-- This site is optimized with the Yoast SEO plugin v19.2 - https:\/\/yoast.com\/wordpress\/plugins\/seo\/ -->\n<title>OFS elege novo governo - Not\u00edcias - Franciscanos<\/title>\n<meta name=\"robots\" content=\"index, follow, max-snippet:-1, max-image-preview:large, max-video-preview:-1\" \/>\n<link rel=\"canonical\" href=\"https:\/\/franciscanos.org.br\/noticias\/ofs-elege-novo-governo.html\" \/>\n<meta property=\"og:locale\" content=\"pt_BR\" \/>\n<meta property=\"og:type\" content=\"article\" \/>\n<meta property=\"og:title\" content=\"OFS elege novo governo - Not\u00edcias - Franciscanos\" \/>\n<meta property=\"og:description\" content=\"OFS\" \/>\n<meta property=\"og:url\" content=\"https:\/\/franciscanos.org.br\/noticias\/ofs-elege-novo-governo.html\" \/>\n<meta property=\"og:site_name\" content=\"Not\u00edcias - Franciscanos\" \/>\n<meta property=\"article:published_time\" content=\"2021-11-18T17:04:35+00:00\" \/>\n<meta property=\"og:image\" content=\"https:\/\/franciscanos.org.br\/noticias\/wp-content\/uploads\/2021\/11\/ofs_1811.jpg\" \/>\n\t<meta property=\"og:image:width\" content=\"1024\" \/>\n\t<meta property=\"og:image:height\" content=\"683\" \/>\n\t<meta property=\"og:image:type\" content=\"image\/jpeg\" \/>\n<meta name=\"author\" content=\"moacir\" \/>\n<meta name=\"twitter:card\" content=\"summary_large_image\" \/>\n<meta name=\"twitter:label1\" content=\"Escrito por\" \/>\n\t<meta name=\"twitter:data1\" content=\"moacir\" \/>\n\t<meta name=\"twitter:label2\" content=\"Est. tempo de leitura\" \/>\n\t<meta name=\"twitter:data2\" content=\"2 minutos\" \/>\n<script type=\"application\/ld+json\" class=\"yoast-schema-graph\">{\"@context\":\"https:\/\/schema.org\",\"@graph\":[{\"@type\":\"WebSite\",\"@id\":\"https:\/\/franciscanos.org.br\/noticias\/#website\",\"url\":\"https:\/\/franciscanos.org.br\/noticias\/\",\"name\":\"Not\u00edcias - Franciscanos\",\"description\":\"Prov\u00edncia Franciscana da Imaculada Concei\u00e7\u00e3o do Brasil - Ordem dos Frades Menores - OFM\",\"potentialAction\":[{\"@type\":\"SearchAction\",\"target\":{\"@type\":\"EntryPoint\",\"urlTemplate\":\"https:\/\/franciscanos.org.br\/noticias\/?s={search_term_string}\"},\"query-input\":\"required name=search_term_string\"}],\"inLanguage\":\"pt-BR\"},{\"@type\":\"ImageObject\",\"inLanguage\":\"pt-BR\",\"@id\":\"https:\/\/franciscanos.org.br\/noticias\/ofs-elege-novo-governo.html#primaryimage\",\"url\":\"https:\/\/franciscanos.org.br\/noticias\/wp-content\/uploads\/2021\/11\/ofs_1811.jpg\",\"contentUrl\":\"https:\/\/franciscanos.org.br\/noticias\/wp-content\/uploads\/2021\/11\/ofs_1811.jpg\",\"width\":1024,\"height\":683},{\"@type\":\"WebPage\",\"@id\":\"https:\/\/franciscanos.org.br\/noticias\/ofs-elege-novo-governo.html#webpage\",\"url\":\"https:\/\/franciscanos.org.br\/noticias\/ofs-elege-novo-governo.html\",\"name\":\"OFS elege novo governo - Not\u00edcias - Franciscanos\",\"isPartOf\":{\"@id\":\"https:\/\/franciscanos.org.br\/noticias\/#website\"},\"primaryImageOfPage\":{\"@id\":\"https:\/\/franciscanos.org.br\/noticias\/ofs-elege-novo-governo.html#primaryimage\"},\"datePublished\":\"2021-11-18T17:04:35+00:00\",\"dateModified\":\"2021-11-18T17:04:35+00:00\",\"author\":{\"@id\":\"https:\/\/franciscanos.org.br\/noticias\/#\/schema\/person\/b5c8cba458c330ccff548b056e95a5d4\"},\"breadcrumb\":{\"@id\":\"https:\/\/franciscanos.org.br\/noticias\/ofs-elege-novo-governo.html#breadcrumb\"},\"inLanguage\":\"pt-BR\",\"potentialAction\":[{\"@type\":\"ReadAction\",\"target\":[\"https:\/\/franciscanos.org.br\/noticias\/ofs-elege-novo-governo.html\"]}]},{\"@type\":\"BreadcrumbList\",\"@id\":\"https:\/\/franciscanos.org.br\/noticias\/ofs-elege-novo-governo.html#breadcrumb\",\"itemListElement\":[{\"@type\":\"ListItem\",\"position\":1,\"name\":\"Home\",\"item\":\"https:\/\/franciscanos.org.br\/noticias\"},{\"@type\":\"ListItem\",\"position\":2,\"name\":\"OFS elege novo governo\"}]},{\"@type\":\"Person\",\"@id\":\"https:\/\/franciscanos.org.br\/noticias\/#\/schema\/person\/b5c8cba458c330ccff548b056e95a5d4\",\"name\":\"moacir\",\"image\":{\"@type\":\"ImageObject\",\"inLanguage\":\"pt-BR\",\"@id\":\"https:\/\/franciscanos.org.br\/noticias\/#\/schema\/person\/image\/\",\"url\":\"https:\/\/secure.gravatar.com\/avatar\/d08aa2ce4c8dd416d4479aa8536fcf64?s=96&d=mm&r=g\",\"contentUrl\":\"https:\/\/secure.gravatar.com\/avatar\/d08aa2ce4c8dd416d4479aa8536fcf64?s=96&d=mm&r=g\",\"caption\":\"moacir\"},\"url\":\"https:\/\/franciscanos.org.br\/noticias\/author\/moacir\"}]}<\/script>\n<!-- \/ Yoast SEO plugin. -->","yoast_head_json":{"title":"OFS elege novo governo - Not\u00edcias - Franciscanos","robots":{"index":"index","follow":"follow","max-snippet":"max-snippet:-1","max-image-preview":"max-image-preview:large","max-video-preview":"max-video-preview:-1"},"canonical":"https:\/\/franciscanos.org.br\/noticias\/ofs-elege-novo-governo.html","og_locale":"pt_BR","og_type":"article","og_title":"OFS elege novo governo - Not\u00edcias - Franciscanos","og_description":"OFS","og_url":"https:\/\/franciscanos.org.br\/noticias\/ofs-elege-novo-governo.html","og_site_name":"Not\u00edcias - Franciscanos","article_published_time":"2021-11-18T17:04:35+00:00","og_image":[{"width":1024,"height":683,"url":"https:\/\/franciscanos.org.br\/noticias\/wp-content\/uploads\/2021\/11\/ofs_1811.jpg","type":"image\/jpeg"}],"author":"moacir","twitter_card":"summary_large_image","twitter_misc":{"Escrito por":"moacir","Est. tempo de leitura":"2 minutos"},"schema":{"@context":"https:\/\/schema.org","@graph":[{"@type":"WebSite","@id":"https:\/\/franciscanos.org.br\/noticias\/#website","url":"https:\/\/franciscanos.org.br\/noticias\/","name":"Not\u00edcias - Franciscanos","description":"Prov\u00edncia Franciscana da Imaculada Concei\u00e7\u00e3o do Brasil - Ordem dos Frades Menores - OFM","potentialAction":[{"@type":"SearchAction","target":{"@type":"EntryPoint","urlTemplate":"https:\/\/franciscanos.org.br\/noticias\/?s={search_term_string}"},"query-input":"required name=search_term_string"}],"inLanguage":"pt-BR"},{"@type":"ImageObject","inLanguage":"pt-BR","@id":"https:\/\/franciscanos.org.br\/noticias\/ofs-elege-novo-governo.html#primaryimage","url":"https:\/\/franciscanos.org.br\/noticias\/wp-content\/uploads\/2021\/11\/ofs_1811.jpg","contentUrl":"https:\/\/franciscanos.org.br\/noticias\/wp-content\/uploads\/2021\/11\/ofs_1811.jpg","width":1024,"height":683},{"@type":"WebPage","@id":"https:\/\/franciscanos.org.br\/noticias\/ofs-elege-novo-governo.html#webpage","url":"https:\/\/franciscanos.org.br\/noticias\/ofs-elege-novo-governo.html","name":"OFS elege novo governo - Not\u00edcias - Franciscanos","isPartOf":{"@id":"https:\/\/franciscanos.org.br\/noticias\/#website"},"primaryImageOfPage":{"@id":"https:\/\/franciscanos.org.br\/noticias\/ofs-elege-novo-governo.html#primaryimage"},"datePublished":"2021-11-18T17:04:35+00:00","dateModified":"2021-11-18T17:04:35+00:00","author":{"@id":"https:\/\/franciscanos.org.br\/noticias\/#\/schema\/person\/b5c8cba458c330ccff548b056e95a5d4"},"breadcrumb":{"@id":"https:\/\/franciscanos.org.br\/noticias\/ofs-elege-novo-governo.html#breadcrumb"},"inLanguage":"pt-BR","potentialAction":[{"@type":"ReadAction","target":["https:\/\/franciscanos.org.br\/noticias\/ofs-elege-novo-governo.html"]}]},{"@type":"BreadcrumbList","@id":"https:\/\/franciscanos.org.br\/noticias\/ofs-elege-novo-governo.html#breadcrumb","itemListElement":[{"@type":"ListItem","position":1,"name":"Home","item":"https:\/\/franciscanos.org.br\/noticias"},{"@type":"ListItem","position":2,"name":"OFS elege novo governo"}]},{"@type":"Person","@id":"https:\/\/franciscanos.org.br\/noticias\/#\/schema\/person\/b5c8cba458c330ccff548b056e95a5d4","name":"moacir","image":{"@type":"ImageObject","inLanguage":"pt-BR","@id":"https:\/\/franciscanos.org.br\/noticias\/#\/schema\/person\/image\/","url":"https:\/\/secure.gravatar.com\/avatar\/d08aa2ce4c8dd416d4479aa8536fcf64?s=96&d=mm&r=g","contentUrl":"https:\/\/secure.gravatar.com\/avatar\/d08aa2ce4c8dd416d4479aa8536fcf64?s=96&d=mm&r=g","caption":"moacir"},"url":"https:\/\/franciscanos.org.br\/noticias\/author\/moacir"}]}},"_links":{"self":[{"href":"https:\/\/franciscanos.org.br\/noticias\/wp-json\/wp\/v2\/posts\/235225"}],"collection":[{"href":"https:\/\/franciscanos.org.br\/noticias\/wp-json\/wp\/v2\/posts"}],"about":[{"href":"https:\/\/franciscanos.org.br\/noticias\/wp-json\/wp\/v2\/types\/post"}],"author":[{"embeddable":true,"href":"https:\/\/franciscanos.org.br\/noticias\/wp-json\/wp\/v2\/users\/3"}],"replies":[{"embeddable":true,"href":"https:\/\/franciscanos.org.br\/noticias\/wp-json\/wp\/v2\/comments?post=235225"}],"version-history":[{"count":1,"href":"https:\/\/franciscanos.org.br\/noticias\/wp-json\/wp\/v2\/posts\/235225\/revisions"}],"predecessor-version":[{"id":235227,"href":"https:\/\/franciscanos.org.br\/noticias\/wp-json\/wp\/v2\/posts\/235225\/revisions\/235227"}],"wp:featuredmedia":[{"embeddable":true,"href":"https:\/\/franciscanos.org.br\/noticias\/wp-json\/wp\/v2\/media\/235226"}],"wp:attachment":[{"href":"https:\/\/franciscanos.org.br\/noticias\/wp-json\/wp\/v2\/media?parent=235225"}],"wp:term":[{"taxonomy":"category","embeddable":true,"href":"https:\/\/franciscanos.org.br\/noticias\/wp-json\/wp\/v2\/categories?post=235225"},{"taxonomy":"post_tag","embeddable":true,"href":"https:\/\/franciscanos.org.br\/noticias\/wp-json\/wp\/v2\/tags?post=235225"}],"curies":[{"name":"wp","href":"https:\/\/api.w.org\/{rel}","templated":true}]}}