{"id":235197,"date":"2021-11-16T10:06:13","date_gmt":"2021-11-16T13:06:13","guid":{"rendered":"https:\/\/franciscanos.org.br\/noticias\/?p=235197"},"modified":"2021-11-16T10:36:38","modified_gmt":"2021-11-16T13:36:38","slug":"papa-aos-franciscanos-seculares-sejam-espelhos-de-cristo","status":"publish","type":"post","link":"https:\/\/franciscanos.org.br\/noticias\/papa-aos-franciscanos-seculares-sejam-espelhos-de-cristo.html","title":{"rendered":"Papa aos Franciscanos Seculares: &#8220;Sejam espelhos de Cristo&#8221;"},"content":{"rendered":"<div id=\"attachment_235198\" style=\"width: 1510px\" class=\"wp-caption alignnone\"><img aria-describedby=\"caption-attachment-235198\" loading=\"lazy\" class=\"wp-image-235198 size-full\" src=\"https:\/\/franciscanos.org.br\/noticias\/wp-content\/uploads\/2021\/11\/seculares_1611.jpg\" alt=\"\" width=\"1500\" height=\"844\" srcset=\"https:\/\/franciscanos.org.br\/noticias\/wp-content\/uploads\/2021\/11\/seculares_1611.jpg 1500w, https:\/\/franciscanos.org.br\/noticias\/wp-content\/uploads\/2021\/11\/seculares_1611-450x253.jpg 450w, https:\/\/franciscanos.org.br\/noticias\/wp-content\/uploads\/2021\/11\/seculares_1611-1024x576.jpg 1024w, https:\/\/franciscanos.org.br\/noticias\/wp-content\/uploads\/2021\/11\/seculares_1611-768x432.jpg 768w, https:\/\/franciscanos.org.br\/noticias\/wp-content\/uploads\/2021\/11\/seculares_1611-150x84.jpg 150w\" sizes=\"(max-width: 1500px) 100vw, 1500px\" \/><p id=\"caption-attachment-235198\" class=\"wp-caption-text\"><em>\u00a0 \u00a0 \u00a0 \u00a0 \u00a0 \u00a0 \u00a0 \u00a0 \u00a0 \u00a0 \u00a0 \u00a0 \u00a0 \u00a0 \u00a0 \u00a0 \u00a0 \u00a0 \u00a0 \u00a0 \u00a0 \u00a0 \u00a0 \u00a0 \u00a0 \u00a0 \u00a0 \u00a0 \u00a0 \u00a0 \u00a0 \u00a0 \u00a0 \u00a0 \u00a0 \u00a0 \u00a0 \u00a0 \u00a0 \u00a0 \u00a0 \u00a0 \u00a0 \u00a0 \u00a0 \u00a0 \u00a0 \u00a0 \u00a0 \u00a0 \u00a0 \u00a0 \u00a0 \u00a0 \u00a0 \u00a0 \u00a0 \u00a0 \u00a0 \u00a0 \u00a0 \u00a0 \u00a0 \u00a0 \u00a0 \u00a0 \u00a0 \u00a0 \u00a0 \u00a0 \u00a0 \u00a0 \u00a0 \u00a0 \u00a0 \u00a0 \u00a0 \u00a0 \u00a0 \u00a0 \u00a0 \u00a0 \u00a0 \u00a0 \u00a0 \u00a0 \u00a0 \u00a0 \u00a0 \u00a0 \u00a0 \u00a0 \u00a0 \u00a0 \u00a0 \u00a0 \u00a0 \u00a0Imagem: Vatican Media<\/em><\/p><\/div>\n<p>Na manh\u00e3 desta segunda-feira (15) Francisco recebeu os participantes no Cap\u00edtulo Geral da Ordem Franciscana Secular. O Papa iniciou saudando a todos com as palavras que S\u00e3o Francisco dizia aos que encontrava: \u201cQue o Senhor lhe d\u00ea a paz!\u201d e acrescentou que gostaria de lembrar alguns elementos pr\u00f3prios da voca\u00e7\u00e3o e miss\u00e3o dos Franciscanos Seculares.<\/p>\n<p>\u201cA sua voca\u00e7\u00e3o nasce do chamado universal \u00e0 santidade. O Catecismo da Igreja Cat\u00f3lica nos recorda que os leigos participam do sacerd\u00f3cio de Cristo\u201d, disse o Papa e \u201cesta santidade, \u00e0 qual voc\u00eas s\u00e3o chamados como Franciscanos Seculares\u201d, envolve a convers\u00e3o &#8220;do cora\u00e7\u00e3o, atra\u00eddo, conquistado e transformado por Aquele que \u00e9 o \u00fanico Santo, que \u00e9 \u2018o bem, todo bem, o bem supremo\u2019. Isto \u00e9 o que faz de voc\u00eas &#8211; continuou o Pont\u00edfice &#8211; verdadeiros \u2018penitentes\u2019. S\u00e3o Francisco, em sua Carta a todos os fi\u00e9is, apresenta o ato de &#8220;fazer penit\u00eancia&#8221; como um caminho de convers\u00e3o, um caminho de vida crist\u00e3, um compromisso de fazer a vontade e as obras do Pai celestial\u201d.<\/p>\n<p><strong>Processo de convers\u00e3o<\/strong><br \/>\nAo falar sobre o processo de convers\u00e3o segundo o Testamento do Santo o Papa explica: \u201cO processo de convers\u00e3o \u00e9 assim: Deus toma a iniciativa: \u2018O Senhor disse a mim para fazer penit\u00eancia\u2019. Deus leva o penitente a lugares onde jamais teria ido: \u2018Deus me levou entre eles, os leprosos\u2019. O penitente responde aceitando colocar-se a servi\u00e7o dos outros e sendo misericordioso com eles. E o resultado \u00e9 a felicidade: \u2018O que me pareceu amargo se transformou em do\u00e7ura da alma e do corpo\u2019\u201d<\/p>\n<p>\u201cQueridos irm\u00e3os e irm\u00e3s, \u00e9 isso o que eu os exorto a realizar em suas vidas e em sua miss\u00e3o. E, por favor, n\u00e3o confundamos \u2018fazer penit\u00eancia\u2019 com \u2018obras de penit\u00eancia\u2019. Estes &#8211; jejum, esmola, mortifica\u00e7\u00e3o &#8211; s\u00e3o consequ\u00eancias da decis\u00e3o de abrir o cora\u00e7\u00e3o a Deus\u201d. E acrescentou: \u201cAbrir o cora\u00e7\u00e3o a Deus! Abrir o cora\u00e7\u00e3o a Cristo, vivendo no meio das pessoas comuns, no estilo de S\u00e3o Francisco. Como Francisco era um \u2018espelho de Cristo\u2019, assim tamb\u00e9m voc\u00eas podem se tornar \u2018espelhos de Cristo\u2019.<\/p>\n<p><strong>Seguir o carisma<\/strong><br \/>\n\u201cVoc\u00eas s\u00e3o homens e mulheres comprometidos em viver no mundo segundo o carisma franciscano. Um carisma que consiste essencialmente em observar o santo Evangelho de nosso Senhor Jesus Cristo\u201d, continuou o Papa, &#8220;Com esta sua identidade franciscana e secular, voc\u00eas fazem parte da Igreja em sa\u00edda. Seu lugar favorito \u00e9 estar no meio do povo, e ali, como leigos &#8211; celibat\u00e1rios ou casados -, sacerdotes e bispos, cada um de acordo com sua voca\u00e7\u00e3o espec\u00edfica, dar testemunho de Jesus com uma vida simples, sem pretens\u00f5es, sempre contentes de seguir o Cristo pobre e crucificado, como fizeram S\u00e3o Francisco e tantos homens e mulheres de sua Ordem\u201d.<\/p>\n<p>Encorajando a sair na dire\u00e7\u00e3o das periferias existenciais o Papa recordou ainda: \u201cN\u00e3o esque\u00e7am jamais dos pobres, que s\u00e3o a carne de Cristo: a eles somos chamados a proclamar a Boa Nova, como fez, entre outros, Santa Isabel da Hungria, sua Padroeira\u201d<\/p>\n<p>\u201cQue sua secularidade seja cheia de proximidade, compaix\u00e3o e ternura. E que voc\u00eas sejam homens e mulheres de esperan\u00e7a, comprometidos em viv\u00ea-la e tamb\u00e9m em \u2018organiz\u00e1-la\u2019, traduzindo-a nas situa\u00e7\u00f5es concretas de cada dia, nas rela\u00e7\u00f5es humanas, no compromisso social e pol\u00edtico; alimentando a esperan\u00e7a no amanh\u00e3, aliviando a dor de hoje\u201d.<\/p>\n<p><strong>Fam\u00edlia Franciscana Secular<\/strong><br \/>\nPor fim o Papa saudou os Franciscanos seculares referindo-se \u00e0 fam\u00edlia franciscana: \u201cTudo isso, caros irm\u00e3os e irm\u00e3s, voc\u00eas s\u00e3o chamados a viver em fraternidade, sentindo-se parte da grande fam\u00edlia franciscana. Neste sentido, lembro o desejo de Francisco de que toda a fam\u00edlia permane\u00e7a unida, respeitando a diversidade e a autonomia dos diversos componentes e tamb\u00e9m de cada membro\u201d.<\/p>\n<p><strong>CAP\u00cdTULO GERAL DA OFS<\/strong><\/p>\n<p><img loading=\"lazy\" class=\"size-full wp-image-235202 alignleft\" src=\"https:\/\/franciscanos.org.br\/noticias\/wp-content\/uploads\/2021\/11\/Chapter-logo-1-300x295-1.jpg\" alt=\"\" width=\"300\" height=\"295\" srcset=\"https:\/\/franciscanos.org.br\/noticias\/wp-content\/uploads\/2021\/11\/Chapter-logo-1-300x295-1.jpg 300w, https:\/\/franciscanos.org.br\/noticias\/wp-content\/uploads\/2021\/11\/Chapter-logo-1-300x295-1-150x148.jpg 150w\" sizes=\"(max-width: 300px) 100vw, 300px\" \/>Um total de 57 capitulares iniciaram no dia 14 os trabalhos do XVI Cap\u00edtulo Geral da OFS, que come\u00e7ou na tarde de s\u00e1bado com a Eucaristia de abertura presidida pelo Ministro geral da TOR, Pe. Amando Trujillo.<\/p>\n<p>O Cap\u00edtulo, que tamb\u00e9m envolve cerca de 40 observadores e cerca de 20 servidores fraternos, encerrar\u00e1 o mandato de seis anos (2014-2020), prorrogado por um ano como resultado da pandemia covid-19, e iniciar\u00e1 um novo sex\u00eanio (2021-2027). Portanto, ser\u00e1 um espa\u00e7o de reflex\u00e3o e profundo discernimento sobre a situa\u00e7\u00e3o da Fraternidade internacional da OFS e seus desafios.<br \/>\nO trabalho de avalia\u00e7\u00e3o foi iniciado com a apresenta\u00e7\u00e3o dos respectivos relat\u00f3rios. Tibor Kauser, ministro geral da OFS, destacou a necessidade de aprofundar a identidade franciscana secular, para a qual \u00e9 necess\u00e1ria &#8220;uma espiritualidade maior e uma maior capacidade de organiza\u00e7\u00e3o&#8221;.<\/p>\n<p>Ele tamb\u00e9m destacou o envolvimento da Presid\u00eancia do CIOFS em projetos colaborativos em todo o mundo, especialmente aqueles relacionados \u00e0 comiss\u00e3o JPIC.<\/p>\n<p>Por sua vez, o Pe. Alfred Parambakathu, OFMConv., Presidente da Confer\u00eancia dos Assistentes Espirituais Gerais (CAS), destacou a \u201cimplica\u00e7\u00e3o da Primeira Ordem e da TOR na melhoria da assist\u00eancia \u00e0 OFS\u201d. Uma das principais realiza\u00e7\u00f5es foi o primeiro encontro internacional de forma\u00e7\u00e3o para assistentes, no qual estiveram presentes frades de 37 pa\u00edses.<\/p>\n<hr \/>\n<p><em><strong>Fonte: Vatican News<\/strong><\/em><\/p>\n","protected":false},"excerpt":{"rendered":"<p>Audi\u00eancia com o Papa<\/p>\n","protected":false},"author":3,"featured_media":235198,"comment_status":"open","ping_status":"open","sticky":false,"template":"","format":"standard","meta":[],"categories":[1428],"tags":[1938],"acf":[],"yoast_head":"<!-- This site is optimized with the Yoast SEO plugin v19.2 - https:\/\/yoast.com\/wordpress\/plugins\/seo\/ -->\n<title>Papa aos Franciscanos Seculares: &quot;Sejam espelhos de Cristo&quot; - Not\u00edcias - Franciscanos<\/title>\n<meta name=\"robots\" content=\"index, follow, max-snippet:-1, max-image-preview:large, max-video-preview:-1\" \/>\n<link rel=\"canonical\" href=\"https:\/\/franciscanos.org.br\/noticias\/papa-aos-franciscanos-seculares-sejam-espelhos-de-cristo.html\" \/>\n<meta property=\"og:locale\" content=\"pt_BR\" \/>\n<meta property=\"og:type\" content=\"article\" \/>\n<meta property=\"og:title\" content=\"Papa aos Franciscanos Seculares: &quot;Sejam espelhos de Cristo&quot; - Not\u00edcias - Franciscanos\" \/>\n<meta property=\"og:description\" content=\"Audi\u00eancia com o Papa\" \/>\n<meta property=\"og:url\" content=\"https:\/\/franciscanos.org.br\/noticias\/papa-aos-franciscanos-seculares-sejam-espelhos-de-cristo.html\" \/>\n<meta property=\"og:site_name\" content=\"Not\u00edcias - Franciscanos\" \/>\n<meta property=\"article:published_time\" content=\"2021-11-16T13:06:13+00:00\" \/>\n<meta property=\"article:modified_time\" content=\"2021-11-16T13:36:38+00:00\" \/>\n<meta property=\"og:image\" content=\"https:\/\/franciscanos.org.br\/noticias\/wp-content\/uploads\/2021\/11\/seculares_1611.jpg\" \/>\n\t<meta property=\"og:image:width\" content=\"1500\" \/>\n\t<meta property=\"og:image:height\" content=\"844\" \/>\n\t<meta property=\"og:image:type\" content=\"image\/jpeg\" \/>\n<meta name=\"author\" content=\"moacir\" \/>\n<meta name=\"twitter:card\" content=\"summary_large_image\" \/>\n<meta name=\"twitter:label1\" content=\"Escrito por\" \/>\n\t<meta name=\"twitter:data1\" content=\"moacir\" \/>\n\t<meta name=\"twitter:label2\" content=\"Est. tempo de leitura\" \/>\n\t<meta name=\"twitter:data2\" content=\"5 minutos\" \/>\n<script type=\"application\/ld+json\" class=\"yoast-schema-graph\">{\"@context\":\"https:\/\/schema.org\",\"@graph\":[{\"@type\":\"WebSite\",\"@id\":\"https:\/\/franciscanos.org.br\/noticias\/#website\",\"url\":\"https:\/\/franciscanos.org.br\/noticias\/\",\"name\":\"Not\u00edcias - Franciscanos\",\"description\":\"Prov\u00edncia Franciscana da Imaculada Concei\u00e7\u00e3o do Brasil - Ordem dos Frades Menores - OFM\",\"potentialAction\":[{\"@type\":\"SearchAction\",\"target\":{\"@type\":\"EntryPoint\",\"urlTemplate\":\"https:\/\/franciscanos.org.br\/noticias\/?s={search_term_string}\"},\"query-input\":\"required name=search_term_string\"}],\"inLanguage\":\"pt-BR\"},{\"@type\":\"ImageObject\",\"inLanguage\":\"pt-BR\",\"@id\":\"https:\/\/franciscanos.org.br\/noticias\/papa-aos-franciscanos-seculares-sejam-espelhos-de-cristo.html#primaryimage\",\"url\":\"https:\/\/franciscanos.org.br\/noticias\/wp-content\/uploads\/2021\/11\/seculares_1611.jpg\",\"contentUrl\":\"https:\/\/franciscanos.org.br\/noticias\/wp-content\/uploads\/2021\/11\/seculares_1611.jpg\",\"width\":1500,\"height\":844},{\"@type\":\"WebPage\",\"@id\":\"https:\/\/franciscanos.org.br\/noticias\/papa-aos-franciscanos-seculares-sejam-espelhos-de-cristo.html#webpage\",\"url\":\"https:\/\/franciscanos.org.br\/noticias\/papa-aos-franciscanos-seculares-sejam-espelhos-de-cristo.html\",\"name\":\"Papa aos Franciscanos Seculares: \\\"Sejam espelhos de Cristo\\\" - Not\u00edcias - Franciscanos\",\"isPartOf\":{\"@id\":\"https:\/\/franciscanos.org.br\/noticias\/#website\"},\"primaryImageOfPage\":{\"@id\":\"https:\/\/franciscanos.org.br\/noticias\/papa-aos-franciscanos-seculares-sejam-espelhos-de-cristo.html#primaryimage\"},\"datePublished\":\"2021-11-16T13:06:13+00:00\",\"dateModified\":\"2021-11-16T13:36:38+00:00\",\"author\":{\"@id\":\"https:\/\/franciscanos.org.br\/noticias\/#\/schema\/person\/b5c8cba458c330ccff548b056e95a5d4\"},\"breadcrumb\":{\"@id\":\"https:\/\/franciscanos.org.br\/noticias\/papa-aos-franciscanos-seculares-sejam-espelhos-de-cristo.html#breadcrumb\"},\"inLanguage\":\"pt-BR\",\"potentialAction\":[{\"@type\":\"ReadAction\",\"target\":[\"https:\/\/franciscanos.org.br\/noticias\/papa-aos-franciscanos-seculares-sejam-espelhos-de-cristo.html\"]}]},{\"@type\":\"BreadcrumbList\",\"@id\":\"https:\/\/franciscanos.org.br\/noticias\/papa-aos-franciscanos-seculares-sejam-espelhos-de-cristo.html#breadcrumb\",\"itemListElement\":[{\"@type\":\"ListItem\",\"position\":1,\"name\":\"Home\",\"item\":\"https:\/\/franciscanos.org.br\/noticias\"},{\"@type\":\"ListItem\",\"position\":2,\"name\":\"Papa aos Franciscanos Seculares: &#8220;Sejam espelhos de Cristo&#8221;\"}]},{\"@type\":\"Person\",\"@id\":\"https:\/\/franciscanos.org.br\/noticias\/#\/schema\/person\/b5c8cba458c330ccff548b056e95a5d4\",\"name\":\"moacir\",\"image\":{\"@type\":\"ImageObject\",\"inLanguage\":\"pt-BR\",\"@id\":\"https:\/\/franciscanos.org.br\/noticias\/#\/schema\/person\/image\/\",\"url\":\"https:\/\/secure.gravatar.com\/avatar\/d08aa2ce4c8dd416d4479aa8536fcf64?s=96&d=mm&r=g\",\"contentUrl\":\"https:\/\/secure.gravatar.com\/avatar\/d08aa2ce4c8dd416d4479aa8536fcf64?s=96&d=mm&r=g\",\"caption\":\"moacir\"},\"url\":\"https:\/\/franciscanos.org.br\/noticias\/author\/moacir\"}]}<\/script>\n<!-- \/ Yoast SEO plugin. -->","yoast_head_json":{"title":"Papa aos Franciscanos Seculares: \"Sejam espelhos de Cristo\" - Not\u00edcias - Franciscanos","robots":{"index":"index","follow":"follow","max-snippet":"max-snippet:-1","max-image-preview":"max-image-preview:large","max-video-preview":"max-video-preview:-1"},"canonical":"https:\/\/franciscanos.org.br\/noticias\/papa-aos-franciscanos-seculares-sejam-espelhos-de-cristo.html","og_locale":"pt_BR","og_type":"article","og_title":"Papa aos Franciscanos Seculares: \"Sejam espelhos de Cristo\" - Not\u00edcias - Franciscanos","og_description":"Audi\u00eancia com o Papa","og_url":"https:\/\/franciscanos.org.br\/noticias\/papa-aos-franciscanos-seculares-sejam-espelhos-de-cristo.html","og_site_name":"Not\u00edcias - Franciscanos","article_published_time":"2021-11-16T13:06:13+00:00","article_modified_time":"2021-11-16T13:36:38+00:00","og_image":[{"width":1500,"height":844,"url":"https:\/\/franciscanos.org.br\/noticias\/wp-content\/uploads\/2021\/11\/seculares_1611.jpg","type":"image\/jpeg"}],"author":"moacir","twitter_card":"summary_large_image","twitter_misc":{"Escrito por":"moacir","Est. tempo de leitura":"5 minutos"},"schema":{"@context":"https:\/\/schema.org","@graph":[{"@type":"WebSite","@id":"https:\/\/franciscanos.org.br\/noticias\/#website","url":"https:\/\/franciscanos.org.br\/noticias\/","name":"Not\u00edcias - Franciscanos","description":"Prov\u00edncia Franciscana da Imaculada Concei\u00e7\u00e3o do Brasil - Ordem dos Frades Menores - OFM","potentialAction":[{"@type":"SearchAction","target":{"@type":"EntryPoint","urlTemplate":"https:\/\/franciscanos.org.br\/noticias\/?s={search_term_string}"},"query-input":"required name=search_term_string"}],"inLanguage":"pt-BR"},{"@type":"ImageObject","inLanguage":"pt-BR","@id":"https:\/\/franciscanos.org.br\/noticias\/papa-aos-franciscanos-seculares-sejam-espelhos-de-cristo.html#primaryimage","url":"https:\/\/franciscanos.org.br\/noticias\/wp-content\/uploads\/2021\/11\/seculares_1611.jpg","contentUrl":"https:\/\/franciscanos.org.br\/noticias\/wp-content\/uploads\/2021\/11\/seculares_1611.jpg","width":1500,"height":844},{"@type":"WebPage","@id":"https:\/\/franciscanos.org.br\/noticias\/papa-aos-franciscanos-seculares-sejam-espelhos-de-cristo.html#webpage","url":"https:\/\/franciscanos.org.br\/noticias\/papa-aos-franciscanos-seculares-sejam-espelhos-de-cristo.html","name":"Papa aos Franciscanos Seculares: \"Sejam espelhos de Cristo\" - Not\u00edcias - Franciscanos","isPartOf":{"@id":"https:\/\/franciscanos.org.br\/noticias\/#website"},"primaryImageOfPage":{"@id":"https:\/\/franciscanos.org.br\/noticias\/papa-aos-franciscanos-seculares-sejam-espelhos-de-cristo.html#primaryimage"},"datePublished":"2021-11-16T13:06:13+00:00","dateModified":"2021-11-16T13:36:38+00:00","author":{"@id":"https:\/\/franciscanos.org.br\/noticias\/#\/schema\/person\/b5c8cba458c330ccff548b056e95a5d4"},"breadcrumb":{"@id":"https:\/\/franciscanos.org.br\/noticias\/papa-aos-franciscanos-seculares-sejam-espelhos-de-cristo.html#breadcrumb"},"inLanguage":"pt-BR","potentialAction":[{"@type":"ReadAction","target":["https:\/\/franciscanos.org.br\/noticias\/papa-aos-franciscanos-seculares-sejam-espelhos-de-cristo.html"]}]},{"@type":"BreadcrumbList","@id":"https:\/\/franciscanos.org.br\/noticias\/papa-aos-franciscanos-seculares-sejam-espelhos-de-cristo.html#breadcrumb","itemListElement":[{"@type":"ListItem","position":1,"name":"Home","item":"https:\/\/franciscanos.org.br\/noticias"},{"@type":"ListItem","position":2,"name":"Papa aos Franciscanos Seculares: &#8220;Sejam espelhos de Cristo&#8221;"}]},{"@type":"Person","@id":"https:\/\/franciscanos.org.br\/noticias\/#\/schema\/person\/b5c8cba458c330ccff548b056e95a5d4","name":"moacir","image":{"@type":"ImageObject","inLanguage":"pt-BR","@id":"https:\/\/franciscanos.org.br\/noticias\/#\/schema\/person\/image\/","url":"https:\/\/secure.gravatar.com\/avatar\/d08aa2ce4c8dd416d4479aa8536fcf64?s=96&d=mm&r=g","contentUrl":"https:\/\/secure.gravatar.com\/avatar\/d08aa2ce4c8dd416d4479aa8536fcf64?s=96&d=mm&r=g","caption":"moacir"},"url":"https:\/\/franciscanos.org.br\/noticias\/author\/moacir"}]}},"_links":{"self":[{"href":"https:\/\/franciscanos.org.br\/noticias\/wp-json\/wp\/v2\/posts\/235197"}],"collection":[{"href":"https:\/\/franciscanos.org.br\/noticias\/wp-json\/wp\/v2\/posts"}],"about":[{"href":"https:\/\/franciscanos.org.br\/noticias\/wp-json\/wp\/v2\/types\/post"}],"author":[{"embeddable":true,"href":"https:\/\/franciscanos.org.br\/noticias\/wp-json\/wp\/v2\/users\/3"}],"replies":[{"embeddable":true,"href":"https:\/\/franciscanos.org.br\/noticias\/wp-json\/wp\/v2\/comments?post=235197"}],"version-history":[{"count":4,"href":"https:\/\/franciscanos.org.br\/noticias\/wp-json\/wp\/v2\/posts\/235197\/revisions"}],"predecessor-version":[{"id":235203,"href":"https:\/\/franciscanos.org.br\/noticias\/wp-json\/wp\/v2\/posts\/235197\/revisions\/235203"}],"wp:featuredmedia":[{"embeddable":true,"href":"https:\/\/franciscanos.org.br\/noticias\/wp-json\/wp\/v2\/media\/235198"}],"wp:attachment":[{"href":"https:\/\/franciscanos.org.br\/noticias\/wp-json\/wp\/v2\/media?parent=235197"}],"wp:term":[{"taxonomy":"category","embeddable":true,"href":"https:\/\/franciscanos.org.br\/noticias\/wp-json\/wp\/v2\/categories?post=235197"},{"taxonomy":"post_tag","embeddable":true,"href":"https:\/\/franciscanos.org.br\/noticias\/wp-json\/wp\/v2\/tags?post=235197"}],"curies":[{"name":"wp","href":"https:\/\/api.w.org\/{rel}","templated":true}]}}