{"id":235182,"date":"2021-11-14T17:28:24","date_gmt":"2021-11-14T20:28:24","guid":{"rendered":"https:\/\/franciscanos.org.br\/noticias\/?p=235182"},"modified":"2021-11-14T17:32:36","modified_gmt":"2021-11-14T20:32:36","slug":"esperanca-anima-renovacao-dos-frades-da-custodia-da-amazonia","status":"publish","type":"post","link":"https:\/\/franciscanos.org.br\/noticias\/esperanca-anima-renovacao-dos-frades-da-custodia-da-amazonia.html","title":{"rendered":"&#8220;Esperan\u00e7a&#8221; \u00e9 a mensagem na renova\u00e7\u00e3o dos votos dos frades da Cust\u00f3dia da Amaz\u00f4nia"},"content":{"rendered":"<p><img loading=\"lazy\" class=\"alignnone size-full wp-image-235183\" src=\"https:\/\/franciscanos.org.br\/noticias\/wp-content\/uploads\/2021\/11\/amazonia_1411_3.jpg\" alt=\"\" width=\"1280\" height=\"720\" srcset=\"https:\/\/franciscanos.org.br\/noticias\/wp-content\/uploads\/2021\/11\/amazonia_1411_3.jpg 1280w, https:\/\/franciscanos.org.br\/noticias\/wp-content\/uploads\/2021\/11\/amazonia_1411_3-450x253.jpg 450w, https:\/\/franciscanos.org.br\/noticias\/wp-content\/uploads\/2021\/11\/amazonia_1411_3-1024x576.jpg 1024w, https:\/\/franciscanos.org.br\/noticias\/wp-content\/uploads\/2021\/11\/amazonia_1411_3-768x432.jpg 768w, https:\/\/franciscanos.org.br\/noticias\/wp-content\/uploads\/2021\/11\/amazonia_1411_3-150x84.jpg 150w\" sizes=\"(max-width: 1280px) 100vw, 1280px\" \/><\/p>\n<p><strong>\u00a0<\/strong><strong>Petr\u00f3polis (RJ)<\/strong> &#8211; Neste domingo em que a Igreja celebra o Dia Mundial dos Pobres, dois jovens da Cust\u00f3dia S\u00e3o Benedito da Amaz\u00f4nia &#8211; Frei Andrei Nascimento dos Anjos e Frei F\u00e1bio Melo Vasconcelos &#8211; fizeram a renova\u00e7\u00e3o dos votos de obedi\u00eancia, sem nada de pr\u00f3prio e em castidade na Celebra\u00e7\u00e3o Eucar\u00edstica das 10 horas na Igreja do Sagrado Cora\u00e7\u00e3o de Jesus de Petr\u00f3polis (RJ).<\/p>\n<p>A Santa Missa foi presidida pelo Cust\u00f3dio Frei Edilson Rocha e concelebrada pelo mestre para o tempo de Teologia, Frei Marcos Ant\u00f4nio de Andrade, tendo a anima\u00e7\u00e3o do Coral das Meninas do Instituto dos Canarinhos de Petr\u00f3polis (IMCP). &#8220;\u00c9 uma alegria ser recebido fraternalmente nesta Fraternidade, que acolhe nossos estudantes h\u00e1 muitos anos e nos ajuda nesta forma\u00e7\u00e3o franciscana e teol\u00f3gica. Gera\u00e7\u00f5es e gera\u00e7\u00f5es de frades, desde a d\u00e9cada de 60, passaram por aqui. \u00c9 uma experi\u00eancia muito feliz fazer esse caminho de forma\u00e7\u00e3o franciscana, crist\u00e3 e teol\u00f3gica&#8221;, disse o Cust\u00f3dio.<\/p>\n<p><img loading=\"lazy\" class=\"alignnone size-full wp-image-235184\" src=\"https:\/\/franciscanos.org.br\/noticias\/wp-content\/uploads\/2021\/11\/amazonia_1411_1.jpg\" alt=\"\" width=\"1280\" height=\"720\" srcset=\"https:\/\/franciscanos.org.br\/noticias\/wp-content\/uploads\/2021\/11\/amazonia_1411_1.jpg 1280w, https:\/\/franciscanos.org.br\/noticias\/wp-content\/uploads\/2021\/11\/amazonia_1411_1-450x253.jpg 450w, https:\/\/franciscanos.org.br\/noticias\/wp-content\/uploads\/2021\/11\/amazonia_1411_1-1024x576.jpg 1024w, https:\/\/franciscanos.org.br\/noticias\/wp-content\/uploads\/2021\/11\/amazonia_1411_1-768x432.jpg 768w, https:\/\/franciscanos.org.br\/noticias\/wp-content\/uploads\/2021\/11\/amazonia_1411_1-150x84.jpg 150w\" sizes=\"(max-width: 1280px) 100vw, 1280px\" \/><\/p>\n<p>Na sua reflex\u00e3o, marcando esse momento celebrativo, escolheu a imagem da figueira do Evangelho deste domingo para falar de esperan\u00e7a. &#8220;Muitas imagens assustadoras aparecem nas palavras de Jesus hoje, como \u00e9 comum no final do ano lit\u00fargico ter esse tom apocal\u00edptico. Mas penso que a imagem mais marcante do que as estrelas caindo, o sol se apagando, as tribula\u00e7\u00f5es anunciadas pelo profeta Daniel, \u00e9 a figueira que deve ser colocada no centro de nossa aten\u00e7\u00e3o, porque a Palavra de Deus quer nos dar esperan\u00e7a. Sempre&#8221;, observou o celebrante.<\/p>\n<p>Frei Edilson lembrou que talvez nunca tenhamos necessitado tanto de esperan\u00e7a como nos \u00faltimos anos e nunca falamos tanto palavras como tribula\u00e7\u00e3o, d\u00favida, incerteza, sofrimento, ang\u00fastia, ansiedade. &#8220;A gente sabe que este tempo parece estar passando e, com certeza, se tivermos cuidado vamos vencer mais essa pandemia. E poderemos olhar o pr\u00f3ximo com esperan\u00e7a, na certeza de que Deus n\u00e3o nos abandona nunca&#8221;, disse.<\/p>\n\n\t\t<style type=\"text\/css\">\n\t\t\t#gallery-1 {\n\t\t\t\tmargin: auto;\n\t\t\t}\n\t\t\t#gallery-1 .gallery-item {\n\t\t\t\tfloat: left;\n\t\t\t\tmargin-top: 10px;\n\t\t\t\ttext-align: center;\n\t\t\t\twidth: 25%;\n\t\t\t}\n\t\t\t#gallery-1 img {\n\t\t\t\tborder: 2px solid #cfcfcf;\n\t\t\t}\n\t\t\t#gallery-1 .gallery-caption {\n\t\t\t\tmargin-left: 0;\n\t\t\t}\n\t\t\t\/* see gallery_shortcode() in wp-includes\/media.php *\/\n\t\t<\/style>\n\t\t<div id='gallery-1' class='gallery galleryid-235182 gallery-columns-4 gallery-size-thumbnail'><dl class='gallery-item'>\n\t\t\t<dt class='gallery-icon landscape'>\n\t\t\t\t<a href='https:\/\/franciscanos.org.br\/noticias\/wp-content\/uploads\/2021\/11\/amazonia_1411.jpg'><img width=\"300\" height=\"300\" src=\"https:\/\/franciscanos.org.br\/noticias\/wp-content\/uploads\/2021\/11\/amazonia_1411-300x300.jpg\" class=\"attachment-thumbnail size-thumbnail\" alt=\"\" loading=\"lazy\" srcset=\"https:\/\/franciscanos.org.br\/noticias\/wp-content\/uploads\/2021\/11\/amazonia_1411-300x300.jpg 300w, https:\/\/franciscanos.org.br\/noticias\/wp-content\/uploads\/2021\/11\/amazonia_1411-100x100.jpg 100w\" sizes=\"(max-width: 300px) 100vw, 300px\" \/><\/a>\n\t\t\t<\/dt><\/dl><dl class='gallery-item'>\n\t\t\t<dt class='gallery-icon landscape'>\n\t\t\t\t<a href='https:\/\/franciscanos.org.br\/noticias\/wp-content\/uploads\/2021\/11\/amazonia_1411_5.jpg'><img width=\"300\" height=\"300\" src=\"https:\/\/franciscanos.org.br\/noticias\/wp-content\/uploads\/2021\/11\/amazonia_1411_5-300x300.jpg\" class=\"attachment-thumbnail size-thumbnail\" alt=\"\" loading=\"lazy\" srcset=\"https:\/\/franciscanos.org.br\/noticias\/wp-content\/uploads\/2021\/11\/amazonia_1411_5-300x300.jpg 300w, https:\/\/franciscanos.org.br\/noticias\/wp-content\/uploads\/2021\/11\/amazonia_1411_5-100x100.jpg 100w\" sizes=\"(max-width: 300px) 100vw, 300px\" \/><\/a>\n\t\t\t<\/dt><\/dl><dl class='gallery-item'>\n\t\t\t<dt class='gallery-icon landscape'>\n\t\t\t\t<a href='https:\/\/franciscanos.org.br\/noticias\/wp-content\/uploads\/2021\/11\/amazonia_1411_6.jpg'><img width=\"300\" height=\"300\" src=\"https:\/\/franciscanos.org.br\/noticias\/wp-content\/uploads\/2021\/11\/amazonia_1411_6-300x300.jpg\" class=\"attachment-thumbnail size-thumbnail\" alt=\"\" loading=\"lazy\" srcset=\"https:\/\/franciscanos.org.br\/noticias\/wp-content\/uploads\/2021\/11\/amazonia_1411_6-300x300.jpg 300w, https:\/\/franciscanos.org.br\/noticias\/wp-content\/uploads\/2021\/11\/amazonia_1411_6-100x100.jpg 100w\" sizes=\"(max-width: 300px) 100vw, 300px\" \/><\/a>\n\t\t\t<\/dt><\/dl><dl class='gallery-item'>\n\t\t\t<dt class='gallery-icon landscape'>\n\t\t\t\t<a href='https:\/\/franciscanos.org.br\/noticias\/wp-content\/uploads\/2021\/11\/amazonia_1411_7.jpg'><img width=\"300\" height=\"300\" src=\"https:\/\/franciscanos.org.br\/noticias\/wp-content\/uploads\/2021\/11\/amazonia_1411_7-300x300.jpg\" class=\"attachment-thumbnail size-thumbnail\" alt=\"\" loading=\"lazy\" srcset=\"https:\/\/franciscanos.org.br\/noticias\/wp-content\/uploads\/2021\/11\/amazonia_1411_7-300x300.jpg 300w, https:\/\/franciscanos.org.br\/noticias\/wp-content\/uploads\/2021\/11\/amazonia_1411_7-100x100.jpg 100w\" sizes=\"(max-width: 300px) 100vw, 300px\" \/><\/a>\n\t\t\t<\/dt><\/dl><br style=\"clear: both\" \/>\n\t\t<\/div>\n\n<p>Segundo ele, a esperan\u00e7a \u00e9 essa virtude t\u00e3o importante e que deve ser marcante na vida dos crist\u00e3os. &#8220;Se n\u00e3o me falha a mem\u00f3ria, quando o Papa Francisco esteve no Brasil, durante a Jornada Mundial da Juventude, no Rio, ele dizia para os jovens: &#8216;N\u00e3o deixem que lhes roubem a esperan\u00e7a!&#8217; A esperan\u00e7a pode ser roubada de tantas formas e especialmente, pensando nesta quinta Jornada Mundial dos Pobres, o Papa Francisco convida a Igreja a olhar para os pobres, dar voz aos pobres e escutar seus anseios&#8221;, lembrou.<\/p>\n<p>Dirigindo-se aos frades, disse: &#8220;Eu penso que essa op\u00e7\u00e3o de viver sem nada de pr\u00f3prio, como S\u00e3o Francisco colocou na Regra, \u00e9 a chave para viver as virtudes. \u00c9 aquela esperan\u00e7a total em Deus, como nosso \u00fanico absoluto&#8221;, ensinou.<\/p>\n<p><img loading=\"lazy\" class=\"alignnone size-full wp-image-235189\" src=\"https:\/\/franciscanos.org.br\/noticias\/wp-content\/uploads\/2021\/11\/amazonia_1411_8.jpg\" alt=\"\" width=\"1280\" height=\"853\" srcset=\"https:\/\/franciscanos.org.br\/noticias\/wp-content\/uploads\/2021\/11\/amazonia_1411_8.jpg 1280w, https:\/\/franciscanos.org.br\/noticias\/wp-content\/uploads\/2021\/11\/amazonia_1411_8-450x300.jpg 450w, https:\/\/franciscanos.org.br\/noticias\/wp-content\/uploads\/2021\/11\/amazonia_1411_8-1024x682.jpg 1024w, https:\/\/franciscanos.org.br\/noticias\/wp-content\/uploads\/2021\/11\/amazonia_1411_8-768x512.jpg 768w, https:\/\/franciscanos.org.br\/noticias\/wp-content\/uploads\/2021\/11\/amazonia_1411_8-150x100.jpg 150w\" sizes=\"(max-width: 1280px) 100vw, 1280px\" \/><\/p>\n<p>&#8220;Neste dia em que n\u00f3s celebramos a Jornada Mundial dos Pobres, somos convidados a olhar para estes setores mais sofridos da sociedade &#8211; e agora mais ainda depois da pandemia, porque aumentou muito a pobreza &#8211; como nossa miss\u00e3o no mundo de hoje, como crist\u00e3os, filhos e filhas de Deus, sendo uma comunidade de esperan\u00e7a. Que nossa vida sinalize essa esperan\u00e7a para todos, come\u00e7ando por aqueles que mais necessitam. Deus \u00e9 nossa esperan\u00e7a e nossa for\u00e7a. N\u00e3o deixemos que nos roubem nossa esperan\u00e7a!&#8221;, completou.<\/p>\n<p>Terminada a reflex\u00e3o, Frei Edilson deu in\u00edcio ao Rito de Renova\u00e7\u00e3o. O mestre Frei Marcos Andrade chamou a cada um dos frades, que fizeram o pedido ao Cust\u00f3dio e depois se comprometeram dizendo: \u201cFa\u00e7o voto a Deus Pai santo e todo-poderoso de viver at\u00e9 a Profiss\u00e3o Solene, em obedi\u00eancia, sem nada de pr\u00f3prio e em castidade\u201d. Depois, Frei F\u00e1bio e Frei Andrei receberam uma calorosa salva de palmas da assembleia.<\/p>\n<p><img loading=\"lazy\" class=\"alignnone size-full wp-image-235190\" src=\"https:\/\/franciscanos.org.br\/noticias\/wp-content\/uploads\/2021\/11\/amazonia_1411_4.jpg\" alt=\"\" width=\"1280\" height=\"720\" srcset=\"https:\/\/franciscanos.org.br\/noticias\/wp-content\/uploads\/2021\/11\/amazonia_1411_4.jpg 1280w, https:\/\/franciscanos.org.br\/noticias\/wp-content\/uploads\/2021\/11\/amazonia_1411_4-450x253.jpg 450w, https:\/\/franciscanos.org.br\/noticias\/wp-content\/uploads\/2021\/11\/amazonia_1411_4-1024x576.jpg 1024w, https:\/\/franciscanos.org.br\/noticias\/wp-content\/uploads\/2021\/11\/amazonia_1411_4-768x432.jpg 768w, https:\/\/franciscanos.org.br\/noticias\/wp-content\/uploads\/2021\/11\/amazonia_1411_4-150x84.jpg 150w\" sizes=\"(max-width: 1280px) 100vw, 1280px\" \/><\/p>\n<p><strong>CONHE\u00c7A OS FRADES<\/strong><\/p>\n<p><strong>Frei Andrei Nascimento dos Anjos<\/strong> \u00e9 natural de Monte Alegre (PA). Nasceu no dia 23 de julho de 1993. Ingressou no postulantado dia 11 de julho de 2013 em Santar\u00e9m (PA). Vestiu o h\u00e1bito em mar\u00e7o de 2015 e fez sua primeira profiss\u00e3o no dia 15 de novembro de 2015 em Montes Claros (MG). Concluiu a Filosofia em 2018 e fez o ano Mission\u00e1rio na Aldeia Miss\u00e3o S\u00e3o Francisco do Rio Cururu, junto aos ind\u00edgenas Munduruku, interior do Par\u00e1, divisa com os estados do Amazonas e Mato Grosso. Atualmente, Frei Andrei cursa o 2\u00ba ano de Teologia no Instituto Teol\u00f3gico Franciscano.<\/p>\n<p><strong>F\u00e1bio Assun\u00e7\u00e3o Melo Vasconcelos<\/strong> \u00e9 natural de Santar\u00e9m (PA). Nasceu no dia 16 de mar\u00e7o de 1995. Ingressou no postulantado dia 11 de julho de 2013 em Santar\u00e9m (PA). Vestiu o h\u00e1bito em mar\u00e7o de 2015 e fez sua primeira profiss\u00e3o no dia 15 de novembro de 2015 em Montes Claros (MG). Concluiu a Filosofia em 2018 e tamb\u00e9m fez o ano Mission\u00e1rio na Aldeia Miss\u00e3o S\u00e3o Francisco do Rio Cururu, junto aos ind\u00edgenas Munduruku. Atualmente, Frei F\u00e1bio cursa o 2\u00ba ano de Teologia no Instituto Teol\u00f3gico Franciscano.<\/p>\n<hr \/>\n<p><em>Frei Augusto Luiz Gabriel e Moacir Beggo<\/em><\/p>\n","protected":false},"excerpt":{"rendered":"<p>Renova\u00e7\u00e3o dos votos em Petr\u00f3polis<\/p>\n","protected":false},"author":3,"featured_media":235191,"comment_status":"open","ping_status":"open","sticky":false,"template":"","format":"standard","meta":[],"categories":[1],"tags":[1152],"acf":[],"yoast_head":"<!-- This site is optimized with the Yoast SEO plugin v19.2 - https:\/\/yoast.com\/wordpress\/plugins\/seo\/ -->\n<title>&quot;Esperan\u00e7a&quot; \u00e9 a mensagem na renova\u00e7\u00e3o dos votos dos frades da Cust\u00f3dia da Amaz\u00f4nia - Not\u00edcias - Franciscanos<\/title>\n<meta name=\"robots\" content=\"index, follow, max-snippet:-1, max-image-preview:large, max-video-preview:-1\" \/>\n<link rel=\"canonical\" href=\"https:\/\/franciscanos.org.br\/noticias\/esperanca-anima-renovacao-dos-frades-da-custodia-da-amazonia.html\" \/>\n<meta property=\"og:locale\" content=\"pt_BR\" \/>\n<meta property=\"og:type\" content=\"article\" \/>\n<meta property=\"og:title\" content=\"&quot;Esperan\u00e7a&quot; \u00e9 a mensagem na renova\u00e7\u00e3o dos votos dos frades da Cust\u00f3dia da Amaz\u00f4nia - Not\u00edcias - Franciscanos\" \/>\n<meta property=\"og:description\" content=\"Renova\u00e7\u00e3o dos votos em Petr\u00f3polis\" \/>\n<meta property=\"og:url\" content=\"https:\/\/franciscanos.org.br\/noticias\/esperanca-anima-renovacao-dos-frades-da-custodia-da-amazonia.html\" \/>\n<meta property=\"og:site_name\" content=\"Not\u00edcias - Franciscanos\" \/>\n<meta property=\"article:published_time\" content=\"2021-11-14T20:28:24+00:00\" \/>\n<meta property=\"article:modified_time\" content=\"2021-11-14T20:32:36+00:00\" \/>\n<meta property=\"og:image\" content=\"https:\/\/franciscanos.org.br\/noticias\/wp-content\/uploads\/2021\/11\/amazonia_d.jpg\" \/>\n\t<meta property=\"og:image:width\" content=\"800\" \/>\n\t<meta property=\"og:image:height\" content=\"550\" \/>\n\t<meta property=\"og:image:type\" content=\"image\/jpeg\" \/>\n<meta name=\"author\" content=\"moacir\" \/>\n<meta name=\"twitter:card\" content=\"summary_large_image\" \/>\n<meta name=\"twitter:label1\" content=\"Escrito por\" \/>\n\t<meta name=\"twitter:data1\" content=\"moacir\" \/>\n\t<meta name=\"twitter:label2\" content=\"Est. tempo de leitura\" \/>\n\t<meta name=\"twitter:data2\" content=\"4 minutos\" \/>\n<script type=\"application\/ld+json\" class=\"yoast-schema-graph\">{\"@context\":\"https:\/\/schema.org\",\"@graph\":[{\"@type\":\"WebSite\",\"@id\":\"https:\/\/franciscanos.org.br\/noticias\/#website\",\"url\":\"https:\/\/franciscanos.org.br\/noticias\/\",\"name\":\"Not\u00edcias - Franciscanos\",\"description\":\"Prov\u00edncia Franciscana da Imaculada Concei\u00e7\u00e3o do Brasil - Ordem dos Frades Menores - OFM\",\"potentialAction\":[{\"@type\":\"SearchAction\",\"target\":{\"@type\":\"EntryPoint\",\"urlTemplate\":\"https:\/\/franciscanos.org.br\/noticias\/?s={search_term_string}\"},\"query-input\":\"required name=search_term_string\"}],\"inLanguage\":\"pt-BR\"},{\"@type\":\"ImageObject\",\"inLanguage\":\"pt-BR\",\"@id\":\"https:\/\/franciscanos.org.br\/noticias\/esperanca-anima-renovacao-dos-frades-da-custodia-da-amazonia.html#primaryimage\",\"url\":\"https:\/\/franciscanos.org.br\/noticias\/wp-content\/uploads\/2021\/11\/amazonia_d.jpg\",\"contentUrl\":\"https:\/\/franciscanos.org.br\/noticias\/wp-content\/uploads\/2021\/11\/amazonia_d.jpg\",\"width\":800,\"height\":550},{\"@type\":\"WebPage\",\"@id\":\"https:\/\/franciscanos.org.br\/noticias\/esperanca-anima-renovacao-dos-frades-da-custodia-da-amazonia.html#webpage\",\"url\":\"https:\/\/franciscanos.org.br\/noticias\/esperanca-anima-renovacao-dos-frades-da-custodia-da-amazonia.html\",\"name\":\"\\\"Esperan\u00e7a\\\" \u00e9 a mensagem na renova\u00e7\u00e3o dos votos dos frades da Cust\u00f3dia da Amaz\u00f4nia - Not\u00edcias - Franciscanos\",\"isPartOf\":{\"@id\":\"https:\/\/franciscanos.org.br\/noticias\/#website\"},\"primaryImageOfPage\":{\"@id\":\"https:\/\/franciscanos.org.br\/noticias\/esperanca-anima-renovacao-dos-frades-da-custodia-da-amazonia.html#primaryimage\"},\"datePublished\":\"2021-11-14T20:28:24+00:00\",\"dateModified\":\"2021-11-14T20:32:36+00:00\",\"author\":{\"@id\":\"https:\/\/franciscanos.org.br\/noticias\/#\/schema\/person\/b5c8cba458c330ccff548b056e95a5d4\"},\"breadcrumb\":{\"@id\":\"https:\/\/franciscanos.org.br\/noticias\/esperanca-anima-renovacao-dos-frades-da-custodia-da-amazonia.html#breadcrumb\"},\"inLanguage\":\"pt-BR\",\"potentialAction\":[{\"@type\":\"ReadAction\",\"target\":[\"https:\/\/franciscanos.org.br\/noticias\/esperanca-anima-renovacao-dos-frades-da-custodia-da-amazonia.html\"]}]},{\"@type\":\"BreadcrumbList\",\"@id\":\"https:\/\/franciscanos.org.br\/noticias\/esperanca-anima-renovacao-dos-frades-da-custodia-da-amazonia.html#breadcrumb\",\"itemListElement\":[{\"@type\":\"ListItem\",\"position\":1,\"name\":\"Home\",\"item\":\"https:\/\/franciscanos.org.br\/noticias\"},{\"@type\":\"ListItem\",\"position\":2,\"name\":\"&#8220;Esperan\u00e7a&#8221; \u00e9 a mensagem na renova\u00e7\u00e3o dos votos dos frades da Cust\u00f3dia da Amaz\u00f4nia\"}]},{\"@type\":\"Person\",\"@id\":\"https:\/\/franciscanos.org.br\/noticias\/#\/schema\/person\/b5c8cba458c330ccff548b056e95a5d4\",\"name\":\"moacir\",\"image\":{\"@type\":\"ImageObject\",\"inLanguage\":\"pt-BR\",\"@id\":\"https:\/\/franciscanos.org.br\/noticias\/#\/schema\/person\/image\/\",\"url\":\"https:\/\/secure.gravatar.com\/avatar\/d08aa2ce4c8dd416d4479aa8536fcf64?s=96&d=mm&r=g\",\"contentUrl\":\"https:\/\/secure.gravatar.com\/avatar\/d08aa2ce4c8dd416d4479aa8536fcf64?s=96&d=mm&r=g\",\"caption\":\"moacir\"},\"url\":\"https:\/\/franciscanos.org.br\/noticias\/author\/moacir\"}]}<\/script>\n<!-- \/ Yoast SEO plugin. -->","yoast_head_json":{"title":"\"Esperan\u00e7a\" \u00e9 a mensagem na renova\u00e7\u00e3o dos votos dos frades da Cust\u00f3dia da Amaz\u00f4nia - Not\u00edcias - Franciscanos","robots":{"index":"index","follow":"follow","max-snippet":"max-snippet:-1","max-image-preview":"max-image-preview:large","max-video-preview":"max-video-preview:-1"},"canonical":"https:\/\/franciscanos.org.br\/noticias\/esperanca-anima-renovacao-dos-frades-da-custodia-da-amazonia.html","og_locale":"pt_BR","og_type":"article","og_title":"\"Esperan\u00e7a\" \u00e9 a mensagem na renova\u00e7\u00e3o dos votos dos frades da Cust\u00f3dia da Amaz\u00f4nia - Not\u00edcias - Franciscanos","og_description":"Renova\u00e7\u00e3o dos votos em Petr\u00f3polis","og_url":"https:\/\/franciscanos.org.br\/noticias\/esperanca-anima-renovacao-dos-frades-da-custodia-da-amazonia.html","og_site_name":"Not\u00edcias - Franciscanos","article_published_time":"2021-11-14T20:28:24+00:00","article_modified_time":"2021-11-14T20:32:36+00:00","og_image":[{"width":800,"height":550,"url":"https:\/\/franciscanos.org.br\/noticias\/wp-content\/uploads\/2021\/11\/amazonia_d.jpg","type":"image\/jpeg"}],"author":"moacir","twitter_card":"summary_large_image","twitter_misc":{"Escrito por":"moacir","Est. tempo de leitura":"4 minutos"},"schema":{"@context":"https:\/\/schema.org","@graph":[{"@type":"WebSite","@id":"https:\/\/franciscanos.org.br\/noticias\/#website","url":"https:\/\/franciscanos.org.br\/noticias\/","name":"Not\u00edcias - Franciscanos","description":"Prov\u00edncia Franciscana da Imaculada Concei\u00e7\u00e3o do Brasil - Ordem dos Frades Menores - OFM","potentialAction":[{"@type":"SearchAction","target":{"@type":"EntryPoint","urlTemplate":"https:\/\/franciscanos.org.br\/noticias\/?s={search_term_string}"},"query-input":"required name=search_term_string"}],"inLanguage":"pt-BR"},{"@type":"ImageObject","inLanguage":"pt-BR","@id":"https:\/\/franciscanos.org.br\/noticias\/esperanca-anima-renovacao-dos-frades-da-custodia-da-amazonia.html#primaryimage","url":"https:\/\/franciscanos.org.br\/noticias\/wp-content\/uploads\/2021\/11\/amazonia_d.jpg","contentUrl":"https:\/\/franciscanos.org.br\/noticias\/wp-content\/uploads\/2021\/11\/amazonia_d.jpg","width":800,"height":550},{"@type":"WebPage","@id":"https:\/\/franciscanos.org.br\/noticias\/esperanca-anima-renovacao-dos-frades-da-custodia-da-amazonia.html#webpage","url":"https:\/\/franciscanos.org.br\/noticias\/esperanca-anima-renovacao-dos-frades-da-custodia-da-amazonia.html","name":"\"Esperan\u00e7a\" \u00e9 a mensagem na renova\u00e7\u00e3o dos votos dos frades da Cust\u00f3dia da Amaz\u00f4nia - Not\u00edcias - Franciscanos","isPartOf":{"@id":"https:\/\/franciscanos.org.br\/noticias\/#website"},"primaryImageOfPage":{"@id":"https:\/\/franciscanos.org.br\/noticias\/esperanca-anima-renovacao-dos-frades-da-custodia-da-amazonia.html#primaryimage"},"datePublished":"2021-11-14T20:28:24+00:00","dateModified":"2021-11-14T20:32:36+00:00","author":{"@id":"https:\/\/franciscanos.org.br\/noticias\/#\/schema\/person\/b5c8cba458c330ccff548b056e95a5d4"},"breadcrumb":{"@id":"https:\/\/franciscanos.org.br\/noticias\/esperanca-anima-renovacao-dos-frades-da-custodia-da-amazonia.html#breadcrumb"},"inLanguage":"pt-BR","potentialAction":[{"@type":"ReadAction","target":["https:\/\/franciscanos.org.br\/noticias\/esperanca-anima-renovacao-dos-frades-da-custodia-da-amazonia.html"]}]},{"@type":"BreadcrumbList","@id":"https:\/\/franciscanos.org.br\/noticias\/esperanca-anima-renovacao-dos-frades-da-custodia-da-amazonia.html#breadcrumb","itemListElement":[{"@type":"ListItem","position":1,"name":"Home","item":"https:\/\/franciscanos.org.br\/noticias"},{"@type":"ListItem","position":2,"name":"&#8220;Esperan\u00e7a&#8221; \u00e9 a mensagem na renova\u00e7\u00e3o dos votos dos frades da Cust\u00f3dia da Amaz\u00f4nia"}]},{"@type":"Person","@id":"https:\/\/franciscanos.org.br\/noticias\/#\/schema\/person\/b5c8cba458c330ccff548b056e95a5d4","name":"moacir","image":{"@type":"ImageObject","inLanguage":"pt-BR","@id":"https:\/\/franciscanos.org.br\/noticias\/#\/schema\/person\/image\/","url":"https:\/\/secure.gravatar.com\/avatar\/d08aa2ce4c8dd416d4479aa8536fcf64?s=96&d=mm&r=g","contentUrl":"https:\/\/secure.gravatar.com\/avatar\/d08aa2ce4c8dd416d4479aa8536fcf64?s=96&d=mm&r=g","caption":"moacir"},"url":"https:\/\/franciscanos.org.br\/noticias\/author\/moacir"}]}},"_links":{"self":[{"href":"https:\/\/franciscanos.org.br\/noticias\/wp-json\/wp\/v2\/posts\/235182"}],"collection":[{"href":"https:\/\/franciscanos.org.br\/noticias\/wp-json\/wp\/v2\/posts"}],"about":[{"href":"https:\/\/franciscanos.org.br\/noticias\/wp-json\/wp\/v2\/types\/post"}],"author":[{"embeddable":true,"href":"https:\/\/franciscanos.org.br\/noticias\/wp-json\/wp\/v2\/users\/3"}],"replies":[{"embeddable":true,"href":"https:\/\/franciscanos.org.br\/noticias\/wp-json\/wp\/v2\/comments?post=235182"}],"version-history":[{"count":4,"href":"https:\/\/franciscanos.org.br\/noticias\/wp-json\/wp\/v2\/posts\/235182\/revisions"}],"predecessor-version":[{"id":235195,"href":"https:\/\/franciscanos.org.br\/noticias\/wp-json\/wp\/v2\/posts\/235182\/revisions\/235195"}],"wp:featuredmedia":[{"embeddable":true,"href":"https:\/\/franciscanos.org.br\/noticias\/wp-json\/wp\/v2\/media\/235191"}],"wp:attachment":[{"href":"https:\/\/franciscanos.org.br\/noticias\/wp-json\/wp\/v2\/media?parent=235182"}],"wp:term":[{"taxonomy":"category","embeddable":true,"href":"https:\/\/franciscanos.org.br\/noticias\/wp-json\/wp\/v2\/categories?post=235182"},{"taxonomy":"post_tag","embeddable":true,"href":"https:\/\/franciscanos.org.br\/noticias\/wp-json\/wp\/v2\/tags?post=235182"}],"curies":[{"name":"wp","href":"https:\/\/api.w.org\/{rel}","templated":true}]}}