{"id":235178,"date":"2021-11-14T07:35:28","date_gmt":"2021-11-14T10:35:28","guid":{"rendered":"https:\/\/franciscanos.org.br\/noticias\/?p=235178"},"modified":"2021-11-14T17:38:48","modified_gmt":"2021-11-14T20:38:48","slug":"papa-levemos-aos-pobres-a-esperanca-com-ternura-sem-os-julgar","status":"publish","type":"post","link":"https:\/\/franciscanos.org.br\/noticias\/papa-levemos-aos-pobres-a-esperanca-com-ternura-sem-os-julgar.html","title":{"rendered":"Papa: levemos aos pobres a esperan\u00e7a com ternura, sem os julgar"},"content":{"rendered":"<div id=\"attachment_235179\" style=\"width: 1290px\" class=\"wp-caption alignnone\"><img aria-describedby=\"caption-attachment-235179\" loading=\"lazy\" class=\"wp-image-235179 size-full\" src=\"https:\/\/franciscanos.org.br\/noticias\/wp-content\/uploads\/2021\/11\/pobres_1411.jpg\" alt=\"\" width=\"1280\" height=\"720\" srcset=\"https:\/\/franciscanos.org.br\/noticias\/wp-content\/uploads\/2021\/11\/pobres_1411.jpg 1280w, https:\/\/franciscanos.org.br\/noticias\/wp-content\/uploads\/2021\/11\/pobres_1411-450x253.jpg 450w, https:\/\/franciscanos.org.br\/noticias\/wp-content\/uploads\/2021\/11\/pobres_1411-1024x576.jpg 1024w, https:\/\/franciscanos.org.br\/noticias\/wp-content\/uploads\/2021\/11\/pobres_1411-768x432.jpg 768w, https:\/\/franciscanos.org.br\/noticias\/wp-content\/uploads\/2021\/11\/pobres_1411-150x84.jpg 150w\" sizes=\"(max-width: 1280px) 100vw, 1280px\" \/><p id=\"caption-attachment-235179\" class=\"wp-caption-text\"><em>\u00a0 \u00a0 \u00a0 \u00a0 \u00a0 \u00a0 \u00a0 \u00a0 \u00a0 \u00a0 \u00a0 \u00a0 \u00a0 \u00a0 \u00a0 \u00a0 \u00a0 \u00a0 \u00a0 \u00a0 \u00a0 \u00a0 \u00a0 \u00a0 \u00a0 \u00a0 \u00a0 \u00a0 \u00a0 \u00a0 \u00a0 \u00a0 \u00a0 \u00a0 \u00a0 \u00a0 \u00a0 \u00a0 \u00a0 \u00a0 \u00a0 \u00a0 \u00a0 \u00a0 \u00a0 \u00a0 \u00a0 \u00a0 \u00a0 \u00a0 \u00a0 \u00a0 \u00a0 \u00a0 \u00a0 \u00a0 \u00a0 \u00a0 \u00a0 \u00a0 \u00a0 \u00a0 \u00a0 \u00a0 \u00a0 \u00a0 \u00a0 \u00a0 \u00a0Imagem: Vatican Media<\/em><\/p><\/div>\n<p>Neste domingo (14\/11) em que a Igreja celebra o 5\u00b0 Dia Mundial dos Pobres, na homilia da Santa Missa celebrada na Bas\u00edlica de S\u00e3o Pedro o Papa Francisco falou sobre as imagens utilizadas por Jesus para nos dar esperan\u00e7a. Depois de falar sobre o Evangelho de Marcos (13, 24-28) no qual se recorda que \u201cda total obscuridade, h\u00e1 de vir o Filho do Homem\u201d disse:<\/p>\n<p>\u201cDeste modo o Evangelho ajuda-nos a ler a hist\u00f3ria, captando dois aspetos dela: a dor de hoje e a esperan\u00e7a de amanh\u00e3. Por um lado, evocam-se todas as dolorosas contradi\u00e7\u00f5es em que a realidade humana vive imersa em cada tempo; por outro, h\u00e1 o futuro de salva\u00e7\u00e3o que a espera, isto \u00e9, o encontro com o Senhor que vem para nos libertar de todo o mal\u201d.<\/p>\n<p><strong>A dor e a esperan\u00e7a<\/strong><br \/>\nEm seguida comentou dois desses aspetos, \u201ccom o olhar de Jesus\u201d. Com rela\u00e7\u00e3o ao primeiro aspecto comentou a dor de hoje. &#8220;Vivemos numa hist\u00f3ria marcada por tribula\u00e7\u00f5es, viol\u00eancias, sofrimentos e injusti\u00e7as\u201d e afirmou:<\/p>\n<p>\u201cO Dia Mundial dos Pobres que estamos celebrando, pede-nos que n\u00e3o viremos o rosto para o outro lado, n\u00e3o tenhamos medo de olhar de perto o sofrimento dos mais fr\u00e1geis. Para eles o sol frequentemente \u00e9 obscurecido pela solid\u00e3o, a lua de suas expectativas apaga-se e os sonhos caem na resigna\u00e7\u00e3o e acaba abalada a pr\u00f3pria exist\u00eancia. Tudo isso por causa da pobreza a que muitas vezes se veem constrangidos, v\u00edtimas da injusti\u00e7a e da desigualdade duma sociedade do descarte, que corre apressada sem os ver e, sem escr\u00fapulos, os abandona ao seu destino\u201d.<\/p>\n<p>Por\u00e9m, disse Francisco:\u00a0\u201cEm contrapartida, existe o segundo aspeto: a esperan\u00e7a de amanh\u00e3. Jesus quer abrir-nos \u00e0 esperan\u00e7a, arrancar-nos da ang\u00fastia e do medo \u00e0 vista da dor do mundo. Para isso assegura-nos: ao mesmo tempo que o sol se obscurece e tudo parece cair \u00e9 precisamente quando Ele Se faz vizinho a n\u00f3s\u201d.<\/p>\n<p><img loading=\"lazy\" class=\"alignnone size-full wp-image-235180\" src=\"https:\/\/franciscanos.org.br\/noticias\/wp-content\/uploads\/2021\/11\/pobres_1411_2.jpg\" alt=\"\" width=\"1280\" height=\"720\" srcset=\"https:\/\/franciscanos.org.br\/noticias\/wp-content\/uploads\/2021\/11\/pobres_1411_2.jpg 1280w, https:\/\/franciscanos.org.br\/noticias\/wp-content\/uploads\/2021\/11\/pobres_1411_2-450x253.jpg 450w, https:\/\/franciscanos.org.br\/noticias\/wp-content\/uploads\/2021\/11\/pobres_1411_2-1024x576.jpg 1024w, https:\/\/franciscanos.org.br\/noticias\/wp-content\/uploads\/2021\/11\/pobres_1411_2-768x432.jpg 768w, https:\/\/franciscanos.org.br\/noticias\/wp-content\/uploads\/2021\/11\/pobres_1411_2-150x84.jpg 150w\" sizes=\"(max-width: 1280px) 100vw, 1280px\" \/><\/p>\n<p>Porque, \u201ca salva\u00e7\u00e3o de Deus n\u00e3o \u00e9 s\u00f3 uma promessa reservada para o Al\u00e9m, mas cresce j\u00e1 agora dentro da nossa hist\u00f3ria ferida, abre caminho por entre as opress\u00f5es e injusti\u00e7as do mundo\u201d.<\/p>\n<p><strong>O que Jesus nos pede, a n\u00f3s crist\u00e3os?<\/strong><br \/>\nNeste ponto o Papa perguntou o que se pede, a n\u00f3s crist\u00e3os? E como resposta disse: \u201cNutrir a esperan\u00e7a de amanh\u00e3, curando a dor de hoje\u201d. De fato, explicou, a esperan\u00e7a que nasce do Evangelho n\u00e3o consiste em esperar passivamente por um amanh\u00e3 em que as coisas h\u00e3o de correr melhor, mas em tornar concreta hoje a promessa de salva\u00e7\u00e3o de Deus: hoje, cada dia&#8230;<\/p>\n<p>\u201cA n\u00f3s, \u00e9-nos pedido isto: ser, entre as ru\u00ednas quotidianas do mundo, construtores incans\u00e1veis de esperan\u00e7a; ser luz enquanto o sol se obscurece; ser testemunhas de compaix\u00e3o enquanto ao redor reina a distra\u00e7\u00e3o; ser presen\u00e7as atentas na indiferen\u00e7a generalizada\u201d.<\/p>\n<p>\u201cCompete-nos\u201d, disse ainda \u201cespecialmente a n\u00f3s crist\u00e3os, organizar a esperan\u00e7a, traduzi-la diariamente em vida concreta nas rela\u00e7\u00f5es humanas, no compromisso sociopol\u00edtico\u201d.<\/p>\n<p><strong>Agir concretamente pelo bem<\/strong><br \/>\nA partir da imagem simples que Jesus oferece a de folhas que desabrocham sem fazer ru\u00eddo e estas folhas aparecem quando o ramo se torna tenro Francisco afirmou que aqui est\u00e1 a palavra que faz germinar a esperan\u00e7a no mundo e alivia a dor dos pobres: a ternura. Depende de n\u00f3s superar o fechamento, a rigidez interior e deixar de pensar apenas em nossos problemas.<\/p>\n<p>\u201cJesus quer-nos \u2018conversores de bem\u2019: pessoas que, imersas no ar pesado que todos respiram, respondem ao mal com o bem (cf. Rm 12, 21). Pessoas que agem: partilham o p\u00e3o com os famintos, trabalham pela justi\u00e7a, elevam os pobres e devolvem-lhes a sua dignidade\u201d.<\/p>\n<p>Por fim encorajou todos com as palavras de Lucas: \u201cCoragem, o Senhor est\u00e1 pr\u00f3ximo! Tamb\u00e9m para ti h\u00e1 um ver\u00e3o que desabrocha no cora\u00e7\u00e3o do inverno. Mesmo da tua dor, pode ressurgir a esperan\u00e7a\u201d. Concluindo Francisco disse: \u201cLevemos ao mundo este olhar de esperan\u00e7a. Levemo-lo com ternura aos pobres, sem os julgar. Porque l\u00e1, junto deles, est\u00e1 Jesus; porque l\u00e1, neles, est\u00e1 Jesus, que nos espera\u201d.<\/p>\n<h3>ANGELUS DEST DOMINGO<\/h3>\n<p>No Angelus deste domingo (14\/11), Dia Mundial dos Pobres o Papa Francisco falou sobre a passagem evang\u00e9lica de Marcos que anuncia: &#8220;O sol escurecer\u00e1, a lua n\u00e3o dar\u00e1 mais sua luz, e as estrelas cair\u00e3o do c\u00e9u&#8221; (Mc 13, 24-25)\u201d. Podemos ficar pasmos ao ler disse o Papa, mas explica, o Senhor quer que entendamos que tudo neste mundo, mais cedo ou mais tarde, passa. Mesmo o sol, a lua e as estrelas que formam o &#8220;firmamento&#8221; est\u00e3o destinados a passar. Em seguida no vers\u00edculo 31 Jesus diz o que n\u00e3o passar\u00e1: \u201cAs minhas palavras n\u00e3o passar\u00e3o&#8221;.<\/p>\n<p>Portanto afirmou Francisco: \u201cEle estabelece uma distin\u00e7\u00e3o entre as pen\u00faltimas coisas, que passam, e as \u00faltimas coisas, que permanecem. Esta \u00e9 uma mensagem preciosa para n\u00f3s, para nos orientar nas escolhas importantes da vida. Em que conv\u00e9m investir nossas vidas? No que \u00e9 transit\u00f3rio ou nas palavras do Senhor, que permanecem para sempre? Obviamente sobre estas. Mas n\u00e3o \u00e9 f\u00e1cil\u201d<\/p>\n<p>De fato, advertiu o Papa, \u201cas palavras do Senhor, embora belas, v\u00e3o al\u00e9m do imediato e exigem paci\u00eancia. Somos tentados a nos agarrar ao que vemos e tocamos e que nos parece mais seguro. Mas isto \u00e9 um engano\u201d continuou, porque elas passar\u00e3o. A este ponto Francisco alerta para que a vida n\u00e3o seja constru\u00edda sobre a areia. \u201cO disc\u00edpulo fiel, para Jesus, \u00e9 aquele que funda sua vida sobre a rocha, que \u00e9 sua Palavra\u201d, concluiu.<\/p>\n<p><strong>O cora\u00e7\u00e3o palpitante da palavra de Deus: caridade<\/strong><br \/>\nPara construirmos nossa casa sobre a rocha devemos nos perguntar: \u201cQual \u00e9 o centro, o cora\u00e7\u00e3o palpitante da Palavra de Deus? O que, em suma, d\u00e1 solidez \u00e0 vida e jamais terminar\u00e1? S\u00e3o Paulo nos diz: \u2018A caridade jamais ter\u00e1 fim\u2019. Aquele que faz o bem investe para a eternidade\u201d<\/p>\n<p>Francisco recorda que a pessoa generosa constr\u00f3i o C\u00e9u sobre a terra, pode ser que \u201cn\u00e3o tenha visibilidade\u201d, mas o que ela faz n\u00e3o ser\u00e1 perdido, porque \u201co bem nunca se perde, permanece para sempre\u201d. E nos perguntamos: em que estamos investindo nossas vidas? Nas coisas que passam ou as que permanecem para sempre? Devemos recordar, disse: \u201cA Palavra de Deus hoje nos adverte: o cen\u00e1rio deste mundo vai passar. E somente o amor permanecer\u00e1\u201d. Encorajando o Papa afirmou: \u201cBasear a pr\u00f3pria vida na Palavra de Deus, n\u00e3o \u00e9 fugir da hist\u00f3ria, mas mergulhar nas realidades terrenas para torn\u00e1-las s\u00f3lidas, para transform\u00e1-las com o amor, imprimindo nelas o sinal da eternidade, o sinal de Deus\u201d<\/p>\n<p><strong>As escolhas<\/strong><br \/>\nPor fim o Papa concluiu suas palavras com um conselho de Santo In\u00e1cio de Loyola para fazer as escolhas importantes: &#8220;Antes de decidir, imaginemos que estamos diante de Jesus, como no fim da vida, diante d&#8217;Aquele que \u00e9 amor. Pensando em n\u00f3s mesmos ali, em sua presen\u00e7a, no limiar da eternidade, tomemos a decis\u00e3o para o hoje. Pode n\u00e3o ser a mais f\u00e1cil, a mais imediata, mas ser\u00e1 a decis\u00e3o boa&#8221;.<\/p>\n<hr \/>\n<p><em>Fonte: Vatican News (texto de Jane Nogara)<\/em><\/p>\n","protected":false},"excerpt":{"rendered":"<p>Santa Missa do V Dia Mundial dos Pobres<\/p>\n","protected":false},"author":3,"featured_media":235179,"comment_status":"open","ping_status":"open","sticky":false,"template":"","format":"standard","meta":[],"categories":[1428],"tags":[1114],"acf":[],"yoast_head":"<!-- This site is optimized with the Yoast SEO plugin v19.2 - https:\/\/yoast.com\/wordpress\/plugins\/seo\/ -->\n<title>Papa: levemos aos pobres a esperan\u00e7a com ternura, sem os julgar - Not\u00edcias - Franciscanos<\/title>\n<meta name=\"robots\" content=\"index, follow, max-snippet:-1, max-image-preview:large, max-video-preview:-1\" \/>\n<link rel=\"canonical\" href=\"https:\/\/franciscanos.org.br\/noticias\/papa-levemos-aos-pobres-a-esperanca-com-ternura-sem-os-julgar.html\" \/>\n<meta property=\"og:locale\" content=\"pt_BR\" \/>\n<meta property=\"og:type\" content=\"article\" \/>\n<meta property=\"og:title\" content=\"Papa: levemos aos pobres a esperan\u00e7a com ternura, sem os julgar - Not\u00edcias - Franciscanos\" \/>\n<meta property=\"og:description\" content=\"Santa Missa do V Dia Mundial dos Pobres\" \/>\n<meta property=\"og:url\" content=\"https:\/\/franciscanos.org.br\/noticias\/papa-levemos-aos-pobres-a-esperanca-com-ternura-sem-os-julgar.html\" \/>\n<meta property=\"og:site_name\" content=\"Not\u00edcias - Franciscanos\" \/>\n<meta property=\"article:published_time\" content=\"2021-11-14T10:35:28+00:00\" \/>\n<meta property=\"article:modified_time\" content=\"2021-11-14T20:38:48+00:00\" \/>\n<meta property=\"og:image\" content=\"https:\/\/franciscanos.org.br\/noticias\/wp-content\/uploads\/2021\/11\/pobres_1411.jpg\" \/>\n\t<meta property=\"og:image:width\" content=\"1280\" \/>\n\t<meta property=\"og:image:height\" content=\"720\" \/>\n\t<meta property=\"og:image:type\" content=\"image\/jpeg\" \/>\n<meta name=\"author\" content=\"moacir\" \/>\n<meta name=\"twitter:card\" content=\"summary_large_image\" \/>\n<meta name=\"twitter:label1\" content=\"Escrito por\" \/>\n\t<meta name=\"twitter:data1\" content=\"moacir\" \/>\n\t<meta name=\"twitter:label2\" content=\"Est. tempo de leitura\" \/>\n\t<meta name=\"twitter:data2\" content=\"6 minutos\" \/>\n<script type=\"application\/ld+json\" class=\"yoast-schema-graph\">{\"@context\":\"https:\/\/schema.org\",\"@graph\":[{\"@type\":\"WebSite\",\"@id\":\"https:\/\/franciscanos.org.br\/noticias\/#website\",\"url\":\"https:\/\/franciscanos.org.br\/noticias\/\",\"name\":\"Not\u00edcias - Franciscanos\",\"description\":\"Prov\u00edncia Franciscana da Imaculada Concei\u00e7\u00e3o do Brasil - Ordem dos Frades Menores - OFM\",\"potentialAction\":[{\"@type\":\"SearchAction\",\"target\":{\"@type\":\"EntryPoint\",\"urlTemplate\":\"https:\/\/franciscanos.org.br\/noticias\/?s={search_term_string}\"},\"query-input\":\"required name=search_term_string\"}],\"inLanguage\":\"pt-BR\"},{\"@type\":\"ImageObject\",\"inLanguage\":\"pt-BR\",\"@id\":\"https:\/\/franciscanos.org.br\/noticias\/papa-levemos-aos-pobres-a-esperanca-com-ternura-sem-os-julgar.html#primaryimage\",\"url\":\"https:\/\/franciscanos.org.br\/noticias\/wp-content\/uploads\/2021\/11\/pobres_1411.jpg\",\"contentUrl\":\"https:\/\/franciscanos.org.br\/noticias\/wp-content\/uploads\/2021\/11\/pobres_1411.jpg\",\"width\":1280,\"height\":720},{\"@type\":\"WebPage\",\"@id\":\"https:\/\/franciscanos.org.br\/noticias\/papa-levemos-aos-pobres-a-esperanca-com-ternura-sem-os-julgar.html#webpage\",\"url\":\"https:\/\/franciscanos.org.br\/noticias\/papa-levemos-aos-pobres-a-esperanca-com-ternura-sem-os-julgar.html\",\"name\":\"Papa: levemos aos pobres a esperan\u00e7a com ternura, sem os julgar - Not\u00edcias - Franciscanos\",\"isPartOf\":{\"@id\":\"https:\/\/franciscanos.org.br\/noticias\/#website\"},\"primaryImageOfPage\":{\"@id\":\"https:\/\/franciscanos.org.br\/noticias\/papa-levemos-aos-pobres-a-esperanca-com-ternura-sem-os-julgar.html#primaryimage\"},\"datePublished\":\"2021-11-14T10:35:28+00:00\",\"dateModified\":\"2021-11-14T20:38:48+00:00\",\"author\":{\"@id\":\"https:\/\/franciscanos.org.br\/noticias\/#\/schema\/person\/b5c8cba458c330ccff548b056e95a5d4\"},\"breadcrumb\":{\"@id\":\"https:\/\/franciscanos.org.br\/noticias\/papa-levemos-aos-pobres-a-esperanca-com-ternura-sem-os-julgar.html#breadcrumb\"},\"inLanguage\":\"pt-BR\",\"potentialAction\":[{\"@type\":\"ReadAction\",\"target\":[\"https:\/\/franciscanos.org.br\/noticias\/papa-levemos-aos-pobres-a-esperanca-com-ternura-sem-os-julgar.html\"]}]},{\"@type\":\"BreadcrumbList\",\"@id\":\"https:\/\/franciscanos.org.br\/noticias\/papa-levemos-aos-pobres-a-esperanca-com-ternura-sem-os-julgar.html#breadcrumb\",\"itemListElement\":[{\"@type\":\"ListItem\",\"position\":1,\"name\":\"Home\",\"item\":\"https:\/\/franciscanos.org.br\/noticias\"},{\"@type\":\"ListItem\",\"position\":2,\"name\":\"Papa: levemos aos pobres a esperan\u00e7a com ternura, sem os julgar\"}]},{\"@type\":\"Person\",\"@id\":\"https:\/\/franciscanos.org.br\/noticias\/#\/schema\/person\/b5c8cba458c330ccff548b056e95a5d4\",\"name\":\"moacir\",\"image\":{\"@type\":\"ImageObject\",\"inLanguage\":\"pt-BR\",\"@id\":\"https:\/\/franciscanos.org.br\/noticias\/#\/schema\/person\/image\/\",\"url\":\"https:\/\/secure.gravatar.com\/avatar\/d08aa2ce4c8dd416d4479aa8536fcf64?s=96&d=mm&r=g\",\"contentUrl\":\"https:\/\/secure.gravatar.com\/avatar\/d08aa2ce4c8dd416d4479aa8536fcf64?s=96&d=mm&r=g\",\"caption\":\"moacir\"},\"url\":\"https:\/\/franciscanos.org.br\/noticias\/author\/moacir\"}]}<\/script>\n<!-- \/ Yoast SEO plugin. -->","yoast_head_json":{"title":"Papa: levemos aos pobres a esperan\u00e7a com ternura, sem os julgar - Not\u00edcias - Franciscanos","robots":{"index":"index","follow":"follow","max-snippet":"max-snippet:-1","max-image-preview":"max-image-preview:large","max-video-preview":"max-video-preview:-1"},"canonical":"https:\/\/franciscanos.org.br\/noticias\/papa-levemos-aos-pobres-a-esperanca-com-ternura-sem-os-julgar.html","og_locale":"pt_BR","og_type":"article","og_title":"Papa: levemos aos pobres a esperan\u00e7a com ternura, sem os julgar - Not\u00edcias - Franciscanos","og_description":"Santa Missa do V Dia Mundial dos Pobres","og_url":"https:\/\/franciscanos.org.br\/noticias\/papa-levemos-aos-pobres-a-esperanca-com-ternura-sem-os-julgar.html","og_site_name":"Not\u00edcias - Franciscanos","article_published_time":"2021-11-14T10:35:28+00:00","article_modified_time":"2021-11-14T20:38:48+00:00","og_image":[{"width":1280,"height":720,"url":"https:\/\/franciscanos.org.br\/noticias\/wp-content\/uploads\/2021\/11\/pobres_1411.jpg","type":"image\/jpeg"}],"author":"moacir","twitter_card":"summary_large_image","twitter_misc":{"Escrito por":"moacir","Est. tempo de leitura":"6 minutos"},"schema":{"@context":"https:\/\/schema.org","@graph":[{"@type":"WebSite","@id":"https:\/\/franciscanos.org.br\/noticias\/#website","url":"https:\/\/franciscanos.org.br\/noticias\/","name":"Not\u00edcias - Franciscanos","description":"Prov\u00edncia Franciscana da Imaculada Concei\u00e7\u00e3o do Brasil - Ordem dos Frades Menores - OFM","potentialAction":[{"@type":"SearchAction","target":{"@type":"EntryPoint","urlTemplate":"https:\/\/franciscanos.org.br\/noticias\/?s={search_term_string}"},"query-input":"required name=search_term_string"}],"inLanguage":"pt-BR"},{"@type":"ImageObject","inLanguage":"pt-BR","@id":"https:\/\/franciscanos.org.br\/noticias\/papa-levemos-aos-pobres-a-esperanca-com-ternura-sem-os-julgar.html#primaryimage","url":"https:\/\/franciscanos.org.br\/noticias\/wp-content\/uploads\/2021\/11\/pobres_1411.jpg","contentUrl":"https:\/\/franciscanos.org.br\/noticias\/wp-content\/uploads\/2021\/11\/pobres_1411.jpg","width":1280,"height":720},{"@type":"WebPage","@id":"https:\/\/franciscanos.org.br\/noticias\/papa-levemos-aos-pobres-a-esperanca-com-ternura-sem-os-julgar.html#webpage","url":"https:\/\/franciscanos.org.br\/noticias\/papa-levemos-aos-pobres-a-esperanca-com-ternura-sem-os-julgar.html","name":"Papa: levemos aos pobres a esperan\u00e7a com ternura, sem os julgar - Not\u00edcias - Franciscanos","isPartOf":{"@id":"https:\/\/franciscanos.org.br\/noticias\/#website"},"primaryImageOfPage":{"@id":"https:\/\/franciscanos.org.br\/noticias\/papa-levemos-aos-pobres-a-esperanca-com-ternura-sem-os-julgar.html#primaryimage"},"datePublished":"2021-11-14T10:35:28+00:00","dateModified":"2021-11-14T20:38:48+00:00","author":{"@id":"https:\/\/franciscanos.org.br\/noticias\/#\/schema\/person\/b5c8cba458c330ccff548b056e95a5d4"},"breadcrumb":{"@id":"https:\/\/franciscanos.org.br\/noticias\/papa-levemos-aos-pobres-a-esperanca-com-ternura-sem-os-julgar.html#breadcrumb"},"inLanguage":"pt-BR","potentialAction":[{"@type":"ReadAction","target":["https:\/\/franciscanos.org.br\/noticias\/papa-levemos-aos-pobres-a-esperanca-com-ternura-sem-os-julgar.html"]}]},{"@type":"BreadcrumbList","@id":"https:\/\/franciscanos.org.br\/noticias\/papa-levemos-aos-pobres-a-esperanca-com-ternura-sem-os-julgar.html#breadcrumb","itemListElement":[{"@type":"ListItem","position":1,"name":"Home","item":"https:\/\/franciscanos.org.br\/noticias"},{"@type":"ListItem","position":2,"name":"Papa: levemos aos pobres a esperan\u00e7a com ternura, sem os julgar"}]},{"@type":"Person","@id":"https:\/\/franciscanos.org.br\/noticias\/#\/schema\/person\/b5c8cba458c330ccff548b056e95a5d4","name":"moacir","image":{"@type":"ImageObject","inLanguage":"pt-BR","@id":"https:\/\/franciscanos.org.br\/noticias\/#\/schema\/person\/image\/","url":"https:\/\/secure.gravatar.com\/avatar\/d08aa2ce4c8dd416d4479aa8536fcf64?s=96&d=mm&r=g","contentUrl":"https:\/\/secure.gravatar.com\/avatar\/d08aa2ce4c8dd416d4479aa8536fcf64?s=96&d=mm&r=g","caption":"moacir"},"url":"https:\/\/franciscanos.org.br\/noticias\/author\/moacir"}]}},"_links":{"self":[{"href":"https:\/\/franciscanos.org.br\/noticias\/wp-json\/wp\/v2\/posts\/235178"}],"collection":[{"href":"https:\/\/franciscanos.org.br\/noticias\/wp-json\/wp\/v2\/posts"}],"about":[{"href":"https:\/\/franciscanos.org.br\/noticias\/wp-json\/wp\/v2\/types\/post"}],"author":[{"embeddable":true,"href":"https:\/\/franciscanos.org.br\/noticias\/wp-json\/wp\/v2\/users\/3"}],"replies":[{"embeddable":true,"href":"https:\/\/franciscanos.org.br\/noticias\/wp-json\/wp\/v2\/comments?post=235178"}],"version-history":[{"count":2,"href":"https:\/\/franciscanos.org.br\/noticias\/wp-json\/wp\/v2\/posts\/235178\/revisions"}],"predecessor-version":[{"id":235196,"href":"https:\/\/franciscanos.org.br\/noticias\/wp-json\/wp\/v2\/posts\/235178\/revisions\/235196"}],"wp:featuredmedia":[{"embeddable":true,"href":"https:\/\/franciscanos.org.br\/noticias\/wp-json\/wp\/v2\/media\/235179"}],"wp:attachment":[{"href":"https:\/\/franciscanos.org.br\/noticias\/wp-json\/wp\/v2\/media?parent=235178"}],"wp:term":[{"taxonomy":"category","embeddable":true,"href":"https:\/\/franciscanos.org.br\/noticias\/wp-json\/wp\/v2\/categories?post=235178"},{"taxonomy":"post_tag","embeddable":true,"href":"https:\/\/franciscanos.org.br\/noticias\/wp-json\/wp\/v2\/tags?post=235178"}],"curies":[{"name":"wp","href":"https:\/\/api.w.org\/{rel}","templated":true}]}}