{"id":235151,"date":"2021-11-13T21:49:26","date_gmt":"2021-11-14T00:49:26","guid":{"rendered":"https:\/\/franciscanos.org.br\/noticias\/?p=235151"},"modified":"2021-11-13T21:57:58","modified_gmt":"2021-11-14T00:57:58","slug":"frei-fidencio-aos-professos-existe-uma-fraternidade-que-de-coracao-aberto-os-acolhe","status":"publish","type":"post","link":"https:\/\/franciscanos.org.br\/noticias\/frei-fidencio-aos-professos-existe-uma-fraternidade-que-de-coracao-aberto-os-acolhe.html","title":{"rendered":"Frei Fid\u00eancio aos professos: &#8220;Existe uma fraternidade que, de cora\u00e7\u00e3o aberto, os acolhe&#8221;"},"content":{"rendered":"<p><img loading=\"lazy\" class=\"alignnone wp-image-235153 size-full\" src=\"https:\/\/franciscanos.org.br\/noticias\/wp-content\/uploads\/2021\/11\/professos_1311_m.jpg\" alt=\"\" width=\"1280\" height=\"759\" srcset=\"https:\/\/franciscanos.org.br\/noticias\/wp-content\/uploads\/2021\/11\/professos_1311_m.jpg 1280w, https:\/\/franciscanos.org.br\/noticias\/wp-content\/uploads\/2021\/11\/professos_1311_m-450x267.jpg 450w, https:\/\/franciscanos.org.br\/noticias\/wp-content\/uploads\/2021\/11\/professos_1311_m-1024x607.jpg 1024w, https:\/\/franciscanos.org.br\/noticias\/wp-content\/uploads\/2021\/11\/professos_1311_m-768x455.jpg 768w, https:\/\/franciscanos.org.br\/noticias\/wp-content\/uploads\/2021\/11\/professos_1311_m-150x89.jpg 150w\" sizes=\"(max-width: 1280px) 100vw, 1280px\" \/><\/p>\n<p><strong>Petr\u00f3polis (RJ)<\/strong> &#8211; &#8220;Uma vez que a Profiss\u00e3o Solene \u00e9 a celebra\u00e7\u00e3o dos que se entregam de todo o cora\u00e7\u00e3o, existe uma fraternidade que, de cora\u00e7\u00e3o aberto, os acolhe&#8221;. N\u00e3o poderia ser mais animadora e fraternal a acolhida feita pelo Ministro Provincial, Frei Fid\u00eancio Vanboemmel, aos sete jovens &#8211; Frei Andr\u00e9 dos Santos Sungo Mingas, Frei Honorato Salvador Gaspar Gabriel, Frei Jos\u00e9 Jo\u00e3o Ganga, Frei Miguel Tchiteculo Tchindjombo Filipe, Frei Felipe Medeiros Carretta, Frei Jonas Ribeiro da Silva e Frei Thiago da Silva Soares &#8211; que ingressaram definitivamente na Ordem dos Frades Menores neste s\u00e1bado, 13 de novembro, durante a Celebra\u00e7\u00e3o Eucar\u00edstica na Igreja do Sagrado Cora\u00e7\u00e3o de Jesus, em Petr\u00f3polis (RJ).<\/p>\n<p>&#8220;Hoje, todos nos alegramos como Igreja e, mais ainda, como Ordem Franciscana! Por isso, benignamente os acolhemos. Os acolhemos como irm\u00e3os dados pelo Senhor para, juntos e definitivamente, na riqueza da diversidade pessoal, construir os sonhos idealizados e concretizados por Francisco de Assis, e que em breve renovaremos na celebra\u00e7\u00e3o do nosso Cap\u00edtulo Provincial: &#8216;Juntos que se constroem os sonhos &#8211; Fraternidade contemplativa em Miss\u00e3o&#8217;\u201d, incentivou Frei Fid\u00eancio.<\/p>\n<p style=\"text-align: center;\"><strong>A PROFISS\u00c3O NAS M\u00c3OS DO MINISTRO PROVINCIAL<\/strong><\/p>\n\n\t\t<style type=\"text\/css\">\n\t\t\t#gallery-1 {\n\t\t\t\tmargin: auto;\n\t\t\t}\n\t\t\t#gallery-1 .gallery-item {\n\t\t\t\tfloat: left;\n\t\t\t\tmargin-top: 10px;\n\t\t\t\ttext-align: center;\n\t\t\t\twidth: 14%;\n\t\t\t}\n\t\t\t#gallery-1 img {\n\t\t\t\tborder: 2px solid #cfcfcf;\n\t\t\t}\n\t\t\t#gallery-1 .gallery-caption {\n\t\t\t\tmargin-left: 0;\n\t\t\t}\n\t\t\t\/* see gallery_shortcode() in wp-includes\/media.php *\/\n\t\t<\/style>\n\t\t<div id='gallery-1' class='gallery galleryid-235151 gallery-columns-7 gallery-size-thumbnail'><dl class='gallery-item'>\n\t\t\t<dt class='gallery-icon landscape'>\n\t\t\t\t<a href='https:\/\/franciscanos.org.br\/noticias\/wp-content\/uploads\/2021\/11\/01.jpg'><img width=\"300\" height=\"300\" src=\"https:\/\/franciscanos.org.br\/noticias\/wp-content\/uploads\/2021\/11\/01-300x300.jpg\" class=\"attachment-thumbnail size-thumbnail\" alt=\"\" loading=\"lazy\" aria-describedby=\"gallery-1-235154\" srcset=\"https:\/\/franciscanos.org.br\/noticias\/wp-content\/uploads\/2021\/11\/01-300x300.jpg 300w, https:\/\/franciscanos.org.br\/noticias\/wp-content\/uploads\/2021\/11\/01-100x100.jpg 100w\" sizes=\"(max-width: 300px) 100vw, 300px\" \/><\/a>\n\t\t\t<\/dt>\n\t\t\t\t<dd class='wp-caption-text gallery-caption' id='gallery-1-235154'>\n\t\t\t\tFrei Andr\u00e9\n\t\t\t\t<\/dd><\/dl><dl class='gallery-item'>\n\t\t\t<dt class='gallery-icon landscape'>\n\t\t\t\t<a href='https:\/\/franciscanos.org.br\/noticias\/wp-content\/uploads\/2021\/11\/02.jpg'><img width=\"300\" height=\"300\" src=\"https:\/\/franciscanos.org.br\/noticias\/wp-content\/uploads\/2021\/11\/02-300x300.jpg\" class=\"attachment-thumbnail size-thumbnail\" alt=\"\" loading=\"lazy\" aria-describedby=\"gallery-1-235155\" srcset=\"https:\/\/franciscanos.org.br\/noticias\/wp-content\/uploads\/2021\/11\/02-300x300.jpg 300w, https:\/\/franciscanos.org.br\/noticias\/wp-content\/uploads\/2021\/11\/02-100x100.jpg 100w\" sizes=\"(max-width: 300px) 100vw, 300px\" \/><\/a>\n\t\t\t<\/dt>\n\t\t\t\t<dd class='wp-caption-text gallery-caption' id='gallery-1-235155'>\n\t\t\t\tFrei Felipe\n\t\t\t\t<\/dd><\/dl><dl class='gallery-item'>\n\t\t\t<dt class='gallery-icon landscape'>\n\t\t\t\t<a href='https:\/\/franciscanos.org.br\/noticias\/wp-content\/uploads\/2021\/11\/03.jpg'><img width=\"300\" height=\"300\" src=\"https:\/\/franciscanos.org.br\/noticias\/wp-content\/uploads\/2021\/11\/03-300x300.jpg\" class=\"attachment-thumbnail size-thumbnail\" alt=\"\" loading=\"lazy\" aria-describedby=\"gallery-1-235156\" srcset=\"https:\/\/franciscanos.org.br\/noticias\/wp-content\/uploads\/2021\/11\/03-300x300.jpg 300w, https:\/\/franciscanos.org.br\/noticias\/wp-content\/uploads\/2021\/11\/03-100x100.jpg 100w\" sizes=\"(max-width: 300px) 100vw, 300px\" \/><\/a>\n\t\t\t<\/dt>\n\t\t\t\t<dd class='wp-caption-text gallery-caption' id='gallery-1-235156'>\n\t\t\t\tFrei Honorato\n\t\t\t\t<\/dd><\/dl><dl class='gallery-item'>\n\t\t\t<dt class='gallery-icon landscape'>\n\t\t\t\t<a href='https:\/\/franciscanos.org.br\/noticias\/wp-content\/uploads\/2021\/11\/04.jpg'><img width=\"300\" height=\"300\" src=\"https:\/\/franciscanos.org.br\/noticias\/wp-content\/uploads\/2021\/11\/04-300x300.jpg\" class=\"attachment-thumbnail size-thumbnail\" alt=\"\" loading=\"lazy\" aria-describedby=\"gallery-1-235157\" srcset=\"https:\/\/franciscanos.org.br\/noticias\/wp-content\/uploads\/2021\/11\/04-300x300.jpg 300w, https:\/\/franciscanos.org.br\/noticias\/wp-content\/uploads\/2021\/11\/04-100x100.jpg 100w\" sizes=\"(max-width: 300px) 100vw, 300px\" \/><\/a>\n\t\t\t<\/dt>\n\t\t\t\t<dd class='wp-caption-text gallery-caption' id='gallery-1-235157'>\n\t\t\t\tFrei Jonas\n\t\t\t\t<\/dd><\/dl><dl class='gallery-item'>\n\t\t\t<dt class='gallery-icon landscape'>\n\t\t\t\t<a href='https:\/\/franciscanos.org.br\/noticias\/wp-content\/uploads\/2021\/11\/05.jpg'><img width=\"300\" height=\"300\" src=\"https:\/\/franciscanos.org.br\/noticias\/wp-content\/uploads\/2021\/11\/05-300x300.jpg\" class=\"attachment-thumbnail size-thumbnail\" alt=\"\" loading=\"lazy\" aria-describedby=\"gallery-1-235158\" srcset=\"https:\/\/franciscanos.org.br\/noticias\/wp-content\/uploads\/2021\/11\/05-300x300.jpg 300w, https:\/\/franciscanos.org.br\/noticias\/wp-content\/uploads\/2021\/11\/05-100x100.jpg 100w\" sizes=\"(max-width: 300px) 100vw, 300px\" \/><\/a>\n\t\t\t<\/dt>\n\t\t\t\t<dd class='wp-caption-text gallery-caption' id='gallery-1-235158'>\n\t\t\t\tFrei Jos\u00e9\n\t\t\t\t<\/dd><\/dl><dl class='gallery-item'>\n\t\t\t<dt class='gallery-icon landscape'>\n\t\t\t\t<a href='https:\/\/franciscanos.org.br\/noticias\/wp-content\/uploads\/2021\/11\/06.jpg'><img width=\"300\" height=\"300\" src=\"https:\/\/franciscanos.org.br\/noticias\/wp-content\/uploads\/2021\/11\/06-300x300.jpg\" class=\"attachment-thumbnail size-thumbnail\" alt=\"\" loading=\"lazy\" aria-describedby=\"gallery-1-235159\" srcset=\"https:\/\/franciscanos.org.br\/noticias\/wp-content\/uploads\/2021\/11\/06-300x300.jpg 300w, https:\/\/franciscanos.org.br\/noticias\/wp-content\/uploads\/2021\/11\/06-100x100.jpg 100w\" sizes=\"(max-width: 300px) 100vw, 300px\" \/><\/a>\n\t\t\t<\/dt>\n\t\t\t\t<dd class='wp-caption-text gallery-caption' id='gallery-1-235159'>\n\t\t\t\tFrei Miguel\n\t\t\t\t<\/dd><\/dl><dl class='gallery-item'>\n\t\t\t<dt class='gallery-icon landscape'>\n\t\t\t\t<a href='https:\/\/franciscanos.org.br\/noticias\/wp-content\/uploads\/2021\/11\/07.jpg'><img width=\"300\" height=\"300\" src=\"https:\/\/franciscanos.org.br\/noticias\/wp-content\/uploads\/2021\/11\/07-300x300.jpg\" class=\"attachment-thumbnail size-thumbnail\" alt=\"\" loading=\"lazy\" aria-describedby=\"gallery-1-235160\" srcset=\"https:\/\/franciscanos.org.br\/noticias\/wp-content\/uploads\/2021\/11\/07-300x300.jpg 300w, https:\/\/franciscanos.org.br\/noticias\/wp-content\/uploads\/2021\/11\/07-100x100.jpg 100w\" sizes=\"(max-width: 300px) 100vw, 300px\" \/><\/a>\n\t\t\t<\/dt>\n\t\t\t\t<dd class='wp-caption-text gallery-caption' id='gallery-1-235160'>\n\t\t\t\tFrei Thiago\n\t\t\t\t<\/dd><\/dl><br style=\"clear: both\" \/>\n\t\t<\/div>\n\n<p>A Igreja do Sagrado, que ainda segue as normas sanit\u00e1rias para o distanciamento, teve todos os espa\u00e7os tomados para ver o sim definitivo dos professandos. Al\u00e9m dos concelebrantes, Frei Jorge Paulo Schiavini, guardi\u00e3o da Fraternidade do Sagrado, e de Frei Andr\u00e9 Luiz Henriques, conselheiro da Funda\u00e7\u00e3o Imaculada M\u00e3e de Deus, frades de toda a Prov\u00edncia se juntaram aos parentes, amigos e ao povo em geral para celebrar este momento hist\u00f3rico na vida do frade menor.<\/p>\n<p>A Celebra\u00e7\u00e3o Eucar\u00edstica ganhou mais beleza e solenidade com a volta do Coral dos Canarinhos, sob a batuta do maestro Marco Aur\u00e9lio Lischt.<\/p>\n<p>O rito da profiss\u00e3o solene come\u00e7ou depois da liturgia da Palavra. O mestre para o tempo de Teologia, Frei Marcos Ant\u00f4nio de Andrade, chamou cada um dos professandos pelo nome. Em p\u00e9, diante do Ministro Provincial, eles responderam: \u201cAqui estou!\u201d. O mestre, ent\u00e3o, fez um breve resumo da vida de cada professando. Depois, juntos, eles fizeram o pedido para serem admitidos definitivamente na Ordem dos Frades Menores, &#8220;para o louvor de Deus e servi\u00e7o da Igreja&#8221;. &#8220;Dou gra\u00e7as, Senhor, por teu grande amor&#8221;, entoou a assembleia.<\/p>\n<p><img loading=\"lazy\" class=\"alignnone wp-image-235161 size-full\" src=\"https:\/\/franciscanos.org.br\/noticias\/wp-content\/uploads\/2021\/11\/professos_1311_7.jpg\" alt=\"\" width=\"1280\" height=\"719\" srcset=\"https:\/\/franciscanos.org.br\/noticias\/wp-content\/uploads\/2021\/11\/professos_1311_7.jpg 1280w, https:\/\/franciscanos.org.br\/noticias\/wp-content\/uploads\/2021\/11\/professos_1311_7-450x253.jpg 450w, https:\/\/franciscanos.org.br\/noticias\/wp-content\/uploads\/2021\/11\/professos_1311_7-1024x575.jpg 1024w, https:\/\/franciscanos.org.br\/noticias\/wp-content\/uploads\/2021\/11\/professos_1311_7-768x431.jpg 768w, https:\/\/franciscanos.org.br\/noticias\/wp-content\/uploads\/2021\/11\/professos_1311_7-150x84.jpg 150w\" sizes=\"(max-width: 1280px) 100vw, 1280px\" \/><\/p>\n<p>Na sua reflex\u00e3o, Frei Fid\u00eancio lembrou do lema escolhido pelos professandos como &#8220;uma das mais belas recorda\u00e7\u00f5es que S\u00e3o Francisco de Assis nos transmitiu no final da vida&#8221; atrav\u00e9s do seu Testamento: \u201cE depois que o Senhor me deu irm\u00e3os ningu\u00e9m me mostrou o que deveria fazer, mas o Alt\u00edssimo mesmo me revelou que eu devia viver segundo a forma do santo Evangelho\u201d.<\/p>\n<p>Segundo o Ministro Provincial, Francisco recorda a origem da fraternidade evang\u00e9lica como um dom divino: \u201co Senhor me deu irm\u00e3os\u201d para juntos \u201cviver segundo a forma do santo Evangelho\u201d.<\/p>\n<p><img loading=\"lazy\" class=\"alignnone wp-image-235162 size-full\" src=\"https:\/\/franciscanos.org.br\/noticias\/wp-content\/uploads\/2021\/11\/professos_1311_5.jpg\" alt=\"\" width=\"1280\" height=\"853\" srcset=\"https:\/\/franciscanos.org.br\/noticias\/wp-content\/uploads\/2021\/11\/professos_1311_5.jpg 1280w, https:\/\/franciscanos.org.br\/noticias\/wp-content\/uploads\/2021\/11\/professos_1311_5-450x300.jpg 450w, https:\/\/franciscanos.org.br\/noticias\/wp-content\/uploads\/2021\/11\/professos_1311_5-1024x682.jpg 1024w, https:\/\/franciscanos.org.br\/noticias\/wp-content\/uploads\/2021\/11\/professos_1311_5-768x512.jpg 768w, https:\/\/franciscanos.org.br\/noticias\/wp-content\/uploads\/2021\/11\/professos_1311_5-150x100.jpg 150w\" sizes=\"(max-width: 1280px) 100vw, 1280px\" \/><\/p>\n<p>&#8220;Esta celebra\u00e7\u00e3o festiva da Profiss\u00e3o Solene n\u00e3o s\u00f3 recorda a origem da nossa fraternidade evang\u00e9lica, como tamb\u00e9m a atualiza no momento em que cada um dos professandos proclama: &#8216;Eu Frei (Andr\u00e9, Filipe, Honorato, Jonas, Jos\u00e9 Jo\u00e3o, Miguel, Thiago) tendo o Senhor me dado a gra\u00e7a de seguir mais de perto o Evangelho e os passos de nosso Senhor Jesus Cristo&#8230;. fa\u00e7o voto a Deus de viver por todo o tempo da minha vida&#8230; Entrego-me pois, de todo o cora\u00e7\u00e3o a esta fraternidade&#8217;\u201d, explicou.<\/p>\n<p>Frei Fid\u00eancio enfatizou a alegria da Igreja e da Ordem Franciscana por este momento. &#8220;Por isso, benignamente os acolhemos. Os acolhemos como irm\u00e3os dados pelo Senhor para, juntos e definitivamente, na riqueza da diversidade pessoal, construir os sonhos idealizados e concretizados por Francisco de Assis, e que em breve renovaremos na celebra\u00e7\u00e3o do nosso Cap\u00edtulo Provincial: &#8216;Juntos que se constroem os sonhos &#8211; Fraternidade contemplativa em Miss\u00e3o&#8217;\u201d, recordou.<\/p>\n\n\t\t<style type=\"text\/css\">\n\t\t\t#gallery-2 {\n\t\t\t\tmargin: auto;\n\t\t\t}\n\t\t\t#gallery-2 .gallery-item {\n\t\t\t\tfloat: left;\n\t\t\t\tmargin-top: 10px;\n\t\t\t\ttext-align: center;\n\t\t\t\twidth: 25%;\n\t\t\t}\n\t\t\t#gallery-2 img {\n\t\t\t\tborder: 2px solid #cfcfcf;\n\t\t\t}\n\t\t\t#gallery-2 .gallery-caption {\n\t\t\t\tmargin-left: 0;\n\t\t\t}\n\t\t\t\/* see gallery_shortcode() in wp-includes\/media.php *\/\n\t\t<\/style>\n\t\t<div id='gallery-2' class='gallery galleryid-235151 gallery-columns-4 gallery-size-thumbnail'><dl class='gallery-item'>\n\t\t\t<dt class='gallery-icon landscape'>\n\t\t\t\t<a href='https:\/\/franciscanos.org.br\/noticias\/wp-content\/uploads\/2021\/11\/professos_1311.jpg'><img width=\"300\" height=\"300\" src=\"https:\/\/franciscanos.org.br\/noticias\/wp-content\/uploads\/2021\/11\/professos_1311-300x300.jpg\" class=\"attachment-thumbnail size-thumbnail\" alt=\"\" loading=\"lazy\" srcset=\"https:\/\/franciscanos.org.br\/noticias\/wp-content\/uploads\/2021\/11\/professos_1311-300x300.jpg 300w, https:\/\/franciscanos.org.br\/noticias\/wp-content\/uploads\/2021\/11\/professos_1311-100x100.jpg 100w\" sizes=\"(max-width: 300px) 100vw, 300px\" \/><\/a>\n\t\t\t<\/dt><\/dl><dl class='gallery-item'>\n\t\t\t<dt class='gallery-icon landscape'>\n\t\t\t\t<a href='https:\/\/franciscanos.org.br\/noticias\/wp-content\/uploads\/2021\/11\/professos_1311_1.jpg'><img width=\"300\" height=\"300\" src=\"https:\/\/franciscanos.org.br\/noticias\/wp-content\/uploads\/2021\/11\/professos_1311_1-300x300.jpg\" class=\"attachment-thumbnail size-thumbnail\" alt=\"\" loading=\"lazy\" srcset=\"https:\/\/franciscanos.org.br\/noticias\/wp-content\/uploads\/2021\/11\/professos_1311_1-300x300.jpg 300w, https:\/\/franciscanos.org.br\/noticias\/wp-content\/uploads\/2021\/11\/professos_1311_1-100x100.jpg 100w\" sizes=\"(max-width: 300px) 100vw, 300px\" \/><\/a>\n\t\t\t<\/dt><\/dl><dl class='gallery-item'>\n\t\t\t<dt class='gallery-icon landscape'>\n\t\t\t\t<a href='https:\/\/franciscanos.org.br\/noticias\/wp-content\/uploads\/2021\/11\/professos_1311_2.jpg'><img width=\"300\" height=\"300\" src=\"https:\/\/franciscanos.org.br\/noticias\/wp-content\/uploads\/2021\/11\/professos_1311_2-300x300.jpg\" class=\"attachment-thumbnail size-thumbnail\" alt=\"\" loading=\"lazy\" srcset=\"https:\/\/franciscanos.org.br\/noticias\/wp-content\/uploads\/2021\/11\/professos_1311_2-300x300.jpg 300w, https:\/\/franciscanos.org.br\/noticias\/wp-content\/uploads\/2021\/11\/professos_1311_2-100x100.jpg 100w\" sizes=\"(max-width: 300px) 100vw, 300px\" \/><\/a>\n\t\t\t<\/dt><\/dl><dl class='gallery-item'>\n\t\t\t<dt class='gallery-icon landscape'>\n\t\t\t\t<a href='https:\/\/franciscanos.org.br\/noticias\/wp-content\/uploads\/2021\/11\/professos_1311_3.jpg'><img width=\"300\" height=\"300\" src=\"https:\/\/franciscanos.org.br\/noticias\/wp-content\/uploads\/2021\/11\/professos_1311_3-300x300.jpg\" class=\"attachment-thumbnail size-thumbnail\" alt=\"\" loading=\"lazy\" srcset=\"https:\/\/franciscanos.org.br\/noticias\/wp-content\/uploads\/2021\/11\/professos_1311_3-300x300.jpg 300w, https:\/\/franciscanos.org.br\/noticias\/wp-content\/uploads\/2021\/11\/professos_1311_3-100x100.jpg 100w\" sizes=\"(max-width: 300px) 100vw, 300px\" \/><\/a>\n\t\t\t<\/dt><\/dl><br style=\"clear: both\" \/>\n\t\t<\/div>\n\n<p>Frei Fid\u00eancio lembrou que a f\u00f3rmula da profiss\u00e3o termina dizendo: \u201cQue eu possa tender constantemente para a perfeita caridade, no servi\u00e7o a Deus, \u00e0 Igreja e aos homens\u201d. O Ministro Provincial perguntou, ent\u00e3o, como se d\u00e1 este servi\u00e7o? A resposta tirou de cada leitura da liturgia deste domingo.<\/p>\n<p>A primeira orienta\u00e7\u00e3o \u00e9 da leitura do profeta Daniel: &#8220;Ser por voca\u00e7\u00e3o crist\u00e3\/franciscana mensageiros de esperan\u00e7a no mundo de hoje. Brilhar como homens virtuosos que resgatam a vida no &#8216;p\u00f3 da terra&#8217;. Para isso fomos chamados, nos recorda S\u00e3o Francisco na Carta a Toda Ordem, &#8216;para irmos pelo mundo universo e darmos testemunho de suas palavras e obras&#8217;\u201d.<\/p>\n<p><img loading=\"lazy\" class=\"alignnone wp-image-235167 size-full\" src=\"https:\/\/franciscanos.org.br\/noticias\/wp-content\/uploads\/2021\/11\/professos_1311_9.jpg\" alt=\"\" width=\"1280\" height=\"853\" srcset=\"https:\/\/franciscanos.org.br\/noticias\/wp-content\/uploads\/2021\/11\/professos_1311_9.jpg 1280w, https:\/\/franciscanos.org.br\/noticias\/wp-content\/uploads\/2021\/11\/professos_1311_9-450x300.jpg 450w, https:\/\/franciscanos.org.br\/noticias\/wp-content\/uploads\/2021\/11\/professos_1311_9-1024x682.jpg 1024w, https:\/\/franciscanos.org.br\/noticias\/wp-content\/uploads\/2021\/11\/professos_1311_9-768x512.jpg 768w, https:\/\/franciscanos.org.br\/noticias\/wp-content\/uploads\/2021\/11\/professos_1311_9-150x100.jpg 150w\" sizes=\"(max-width: 1280px) 100vw, 1280px\" \/><\/p>\n<p><img loading=\"lazy\" class=\"alignnone wp-image-235168 size-full\" src=\"https:\/\/franciscanos.org.br\/noticias\/wp-content\/uploads\/2021\/11\/professos_1311_8.jpg\" alt=\"\" width=\"1280\" height=\"853\" srcset=\"https:\/\/franciscanos.org.br\/noticias\/wp-content\/uploads\/2021\/11\/professos_1311_8.jpg 1280w, https:\/\/franciscanos.org.br\/noticias\/wp-content\/uploads\/2021\/11\/professos_1311_8-450x300.jpg 450w, https:\/\/franciscanos.org.br\/noticias\/wp-content\/uploads\/2021\/11\/professos_1311_8-1024x682.jpg 1024w, https:\/\/franciscanos.org.br\/noticias\/wp-content\/uploads\/2021\/11\/professos_1311_8-768x512.jpg 768w, https:\/\/franciscanos.org.br\/noticias\/wp-content\/uploads\/2021\/11\/professos_1311_8-150x100.jpg 150w\" sizes=\"(max-width: 1280px) 100vw, 1280px\" \/><\/p>\n<p>Frei Fid\u00eancio ilustrou com a mensagem que o Papa Francisco enviou aos frades reunidos no Cap\u00edtulo Geral em julho passado: \u201cNa raiz da espiritualidade Franciscana est\u00e1 este encontro com os \u00faltimos, os sofredores, no sinal do &#8216;fazer miseric\u00f3rdia&#8230;&#8217;.\u00a0 \u00c9 a miss\u00e3o de voc\u00eas, queridos professandos, serem profetas da esperan\u00e7a&#8221;, exortou.<\/p>\n<p>A segunda orienta\u00e7\u00e3o tirou da Carta aos Hebreus: Ser por voca\u00e7\u00e3o franciscana uma oferenda de santidade e da gra\u00e7a de Deus. &#8220;N\u00e3o mais nos pertencemos a n\u00f3s, mas a Deus: &#8216;Entrego-me de todo o cora\u00e7\u00e3o&#8217;. E somos verdadeiramente oferenda de santidade quando damos credibilidade \u00e0 nossa identidade franciscana. Disse-nos o Papa Francisco: &#8216;Desta experi\u00eancia concreta de encontro com o pr\u00f3ximo e com suas feridas, pode nascer uma energia renovada para olhar para o futuro como irm\u00e3os e menores, como v\u00f3s sois, segundo o belo nome de &#8216;frades menores&#8217;, que s\u00e3o Francisco escolheu para si e para v\u00f3s\u201d, ressaltou Frei Fid\u00eancio.<\/p>\n<p><img loading=\"lazy\" class=\"alignnone wp-image-235169 size-full\" src=\"https:\/\/franciscanos.org.br\/noticias\/wp-content\/uploads\/2021\/11\/professos_1311_15.jpg\" alt=\"\" width=\"1280\" height=\"853\" srcset=\"https:\/\/franciscanos.org.br\/noticias\/wp-content\/uploads\/2021\/11\/professos_1311_15.jpg 1280w, https:\/\/franciscanos.org.br\/noticias\/wp-content\/uploads\/2021\/11\/professos_1311_15-450x300.jpg 450w, https:\/\/franciscanos.org.br\/noticias\/wp-content\/uploads\/2021\/11\/professos_1311_15-1024x682.jpg 1024w, https:\/\/franciscanos.org.br\/noticias\/wp-content\/uploads\/2021\/11\/professos_1311_15-768x512.jpg 768w, https:\/\/franciscanos.org.br\/noticias\/wp-content\/uploads\/2021\/11\/professos_1311_15-150x100.jpg 150w\" sizes=\"(max-width: 1280px) 100vw, 1280px\" \/><\/p>\n<p>A terceira orienta\u00e7\u00e3o tirou do evangelista S\u00e3o Marcos, que, segundo o Ministro Provincial, recorda &#8220;sermos por voca\u00e7\u00e3o franciscana peregrinos de Deus, atento aos sinais dos tempos, da mesma forma como Jesus pediu aos disc\u00edpulos a vigil\u00e2ncia e a aten\u00e7\u00e3o aos sinais que anunciam a nova realidade do Reino de Deus&#8221;, disse, recordando que a peregrina\u00e7\u00e3o de Francisco tinha dois objetivos certos: sabia dividir diligentemente o seu tempo no \u201csubir at\u00e9 Deus e no descer at\u00e9 os homens\u201d(LM).<\/p>\n<p>Aproximando do final de sua reflex\u00e3o, indicou aos professandos, como peregrinos e atentos aos sinais dos tempos, as interpela\u00e7\u00f5es do Papa Francisco:<\/p>\n<p>&#8211; Como peregrinos, devemos ir ao encontro dos homens e das mulheres que sofrem na alma e no corpo para oferecer vossa presen\u00e7a humilde e fraterna&#8230;<\/p>\n<p>&#8211; Como peregrinos, devemos ir rumo a uma cria\u00e7\u00e3o ferida, a nossa casa comum, que sofre por causa de uma explora\u00e7\u00e3o distorcida dos bens da terra&#8230;.<\/p>\n<p>&#8211; Como peregrinos, devemos ir, como homens do di\u00e1logo, construindo pontes em vez de muros, oferecendo o dom da fraternidade e da amizade,<\/p>\n<p>&#8211; Como peregrinos, devemos ir como homens de paz e reconcilia\u00e7\u00e3o, convidando aqueles que semeiam o \u00f3dio \u00e0 convers\u00e3o do cora\u00e7\u00e3o.<\/p>\n\n\t\t<style type=\"text\/css\">\n\t\t\t#gallery-3 {\n\t\t\t\tmargin: auto;\n\t\t\t}\n\t\t\t#gallery-3 .gallery-item {\n\t\t\t\tfloat: left;\n\t\t\t\tmargin-top: 10px;\n\t\t\t\ttext-align: center;\n\t\t\t\twidth: 25%;\n\t\t\t}\n\t\t\t#gallery-3 img {\n\t\t\t\tborder: 2px solid #cfcfcf;\n\t\t\t}\n\t\t\t#gallery-3 .gallery-caption {\n\t\t\t\tmargin-left: 0;\n\t\t\t}\n\t\t\t\/* see gallery_shortcode() in wp-includes\/media.php *\/\n\t\t<\/style>\n\t\t<div id='gallery-3' class='gallery galleryid-235151 gallery-columns-4 gallery-size-thumbnail'><dl class='gallery-item'>\n\t\t\t<dt class='gallery-icon landscape'>\n\t\t\t\t<a href='https:\/\/franciscanos.org.br\/noticias\/wp-content\/uploads\/2021\/11\/professos_1311_10.jpg'><img width=\"300\" height=\"300\" src=\"https:\/\/franciscanos.org.br\/noticias\/wp-content\/uploads\/2021\/11\/professos_1311_10-300x300.jpg\" class=\"attachment-thumbnail size-thumbnail\" alt=\"\" loading=\"lazy\" srcset=\"https:\/\/franciscanos.org.br\/noticias\/wp-content\/uploads\/2021\/11\/professos_1311_10-300x300.jpg 300w, https:\/\/franciscanos.org.br\/noticias\/wp-content\/uploads\/2021\/11\/professos_1311_10-100x100.jpg 100w\" sizes=\"(max-width: 300px) 100vw, 300px\" \/><\/a>\n\t\t\t<\/dt><\/dl><dl class='gallery-item'>\n\t\t\t<dt class='gallery-icon landscape'>\n\t\t\t\t<a href='https:\/\/franciscanos.org.br\/noticias\/wp-content\/uploads\/2021\/11\/professos_1311_11.jpg'><img width=\"300\" height=\"300\" src=\"https:\/\/franciscanos.org.br\/noticias\/wp-content\/uploads\/2021\/11\/professos_1311_11-300x300.jpg\" class=\"attachment-thumbnail size-thumbnail\" alt=\"\" loading=\"lazy\" srcset=\"https:\/\/franciscanos.org.br\/noticias\/wp-content\/uploads\/2021\/11\/professos_1311_11-300x300.jpg 300w, https:\/\/franciscanos.org.br\/noticias\/wp-content\/uploads\/2021\/11\/professos_1311_11-100x100.jpg 100w\" sizes=\"(max-width: 300px) 100vw, 300px\" \/><\/a>\n\t\t\t<\/dt><\/dl><dl class='gallery-item'>\n\t\t\t<dt class='gallery-icon landscape'>\n\t\t\t\t<a href='https:\/\/franciscanos.org.br\/noticias\/wp-content\/uploads\/2021\/11\/professos_1311_12.jpg'><img width=\"300\" height=\"300\" src=\"https:\/\/franciscanos.org.br\/noticias\/wp-content\/uploads\/2021\/11\/professos_1311_12-300x300.jpg\" class=\"attachment-thumbnail size-thumbnail\" alt=\"\" loading=\"lazy\" srcset=\"https:\/\/franciscanos.org.br\/noticias\/wp-content\/uploads\/2021\/11\/professos_1311_12-300x300.jpg 300w, https:\/\/franciscanos.org.br\/noticias\/wp-content\/uploads\/2021\/11\/professos_1311_12-100x100.jpg 100w\" sizes=\"(max-width: 300px) 100vw, 300px\" \/><\/a>\n\t\t\t<\/dt><\/dl><dl class='gallery-item'>\n\t\t\t<dt class='gallery-icon landscape'>\n\t\t\t\t<a href='https:\/\/franciscanos.org.br\/noticias\/wp-content\/uploads\/2021\/11\/professos_1311_13.jpg'><img width=\"300\" height=\"300\" src=\"https:\/\/franciscanos.org.br\/noticias\/wp-content\/uploads\/2021\/11\/professos_1311_13-300x300.jpg\" class=\"attachment-thumbnail size-thumbnail\" alt=\"\" loading=\"lazy\" srcset=\"https:\/\/franciscanos.org.br\/noticias\/wp-content\/uploads\/2021\/11\/professos_1311_13-300x300.jpg 300w, https:\/\/franciscanos.org.br\/noticias\/wp-content\/uploads\/2021\/11\/professos_1311_13-100x100.jpg 100w\" sizes=\"(max-width: 300px) 100vw, 300px\" \/><\/a>\n\t\t\t<\/dt><\/dl><br style=\"clear: both\" \/>\n\t\t<\/div>\n\n<p>Frei Fid\u00eancio concluiu sua homilia deixando um belo alento a esses jovens frades: &#8220;Nunca se esque\u00e7am que voc\u00eas fizeram esta profiss\u00e3o na v\u00e9spera do Dia Mundial dos Pobres. Ontem, em Assis, o Papa nos recordava: &#8216;\u00c9 hora de a palavra ser devolvida aos pobres, porque por muito tempo seus pedidos n\u00e3o foram ouvidos&#8217;\u201d.<\/p>\n<p>Em seguida \u00e0 homilia, parentes e amigos se aproximaram da pia batismal, onde est\u00e1 o C\u00edrio Pascal, acenderam uma vela e entregaram aos professandos para recordar a voca\u00e7\u00e3o batismal que neles est\u00e1 se desabrochando como voca\u00e7\u00e3o religiosa franciscana. Atrav\u00e9s de um interrogat\u00f3rio, Frei Fid\u00eancio perguntou aos professandos pelas motiva\u00e7\u00f5es que eles trouxeram ao pedir a admiss\u00e3o definitiva na Ordem dos Frades Menores.<\/p>\n<p>Na sequ\u00eancia, o comentarista Frei Edrian Josu\u00e9 Pasini convidou a todos para fazer a s\u00faplica comunit\u00e1ria, pedindo a intercess\u00e3o da Igreja celeste, atrav\u00e9s da Ladainha de todos os Santos. Num gesto de entrega e despojamento, os professandos se prostram ao ch\u00e3o e a assembleia acompanhou em p\u00e9 este momento de f\u00e9.<\/p>\n<p><img loading=\"lazy\" class=\"alignnone wp-image-235175 size-full\" src=\"https:\/\/franciscanos.org.br\/noticias\/wp-content\/uploads\/2021\/11\/professos_1311_16.jpg\" alt=\"\" width=\"1280\" height=\"853\" srcset=\"https:\/\/franciscanos.org.br\/noticias\/wp-content\/uploads\/2021\/11\/professos_1311_16.jpg 1280w, https:\/\/franciscanos.org.br\/noticias\/wp-content\/uploads\/2021\/11\/professos_1311_16-450x300.jpg 450w, https:\/\/franciscanos.org.br\/noticias\/wp-content\/uploads\/2021\/11\/professos_1311_16-1024x682.jpg 1024w, https:\/\/franciscanos.org.br\/noticias\/wp-content\/uploads\/2021\/11\/professos_1311_16-768x512.jpg 768w, https:\/\/franciscanos.org.br\/noticias\/wp-content\/uploads\/2021\/11\/professos_1311_16-150x100.jpg 150w\" sizes=\"(max-width: 1280px) 100vw, 1280px\" \/><\/p>\n<p>Terminada a Ladainha, cada um dos professandos ficou de joelhos diante do Ministro Provincial, colocou as suas m\u00e3os nas m\u00e3os do Ministro, num gesto de entrega, de obedi\u00eancia, e leu a f\u00f3rmula de profiss\u00e3o definitiva na Ordem dos Frades Menores.<\/p>\n<p>Continuando, de joelhos, os frades receberam a b\u00ean\u00e7\u00e3o do Ministro Provincial. O rito terminou com os abra\u00e7os dos celebrantes aos neoprofessos. Frei Fid\u00eancio, ent\u00e3o, pediu a eles que se voltassem para a assembleia para receber uma salva de palmas. O povo p\u00f4de abra\u00e7\u00e1-los no final da celebra\u00e7\u00e3o.<\/p>\n<p>A liturgia continuou solenemente at\u00e9 o final da comunh\u00e3o. Frei Jonas fez os agradecimentos em nome do grupo ao Ministro Provincial, \u00e0 Fraternidade, aos formandos, aos confrades e aos familiares. &#8220;Gratid\u00e3o \u00e9 a palavra de hoje&#8221;, enfatizou, citando o Coral dos Canarinhos e a presen\u00e7a fraterna de cada um dos paroquianos do Sagrado.<\/p>\n<p><img loading=\"lazy\" class=\"alignnone wp-image-235174 size-full\" src=\"https:\/\/franciscanos.org.br\/noticias\/wp-content\/uploads\/2021\/11\/professos_1311_14.jpg\" alt=\"\" width=\"1280\" height=\"853\" srcset=\"https:\/\/franciscanos.org.br\/noticias\/wp-content\/uploads\/2021\/11\/professos_1311_14.jpg 1280w, https:\/\/franciscanos.org.br\/noticias\/wp-content\/uploads\/2021\/11\/professos_1311_14-450x300.jpg 450w, https:\/\/franciscanos.org.br\/noticias\/wp-content\/uploads\/2021\/11\/professos_1311_14-1024x682.jpg 1024w, https:\/\/franciscanos.org.br\/noticias\/wp-content\/uploads\/2021\/11\/professos_1311_14-768x512.jpg 768w, https:\/\/franciscanos.org.br\/noticias\/wp-content\/uploads\/2021\/11\/professos_1311_14-150x100.jpg 150w\" sizes=\"(max-width: 1280px) 100vw, 1280px\" \/><\/p>\n<p>Frei Fid\u00eancio convidou Frei Andr\u00e9, conselheiro da Funda\u00e7\u00e3o Imaculada M\u00e3e de Deus, para falar em nome do presidente Frei Ant\u00f3nio Baza, que n\u00e3o p\u00f4de chegar a tempo para a celebra\u00e7\u00e3o. Frei Jorge disse que o sim desses jovens frades revigora a voca\u00e7\u00e3o de todos.<\/p>\n<p>No final, o Ministro Provincial agradeceu a Frei Andr\u00e9 e ao Coral dos Canarinhos: &#8220;Sagrado sem os Canarinhos n\u00e3o \u00e9 Sagrado&#8221;, disse, dando em seguida a b\u00ean\u00e7\u00e3o final.<\/p>\n<hr \/>\n<p><em>Frei Augusto Luiz Gabriel e Moacir Beggo<\/em><\/p>\n","protected":false},"excerpt":{"rendered":"<p>Profiss\u00e3o Solene em Petr\u00f3polis<\/p>\n","protected":false},"author":3,"featured_media":235152,"comment_status":"open","ping_status":"open","sticky":false,"template":"","format":"standard","meta":[],"categories":[1],"tags":[418],"acf":[],"yoast_head":"<!-- This site is optimized with the Yoast SEO plugin v19.2 - https:\/\/yoast.com\/wordpress\/plugins\/seo\/ -->\n<title>Frei Fid\u00eancio aos professos: &quot;Existe uma fraternidade que, de cora\u00e7\u00e3o aberto, os acolhe&quot; - Not\u00edcias - Franciscanos<\/title>\n<meta name=\"robots\" content=\"index, follow, max-snippet:-1, max-image-preview:large, max-video-preview:-1\" \/>\n<link rel=\"canonical\" href=\"https:\/\/franciscanos.org.br\/noticias\/frei-fidencio-aos-professos-existe-uma-fraternidade-que-de-coracao-aberto-os-acolhe.html\" \/>\n<meta property=\"og:locale\" content=\"pt_BR\" \/>\n<meta property=\"og:type\" content=\"article\" \/>\n<meta property=\"og:title\" content=\"Frei Fid\u00eancio aos professos: &quot;Existe uma fraternidade que, de cora\u00e7\u00e3o aberto, os acolhe&quot; - Not\u00edcias - Franciscanos\" \/>\n<meta property=\"og:description\" content=\"Profiss\u00e3o Solene em Petr\u00f3polis\" \/>\n<meta property=\"og:url\" content=\"https:\/\/franciscanos.org.br\/noticias\/frei-fidencio-aos-professos-existe-uma-fraternidade-que-de-coracao-aberto-os-acolhe.html\" \/>\n<meta property=\"og:site_name\" content=\"Not\u00edcias - Franciscanos\" \/>\n<meta property=\"article:published_time\" content=\"2021-11-14T00:49:26+00:00\" \/>\n<meta property=\"article:modified_time\" content=\"2021-11-14T00:57:58+00:00\" \/>\n<meta property=\"og:image\" content=\"https:\/\/franciscanos.org.br\/noticias\/wp-content\/uploads\/2021\/11\/professos_1311_d.jpg\" \/>\n\t<meta property=\"og:image:width\" content=\"800\" \/>\n\t<meta property=\"og:image:height\" content=\"533\" \/>\n\t<meta property=\"og:image:type\" content=\"image\/jpeg\" \/>\n<meta name=\"author\" content=\"moacir\" \/>\n<meta name=\"twitter:card\" content=\"summary_large_image\" \/>\n<meta name=\"twitter:label1\" content=\"Escrito por\" \/>\n\t<meta name=\"twitter:data1\" content=\"moacir\" \/>\n\t<meta name=\"twitter:label2\" content=\"Est. tempo de leitura\" \/>\n\t<meta name=\"twitter:data2\" content=\"8 minutos\" \/>\n<script type=\"application\/ld+json\" class=\"yoast-schema-graph\">{\"@context\":\"https:\/\/schema.org\",\"@graph\":[{\"@type\":\"WebSite\",\"@id\":\"https:\/\/franciscanos.org.br\/noticias\/#website\",\"url\":\"https:\/\/franciscanos.org.br\/noticias\/\",\"name\":\"Not\u00edcias - Franciscanos\",\"description\":\"Prov\u00edncia Franciscana da Imaculada Concei\u00e7\u00e3o do Brasil - Ordem dos Frades Menores - OFM\",\"potentialAction\":[{\"@type\":\"SearchAction\",\"target\":{\"@type\":\"EntryPoint\",\"urlTemplate\":\"https:\/\/franciscanos.org.br\/noticias\/?s={search_term_string}\"},\"query-input\":\"required name=search_term_string\"}],\"inLanguage\":\"pt-BR\"},{\"@type\":\"ImageObject\",\"inLanguage\":\"pt-BR\",\"@id\":\"https:\/\/franciscanos.org.br\/noticias\/frei-fidencio-aos-professos-existe-uma-fraternidade-que-de-coracao-aberto-os-acolhe.html#primaryimage\",\"url\":\"https:\/\/franciscanos.org.br\/noticias\/wp-content\/uploads\/2021\/11\/professos_1311_d.jpg\",\"contentUrl\":\"https:\/\/franciscanos.org.br\/noticias\/wp-content\/uploads\/2021\/11\/professos_1311_d.jpg\",\"width\":800,\"height\":533},{\"@type\":\"WebPage\",\"@id\":\"https:\/\/franciscanos.org.br\/noticias\/frei-fidencio-aos-professos-existe-uma-fraternidade-que-de-coracao-aberto-os-acolhe.html#webpage\",\"url\":\"https:\/\/franciscanos.org.br\/noticias\/frei-fidencio-aos-professos-existe-uma-fraternidade-que-de-coracao-aberto-os-acolhe.html\",\"name\":\"Frei Fid\u00eancio aos professos: \\\"Existe uma fraternidade que, de cora\u00e7\u00e3o aberto, os acolhe\\\" - Not\u00edcias - Franciscanos\",\"isPartOf\":{\"@id\":\"https:\/\/franciscanos.org.br\/noticias\/#website\"},\"primaryImageOfPage\":{\"@id\":\"https:\/\/franciscanos.org.br\/noticias\/frei-fidencio-aos-professos-existe-uma-fraternidade-que-de-coracao-aberto-os-acolhe.html#primaryimage\"},\"datePublished\":\"2021-11-14T00:49:26+00:00\",\"dateModified\":\"2021-11-14T00:57:58+00:00\",\"author\":{\"@id\":\"https:\/\/franciscanos.org.br\/noticias\/#\/schema\/person\/b5c8cba458c330ccff548b056e95a5d4\"},\"breadcrumb\":{\"@id\":\"https:\/\/franciscanos.org.br\/noticias\/frei-fidencio-aos-professos-existe-uma-fraternidade-que-de-coracao-aberto-os-acolhe.html#breadcrumb\"},\"inLanguage\":\"pt-BR\",\"potentialAction\":[{\"@type\":\"ReadAction\",\"target\":[\"https:\/\/franciscanos.org.br\/noticias\/frei-fidencio-aos-professos-existe-uma-fraternidade-que-de-coracao-aberto-os-acolhe.html\"]}]},{\"@type\":\"BreadcrumbList\",\"@id\":\"https:\/\/franciscanos.org.br\/noticias\/frei-fidencio-aos-professos-existe-uma-fraternidade-que-de-coracao-aberto-os-acolhe.html#breadcrumb\",\"itemListElement\":[{\"@type\":\"ListItem\",\"position\":1,\"name\":\"Home\",\"item\":\"https:\/\/franciscanos.org.br\/noticias\"},{\"@type\":\"ListItem\",\"position\":2,\"name\":\"Frei Fid\u00eancio aos professos: &#8220;Existe uma fraternidade que, de cora\u00e7\u00e3o aberto, os acolhe&#8221;\"}]},{\"@type\":\"Person\",\"@id\":\"https:\/\/franciscanos.org.br\/noticias\/#\/schema\/person\/b5c8cba458c330ccff548b056e95a5d4\",\"name\":\"moacir\",\"image\":{\"@type\":\"ImageObject\",\"inLanguage\":\"pt-BR\",\"@id\":\"https:\/\/franciscanos.org.br\/noticias\/#\/schema\/person\/image\/\",\"url\":\"https:\/\/secure.gravatar.com\/avatar\/d08aa2ce4c8dd416d4479aa8536fcf64?s=96&d=mm&r=g\",\"contentUrl\":\"https:\/\/secure.gravatar.com\/avatar\/d08aa2ce4c8dd416d4479aa8536fcf64?s=96&d=mm&r=g\",\"caption\":\"moacir\"},\"url\":\"https:\/\/franciscanos.org.br\/noticias\/author\/moacir\"}]}<\/script>\n<!-- \/ Yoast SEO plugin. -->","yoast_head_json":{"title":"Frei Fid\u00eancio aos professos: \"Existe uma fraternidade que, de cora\u00e7\u00e3o aberto, os acolhe\" - Not\u00edcias - Franciscanos","robots":{"index":"index","follow":"follow","max-snippet":"max-snippet:-1","max-image-preview":"max-image-preview:large","max-video-preview":"max-video-preview:-1"},"canonical":"https:\/\/franciscanos.org.br\/noticias\/frei-fidencio-aos-professos-existe-uma-fraternidade-que-de-coracao-aberto-os-acolhe.html","og_locale":"pt_BR","og_type":"article","og_title":"Frei Fid\u00eancio aos professos: \"Existe uma fraternidade que, de cora\u00e7\u00e3o aberto, os acolhe\" - Not\u00edcias - Franciscanos","og_description":"Profiss\u00e3o Solene em Petr\u00f3polis","og_url":"https:\/\/franciscanos.org.br\/noticias\/frei-fidencio-aos-professos-existe-uma-fraternidade-que-de-coracao-aberto-os-acolhe.html","og_site_name":"Not\u00edcias - Franciscanos","article_published_time":"2021-11-14T00:49:26+00:00","article_modified_time":"2021-11-14T00:57:58+00:00","og_image":[{"width":800,"height":533,"url":"https:\/\/franciscanos.org.br\/noticias\/wp-content\/uploads\/2021\/11\/professos_1311_d.jpg","type":"image\/jpeg"}],"author":"moacir","twitter_card":"summary_large_image","twitter_misc":{"Escrito por":"moacir","Est. tempo de leitura":"8 minutos"},"schema":{"@context":"https:\/\/schema.org","@graph":[{"@type":"WebSite","@id":"https:\/\/franciscanos.org.br\/noticias\/#website","url":"https:\/\/franciscanos.org.br\/noticias\/","name":"Not\u00edcias - Franciscanos","description":"Prov\u00edncia Franciscana da Imaculada Concei\u00e7\u00e3o do Brasil - Ordem dos Frades Menores - OFM","potentialAction":[{"@type":"SearchAction","target":{"@type":"EntryPoint","urlTemplate":"https:\/\/franciscanos.org.br\/noticias\/?s={search_term_string}"},"query-input":"required name=search_term_string"}],"inLanguage":"pt-BR"},{"@type":"ImageObject","inLanguage":"pt-BR","@id":"https:\/\/franciscanos.org.br\/noticias\/frei-fidencio-aos-professos-existe-uma-fraternidade-que-de-coracao-aberto-os-acolhe.html#primaryimage","url":"https:\/\/franciscanos.org.br\/noticias\/wp-content\/uploads\/2021\/11\/professos_1311_d.jpg","contentUrl":"https:\/\/franciscanos.org.br\/noticias\/wp-content\/uploads\/2021\/11\/professos_1311_d.jpg","width":800,"height":533},{"@type":"WebPage","@id":"https:\/\/franciscanos.org.br\/noticias\/frei-fidencio-aos-professos-existe-uma-fraternidade-que-de-coracao-aberto-os-acolhe.html#webpage","url":"https:\/\/franciscanos.org.br\/noticias\/frei-fidencio-aos-professos-existe-uma-fraternidade-que-de-coracao-aberto-os-acolhe.html","name":"Frei Fid\u00eancio aos professos: \"Existe uma fraternidade que, de cora\u00e7\u00e3o aberto, os acolhe\" - Not\u00edcias - Franciscanos","isPartOf":{"@id":"https:\/\/franciscanos.org.br\/noticias\/#website"},"primaryImageOfPage":{"@id":"https:\/\/franciscanos.org.br\/noticias\/frei-fidencio-aos-professos-existe-uma-fraternidade-que-de-coracao-aberto-os-acolhe.html#primaryimage"},"datePublished":"2021-11-14T00:49:26+00:00","dateModified":"2021-11-14T00:57:58+00:00","author":{"@id":"https:\/\/franciscanos.org.br\/noticias\/#\/schema\/person\/b5c8cba458c330ccff548b056e95a5d4"},"breadcrumb":{"@id":"https:\/\/franciscanos.org.br\/noticias\/frei-fidencio-aos-professos-existe-uma-fraternidade-que-de-coracao-aberto-os-acolhe.html#breadcrumb"},"inLanguage":"pt-BR","potentialAction":[{"@type":"ReadAction","target":["https:\/\/franciscanos.org.br\/noticias\/frei-fidencio-aos-professos-existe-uma-fraternidade-que-de-coracao-aberto-os-acolhe.html"]}]},{"@type":"BreadcrumbList","@id":"https:\/\/franciscanos.org.br\/noticias\/frei-fidencio-aos-professos-existe-uma-fraternidade-que-de-coracao-aberto-os-acolhe.html#breadcrumb","itemListElement":[{"@type":"ListItem","position":1,"name":"Home","item":"https:\/\/franciscanos.org.br\/noticias"},{"@type":"ListItem","position":2,"name":"Frei Fid\u00eancio aos professos: &#8220;Existe uma fraternidade que, de cora\u00e7\u00e3o aberto, os acolhe&#8221;"}]},{"@type":"Person","@id":"https:\/\/franciscanos.org.br\/noticias\/#\/schema\/person\/b5c8cba458c330ccff548b056e95a5d4","name":"moacir","image":{"@type":"ImageObject","inLanguage":"pt-BR","@id":"https:\/\/franciscanos.org.br\/noticias\/#\/schema\/person\/image\/","url":"https:\/\/secure.gravatar.com\/avatar\/d08aa2ce4c8dd416d4479aa8536fcf64?s=96&d=mm&r=g","contentUrl":"https:\/\/secure.gravatar.com\/avatar\/d08aa2ce4c8dd416d4479aa8536fcf64?s=96&d=mm&r=g","caption":"moacir"},"url":"https:\/\/franciscanos.org.br\/noticias\/author\/moacir"}]}},"_links":{"self":[{"href":"https:\/\/franciscanos.org.br\/noticias\/wp-json\/wp\/v2\/posts\/235151"}],"collection":[{"href":"https:\/\/franciscanos.org.br\/noticias\/wp-json\/wp\/v2\/posts"}],"about":[{"href":"https:\/\/franciscanos.org.br\/noticias\/wp-json\/wp\/v2\/types\/post"}],"author":[{"embeddable":true,"href":"https:\/\/franciscanos.org.br\/noticias\/wp-json\/wp\/v2\/users\/3"}],"replies":[{"embeddable":true,"href":"https:\/\/franciscanos.org.br\/noticias\/wp-json\/wp\/v2\/comments?post=235151"}],"version-history":[{"count":2,"href":"https:\/\/franciscanos.org.br\/noticias\/wp-json\/wp\/v2\/posts\/235151\/revisions"}],"predecessor-version":[{"id":235177,"href":"https:\/\/franciscanos.org.br\/noticias\/wp-json\/wp\/v2\/posts\/235151\/revisions\/235177"}],"wp:featuredmedia":[{"embeddable":true,"href":"https:\/\/franciscanos.org.br\/noticias\/wp-json\/wp\/v2\/media\/235152"}],"wp:attachment":[{"href":"https:\/\/franciscanos.org.br\/noticias\/wp-json\/wp\/v2\/media?parent=235151"}],"wp:term":[{"taxonomy":"category","embeddable":true,"href":"https:\/\/franciscanos.org.br\/noticias\/wp-json\/wp\/v2\/categories?post=235151"},{"taxonomy":"post_tag","embeddable":true,"href":"https:\/\/franciscanos.org.br\/noticias\/wp-json\/wp\/v2\/tags?post=235151"}],"curies":[{"name":"wp","href":"https:\/\/api.w.org\/{rel}","templated":true}]}}