{"id":235145,"date":"2021-11-13T15:10:02","date_gmt":"2021-11-13T18:10:02","guid":{"rendered":"https:\/\/franciscanos.org.br\/noticias\/?p=235145"},"modified":"2021-11-13T15:10:16","modified_gmt":"2021-11-13T18:10:16","slug":"papa-as-clarissas-carreguem-as-dores-e-os-pecados-da-igreja","status":"publish","type":"post","link":"https:\/\/franciscanos.org.br\/noticias\/papa-as-clarissas-carreguem-as-dores-e-os-pecados-da-igreja.html","title":{"rendered":"Papa \u00e0s Clarissas: carreguem as dores e os pecados da Igreja"},"content":{"rendered":"<div id=\"attachment_235147\" style=\"width: 1290px\" class=\"wp-caption alignnone\"><img aria-describedby=\"caption-attachment-235147\" loading=\"lazy\" class=\"wp-image-235147 size-full\" src=\"https:\/\/franciscanos.org.br\/noticias\/wp-content\/uploads\/2021\/11\/clarissas_1311-1.jpg\" alt=\"\" width=\"1280\" height=\"720\" srcset=\"https:\/\/franciscanos.org.br\/noticias\/wp-content\/uploads\/2021\/11\/clarissas_1311-1.jpg 1280w, https:\/\/franciscanos.org.br\/noticias\/wp-content\/uploads\/2021\/11\/clarissas_1311-1-450x253.jpg 450w, https:\/\/franciscanos.org.br\/noticias\/wp-content\/uploads\/2021\/11\/clarissas_1311-1-1024x576.jpg 1024w, https:\/\/franciscanos.org.br\/noticias\/wp-content\/uploads\/2021\/11\/clarissas_1311-1-768x432.jpg 768w, https:\/\/franciscanos.org.br\/noticias\/wp-content\/uploads\/2021\/11\/clarissas_1311-1-150x84.jpg 150w\" sizes=\"(max-width: 1280px) 100vw, 1280px\" \/><p id=\"caption-attachment-235147\" class=\"wp-caption-text\"><em>\u00a0 \u00a0 \u00a0 \u00a0 \u00a0 \u00a0 \u00a0 \u00a0 \u00a0 \u00a0 \u00a0 \u00a0 \u00a0 \u00a0 \u00a0 \u00a0 \u00a0 \u00a0 \u00a0 \u00a0 \u00a0 \u00a0 \u00a0 \u00a0 \u00a0 \u00a0 \u00a0 \u00a0 \u00a0 \u00a0 \u00a0 \u00a0 \u00a0 \u00a0 \u00a0 \u00a0 \u00a0 \u00a0 \u00a0 \u00a0 \u00a0 \u00a0 \u00a0 \u00a0 \u00a0 \u00a0 \u00a0 \u00a0 \u00a0 \u00a0 \u00a0 \u00a0 \u00a0 \u00a0 \u00a0 \u00a0 \u00a0 Imagem: Vatican Media<\/em><\/p><\/div>\n<p>&#8220;Tenho medo que o Senhor esteja passando e que eu n\u00e3o perceba, que Ele esteja passando&#8221;. Esta frase de Santo Agostinho \u00e9 a premissa do discurso proferido pelo Papa Francisco \u00e0s Clarissas no Mosteiro de Santa Clara em Assis, antes do encontro de ora\u00e7\u00e3o na Bas\u00edlica de Santa Maria degli Angeli, em vista do Dia Mundial dos Pobres. O Pont\u00edfice exortou as religiosas a serem contemplativas atentas.<\/p>\n<p>&#8220;A aten\u00e7\u00e3o&#8221;, explicou, &#8220;n\u00e3o \u00e9 a de algu\u00e9m que olha pela janela o que est\u00e1 acontecendo durante o dia: uma mente que pensa bem &#8220;n\u00e3o perde tempo em conversas vazias&#8221;. Para estar atento ao Senhor, \u00e9 preciso ter &#8220;um cora\u00e7\u00e3o sereno&#8221; e voltar com a mem\u00f3ria ao momento da voca\u00e7\u00e3o, ao &#8220;que o cora\u00e7\u00e3o sentiu naquele momento&#8221;: &#8220;a alegria de seguir Jesus, de acompanh\u00e1-lo&#8221;. O Papa ent\u00e3o convidou a fazer perguntas cruciais que est\u00e3o ligadas precisamente ao tempo da voca\u00e7\u00e3o.<\/p>\n<p>Por que fui chamada? Para fazer uma carreira? Para chegar \u00e0quele lugar, ou aquele outro? N\u00e3o: para amar e deixar-me amar.<\/p>\n<p><strong>Interceder pela Igreja<\/strong><br \/>\n\u00c0 serenidade da mente deve-se acrescentar tamb\u00e9m a das m\u00e3os que devem se mover n\u00e3o apenas para rezar, mas tamb\u00e9m &#8220;para trabalhar&#8221;. Francisco recordou o que S\u00e3o Paulo escreve em sua carta aos tessalonicenses: &#8220;Quem n\u00e3o trabalha, n\u00e3o come&#8221;. Quando a mente, o cora\u00e7\u00e3o e as m\u00e3os fazem o que devem, o equil\u00edbrio das consagradas &#8220;est\u00e1 cheio de amor e paix\u00e3o&#8221;. E \u00e9 f\u00e1cil perceber &#8220;quando o Senhor passa, e n\u00e3o deix\u00e1-lo passar sem escutar o que ele quer dizer&#8221;. Seu trabalho, disse Francisco, \u00e9 este: Carreguem nas costas os problemas da Igreja, as dores da Igreja e tamb\u00e9m &#8211; ouso dizer &#8211; os pecados da Igreja, nossos pecados, os pecados dos bispos, somos bispos pecadores, todos; os pecados dos sacerdotes; os pecados das almas consagradas&#8230; E lev\u00e1-los diante do Senhor: &#8216;S\u00e3o pecadores, mas deixai-os ir, perdoai-os&#8217;, sempre com intercess\u00e3o pela Igreja.<\/p>\n<p><strong>N\u00e3o se deixar corromper pelo pecado<\/strong><br \/>\nO perigo, acrescentou, n\u00e3o est\u00e1 em ser pecador, mas em se deixar corromper pelo pecado: &#8220;o corrupto \u00e9 incapaz de pedir perd\u00e3o&#8221;. O caminho desta corrup\u00e7\u00e3o, que leva a ver o pecado como &#8220;uma atitude normal&#8221;, tem apenas &#8220;um bilhete de ida, dificilmente um bilhete de volta&#8221;. A vida dos pecadores, por outro lado, &#8220;sente a necessidade de pedir perd\u00e3o&#8221;: esta &#8220;necessidade de pedir perd\u00e3o&#8221; nunca deve ser perdida. O Pont\u00edfice exortou as religiosas a rezar para que &#8220;a Igreja n\u00e3o seja corrupta&#8221;. Irm\u00e3s, padres e bispos corruptos s\u00e3o de &#8220;alt\u00edssima qualidade&#8221;, porque &#8211; afirmou, citando um ditado &#8211; &#8220;Corruptio <em>optimi pessima&#8221;<\/em>, ou seja, &#8220;a corrup\u00e7\u00e3o dos melhores \u00e9 p\u00e9ssima, \u00e9 a pior&#8221;. Ao inv\u00e9s disso, \u00e9 necess\u00e1rio ter sempre &#8220;a humildade de se sentir pecador, porque o Senhor sempre perdoa, ele olha para o outro lado&#8221;. Ele perdoa tudo&#8221;.<\/p>\n<p><strong>Nunca deixe de pedir perd\u00e3o<\/strong><br \/>\nFrancisco lembrou ent\u00e3o das palavras que lhe foram ditas por um confessor capuchinho que agora tem 94 anos de idade em Buenos Aires. Ainda hoje, h\u00e1 muitas pessoas em seu confession\u00e1rio: &#8220;homens, mulheres, crian\u00e7as, jovens, trabalhadores, sacerdotes, bispos, freiras, tudo, todo o rebanho do povo de Deus vai se confessar a ele porque ele \u00e9 um bom confessor&#8221;. Um dia, este religioso tinha ido ao episcopado e dito ao futuro Pont\u00edfice: &#8220;\u00c0s vezes me sinto mal porque perdoo demais&#8221;. &#8220;Vou \u00e0 capela, olho para o tabern\u00e1culo: &#8216;Senhor, perdoa-me, j\u00e1 perdoei demais&#8217;! Mas a certa altura me dou conta: &#8220;Mas cuidado: porque foi voc\u00ea quem me deu o mau exemplo&#8221;! Recordando estas palavras do sacerdote, o Papa enfatizou que Deus &#8220;s\u00f3 pede nossa humildade ao pedir perd\u00e3o&#8221;.<\/p>\n<p><strong>Rezem para que os sacerdotes possam ser pastores e n\u00e3o administradores<\/strong><br \/>\nFrancisco dirigiu ent\u00e3o uma exorta\u00e7\u00e3o especial \u00e0s Clarissas: &#8220;Pensem na Igreja. Pensem nos idosos, nos av\u00f3s, que muitas vezes s\u00e3o material descartado&#8221;.<\/p>\n<p>Pensem nas fam\u00edlias, o quanto as m\u00e3es e os pais t\u00eam que trabalhar para conseguir o sustento, para ter comida. Rezar pelas fam\u00edlias para que saibam educar bem seus filhos. Pensem nas crian\u00e7as, nos jovens e nas muitas amea\u00e7as de mundanismo que causam tantos danos. E rezem pela Igreja. Pensem nas irm\u00e3s, nas mulheres consagradas como voc\u00eas, naquelas que devem trabalhar em escolas e hospitais. Pensem nos sacerdotes. Teresinha entrou no Carmelo para rezar pelos padres: n\u00f3s precisamos, precisamos de ora\u00e7\u00f5es.<\/p>\n<p>&#8220;Rezem&#8221;, concluiu o Papa, &#8220;para que saibamos ser pastores e n\u00e3o administradores: que os padres sejam bispos, sacerdotes, possam ter esta pastoralidade, serem pastores&#8221;.<\/p>\n<hr \/>\n<p><em>Fonte: Vatican News (texto de Amedeo Lomonaco)<\/em><\/p>\n","protected":false},"excerpt":{"rendered":"<p>Encontro com as Clarissas<\/p>\n","protected":false},"author":3,"featured_media":235147,"comment_status":"open","ping_status":"open","sticky":false,"template":"","format":"standard","meta":[],"categories":[1428],"tags":[171],"acf":[],"yoast_head":"<!-- This site is optimized with the Yoast SEO plugin v19.2 - https:\/\/yoast.com\/wordpress\/plugins\/seo\/ -->\n<title>Papa \u00e0s Clarissas: carreguem as dores e os pecados da Igreja - Not\u00edcias - Franciscanos<\/title>\n<meta name=\"robots\" content=\"index, follow, max-snippet:-1, max-image-preview:large, max-video-preview:-1\" \/>\n<link rel=\"canonical\" href=\"https:\/\/franciscanos.org.br\/noticias\/papa-as-clarissas-carreguem-as-dores-e-os-pecados-da-igreja.html\" \/>\n<meta property=\"og:locale\" content=\"pt_BR\" \/>\n<meta property=\"og:type\" content=\"article\" \/>\n<meta property=\"og:title\" content=\"Papa \u00e0s Clarissas: carreguem as dores e os pecados da Igreja - Not\u00edcias - Franciscanos\" \/>\n<meta property=\"og:description\" content=\"Encontro com as Clarissas\" \/>\n<meta property=\"og:url\" content=\"https:\/\/franciscanos.org.br\/noticias\/papa-as-clarissas-carreguem-as-dores-e-os-pecados-da-igreja.html\" \/>\n<meta property=\"og:site_name\" content=\"Not\u00edcias - Franciscanos\" \/>\n<meta property=\"article:published_time\" content=\"2021-11-13T18:10:02+00:00\" \/>\n<meta property=\"article:modified_time\" content=\"2021-11-13T18:10:16+00:00\" \/>\n<meta property=\"og:image\" content=\"https:\/\/franciscanos.org.br\/noticias\/wp-content\/uploads\/2021\/11\/clarissas_1311-1.jpg\" \/>\n\t<meta property=\"og:image:width\" content=\"1280\" \/>\n\t<meta property=\"og:image:height\" content=\"720\" \/>\n\t<meta property=\"og:image:type\" content=\"image\/jpeg\" \/>\n<meta name=\"author\" content=\"moacir\" \/>\n<meta name=\"twitter:card\" content=\"summary_large_image\" \/>\n<meta name=\"twitter:label1\" content=\"Escrito por\" \/>\n\t<meta name=\"twitter:data1\" content=\"moacir\" \/>\n\t<meta name=\"twitter:label2\" content=\"Est. tempo de leitura\" \/>\n\t<meta name=\"twitter:data2\" content=\"4 minutos\" \/>\n<script type=\"application\/ld+json\" class=\"yoast-schema-graph\">{\"@context\":\"https:\/\/schema.org\",\"@graph\":[{\"@type\":\"WebSite\",\"@id\":\"https:\/\/franciscanos.org.br\/noticias\/#website\",\"url\":\"https:\/\/franciscanos.org.br\/noticias\/\",\"name\":\"Not\u00edcias - Franciscanos\",\"description\":\"Prov\u00edncia Franciscana da Imaculada Concei\u00e7\u00e3o do Brasil - Ordem dos Frades Menores - OFM\",\"potentialAction\":[{\"@type\":\"SearchAction\",\"target\":{\"@type\":\"EntryPoint\",\"urlTemplate\":\"https:\/\/franciscanos.org.br\/noticias\/?s={search_term_string}\"},\"query-input\":\"required name=search_term_string\"}],\"inLanguage\":\"pt-BR\"},{\"@type\":\"ImageObject\",\"inLanguage\":\"pt-BR\",\"@id\":\"https:\/\/franciscanos.org.br\/noticias\/papa-as-clarissas-carreguem-as-dores-e-os-pecados-da-igreja.html#primaryimage\",\"url\":\"https:\/\/franciscanos.org.br\/noticias\/wp-content\/uploads\/2021\/11\/clarissas_1311-1.jpg\",\"contentUrl\":\"https:\/\/franciscanos.org.br\/noticias\/wp-content\/uploads\/2021\/11\/clarissas_1311-1.jpg\",\"width\":1280,\"height\":720},{\"@type\":\"WebPage\",\"@id\":\"https:\/\/franciscanos.org.br\/noticias\/papa-as-clarissas-carreguem-as-dores-e-os-pecados-da-igreja.html#webpage\",\"url\":\"https:\/\/franciscanos.org.br\/noticias\/papa-as-clarissas-carreguem-as-dores-e-os-pecados-da-igreja.html\",\"name\":\"Papa \u00e0s Clarissas: carreguem as dores e os pecados da Igreja - Not\u00edcias - Franciscanos\",\"isPartOf\":{\"@id\":\"https:\/\/franciscanos.org.br\/noticias\/#website\"},\"primaryImageOfPage\":{\"@id\":\"https:\/\/franciscanos.org.br\/noticias\/papa-as-clarissas-carreguem-as-dores-e-os-pecados-da-igreja.html#primaryimage\"},\"datePublished\":\"2021-11-13T18:10:02+00:00\",\"dateModified\":\"2021-11-13T18:10:16+00:00\",\"author\":{\"@id\":\"https:\/\/franciscanos.org.br\/noticias\/#\/schema\/person\/b5c8cba458c330ccff548b056e95a5d4\"},\"breadcrumb\":{\"@id\":\"https:\/\/franciscanos.org.br\/noticias\/papa-as-clarissas-carreguem-as-dores-e-os-pecados-da-igreja.html#breadcrumb\"},\"inLanguage\":\"pt-BR\",\"potentialAction\":[{\"@type\":\"ReadAction\",\"target\":[\"https:\/\/franciscanos.org.br\/noticias\/papa-as-clarissas-carreguem-as-dores-e-os-pecados-da-igreja.html\"]}]},{\"@type\":\"BreadcrumbList\",\"@id\":\"https:\/\/franciscanos.org.br\/noticias\/papa-as-clarissas-carreguem-as-dores-e-os-pecados-da-igreja.html#breadcrumb\",\"itemListElement\":[{\"@type\":\"ListItem\",\"position\":1,\"name\":\"Home\",\"item\":\"https:\/\/franciscanos.org.br\/noticias\"},{\"@type\":\"ListItem\",\"position\":2,\"name\":\"Papa \u00e0s Clarissas: carreguem as dores e os pecados da Igreja\"}]},{\"@type\":\"Person\",\"@id\":\"https:\/\/franciscanos.org.br\/noticias\/#\/schema\/person\/b5c8cba458c330ccff548b056e95a5d4\",\"name\":\"moacir\",\"image\":{\"@type\":\"ImageObject\",\"inLanguage\":\"pt-BR\",\"@id\":\"https:\/\/franciscanos.org.br\/noticias\/#\/schema\/person\/image\/\",\"url\":\"https:\/\/secure.gravatar.com\/avatar\/d08aa2ce4c8dd416d4479aa8536fcf64?s=96&d=mm&r=g\",\"contentUrl\":\"https:\/\/secure.gravatar.com\/avatar\/d08aa2ce4c8dd416d4479aa8536fcf64?s=96&d=mm&r=g\",\"caption\":\"moacir\"},\"url\":\"https:\/\/franciscanos.org.br\/noticias\/author\/moacir\"}]}<\/script>\n<!-- \/ Yoast SEO plugin. -->","yoast_head_json":{"title":"Papa \u00e0s Clarissas: carreguem as dores e os pecados da Igreja - Not\u00edcias - Franciscanos","robots":{"index":"index","follow":"follow","max-snippet":"max-snippet:-1","max-image-preview":"max-image-preview:large","max-video-preview":"max-video-preview:-1"},"canonical":"https:\/\/franciscanos.org.br\/noticias\/papa-as-clarissas-carreguem-as-dores-e-os-pecados-da-igreja.html","og_locale":"pt_BR","og_type":"article","og_title":"Papa \u00e0s Clarissas: carreguem as dores e os pecados da Igreja - Not\u00edcias - Franciscanos","og_description":"Encontro com as Clarissas","og_url":"https:\/\/franciscanos.org.br\/noticias\/papa-as-clarissas-carreguem-as-dores-e-os-pecados-da-igreja.html","og_site_name":"Not\u00edcias - Franciscanos","article_published_time":"2021-11-13T18:10:02+00:00","article_modified_time":"2021-11-13T18:10:16+00:00","og_image":[{"width":1280,"height":720,"url":"https:\/\/franciscanos.org.br\/noticias\/wp-content\/uploads\/2021\/11\/clarissas_1311-1.jpg","type":"image\/jpeg"}],"author":"moacir","twitter_card":"summary_large_image","twitter_misc":{"Escrito por":"moacir","Est. tempo de leitura":"4 minutos"},"schema":{"@context":"https:\/\/schema.org","@graph":[{"@type":"WebSite","@id":"https:\/\/franciscanos.org.br\/noticias\/#website","url":"https:\/\/franciscanos.org.br\/noticias\/","name":"Not\u00edcias - Franciscanos","description":"Prov\u00edncia Franciscana da Imaculada Concei\u00e7\u00e3o do Brasil - Ordem dos Frades Menores - OFM","potentialAction":[{"@type":"SearchAction","target":{"@type":"EntryPoint","urlTemplate":"https:\/\/franciscanos.org.br\/noticias\/?s={search_term_string}"},"query-input":"required name=search_term_string"}],"inLanguage":"pt-BR"},{"@type":"ImageObject","inLanguage":"pt-BR","@id":"https:\/\/franciscanos.org.br\/noticias\/papa-as-clarissas-carreguem-as-dores-e-os-pecados-da-igreja.html#primaryimage","url":"https:\/\/franciscanos.org.br\/noticias\/wp-content\/uploads\/2021\/11\/clarissas_1311-1.jpg","contentUrl":"https:\/\/franciscanos.org.br\/noticias\/wp-content\/uploads\/2021\/11\/clarissas_1311-1.jpg","width":1280,"height":720},{"@type":"WebPage","@id":"https:\/\/franciscanos.org.br\/noticias\/papa-as-clarissas-carreguem-as-dores-e-os-pecados-da-igreja.html#webpage","url":"https:\/\/franciscanos.org.br\/noticias\/papa-as-clarissas-carreguem-as-dores-e-os-pecados-da-igreja.html","name":"Papa \u00e0s Clarissas: carreguem as dores e os pecados da Igreja - Not\u00edcias - Franciscanos","isPartOf":{"@id":"https:\/\/franciscanos.org.br\/noticias\/#website"},"primaryImageOfPage":{"@id":"https:\/\/franciscanos.org.br\/noticias\/papa-as-clarissas-carreguem-as-dores-e-os-pecados-da-igreja.html#primaryimage"},"datePublished":"2021-11-13T18:10:02+00:00","dateModified":"2021-11-13T18:10:16+00:00","author":{"@id":"https:\/\/franciscanos.org.br\/noticias\/#\/schema\/person\/b5c8cba458c330ccff548b056e95a5d4"},"breadcrumb":{"@id":"https:\/\/franciscanos.org.br\/noticias\/papa-as-clarissas-carreguem-as-dores-e-os-pecados-da-igreja.html#breadcrumb"},"inLanguage":"pt-BR","potentialAction":[{"@type":"ReadAction","target":["https:\/\/franciscanos.org.br\/noticias\/papa-as-clarissas-carreguem-as-dores-e-os-pecados-da-igreja.html"]}]},{"@type":"BreadcrumbList","@id":"https:\/\/franciscanos.org.br\/noticias\/papa-as-clarissas-carreguem-as-dores-e-os-pecados-da-igreja.html#breadcrumb","itemListElement":[{"@type":"ListItem","position":1,"name":"Home","item":"https:\/\/franciscanos.org.br\/noticias"},{"@type":"ListItem","position":2,"name":"Papa \u00e0s Clarissas: carreguem as dores e os pecados da Igreja"}]},{"@type":"Person","@id":"https:\/\/franciscanos.org.br\/noticias\/#\/schema\/person\/b5c8cba458c330ccff548b056e95a5d4","name":"moacir","image":{"@type":"ImageObject","inLanguage":"pt-BR","@id":"https:\/\/franciscanos.org.br\/noticias\/#\/schema\/person\/image\/","url":"https:\/\/secure.gravatar.com\/avatar\/d08aa2ce4c8dd416d4479aa8536fcf64?s=96&d=mm&r=g","contentUrl":"https:\/\/secure.gravatar.com\/avatar\/d08aa2ce4c8dd416d4479aa8536fcf64?s=96&d=mm&r=g","caption":"moacir"},"url":"https:\/\/franciscanos.org.br\/noticias\/author\/moacir"}]}},"_links":{"self":[{"href":"https:\/\/franciscanos.org.br\/noticias\/wp-json\/wp\/v2\/posts\/235145"}],"collection":[{"href":"https:\/\/franciscanos.org.br\/noticias\/wp-json\/wp\/v2\/posts"}],"about":[{"href":"https:\/\/franciscanos.org.br\/noticias\/wp-json\/wp\/v2\/types\/post"}],"author":[{"embeddable":true,"href":"https:\/\/franciscanos.org.br\/noticias\/wp-json\/wp\/v2\/users\/3"}],"replies":[{"embeddable":true,"href":"https:\/\/franciscanos.org.br\/noticias\/wp-json\/wp\/v2\/comments?post=235145"}],"version-history":[{"count":2,"href":"https:\/\/franciscanos.org.br\/noticias\/wp-json\/wp\/v2\/posts\/235145\/revisions"}],"predecessor-version":[{"id":235149,"href":"https:\/\/franciscanos.org.br\/noticias\/wp-json\/wp\/v2\/posts\/235145\/revisions\/235149"}],"wp:featuredmedia":[{"embeddable":true,"href":"https:\/\/franciscanos.org.br\/noticias\/wp-json\/wp\/v2\/media\/235147"}],"wp:attachment":[{"href":"https:\/\/franciscanos.org.br\/noticias\/wp-json\/wp\/v2\/media?parent=235145"}],"wp:term":[{"taxonomy":"category","embeddable":true,"href":"https:\/\/franciscanos.org.br\/noticias\/wp-json\/wp\/v2\/categories?post=235145"},{"taxonomy":"post_tag","embeddable":true,"href":"https:\/\/franciscanos.org.br\/noticias\/wp-json\/wp\/v2\/tags?post=235145"}],"curies":[{"name":"wp","href":"https:\/\/api.w.org\/{rel}","templated":true}]}}