{"id":235137,"date":"2021-11-13T14:41:48","date_gmt":"2021-11-13T17:41:48","guid":{"rendered":"https:\/\/franciscanos.org.br\/noticias\/?p=235137"},"modified":"2021-11-13T20:27:46","modified_gmt":"2021-11-13T23:27:46","slug":"antes-da-profissao-solene-o-pedido-a-fraternidade","status":"publish","type":"post","link":"https:\/\/franciscanos.org.br\/noticias\/antes-da-profissao-solene-o-pedido-a-fraternidade.html","title":{"rendered":"Antes da Profiss\u00e3o Solene, o pedido \u00e0 Fraternidade"},"content":{"rendered":"<p><img loading=\"lazy\" class=\"alignnone wp-image-235138 size-full\" src=\"https:\/\/franciscanos.org.br\/noticias\/wp-content\/uploads\/2021\/11\/pedido_1311.jpg\" alt=\"\" width=\"1280\" height=\"720\" srcset=\"https:\/\/franciscanos.org.br\/noticias\/wp-content\/uploads\/2021\/11\/pedido_1311.jpg 1280w, https:\/\/franciscanos.org.br\/noticias\/wp-content\/uploads\/2021\/11\/pedido_1311-450x253.jpg 450w, https:\/\/franciscanos.org.br\/noticias\/wp-content\/uploads\/2021\/11\/pedido_1311-1024x576.jpg 1024w, https:\/\/franciscanos.org.br\/noticias\/wp-content\/uploads\/2021\/11\/pedido_1311-768x432.jpg 768w, https:\/\/franciscanos.org.br\/noticias\/wp-content\/uploads\/2021\/11\/pedido_1311-150x84.jpg 150w\" sizes=\"(max-width: 1280px) 100vw, 1280px\" \/><br \/>\n<strong>Petr\u00f3polis (RJ)<\/strong> &#8211; Uma pequena celebra\u00e7\u00e3o deu in\u00edcio neste s\u00e1bado, 13 de dezembro, ao rito da Profiss\u00e3o Solene Frei Andr\u00e9 dos Santos Sungo Mingas, Frei Honorato Salvador Gaspar Gabriel, Frei Jos\u00e9 Jo\u00e3o Ganga e Frei Miguel Tchiteculo Tchindjombo Filipe, Frei Felipe Medeiros Carretta, Frei Jonas Ribeiro da Silva e Frei Thiago da Silva Soares na Ordem dos Frades Menores. Ao meio-dia, na Ora\u00e7\u00e3o antes do almo\u00e7o, o mestre do tempo de Teologia, Frei Marcos Ant\u00f4nio de Andrade, explicou que os professandos fariam o pedido da Profiss\u00e3o \u00e0 Fraternidade do Sagrado, em Petr\u00f3polis, na pessoa do guardi\u00e3o Frei Jorge Paulo Schiavini.<\/p>\n<p>O momento definitivo na vida religiosa do frade, contudo, ser\u00e1 neste s\u00e1bado, \u00e0s 18 horas, quando esses jovens far\u00e3o a profiss\u00e3o diante do Ministro Provincial, Frei Fid\u00eancio Vanboemmel, prometendo servir a Deus e aos irm\u00e3os como frades menores.<\/p>\n<p>Diante dos jovens, o guardi\u00e3o Frei Jorge perguntou aos professandos: \u201cMeus irm\u00e3os, qual \u00e9 o vosso desejo?\u201d. Eles responderam juntos: \u201cReverend\u00edssimo Guardi\u00e3o e dilet\u00edssimos irm\u00e3os em Cristo, rogamos a v\u00f3s pelo amor de Deus, da bem-aventurada sempre Virgem Maria, de nosso Pai S\u00e3o Francisco, de todos os Santos, admitir-nos \u00e0 Profiss\u00e3o dos votos perp\u00e9tuos na Ordem, para fazermos penit\u00eancia, emendarmos a nossa vida e servirmos fielmente a Deus at\u00e9 a morte. Tamb\u00e9m pedimos perd\u00e3o de todas as faltas cometidas durante o tempo da prova\u00e7\u00e3o e rogamos que vos lembreis de n\u00f3s em vossas preces para que com a gra\u00e7a de Deus possamos ser fi\u00e9is ao ideal de vida franciscana que com a gra\u00e7a de Deus nos propusemos abra\u00e7ar\u201d. O guardi\u00e3o, ent\u00e3o, respondeu: \u201cDemos gra\u00e7as a Deus!\u201d<\/p>\n<p><img loading=\"lazy\" class=\"alignnone wp-image-235139 size-full\" src=\"https:\/\/franciscanos.org.br\/noticias\/wp-content\/uploads\/2021\/11\/pedido_1311_1.jpg\" alt=\"\" width=\"1280\" height=\"853\" srcset=\"https:\/\/franciscanos.org.br\/noticias\/wp-content\/uploads\/2021\/11\/pedido_1311_1.jpg 1280w, https:\/\/franciscanos.org.br\/noticias\/wp-content\/uploads\/2021\/11\/pedido_1311_1-450x300.jpg 450w, https:\/\/franciscanos.org.br\/noticias\/wp-content\/uploads\/2021\/11\/pedido_1311_1-1024x682.jpg 1024w, https:\/\/franciscanos.org.br\/noticias\/wp-content\/uploads\/2021\/11\/pedido_1311_1-768x512.jpg 768w, https:\/\/franciscanos.org.br\/noticias\/wp-content\/uploads\/2021\/11\/pedido_1311_1-150x100.jpg 150w\" sizes=\"(max-width: 1280px) 100vw, 1280px\" \/><\/p>\n<p>\u201cHoje, voc\u00eas pedem \u00e0 Fraternidade para servir a Deus na Ordem dos Frades Menores. N\u00f3s acolhemos o vosso pedido com muita alegria e esperan\u00e7a. \u00c9 Deus que vos chamou e inspirou nesse pedido. \u00c9 ele que deu o primeiro passo e est\u00e3o respondendo com o vosso sim a Ele. Que possam se inspirar em S\u00e3o Francisco e dar muitos frutos na viv\u00eancia do Evangelho em fraternidade&#8221;, disse o guardi\u00e3o.<\/p>\n<p>Segundo ele, a Fraternidade se compromete em rezar por eles para que nunca deixem apagar a chama da voca\u00e7\u00e3o. &#8220;N\u00e3o somente n\u00f3s por eles, mas tamb\u00e9m pelos outros, pela perseveran\u00e7a abra\u00e7ada no caminho e hoje com um passo a mais. Desejo que voc\u00eas sejam felizes e se realizem no servi\u00e7o ao Evangelho, fazendo da vida uma doa\u00e7\u00e3o a Deus no servi\u00e7o amoroso aos irm\u00e3os e irm\u00e3s, de modo especial \u00e0s pessoas que mais sofrem. Que Deus nos aben\u00e7oe!&#8221;, pediu.<\/p>\n<p><img loading=\"lazy\" class=\"alignnone wp-image-235140 size-full\" src=\"https:\/\/franciscanos.org.br\/noticias\/wp-content\/uploads\/2021\/11\/pedido_1311_2.jpg\" alt=\"\" width=\"1280\" height=\"853\" srcset=\"https:\/\/franciscanos.org.br\/noticias\/wp-content\/uploads\/2021\/11\/pedido_1311_2.jpg 1280w, https:\/\/franciscanos.org.br\/noticias\/wp-content\/uploads\/2021\/11\/pedido_1311_2-450x300.jpg 450w, https:\/\/franciscanos.org.br\/noticias\/wp-content\/uploads\/2021\/11\/pedido_1311_2-1024x682.jpg 1024w, https:\/\/franciscanos.org.br\/noticias\/wp-content\/uploads\/2021\/11\/pedido_1311_2-768x512.jpg 768w, https:\/\/franciscanos.org.br\/noticias\/wp-content\/uploads\/2021\/11\/pedido_1311_2-150x100.jpg 150w\" sizes=\"(max-width: 1280px) 100vw, 1280px\" \/><\/p>\n<p>Na verdade, esses jovens frades j\u00e1 tinham sido aprovados para a profiss\u00e3o solene pelo Ministro Provincial, Frei Fid\u00eancio Vanboemmel, pelos membros do Governo Provincial e pela equipe de forma\u00e7\u00e3o desta etapa de Teologia. Mas faz parte do ritual esse pedido \u00e0 Fraternidade, que tamb\u00e9m \u00e9 sua formadora, entre eles o mestre Frei Marcos, que os acompanha mais de perto.<\/p>\n<p>Frei Jorge agradeceu pela presen\u00e7a dos parentes na celebra\u00e7\u00e3o e pediu que os professandos os apresentassem \u00e0 Fraternidade. Estavam presentes os frades do Santu\u00e1rio do Divino Esp\u00edrito Santo, em Vila Velha (ES), Frei Djalmo Fuck e Frei Clar\u00eancio Neotti.<\/p>\n<p>Antes da refei\u00e7\u00e3o, Frei Frei Jos\u00e9 Jo\u00e3o Ganga, aniversariante do dia, foi homenageado pela Fraternidade.<\/p>\n<hr \/>\n<p><em>Frei Augusto Luiz Gabriel e Moacir Beggo<\/em><\/p>\n","protected":false},"excerpt":{"rendered":"<p>Pedido de Profiss\u00e3o Solene \u00e0 Fraternidade<\/p>\n","protected":false},"author":3,"featured_media":235141,"comment_status":"open","ping_status":"open","sticky":false,"template":"","format":"standard","meta":[],"categories":[1],"tags":[418],"acf":[],"yoast_head":"<!-- This site is optimized with the Yoast SEO plugin v19.2 - https:\/\/yoast.com\/wordpress\/plugins\/seo\/ -->\n<title>Antes da Profiss\u00e3o Solene, o pedido \u00e0 Fraternidade - Not\u00edcias - Franciscanos<\/title>\n<meta name=\"robots\" content=\"index, follow, max-snippet:-1, max-image-preview:large, max-video-preview:-1\" \/>\n<link rel=\"canonical\" href=\"https:\/\/franciscanos.org.br\/noticias\/antes-da-profissao-solene-o-pedido-a-fraternidade.html\" \/>\n<meta property=\"og:locale\" content=\"pt_BR\" \/>\n<meta property=\"og:type\" content=\"article\" \/>\n<meta property=\"og:title\" content=\"Antes da Profiss\u00e3o Solene, o pedido \u00e0 Fraternidade - Not\u00edcias - Franciscanos\" \/>\n<meta property=\"og:description\" content=\"Pedido de Profiss\u00e3o Solene \u00e0 Fraternidade\" \/>\n<meta property=\"og:url\" content=\"https:\/\/franciscanos.org.br\/noticias\/antes-da-profissao-solene-o-pedido-a-fraternidade.html\" \/>\n<meta property=\"og:site_name\" content=\"Not\u00edcias - Franciscanos\" \/>\n<meta property=\"article:published_time\" content=\"2021-11-13T17:41:48+00:00\" \/>\n<meta property=\"article:modified_time\" content=\"2021-11-13T23:27:46+00:00\" \/>\n<meta property=\"og:image\" content=\"https:\/\/franciscanos.org.br\/noticias\/wp-content\/uploads\/2021\/11\/pedido_1311d.jpg\" \/>\n\t<meta property=\"og:image:width\" content=\"800\" \/>\n\t<meta property=\"og:image:height\" content=\"550\" \/>\n\t<meta property=\"og:image:type\" content=\"image\/jpeg\" \/>\n<meta name=\"author\" content=\"moacir\" \/>\n<meta name=\"twitter:card\" content=\"summary_large_image\" \/>\n<meta name=\"twitter:label1\" content=\"Escrito por\" \/>\n\t<meta name=\"twitter:data1\" content=\"moacir\" \/>\n\t<meta name=\"twitter:label2\" content=\"Est. tempo de leitura\" \/>\n\t<meta name=\"twitter:data2\" content=\"3 minutos\" \/>\n<script type=\"application\/ld+json\" class=\"yoast-schema-graph\">{\"@context\":\"https:\/\/schema.org\",\"@graph\":[{\"@type\":\"WebSite\",\"@id\":\"https:\/\/franciscanos.org.br\/noticias\/#website\",\"url\":\"https:\/\/franciscanos.org.br\/noticias\/\",\"name\":\"Not\u00edcias - Franciscanos\",\"description\":\"Prov\u00edncia Franciscana da Imaculada Concei\u00e7\u00e3o do Brasil - Ordem dos Frades Menores - OFM\",\"potentialAction\":[{\"@type\":\"SearchAction\",\"target\":{\"@type\":\"EntryPoint\",\"urlTemplate\":\"https:\/\/franciscanos.org.br\/noticias\/?s={search_term_string}\"},\"query-input\":\"required name=search_term_string\"}],\"inLanguage\":\"pt-BR\"},{\"@type\":\"ImageObject\",\"inLanguage\":\"pt-BR\",\"@id\":\"https:\/\/franciscanos.org.br\/noticias\/antes-da-profissao-solene-o-pedido-a-fraternidade.html#primaryimage\",\"url\":\"https:\/\/franciscanos.org.br\/noticias\/wp-content\/uploads\/2021\/11\/pedido_1311d.jpg\",\"contentUrl\":\"https:\/\/franciscanos.org.br\/noticias\/wp-content\/uploads\/2021\/11\/pedido_1311d.jpg\",\"width\":800,\"height\":550},{\"@type\":\"WebPage\",\"@id\":\"https:\/\/franciscanos.org.br\/noticias\/antes-da-profissao-solene-o-pedido-a-fraternidade.html#webpage\",\"url\":\"https:\/\/franciscanos.org.br\/noticias\/antes-da-profissao-solene-o-pedido-a-fraternidade.html\",\"name\":\"Antes da Profiss\u00e3o Solene, o pedido \u00e0 Fraternidade - Not\u00edcias - Franciscanos\",\"isPartOf\":{\"@id\":\"https:\/\/franciscanos.org.br\/noticias\/#website\"},\"primaryImageOfPage\":{\"@id\":\"https:\/\/franciscanos.org.br\/noticias\/antes-da-profissao-solene-o-pedido-a-fraternidade.html#primaryimage\"},\"datePublished\":\"2021-11-13T17:41:48+00:00\",\"dateModified\":\"2021-11-13T23:27:46+00:00\",\"author\":{\"@id\":\"https:\/\/franciscanos.org.br\/noticias\/#\/schema\/person\/b5c8cba458c330ccff548b056e95a5d4\"},\"breadcrumb\":{\"@id\":\"https:\/\/franciscanos.org.br\/noticias\/antes-da-profissao-solene-o-pedido-a-fraternidade.html#breadcrumb\"},\"inLanguage\":\"pt-BR\",\"potentialAction\":[{\"@type\":\"ReadAction\",\"target\":[\"https:\/\/franciscanos.org.br\/noticias\/antes-da-profissao-solene-o-pedido-a-fraternidade.html\"]}]},{\"@type\":\"BreadcrumbList\",\"@id\":\"https:\/\/franciscanos.org.br\/noticias\/antes-da-profissao-solene-o-pedido-a-fraternidade.html#breadcrumb\",\"itemListElement\":[{\"@type\":\"ListItem\",\"position\":1,\"name\":\"Home\",\"item\":\"https:\/\/franciscanos.org.br\/noticias\"},{\"@type\":\"ListItem\",\"position\":2,\"name\":\"Antes da Profiss\u00e3o Solene, o pedido \u00e0 Fraternidade\"}]},{\"@type\":\"Person\",\"@id\":\"https:\/\/franciscanos.org.br\/noticias\/#\/schema\/person\/b5c8cba458c330ccff548b056e95a5d4\",\"name\":\"moacir\",\"image\":{\"@type\":\"ImageObject\",\"inLanguage\":\"pt-BR\",\"@id\":\"https:\/\/franciscanos.org.br\/noticias\/#\/schema\/person\/image\/\",\"url\":\"https:\/\/secure.gravatar.com\/avatar\/d08aa2ce4c8dd416d4479aa8536fcf64?s=96&d=mm&r=g\",\"contentUrl\":\"https:\/\/secure.gravatar.com\/avatar\/d08aa2ce4c8dd416d4479aa8536fcf64?s=96&d=mm&r=g\",\"caption\":\"moacir\"},\"url\":\"https:\/\/franciscanos.org.br\/noticias\/author\/moacir\"}]}<\/script>\n<!-- \/ Yoast SEO plugin. -->","yoast_head_json":{"title":"Antes da Profiss\u00e3o Solene, o pedido \u00e0 Fraternidade - Not\u00edcias - Franciscanos","robots":{"index":"index","follow":"follow","max-snippet":"max-snippet:-1","max-image-preview":"max-image-preview:large","max-video-preview":"max-video-preview:-1"},"canonical":"https:\/\/franciscanos.org.br\/noticias\/antes-da-profissao-solene-o-pedido-a-fraternidade.html","og_locale":"pt_BR","og_type":"article","og_title":"Antes da Profiss\u00e3o Solene, o pedido \u00e0 Fraternidade - Not\u00edcias - Franciscanos","og_description":"Pedido de Profiss\u00e3o Solene \u00e0 Fraternidade","og_url":"https:\/\/franciscanos.org.br\/noticias\/antes-da-profissao-solene-o-pedido-a-fraternidade.html","og_site_name":"Not\u00edcias - Franciscanos","article_published_time":"2021-11-13T17:41:48+00:00","article_modified_time":"2021-11-13T23:27:46+00:00","og_image":[{"width":800,"height":550,"url":"https:\/\/franciscanos.org.br\/noticias\/wp-content\/uploads\/2021\/11\/pedido_1311d.jpg","type":"image\/jpeg"}],"author":"moacir","twitter_card":"summary_large_image","twitter_misc":{"Escrito por":"moacir","Est. tempo de leitura":"3 minutos"},"schema":{"@context":"https:\/\/schema.org","@graph":[{"@type":"WebSite","@id":"https:\/\/franciscanos.org.br\/noticias\/#website","url":"https:\/\/franciscanos.org.br\/noticias\/","name":"Not\u00edcias - Franciscanos","description":"Prov\u00edncia Franciscana da Imaculada Concei\u00e7\u00e3o do Brasil - Ordem dos Frades Menores - OFM","potentialAction":[{"@type":"SearchAction","target":{"@type":"EntryPoint","urlTemplate":"https:\/\/franciscanos.org.br\/noticias\/?s={search_term_string}"},"query-input":"required name=search_term_string"}],"inLanguage":"pt-BR"},{"@type":"ImageObject","inLanguage":"pt-BR","@id":"https:\/\/franciscanos.org.br\/noticias\/antes-da-profissao-solene-o-pedido-a-fraternidade.html#primaryimage","url":"https:\/\/franciscanos.org.br\/noticias\/wp-content\/uploads\/2021\/11\/pedido_1311d.jpg","contentUrl":"https:\/\/franciscanos.org.br\/noticias\/wp-content\/uploads\/2021\/11\/pedido_1311d.jpg","width":800,"height":550},{"@type":"WebPage","@id":"https:\/\/franciscanos.org.br\/noticias\/antes-da-profissao-solene-o-pedido-a-fraternidade.html#webpage","url":"https:\/\/franciscanos.org.br\/noticias\/antes-da-profissao-solene-o-pedido-a-fraternidade.html","name":"Antes da Profiss\u00e3o Solene, o pedido \u00e0 Fraternidade - Not\u00edcias - Franciscanos","isPartOf":{"@id":"https:\/\/franciscanos.org.br\/noticias\/#website"},"primaryImageOfPage":{"@id":"https:\/\/franciscanos.org.br\/noticias\/antes-da-profissao-solene-o-pedido-a-fraternidade.html#primaryimage"},"datePublished":"2021-11-13T17:41:48+00:00","dateModified":"2021-11-13T23:27:46+00:00","author":{"@id":"https:\/\/franciscanos.org.br\/noticias\/#\/schema\/person\/b5c8cba458c330ccff548b056e95a5d4"},"breadcrumb":{"@id":"https:\/\/franciscanos.org.br\/noticias\/antes-da-profissao-solene-o-pedido-a-fraternidade.html#breadcrumb"},"inLanguage":"pt-BR","potentialAction":[{"@type":"ReadAction","target":["https:\/\/franciscanos.org.br\/noticias\/antes-da-profissao-solene-o-pedido-a-fraternidade.html"]}]},{"@type":"BreadcrumbList","@id":"https:\/\/franciscanos.org.br\/noticias\/antes-da-profissao-solene-o-pedido-a-fraternidade.html#breadcrumb","itemListElement":[{"@type":"ListItem","position":1,"name":"Home","item":"https:\/\/franciscanos.org.br\/noticias"},{"@type":"ListItem","position":2,"name":"Antes da Profiss\u00e3o Solene, o pedido \u00e0 Fraternidade"}]},{"@type":"Person","@id":"https:\/\/franciscanos.org.br\/noticias\/#\/schema\/person\/b5c8cba458c330ccff548b056e95a5d4","name":"moacir","image":{"@type":"ImageObject","inLanguage":"pt-BR","@id":"https:\/\/franciscanos.org.br\/noticias\/#\/schema\/person\/image\/","url":"https:\/\/secure.gravatar.com\/avatar\/d08aa2ce4c8dd416d4479aa8536fcf64?s=96&d=mm&r=g","contentUrl":"https:\/\/secure.gravatar.com\/avatar\/d08aa2ce4c8dd416d4479aa8536fcf64?s=96&d=mm&r=g","caption":"moacir"},"url":"https:\/\/franciscanos.org.br\/noticias\/author\/moacir"}]}},"_links":{"self":[{"href":"https:\/\/franciscanos.org.br\/noticias\/wp-json\/wp\/v2\/posts\/235137"}],"collection":[{"href":"https:\/\/franciscanos.org.br\/noticias\/wp-json\/wp\/v2\/posts"}],"about":[{"href":"https:\/\/franciscanos.org.br\/noticias\/wp-json\/wp\/v2\/types\/post"}],"author":[{"embeddable":true,"href":"https:\/\/franciscanos.org.br\/noticias\/wp-json\/wp\/v2\/users\/3"}],"replies":[{"embeddable":true,"href":"https:\/\/franciscanos.org.br\/noticias\/wp-json\/wp\/v2\/comments?post=235137"}],"version-history":[{"count":4,"href":"https:\/\/franciscanos.org.br\/noticias\/wp-json\/wp\/v2\/posts\/235137\/revisions"}],"predecessor-version":[{"id":235150,"href":"https:\/\/franciscanos.org.br\/noticias\/wp-json\/wp\/v2\/posts\/235137\/revisions\/235150"}],"wp:featuredmedia":[{"embeddable":true,"href":"https:\/\/franciscanos.org.br\/noticias\/wp-json\/wp\/v2\/media\/235141"}],"wp:attachment":[{"href":"https:\/\/franciscanos.org.br\/noticias\/wp-json\/wp\/v2\/media?parent=235137"}],"wp:term":[{"taxonomy":"category","embeddable":true,"href":"https:\/\/franciscanos.org.br\/noticias\/wp-json\/wp\/v2\/categories?post=235137"},{"taxonomy":"post_tag","embeddable":true,"href":"https:\/\/franciscanos.org.br\/noticias\/wp-json\/wp\/v2\/tags?post=235137"}],"curies":[{"name":"wp","href":"https:\/\/api.w.org\/{rel}","templated":true}]}}