{"id":235110,"date":"2021-11-11T07:40:12","date_gmt":"2021-11-11T10:40:12","guid":{"rendered":"https:\/\/franciscanos.org.br\/noticias\/?p=235110"},"modified":"2021-11-11T07:40:12","modified_gmt":"2021-11-11T10:40:12","slug":"na-cantata-a-ultima-aula-de-frei-florival-na-usf","status":"publish","type":"post","link":"https:\/\/franciscanos.org.br\/noticias\/na-cantata-a-ultima-aula-de-frei-florival-na-usf.html","title":{"rendered":"Na Cantata, a \u00faltima aula de Frei Florival na USF"},"content":{"rendered":"<p><img loading=\"lazy\" class=\"alignnone size-full wp-image-235111\" src=\"https:\/\/franciscanos.org.br\/noticias\/wp-content\/uploads\/2021\/11\/usf_111121_3.jpg\" alt=\"\" width=\"1280\" height=\"853\" srcset=\"https:\/\/franciscanos.org.br\/noticias\/wp-content\/uploads\/2021\/11\/usf_111121_3.jpg 1280w, https:\/\/franciscanos.org.br\/noticias\/wp-content\/uploads\/2021\/11\/usf_111121_3-450x300.jpg 450w, https:\/\/franciscanos.org.br\/noticias\/wp-content\/uploads\/2021\/11\/usf_111121_3-1024x682.jpg 1024w, https:\/\/franciscanos.org.br\/noticias\/wp-content\/uploads\/2021\/11\/usf_111121_3-768x512.jpg 768w, https:\/\/franciscanos.org.br\/noticias\/wp-content\/uploads\/2021\/11\/usf_111121_3-150x100.jpg 150w\" sizes=\"(max-width: 1280px) 100vw, 1280px\" \/><\/p>\n<p>A Universidade S\u00e3o Francisco\u00a0realizou a\u00a0Live Musical chamada:<em>\u00a0\u201c<\/em>Cantata -Nos<em>\u00a0passos de S\u00e3o Francisco de Assis- uma melodia do cora\u00e7\u00e3o<\/em>&#8221; no \u00faltimo dia 8 de novembro. O evento foi transmitido pelo Youtube, no Canal da TV USF.<\/p>\n<p>Dois grandes motivos deram origem a esta Cantata: \u00a0O primeiro motivo foi o encerramento do Curso de Extens\u00e3o com o mesmo nome do evento acima citado, \u201cNos Passos de Francisco uma Melodia do Cora\u00e7\u00e3o\u201d. Este Curso foi organizado numa parceria entre a Prov\u00edncia Franciscana da Imaculada Concei\u00e7\u00e3o, a Universidade S\u00e3o Francisco e o Instituto Teol\u00f3gico Franciscano. O Curso teve a coordena\u00e7\u00e3o da Prof\u00aa Renata Bernardo, da USF, e foi ministrado por Frei Florival Mariano de Toledo, um professor que se esmerou em surpreender com sua criatividade e conte\u00fado. Foi a oitava aula do Curso de Extens\u00e3o e os participantes do Curso receberam ent\u00e3o, nesta aula, o seu Certificado de participa\u00e7\u00e3o no Curso. O segundo motivo foi a concretiza\u00e7\u00e3o de um sonho de Frei Florival Mariano e Frei Vitorio Mazzuco de realizarem juntos uma apresenta\u00e7\u00e3o Litero-Musical sobre M\u00fasica e Espiritualidade Franciscanas.<\/p>\n<p><img loading=\"lazy\" class=\"alignnone size-full wp-image-235112\" src=\"https:\/\/franciscanos.org.br\/noticias\/wp-content\/uploads\/2021\/11\/usf_111121.jpg\" alt=\"\" width=\"1280\" height=\"853\" srcset=\"https:\/\/franciscanos.org.br\/noticias\/wp-content\/uploads\/2021\/11\/usf_111121.jpg 1280w, https:\/\/franciscanos.org.br\/noticias\/wp-content\/uploads\/2021\/11\/usf_111121-450x300.jpg 450w, https:\/\/franciscanos.org.br\/noticias\/wp-content\/uploads\/2021\/11\/usf_111121-1024x682.jpg 1024w, https:\/\/franciscanos.org.br\/noticias\/wp-content\/uploads\/2021\/11\/usf_111121-768x512.jpg 768w, https:\/\/franciscanos.org.br\/noticias\/wp-content\/uploads\/2021\/11\/usf_111121-150x100.jpg 150w\" sizes=\"(max-width: 1280px) 100vw, 1280px\" \/><\/p>\n<p>Frei Vitorio motivou a apresenta\u00e7\u00e3o fazendo a introdu\u00e7\u00e3o e coment\u00e1rios entre as m\u00fasicas. Destacamos aqui algumas ideias que foram colocadas como inspira\u00e7\u00e3o: Cada palavra cantada renasce nela mesma, pois o canto, a dan\u00e7a, liturgia e m\u00fasica sempre ampliaram experi\u00eancias muito profundas nos caminhos da f\u00e9. A m\u00fasica religiosa nos coloca de rosto no ombro de Deus. A partir de Francisco de Assis o esp\u00edrito que fraterniza e confraterniza \u00e9 o esp\u00edrito que gosta de cantar. O gostoso da m\u00fasica que vem das Fontes Espirituais Franciscanas \u00e9 que ela n\u00e3o assusta, mas oferece intimidade. A Can\u00e7\u00e3o Franciscana sempre cantou e canta para Deus, ao mundo, \u00e0s pessoas, ao universo, a imensa aglomera\u00e7\u00e3o de criaturas e espalha em tudo uma for\u00e7a de amor em cada detalhe. As can\u00e7\u00f5es espirituais repetem versos e palavras para criar um ritmo interior e isto se faz medita\u00e7\u00e3o e ora\u00e7\u00e3o.\u00a0 Francisco \u00e9 um trovador de uma \u00e9poca de bardos e menestr\u00e9is, da cultura cort\u00eas-cavaleiresca, das cantigas de gesta, das cantigas d\u2019amigo, das cantigas de amor. Francisco nos ensina a exprimir e traduzir as aspira\u00e7\u00f5es mais profundas com uma linguagem humana e simples. Ele olha a vida como um poeta e cantor com olhos divinos.<\/p>\n<p><img loading=\"lazy\" class=\"alignnone size-full wp-image-235113\" src=\"https:\/\/franciscanos.org.br\/noticias\/wp-content\/uploads\/2021\/11\/usf_111121_2.jpg\" alt=\"\" width=\"1280\" height=\"720\" srcset=\"https:\/\/franciscanos.org.br\/noticias\/wp-content\/uploads\/2021\/11\/usf_111121_2.jpg 1280w, https:\/\/franciscanos.org.br\/noticias\/wp-content\/uploads\/2021\/11\/usf_111121_2-450x253.jpg 450w, https:\/\/franciscanos.org.br\/noticias\/wp-content\/uploads\/2021\/11\/usf_111121_2-1024x576.jpg 1024w, https:\/\/franciscanos.org.br\/noticias\/wp-content\/uploads\/2021\/11\/usf_111121_2-768x432.jpg 768w, https:\/\/franciscanos.org.br\/noticias\/wp-content\/uploads\/2021\/11\/usf_111121_2-150x84.jpg 150w\" sizes=\"(max-width: 1280px) 100vw, 1280px\" \/><\/p>\n<p>Frei Florival Mariano, com sua voz privilegiada, seu carisma pessoal, sua capacidade de interpreta\u00e7\u00e3o, com a sua arte original e sedutora, n\u00e3o apenas cantou, mas vivenciou com um modo de interpretar pleno de sentimento e emo\u00e7\u00e3o. Cantou sorrindo e iluminando. Com seguran\u00e7a, comunica\u00e7\u00e3o e compet\u00eancia, prendeu a aten\u00e7\u00e3o de todos por uma hora e meia. Nem vimos o tempo passar! Ele \u00e9 bastante experiente em shows, Live\u00b4s e cantatas; mas cada uma \u00e9 \u00fanica e fontal.\u00a0 Frei Florival faz da can\u00e7\u00e3o uma miss\u00e3o, de cada letra uma evangeliza\u00e7\u00e3o; faz de sua voz uma sintonia com o cora\u00e7\u00e3o dos ouvintes. A sua Banda, formada por talentosos jovens no teclado, bateria, viol\u00e3o, violinos e baixo, foi de uma leveza e harmonia, uma beleza de acompanhamento e arranjos numa total sincronia com Frei Florival. A Cantata teve tamb\u00e9m a participa\u00e7\u00e3o do cantor Vilmar Damasceno, da Pastoral Universit\u00e1ria da USF, em duas m\u00fasicas.<\/p>\n<p>O repert\u00f3rio constou de 13 can\u00e7\u00f5es: <em>L\u00e1 vai S\u00e3o Francisco; No percorrer de seus dias; N\u00e3o conhecera o cansa\u00e7o; Quando o fogo do amor ardeu no peito; Alt\u00edssimo, Glorioso Deus;\u00a0 Francisco e Clara, rosto de Deus; As pegadas do Crucificado; Quero honrar e venerar;\u00a0 N\u00f3s vos adoramos; B\u00ean\u00e7\u00e3o do Sant\u00edssimo(Nada de v\u00f3s retenhais); No raiar de mais um dia; C\u00e2ntico das Criaturas e Ora\u00e7\u00e3o de S\u00e3o Francisco<\/em>.<\/p>\n\n\t\t<style type=\"text\/css\">\n\t\t\t#gallery-1 {\n\t\t\t\tmargin: auto;\n\t\t\t}\n\t\t\t#gallery-1 .gallery-item {\n\t\t\t\tfloat: left;\n\t\t\t\tmargin-top: 10px;\n\t\t\t\ttext-align: center;\n\t\t\t\twidth: 25%;\n\t\t\t}\n\t\t\t#gallery-1 img {\n\t\t\t\tborder: 2px solid #cfcfcf;\n\t\t\t}\n\t\t\t#gallery-1 .gallery-caption {\n\t\t\t\tmargin-left: 0;\n\t\t\t}\n\t\t\t\/* see gallery_shortcode() in wp-includes\/media.php *\/\n\t\t<\/style>\n\t\t<div id='gallery-1' class='gallery galleryid-235110 gallery-columns-4 gallery-size-thumbnail'><dl class='gallery-item'>\n\t\t\t<dt class='gallery-icon landscape'>\n\t\t\t\t<a href='https:\/\/franciscanos.org.br\/noticias\/wp-content\/uploads\/2021\/11\/usf_01.jpg'><img width=\"300\" height=\"300\" src=\"https:\/\/franciscanos.org.br\/noticias\/wp-content\/uploads\/2021\/11\/usf_01-300x300.jpg\" class=\"attachment-thumbnail size-thumbnail\" alt=\"\" loading=\"lazy\" srcset=\"https:\/\/franciscanos.org.br\/noticias\/wp-content\/uploads\/2021\/11\/usf_01-300x300.jpg 300w, https:\/\/franciscanos.org.br\/noticias\/wp-content\/uploads\/2021\/11\/usf_01-100x100.jpg 100w\" sizes=\"(max-width: 300px) 100vw, 300px\" \/><\/a>\n\t\t\t<\/dt><\/dl><dl class='gallery-item'>\n\t\t\t<dt class='gallery-icon landscape'>\n\t\t\t\t<a href='https:\/\/franciscanos.org.br\/noticias\/wp-content\/uploads\/2021\/11\/usf_02.jpg'><img width=\"300\" height=\"300\" src=\"https:\/\/franciscanos.org.br\/noticias\/wp-content\/uploads\/2021\/11\/usf_02-300x300.jpg\" class=\"attachment-thumbnail size-thumbnail\" alt=\"\" loading=\"lazy\" srcset=\"https:\/\/franciscanos.org.br\/noticias\/wp-content\/uploads\/2021\/11\/usf_02-300x300.jpg 300w, https:\/\/franciscanos.org.br\/noticias\/wp-content\/uploads\/2021\/11\/usf_02-100x100.jpg 100w\" sizes=\"(max-width: 300px) 100vw, 300px\" \/><\/a>\n\t\t\t<\/dt><\/dl><dl class='gallery-item'>\n\t\t\t<dt class='gallery-icon landscape'>\n\t\t\t\t<a href='https:\/\/franciscanos.org.br\/noticias\/wp-content\/uploads\/2021\/11\/usf_03.jpg'><img width=\"300\" height=\"300\" src=\"https:\/\/franciscanos.org.br\/noticias\/wp-content\/uploads\/2021\/11\/usf_03-300x300.jpg\" class=\"attachment-thumbnail size-thumbnail\" alt=\"\" loading=\"lazy\" srcset=\"https:\/\/franciscanos.org.br\/noticias\/wp-content\/uploads\/2021\/11\/usf_03-300x300.jpg 300w, https:\/\/franciscanos.org.br\/noticias\/wp-content\/uploads\/2021\/11\/usf_03-100x100.jpg 100w\" sizes=\"(max-width: 300px) 100vw, 300px\" \/><\/a>\n\t\t\t<\/dt><\/dl><dl class='gallery-item'>\n\t\t\t<dt class='gallery-icon landscape'>\n\t\t\t\t<a href='https:\/\/franciscanos.org.br\/noticias\/wp-content\/uploads\/2021\/11\/usf_04.jpg'><img width=\"300\" height=\"300\" src=\"https:\/\/franciscanos.org.br\/noticias\/wp-content\/uploads\/2021\/11\/usf_04-300x300.jpg\" class=\"attachment-thumbnail size-thumbnail\" alt=\"\" loading=\"lazy\" srcset=\"https:\/\/franciscanos.org.br\/noticias\/wp-content\/uploads\/2021\/11\/usf_04-300x300.jpg 300w, https:\/\/franciscanos.org.br\/noticias\/wp-content\/uploads\/2021\/11\/usf_04-100x100.jpg 100w\" sizes=\"(max-width: 300px) 100vw, 300px\" \/><\/a>\n\t\t\t<\/dt><\/dl><br style=\"clear: both\" \/>\n\t\t<\/div>\n\n<p>A Tecnologia de Inform\u00e1tica da USF transmitiu com precis\u00e3o a Live Musical. Foi uma noite de belas can\u00e7\u00f5es, medita\u00e7\u00e3o e contempla\u00e7\u00e3o. A Can\u00e7\u00e3o Franciscana faz voc\u00ea se tornar um com o Todo, faz um encontro, uma fus\u00e3o de alma e mat\u00e9ria. Cantos espirituais s\u00e3o como o\u00e1sis no deserto; na imensid\u00e3o fazem encontrar min\u00fasculos detalhes com grandes energias de amor e f\u00e9, \u00a0para continuar o caminho com a sede saciada. Em louvor de Cristo, Am\u00e9m!<\/p>\n<p><img loading=\"lazy\" class=\"alignnone size-full wp-image-235118\" src=\"https:\/\/franciscanos.org.br\/noticias\/wp-content\/uploads\/2021\/11\/usf_111121_4.jpg\" alt=\"\" width=\"1280\" height=\"853\" srcset=\"https:\/\/franciscanos.org.br\/noticias\/wp-content\/uploads\/2021\/11\/usf_111121_4.jpg 1280w, https:\/\/franciscanos.org.br\/noticias\/wp-content\/uploads\/2021\/11\/usf_111121_4-450x300.jpg 450w, https:\/\/franciscanos.org.br\/noticias\/wp-content\/uploads\/2021\/11\/usf_111121_4-1024x682.jpg 1024w, https:\/\/franciscanos.org.br\/noticias\/wp-content\/uploads\/2021\/11\/usf_111121_4-768x512.jpg 768w, https:\/\/franciscanos.org.br\/noticias\/wp-content\/uploads\/2021\/11\/usf_111121_4-150x100.jpg 150w\" sizes=\"(max-width: 1280px) 100vw, 1280px\" \/><\/p>\n<hr \/>\n<p><em>Pastoral Universit\u00e1ria da USF<\/em><\/p>\n","protected":false},"excerpt":{"rendered":"<p>Universidade S\u00e3o Francisco<\/p>\n","protected":false},"author":3,"featured_media":235119,"comment_status":"open","ping_status":"open","sticky":false,"template":"","format":"standard","meta":[],"categories":[1],"tags":[354],"acf":[],"yoast_head":"<!-- This site is optimized with the Yoast SEO plugin v19.2 - https:\/\/yoast.com\/wordpress\/plugins\/seo\/ -->\n<title>Na Cantata, a \u00faltima aula de Frei Florival na USF - Not\u00edcias - Franciscanos<\/title>\n<meta name=\"robots\" content=\"index, follow, max-snippet:-1, max-image-preview:large, max-video-preview:-1\" \/>\n<link rel=\"canonical\" href=\"https:\/\/franciscanos.org.br\/noticias\/na-cantata-a-ultima-aula-de-frei-florival-na-usf.html\" \/>\n<meta property=\"og:locale\" content=\"pt_BR\" \/>\n<meta property=\"og:type\" content=\"article\" \/>\n<meta property=\"og:title\" content=\"Na Cantata, a \u00faltima aula de Frei Florival na USF - Not\u00edcias - Franciscanos\" \/>\n<meta property=\"og:description\" content=\"Universidade S\u00e3o Francisco\" \/>\n<meta property=\"og:url\" content=\"https:\/\/franciscanos.org.br\/noticias\/na-cantata-a-ultima-aula-de-frei-florival-na-usf.html\" \/>\n<meta property=\"og:site_name\" content=\"Not\u00edcias - Franciscanos\" \/>\n<meta property=\"article:published_time\" content=\"2021-11-11T10:40:12+00:00\" \/>\n<meta property=\"og:image\" content=\"https:\/\/franciscanos.org.br\/noticias\/wp-content\/uploads\/2021\/11\/usf_d1111.jpg\" \/>\n\t<meta property=\"og:image:width\" content=\"800\" \/>\n\t<meta property=\"og:image:height\" content=\"550\" \/>\n\t<meta property=\"og:image:type\" content=\"image\/jpeg\" \/>\n<meta name=\"author\" content=\"moacir\" \/>\n<meta name=\"twitter:card\" content=\"summary_large_image\" \/>\n<meta name=\"twitter:label1\" content=\"Escrito por\" \/>\n\t<meta name=\"twitter:data1\" content=\"moacir\" \/>\n\t<meta name=\"twitter:label2\" content=\"Est. tempo de leitura\" \/>\n\t<meta name=\"twitter:data2\" content=\"4 minutos\" \/>\n<script type=\"application\/ld+json\" class=\"yoast-schema-graph\">{\"@context\":\"https:\/\/schema.org\",\"@graph\":[{\"@type\":\"WebSite\",\"@id\":\"https:\/\/franciscanos.org.br\/noticias\/#website\",\"url\":\"https:\/\/franciscanos.org.br\/noticias\/\",\"name\":\"Not\u00edcias - Franciscanos\",\"description\":\"Prov\u00edncia Franciscana da Imaculada Concei\u00e7\u00e3o do Brasil - Ordem dos Frades Menores - OFM\",\"potentialAction\":[{\"@type\":\"SearchAction\",\"target\":{\"@type\":\"EntryPoint\",\"urlTemplate\":\"https:\/\/franciscanos.org.br\/noticias\/?s={search_term_string}\"},\"query-input\":\"required name=search_term_string\"}],\"inLanguage\":\"pt-BR\"},{\"@type\":\"ImageObject\",\"inLanguage\":\"pt-BR\",\"@id\":\"https:\/\/franciscanos.org.br\/noticias\/na-cantata-a-ultima-aula-de-frei-florival-na-usf.html#primaryimage\",\"url\":\"https:\/\/franciscanos.org.br\/noticias\/wp-content\/uploads\/2021\/11\/usf_d1111.jpg\",\"contentUrl\":\"https:\/\/franciscanos.org.br\/noticias\/wp-content\/uploads\/2021\/11\/usf_d1111.jpg\",\"width\":800,\"height\":550},{\"@type\":\"WebPage\",\"@id\":\"https:\/\/franciscanos.org.br\/noticias\/na-cantata-a-ultima-aula-de-frei-florival-na-usf.html#webpage\",\"url\":\"https:\/\/franciscanos.org.br\/noticias\/na-cantata-a-ultima-aula-de-frei-florival-na-usf.html\",\"name\":\"Na Cantata, a \u00faltima aula de Frei Florival na USF - Not\u00edcias - Franciscanos\",\"isPartOf\":{\"@id\":\"https:\/\/franciscanos.org.br\/noticias\/#website\"},\"primaryImageOfPage\":{\"@id\":\"https:\/\/franciscanos.org.br\/noticias\/na-cantata-a-ultima-aula-de-frei-florival-na-usf.html#primaryimage\"},\"datePublished\":\"2021-11-11T10:40:12+00:00\",\"dateModified\":\"2021-11-11T10:40:12+00:00\",\"author\":{\"@id\":\"https:\/\/franciscanos.org.br\/noticias\/#\/schema\/person\/b5c8cba458c330ccff548b056e95a5d4\"},\"breadcrumb\":{\"@id\":\"https:\/\/franciscanos.org.br\/noticias\/na-cantata-a-ultima-aula-de-frei-florival-na-usf.html#breadcrumb\"},\"inLanguage\":\"pt-BR\",\"potentialAction\":[{\"@type\":\"ReadAction\",\"target\":[\"https:\/\/franciscanos.org.br\/noticias\/na-cantata-a-ultima-aula-de-frei-florival-na-usf.html\"]}]},{\"@type\":\"BreadcrumbList\",\"@id\":\"https:\/\/franciscanos.org.br\/noticias\/na-cantata-a-ultima-aula-de-frei-florival-na-usf.html#breadcrumb\",\"itemListElement\":[{\"@type\":\"ListItem\",\"position\":1,\"name\":\"Home\",\"item\":\"https:\/\/franciscanos.org.br\/noticias\"},{\"@type\":\"ListItem\",\"position\":2,\"name\":\"Na Cantata, a \u00faltima aula de Frei Florival na USF\"}]},{\"@type\":\"Person\",\"@id\":\"https:\/\/franciscanos.org.br\/noticias\/#\/schema\/person\/b5c8cba458c330ccff548b056e95a5d4\",\"name\":\"moacir\",\"image\":{\"@type\":\"ImageObject\",\"inLanguage\":\"pt-BR\",\"@id\":\"https:\/\/franciscanos.org.br\/noticias\/#\/schema\/person\/image\/\",\"url\":\"https:\/\/secure.gravatar.com\/avatar\/d08aa2ce4c8dd416d4479aa8536fcf64?s=96&d=mm&r=g\",\"contentUrl\":\"https:\/\/secure.gravatar.com\/avatar\/d08aa2ce4c8dd416d4479aa8536fcf64?s=96&d=mm&r=g\",\"caption\":\"moacir\"},\"url\":\"https:\/\/franciscanos.org.br\/noticias\/author\/moacir\"}]}<\/script>\n<!-- \/ Yoast SEO plugin. -->","yoast_head_json":{"title":"Na Cantata, a \u00faltima aula de Frei Florival na USF - Not\u00edcias - Franciscanos","robots":{"index":"index","follow":"follow","max-snippet":"max-snippet:-1","max-image-preview":"max-image-preview:large","max-video-preview":"max-video-preview:-1"},"canonical":"https:\/\/franciscanos.org.br\/noticias\/na-cantata-a-ultima-aula-de-frei-florival-na-usf.html","og_locale":"pt_BR","og_type":"article","og_title":"Na Cantata, a \u00faltima aula de Frei Florival na USF - Not\u00edcias - Franciscanos","og_description":"Universidade S\u00e3o Francisco","og_url":"https:\/\/franciscanos.org.br\/noticias\/na-cantata-a-ultima-aula-de-frei-florival-na-usf.html","og_site_name":"Not\u00edcias - Franciscanos","article_published_time":"2021-11-11T10:40:12+00:00","og_image":[{"width":800,"height":550,"url":"https:\/\/franciscanos.org.br\/noticias\/wp-content\/uploads\/2021\/11\/usf_d1111.jpg","type":"image\/jpeg"}],"author":"moacir","twitter_card":"summary_large_image","twitter_misc":{"Escrito por":"moacir","Est. tempo de leitura":"4 minutos"},"schema":{"@context":"https:\/\/schema.org","@graph":[{"@type":"WebSite","@id":"https:\/\/franciscanos.org.br\/noticias\/#website","url":"https:\/\/franciscanos.org.br\/noticias\/","name":"Not\u00edcias - Franciscanos","description":"Prov\u00edncia Franciscana da Imaculada Concei\u00e7\u00e3o do Brasil - Ordem dos Frades Menores - OFM","potentialAction":[{"@type":"SearchAction","target":{"@type":"EntryPoint","urlTemplate":"https:\/\/franciscanos.org.br\/noticias\/?s={search_term_string}"},"query-input":"required name=search_term_string"}],"inLanguage":"pt-BR"},{"@type":"ImageObject","inLanguage":"pt-BR","@id":"https:\/\/franciscanos.org.br\/noticias\/na-cantata-a-ultima-aula-de-frei-florival-na-usf.html#primaryimage","url":"https:\/\/franciscanos.org.br\/noticias\/wp-content\/uploads\/2021\/11\/usf_d1111.jpg","contentUrl":"https:\/\/franciscanos.org.br\/noticias\/wp-content\/uploads\/2021\/11\/usf_d1111.jpg","width":800,"height":550},{"@type":"WebPage","@id":"https:\/\/franciscanos.org.br\/noticias\/na-cantata-a-ultima-aula-de-frei-florival-na-usf.html#webpage","url":"https:\/\/franciscanos.org.br\/noticias\/na-cantata-a-ultima-aula-de-frei-florival-na-usf.html","name":"Na Cantata, a \u00faltima aula de Frei Florival na USF - Not\u00edcias - Franciscanos","isPartOf":{"@id":"https:\/\/franciscanos.org.br\/noticias\/#website"},"primaryImageOfPage":{"@id":"https:\/\/franciscanos.org.br\/noticias\/na-cantata-a-ultima-aula-de-frei-florival-na-usf.html#primaryimage"},"datePublished":"2021-11-11T10:40:12+00:00","dateModified":"2021-11-11T10:40:12+00:00","author":{"@id":"https:\/\/franciscanos.org.br\/noticias\/#\/schema\/person\/b5c8cba458c330ccff548b056e95a5d4"},"breadcrumb":{"@id":"https:\/\/franciscanos.org.br\/noticias\/na-cantata-a-ultima-aula-de-frei-florival-na-usf.html#breadcrumb"},"inLanguage":"pt-BR","potentialAction":[{"@type":"ReadAction","target":["https:\/\/franciscanos.org.br\/noticias\/na-cantata-a-ultima-aula-de-frei-florival-na-usf.html"]}]},{"@type":"BreadcrumbList","@id":"https:\/\/franciscanos.org.br\/noticias\/na-cantata-a-ultima-aula-de-frei-florival-na-usf.html#breadcrumb","itemListElement":[{"@type":"ListItem","position":1,"name":"Home","item":"https:\/\/franciscanos.org.br\/noticias"},{"@type":"ListItem","position":2,"name":"Na Cantata, a \u00faltima aula de Frei Florival na USF"}]},{"@type":"Person","@id":"https:\/\/franciscanos.org.br\/noticias\/#\/schema\/person\/b5c8cba458c330ccff548b056e95a5d4","name":"moacir","image":{"@type":"ImageObject","inLanguage":"pt-BR","@id":"https:\/\/franciscanos.org.br\/noticias\/#\/schema\/person\/image\/","url":"https:\/\/secure.gravatar.com\/avatar\/d08aa2ce4c8dd416d4479aa8536fcf64?s=96&d=mm&r=g","contentUrl":"https:\/\/secure.gravatar.com\/avatar\/d08aa2ce4c8dd416d4479aa8536fcf64?s=96&d=mm&r=g","caption":"moacir"},"url":"https:\/\/franciscanos.org.br\/noticias\/author\/moacir"}]}},"_links":{"self":[{"href":"https:\/\/franciscanos.org.br\/noticias\/wp-json\/wp\/v2\/posts\/235110"}],"collection":[{"href":"https:\/\/franciscanos.org.br\/noticias\/wp-json\/wp\/v2\/posts"}],"about":[{"href":"https:\/\/franciscanos.org.br\/noticias\/wp-json\/wp\/v2\/types\/post"}],"author":[{"embeddable":true,"href":"https:\/\/franciscanos.org.br\/noticias\/wp-json\/wp\/v2\/users\/3"}],"replies":[{"embeddable":true,"href":"https:\/\/franciscanos.org.br\/noticias\/wp-json\/wp\/v2\/comments?post=235110"}],"version-history":[{"count":1,"href":"https:\/\/franciscanos.org.br\/noticias\/wp-json\/wp\/v2\/posts\/235110\/revisions"}],"predecessor-version":[{"id":235120,"href":"https:\/\/franciscanos.org.br\/noticias\/wp-json\/wp\/v2\/posts\/235110\/revisions\/235120"}],"wp:featuredmedia":[{"embeddable":true,"href":"https:\/\/franciscanos.org.br\/noticias\/wp-json\/wp\/v2\/media\/235119"}],"wp:attachment":[{"href":"https:\/\/franciscanos.org.br\/noticias\/wp-json\/wp\/v2\/media?parent=235110"}],"wp:term":[{"taxonomy":"category","embeddable":true,"href":"https:\/\/franciscanos.org.br\/noticias\/wp-json\/wp\/v2\/categories?post=235110"},{"taxonomy":"post_tag","embeddable":true,"href":"https:\/\/franciscanos.org.br\/noticias\/wp-json\/wp\/v2\/tags?post=235110"}],"curies":[{"name":"wp","href":"https:\/\/api.w.org\/{rel}","templated":true}]}}